{"id":3989,"date":"2024-06-03T14:42:34","date_gmt":"2024-06-03T11:42:34","guid":{"rendered":"https:\/\/kuzeyinsesi.com\/index.php\/2024\/06\/03\/ucan-semsiye-dunya-cocuk-gununde-sahnelendi\/"},"modified":"2024-06-03T14:42:34","modified_gmt":"2024-06-03T11:42:34","slug":"ucan-semsiye-dunya-cocuk-gununde-sahnelendi","status":"publish","type":"post","link":"https:\/\/kuzeyinsesi.org\/index.php\/2024\/06\/03\/ucan-semsiye-dunya-cocuk-gununde-sahnelendi\/","title":{"rendered":"\u201cU\u00e7an \u015eemsiye\u201d D\u00fcnya \u00c7ocuk G\u00fcn\u00fc\u2019nde sahnelendi"},"content":{"rendered":"<div>\n<div class=\"mariselle-image-container center\">\n                                            <\/div>\n<p>\u201cU\u00e7an \u015eemsiye\u201d adl\u0131 oyun Girne Belediyesi \u00c7ocuk Tiyatro ekibi taraf\u0131ndan 1 Haziran D\u00fcnya \u00c7ocuk G\u00fcn\u00fc\u2019nde sahnelendi.<\/p>\n<p>Girne Belediyesi K\u00fclt\u00fcr \u0130\u015fleri Birimi taraf\u0131ndan yap\u0131lan a\u00e7\u0131klamaya g\u00f6re, \u00dcmit Denizer\u2019in yazd\u0131\u011f\u0131, \u0130smihan Yorganc\u0131\u2019n\u0131n sahneye koydu\u011fu oyunda, \u00e7evreyi ve do\u011fay\u0131 temiz tutman\u0131n \u00f6nemi vurguland\u0131.<\/p>\n<p>\u00d6te yandan Girne Belediyesi Oda Tiyatrosu \u00e7ocuk ekibi kadrosunun geni\u015fletilece\u011fi a\u00e7\u0131kland\u0131. Yaz d\u00f6neminde tiyatro \u00e7al\u0131\u015fmalar\u0131n\u0131 s\u00fcrd\u00fcrecek olan ekibe 9-11 ya\u015f grubundaki \u00e7ocuklar kay\u0131t yapt\u0131rabilecek. Aileler, 0533 863 09 58 numaral\u0131 telefondan konu hakk\u0131nda ayr\u0131nt\u0131l\u0131 bilgi alabilecek.<\/p>\n<\/p><\/div>\n<p><script async\n                    defer\n                    crossorigin=\"anonymous\"\n                    src=\"https:\/\/connect.facebook.net\/tr_TR\/sdk.js#xfbml=1&#038;version=v3.3\"\n            ><\/script><\/p>\n","protected":false},"excerpt":{"rendered":"<p>\u201cU\u00e7an \u015eemsiye\u201d adl\u0131 oyun Girne Belediyesi \u00c7ocuk Tiyatro ekibi taraf\u0131ndan 1 Haziran D\u00fcnya \u00c7ocuk G\u00fcn\u00fc\u2019nde sahnelendi. Girne Belediyesi K\u00fclt\u00fcr \u0130\u015fleri Birimi taraf\u0131ndan yap\u0131lan a\u00e7\u0131klamaya g\u00f6re, \u00dcmit Denizer\u2019in yazd\u0131\u011f\u0131, \u0130smihan Yorganc\u0131\u2019n\u0131n sahneye koydu\u011fu oyunda, \u00e7evreyi ve do\u011fay\u0131 temiz tutman\u0131n \u00f6nemi vurguland\u0131. \u00d6te yandan Girne Belediyesi Oda Tiyatrosu \u00e7ocuk ekibi kadrosunun geni\u015fletilece\u011fi a\u00e7\u0131kland\u0131. Yaz d\u00f6neminde tiyatro \u00e7al\u0131\u015fmalar\u0131n\u0131 [&hellip;]<\/p>\n","protected":false},"author":1,"featured_media":3990,"comment_status":"open","ping_status":"open","sticky":false,"template":"","format":"standard","meta":{"jnews-multi-image_gallery":[],"jnews_single_post":[],"jnews_primary_category":[],"jnews_social_meta":[],"jnews_override_counter":[],"footnotes":""},"categories":[6],"tags":[],"class_list":["post-3989","post","type-post","status-publish","format-standard","has-post-thumbnail","hentry","category-yasam"],"yoast_head":"<!-- This site is optimized with the Yoast SEO plugin v27.5 - https:\/\/yoast.com\/product\/yoast-seo-wordpress\/ -->\n<title>\u201cU\u00e7an \u015eemsiye\u201d D\u00fcnya \u00c7ocuk G\u00fcn\u00fc\u2019nde sahnelendi - Kuzeyin Sesi<\/title>\n<meta name=\"robots\" content=\"index, follow, max-snippet:-1, max-image-preview:large, max-video-preview:-1\" \/>\n<link rel=\"canonical\" href=\"https:\/\/kuzeyinsesi.org\/index.php\/2024\/06\/03\/ucan-semsiye-dunya-cocuk-gununde-sahnelendi\/\" \/>\n<meta property=\"og:locale\" content=\"tr_TR\" \/>\n<meta property=\"og:type\" content=\"article\" \/>\n<meta property=\"og:title\" content=\"\u201cU\u00e7an \u015eemsiye\u201d D\u00fcnya \u00c7ocuk G\u00fcn\u00fc\u2019nde sahnelendi - Kuzeyin Sesi\" \/>\n<meta property=\"og:description\" content=\"\u201cU\u00e7an \u015eemsiye\u201d adl\u0131 oyun Girne Belediyesi \u00c7ocuk Tiyatro ekibi taraf\u0131ndan 1 Haziran D\u00fcnya \u00c7ocuk G\u00fcn\u00fc\u2019nde sahnelendi. Girne Belediyesi K\u00fclt\u00fcr \u0130\u015fleri Birimi taraf\u0131ndan yap\u0131lan a\u00e7\u0131klamaya g\u00f6re, \u00dcmit Denizer\u2019in yazd\u0131\u011f\u0131, \u0130smihan Yorganc\u0131\u2019n\u0131n sahneye koydu\u011fu oyunda, \u00e7evreyi ve do\u011fay\u0131 temiz tutman\u0131n \u00f6nemi vurguland\u0131. \u00d6te yandan Girne Belediyesi Oda Tiyatrosu \u00e7ocuk ekibi kadrosunun geni\u015fletilece\u011fi a\u00e7\u0131kland\u0131. Yaz d\u00f6neminde tiyatro \u00e7al\u0131\u015fmalar\u0131n\u0131 [&hellip;]\" \/>\n<meta property=\"og:url\" content=\"https:\/\/kuzeyinsesi.org\/index.php\/2024\/06\/03\/ucan-semsiye-dunya-cocuk-gununde-sahnelendi\/\" \/>\n<meta property=\"og:site_name\" content=\"Kuzeyin Sesi\" \/>\n<meta property=\"article:publisher\" content=\"https:\/\/www.facebook.com\/kuzeyinsesii\" \/>\n<meta property=\"article:published_time\" content=\"2024-06-03T11:42:34+00:00\" \/>\n<meta property=\"og:image\" content=\"https:\/\/kuzeyinsesi.org\/wp-content\/uploads\/2024\/06\/1asasa.jpg\" \/>\n\t<meta property=\"og:image:width\" content=\"1512\" \/>\n\t<meta property=\"og:image:height\" content=\"1050\" \/>\n\t<meta property=\"og:image:type\" content=\"image\/jpeg\" \/>\n<meta name=\"author\" content=\"Kuzeyin Sesi\" \/>\n<meta name=\"twitter:card\" content=\"summary_large_image\" \/>\n<meta name=\"twitter:creator\" content=\"@kuzeyinsesii\" \/>\n<meta name=\"twitter:site\" content=\"@kuzeyinsesii\" \/>\n<meta name=\"twitter:label1\" content=\"Yazan:\" \/>\n\t<meta name=\"twitter:data1\" content=\"Kuzeyin Sesi\" \/>\n\t<meta name=\"twitter:label2\" content=\"Tahmini okuma s\u00fcresi\" \/>\n\t<meta name=\"twitter:data2\" content=\"1 dakika\" \/>\n<script type=\"application\/ld+json\" class=\"yoast-schema-graph\">{\"@context\":\"https:\\\/\\\/schema.org\",\"@graph\":[{\"@type\":\"Article\",\"@id\":\"https:\\\/\\\/kuzeyinsesi.org\\\/index.php\\\/2024\\\/06\\\/03\\\/ucan-semsiye-dunya-cocuk-gununde-sahnelendi\\\/#article\",\"isPartOf\":{\"@id\":\"https:\\\/\\\/kuzeyinsesi.org\\\/index.php\\\/2024\\\/06\\\/03\\\/ucan-semsiye-dunya-cocuk-gununde-sahnelendi\\\/\"},\"author\":{\"name\":\"Kuzeyin Sesi\",\"@id\":\"https:\\\/\\\/kuzeyinsesi.org\\\/#\\\/schema\\\/person\\\/9f859689cdf01485597712386e37f5aa\"},\"headline\":\"\u201cU\u00e7an \u015eemsiye\u201d D\u00fcnya \u00c7ocuk G\u00fcn\u00fc\u2019nde sahnelendi\",\"datePublished\":\"2024-06-03T11:42:34+00:00\",\"mainEntityOfPage\":{\"@id\":\"https:\\\/\\\/kuzeyinsesi.org\\\/index.php\\\/2024\\\/06\\\/03\\\/ucan-semsiye-dunya-cocuk-gununde-sahnelendi\\\/\"},\"wordCount\":111,\"commentCount\":0,\"image\":{\"@id\":\"https:\\\/\\\/kuzeyinsesi.org\\\/index.php\\\/2024\\\/06\\\/03\\\/ucan-semsiye-dunya-cocuk-gununde-sahnelendi\\\/#primaryimage\"},\"thumbnailUrl\":\"https:\\\/\\\/kuzeyinsesi.org\\\/wp-content\\\/uploads\\\/2024\\\/06\\\/1asasa.jpg\",\"articleSection\":[\"Ya\u015fam\"],\"inLanguage\":\"tr\",\"potentialAction\":[{\"@type\":\"CommentAction\",\"name\":\"Comment\",\"target\":[\"https:\\\/\\\/kuzeyinsesi.org\\\/index.php\\\/2024\\\/06\\\/03\\\/ucan-semsiye-dunya-cocuk-gununde-sahnelendi\\\/#respond\"]}]},{\"@type\":\"WebPage\",\"@id\":\"https:\\\/\\\/kuzeyinsesi.org\\\/index.php\\\/2024\\\/06\\\/03\\\/ucan-semsiye-dunya-cocuk-gununde-sahnelendi\\\/\",\"url\":\"https:\\\/\\\/kuzeyinsesi.org\\\/index.php\\\/2024\\\/06\\\/03\\\/ucan-semsiye-dunya-cocuk-gununde-sahnelendi\\\/\",\"name\":\"\u201cU\u00e7an \u015eemsiye\u201d D\u00fcnya \u00c7ocuk G\u00fcn\u00fc\u2019nde sahnelendi - Kuzeyin Sesi\",\"isPartOf\":{\"@id\":\"https:\\\/\\\/kuzeyinsesi.org\\\/#website\"},\"primaryImageOfPage\":{\"@id\":\"https:\\\/\\\/kuzeyinsesi.org\\\/index.php\\\/2024\\\/06\\\/03\\\/ucan-semsiye-dunya-cocuk-gununde-sahnelendi\\\/#primaryimage\"},\"image\":{\"@id\":\"https:\\\/\\\/kuzeyinsesi.org\\\/index.php\\\/2024\\\/06\\\/03\\\/ucan-semsiye-dunya-cocuk-gununde-sahnelendi\\\/#primaryimage\"},\"thumbnailUrl\":\"https:\\\/\\\/kuzeyinsesi.org\\\/wp-content\\\/uploads\\\/2024\\\/06\\\/1asasa.jpg\",\"datePublished\":\"2024-06-03T11:42:34+00:00\",\"author\":{\"@id\":\"https:\\\/\\\/kuzeyinsesi.org\\\/#\\\/schema\\\/person\\\/9f859689cdf01485597712386e37f5aa\"},\"breadcrumb\":{\"@id\":\"https:\\\/\\\/kuzeyinsesi.org\\\/index.php\\\/2024\\\/06\\\/03\\\/ucan-semsiye-dunya-cocuk-gununde-sahnelendi\\\/#breadcrumb\"},\"inLanguage\":\"tr\",\"potentialAction\":[{\"@type\":\"ReadAction\",\"target\":[\"https:\\\/\\\/kuzeyinsesi.org\\\/index.php\\\/2024\\\/06\\\/03\\\/ucan-semsiye-dunya-cocuk-gununde-sahnelendi\\\/\"]}]},{\"@type\":\"ImageObject\",\"inLanguage\":\"tr\",\"@id\":\"https:\\\/\\\/kuzeyinsesi.org\\\/index.php\\\/2024\\\/06\\\/03\\\/ucan-semsiye-dunya-cocuk-gununde-sahnelendi\\\/#primaryimage\",\"url\":\"https:\\\/\\\/kuzeyinsesi.org\\\/wp-content\\\/uploads\\\/2024\\\/06\\\/1asasa.jpg\",\"contentUrl\":\"https:\\\/\\\/kuzeyinsesi.org\\\/wp-content\\\/uploads\\\/2024\\\/06\\\/1asasa.jpg\",\"width\":1512,\"height\":1050},{\"@type\":\"BreadcrumbList\",\"@id\":\"https:\\\/\\\/kuzeyinsesi.org\\\/index.php\\\/2024\\\/06\\\/03\\\/ucan-semsiye-dunya-cocuk-gununde-sahnelendi\\\/#breadcrumb\",\"itemListElement\":[{\"@type\":\"ListItem\",\"position\":1,\"name\":\"Anasayfa\",\"item\":\"https:\\\/\\\/kuzeyinsesi.org\\\/\"},{\"@type\":\"ListItem\",\"position\":2,\"name\":\"\u201cU\u00e7an \u015eemsiye\u201d D\u00fcnya \u00c7ocuk G\u00fcn\u00fc\u2019nde sahnelendi\"}]},{\"@type\":\"WebSite\",\"@id\":\"https:\\\/\\\/kuzeyinsesi.org\\\/#website\",\"url\":\"https:\\\/\\\/kuzeyinsesi.org\\\/\",\"name\":\"Kuzeyin Sesi\",\"description\":\"Do\u011fru Haberin Adresi\",\"potentialAction\":[{\"@type\":\"SearchAction\",\"target\":{\"@type\":\"EntryPoint\",\"urlTemplate\":\"https:\\\/\\\/kuzeyinsesi.org\\\/?s={search_term_string}\"},\"query-input\":{\"@type\":\"PropertyValueSpecification\",\"valueRequired\":true,\"valueName\":\"search_term_string\"}}],\"inLanguage\":\"tr\"},{\"@type\":\"Person\",\"@id\":\"https:\\\/\\\/kuzeyinsesi.org\\\/#\\\/schema\\\/person\\\/9f859689cdf01485597712386e37f5aa\",\"name\":\"Kuzeyin Sesi\",\"image\":{\"@type\":\"ImageObject\",\"inLanguage\":\"tr\",\"@id\":\"https:\\\/\\\/secure.gravatar.com\\\/avatar\\\/bab33852abfd8b282518d6ed81826833d77c3c882d9ab608add591ccace47a44?s=96&d=mm&r=g\",\"url\":\"https:\\\/\\\/secure.gravatar.com\\\/avatar\\\/bab33852abfd8b282518d6ed81826833d77c3c882d9ab608add591ccace47a44?s=96&d=mm&r=g\",\"contentUrl\":\"https:\\\/\\\/secure.gravatar.com\\\/avatar\\\/bab33852abfd8b282518d6ed81826833d77c3c882d9ab608add591ccace47a44?s=96&d=mm&r=g\",\"caption\":\"Kuzeyin Sesi\"},\"sameAs\":[\"https:\\\/\\\/kuzeyinsesi.org\"],\"url\":\"https:\\\/\\\/kuzeyinsesi.org\\\/index.php\\\/author\\\/guven\\\/\"}]}<\/script>\n<!-- \/ Yoast SEO plugin. -->","yoast_head_json":{"title":"\u201cU\u00e7an \u015eemsiye\u201d D\u00fcnya \u00c7ocuk G\u00fcn\u00fc\u2019nde sahnelendi - Kuzeyin Sesi","robots":{"index":"index","follow":"follow","max-snippet":"max-snippet:-1","max-image-preview":"max-image-preview:large","max-video-preview":"max-video-preview:-1"},"canonical":"https:\/\/kuzeyinsesi.org\/index.php\/2024\/06\/03\/ucan-semsiye-dunya-cocuk-gununde-sahnelendi\/","og_locale":"tr_TR","og_type":"article","og_title":"\u201cU\u00e7an \u015eemsiye\u201d D\u00fcnya \u00c7ocuk G\u00fcn\u00fc\u2019nde sahnelendi - Kuzeyin Sesi","og_description":"\u201cU\u00e7an \u015eemsiye\u201d adl\u0131 oyun Girne Belediyesi \u00c7ocuk Tiyatro ekibi taraf\u0131ndan 1 Haziran D\u00fcnya \u00c7ocuk G\u00fcn\u00fc\u2019nde sahnelendi. Girne Belediyesi K\u00fclt\u00fcr \u0130\u015fleri Birimi taraf\u0131ndan yap\u0131lan a\u00e7\u0131klamaya g\u00f6re, \u00dcmit Denizer\u2019in yazd\u0131\u011f\u0131, \u0130smihan Yorganc\u0131\u2019n\u0131n sahneye koydu\u011fu oyunda, \u00e7evreyi ve do\u011fay\u0131 temiz tutman\u0131n \u00f6nemi vurguland\u0131. \u00d6te yandan Girne Belediyesi Oda Tiyatrosu \u00e7ocuk ekibi kadrosunun geni\u015fletilece\u011fi a\u00e7\u0131kland\u0131. Yaz d\u00f6neminde tiyatro \u00e7al\u0131\u015fmalar\u0131n\u0131 [&hellip;]","og_url":"https:\/\/kuzeyinsesi.org\/index.php\/2024\/06\/03\/ucan-semsiye-dunya-cocuk-gununde-sahnelendi\/","og_site_name":"Kuzeyin Sesi","article_publisher":"https:\/\/www.facebook.com\/kuzeyinsesii","article_published_time":"2024-06-03T11:42:34+00:00","og_image":[{"width":1512,"height":1050,"url":"https:\/\/kuzeyinsesi.org\/wp-content\/uploads\/2024\/06\/1asasa.jpg","type":"image\/jpeg"}],"author":"Kuzeyin Sesi","twitter_card":"summary_large_image","twitter_creator":"@kuzeyinsesii","twitter_site":"@kuzeyinsesii","twitter_misc":{"Yazan:":"Kuzeyin Sesi","Tahmini okuma s\u00fcresi":"1 dakika"},"schema":{"@context":"https:\/\/schema.org","@graph":[{"@type":"Article","@id":"https:\/\/kuzeyinsesi.org\/index.php\/2024\/06\/03\/ucan-semsiye-dunya-cocuk-gununde-sahnelendi\/#article","isPartOf":{"@id":"https:\/\/kuzeyinsesi.org\/index.php\/2024\/06\/03\/ucan-semsiye-dunya-cocuk-gununde-sahnelendi\/"},"author":{"name":"Kuzeyin Sesi","@id":"https:\/\/kuzeyinsesi.org\/#\/schema\/person\/9f859689cdf01485597712386e37f5aa"},"headline":"\u201cU\u00e7an \u015eemsiye\u201d D\u00fcnya \u00c7ocuk G\u00fcn\u00fc\u2019nde sahnelendi","datePublished":"2024-06-03T11:42:34+00:00","mainEntityOfPage":{"@id":"https:\/\/kuzeyinsesi.org\/index.php\/2024\/06\/03\/ucan-semsiye-dunya-cocuk-gununde-sahnelendi\/"},"wordCount":111,"commentCount":0,"image":{"@id":"https:\/\/kuzeyinsesi.org\/index.php\/2024\/06\/03\/ucan-semsiye-dunya-cocuk-gununde-sahnelendi\/#primaryimage"},"thumbnailUrl":"https:\/\/kuzeyinsesi.org\/wp-content\/uploads\/2024\/06\/1asasa.jpg","articleSection":["Ya\u015fam"],"inLanguage":"tr","potentialAction":[{"@type":"CommentAction","name":"Comment","target":["https:\/\/kuzeyinsesi.org\/index.php\/2024\/06\/03\/ucan-semsiye-dunya-cocuk-gununde-sahnelendi\/#respond"]}]},{"@type":"WebPage","@id":"https:\/\/kuzeyinsesi.org\/index.php\/2024\/06\/03\/ucan-semsiye-dunya-cocuk-gununde-sahnelendi\/","url":"https:\/\/kuzeyinsesi.org\/index.php\/2024\/06\/03\/ucan-semsiye-dunya-cocuk-gununde-sahnelendi\/","name":"\u201cU\u00e7an \u015eemsiye\u201d D\u00fcnya \u00c7ocuk G\u00fcn\u00fc\u2019nde sahnelendi - Kuzeyin Sesi","isPartOf":{"@id":"https:\/\/kuzeyinsesi.org\/#website"},"primaryImageOfPage":{"@id":"https:\/\/kuzeyinsesi.org\/index.php\/2024\/06\/03\/ucan-semsiye-dunya-cocuk-gununde-sahnelendi\/#primaryimage"},"image":{"@id":"https:\/\/kuzeyinsesi.org\/index.php\/2024\/06\/03\/ucan-semsiye-dunya-cocuk-gununde-sahnelendi\/#primaryimage"},"thumbnailUrl":"https:\/\/kuzeyinsesi.org\/wp-content\/uploads\/2024\/06\/1asasa.jpg","datePublished":"2024-06-03T11:42:34+00:00","author":{"@id":"https:\/\/kuzeyinsesi.org\/#\/schema\/person\/9f859689cdf01485597712386e37f5aa"},"breadcrumb":{"@id":"https:\/\/kuzeyinsesi.org\/index.php\/2024\/06\/03\/ucan-semsiye-dunya-cocuk-gununde-sahnelendi\/#breadcrumb"},"inLanguage":"tr","potentialAction":[{"@type":"ReadAction","target":["https:\/\/kuzeyinsesi.org\/index.php\/2024\/06\/03\/ucan-semsiye-dunya-cocuk-gununde-sahnelendi\/"]}]},{"@type":"ImageObject","inLanguage":"tr","@id":"https:\/\/kuzeyinsesi.org\/index.php\/2024\/06\/03\/ucan-semsiye-dunya-cocuk-gununde-sahnelendi\/#primaryimage","url":"https:\/\/kuzeyinsesi.org\/wp-content\/uploads\/2024\/06\/1asasa.jpg","contentUrl":"https:\/\/kuzeyinsesi.org\/wp-content\/uploads\/2024\/06\/1asasa.jpg","width":1512,"height":1050},{"@type":"BreadcrumbList","@id":"https:\/\/kuzeyinsesi.org\/index.php\/2024\/06\/03\/ucan-semsiye-dunya-cocuk-gununde-sahnelendi\/#breadcrumb","itemListElement":[{"@type":"ListItem","position":1,"name":"Anasayfa","item":"https:\/\/kuzeyinsesi.org\/"},{"@type":"ListItem","position":2,"name":"\u201cU\u00e7an \u015eemsiye\u201d D\u00fcnya \u00c7ocuk G\u00fcn\u00fc\u2019nde sahnelendi"}]},{"@type":"WebSite","@id":"https:\/\/kuzeyinsesi.org\/#website","url":"https:\/\/kuzeyinsesi.org\/","name":"Kuzeyin Sesi","description":"Do\u011fru Haberin Adresi","potentialAction":[{"@type":"SearchAction","target":{"@type":"EntryPoint","urlTemplate":"https:\/\/kuzeyinsesi.org\/?s={search_term_string}"},"query-input":{"@type":"PropertyValueSpecification","valueRequired":true,"valueName":"search_term_string"}}],"inLanguage":"tr"},{"@type":"Person","@id":"https:\/\/kuzeyinsesi.org\/#\/schema\/person\/9f859689cdf01485597712386e37f5aa","name":"Kuzeyin Sesi","image":{"@type":"ImageObject","inLanguage":"tr","@id":"https:\/\/secure.gravatar.com\/avatar\/bab33852abfd8b282518d6ed81826833d77c3c882d9ab608add591ccace47a44?s=96&d=mm&r=g","url":"https:\/\/secure.gravatar.com\/avatar\/bab33852abfd8b282518d6ed81826833d77c3c882d9ab608add591ccace47a44?s=96&d=mm&r=g","contentUrl":"https:\/\/secure.gravatar.com\/avatar\/bab33852abfd8b282518d6ed81826833d77c3c882d9ab608add591ccace47a44?s=96&d=mm&r=g","caption":"Kuzeyin Sesi"},"sameAs":["https:\/\/kuzeyinsesi.org"],"url":"https:\/\/kuzeyinsesi.org\/index.php\/author\/guven\/"}]}},"_links":{"self":[{"href":"https:\/\/kuzeyinsesi.org\/index.php\/wp-json\/wp\/v2\/posts\/3989","targetHints":{"allow":["GET"]}}],"collection":[{"href":"https:\/\/kuzeyinsesi.org\/index.php\/wp-json\/wp\/v2\/posts"}],"about":[{"href":"https:\/\/kuzeyinsesi.org\/index.php\/wp-json\/wp\/v2\/types\/post"}],"author":[{"embeddable":true,"href":"https:\/\/kuzeyinsesi.org\/index.php\/wp-json\/wp\/v2\/users\/1"}],"replies":[{"embeddable":true,"href":"https:\/\/kuzeyinsesi.org\/index.php\/wp-json\/wp\/v2\/comments?post=3989"}],"version-history":[{"count":0,"href":"https:\/\/kuzeyinsesi.org\/index.php\/wp-json\/wp\/v2\/posts\/3989\/revisions"}],"wp:featuredmedia":[{"embeddable":true,"href":"https:\/\/kuzeyinsesi.org\/index.php\/wp-json\/wp\/v2\/media\/3990"}],"wp:attachment":[{"href":"https:\/\/kuzeyinsesi.org\/index.php\/wp-json\/wp\/v2\/media?parent=3989"}],"wp:term":[{"taxonomy":"category","embeddable":true,"href":"https:\/\/kuzeyinsesi.org\/index.php\/wp-json\/wp\/v2\/categories?post=3989"},{"taxonomy":"post_tag","embeddable":true,"href":"https:\/\/kuzeyinsesi.org\/index.php\/wp-json\/wp\/v2\/tags?post=3989"}],"curies":[{"name":"wp","href":"https:\/\/api.w.org\/{rel}","templated":true}]}}