{"id":3977,"date":"2024-06-03T13:41:32","date_gmt":"2024-06-03T10:41:32","guid":{"rendered":"https:\/\/kuzeyinsesi.com\/index.php\/2024\/06\/03\/anadolu-mahallesi-7-yoresel-kultur-festivali-dun-magusada-yapildi\/"},"modified":"2024-06-03T13:41:32","modified_gmt":"2024-06-03T10:41:32","slug":"anadolu-mahallesi-7-yoresel-kultur-festivali-dun-magusada-yapildi","status":"publish","type":"post","link":"https:\/\/kuzeyinsesi.org\/index.php\/2024\/06\/03\/anadolu-mahallesi-7-yoresel-kultur-festivali-dun-magusada-yapildi\/","title":{"rendered":"Anadolu Mahallesi 7. Y\u00f6resel K\u00fclt\u00fcr Festivali d\u00fcn Ma\u011fusa\u2019da yap\u0131ld\u0131"},"content":{"rendered":"<div>\n<div class=\"mariselle-image-container center\">\n                                            <\/div>\n<p> Gazima\u011fusa Belediyesi, Mara\u015f Birlik ve Dayan\u0131\u015fma Derne\u011fi ile Anadolu Mahallesi Muhtarl\u0131\u011f\u0131 i\u015f birli\u011fiyle organize edilen Anadolu Mahallesi 7. Y\u00f6resel K\u00fclt\u00fcr Festivali d\u00fcn yap\u0131ld\u0131.<\/p>\n<p>Gazima\u011fusa Belediyesi\u2019nden verilen bilgiye g\u00f6re, Anadolu k\u00fclt\u00fcr\u00fcn\u00fcn ya\u015fat\u0131lmas\u0131 amac\u0131yla d\u00fczenlenen geleneksel Anadolu Mahallesi Y\u00f6resel K\u00fclt\u00fcr Festivali saat 10.30\u2019da \u015eehit Osman Ahmet \u0130lkokulu \u00f6n\u00fcnden hareket eden kortejle ba\u015flad\u0131.<\/p>\n<p>Festivalin a\u00e7\u0131l\u0131\u015f\u0131na Cumhurba\u015fkan\u0131 Ersin Tatar, Cumhuriyet Meclisi Ba\u015fkan\u0131 Zorlu T\u00f6re, Gazima\u011fusa Ba\u015fkonsolosu \u0130lyas \u00c7etin, Gazima\u011fusa Kaymakam\u0131 \u00d6zden Keser, Gazima\u011fusa Belediye Ba\u015fkan\u0131 S\u00fcleyman Ulu\u00e7ay, baz\u0131 bakanlar, milletvekilleri, Gazima\u011fusa Belediyesi Meclisi \u00fcyeleri ve kent halk\u0131 kat\u0131ld\u0131.<\/p>\n<p>Festivalde, Gazima\u011fusa Belediye Ba\u015fkan\u0131 S\u00fcleyman Ulu\u00e7ay\u2019a katk\u0131lar\u0131ndan dolay\u0131 plaket takdim edildi. Mara\u015f-Der taraf\u0131ndan haz\u0131rlanan plaket Ulu\u00e7ay\u2019a Cumhurba\u015fkan\u0131 Ersin Tatar taraf\u0131ndan verildi.<\/p>\n<p>Anadolu Mahallesi Muhtar\u0131 Ali Buruk konu\u015fmas\u0131nda organizasyona katk\u0131lar\u0131ndan dolay\u0131 Gazima\u011fusa Belediye Ba\u015fkan\u0131 S\u00fcleyman Ulu\u00e7ay\u2019a te\u015fekk\u00fcrlerini iletti; festival ile Anadolu k\u00fclt\u00fcr\u00fcn\u00fcn tan\u0131t\u0131lmas\u0131 ve \u00e7ocuklar\u0131n g\u00fczel bir g\u00fcn ge\u00e7irmesinin ama\u00e7land\u0131\u011f\u0131n\u0131 kaydetti.<\/p>\n<p>Gazima\u011fusa Belediye Ba\u015fkan\u0131 S\u00fcleyman Ulu\u00e7ay da, Gazima\u011fusa\u2019n\u0131n tarihi ile bir turizm \u015fehri, liman \u015fehri ve \u00fclkenin en \u00f6nemli \u00fcniversitesinin kentte yer almas\u0131 ile bir \u00f6\u011frenci \u015fehri oldu\u011funu, ge\u00e7en y\u0131ldan itibaren  ise  \u201cMelekler \u015eehri\u201d olarak an\u0131lmaya ba\u015fland\u0131\u011f\u0131n\u0131 kaydetti.<\/p>\n<p>Gazima\u011fusa\u2019n\u0131n ya\u015fanan ac\u0131lar\u0131 birlik ve beraberlik sayesinde sarmay\u0131 ba\u015fard\u0131\u011f\u0131n\u0131 belirten Ulu\u00e7ay, \u2018\u2019Bu birlik ve beraberlik devam ediyor. Birlik ve beraberli\u011fin oldu\u011fu yerde sorunlar\u0131n \u00e7\u00f6z\u00fclmesi daha kolay olur. Bunu Gazima\u011fusa ya\u015fad\u0131, \u00fclkemize ve milletimize ya\u015fatmaya devam ediyor. Halk\u0131m\u0131z\u0131n birlik ve beraberlik i\u00e7inde kalmas\u0131n\u0131 diliyorum\u2019\u2019 diye konu\u015ftu.<\/p>\n<\/p><\/div>\n<p><script async\n                    defer\n                    crossorigin=\"anonymous\"\n                    src=\"https:\/\/connect.facebook.net\/tr_TR\/sdk.js#xfbml=1&#038;version=v3.3\"\n            ><\/script><\/p>\n","protected":false},"excerpt":{"rendered":"<p>Gazima\u011fusa Belediyesi, Mara\u015f Birlik ve Dayan\u0131\u015fma Derne\u011fi ile Anadolu Mahallesi Muhtarl\u0131\u011f\u0131 i\u015f birli\u011fiyle organize edilen Anadolu Mahallesi 7. Y\u00f6resel K\u00fclt\u00fcr Festivali d\u00fcn yap\u0131ld\u0131. Gazima\u011fusa Belediyesi\u2019nden verilen bilgiye g\u00f6re, Anadolu k\u00fclt\u00fcr\u00fcn\u00fcn ya\u015fat\u0131lmas\u0131 amac\u0131yla d\u00fczenlenen geleneksel Anadolu Mahallesi Y\u00f6resel K\u00fclt\u00fcr Festivali saat 10.30\u2019da \u015eehit Osman Ahmet \u0130lkokulu \u00f6n\u00fcnden hareket eden kortejle ba\u015flad\u0131. Festivalin a\u00e7\u0131l\u0131\u015f\u0131na Cumhurba\u015fkan\u0131 Ersin Tatar, [&hellip;]<\/p>\n","protected":false},"author":1,"featured_media":3978,"comment_status":"open","ping_status":"open","sticky":false,"template":"","format":"standard","meta":{"jnews-multi-image_gallery":[],"jnews_single_post":[],"jnews_primary_category":[],"jnews_social_meta":[],"jnews_override_counter":[],"footnotes":""},"categories":[6],"tags":[],"class_list":["post-3977","post","type-post","status-publish","format-standard","has-post-thumbnail","hentry","category-yasam"],"yoast_head":"<!-- This site is optimized with the Yoast SEO plugin v27.5 - https:\/\/yoast.com\/product\/yoast-seo-wordpress\/ -->\n<title>Anadolu Mahallesi 7. Y\u00f6resel K\u00fclt\u00fcr Festivali d\u00fcn Ma\u011fusa\u2019da yap\u0131ld\u0131 - Kuzeyin Sesi<\/title>\n<meta name=\"robots\" content=\"index, follow, max-snippet:-1, max-image-preview:large, max-video-preview:-1\" \/>\n<link rel=\"canonical\" href=\"https:\/\/kuzeyinsesi.org\/index.php\/2024\/06\/03\/anadolu-mahallesi-7-yoresel-kultur-festivali-dun-magusada-yapildi\/\" \/>\n<meta property=\"og:locale\" content=\"tr_TR\" \/>\n<meta property=\"og:type\" content=\"article\" \/>\n<meta property=\"og:title\" content=\"Anadolu Mahallesi 7. Y\u00f6resel K\u00fclt\u00fcr Festivali d\u00fcn Ma\u011fusa\u2019da yap\u0131ld\u0131 - Kuzeyin Sesi\" \/>\n<meta property=\"og:description\" content=\"Gazima\u011fusa Belediyesi, Mara\u015f Birlik ve Dayan\u0131\u015fma Derne\u011fi ile Anadolu Mahallesi Muhtarl\u0131\u011f\u0131 i\u015f birli\u011fiyle organize edilen Anadolu Mahallesi 7. Y\u00f6resel K\u00fclt\u00fcr Festivali d\u00fcn yap\u0131ld\u0131. Gazima\u011fusa Belediyesi\u2019nden verilen bilgiye g\u00f6re, Anadolu k\u00fclt\u00fcr\u00fcn\u00fcn ya\u015fat\u0131lmas\u0131 amac\u0131yla d\u00fczenlenen geleneksel Anadolu Mahallesi Y\u00f6resel K\u00fclt\u00fcr Festivali saat 10.30\u2019da \u015eehit Osman Ahmet \u0130lkokulu \u00f6n\u00fcnden hareket eden kortejle ba\u015flad\u0131. Festivalin a\u00e7\u0131l\u0131\u015f\u0131na Cumhurba\u015fkan\u0131 Ersin Tatar, [&hellip;]\" \/>\n<meta property=\"og:url\" content=\"https:\/\/kuzeyinsesi.org\/index.php\/2024\/06\/03\/anadolu-mahallesi-7-yoresel-kultur-festivali-dun-magusada-yapildi\/\" \/>\n<meta property=\"og:site_name\" content=\"Kuzeyin Sesi\" \/>\n<meta property=\"article:publisher\" content=\"https:\/\/www.facebook.com\/kuzeyinsesii\" \/>\n<meta property=\"article:published_time\" content=\"2024-06-03T10:41:32+00:00\" \/>\n<meta property=\"og:image\" content=\"https:\/\/kuzeyinsesi.org\/wp-content\/uploads\/2024\/06\/1717411294_ad2342.jpg\" \/>\n\t<meta property=\"og:image:width\" content=\"1500\" \/>\n\t<meta property=\"og:image:height\" content=\"764\" \/>\n\t<meta property=\"og:image:type\" content=\"image\/jpeg\" \/>\n<meta name=\"author\" content=\"Kuzeyin Sesi\" \/>\n<meta name=\"twitter:card\" content=\"summary_large_image\" \/>\n<meta name=\"twitter:creator\" content=\"@kuzeyinsesii\" \/>\n<meta name=\"twitter:site\" content=\"@kuzeyinsesii\" \/>\n<meta name=\"twitter:label1\" content=\"Yazan:\" \/>\n\t<meta name=\"twitter:data1\" content=\"Kuzeyin Sesi\" \/>\n\t<meta name=\"twitter:label2\" content=\"Tahmini okuma s\u00fcresi\" \/>\n\t<meta name=\"twitter:data2\" content=\"2 dakika\" \/>\n<script type=\"application\/ld+json\" class=\"yoast-schema-graph\">{\"@context\":\"https:\\\/\\\/schema.org\",\"@graph\":[{\"@type\":\"Article\",\"@id\":\"https:\\\/\\\/kuzeyinsesi.org\\\/index.php\\\/2024\\\/06\\\/03\\\/anadolu-mahallesi-7-yoresel-kultur-festivali-dun-magusada-yapildi\\\/#article\",\"isPartOf\":{\"@id\":\"https:\\\/\\\/kuzeyinsesi.org\\\/index.php\\\/2024\\\/06\\\/03\\\/anadolu-mahallesi-7-yoresel-kultur-festivali-dun-magusada-yapildi\\\/\"},\"author\":{\"name\":\"Kuzeyin Sesi\",\"@id\":\"https:\\\/\\\/kuzeyinsesi.org\\\/#\\\/schema\\\/person\\\/9f859689cdf01485597712386e37f5aa\"},\"headline\":\"Anadolu Mahallesi 7. Y\u00f6resel K\u00fclt\u00fcr Festivali d\u00fcn Ma\u011fusa\u2019da yap\u0131ld\u0131\",\"datePublished\":\"2024-06-03T10:41:32+00:00\",\"mainEntityOfPage\":{\"@id\":\"https:\\\/\\\/kuzeyinsesi.org\\\/index.php\\\/2024\\\/06\\\/03\\\/anadolu-mahallesi-7-yoresel-kultur-festivali-dun-magusada-yapildi\\\/\"},\"wordCount\":340,\"commentCount\":0,\"image\":{\"@id\":\"https:\\\/\\\/kuzeyinsesi.org\\\/index.php\\\/2024\\\/06\\\/03\\\/anadolu-mahallesi-7-yoresel-kultur-festivali-dun-magusada-yapildi\\\/#primaryimage\"},\"thumbnailUrl\":\"https:\\\/\\\/kuzeyinsesi.org\\\/wp-content\\\/uploads\\\/2024\\\/06\\\/1717411294_ad2342.jpg\",\"articleSection\":[\"Ya\u015fam\"],\"inLanguage\":\"tr\",\"potentialAction\":[{\"@type\":\"CommentAction\",\"name\":\"Comment\",\"target\":[\"https:\\\/\\\/kuzeyinsesi.org\\\/index.php\\\/2024\\\/06\\\/03\\\/anadolu-mahallesi-7-yoresel-kultur-festivali-dun-magusada-yapildi\\\/#respond\"]}]},{\"@type\":\"WebPage\",\"@id\":\"https:\\\/\\\/kuzeyinsesi.org\\\/index.php\\\/2024\\\/06\\\/03\\\/anadolu-mahallesi-7-yoresel-kultur-festivali-dun-magusada-yapildi\\\/\",\"url\":\"https:\\\/\\\/kuzeyinsesi.org\\\/index.php\\\/2024\\\/06\\\/03\\\/anadolu-mahallesi-7-yoresel-kultur-festivali-dun-magusada-yapildi\\\/\",\"name\":\"Anadolu Mahallesi 7. Y\u00f6resel K\u00fclt\u00fcr Festivali d\u00fcn Ma\u011fusa\u2019da yap\u0131ld\u0131 - Kuzeyin Sesi\",\"isPartOf\":{\"@id\":\"https:\\\/\\\/kuzeyinsesi.org\\\/#website\"},\"primaryImageOfPage\":{\"@id\":\"https:\\\/\\\/kuzeyinsesi.org\\\/index.php\\\/2024\\\/06\\\/03\\\/anadolu-mahallesi-7-yoresel-kultur-festivali-dun-magusada-yapildi\\\/#primaryimage\"},\"image\":{\"@id\":\"https:\\\/\\\/kuzeyinsesi.org\\\/index.php\\\/2024\\\/06\\\/03\\\/anadolu-mahallesi-7-yoresel-kultur-festivali-dun-magusada-yapildi\\\/#primaryimage\"},\"thumbnailUrl\":\"https:\\\/\\\/kuzeyinsesi.org\\\/wp-content\\\/uploads\\\/2024\\\/06\\\/1717411294_ad2342.jpg\",\"datePublished\":\"2024-06-03T10:41:32+00:00\",\"author\":{\"@id\":\"https:\\\/\\\/kuzeyinsesi.org\\\/#\\\/schema\\\/person\\\/9f859689cdf01485597712386e37f5aa\"},\"breadcrumb\":{\"@id\":\"https:\\\/\\\/kuzeyinsesi.org\\\/index.php\\\/2024\\\/06\\\/03\\\/anadolu-mahallesi-7-yoresel-kultur-festivali-dun-magusada-yapildi\\\/#breadcrumb\"},\"inLanguage\":\"tr\",\"potentialAction\":[{\"@type\":\"ReadAction\",\"target\":[\"https:\\\/\\\/kuzeyinsesi.org\\\/index.php\\\/2024\\\/06\\\/03\\\/anadolu-mahallesi-7-yoresel-kultur-festivali-dun-magusada-yapildi\\\/\"]}]},{\"@type\":\"ImageObject\",\"inLanguage\":\"tr\",\"@id\":\"https:\\\/\\\/kuzeyinsesi.org\\\/index.php\\\/2024\\\/06\\\/03\\\/anadolu-mahallesi-7-yoresel-kultur-festivali-dun-magusada-yapildi\\\/#primaryimage\",\"url\":\"https:\\\/\\\/kuzeyinsesi.org\\\/wp-content\\\/uploads\\\/2024\\\/06\\\/1717411294_ad2342.jpg\",\"contentUrl\":\"https:\\\/\\\/kuzeyinsesi.org\\\/wp-content\\\/uploads\\\/2024\\\/06\\\/1717411294_ad2342.jpg\",\"width\":1500,\"height\":764},{\"@type\":\"BreadcrumbList\",\"@id\":\"https:\\\/\\\/kuzeyinsesi.org\\\/index.php\\\/2024\\\/06\\\/03\\\/anadolu-mahallesi-7-yoresel-kultur-festivali-dun-magusada-yapildi\\\/#breadcrumb\",\"itemListElement\":[{\"@type\":\"ListItem\",\"position\":1,\"name\":\"Anasayfa\",\"item\":\"https:\\\/\\\/kuzeyinsesi.org\\\/\"},{\"@type\":\"ListItem\",\"position\":2,\"name\":\"Anadolu Mahallesi 7. Y\u00f6resel K\u00fclt\u00fcr Festivali d\u00fcn Ma\u011fusa\u2019da yap\u0131ld\u0131\"}]},{\"@type\":\"WebSite\",\"@id\":\"https:\\\/\\\/kuzeyinsesi.org\\\/#website\",\"url\":\"https:\\\/\\\/kuzeyinsesi.org\\\/\",\"name\":\"Kuzeyin Sesi\",\"description\":\"Do\u011fru Haberin Adresi\",\"potentialAction\":[{\"@type\":\"SearchAction\",\"target\":{\"@type\":\"EntryPoint\",\"urlTemplate\":\"https:\\\/\\\/kuzeyinsesi.org\\\/?s={search_term_string}\"},\"query-input\":{\"@type\":\"PropertyValueSpecification\",\"valueRequired\":true,\"valueName\":\"search_term_string\"}}],\"inLanguage\":\"tr\"},{\"@type\":\"Person\",\"@id\":\"https:\\\/\\\/kuzeyinsesi.org\\\/#\\\/schema\\\/person\\\/9f859689cdf01485597712386e37f5aa\",\"name\":\"Kuzeyin Sesi\",\"image\":{\"@type\":\"ImageObject\",\"inLanguage\":\"tr\",\"@id\":\"https:\\\/\\\/secure.gravatar.com\\\/avatar\\\/bab33852abfd8b282518d6ed81826833d77c3c882d9ab608add591ccace47a44?s=96&d=mm&r=g\",\"url\":\"https:\\\/\\\/secure.gravatar.com\\\/avatar\\\/bab33852abfd8b282518d6ed81826833d77c3c882d9ab608add591ccace47a44?s=96&d=mm&r=g\",\"contentUrl\":\"https:\\\/\\\/secure.gravatar.com\\\/avatar\\\/bab33852abfd8b282518d6ed81826833d77c3c882d9ab608add591ccace47a44?s=96&d=mm&r=g\",\"caption\":\"Kuzeyin Sesi\"},\"sameAs\":[\"https:\\\/\\\/kuzeyinsesi.org\"],\"url\":\"https:\\\/\\\/kuzeyinsesi.org\\\/index.php\\\/author\\\/guven\\\/\"}]}<\/script>\n<!-- \/ Yoast SEO plugin. -->","yoast_head_json":{"title":"Anadolu Mahallesi 7. Y\u00f6resel K\u00fclt\u00fcr Festivali d\u00fcn Ma\u011fusa\u2019da yap\u0131ld\u0131 - Kuzeyin Sesi","robots":{"index":"index","follow":"follow","max-snippet":"max-snippet:-1","max-image-preview":"max-image-preview:large","max-video-preview":"max-video-preview:-1"},"canonical":"https:\/\/kuzeyinsesi.org\/index.php\/2024\/06\/03\/anadolu-mahallesi-7-yoresel-kultur-festivali-dun-magusada-yapildi\/","og_locale":"tr_TR","og_type":"article","og_title":"Anadolu Mahallesi 7. Y\u00f6resel K\u00fclt\u00fcr Festivali d\u00fcn Ma\u011fusa\u2019da yap\u0131ld\u0131 - Kuzeyin Sesi","og_description":"Gazima\u011fusa Belediyesi, Mara\u015f Birlik ve Dayan\u0131\u015fma Derne\u011fi ile Anadolu Mahallesi Muhtarl\u0131\u011f\u0131 i\u015f birli\u011fiyle organize edilen Anadolu Mahallesi 7. Y\u00f6resel K\u00fclt\u00fcr Festivali d\u00fcn yap\u0131ld\u0131. Gazima\u011fusa Belediyesi\u2019nden verilen bilgiye g\u00f6re, Anadolu k\u00fclt\u00fcr\u00fcn\u00fcn ya\u015fat\u0131lmas\u0131 amac\u0131yla d\u00fczenlenen geleneksel Anadolu Mahallesi Y\u00f6resel K\u00fclt\u00fcr Festivali saat 10.30\u2019da \u015eehit Osman Ahmet \u0130lkokulu \u00f6n\u00fcnden hareket eden kortejle ba\u015flad\u0131. Festivalin a\u00e7\u0131l\u0131\u015f\u0131na Cumhurba\u015fkan\u0131 Ersin Tatar, [&hellip;]","og_url":"https:\/\/kuzeyinsesi.org\/index.php\/2024\/06\/03\/anadolu-mahallesi-7-yoresel-kultur-festivali-dun-magusada-yapildi\/","og_site_name":"Kuzeyin Sesi","article_publisher":"https:\/\/www.facebook.com\/kuzeyinsesii","article_published_time":"2024-06-03T10:41:32+00:00","og_image":[{"width":1500,"height":764,"url":"https:\/\/kuzeyinsesi.org\/wp-content\/uploads\/2024\/06\/1717411294_ad2342.jpg","type":"image\/jpeg"}],"author":"Kuzeyin Sesi","twitter_card":"summary_large_image","twitter_creator":"@kuzeyinsesii","twitter_site":"@kuzeyinsesii","twitter_misc":{"Yazan:":"Kuzeyin Sesi","Tahmini okuma s\u00fcresi":"2 dakika"},"schema":{"@context":"https:\/\/schema.org","@graph":[{"@type":"Article","@id":"https:\/\/kuzeyinsesi.org\/index.php\/2024\/06\/03\/anadolu-mahallesi-7-yoresel-kultur-festivali-dun-magusada-yapildi\/#article","isPartOf":{"@id":"https:\/\/kuzeyinsesi.org\/index.php\/2024\/06\/03\/anadolu-mahallesi-7-yoresel-kultur-festivali-dun-magusada-yapildi\/"},"author":{"name":"Kuzeyin Sesi","@id":"https:\/\/kuzeyinsesi.org\/#\/schema\/person\/9f859689cdf01485597712386e37f5aa"},"headline":"Anadolu Mahallesi 7. Y\u00f6resel K\u00fclt\u00fcr Festivali d\u00fcn Ma\u011fusa\u2019da yap\u0131ld\u0131","datePublished":"2024-06-03T10:41:32+00:00","mainEntityOfPage":{"@id":"https:\/\/kuzeyinsesi.org\/index.php\/2024\/06\/03\/anadolu-mahallesi-7-yoresel-kultur-festivali-dun-magusada-yapildi\/"},"wordCount":340,"commentCount":0,"image":{"@id":"https:\/\/kuzeyinsesi.org\/index.php\/2024\/06\/03\/anadolu-mahallesi-7-yoresel-kultur-festivali-dun-magusada-yapildi\/#primaryimage"},"thumbnailUrl":"https:\/\/kuzeyinsesi.org\/wp-content\/uploads\/2024\/06\/1717411294_ad2342.jpg","articleSection":["Ya\u015fam"],"inLanguage":"tr","potentialAction":[{"@type":"CommentAction","name":"Comment","target":["https:\/\/kuzeyinsesi.org\/index.php\/2024\/06\/03\/anadolu-mahallesi-7-yoresel-kultur-festivali-dun-magusada-yapildi\/#respond"]}]},{"@type":"WebPage","@id":"https:\/\/kuzeyinsesi.org\/index.php\/2024\/06\/03\/anadolu-mahallesi-7-yoresel-kultur-festivali-dun-magusada-yapildi\/","url":"https:\/\/kuzeyinsesi.org\/index.php\/2024\/06\/03\/anadolu-mahallesi-7-yoresel-kultur-festivali-dun-magusada-yapildi\/","name":"Anadolu Mahallesi 7. Y\u00f6resel K\u00fclt\u00fcr Festivali d\u00fcn Ma\u011fusa\u2019da yap\u0131ld\u0131 - Kuzeyin Sesi","isPartOf":{"@id":"https:\/\/kuzeyinsesi.org\/#website"},"primaryImageOfPage":{"@id":"https:\/\/kuzeyinsesi.org\/index.php\/2024\/06\/03\/anadolu-mahallesi-7-yoresel-kultur-festivali-dun-magusada-yapildi\/#primaryimage"},"image":{"@id":"https:\/\/kuzeyinsesi.org\/index.php\/2024\/06\/03\/anadolu-mahallesi-7-yoresel-kultur-festivali-dun-magusada-yapildi\/#primaryimage"},"thumbnailUrl":"https:\/\/kuzeyinsesi.org\/wp-content\/uploads\/2024\/06\/1717411294_ad2342.jpg","datePublished":"2024-06-03T10:41:32+00:00","author":{"@id":"https:\/\/kuzeyinsesi.org\/#\/schema\/person\/9f859689cdf01485597712386e37f5aa"},"breadcrumb":{"@id":"https:\/\/kuzeyinsesi.org\/index.php\/2024\/06\/03\/anadolu-mahallesi-7-yoresel-kultur-festivali-dun-magusada-yapildi\/#breadcrumb"},"inLanguage":"tr","potentialAction":[{"@type":"ReadAction","target":["https:\/\/kuzeyinsesi.org\/index.php\/2024\/06\/03\/anadolu-mahallesi-7-yoresel-kultur-festivali-dun-magusada-yapildi\/"]}]},{"@type":"ImageObject","inLanguage":"tr","@id":"https:\/\/kuzeyinsesi.org\/index.php\/2024\/06\/03\/anadolu-mahallesi-7-yoresel-kultur-festivali-dun-magusada-yapildi\/#primaryimage","url":"https:\/\/kuzeyinsesi.org\/wp-content\/uploads\/2024\/06\/1717411294_ad2342.jpg","contentUrl":"https:\/\/kuzeyinsesi.org\/wp-content\/uploads\/2024\/06\/1717411294_ad2342.jpg","width":1500,"height":764},{"@type":"BreadcrumbList","@id":"https:\/\/kuzeyinsesi.org\/index.php\/2024\/06\/03\/anadolu-mahallesi-7-yoresel-kultur-festivali-dun-magusada-yapildi\/#breadcrumb","itemListElement":[{"@type":"ListItem","position":1,"name":"Anasayfa","item":"https:\/\/kuzeyinsesi.org\/"},{"@type":"ListItem","position":2,"name":"Anadolu Mahallesi 7. Y\u00f6resel K\u00fclt\u00fcr Festivali d\u00fcn Ma\u011fusa\u2019da yap\u0131ld\u0131"}]},{"@type":"WebSite","@id":"https:\/\/kuzeyinsesi.org\/#website","url":"https:\/\/kuzeyinsesi.org\/","name":"Kuzeyin Sesi","description":"Do\u011fru Haberin Adresi","potentialAction":[{"@type":"SearchAction","target":{"@type":"EntryPoint","urlTemplate":"https:\/\/kuzeyinsesi.org\/?s={search_term_string}"},"query-input":{"@type":"PropertyValueSpecification","valueRequired":true,"valueName":"search_term_string"}}],"inLanguage":"tr"},{"@type":"Person","@id":"https:\/\/kuzeyinsesi.org\/#\/schema\/person\/9f859689cdf01485597712386e37f5aa","name":"Kuzeyin Sesi","image":{"@type":"ImageObject","inLanguage":"tr","@id":"https:\/\/secure.gravatar.com\/avatar\/bab33852abfd8b282518d6ed81826833d77c3c882d9ab608add591ccace47a44?s=96&d=mm&r=g","url":"https:\/\/secure.gravatar.com\/avatar\/bab33852abfd8b282518d6ed81826833d77c3c882d9ab608add591ccace47a44?s=96&d=mm&r=g","contentUrl":"https:\/\/secure.gravatar.com\/avatar\/bab33852abfd8b282518d6ed81826833d77c3c882d9ab608add591ccace47a44?s=96&d=mm&r=g","caption":"Kuzeyin Sesi"},"sameAs":["https:\/\/kuzeyinsesi.org"],"url":"https:\/\/kuzeyinsesi.org\/index.php\/author\/guven\/"}]}},"_links":{"self":[{"href":"https:\/\/kuzeyinsesi.org\/index.php\/wp-json\/wp\/v2\/posts\/3977","targetHints":{"allow":["GET"]}}],"collection":[{"href":"https:\/\/kuzeyinsesi.org\/index.php\/wp-json\/wp\/v2\/posts"}],"about":[{"href":"https:\/\/kuzeyinsesi.org\/index.php\/wp-json\/wp\/v2\/types\/post"}],"author":[{"embeddable":true,"href":"https:\/\/kuzeyinsesi.org\/index.php\/wp-json\/wp\/v2\/users\/1"}],"replies":[{"embeddable":true,"href":"https:\/\/kuzeyinsesi.org\/index.php\/wp-json\/wp\/v2\/comments?post=3977"}],"version-history":[{"count":0,"href":"https:\/\/kuzeyinsesi.org\/index.php\/wp-json\/wp\/v2\/posts\/3977\/revisions"}],"wp:featuredmedia":[{"embeddable":true,"href":"https:\/\/kuzeyinsesi.org\/index.php\/wp-json\/wp\/v2\/media\/3978"}],"wp:attachment":[{"href":"https:\/\/kuzeyinsesi.org\/index.php\/wp-json\/wp\/v2\/media?parent=3977"}],"wp:term":[{"taxonomy":"category","embeddable":true,"href":"https:\/\/kuzeyinsesi.org\/index.php\/wp-json\/wp\/v2\/categories?post=3977"},{"taxonomy":"post_tag","embeddable":true,"href":"https:\/\/kuzeyinsesi.org\/index.php\/wp-json\/wp\/v2\/tags?post=3977"}],"curies":[{"name":"wp","href":"https:\/\/api.w.org\/{rel}","templated":true}]}}