{"id":3969,"date":"2024-06-03T11:38:11","date_gmt":"2024-06-03T08:38:11","guid":{"rendered":"https:\/\/kuzeyinsesi.com\/index.php\/2024\/06\/03\/kibris-polifonik-korolar-dernegi-otello-piccolo-vokal-topluluguna-turkiyeden-iki-odul\/"},"modified":"2024-06-03T11:38:11","modified_gmt":"2024-06-03T08:38:11","slug":"kibris-polifonik-korolar-dernegi-otello-piccolo-vokal-topluluguna-turkiyeden-iki-odul","status":"publish","type":"post","link":"https:\/\/kuzeyinsesi.org\/index.php\/2024\/06\/03\/kibris-polifonik-korolar-dernegi-otello-piccolo-vokal-topluluguna-turkiyeden-iki-odul\/","title":{"rendered":"K\u0131br\u0131s Polifonik Korolar Derne\u011fi Otello Piccolo Vokal Toplulu\u011fu\u2019na T\u00fcrkiye\u2019den iki \u00f6d\u00fcl"},"content":{"rendered":"<div>\n<div class=\"mariselle-image-container center\">\n                                            <\/div>\n<p>\n K\u0131br\u0131s Polifonik Korolar Derne\u011fi Otello Piccolo Vokal Toplulu\u011fu, T\u00fcrkiye Polifonik Korolar Derne\u011fi taraf\u0131ndan bu y\u0131l 26\u2019nc\u0131s\u0131 d\u00fczenlenen T\u00fcrkiye Korolar \u015eenli\u011fi\u2019nde iki \u00f6d\u00fcl\u00fcn sahibi oldu.<\/p>\n<p>Dernekten yap\u0131lan a\u00e7\u0131klamaya g\u00f6re topluluk, \u201cBa\u015fkent M\u00fczik Evi \u00d6zendirme \u00d6d\u00fcl\u00fc\u201d ve j\u00fcri taraf\u0131ndan \u201cM\u00fczikalite ve M\u00fczikal Dinamikler\u201d \u00f6d\u00fcl\u00fcne lay\u0131k g\u00f6r\u00fcld\u00fc.<\/p>\n<p>\u015eampiyon Melekler i\u00e7in bestelenen \u201cYand\u0131 Ma\u011fusam\u201d isimli \u015fark\u0131y\u0131 da seslendiren topluluk, izleyenlerin duygusal anlar ya\u015famas\u0131na neden oldu. Konserde, Oskay Hoca\u2019n\u0131n d\u00fczenledi\u011fi K\u0131br\u0131s halk t\u00fcrk\u00fcleri be\u011feni kazand\u0131.<\/p>\n<p>Otello Piccolo Vokal Toplulu\u011funa sahne performans\u0131 s\u0131ras\u0131nda piyanoda Uliana \u00d6ztemur, kemanda K\u00fcr\u015fat Tilki, fl\u00fctte Mehmet Sakarya e\u015flik etti.<\/p>\n<p>Toplulu\u011fun halk danslar\u0131 k\u0131yafetleri ile sahne ald\u0131\u011f\u0131 konserde k\u0131yafetleri Adem \u00d6ks\u00fczo\u011flu haz\u0131rlad\u0131.<\/p>\n<p>Koro \u015fefleri Rana Ulu\u00e7ay ve Erkan Da\u011fl\u0131, Otello Piccolo Vokal Toplulu\u011funun T\u00fcrkiye Korolar \u015eenli\u011fi\u2019nde ald\u0131\u011f\u0131 iki b\u00fcy\u00fck \u00f6d\u00fclden memnuniyet duyduklar\u0131n\u0131 belirttiler.<\/p>\n<\/p><\/div>\n<p><script async\n                    defer\n                    crossorigin=\"anonymous\"\n                    src=\"https:\/\/connect.facebook.net\/tr_TR\/sdk.js#xfbml=1&#038;version=v3.3\"\n            ><\/script><\/p>\n","protected":false},"excerpt":{"rendered":"<p>K\u0131br\u0131s Polifonik Korolar Derne\u011fi Otello Piccolo Vokal Toplulu\u011fu, T\u00fcrkiye Polifonik Korolar Derne\u011fi taraf\u0131ndan bu y\u0131l 26\u2019nc\u0131s\u0131 d\u00fczenlenen T\u00fcrkiye Korolar \u015eenli\u011fi\u2019nde iki \u00f6d\u00fcl\u00fcn sahibi oldu. Dernekten yap\u0131lan a\u00e7\u0131klamaya g\u00f6re topluluk, \u201cBa\u015fkent M\u00fczik Evi \u00d6zendirme \u00d6d\u00fcl\u00fc\u201d ve j\u00fcri taraf\u0131ndan \u201cM\u00fczikalite ve M\u00fczikal Dinamikler\u201d \u00f6d\u00fcl\u00fcne lay\u0131k g\u00f6r\u00fcld\u00fc. \u015eampiyon Melekler i\u00e7in bestelenen \u201cYand\u0131 Ma\u011fusam\u201d isimli \u015fark\u0131y\u0131 da seslendiren topluluk, [&hellip;]<\/p>\n","protected":false},"author":1,"featured_media":3970,"comment_status":"open","ping_status":"open","sticky":false,"template":"","format":"standard","meta":{"jnews-multi-image_gallery":[],"jnews_single_post":[],"jnews_primary_category":[],"jnews_social_meta":[],"jnews_override_counter":[],"footnotes":""},"categories":[6],"tags":[],"class_list":["post-3969","post","type-post","status-publish","format-standard","has-post-thumbnail","hentry","category-yasam"],"yoast_head":"<!-- This site is optimized with the Yoast SEO plugin v27.5 - https:\/\/yoast.com\/product\/yoast-seo-wordpress\/ -->\n<title>K\u0131br\u0131s Polifonik Korolar Derne\u011fi Otello Piccolo Vokal Toplulu\u011fu\u2019na T\u00fcrkiye\u2019den iki \u00f6d\u00fcl - Kuzeyin Sesi<\/title>\n<meta name=\"robots\" content=\"index, follow, max-snippet:-1, max-image-preview:large, max-video-preview:-1\" \/>\n<link rel=\"canonical\" href=\"https:\/\/kuzeyinsesi.org\/index.php\/2024\/06\/03\/kibris-polifonik-korolar-dernegi-otello-piccolo-vokal-topluluguna-turkiyeden-iki-odul\/\" \/>\n<meta property=\"og:locale\" content=\"tr_TR\" \/>\n<meta property=\"og:type\" content=\"article\" \/>\n<meta property=\"og:title\" content=\"K\u0131br\u0131s Polifonik Korolar Derne\u011fi Otello Piccolo Vokal Toplulu\u011fu\u2019na T\u00fcrkiye\u2019den iki \u00f6d\u00fcl - Kuzeyin Sesi\" \/>\n<meta property=\"og:description\" content=\"K\u0131br\u0131s Polifonik Korolar Derne\u011fi Otello Piccolo Vokal Toplulu\u011fu, T\u00fcrkiye Polifonik Korolar Derne\u011fi taraf\u0131ndan bu y\u0131l 26\u2019nc\u0131s\u0131 d\u00fczenlenen T\u00fcrkiye Korolar \u015eenli\u011fi\u2019nde iki \u00f6d\u00fcl\u00fcn sahibi oldu. Dernekten yap\u0131lan a\u00e7\u0131klamaya g\u00f6re topluluk, \u201cBa\u015fkent M\u00fczik Evi \u00d6zendirme \u00d6d\u00fcl\u00fc\u201d ve j\u00fcri taraf\u0131ndan \u201cM\u00fczikalite ve M\u00fczikal Dinamikler\u201d \u00f6d\u00fcl\u00fcne lay\u0131k g\u00f6r\u00fcld\u00fc. \u015eampiyon Melekler i\u00e7in bestelenen \u201cYand\u0131 Ma\u011fusam\u201d isimli \u015fark\u0131y\u0131 da seslendiren topluluk, [&hellip;]\" \/>\n<meta property=\"og:url\" content=\"https:\/\/kuzeyinsesi.org\/index.php\/2024\/06\/03\/kibris-polifonik-korolar-dernegi-otello-piccolo-vokal-topluluguna-turkiyeden-iki-odul\/\" \/>\n<meta property=\"og:site_name\" content=\"Kuzeyin Sesi\" \/>\n<meta property=\"article:publisher\" content=\"https:\/\/www.facebook.com\/kuzeyinsesii\" \/>\n<meta property=\"article:published_time\" content=\"2024-06-03T08:38:11+00:00\" \/>\n<meta property=\"og:image\" content=\"https:\/\/kuzeyinsesi.org\/wp-content\/uploads\/2024\/06\/klklklklk.jpeg\" \/>\n\t<meta property=\"og:image:width\" content=\"1544\" \/>\n\t<meta property=\"og:image:height\" content=\"1004\" \/>\n\t<meta property=\"og:image:type\" content=\"image\/jpeg\" \/>\n<meta name=\"author\" content=\"Kuzeyin Sesi\" \/>\n<meta name=\"twitter:card\" content=\"summary_large_image\" \/>\n<meta name=\"twitter:creator\" content=\"@kuzeyinsesii\" \/>\n<meta name=\"twitter:site\" content=\"@kuzeyinsesii\" \/>\n<meta name=\"twitter:label1\" content=\"Yazan:\" \/>\n\t<meta name=\"twitter:data1\" content=\"Kuzeyin Sesi\" \/>\n\t<meta name=\"twitter:label2\" content=\"Tahmini okuma s\u00fcresi\" \/>\n\t<meta name=\"twitter:data2\" content=\"1 dakika\" \/>\n<script type=\"application\/ld+json\" class=\"yoast-schema-graph\">{\"@context\":\"https:\\\/\\\/schema.org\",\"@graph\":[{\"@type\":\"Article\",\"@id\":\"https:\\\/\\\/kuzeyinsesi.org\\\/index.php\\\/2024\\\/06\\\/03\\\/kibris-polifonik-korolar-dernegi-otello-piccolo-vokal-topluluguna-turkiyeden-iki-odul\\\/#article\",\"isPartOf\":{\"@id\":\"https:\\\/\\\/kuzeyinsesi.org\\\/index.php\\\/2024\\\/06\\\/03\\\/kibris-polifonik-korolar-dernegi-otello-piccolo-vokal-topluluguna-turkiyeden-iki-odul\\\/\"},\"author\":{\"name\":\"Kuzeyin Sesi\",\"@id\":\"https:\\\/\\\/kuzeyinsesi.org\\\/#\\\/schema\\\/person\\\/9f859689cdf01485597712386e37f5aa\"},\"headline\":\"K\u0131br\u0131s Polifonik Korolar Derne\u011fi Otello Piccolo Vokal Toplulu\u011fu\u2019na T\u00fcrkiye\u2019den iki \u00f6d\u00fcl\",\"datePublished\":\"2024-06-03T08:38:11+00:00\",\"mainEntityOfPage\":{\"@id\":\"https:\\\/\\\/kuzeyinsesi.org\\\/index.php\\\/2024\\\/06\\\/03\\\/kibris-polifonik-korolar-dernegi-otello-piccolo-vokal-topluluguna-turkiyeden-iki-odul\\\/\"},\"wordCount\":207,\"commentCount\":0,\"image\":{\"@id\":\"https:\\\/\\\/kuzeyinsesi.org\\\/index.php\\\/2024\\\/06\\\/03\\\/kibris-polifonik-korolar-dernegi-otello-piccolo-vokal-topluluguna-turkiyeden-iki-odul\\\/#primaryimage\"},\"thumbnailUrl\":\"https:\\\/\\\/kuzeyinsesi.org\\\/wp-content\\\/uploads\\\/2024\\\/06\\\/klklklklk.jpeg\",\"articleSection\":[\"Ya\u015fam\"],\"inLanguage\":\"tr\",\"potentialAction\":[{\"@type\":\"CommentAction\",\"name\":\"Comment\",\"target\":[\"https:\\\/\\\/kuzeyinsesi.org\\\/index.php\\\/2024\\\/06\\\/03\\\/kibris-polifonik-korolar-dernegi-otello-piccolo-vokal-topluluguna-turkiyeden-iki-odul\\\/#respond\"]}]},{\"@type\":\"WebPage\",\"@id\":\"https:\\\/\\\/kuzeyinsesi.org\\\/index.php\\\/2024\\\/06\\\/03\\\/kibris-polifonik-korolar-dernegi-otello-piccolo-vokal-topluluguna-turkiyeden-iki-odul\\\/\",\"url\":\"https:\\\/\\\/kuzeyinsesi.org\\\/index.php\\\/2024\\\/06\\\/03\\\/kibris-polifonik-korolar-dernegi-otello-piccolo-vokal-topluluguna-turkiyeden-iki-odul\\\/\",\"name\":\"K\u0131br\u0131s Polifonik Korolar Derne\u011fi Otello Piccolo Vokal Toplulu\u011fu\u2019na T\u00fcrkiye\u2019den iki \u00f6d\u00fcl - Kuzeyin Sesi\",\"isPartOf\":{\"@id\":\"https:\\\/\\\/kuzeyinsesi.org\\\/#website\"},\"primaryImageOfPage\":{\"@id\":\"https:\\\/\\\/kuzeyinsesi.org\\\/index.php\\\/2024\\\/06\\\/03\\\/kibris-polifonik-korolar-dernegi-otello-piccolo-vokal-topluluguna-turkiyeden-iki-odul\\\/#primaryimage\"},\"image\":{\"@id\":\"https:\\\/\\\/kuzeyinsesi.org\\\/index.php\\\/2024\\\/06\\\/03\\\/kibris-polifonik-korolar-dernegi-otello-piccolo-vokal-topluluguna-turkiyeden-iki-odul\\\/#primaryimage\"},\"thumbnailUrl\":\"https:\\\/\\\/kuzeyinsesi.org\\\/wp-content\\\/uploads\\\/2024\\\/06\\\/klklklklk.jpeg\",\"datePublished\":\"2024-06-03T08:38:11+00:00\",\"author\":{\"@id\":\"https:\\\/\\\/kuzeyinsesi.org\\\/#\\\/schema\\\/person\\\/9f859689cdf01485597712386e37f5aa\"},\"breadcrumb\":{\"@id\":\"https:\\\/\\\/kuzeyinsesi.org\\\/index.php\\\/2024\\\/06\\\/03\\\/kibris-polifonik-korolar-dernegi-otello-piccolo-vokal-topluluguna-turkiyeden-iki-odul\\\/#breadcrumb\"},\"inLanguage\":\"tr\",\"potentialAction\":[{\"@type\":\"ReadAction\",\"target\":[\"https:\\\/\\\/kuzeyinsesi.org\\\/index.php\\\/2024\\\/06\\\/03\\\/kibris-polifonik-korolar-dernegi-otello-piccolo-vokal-topluluguna-turkiyeden-iki-odul\\\/\"]}]},{\"@type\":\"ImageObject\",\"inLanguage\":\"tr\",\"@id\":\"https:\\\/\\\/kuzeyinsesi.org\\\/index.php\\\/2024\\\/06\\\/03\\\/kibris-polifonik-korolar-dernegi-otello-piccolo-vokal-topluluguna-turkiyeden-iki-odul\\\/#primaryimage\",\"url\":\"https:\\\/\\\/kuzeyinsesi.org\\\/wp-content\\\/uploads\\\/2024\\\/06\\\/klklklklk.jpeg\",\"contentUrl\":\"https:\\\/\\\/kuzeyinsesi.org\\\/wp-content\\\/uploads\\\/2024\\\/06\\\/klklklklk.jpeg\",\"width\":1544,\"height\":1004},{\"@type\":\"BreadcrumbList\",\"@id\":\"https:\\\/\\\/kuzeyinsesi.org\\\/index.php\\\/2024\\\/06\\\/03\\\/kibris-polifonik-korolar-dernegi-otello-piccolo-vokal-topluluguna-turkiyeden-iki-odul\\\/#breadcrumb\",\"itemListElement\":[{\"@type\":\"ListItem\",\"position\":1,\"name\":\"Anasayfa\",\"item\":\"https:\\\/\\\/kuzeyinsesi.org\\\/\"},{\"@type\":\"ListItem\",\"position\":2,\"name\":\"K\u0131br\u0131s Polifonik Korolar Derne\u011fi Otello Piccolo Vokal Toplulu\u011fu\u2019na T\u00fcrkiye\u2019den iki \u00f6d\u00fcl\"}]},{\"@type\":\"WebSite\",\"@id\":\"https:\\\/\\\/kuzeyinsesi.org\\\/#website\",\"url\":\"https:\\\/\\\/kuzeyinsesi.org\\\/\",\"name\":\"Kuzeyin Sesi\",\"description\":\"Do\u011fru Haberin Adresi\",\"potentialAction\":[{\"@type\":\"SearchAction\",\"target\":{\"@type\":\"EntryPoint\",\"urlTemplate\":\"https:\\\/\\\/kuzeyinsesi.org\\\/?s={search_term_string}\"},\"query-input\":{\"@type\":\"PropertyValueSpecification\",\"valueRequired\":true,\"valueName\":\"search_term_string\"}}],\"inLanguage\":\"tr\"},{\"@type\":\"Person\",\"@id\":\"https:\\\/\\\/kuzeyinsesi.org\\\/#\\\/schema\\\/person\\\/9f859689cdf01485597712386e37f5aa\",\"name\":\"Kuzeyin Sesi\",\"image\":{\"@type\":\"ImageObject\",\"inLanguage\":\"tr\",\"@id\":\"https:\\\/\\\/secure.gravatar.com\\\/avatar\\\/bab33852abfd8b282518d6ed81826833d77c3c882d9ab608add591ccace47a44?s=96&d=mm&r=g\",\"url\":\"https:\\\/\\\/secure.gravatar.com\\\/avatar\\\/bab33852abfd8b282518d6ed81826833d77c3c882d9ab608add591ccace47a44?s=96&d=mm&r=g\",\"contentUrl\":\"https:\\\/\\\/secure.gravatar.com\\\/avatar\\\/bab33852abfd8b282518d6ed81826833d77c3c882d9ab608add591ccace47a44?s=96&d=mm&r=g\",\"caption\":\"Kuzeyin Sesi\"},\"sameAs\":[\"https:\\\/\\\/kuzeyinsesi.org\"],\"url\":\"https:\\\/\\\/kuzeyinsesi.org\\\/index.php\\\/author\\\/guven\\\/\"}]}<\/script>\n<!-- \/ Yoast SEO plugin. -->","yoast_head_json":{"title":"K\u0131br\u0131s Polifonik Korolar Derne\u011fi Otello Piccolo Vokal Toplulu\u011fu\u2019na T\u00fcrkiye\u2019den iki \u00f6d\u00fcl - Kuzeyin Sesi","robots":{"index":"index","follow":"follow","max-snippet":"max-snippet:-1","max-image-preview":"max-image-preview:large","max-video-preview":"max-video-preview:-1"},"canonical":"https:\/\/kuzeyinsesi.org\/index.php\/2024\/06\/03\/kibris-polifonik-korolar-dernegi-otello-piccolo-vokal-topluluguna-turkiyeden-iki-odul\/","og_locale":"tr_TR","og_type":"article","og_title":"K\u0131br\u0131s Polifonik Korolar Derne\u011fi Otello Piccolo Vokal Toplulu\u011fu\u2019na T\u00fcrkiye\u2019den iki \u00f6d\u00fcl - Kuzeyin Sesi","og_description":"K\u0131br\u0131s Polifonik Korolar Derne\u011fi Otello Piccolo Vokal Toplulu\u011fu, T\u00fcrkiye Polifonik Korolar Derne\u011fi taraf\u0131ndan bu y\u0131l 26\u2019nc\u0131s\u0131 d\u00fczenlenen T\u00fcrkiye Korolar \u015eenli\u011fi\u2019nde iki \u00f6d\u00fcl\u00fcn sahibi oldu. Dernekten yap\u0131lan a\u00e7\u0131klamaya g\u00f6re topluluk, \u201cBa\u015fkent M\u00fczik Evi \u00d6zendirme \u00d6d\u00fcl\u00fc\u201d ve j\u00fcri taraf\u0131ndan \u201cM\u00fczikalite ve M\u00fczikal Dinamikler\u201d \u00f6d\u00fcl\u00fcne lay\u0131k g\u00f6r\u00fcld\u00fc. \u015eampiyon Melekler i\u00e7in bestelenen \u201cYand\u0131 Ma\u011fusam\u201d isimli \u015fark\u0131y\u0131 da seslendiren topluluk, [&hellip;]","og_url":"https:\/\/kuzeyinsesi.org\/index.php\/2024\/06\/03\/kibris-polifonik-korolar-dernegi-otello-piccolo-vokal-topluluguna-turkiyeden-iki-odul\/","og_site_name":"Kuzeyin Sesi","article_publisher":"https:\/\/www.facebook.com\/kuzeyinsesii","article_published_time":"2024-06-03T08:38:11+00:00","og_image":[{"width":1544,"height":1004,"url":"https:\/\/kuzeyinsesi.org\/wp-content\/uploads\/2024\/06\/klklklklk.jpeg","type":"image\/jpeg"}],"author":"Kuzeyin Sesi","twitter_card":"summary_large_image","twitter_creator":"@kuzeyinsesii","twitter_site":"@kuzeyinsesii","twitter_misc":{"Yazan:":"Kuzeyin Sesi","Tahmini okuma s\u00fcresi":"1 dakika"},"schema":{"@context":"https:\/\/schema.org","@graph":[{"@type":"Article","@id":"https:\/\/kuzeyinsesi.org\/index.php\/2024\/06\/03\/kibris-polifonik-korolar-dernegi-otello-piccolo-vokal-topluluguna-turkiyeden-iki-odul\/#article","isPartOf":{"@id":"https:\/\/kuzeyinsesi.org\/index.php\/2024\/06\/03\/kibris-polifonik-korolar-dernegi-otello-piccolo-vokal-topluluguna-turkiyeden-iki-odul\/"},"author":{"name":"Kuzeyin Sesi","@id":"https:\/\/kuzeyinsesi.org\/#\/schema\/person\/9f859689cdf01485597712386e37f5aa"},"headline":"K\u0131br\u0131s Polifonik Korolar Derne\u011fi Otello Piccolo Vokal Toplulu\u011fu\u2019na T\u00fcrkiye\u2019den iki \u00f6d\u00fcl","datePublished":"2024-06-03T08:38:11+00:00","mainEntityOfPage":{"@id":"https:\/\/kuzeyinsesi.org\/index.php\/2024\/06\/03\/kibris-polifonik-korolar-dernegi-otello-piccolo-vokal-topluluguna-turkiyeden-iki-odul\/"},"wordCount":207,"commentCount":0,"image":{"@id":"https:\/\/kuzeyinsesi.org\/index.php\/2024\/06\/03\/kibris-polifonik-korolar-dernegi-otello-piccolo-vokal-topluluguna-turkiyeden-iki-odul\/#primaryimage"},"thumbnailUrl":"https:\/\/kuzeyinsesi.org\/wp-content\/uploads\/2024\/06\/klklklklk.jpeg","articleSection":["Ya\u015fam"],"inLanguage":"tr","potentialAction":[{"@type":"CommentAction","name":"Comment","target":["https:\/\/kuzeyinsesi.org\/index.php\/2024\/06\/03\/kibris-polifonik-korolar-dernegi-otello-piccolo-vokal-topluluguna-turkiyeden-iki-odul\/#respond"]}]},{"@type":"WebPage","@id":"https:\/\/kuzeyinsesi.org\/index.php\/2024\/06\/03\/kibris-polifonik-korolar-dernegi-otello-piccolo-vokal-topluluguna-turkiyeden-iki-odul\/","url":"https:\/\/kuzeyinsesi.org\/index.php\/2024\/06\/03\/kibris-polifonik-korolar-dernegi-otello-piccolo-vokal-topluluguna-turkiyeden-iki-odul\/","name":"K\u0131br\u0131s Polifonik Korolar Derne\u011fi Otello Piccolo Vokal Toplulu\u011fu\u2019na T\u00fcrkiye\u2019den iki \u00f6d\u00fcl - Kuzeyin Sesi","isPartOf":{"@id":"https:\/\/kuzeyinsesi.org\/#website"},"primaryImageOfPage":{"@id":"https:\/\/kuzeyinsesi.org\/index.php\/2024\/06\/03\/kibris-polifonik-korolar-dernegi-otello-piccolo-vokal-topluluguna-turkiyeden-iki-odul\/#primaryimage"},"image":{"@id":"https:\/\/kuzeyinsesi.org\/index.php\/2024\/06\/03\/kibris-polifonik-korolar-dernegi-otello-piccolo-vokal-topluluguna-turkiyeden-iki-odul\/#primaryimage"},"thumbnailUrl":"https:\/\/kuzeyinsesi.org\/wp-content\/uploads\/2024\/06\/klklklklk.jpeg","datePublished":"2024-06-03T08:38:11+00:00","author":{"@id":"https:\/\/kuzeyinsesi.org\/#\/schema\/person\/9f859689cdf01485597712386e37f5aa"},"breadcrumb":{"@id":"https:\/\/kuzeyinsesi.org\/index.php\/2024\/06\/03\/kibris-polifonik-korolar-dernegi-otello-piccolo-vokal-topluluguna-turkiyeden-iki-odul\/#breadcrumb"},"inLanguage":"tr","potentialAction":[{"@type":"ReadAction","target":["https:\/\/kuzeyinsesi.org\/index.php\/2024\/06\/03\/kibris-polifonik-korolar-dernegi-otello-piccolo-vokal-topluluguna-turkiyeden-iki-odul\/"]}]},{"@type":"ImageObject","inLanguage":"tr","@id":"https:\/\/kuzeyinsesi.org\/index.php\/2024\/06\/03\/kibris-polifonik-korolar-dernegi-otello-piccolo-vokal-topluluguna-turkiyeden-iki-odul\/#primaryimage","url":"https:\/\/kuzeyinsesi.org\/wp-content\/uploads\/2024\/06\/klklklklk.jpeg","contentUrl":"https:\/\/kuzeyinsesi.org\/wp-content\/uploads\/2024\/06\/klklklklk.jpeg","width":1544,"height":1004},{"@type":"BreadcrumbList","@id":"https:\/\/kuzeyinsesi.org\/index.php\/2024\/06\/03\/kibris-polifonik-korolar-dernegi-otello-piccolo-vokal-topluluguna-turkiyeden-iki-odul\/#breadcrumb","itemListElement":[{"@type":"ListItem","position":1,"name":"Anasayfa","item":"https:\/\/kuzeyinsesi.org\/"},{"@type":"ListItem","position":2,"name":"K\u0131br\u0131s Polifonik Korolar Derne\u011fi Otello Piccolo Vokal Toplulu\u011fu\u2019na T\u00fcrkiye\u2019den iki \u00f6d\u00fcl"}]},{"@type":"WebSite","@id":"https:\/\/kuzeyinsesi.org\/#website","url":"https:\/\/kuzeyinsesi.org\/","name":"Kuzeyin Sesi","description":"Do\u011fru Haberin Adresi","potentialAction":[{"@type":"SearchAction","target":{"@type":"EntryPoint","urlTemplate":"https:\/\/kuzeyinsesi.org\/?s={search_term_string}"},"query-input":{"@type":"PropertyValueSpecification","valueRequired":true,"valueName":"search_term_string"}}],"inLanguage":"tr"},{"@type":"Person","@id":"https:\/\/kuzeyinsesi.org\/#\/schema\/person\/9f859689cdf01485597712386e37f5aa","name":"Kuzeyin Sesi","image":{"@type":"ImageObject","inLanguage":"tr","@id":"https:\/\/secure.gravatar.com\/avatar\/bab33852abfd8b282518d6ed81826833d77c3c882d9ab608add591ccace47a44?s=96&d=mm&r=g","url":"https:\/\/secure.gravatar.com\/avatar\/bab33852abfd8b282518d6ed81826833d77c3c882d9ab608add591ccace47a44?s=96&d=mm&r=g","contentUrl":"https:\/\/secure.gravatar.com\/avatar\/bab33852abfd8b282518d6ed81826833d77c3c882d9ab608add591ccace47a44?s=96&d=mm&r=g","caption":"Kuzeyin Sesi"},"sameAs":["https:\/\/kuzeyinsesi.org"],"url":"https:\/\/kuzeyinsesi.org\/index.php\/author\/guven\/"}]}},"_links":{"self":[{"href":"https:\/\/kuzeyinsesi.org\/index.php\/wp-json\/wp\/v2\/posts\/3969","targetHints":{"allow":["GET"]}}],"collection":[{"href":"https:\/\/kuzeyinsesi.org\/index.php\/wp-json\/wp\/v2\/posts"}],"about":[{"href":"https:\/\/kuzeyinsesi.org\/index.php\/wp-json\/wp\/v2\/types\/post"}],"author":[{"embeddable":true,"href":"https:\/\/kuzeyinsesi.org\/index.php\/wp-json\/wp\/v2\/users\/1"}],"replies":[{"embeddable":true,"href":"https:\/\/kuzeyinsesi.org\/index.php\/wp-json\/wp\/v2\/comments?post=3969"}],"version-history":[{"count":0,"href":"https:\/\/kuzeyinsesi.org\/index.php\/wp-json\/wp\/v2\/posts\/3969\/revisions"}],"wp:featuredmedia":[{"embeddable":true,"href":"https:\/\/kuzeyinsesi.org\/index.php\/wp-json\/wp\/v2\/media\/3970"}],"wp:attachment":[{"href":"https:\/\/kuzeyinsesi.org\/index.php\/wp-json\/wp\/v2\/media?parent=3969"}],"wp:term":[{"taxonomy":"category","embeddable":true,"href":"https:\/\/kuzeyinsesi.org\/index.php\/wp-json\/wp\/v2\/categories?post=3969"},{"taxonomy":"post_tag","embeddable":true,"href":"https:\/\/kuzeyinsesi.org\/index.php\/wp-json\/wp\/v2\/tags?post=3969"}],"curies":[{"name":"wp","href":"https:\/\/api.w.org\/{rel}","templated":true}]}}