{"id":3949,"date":"2024-06-02T19:17:02","date_gmt":"2024-06-02T16:17:02","guid":{"rendered":"https:\/\/kuzeyinsesi.com\/index.php\/2024\/06\/02\/1-haziran-dunya-cocuk-gunu-girnede-etkinliklerle-kutlandi\/"},"modified":"2024-06-02T19:17:02","modified_gmt":"2024-06-02T16:17:02","slug":"1-haziran-dunya-cocuk-gunu-girnede-etkinliklerle-kutlandi","status":"publish","type":"post","link":"https:\/\/kuzeyinsesi.org\/index.php\/2024\/06\/02\/1-haziran-dunya-cocuk-gunu-girnede-etkinliklerle-kutlandi\/","title":{"rendered":"1 Haziran D\u00fcnya \u00c7ocuk G\u00fcn\u00fc Girne\u2019de etkinliklerle kutland\u0131"},"content":{"rendered":"<div>\n<div class=\"mariselle-image-container center\">\n                                            <\/div>\n<p>1 Haziran D\u00fcnya \u00c7ocuk G\u00fcn\u00fc, Girne\u2019de \u00e7e\u015fitli etkinliklerle kutland\u0131.<\/p>\n<p>Girne Belediyesinden yap\u0131lan a\u00e7\u0131klamaya g\u00f6re, Ramadan Cemil Meydan\u0131, Sosyal Ya\u015fam Merkezi\u2019nde (Eski Belediye Binas\u0131 \u00d6n\u00fc) yer alan etkinlikler, saat 10.30\u2019da ba\u015flad\u0131 ve g\u00fcn boyu devam etti.<\/p>\n<p>Etkinlikler kapsam\u0131nda K\u0131br\u0131s Dostluk Cemiyeti\u2019nin keman ve piyano dinletisi sunarken, 23 Nisan \u0130lkokulu, Karao\u011flano\u011flu \u0130lkokulu, Mustafa \u00c7a\u011fatay \u0130lkokulu, \u015eht. Hasan Cafer \u0130lkokulu ve Gen\u00e7 Sanat Severler dans g\u00f6sterileri sahneledi.<\/p>\n<p>\u015eht. Hasan Cafer \u0130lkokulu\u2019nun bando g\u00f6sterisi ile O\u011fuz Veli Ortaokulu\u2019nun koro g\u00f6sterisinin de yer ald\u0131\u011f\u0131 etkinliklerde, Magic Show Sihirbaz An\u0131l G\u00f6kg\u00fcl de sahne ald\u0131.<\/p>\n<p>Bubu ve Fiyu akrobasi ve jongl\u00f6r g\u00f6sterisi izleyicilerle bulu\u015furken, Meritta Kids Club meydan oyunlar\u0131 d\u00fczenlendi.<\/p>\n<p>Happy Land\u2019in bale ve dans g\u00f6sterisinin ard\u0131ndan Yak\u0131n Do\u011fu Dans Okulu sahne ald\u0131.<\/p>\n<\/p><\/div>\n<p><script async\n                    defer\n                    crossorigin=\"anonymous\"\n                    src=\"https:\/\/connect.facebook.net\/tr_TR\/sdk.js#xfbml=1&#038;version=v3.3\"\n            ><\/script><\/p>\n","protected":false},"excerpt":{"rendered":"<p>1 Haziran D\u00fcnya \u00c7ocuk G\u00fcn\u00fc, Girne\u2019de \u00e7e\u015fitli etkinliklerle kutland\u0131. Girne Belediyesinden yap\u0131lan a\u00e7\u0131klamaya g\u00f6re, Ramadan Cemil Meydan\u0131, Sosyal Ya\u015fam Merkezi\u2019nde (Eski Belediye Binas\u0131 \u00d6n\u00fc) yer alan etkinlikler, saat 10.30\u2019da ba\u015flad\u0131 ve g\u00fcn boyu devam etti. Etkinlikler kapsam\u0131nda K\u0131br\u0131s Dostluk Cemiyeti\u2019nin keman ve piyano dinletisi sunarken, 23 Nisan \u0130lkokulu, Karao\u011flano\u011flu \u0130lkokulu, Mustafa \u00c7a\u011fatay \u0130lkokulu, \u015eht. Hasan [&hellip;]<\/p>\n","protected":false},"author":1,"featured_media":3950,"comment_status":"open","ping_status":"open","sticky":false,"template":"","format":"standard","meta":{"jnews-multi-image_gallery":[],"jnews_single_post":[],"jnews_primary_category":[],"jnews_social_meta":[],"jnews_override_counter":[],"footnotes":""},"categories":[6],"tags":[],"class_list":["post-3949","post","type-post","status-publish","format-standard","has-post-thumbnail","hentry","category-yasam"],"yoast_head":"<!-- This site is optimized with the Yoast SEO plugin v27.5 - https:\/\/yoast.com\/product\/yoast-seo-wordpress\/ -->\n<title>1 Haziran D\u00fcnya \u00c7ocuk G\u00fcn\u00fc Girne\u2019de etkinliklerle kutland\u0131 - Kuzeyin Sesi<\/title>\n<meta name=\"robots\" content=\"index, follow, max-snippet:-1, max-image-preview:large, max-video-preview:-1\" \/>\n<link rel=\"canonical\" href=\"https:\/\/kuzeyinsesi.org\/index.php\/2024\/06\/02\/1-haziran-dunya-cocuk-gunu-girnede-etkinliklerle-kutlandi\/\" \/>\n<meta property=\"og:locale\" content=\"tr_TR\" \/>\n<meta property=\"og:type\" content=\"article\" \/>\n<meta property=\"og:title\" content=\"1 Haziran D\u00fcnya \u00c7ocuk G\u00fcn\u00fc Girne\u2019de etkinliklerle kutland\u0131 - Kuzeyin Sesi\" \/>\n<meta property=\"og:description\" content=\"1 Haziran D\u00fcnya \u00c7ocuk G\u00fcn\u00fc, Girne\u2019de \u00e7e\u015fitli etkinliklerle kutland\u0131. Girne Belediyesinden yap\u0131lan a\u00e7\u0131klamaya g\u00f6re, Ramadan Cemil Meydan\u0131, Sosyal Ya\u015fam Merkezi\u2019nde (Eski Belediye Binas\u0131 \u00d6n\u00fc) yer alan etkinlikler, saat 10.30\u2019da ba\u015flad\u0131 ve g\u00fcn boyu devam etti. Etkinlikler kapsam\u0131nda K\u0131br\u0131s Dostluk Cemiyeti\u2019nin keman ve piyano dinletisi sunarken, 23 Nisan \u0130lkokulu, Karao\u011flano\u011flu \u0130lkokulu, Mustafa \u00c7a\u011fatay \u0130lkokulu, \u015eht. Hasan [&hellip;]\" \/>\n<meta property=\"og:url\" content=\"https:\/\/kuzeyinsesi.org\/index.php\/2024\/06\/02\/1-haziran-dunya-cocuk-gunu-girnede-etkinliklerle-kutlandi\/\" \/>\n<meta property=\"og:site_name\" content=\"Kuzeyin Sesi\" \/>\n<meta property=\"article:publisher\" content=\"https:\/\/www.facebook.com\/kuzeyinsesii\" \/>\n<meta property=\"article:published_time\" content=\"2024-06-02T16:17:02+00:00\" \/>\n<meta property=\"og:image\" content=\"https:\/\/kuzeyinsesi.org\/wp-content\/uploads\/2024\/06\/cocuk-soleni-51.jpg\" \/>\n\t<meta property=\"og:image:width\" content=\"1500\" \/>\n\t<meta property=\"og:image:height\" content=\"1125\" \/>\n\t<meta property=\"og:image:type\" content=\"image\/jpeg\" \/>\n<meta name=\"author\" content=\"Kuzeyin Sesi\" \/>\n<meta name=\"twitter:card\" content=\"summary_large_image\" \/>\n<meta name=\"twitter:creator\" content=\"@kuzeyinsesii\" \/>\n<meta name=\"twitter:site\" content=\"@kuzeyinsesii\" \/>\n<meta name=\"twitter:label1\" content=\"Yazan:\" \/>\n\t<meta name=\"twitter:data1\" content=\"Kuzeyin Sesi\" \/>\n\t<meta name=\"twitter:label2\" content=\"Tahmini okuma s\u00fcresi\" \/>\n\t<meta name=\"twitter:data2\" content=\"1 dakika\" \/>\n<script type=\"application\/ld+json\" class=\"yoast-schema-graph\">{\"@context\":\"https:\\\/\\\/schema.org\",\"@graph\":[{\"@type\":\"Article\",\"@id\":\"https:\\\/\\\/kuzeyinsesi.org\\\/index.php\\\/2024\\\/06\\\/02\\\/1-haziran-dunya-cocuk-gunu-girnede-etkinliklerle-kutlandi\\\/#article\",\"isPartOf\":{\"@id\":\"https:\\\/\\\/kuzeyinsesi.org\\\/index.php\\\/2024\\\/06\\\/02\\\/1-haziran-dunya-cocuk-gunu-girnede-etkinliklerle-kutlandi\\\/\"},\"author\":{\"name\":\"Kuzeyin Sesi\",\"@id\":\"https:\\\/\\\/kuzeyinsesi.org\\\/#\\\/schema\\\/person\\\/9f859689cdf01485597712386e37f5aa\"},\"headline\":\"1 Haziran D\u00fcnya \u00c7ocuk G\u00fcn\u00fc Girne\u2019de etkinliklerle kutland\u0131\",\"datePublished\":\"2024-06-02T16:17:02+00:00\",\"mainEntityOfPage\":{\"@id\":\"https:\\\/\\\/kuzeyinsesi.org\\\/index.php\\\/2024\\\/06\\\/02\\\/1-haziran-dunya-cocuk-gunu-girnede-etkinliklerle-kutlandi\\\/\"},\"wordCount\":160,\"commentCount\":0,\"image\":{\"@id\":\"https:\\\/\\\/kuzeyinsesi.org\\\/index.php\\\/2024\\\/06\\\/02\\\/1-haziran-dunya-cocuk-gunu-girnede-etkinliklerle-kutlandi\\\/#primaryimage\"},\"thumbnailUrl\":\"https:\\\/\\\/kuzeyinsesi.org\\\/wp-content\\\/uploads\\\/2024\\\/06\\\/cocuk-soleni-51.jpg\",\"articleSection\":[\"Ya\u015fam\"],\"inLanguage\":\"tr\",\"potentialAction\":[{\"@type\":\"CommentAction\",\"name\":\"Comment\",\"target\":[\"https:\\\/\\\/kuzeyinsesi.org\\\/index.php\\\/2024\\\/06\\\/02\\\/1-haziran-dunya-cocuk-gunu-girnede-etkinliklerle-kutlandi\\\/#respond\"]}]},{\"@type\":\"WebPage\",\"@id\":\"https:\\\/\\\/kuzeyinsesi.org\\\/index.php\\\/2024\\\/06\\\/02\\\/1-haziran-dunya-cocuk-gunu-girnede-etkinliklerle-kutlandi\\\/\",\"url\":\"https:\\\/\\\/kuzeyinsesi.org\\\/index.php\\\/2024\\\/06\\\/02\\\/1-haziran-dunya-cocuk-gunu-girnede-etkinliklerle-kutlandi\\\/\",\"name\":\"1 Haziran D\u00fcnya \u00c7ocuk G\u00fcn\u00fc Girne\u2019de etkinliklerle kutland\u0131 - Kuzeyin Sesi\",\"isPartOf\":{\"@id\":\"https:\\\/\\\/kuzeyinsesi.org\\\/#website\"},\"primaryImageOfPage\":{\"@id\":\"https:\\\/\\\/kuzeyinsesi.org\\\/index.php\\\/2024\\\/06\\\/02\\\/1-haziran-dunya-cocuk-gunu-girnede-etkinliklerle-kutlandi\\\/#primaryimage\"},\"image\":{\"@id\":\"https:\\\/\\\/kuzeyinsesi.org\\\/index.php\\\/2024\\\/06\\\/02\\\/1-haziran-dunya-cocuk-gunu-girnede-etkinliklerle-kutlandi\\\/#primaryimage\"},\"thumbnailUrl\":\"https:\\\/\\\/kuzeyinsesi.org\\\/wp-content\\\/uploads\\\/2024\\\/06\\\/cocuk-soleni-51.jpg\",\"datePublished\":\"2024-06-02T16:17:02+00:00\",\"author\":{\"@id\":\"https:\\\/\\\/kuzeyinsesi.org\\\/#\\\/schema\\\/person\\\/9f859689cdf01485597712386e37f5aa\"},\"breadcrumb\":{\"@id\":\"https:\\\/\\\/kuzeyinsesi.org\\\/index.php\\\/2024\\\/06\\\/02\\\/1-haziran-dunya-cocuk-gunu-girnede-etkinliklerle-kutlandi\\\/#breadcrumb\"},\"inLanguage\":\"tr\",\"potentialAction\":[{\"@type\":\"ReadAction\",\"target\":[\"https:\\\/\\\/kuzeyinsesi.org\\\/index.php\\\/2024\\\/06\\\/02\\\/1-haziran-dunya-cocuk-gunu-girnede-etkinliklerle-kutlandi\\\/\"]}]},{\"@type\":\"ImageObject\",\"inLanguage\":\"tr\",\"@id\":\"https:\\\/\\\/kuzeyinsesi.org\\\/index.php\\\/2024\\\/06\\\/02\\\/1-haziran-dunya-cocuk-gunu-girnede-etkinliklerle-kutlandi\\\/#primaryimage\",\"url\":\"https:\\\/\\\/kuzeyinsesi.org\\\/wp-content\\\/uploads\\\/2024\\\/06\\\/cocuk-soleni-51.jpg\",\"contentUrl\":\"https:\\\/\\\/kuzeyinsesi.org\\\/wp-content\\\/uploads\\\/2024\\\/06\\\/cocuk-soleni-51.jpg\",\"width\":1500,\"height\":1125},{\"@type\":\"BreadcrumbList\",\"@id\":\"https:\\\/\\\/kuzeyinsesi.org\\\/index.php\\\/2024\\\/06\\\/02\\\/1-haziran-dunya-cocuk-gunu-girnede-etkinliklerle-kutlandi\\\/#breadcrumb\",\"itemListElement\":[{\"@type\":\"ListItem\",\"position\":1,\"name\":\"Anasayfa\",\"item\":\"https:\\\/\\\/kuzeyinsesi.org\\\/\"},{\"@type\":\"ListItem\",\"position\":2,\"name\":\"1 Haziran D\u00fcnya \u00c7ocuk G\u00fcn\u00fc Girne\u2019de etkinliklerle kutland\u0131\"}]},{\"@type\":\"WebSite\",\"@id\":\"https:\\\/\\\/kuzeyinsesi.org\\\/#website\",\"url\":\"https:\\\/\\\/kuzeyinsesi.org\\\/\",\"name\":\"Kuzeyin Sesi\",\"description\":\"Do\u011fru Haberin Adresi\",\"potentialAction\":[{\"@type\":\"SearchAction\",\"target\":{\"@type\":\"EntryPoint\",\"urlTemplate\":\"https:\\\/\\\/kuzeyinsesi.org\\\/?s={search_term_string}\"},\"query-input\":{\"@type\":\"PropertyValueSpecification\",\"valueRequired\":true,\"valueName\":\"search_term_string\"}}],\"inLanguage\":\"tr\"},{\"@type\":\"Person\",\"@id\":\"https:\\\/\\\/kuzeyinsesi.org\\\/#\\\/schema\\\/person\\\/9f859689cdf01485597712386e37f5aa\",\"name\":\"Kuzeyin Sesi\",\"image\":{\"@type\":\"ImageObject\",\"inLanguage\":\"tr\",\"@id\":\"https:\\\/\\\/secure.gravatar.com\\\/avatar\\\/bab33852abfd8b282518d6ed81826833d77c3c882d9ab608add591ccace47a44?s=96&d=mm&r=g\",\"url\":\"https:\\\/\\\/secure.gravatar.com\\\/avatar\\\/bab33852abfd8b282518d6ed81826833d77c3c882d9ab608add591ccace47a44?s=96&d=mm&r=g\",\"contentUrl\":\"https:\\\/\\\/secure.gravatar.com\\\/avatar\\\/bab33852abfd8b282518d6ed81826833d77c3c882d9ab608add591ccace47a44?s=96&d=mm&r=g\",\"caption\":\"Kuzeyin Sesi\"},\"sameAs\":[\"https:\\\/\\\/kuzeyinsesi.org\"],\"url\":\"https:\\\/\\\/kuzeyinsesi.org\\\/index.php\\\/author\\\/guven\\\/\"}]}<\/script>\n<!-- \/ Yoast SEO plugin. -->","yoast_head_json":{"title":"1 Haziran D\u00fcnya \u00c7ocuk G\u00fcn\u00fc Girne\u2019de etkinliklerle kutland\u0131 - Kuzeyin Sesi","robots":{"index":"index","follow":"follow","max-snippet":"max-snippet:-1","max-image-preview":"max-image-preview:large","max-video-preview":"max-video-preview:-1"},"canonical":"https:\/\/kuzeyinsesi.org\/index.php\/2024\/06\/02\/1-haziran-dunya-cocuk-gunu-girnede-etkinliklerle-kutlandi\/","og_locale":"tr_TR","og_type":"article","og_title":"1 Haziran D\u00fcnya \u00c7ocuk G\u00fcn\u00fc Girne\u2019de etkinliklerle kutland\u0131 - Kuzeyin Sesi","og_description":"1 Haziran D\u00fcnya \u00c7ocuk G\u00fcn\u00fc, Girne\u2019de \u00e7e\u015fitli etkinliklerle kutland\u0131. Girne Belediyesinden yap\u0131lan a\u00e7\u0131klamaya g\u00f6re, Ramadan Cemil Meydan\u0131, Sosyal Ya\u015fam Merkezi\u2019nde (Eski Belediye Binas\u0131 \u00d6n\u00fc) yer alan etkinlikler, saat 10.30\u2019da ba\u015flad\u0131 ve g\u00fcn boyu devam etti. Etkinlikler kapsam\u0131nda K\u0131br\u0131s Dostluk Cemiyeti\u2019nin keman ve piyano dinletisi sunarken, 23 Nisan \u0130lkokulu, Karao\u011flano\u011flu \u0130lkokulu, Mustafa \u00c7a\u011fatay \u0130lkokulu, \u015eht. Hasan [&hellip;]","og_url":"https:\/\/kuzeyinsesi.org\/index.php\/2024\/06\/02\/1-haziran-dunya-cocuk-gunu-girnede-etkinliklerle-kutlandi\/","og_site_name":"Kuzeyin Sesi","article_publisher":"https:\/\/www.facebook.com\/kuzeyinsesii","article_published_time":"2024-06-02T16:17:02+00:00","og_image":[{"width":1500,"height":1125,"url":"https:\/\/kuzeyinsesi.org\/wp-content\/uploads\/2024\/06\/cocuk-soleni-51.jpg","type":"image\/jpeg"}],"author":"Kuzeyin Sesi","twitter_card":"summary_large_image","twitter_creator":"@kuzeyinsesii","twitter_site":"@kuzeyinsesii","twitter_misc":{"Yazan:":"Kuzeyin Sesi","Tahmini okuma s\u00fcresi":"1 dakika"},"schema":{"@context":"https:\/\/schema.org","@graph":[{"@type":"Article","@id":"https:\/\/kuzeyinsesi.org\/index.php\/2024\/06\/02\/1-haziran-dunya-cocuk-gunu-girnede-etkinliklerle-kutlandi\/#article","isPartOf":{"@id":"https:\/\/kuzeyinsesi.org\/index.php\/2024\/06\/02\/1-haziran-dunya-cocuk-gunu-girnede-etkinliklerle-kutlandi\/"},"author":{"name":"Kuzeyin Sesi","@id":"https:\/\/kuzeyinsesi.org\/#\/schema\/person\/9f859689cdf01485597712386e37f5aa"},"headline":"1 Haziran D\u00fcnya \u00c7ocuk G\u00fcn\u00fc Girne\u2019de etkinliklerle kutland\u0131","datePublished":"2024-06-02T16:17:02+00:00","mainEntityOfPage":{"@id":"https:\/\/kuzeyinsesi.org\/index.php\/2024\/06\/02\/1-haziran-dunya-cocuk-gunu-girnede-etkinliklerle-kutlandi\/"},"wordCount":160,"commentCount":0,"image":{"@id":"https:\/\/kuzeyinsesi.org\/index.php\/2024\/06\/02\/1-haziran-dunya-cocuk-gunu-girnede-etkinliklerle-kutlandi\/#primaryimage"},"thumbnailUrl":"https:\/\/kuzeyinsesi.org\/wp-content\/uploads\/2024\/06\/cocuk-soleni-51.jpg","articleSection":["Ya\u015fam"],"inLanguage":"tr","potentialAction":[{"@type":"CommentAction","name":"Comment","target":["https:\/\/kuzeyinsesi.org\/index.php\/2024\/06\/02\/1-haziran-dunya-cocuk-gunu-girnede-etkinliklerle-kutlandi\/#respond"]}]},{"@type":"WebPage","@id":"https:\/\/kuzeyinsesi.org\/index.php\/2024\/06\/02\/1-haziran-dunya-cocuk-gunu-girnede-etkinliklerle-kutlandi\/","url":"https:\/\/kuzeyinsesi.org\/index.php\/2024\/06\/02\/1-haziran-dunya-cocuk-gunu-girnede-etkinliklerle-kutlandi\/","name":"1 Haziran D\u00fcnya \u00c7ocuk G\u00fcn\u00fc Girne\u2019de etkinliklerle kutland\u0131 - Kuzeyin Sesi","isPartOf":{"@id":"https:\/\/kuzeyinsesi.org\/#website"},"primaryImageOfPage":{"@id":"https:\/\/kuzeyinsesi.org\/index.php\/2024\/06\/02\/1-haziran-dunya-cocuk-gunu-girnede-etkinliklerle-kutlandi\/#primaryimage"},"image":{"@id":"https:\/\/kuzeyinsesi.org\/index.php\/2024\/06\/02\/1-haziran-dunya-cocuk-gunu-girnede-etkinliklerle-kutlandi\/#primaryimage"},"thumbnailUrl":"https:\/\/kuzeyinsesi.org\/wp-content\/uploads\/2024\/06\/cocuk-soleni-51.jpg","datePublished":"2024-06-02T16:17:02+00:00","author":{"@id":"https:\/\/kuzeyinsesi.org\/#\/schema\/person\/9f859689cdf01485597712386e37f5aa"},"breadcrumb":{"@id":"https:\/\/kuzeyinsesi.org\/index.php\/2024\/06\/02\/1-haziran-dunya-cocuk-gunu-girnede-etkinliklerle-kutlandi\/#breadcrumb"},"inLanguage":"tr","potentialAction":[{"@type":"ReadAction","target":["https:\/\/kuzeyinsesi.org\/index.php\/2024\/06\/02\/1-haziran-dunya-cocuk-gunu-girnede-etkinliklerle-kutlandi\/"]}]},{"@type":"ImageObject","inLanguage":"tr","@id":"https:\/\/kuzeyinsesi.org\/index.php\/2024\/06\/02\/1-haziran-dunya-cocuk-gunu-girnede-etkinliklerle-kutlandi\/#primaryimage","url":"https:\/\/kuzeyinsesi.org\/wp-content\/uploads\/2024\/06\/cocuk-soleni-51.jpg","contentUrl":"https:\/\/kuzeyinsesi.org\/wp-content\/uploads\/2024\/06\/cocuk-soleni-51.jpg","width":1500,"height":1125},{"@type":"BreadcrumbList","@id":"https:\/\/kuzeyinsesi.org\/index.php\/2024\/06\/02\/1-haziran-dunya-cocuk-gunu-girnede-etkinliklerle-kutlandi\/#breadcrumb","itemListElement":[{"@type":"ListItem","position":1,"name":"Anasayfa","item":"https:\/\/kuzeyinsesi.org\/"},{"@type":"ListItem","position":2,"name":"1 Haziran D\u00fcnya \u00c7ocuk G\u00fcn\u00fc Girne\u2019de etkinliklerle kutland\u0131"}]},{"@type":"WebSite","@id":"https:\/\/kuzeyinsesi.org\/#website","url":"https:\/\/kuzeyinsesi.org\/","name":"Kuzeyin Sesi","description":"Do\u011fru Haberin Adresi","potentialAction":[{"@type":"SearchAction","target":{"@type":"EntryPoint","urlTemplate":"https:\/\/kuzeyinsesi.org\/?s={search_term_string}"},"query-input":{"@type":"PropertyValueSpecification","valueRequired":true,"valueName":"search_term_string"}}],"inLanguage":"tr"},{"@type":"Person","@id":"https:\/\/kuzeyinsesi.org\/#\/schema\/person\/9f859689cdf01485597712386e37f5aa","name":"Kuzeyin Sesi","image":{"@type":"ImageObject","inLanguage":"tr","@id":"https:\/\/secure.gravatar.com\/avatar\/bab33852abfd8b282518d6ed81826833d77c3c882d9ab608add591ccace47a44?s=96&d=mm&r=g","url":"https:\/\/secure.gravatar.com\/avatar\/bab33852abfd8b282518d6ed81826833d77c3c882d9ab608add591ccace47a44?s=96&d=mm&r=g","contentUrl":"https:\/\/secure.gravatar.com\/avatar\/bab33852abfd8b282518d6ed81826833d77c3c882d9ab608add591ccace47a44?s=96&d=mm&r=g","caption":"Kuzeyin Sesi"},"sameAs":["https:\/\/kuzeyinsesi.org"],"url":"https:\/\/kuzeyinsesi.org\/index.php\/author\/guven\/"}]}},"_links":{"self":[{"href":"https:\/\/kuzeyinsesi.org\/index.php\/wp-json\/wp\/v2\/posts\/3949","targetHints":{"allow":["GET"]}}],"collection":[{"href":"https:\/\/kuzeyinsesi.org\/index.php\/wp-json\/wp\/v2\/posts"}],"about":[{"href":"https:\/\/kuzeyinsesi.org\/index.php\/wp-json\/wp\/v2\/types\/post"}],"author":[{"embeddable":true,"href":"https:\/\/kuzeyinsesi.org\/index.php\/wp-json\/wp\/v2\/users\/1"}],"replies":[{"embeddable":true,"href":"https:\/\/kuzeyinsesi.org\/index.php\/wp-json\/wp\/v2\/comments?post=3949"}],"version-history":[{"count":0,"href":"https:\/\/kuzeyinsesi.org\/index.php\/wp-json\/wp\/v2\/posts\/3949\/revisions"}],"wp:featuredmedia":[{"embeddable":true,"href":"https:\/\/kuzeyinsesi.org\/index.php\/wp-json\/wp\/v2\/media\/3950"}],"wp:attachment":[{"href":"https:\/\/kuzeyinsesi.org\/index.php\/wp-json\/wp\/v2\/media?parent=3949"}],"wp:term":[{"taxonomy":"category","embeddable":true,"href":"https:\/\/kuzeyinsesi.org\/index.php\/wp-json\/wp\/v2\/categories?post=3949"},{"taxonomy":"post_tag","embeddable":true,"href":"https:\/\/kuzeyinsesi.org\/index.php\/wp-json\/wp\/v2\/tags?post=3949"}],"curies":[{"name":"wp","href":"https:\/\/api.w.org\/{rel}","templated":true}]}}