{"id":3947,"date":"2024-06-02T18:16:09","date_gmt":"2024-06-02T15:16:09","guid":{"rendered":"https:\/\/kuzeyinsesi.com\/index.php\/2024\/06\/02\/kibris-tiyatro-festivali-1-hazirani-cocuklara-ayirdi\/"},"modified":"2024-06-02T18:16:09","modified_gmt":"2024-06-02T15:16:09","slug":"kibris-tiyatro-festivali-1-hazirani-cocuklara-ayirdi","status":"publish","type":"post","link":"https:\/\/kuzeyinsesi.org\/index.php\/2024\/06\/02\/kibris-tiyatro-festivali-1-hazirani-cocuklara-ayirdi\/","title":{"rendered":"K\u0131br\u0131s Tiyatro Festivali, 1 Haziran\u2019\u0131 \u00e7ocuklara ay\u0131rd\u0131"},"content":{"rendered":"<div>\n<div class=\"mariselle-image-container center\">\n                                            <\/div>\n<p>\nLefko\u015fa T\u00fcrk Belediyesi\u2019nin (LTB) bu y\u0131l 20\u2019ncisini d\u00fczenledi\u011fi K\u0131br\u0131s Tiyatro Festivali, 1 Haziran D\u00fcnya \u00c7ocuk G\u00fcn\u00fc\u2019nde \u0130stanbul \u015eehir Tiyatrolar\u0131\u2019n\u0131n \u00e7ocuk oyunu olan \u201c\u00c7\u00f6ps\u00fcz D\u00fcnya\u201dy\u0131 sahneledi.<\/p>\n<p>\u0130klim de\u011fi\u015fikli\u011fi ve hava kirlili\u011fi sonras\u0131nda do\u011fada ya\u015fanan de\u011fi\u015fimleri konu edinen \u00e7ocuk oyunu, salonu dolduran \u00e7ocuk ve ailelerin be\u011fenisini kazand\u0131.<\/p>\n<p>LTB\u2019den verilen bilgiye g\u00f6re, Arzu Yurtseven\u2019in yazd\u0131\u011f\u0131 ve Nihat Alpteki\u2019nin y\u00f6netti\u011fi \u201c\u00c7\u00f6ps\u00fcz D\u00fcnya\u201dn\u0131n oyuncu kadrosunda Engin Akp\u0131nar, Eyl\u00fcl So\u011fuk\u00e7ay, Mehmet Soner Din\u00e7, P\u0131nar Demiral ve Samet Silme yer ald\u0131.<\/p>\n<p>\u201c\u00c7\u0131k\u0131n I\u015f\u0131\u011fa Bulu\u015fabilenler, Sevindirebilenler, De\u011fi\u015febilenler\u201d slogan\u0131yla perdelerini a\u00e7an 20. K\u0131br\u0131s Tiyatro Festivali, yar\u0131n ak\u015fam Lefko\u015fa Belediye Tiyatrosu\u2019nun \u201cTart\u00fcf24\u201d oyunu ile devam edecek. \u0130ki gece \u00fcst \u00fcste sahnelenecek oyun Lefko\u015fa Belediye Tiyatrosu\u2019nda yer alacak ve saat 20.30\u2019da ba\u015flayacak.<\/p>\n<p>Grand Pasha ve \u0130ktisatbank ana sponsorlu\u011funda d\u00fczenlenen festivalin, g\u00fcm\u00fc\u015f sponsoru Birinci Global olurken, salon sponsorlu\u011funu Yak\u0131n Do\u011fu \u00dcniversitesi (YD\u00dc), ula\u015f\u0131m sponsorlu\u011funu ise Northern Travel \u00fcstleniyor; ayr\u0131ca Wideline, Bel-Koop ve SIBA Limited de festivale katk\u0131 koyanlar aras\u0131nda yer al\u0131yor.<\/p>\n<p>Festival biletleri, Lefko\u015fa Belediye Tiyatrosu gi\u015fesi ve www.biletinial.com\u2019dan al\u0131nabiliyor.<\/p>\n<\/p><\/div>\n<p><script async\n                    defer\n                    crossorigin=\"anonymous\"\n                    src=\"https:\/\/connect.facebook.net\/tr_TR\/sdk.js#xfbml=1&#038;version=v3.3\"\n            ><\/script><\/p>\n","protected":false},"excerpt":{"rendered":"<p>Lefko\u015fa T\u00fcrk Belediyesi\u2019nin (LTB) bu y\u0131l 20\u2019ncisini d\u00fczenledi\u011fi K\u0131br\u0131s Tiyatro Festivali, 1 Haziran D\u00fcnya \u00c7ocuk G\u00fcn\u00fc\u2019nde \u0130stanbul \u015eehir Tiyatrolar\u0131\u2019n\u0131n \u00e7ocuk oyunu olan \u201c\u00c7\u00f6ps\u00fcz D\u00fcnya\u201dy\u0131 sahneledi. \u0130klim de\u011fi\u015fikli\u011fi ve hava kirlili\u011fi sonras\u0131nda do\u011fada ya\u015fanan de\u011fi\u015fimleri konu edinen \u00e7ocuk oyunu, salonu dolduran \u00e7ocuk ve ailelerin be\u011fenisini kazand\u0131. LTB\u2019den verilen bilgiye g\u00f6re, Arzu Yurtseven\u2019in yazd\u0131\u011f\u0131 ve Nihat Alpteki\u2019nin [&hellip;]<\/p>\n","protected":false},"author":1,"featured_media":3948,"comment_status":"open","ping_status":"open","sticky":false,"template":"","format":"standard","meta":{"jnews-multi-image_gallery":[],"jnews_single_post":[],"jnews_primary_category":[],"jnews_social_meta":[],"jnews_override_counter":[],"footnotes":""},"categories":[6],"tags":[],"class_list":["post-3947","post","type-post","status-publish","format-standard","has-post-thumbnail","hentry","category-yasam"],"yoast_head":"<!-- This site is optimized with the Yoast SEO plugin v27.5 - https:\/\/yoast.com\/product\/yoast-seo-wordpress\/ -->\n<title>K\u0131br\u0131s Tiyatro Festivali, 1 Haziran\u2019\u0131 \u00e7ocuklara ay\u0131rd\u0131 - Kuzeyin Sesi<\/title>\n<meta name=\"robots\" content=\"index, follow, max-snippet:-1, max-image-preview:large, max-video-preview:-1\" \/>\n<link rel=\"canonical\" href=\"https:\/\/kuzeyinsesi.org\/index.php\/2024\/06\/02\/kibris-tiyatro-festivali-1-hazirani-cocuklara-ayirdi\/\" \/>\n<meta property=\"og:locale\" content=\"tr_TR\" \/>\n<meta property=\"og:type\" content=\"article\" \/>\n<meta property=\"og:title\" content=\"K\u0131br\u0131s Tiyatro Festivali, 1 Haziran\u2019\u0131 \u00e7ocuklara ay\u0131rd\u0131 - Kuzeyin Sesi\" \/>\n<meta property=\"og:description\" content=\"Lefko\u015fa T\u00fcrk Belediyesi\u2019nin (LTB) bu y\u0131l 20\u2019ncisini d\u00fczenledi\u011fi K\u0131br\u0131s Tiyatro Festivali, 1 Haziran D\u00fcnya \u00c7ocuk G\u00fcn\u00fc\u2019nde \u0130stanbul \u015eehir Tiyatrolar\u0131\u2019n\u0131n \u00e7ocuk oyunu olan \u201c\u00c7\u00f6ps\u00fcz D\u00fcnya\u201dy\u0131 sahneledi. \u0130klim de\u011fi\u015fikli\u011fi ve hava kirlili\u011fi sonras\u0131nda do\u011fada ya\u015fanan de\u011fi\u015fimleri konu edinen \u00e7ocuk oyunu, salonu dolduran \u00e7ocuk ve ailelerin be\u011fenisini kazand\u0131. LTB\u2019den verilen bilgiye g\u00f6re, Arzu Yurtseven\u2019in yazd\u0131\u011f\u0131 ve Nihat Alpteki\u2019nin [&hellip;]\" \/>\n<meta property=\"og:url\" content=\"https:\/\/kuzeyinsesi.org\/index.php\/2024\/06\/02\/kibris-tiyatro-festivali-1-hazirani-cocuklara-ayirdi\/\" \/>\n<meta property=\"og:site_name\" content=\"Kuzeyin Sesi\" \/>\n<meta property=\"article:publisher\" content=\"https:\/\/www.facebook.com\/kuzeyinsesii\" \/>\n<meta property=\"article:published_time\" content=\"2024-06-02T15:16:09+00:00\" \/>\n<meta property=\"og:image\" content=\"https:\/\/kuzeyinsesi.org\/wp-content\/uploads\/2024\/06\/copsuz-dunya-10-.jpg\" \/>\n\t<meta property=\"og:image:width\" content=\"1920\" \/>\n\t<meta property=\"og:image:height\" content=\"1280\" \/>\n\t<meta property=\"og:image:type\" content=\"image\/jpeg\" \/>\n<meta name=\"author\" content=\"Kuzeyin Sesi\" \/>\n<meta name=\"twitter:card\" content=\"summary_large_image\" \/>\n<meta name=\"twitter:creator\" content=\"@kuzeyinsesii\" \/>\n<meta name=\"twitter:site\" content=\"@kuzeyinsesii\" \/>\n<meta name=\"twitter:label1\" content=\"Yazan:\" \/>\n\t<meta name=\"twitter:data1\" content=\"Kuzeyin Sesi\" \/>\n\t<meta name=\"twitter:label2\" content=\"Tahmini okuma s\u00fcresi\" \/>\n\t<meta name=\"twitter:data2\" content=\"1 dakika\" \/>\n<script type=\"application\/ld+json\" class=\"yoast-schema-graph\">{\"@context\":\"https:\\\/\\\/schema.org\",\"@graph\":[{\"@type\":\"Article\",\"@id\":\"https:\\\/\\\/kuzeyinsesi.org\\\/index.php\\\/2024\\\/06\\\/02\\\/kibris-tiyatro-festivali-1-hazirani-cocuklara-ayirdi\\\/#article\",\"isPartOf\":{\"@id\":\"https:\\\/\\\/kuzeyinsesi.org\\\/index.php\\\/2024\\\/06\\\/02\\\/kibris-tiyatro-festivali-1-hazirani-cocuklara-ayirdi\\\/\"},\"author\":{\"name\":\"Kuzeyin Sesi\",\"@id\":\"https:\\\/\\\/kuzeyinsesi.org\\\/#\\\/schema\\\/person\\\/9f859689cdf01485597712386e37f5aa\"},\"headline\":\"K\u0131br\u0131s Tiyatro Festivali, 1 Haziran\u2019\u0131 \u00e7ocuklara ay\u0131rd\u0131\",\"datePublished\":\"2024-06-02T15:16:09+00:00\",\"mainEntityOfPage\":{\"@id\":\"https:\\\/\\\/kuzeyinsesi.org\\\/index.php\\\/2024\\\/06\\\/02\\\/kibris-tiyatro-festivali-1-hazirani-cocuklara-ayirdi\\\/\"},\"wordCount\":240,\"commentCount\":0,\"image\":{\"@id\":\"https:\\\/\\\/kuzeyinsesi.org\\\/index.php\\\/2024\\\/06\\\/02\\\/kibris-tiyatro-festivali-1-hazirani-cocuklara-ayirdi\\\/#primaryimage\"},\"thumbnailUrl\":\"https:\\\/\\\/kuzeyinsesi.org\\\/wp-content\\\/uploads\\\/2024\\\/06\\\/copsuz-dunya-10-.jpg\",\"articleSection\":[\"Ya\u015fam\"],\"inLanguage\":\"tr\",\"potentialAction\":[{\"@type\":\"CommentAction\",\"name\":\"Comment\",\"target\":[\"https:\\\/\\\/kuzeyinsesi.org\\\/index.php\\\/2024\\\/06\\\/02\\\/kibris-tiyatro-festivali-1-hazirani-cocuklara-ayirdi\\\/#respond\"]}]},{\"@type\":\"WebPage\",\"@id\":\"https:\\\/\\\/kuzeyinsesi.org\\\/index.php\\\/2024\\\/06\\\/02\\\/kibris-tiyatro-festivali-1-hazirani-cocuklara-ayirdi\\\/\",\"url\":\"https:\\\/\\\/kuzeyinsesi.org\\\/index.php\\\/2024\\\/06\\\/02\\\/kibris-tiyatro-festivali-1-hazirani-cocuklara-ayirdi\\\/\",\"name\":\"K\u0131br\u0131s Tiyatro Festivali, 1 Haziran\u2019\u0131 \u00e7ocuklara ay\u0131rd\u0131 - Kuzeyin Sesi\",\"isPartOf\":{\"@id\":\"https:\\\/\\\/kuzeyinsesi.org\\\/#website\"},\"primaryImageOfPage\":{\"@id\":\"https:\\\/\\\/kuzeyinsesi.org\\\/index.php\\\/2024\\\/06\\\/02\\\/kibris-tiyatro-festivali-1-hazirani-cocuklara-ayirdi\\\/#primaryimage\"},\"image\":{\"@id\":\"https:\\\/\\\/kuzeyinsesi.org\\\/index.php\\\/2024\\\/06\\\/02\\\/kibris-tiyatro-festivali-1-hazirani-cocuklara-ayirdi\\\/#primaryimage\"},\"thumbnailUrl\":\"https:\\\/\\\/kuzeyinsesi.org\\\/wp-content\\\/uploads\\\/2024\\\/06\\\/copsuz-dunya-10-.jpg\",\"datePublished\":\"2024-06-02T15:16:09+00:00\",\"author\":{\"@id\":\"https:\\\/\\\/kuzeyinsesi.org\\\/#\\\/schema\\\/person\\\/9f859689cdf01485597712386e37f5aa\"},\"breadcrumb\":{\"@id\":\"https:\\\/\\\/kuzeyinsesi.org\\\/index.php\\\/2024\\\/06\\\/02\\\/kibris-tiyatro-festivali-1-hazirani-cocuklara-ayirdi\\\/#breadcrumb\"},\"inLanguage\":\"tr\",\"potentialAction\":[{\"@type\":\"ReadAction\",\"target\":[\"https:\\\/\\\/kuzeyinsesi.org\\\/index.php\\\/2024\\\/06\\\/02\\\/kibris-tiyatro-festivali-1-hazirani-cocuklara-ayirdi\\\/\"]}]},{\"@type\":\"ImageObject\",\"inLanguage\":\"tr\",\"@id\":\"https:\\\/\\\/kuzeyinsesi.org\\\/index.php\\\/2024\\\/06\\\/02\\\/kibris-tiyatro-festivali-1-hazirani-cocuklara-ayirdi\\\/#primaryimage\",\"url\":\"https:\\\/\\\/kuzeyinsesi.org\\\/wp-content\\\/uploads\\\/2024\\\/06\\\/copsuz-dunya-10-.jpg\",\"contentUrl\":\"https:\\\/\\\/kuzeyinsesi.org\\\/wp-content\\\/uploads\\\/2024\\\/06\\\/copsuz-dunya-10-.jpg\",\"width\":1920,\"height\":1280},{\"@type\":\"BreadcrumbList\",\"@id\":\"https:\\\/\\\/kuzeyinsesi.org\\\/index.php\\\/2024\\\/06\\\/02\\\/kibris-tiyatro-festivali-1-hazirani-cocuklara-ayirdi\\\/#breadcrumb\",\"itemListElement\":[{\"@type\":\"ListItem\",\"position\":1,\"name\":\"Anasayfa\",\"item\":\"https:\\\/\\\/kuzeyinsesi.org\\\/\"},{\"@type\":\"ListItem\",\"position\":2,\"name\":\"K\u0131br\u0131s Tiyatro Festivali, 1 Haziran\u2019\u0131 \u00e7ocuklara ay\u0131rd\u0131\"}]},{\"@type\":\"WebSite\",\"@id\":\"https:\\\/\\\/kuzeyinsesi.org\\\/#website\",\"url\":\"https:\\\/\\\/kuzeyinsesi.org\\\/\",\"name\":\"Kuzeyin Sesi\",\"description\":\"Do\u011fru Haberin Adresi\",\"potentialAction\":[{\"@type\":\"SearchAction\",\"target\":{\"@type\":\"EntryPoint\",\"urlTemplate\":\"https:\\\/\\\/kuzeyinsesi.org\\\/?s={search_term_string}\"},\"query-input\":{\"@type\":\"PropertyValueSpecification\",\"valueRequired\":true,\"valueName\":\"search_term_string\"}}],\"inLanguage\":\"tr\"},{\"@type\":\"Person\",\"@id\":\"https:\\\/\\\/kuzeyinsesi.org\\\/#\\\/schema\\\/person\\\/9f859689cdf01485597712386e37f5aa\",\"name\":\"Kuzeyin Sesi\",\"image\":{\"@type\":\"ImageObject\",\"inLanguage\":\"tr\",\"@id\":\"https:\\\/\\\/secure.gravatar.com\\\/avatar\\\/bab33852abfd8b282518d6ed81826833d77c3c882d9ab608add591ccace47a44?s=96&d=mm&r=g\",\"url\":\"https:\\\/\\\/secure.gravatar.com\\\/avatar\\\/bab33852abfd8b282518d6ed81826833d77c3c882d9ab608add591ccace47a44?s=96&d=mm&r=g\",\"contentUrl\":\"https:\\\/\\\/secure.gravatar.com\\\/avatar\\\/bab33852abfd8b282518d6ed81826833d77c3c882d9ab608add591ccace47a44?s=96&d=mm&r=g\",\"caption\":\"Kuzeyin Sesi\"},\"sameAs\":[\"https:\\\/\\\/kuzeyinsesi.org\"],\"url\":\"https:\\\/\\\/kuzeyinsesi.org\\\/index.php\\\/author\\\/guven\\\/\"}]}<\/script>\n<!-- \/ Yoast SEO plugin. -->","yoast_head_json":{"title":"K\u0131br\u0131s Tiyatro Festivali, 1 Haziran\u2019\u0131 \u00e7ocuklara ay\u0131rd\u0131 - Kuzeyin Sesi","robots":{"index":"index","follow":"follow","max-snippet":"max-snippet:-1","max-image-preview":"max-image-preview:large","max-video-preview":"max-video-preview:-1"},"canonical":"https:\/\/kuzeyinsesi.org\/index.php\/2024\/06\/02\/kibris-tiyatro-festivali-1-hazirani-cocuklara-ayirdi\/","og_locale":"tr_TR","og_type":"article","og_title":"K\u0131br\u0131s Tiyatro Festivali, 1 Haziran\u2019\u0131 \u00e7ocuklara ay\u0131rd\u0131 - Kuzeyin Sesi","og_description":"Lefko\u015fa T\u00fcrk Belediyesi\u2019nin (LTB) bu y\u0131l 20\u2019ncisini d\u00fczenledi\u011fi K\u0131br\u0131s Tiyatro Festivali, 1 Haziran D\u00fcnya \u00c7ocuk G\u00fcn\u00fc\u2019nde \u0130stanbul \u015eehir Tiyatrolar\u0131\u2019n\u0131n \u00e7ocuk oyunu olan \u201c\u00c7\u00f6ps\u00fcz D\u00fcnya\u201dy\u0131 sahneledi. \u0130klim de\u011fi\u015fikli\u011fi ve hava kirlili\u011fi sonras\u0131nda do\u011fada ya\u015fanan de\u011fi\u015fimleri konu edinen \u00e7ocuk oyunu, salonu dolduran \u00e7ocuk ve ailelerin be\u011fenisini kazand\u0131. LTB\u2019den verilen bilgiye g\u00f6re, Arzu Yurtseven\u2019in yazd\u0131\u011f\u0131 ve Nihat Alpteki\u2019nin [&hellip;]","og_url":"https:\/\/kuzeyinsesi.org\/index.php\/2024\/06\/02\/kibris-tiyatro-festivali-1-hazirani-cocuklara-ayirdi\/","og_site_name":"Kuzeyin Sesi","article_publisher":"https:\/\/www.facebook.com\/kuzeyinsesii","article_published_time":"2024-06-02T15:16:09+00:00","og_image":[{"width":1920,"height":1280,"url":"https:\/\/kuzeyinsesi.org\/wp-content\/uploads\/2024\/06\/copsuz-dunya-10-.jpg","type":"image\/jpeg"}],"author":"Kuzeyin Sesi","twitter_card":"summary_large_image","twitter_creator":"@kuzeyinsesii","twitter_site":"@kuzeyinsesii","twitter_misc":{"Yazan:":"Kuzeyin Sesi","Tahmini okuma s\u00fcresi":"1 dakika"},"schema":{"@context":"https:\/\/schema.org","@graph":[{"@type":"Article","@id":"https:\/\/kuzeyinsesi.org\/index.php\/2024\/06\/02\/kibris-tiyatro-festivali-1-hazirani-cocuklara-ayirdi\/#article","isPartOf":{"@id":"https:\/\/kuzeyinsesi.org\/index.php\/2024\/06\/02\/kibris-tiyatro-festivali-1-hazirani-cocuklara-ayirdi\/"},"author":{"name":"Kuzeyin Sesi","@id":"https:\/\/kuzeyinsesi.org\/#\/schema\/person\/9f859689cdf01485597712386e37f5aa"},"headline":"K\u0131br\u0131s Tiyatro Festivali, 1 Haziran\u2019\u0131 \u00e7ocuklara ay\u0131rd\u0131","datePublished":"2024-06-02T15:16:09+00:00","mainEntityOfPage":{"@id":"https:\/\/kuzeyinsesi.org\/index.php\/2024\/06\/02\/kibris-tiyatro-festivali-1-hazirani-cocuklara-ayirdi\/"},"wordCount":240,"commentCount":0,"image":{"@id":"https:\/\/kuzeyinsesi.org\/index.php\/2024\/06\/02\/kibris-tiyatro-festivali-1-hazirani-cocuklara-ayirdi\/#primaryimage"},"thumbnailUrl":"https:\/\/kuzeyinsesi.org\/wp-content\/uploads\/2024\/06\/copsuz-dunya-10-.jpg","articleSection":["Ya\u015fam"],"inLanguage":"tr","potentialAction":[{"@type":"CommentAction","name":"Comment","target":["https:\/\/kuzeyinsesi.org\/index.php\/2024\/06\/02\/kibris-tiyatro-festivali-1-hazirani-cocuklara-ayirdi\/#respond"]}]},{"@type":"WebPage","@id":"https:\/\/kuzeyinsesi.org\/index.php\/2024\/06\/02\/kibris-tiyatro-festivali-1-hazirani-cocuklara-ayirdi\/","url":"https:\/\/kuzeyinsesi.org\/index.php\/2024\/06\/02\/kibris-tiyatro-festivali-1-hazirani-cocuklara-ayirdi\/","name":"K\u0131br\u0131s Tiyatro Festivali, 1 Haziran\u2019\u0131 \u00e7ocuklara ay\u0131rd\u0131 - Kuzeyin Sesi","isPartOf":{"@id":"https:\/\/kuzeyinsesi.org\/#website"},"primaryImageOfPage":{"@id":"https:\/\/kuzeyinsesi.org\/index.php\/2024\/06\/02\/kibris-tiyatro-festivali-1-hazirani-cocuklara-ayirdi\/#primaryimage"},"image":{"@id":"https:\/\/kuzeyinsesi.org\/index.php\/2024\/06\/02\/kibris-tiyatro-festivali-1-hazirani-cocuklara-ayirdi\/#primaryimage"},"thumbnailUrl":"https:\/\/kuzeyinsesi.org\/wp-content\/uploads\/2024\/06\/copsuz-dunya-10-.jpg","datePublished":"2024-06-02T15:16:09+00:00","author":{"@id":"https:\/\/kuzeyinsesi.org\/#\/schema\/person\/9f859689cdf01485597712386e37f5aa"},"breadcrumb":{"@id":"https:\/\/kuzeyinsesi.org\/index.php\/2024\/06\/02\/kibris-tiyatro-festivali-1-hazirani-cocuklara-ayirdi\/#breadcrumb"},"inLanguage":"tr","potentialAction":[{"@type":"ReadAction","target":["https:\/\/kuzeyinsesi.org\/index.php\/2024\/06\/02\/kibris-tiyatro-festivali-1-hazirani-cocuklara-ayirdi\/"]}]},{"@type":"ImageObject","inLanguage":"tr","@id":"https:\/\/kuzeyinsesi.org\/index.php\/2024\/06\/02\/kibris-tiyatro-festivali-1-hazirani-cocuklara-ayirdi\/#primaryimage","url":"https:\/\/kuzeyinsesi.org\/wp-content\/uploads\/2024\/06\/copsuz-dunya-10-.jpg","contentUrl":"https:\/\/kuzeyinsesi.org\/wp-content\/uploads\/2024\/06\/copsuz-dunya-10-.jpg","width":1920,"height":1280},{"@type":"BreadcrumbList","@id":"https:\/\/kuzeyinsesi.org\/index.php\/2024\/06\/02\/kibris-tiyatro-festivali-1-hazirani-cocuklara-ayirdi\/#breadcrumb","itemListElement":[{"@type":"ListItem","position":1,"name":"Anasayfa","item":"https:\/\/kuzeyinsesi.org\/"},{"@type":"ListItem","position":2,"name":"K\u0131br\u0131s Tiyatro Festivali, 1 Haziran\u2019\u0131 \u00e7ocuklara ay\u0131rd\u0131"}]},{"@type":"WebSite","@id":"https:\/\/kuzeyinsesi.org\/#website","url":"https:\/\/kuzeyinsesi.org\/","name":"Kuzeyin Sesi","description":"Do\u011fru Haberin Adresi","potentialAction":[{"@type":"SearchAction","target":{"@type":"EntryPoint","urlTemplate":"https:\/\/kuzeyinsesi.org\/?s={search_term_string}"},"query-input":{"@type":"PropertyValueSpecification","valueRequired":true,"valueName":"search_term_string"}}],"inLanguage":"tr"},{"@type":"Person","@id":"https:\/\/kuzeyinsesi.org\/#\/schema\/person\/9f859689cdf01485597712386e37f5aa","name":"Kuzeyin Sesi","image":{"@type":"ImageObject","inLanguage":"tr","@id":"https:\/\/secure.gravatar.com\/avatar\/bab33852abfd8b282518d6ed81826833d77c3c882d9ab608add591ccace47a44?s=96&d=mm&r=g","url":"https:\/\/secure.gravatar.com\/avatar\/bab33852abfd8b282518d6ed81826833d77c3c882d9ab608add591ccace47a44?s=96&d=mm&r=g","contentUrl":"https:\/\/secure.gravatar.com\/avatar\/bab33852abfd8b282518d6ed81826833d77c3c882d9ab608add591ccace47a44?s=96&d=mm&r=g","caption":"Kuzeyin Sesi"},"sameAs":["https:\/\/kuzeyinsesi.org"],"url":"https:\/\/kuzeyinsesi.org\/index.php\/author\/guven\/"}]}},"_links":{"self":[{"href":"https:\/\/kuzeyinsesi.org\/index.php\/wp-json\/wp\/v2\/posts\/3947","targetHints":{"allow":["GET"]}}],"collection":[{"href":"https:\/\/kuzeyinsesi.org\/index.php\/wp-json\/wp\/v2\/posts"}],"about":[{"href":"https:\/\/kuzeyinsesi.org\/index.php\/wp-json\/wp\/v2\/types\/post"}],"author":[{"embeddable":true,"href":"https:\/\/kuzeyinsesi.org\/index.php\/wp-json\/wp\/v2\/users\/1"}],"replies":[{"embeddable":true,"href":"https:\/\/kuzeyinsesi.org\/index.php\/wp-json\/wp\/v2\/comments?post=3947"}],"version-history":[{"count":0,"href":"https:\/\/kuzeyinsesi.org\/index.php\/wp-json\/wp\/v2\/posts\/3947\/revisions"}],"wp:featuredmedia":[{"embeddable":true,"href":"https:\/\/kuzeyinsesi.org\/index.php\/wp-json\/wp\/v2\/media\/3948"}],"wp:attachment":[{"href":"https:\/\/kuzeyinsesi.org\/index.php\/wp-json\/wp\/v2\/media?parent=3947"}],"wp:term":[{"taxonomy":"category","embeddable":true,"href":"https:\/\/kuzeyinsesi.org\/index.php\/wp-json\/wp\/v2\/categories?post=3947"},{"taxonomy":"post_tag","embeddable":true,"href":"https:\/\/kuzeyinsesi.org\/index.php\/wp-json\/wp\/v2\/tags?post=3947"}],"curies":[{"name":"wp","href":"https:\/\/api.w.org\/{rel}","templated":true}]}}