{"id":3937,"date":"2024-06-02T16:13:52","date_gmt":"2024-06-02T13:13:52","guid":{"rendered":"https:\/\/kuzeyinsesi.com\/index.php\/2024\/06\/02\/32-uluslararasi-gazimagusa-cocuk-ve-genclik-festivali-yapildi\/"},"modified":"2024-06-02T16:13:52","modified_gmt":"2024-06-02T13:13:52","slug":"32-uluslararasi-gazimagusa-cocuk-ve-genclik-festivali-yapildi","status":"publish","type":"post","link":"https:\/\/kuzeyinsesi.org\/index.php\/2024\/06\/02\/32-uluslararasi-gazimagusa-cocuk-ve-genclik-festivali-yapildi\/","title":{"rendered":"32. Uluslararas\u0131 Gazima\u011fusa \u00c7ocuk ve Gen\u00e7lik Festivali yap\u0131ld\u0131"},"content":{"rendered":"<div>\n<div class=\"mariselle-image-container center\">\n                                            <\/div>\n<p>Gazima\u011fusa Belediyesi ile Ma\u011fusa K\u00fclt\u00fcr Derne\u011fi i\u015fbirli\u011finde d\u00fczenlenen 32. Uluslararas\u0131 Gazima\u011fusa \u00c7ocuk ve Gen\u00e7lik Festivali d\u00fcn Nam\u0131k Kemal Meydan\u0131\u2019nda yap\u0131ld\u0131.<\/p>\n<p>Belediye\u2019den verilen bilgiye g\u00f6re festival, Nam\u0131k Kemal Meydan\u0131\u2019na kortej y\u00fcr\u00fcy\u00fc\u015f\u00fc ile ba\u015flad\u0131.<\/p>\n<p>1 Haziran D\u00fcnya \u00c7ocuk G\u00fcn\u00fc dolay\u0131s\u0131 ile Ma\u011fusa\u2019da geleneksel olarak d\u00fczenlenen festival, d\u00f6rt y\u0131l aradan sonra bu y\u0131l yeniden organize edildi.<\/p>\n<p>Nam\u0131k Kemal Meydan\u0131\u2019ndaki etkinlikler, \u015eampiyon Melekler ve hayat\u0131n\u0131 kaybeden \u00e7ocuklar an\u0131s\u0131na bir dakikal\u0131k sayg\u0131 duru\u015funun ard\u0131ndan ba\u015flad\u0131.<\/p>\n<p>Etkinlikler kapsam\u0131nda Ma\u011fusa K\u00fclt\u00fcr Derne\u011fi Kad\u0131n Ritim Grubu G\u00f6sterisi, \u00e7e\u015fitli okullardan dans ve halk danslar\u0131 g\u00f6sterileri, at\u00f6lyeler, oyunlar ile \u00e7e\u015fitli standlar da yer ald\u0131.<\/p>\n<p>Gazima\u011fusa Belediye Ba\u015fkan\u0131 S\u00fcleyman Ulu\u00e7ay etkinlikte yapt\u0131\u011f\u0131 konu\u015fmada, etkinli\u011fe koyan herkese te\u015fekk\u00fcr etti, birlikte olmaktan mutluluk duydu\u011funu kaydetti.<\/p>\n<p>Ulu\u00e7ay, \u00fclkenin ikinci b\u00fcy\u00fck \u015fehri olan Gazima\u011fusa\u2019n\u0131n \u201ctarih, k\u00fclt\u00fcr, turizm ve \u00f6\u011frenci \u015fehri\u201d olarak an\u0131ld\u0131\u011f\u0131n\u0131, ge\u00e7en y\u0131ldan bu yana ise \u201cMelekler \u015eehri\u201d olarak da an\u0131ld\u0131\u011f\u0131n\u0131 belirterek, \u201ckent halk\u0131n t\u00fcm d\u00f6nemlerde birlik ve beraberli\u011fini her zaman s\u00fcrd\u00fcrmeyi ba\u015farabildi\u011fini\u201d s\u00f6yledi.<\/p>\n<p>Ulu\u00e7ay, bu y\u0131l 32\u2019incisi d\u00fczenlenen \u00c7ocuk ve Gen\u00e7lik Festivali\u2019nin geli\u015ferek s\u00fcrd\u00fc\u011f\u00fcn\u00fc ifade ederek, belediyenin bir\u00e7ok konuda oldu\u011fu gibi \u00f6nc\u00fcl\u00fck yapmaya devam edece\u011fini s\u00f6yledi.<\/p>\n<\/p><\/div>\n<p><script async\n                    defer\n                    crossorigin=\"anonymous\"\n                    src=\"https:\/\/connect.facebook.net\/tr_TR\/sdk.js#xfbml=1&#038;version=v3.3\"\n            ><\/script><\/p>\n","protected":false},"excerpt":{"rendered":"<p>Gazima\u011fusa Belediyesi ile Ma\u011fusa K\u00fclt\u00fcr Derne\u011fi i\u015fbirli\u011finde d\u00fczenlenen 32. Uluslararas\u0131 Gazima\u011fusa \u00c7ocuk ve Gen\u00e7lik Festivali d\u00fcn Nam\u0131k Kemal Meydan\u0131\u2019nda yap\u0131ld\u0131. Belediye\u2019den verilen bilgiye g\u00f6re festival, Nam\u0131k Kemal Meydan\u0131\u2019na kortej y\u00fcr\u00fcy\u00fc\u015f\u00fc ile ba\u015flad\u0131. 1 Haziran D\u00fcnya \u00c7ocuk G\u00fcn\u00fc dolay\u0131s\u0131 ile Ma\u011fusa\u2019da geleneksel olarak d\u00fczenlenen festival, d\u00f6rt y\u0131l aradan sonra bu y\u0131l yeniden organize edildi. Nam\u0131k Kemal [&hellip;]<\/p>\n","protected":false},"author":1,"featured_media":3938,"comment_status":"open","ping_status":"open","sticky":false,"template":"","format":"standard","meta":{"jnews-multi-image_gallery":[],"jnews_single_post":[],"jnews_primary_category":[],"jnews_social_meta":[],"jnews_override_counter":[],"footnotes":""},"categories":[6],"tags":[],"class_list":["post-3937","post","type-post","status-publish","format-standard","has-post-thumbnail","hentry","category-yasam"],"yoast_head":"<!-- This site is optimized with the Yoast SEO plugin v27.5 - https:\/\/yoast.com\/product\/yoast-seo-wordpress\/ -->\n<title>32. Uluslararas\u0131 Gazima\u011fusa \u00c7ocuk ve Gen\u00e7lik Festivali yap\u0131ld\u0131 - Kuzeyin Sesi<\/title>\n<meta name=\"robots\" content=\"index, follow, max-snippet:-1, max-image-preview:large, max-video-preview:-1\" \/>\n<link rel=\"canonical\" href=\"https:\/\/kuzeyinsesi.org\/index.php\/2024\/06\/02\/32-uluslararasi-gazimagusa-cocuk-ve-genclik-festivali-yapildi\/\" \/>\n<meta property=\"og:locale\" content=\"tr_TR\" \/>\n<meta property=\"og:type\" content=\"article\" \/>\n<meta property=\"og:title\" content=\"32. Uluslararas\u0131 Gazima\u011fusa \u00c7ocuk ve Gen\u00e7lik Festivali yap\u0131ld\u0131 - Kuzeyin Sesi\" \/>\n<meta property=\"og:description\" content=\"Gazima\u011fusa Belediyesi ile Ma\u011fusa K\u00fclt\u00fcr Derne\u011fi i\u015fbirli\u011finde d\u00fczenlenen 32. Uluslararas\u0131 Gazima\u011fusa \u00c7ocuk ve Gen\u00e7lik Festivali d\u00fcn Nam\u0131k Kemal Meydan\u0131\u2019nda yap\u0131ld\u0131. Belediye\u2019den verilen bilgiye g\u00f6re festival, Nam\u0131k Kemal Meydan\u0131\u2019na kortej y\u00fcr\u00fcy\u00fc\u015f\u00fc ile ba\u015flad\u0131. 1 Haziran D\u00fcnya \u00c7ocuk G\u00fcn\u00fc dolay\u0131s\u0131 ile Ma\u011fusa\u2019da geleneksel olarak d\u00fczenlenen festival, d\u00f6rt y\u0131l aradan sonra bu y\u0131l yeniden organize edildi. Nam\u0131k Kemal [&hellip;]\" \/>\n<meta property=\"og:url\" content=\"https:\/\/kuzeyinsesi.org\/index.php\/2024\/06\/02\/32-uluslararasi-gazimagusa-cocuk-ve-genclik-festivali-yapildi\/\" \/>\n<meta property=\"og:site_name\" content=\"Kuzeyin Sesi\" \/>\n<meta property=\"article:publisher\" content=\"https:\/\/www.facebook.com\/kuzeyinsesii\" \/>\n<meta property=\"article:published_time\" content=\"2024-06-02T13:13:52+00:00\" \/>\n<meta property=\"og:image\" content=\"https:\/\/kuzeyinsesi.org\/wp-content\/uploads\/2024\/06\/gazimagusa-cocuk-fest-5-.jpg\" \/>\n\t<meta property=\"og:image:width\" content=\"400\" \/>\n\t<meta property=\"og:image:height\" content=\"267\" \/>\n\t<meta property=\"og:image:type\" content=\"image\/jpeg\" \/>\n<meta name=\"author\" content=\"Kuzeyin Sesi\" \/>\n<meta name=\"twitter:card\" content=\"summary_large_image\" \/>\n<meta name=\"twitter:creator\" content=\"@kuzeyinsesii\" \/>\n<meta name=\"twitter:site\" content=\"@kuzeyinsesii\" \/>\n<meta name=\"twitter:label1\" content=\"Yazan:\" \/>\n\t<meta name=\"twitter:data1\" content=\"Kuzeyin Sesi\" \/>\n\t<meta name=\"twitter:label2\" content=\"Tahmini okuma s\u00fcresi\" \/>\n\t<meta name=\"twitter:data2\" content=\"1 dakika\" \/>\n<script type=\"application\/ld+json\" class=\"yoast-schema-graph\">{\"@context\":\"https:\\\/\\\/schema.org\",\"@graph\":[{\"@type\":\"Article\",\"@id\":\"https:\\\/\\\/kuzeyinsesi.org\\\/index.php\\\/2024\\\/06\\\/02\\\/32-uluslararasi-gazimagusa-cocuk-ve-genclik-festivali-yapildi\\\/#article\",\"isPartOf\":{\"@id\":\"https:\\\/\\\/kuzeyinsesi.org\\\/index.php\\\/2024\\\/06\\\/02\\\/32-uluslararasi-gazimagusa-cocuk-ve-genclik-festivali-yapildi\\\/\"},\"author\":{\"name\":\"Kuzeyin Sesi\",\"@id\":\"https:\\\/\\\/kuzeyinsesi.org\\\/#\\\/schema\\\/person\\\/9f859689cdf01485597712386e37f5aa\"},\"headline\":\"32. Uluslararas\u0131 Gazima\u011fusa \u00c7ocuk ve Gen\u00e7lik Festivali yap\u0131ld\u0131\",\"datePublished\":\"2024-06-02T13:13:52+00:00\",\"mainEntityOfPage\":{\"@id\":\"https:\\\/\\\/kuzeyinsesi.org\\\/index.php\\\/2024\\\/06\\\/02\\\/32-uluslararasi-gazimagusa-cocuk-ve-genclik-festivali-yapildi\\\/\"},\"wordCount\":277,\"commentCount\":0,\"image\":{\"@id\":\"https:\\\/\\\/kuzeyinsesi.org\\\/index.php\\\/2024\\\/06\\\/02\\\/32-uluslararasi-gazimagusa-cocuk-ve-genclik-festivali-yapildi\\\/#primaryimage\"},\"thumbnailUrl\":\"https:\\\/\\\/kuzeyinsesi.org\\\/wp-content\\\/uploads\\\/2024\\\/06\\\/gazimagusa-cocuk-fest-5-.jpg\",\"articleSection\":[\"Ya\u015fam\"],\"inLanguage\":\"tr\",\"potentialAction\":[{\"@type\":\"CommentAction\",\"name\":\"Comment\",\"target\":[\"https:\\\/\\\/kuzeyinsesi.org\\\/index.php\\\/2024\\\/06\\\/02\\\/32-uluslararasi-gazimagusa-cocuk-ve-genclik-festivali-yapildi\\\/#respond\"]}]},{\"@type\":\"WebPage\",\"@id\":\"https:\\\/\\\/kuzeyinsesi.org\\\/index.php\\\/2024\\\/06\\\/02\\\/32-uluslararasi-gazimagusa-cocuk-ve-genclik-festivali-yapildi\\\/\",\"url\":\"https:\\\/\\\/kuzeyinsesi.org\\\/index.php\\\/2024\\\/06\\\/02\\\/32-uluslararasi-gazimagusa-cocuk-ve-genclik-festivali-yapildi\\\/\",\"name\":\"32. Uluslararas\u0131 Gazima\u011fusa \u00c7ocuk ve Gen\u00e7lik Festivali yap\u0131ld\u0131 - Kuzeyin Sesi\",\"isPartOf\":{\"@id\":\"https:\\\/\\\/kuzeyinsesi.org\\\/#website\"},\"primaryImageOfPage\":{\"@id\":\"https:\\\/\\\/kuzeyinsesi.org\\\/index.php\\\/2024\\\/06\\\/02\\\/32-uluslararasi-gazimagusa-cocuk-ve-genclik-festivali-yapildi\\\/#primaryimage\"},\"image\":{\"@id\":\"https:\\\/\\\/kuzeyinsesi.org\\\/index.php\\\/2024\\\/06\\\/02\\\/32-uluslararasi-gazimagusa-cocuk-ve-genclik-festivali-yapildi\\\/#primaryimage\"},\"thumbnailUrl\":\"https:\\\/\\\/kuzeyinsesi.org\\\/wp-content\\\/uploads\\\/2024\\\/06\\\/gazimagusa-cocuk-fest-5-.jpg\",\"datePublished\":\"2024-06-02T13:13:52+00:00\",\"author\":{\"@id\":\"https:\\\/\\\/kuzeyinsesi.org\\\/#\\\/schema\\\/person\\\/9f859689cdf01485597712386e37f5aa\"},\"breadcrumb\":{\"@id\":\"https:\\\/\\\/kuzeyinsesi.org\\\/index.php\\\/2024\\\/06\\\/02\\\/32-uluslararasi-gazimagusa-cocuk-ve-genclik-festivali-yapildi\\\/#breadcrumb\"},\"inLanguage\":\"tr\",\"potentialAction\":[{\"@type\":\"ReadAction\",\"target\":[\"https:\\\/\\\/kuzeyinsesi.org\\\/index.php\\\/2024\\\/06\\\/02\\\/32-uluslararasi-gazimagusa-cocuk-ve-genclik-festivali-yapildi\\\/\"]}]},{\"@type\":\"ImageObject\",\"inLanguage\":\"tr\",\"@id\":\"https:\\\/\\\/kuzeyinsesi.org\\\/index.php\\\/2024\\\/06\\\/02\\\/32-uluslararasi-gazimagusa-cocuk-ve-genclik-festivali-yapildi\\\/#primaryimage\",\"url\":\"https:\\\/\\\/kuzeyinsesi.org\\\/wp-content\\\/uploads\\\/2024\\\/06\\\/gazimagusa-cocuk-fest-5-.jpg\",\"contentUrl\":\"https:\\\/\\\/kuzeyinsesi.org\\\/wp-content\\\/uploads\\\/2024\\\/06\\\/gazimagusa-cocuk-fest-5-.jpg\",\"width\":400,\"height\":267},{\"@type\":\"BreadcrumbList\",\"@id\":\"https:\\\/\\\/kuzeyinsesi.org\\\/index.php\\\/2024\\\/06\\\/02\\\/32-uluslararasi-gazimagusa-cocuk-ve-genclik-festivali-yapildi\\\/#breadcrumb\",\"itemListElement\":[{\"@type\":\"ListItem\",\"position\":1,\"name\":\"Anasayfa\",\"item\":\"https:\\\/\\\/kuzeyinsesi.org\\\/\"},{\"@type\":\"ListItem\",\"position\":2,\"name\":\"32. Uluslararas\u0131 Gazima\u011fusa \u00c7ocuk ve Gen\u00e7lik Festivali yap\u0131ld\u0131\"}]},{\"@type\":\"WebSite\",\"@id\":\"https:\\\/\\\/kuzeyinsesi.org\\\/#website\",\"url\":\"https:\\\/\\\/kuzeyinsesi.org\\\/\",\"name\":\"Kuzeyin Sesi\",\"description\":\"Do\u011fru Haberin Adresi\",\"potentialAction\":[{\"@type\":\"SearchAction\",\"target\":{\"@type\":\"EntryPoint\",\"urlTemplate\":\"https:\\\/\\\/kuzeyinsesi.org\\\/?s={search_term_string}\"},\"query-input\":{\"@type\":\"PropertyValueSpecification\",\"valueRequired\":true,\"valueName\":\"search_term_string\"}}],\"inLanguage\":\"tr\"},{\"@type\":\"Person\",\"@id\":\"https:\\\/\\\/kuzeyinsesi.org\\\/#\\\/schema\\\/person\\\/9f859689cdf01485597712386e37f5aa\",\"name\":\"Kuzeyin Sesi\",\"image\":{\"@type\":\"ImageObject\",\"inLanguage\":\"tr\",\"@id\":\"https:\\\/\\\/secure.gravatar.com\\\/avatar\\\/bab33852abfd8b282518d6ed81826833d77c3c882d9ab608add591ccace47a44?s=96&d=mm&r=g\",\"url\":\"https:\\\/\\\/secure.gravatar.com\\\/avatar\\\/bab33852abfd8b282518d6ed81826833d77c3c882d9ab608add591ccace47a44?s=96&d=mm&r=g\",\"contentUrl\":\"https:\\\/\\\/secure.gravatar.com\\\/avatar\\\/bab33852abfd8b282518d6ed81826833d77c3c882d9ab608add591ccace47a44?s=96&d=mm&r=g\",\"caption\":\"Kuzeyin Sesi\"},\"sameAs\":[\"https:\\\/\\\/kuzeyinsesi.org\"],\"url\":\"https:\\\/\\\/kuzeyinsesi.org\\\/index.php\\\/author\\\/guven\\\/\"}]}<\/script>\n<!-- \/ Yoast SEO plugin. -->","yoast_head_json":{"title":"32. Uluslararas\u0131 Gazima\u011fusa \u00c7ocuk ve Gen\u00e7lik Festivali yap\u0131ld\u0131 - Kuzeyin Sesi","robots":{"index":"index","follow":"follow","max-snippet":"max-snippet:-1","max-image-preview":"max-image-preview:large","max-video-preview":"max-video-preview:-1"},"canonical":"https:\/\/kuzeyinsesi.org\/index.php\/2024\/06\/02\/32-uluslararasi-gazimagusa-cocuk-ve-genclik-festivali-yapildi\/","og_locale":"tr_TR","og_type":"article","og_title":"32. Uluslararas\u0131 Gazima\u011fusa \u00c7ocuk ve Gen\u00e7lik Festivali yap\u0131ld\u0131 - Kuzeyin Sesi","og_description":"Gazima\u011fusa Belediyesi ile Ma\u011fusa K\u00fclt\u00fcr Derne\u011fi i\u015fbirli\u011finde d\u00fczenlenen 32. Uluslararas\u0131 Gazima\u011fusa \u00c7ocuk ve Gen\u00e7lik Festivali d\u00fcn Nam\u0131k Kemal Meydan\u0131\u2019nda yap\u0131ld\u0131. Belediye\u2019den verilen bilgiye g\u00f6re festival, Nam\u0131k Kemal Meydan\u0131\u2019na kortej y\u00fcr\u00fcy\u00fc\u015f\u00fc ile ba\u015flad\u0131. 1 Haziran D\u00fcnya \u00c7ocuk G\u00fcn\u00fc dolay\u0131s\u0131 ile Ma\u011fusa\u2019da geleneksel olarak d\u00fczenlenen festival, d\u00f6rt y\u0131l aradan sonra bu y\u0131l yeniden organize edildi. Nam\u0131k Kemal [&hellip;]","og_url":"https:\/\/kuzeyinsesi.org\/index.php\/2024\/06\/02\/32-uluslararasi-gazimagusa-cocuk-ve-genclik-festivali-yapildi\/","og_site_name":"Kuzeyin Sesi","article_publisher":"https:\/\/www.facebook.com\/kuzeyinsesii","article_published_time":"2024-06-02T13:13:52+00:00","og_image":[{"width":400,"height":267,"url":"https:\/\/kuzeyinsesi.org\/wp-content\/uploads\/2024\/06\/gazimagusa-cocuk-fest-5-.jpg","type":"image\/jpeg"}],"author":"Kuzeyin Sesi","twitter_card":"summary_large_image","twitter_creator":"@kuzeyinsesii","twitter_site":"@kuzeyinsesii","twitter_misc":{"Yazan:":"Kuzeyin Sesi","Tahmini okuma s\u00fcresi":"1 dakika"},"schema":{"@context":"https:\/\/schema.org","@graph":[{"@type":"Article","@id":"https:\/\/kuzeyinsesi.org\/index.php\/2024\/06\/02\/32-uluslararasi-gazimagusa-cocuk-ve-genclik-festivali-yapildi\/#article","isPartOf":{"@id":"https:\/\/kuzeyinsesi.org\/index.php\/2024\/06\/02\/32-uluslararasi-gazimagusa-cocuk-ve-genclik-festivali-yapildi\/"},"author":{"name":"Kuzeyin Sesi","@id":"https:\/\/kuzeyinsesi.org\/#\/schema\/person\/9f859689cdf01485597712386e37f5aa"},"headline":"32. Uluslararas\u0131 Gazima\u011fusa \u00c7ocuk ve Gen\u00e7lik Festivali yap\u0131ld\u0131","datePublished":"2024-06-02T13:13:52+00:00","mainEntityOfPage":{"@id":"https:\/\/kuzeyinsesi.org\/index.php\/2024\/06\/02\/32-uluslararasi-gazimagusa-cocuk-ve-genclik-festivali-yapildi\/"},"wordCount":277,"commentCount":0,"image":{"@id":"https:\/\/kuzeyinsesi.org\/index.php\/2024\/06\/02\/32-uluslararasi-gazimagusa-cocuk-ve-genclik-festivali-yapildi\/#primaryimage"},"thumbnailUrl":"https:\/\/kuzeyinsesi.org\/wp-content\/uploads\/2024\/06\/gazimagusa-cocuk-fest-5-.jpg","articleSection":["Ya\u015fam"],"inLanguage":"tr","potentialAction":[{"@type":"CommentAction","name":"Comment","target":["https:\/\/kuzeyinsesi.org\/index.php\/2024\/06\/02\/32-uluslararasi-gazimagusa-cocuk-ve-genclik-festivali-yapildi\/#respond"]}]},{"@type":"WebPage","@id":"https:\/\/kuzeyinsesi.org\/index.php\/2024\/06\/02\/32-uluslararasi-gazimagusa-cocuk-ve-genclik-festivali-yapildi\/","url":"https:\/\/kuzeyinsesi.org\/index.php\/2024\/06\/02\/32-uluslararasi-gazimagusa-cocuk-ve-genclik-festivali-yapildi\/","name":"32. Uluslararas\u0131 Gazima\u011fusa \u00c7ocuk ve Gen\u00e7lik Festivali yap\u0131ld\u0131 - Kuzeyin Sesi","isPartOf":{"@id":"https:\/\/kuzeyinsesi.org\/#website"},"primaryImageOfPage":{"@id":"https:\/\/kuzeyinsesi.org\/index.php\/2024\/06\/02\/32-uluslararasi-gazimagusa-cocuk-ve-genclik-festivali-yapildi\/#primaryimage"},"image":{"@id":"https:\/\/kuzeyinsesi.org\/index.php\/2024\/06\/02\/32-uluslararasi-gazimagusa-cocuk-ve-genclik-festivali-yapildi\/#primaryimage"},"thumbnailUrl":"https:\/\/kuzeyinsesi.org\/wp-content\/uploads\/2024\/06\/gazimagusa-cocuk-fest-5-.jpg","datePublished":"2024-06-02T13:13:52+00:00","author":{"@id":"https:\/\/kuzeyinsesi.org\/#\/schema\/person\/9f859689cdf01485597712386e37f5aa"},"breadcrumb":{"@id":"https:\/\/kuzeyinsesi.org\/index.php\/2024\/06\/02\/32-uluslararasi-gazimagusa-cocuk-ve-genclik-festivali-yapildi\/#breadcrumb"},"inLanguage":"tr","potentialAction":[{"@type":"ReadAction","target":["https:\/\/kuzeyinsesi.org\/index.php\/2024\/06\/02\/32-uluslararasi-gazimagusa-cocuk-ve-genclik-festivali-yapildi\/"]}]},{"@type":"ImageObject","inLanguage":"tr","@id":"https:\/\/kuzeyinsesi.org\/index.php\/2024\/06\/02\/32-uluslararasi-gazimagusa-cocuk-ve-genclik-festivali-yapildi\/#primaryimage","url":"https:\/\/kuzeyinsesi.org\/wp-content\/uploads\/2024\/06\/gazimagusa-cocuk-fest-5-.jpg","contentUrl":"https:\/\/kuzeyinsesi.org\/wp-content\/uploads\/2024\/06\/gazimagusa-cocuk-fest-5-.jpg","width":400,"height":267},{"@type":"BreadcrumbList","@id":"https:\/\/kuzeyinsesi.org\/index.php\/2024\/06\/02\/32-uluslararasi-gazimagusa-cocuk-ve-genclik-festivali-yapildi\/#breadcrumb","itemListElement":[{"@type":"ListItem","position":1,"name":"Anasayfa","item":"https:\/\/kuzeyinsesi.org\/"},{"@type":"ListItem","position":2,"name":"32. Uluslararas\u0131 Gazima\u011fusa \u00c7ocuk ve Gen\u00e7lik Festivali yap\u0131ld\u0131"}]},{"@type":"WebSite","@id":"https:\/\/kuzeyinsesi.org\/#website","url":"https:\/\/kuzeyinsesi.org\/","name":"Kuzeyin Sesi","description":"Do\u011fru Haberin Adresi","potentialAction":[{"@type":"SearchAction","target":{"@type":"EntryPoint","urlTemplate":"https:\/\/kuzeyinsesi.org\/?s={search_term_string}"},"query-input":{"@type":"PropertyValueSpecification","valueRequired":true,"valueName":"search_term_string"}}],"inLanguage":"tr"},{"@type":"Person","@id":"https:\/\/kuzeyinsesi.org\/#\/schema\/person\/9f859689cdf01485597712386e37f5aa","name":"Kuzeyin Sesi","image":{"@type":"ImageObject","inLanguage":"tr","@id":"https:\/\/secure.gravatar.com\/avatar\/bab33852abfd8b282518d6ed81826833d77c3c882d9ab608add591ccace47a44?s=96&d=mm&r=g","url":"https:\/\/secure.gravatar.com\/avatar\/bab33852abfd8b282518d6ed81826833d77c3c882d9ab608add591ccace47a44?s=96&d=mm&r=g","contentUrl":"https:\/\/secure.gravatar.com\/avatar\/bab33852abfd8b282518d6ed81826833d77c3c882d9ab608add591ccace47a44?s=96&d=mm&r=g","caption":"Kuzeyin Sesi"},"sameAs":["https:\/\/kuzeyinsesi.org"],"url":"https:\/\/kuzeyinsesi.org\/index.php\/author\/guven\/"}]}},"_links":{"self":[{"href":"https:\/\/kuzeyinsesi.org\/index.php\/wp-json\/wp\/v2\/posts\/3937","targetHints":{"allow":["GET"]}}],"collection":[{"href":"https:\/\/kuzeyinsesi.org\/index.php\/wp-json\/wp\/v2\/posts"}],"about":[{"href":"https:\/\/kuzeyinsesi.org\/index.php\/wp-json\/wp\/v2\/types\/post"}],"author":[{"embeddable":true,"href":"https:\/\/kuzeyinsesi.org\/index.php\/wp-json\/wp\/v2\/users\/1"}],"replies":[{"embeddable":true,"href":"https:\/\/kuzeyinsesi.org\/index.php\/wp-json\/wp\/v2\/comments?post=3937"}],"version-history":[{"count":0,"href":"https:\/\/kuzeyinsesi.org\/index.php\/wp-json\/wp\/v2\/posts\/3937\/revisions"}],"wp:featuredmedia":[{"embeddable":true,"href":"https:\/\/kuzeyinsesi.org\/index.php\/wp-json\/wp\/v2\/media\/3938"}],"wp:attachment":[{"href":"https:\/\/kuzeyinsesi.org\/index.php\/wp-json\/wp\/v2\/media?parent=3937"}],"wp:term":[{"taxonomy":"category","embeddable":true,"href":"https:\/\/kuzeyinsesi.org\/index.php\/wp-json\/wp\/v2\/categories?post=3937"},{"taxonomy":"post_tag","embeddable":true,"href":"https:\/\/kuzeyinsesi.org\/index.php\/wp-json\/wp\/v2\/tags?post=3937"}],"curies":[{"name":"wp","href":"https:\/\/api.w.org\/{rel}","templated":true}]}}