{"id":393,"date":"2024-04-25T13:20:10","date_gmt":"2024-04-25T10:20:10","guid":{"rendered":"https:\/\/kuzeyinsesi.com\/index.php\/2024\/04\/25\/dimed-geleneksel-bahar-kermesini-bu-yil-sampiyon-melekler-icin-duzenledi\/"},"modified":"2024-04-25T13:20:10","modified_gmt":"2024-04-25T10:20:10","slug":"dimed-geleneksel-bahar-kermesini-bu-yil-sampiyon-melekler-icin-duzenledi","status":"publish","type":"post","link":"https:\/\/kuzeyinsesi.org\/index.php\/2024\/04\/25\/dimed-geleneksel-bahar-kermesini-bu-yil-sampiyon-melekler-icin-duzenledi\/","title":{"rendered":"D\u0130MED Geleneksel Bahar Kermesi\u2019ni bu y\u0131l \u015eampiyon Melekler i\u00e7in d\u00fczenledi"},"content":{"rendered":"<div>\n<div class=\"mariselle-image-container center\">\n                                            <\/div>\n<p>D\u0131\u015fi\u015fleri Bakanl\u0131\u011f\u0131 Mensuplar\u0131 ve E\u015fleri Derne\u011fi\u2019nin  (D\u0130MED) geleneksel olarak d\u00fczenledi\u011fi \u201cBahar Kermesi\u201d D\u0131\u015fi\u015fleri Bakanl\u0131\u011f\u0131 bah\u00e7esinde yer ald\u0131. <\/p>\n<p>Kermeste a\u00e7\u0131lan stantlarda temsilciliklerden g\u00f6nderilen \u00fcr\u00fcnlerin yan\u0131 s\u0131ra \u00e7e\u015fitli yerli \u00fcr\u00fcnler de yer ald\u0131. <\/p>\n<p>Kermesten elde edilen gelir \u015eampiyon Melekleri Ya\u015fatma Derne\u011fi\u2019ne ba\u011f\u0131\u015flanacak.<\/p>\n<p>D\u0131\u015fi\u015fleri Bakanl\u0131\u011f\u0131 Mensuplar\u0131 ve E\u015fleri Derne\u011fi Ba\u015fkan\u0131 Do\u00e7. Dr. Oya Ertu\u011frulo\u011flu, geleneksel olarak d\u00fczenlenen Bahar Kermesi\u2019nin pandemi ve 6 \u015eubat depremi nedeniyle son y\u0131llarda yap\u0131lamad\u0131\u011f\u0131n\u0131 kaydetti.  <\/p>\n<p>\tBu y\u0131l kermesten elde edilen t\u00fcm gelirin \u015eampiyon Melekleri Ya\u015fatma Derne\u011fi\u2019ne ba\u011f\u0131\u015flanaca\u011f\u0131n\u0131 belirten Ertu\u011frulo\u011flu, kermese herkesin duyarl\u0131 davrand\u0131\u011f\u0131n\u0131 belirterek katk\u0131 koyanlara te\u015fekk\u00fcr etti.<\/p>\n<p>Kermesi ziyaret eden Cumhurba\u015fkan\u0131 Ersin Tatar\u2019\u0131n e\u015fi Sibel Tatar, gelirinin \u015eampiyon Melekleri Ya\u015fatma Derne\u011fi\u2019ne ba\u011f\u0131\u015flanacak kermesin duyarl\u0131 bir davran\u0131\u015f oldu\u011funu kaydetti.<br \/>Bu y\u0131lki gelirin \u015eampiyon Melekleri Ya\u015fatma Derne\u011fi\u2019ne ba\u011f\u0131\u015flanaca\u011f\u0131n\u0131 belirten Sibel Tatar, duyarl\u0131 davran\u0131\u015flar\u0131ndan dolay\u0131 D\u0130MED\u2019i kutlad\u0131.<\/p>\n<\/p><\/div>\n<p><script async\n                    defer\n                    crossorigin=\"anonymous\"\n                    src=\"https:\/\/connect.facebook.net\/tr_TR\/sdk.js#xfbml=1&#038;version=v3.3\"\n            ><\/script><\/p>\n","protected":false},"excerpt":{"rendered":"<p>D\u0131\u015fi\u015fleri Bakanl\u0131\u011f\u0131 Mensuplar\u0131 ve E\u015fleri Derne\u011fi\u2019nin (D\u0130MED) geleneksel olarak d\u00fczenledi\u011fi \u201cBahar Kermesi\u201d D\u0131\u015fi\u015fleri Bakanl\u0131\u011f\u0131 bah\u00e7esinde yer ald\u0131. Kermeste a\u00e7\u0131lan stantlarda temsilciliklerden g\u00f6nderilen \u00fcr\u00fcnlerin yan\u0131 s\u0131ra \u00e7e\u015fitli yerli \u00fcr\u00fcnler de yer ald\u0131. Kermesten elde edilen gelir \u015eampiyon Melekleri Ya\u015fatma Derne\u011fi\u2019ne ba\u011f\u0131\u015flanacak. D\u0131\u015fi\u015fleri Bakanl\u0131\u011f\u0131 Mensuplar\u0131 ve E\u015fleri Derne\u011fi Ba\u015fkan\u0131 Do\u00e7. Dr. Oya Ertu\u011frulo\u011flu, geleneksel olarak d\u00fczenlenen Bahar [&hellip;]<\/p>\n","protected":false},"author":1,"featured_media":394,"comment_status":"open","ping_status":"open","sticky":false,"template":"","format":"standard","meta":{"jnews-multi-image_gallery":[],"jnews_single_post":[],"jnews_primary_category":[],"jnews_social_meta":[],"jnews_override_counter":[],"footnotes":""},"categories":[1],"tags":[],"class_list":["post-393","post","type-post","status-publish","format-standard","has-post-thumbnail","hentry","category-kibris"],"yoast_head":"<!-- This site is optimized with the Yoast SEO plugin v27.5 - https:\/\/yoast.com\/product\/yoast-seo-wordpress\/ -->\n<title>D\u0130MED Geleneksel Bahar Kermesi\u2019ni bu y\u0131l \u015eampiyon Melekler i\u00e7in d\u00fczenledi - Kuzeyin Sesi<\/title>\n<meta name=\"robots\" content=\"index, follow, max-snippet:-1, max-image-preview:large, max-video-preview:-1\" \/>\n<link rel=\"canonical\" href=\"https:\/\/kuzeyinsesi.org\/index.php\/2024\/04\/25\/dimed-geleneksel-bahar-kermesini-bu-yil-sampiyon-melekler-icin-duzenledi\/\" \/>\n<meta property=\"og:locale\" content=\"tr_TR\" \/>\n<meta property=\"og:type\" content=\"article\" \/>\n<meta property=\"og:title\" content=\"D\u0130MED Geleneksel Bahar Kermesi\u2019ni bu y\u0131l \u015eampiyon Melekler i\u00e7in d\u00fczenledi - Kuzeyin Sesi\" \/>\n<meta property=\"og:description\" content=\"D\u0131\u015fi\u015fleri Bakanl\u0131\u011f\u0131 Mensuplar\u0131 ve E\u015fleri Derne\u011fi\u2019nin (D\u0130MED) geleneksel olarak d\u00fczenledi\u011fi \u201cBahar Kermesi\u201d D\u0131\u015fi\u015fleri Bakanl\u0131\u011f\u0131 bah\u00e7esinde yer ald\u0131. Kermeste a\u00e7\u0131lan stantlarda temsilciliklerden g\u00f6nderilen \u00fcr\u00fcnlerin yan\u0131 s\u0131ra \u00e7e\u015fitli yerli \u00fcr\u00fcnler de yer ald\u0131. Kermesten elde edilen gelir \u015eampiyon Melekleri Ya\u015fatma Derne\u011fi\u2019ne ba\u011f\u0131\u015flanacak. D\u0131\u015fi\u015fleri Bakanl\u0131\u011f\u0131 Mensuplar\u0131 ve E\u015fleri Derne\u011fi Ba\u015fkan\u0131 Do\u00e7. Dr. Oya Ertu\u011frulo\u011flu, geleneksel olarak d\u00fczenlenen Bahar [&hellip;]\" \/>\n<meta property=\"og:url\" content=\"https:\/\/kuzeyinsesi.org\/index.php\/2024\/04\/25\/dimed-geleneksel-bahar-kermesini-bu-yil-sampiyon-melekler-icin-duzenledi\/\" \/>\n<meta property=\"og:site_name\" content=\"Kuzeyin Sesi\" \/>\n<meta property=\"article:publisher\" content=\"https:\/\/www.facebook.com\/kuzeyinsesii\" \/>\n<meta property=\"article:published_time\" content=\"2024-04-25T10:20:10+00:00\" \/>\n<meta property=\"og:image\" content=\"https:\/\/kuzeyinsesi.org\/wp-content\/uploads\/2024\/04\/saffa.jpg\" \/>\n\t<meta property=\"og:image:width\" content=\"1654\" \/>\n\t<meta property=\"og:image:height\" content=\"1104\" \/>\n\t<meta property=\"og:image:type\" content=\"image\/jpeg\" \/>\n<meta name=\"author\" content=\"Kuzeyin Sesi\" \/>\n<meta name=\"twitter:card\" content=\"summary_large_image\" \/>\n<meta name=\"twitter:creator\" content=\"@kuzeyinsesii\" \/>\n<meta name=\"twitter:site\" content=\"@kuzeyinsesii\" \/>\n<meta name=\"twitter:label1\" content=\"Yazan:\" \/>\n\t<meta name=\"twitter:data1\" content=\"Kuzeyin Sesi\" \/>\n\t<meta name=\"twitter:label2\" content=\"Tahmini okuma s\u00fcresi\" \/>\n\t<meta name=\"twitter:data2\" content=\"1 dakika\" \/>\n<script type=\"application\/ld+json\" class=\"yoast-schema-graph\">{\"@context\":\"https:\\\/\\\/schema.org\",\"@graph\":[{\"@type\":\"Article\",\"@id\":\"https:\\\/\\\/kuzeyinsesi.org\\\/index.php\\\/2024\\\/04\\\/25\\\/dimed-geleneksel-bahar-kermesini-bu-yil-sampiyon-melekler-icin-duzenledi\\\/#article\",\"isPartOf\":{\"@id\":\"https:\\\/\\\/kuzeyinsesi.org\\\/index.php\\\/2024\\\/04\\\/25\\\/dimed-geleneksel-bahar-kermesini-bu-yil-sampiyon-melekler-icin-duzenledi\\\/\"},\"author\":{\"name\":\"Kuzeyin Sesi\",\"@id\":\"https:\\\/\\\/kuzeyinsesi.org\\\/#\\\/schema\\\/person\\\/9f859689cdf01485597712386e37f5aa\"},\"headline\":\"D\u0130MED Geleneksel Bahar Kermesi\u2019ni bu y\u0131l \u015eampiyon Melekler i\u00e7in d\u00fczenledi\",\"datePublished\":\"2024-04-25T10:20:10+00:00\",\"mainEntityOfPage\":{\"@id\":\"https:\\\/\\\/kuzeyinsesi.org\\\/index.php\\\/2024\\\/04\\\/25\\\/dimed-geleneksel-bahar-kermesini-bu-yil-sampiyon-melekler-icin-duzenledi\\\/\"},\"wordCount\":203,\"commentCount\":0,\"image\":{\"@id\":\"https:\\\/\\\/kuzeyinsesi.org\\\/index.php\\\/2024\\\/04\\\/25\\\/dimed-geleneksel-bahar-kermesini-bu-yil-sampiyon-melekler-icin-duzenledi\\\/#primaryimage\"},\"thumbnailUrl\":\"https:\\\/\\\/kuzeyinsesi.org\\\/wp-content\\\/uploads\\\/2024\\\/04\\\/saffa.jpg\",\"articleSection\":[\"K\u0131br\u0131s\"],\"inLanguage\":\"tr\",\"potentialAction\":[{\"@type\":\"CommentAction\",\"name\":\"Comment\",\"target\":[\"https:\\\/\\\/kuzeyinsesi.org\\\/index.php\\\/2024\\\/04\\\/25\\\/dimed-geleneksel-bahar-kermesini-bu-yil-sampiyon-melekler-icin-duzenledi\\\/#respond\"]}]},{\"@type\":\"WebPage\",\"@id\":\"https:\\\/\\\/kuzeyinsesi.org\\\/index.php\\\/2024\\\/04\\\/25\\\/dimed-geleneksel-bahar-kermesini-bu-yil-sampiyon-melekler-icin-duzenledi\\\/\",\"url\":\"https:\\\/\\\/kuzeyinsesi.org\\\/index.php\\\/2024\\\/04\\\/25\\\/dimed-geleneksel-bahar-kermesini-bu-yil-sampiyon-melekler-icin-duzenledi\\\/\",\"name\":\"D\u0130MED Geleneksel Bahar Kermesi\u2019ni bu y\u0131l \u015eampiyon Melekler i\u00e7in d\u00fczenledi - Kuzeyin Sesi\",\"isPartOf\":{\"@id\":\"https:\\\/\\\/kuzeyinsesi.org\\\/#website\"},\"primaryImageOfPage\":{\"@id\":\"https:\\\/\\\/kuzeyinsesi.org\\\/index.php\\\/2024\\\/04\\\/25\\\/dimed-geleneksel-bahar-kermesini-bu-yil-sampiyon-melekler-icin-duzenledi\\\/#primaryimage\"},\"image\":{\"@id\":\"https:\\\/\\\/kuzeyinsesi.org\\\/index.php\\\/2024\\\/04\\\/25\\\/dimed-geleneksel-bahar-kermesini-bu-yil-sampiyon-melekler-icin-duzenledi\\\/#primaryimage\"},\"thumbnailUrl\":\"https:\\\/\\\/kuzeyinsesi.org\\\/wp-content\\\/uploads\\\/2024\\\/04\\\/saffa.jpg\",\"datePublished\":\"2024-04-25T10:20:10+00:00\",\"author\":{\"@id\":\"https:\\\/\\\/kuzeyinsesi.org\\\/#\\\/schema\\\/person\\\/9f859689cdf01485597712386e37f5aa\"},\"breadcrumb\":{\"@id\":\"https:\\\/\\\/kuzeyinsesi.org\\\/index.php\\\/2024\\\/04\\\/25\\\/dimed-geleneksel-bahar-kermesini-bu-yil-sampiyon-melekler-icin-duzenledi\\\/#breadcrumb\"},\"inLanguage\":\"tr\",\"potentialAction\":[{\"@type\":\"ReadAction\",\"target\":[\"https:\\\/\\\/kuzeyinsesi.org\\\/index.php\\\/2024\\\/04\\\/25\\\/dimed-geleneksel-bahar-kermesini-bu-yil-sampiyon-melekler-icin-duzenledi\\\/\"]}]},{\"@type\":\"ImageObject\",\"inLanguage\":\"tr\",\"@id\":\"https:\\\/\\\/kuzeyinsesi.org\\\/index.php\\\/2024\\\/04\\\/25\\\/dimed-geleneksel-bahar-kermesini-bu-yil-sampiyon-melekler-icin-duzenledi\\\/#primaryimage\",\"url\":\"https:\\\/\\\/kuzeyinsesi.org\\\/wp-content\\\/uploads\\\/2024\\\/04\\\/saffa.jpg\",\"contentUrl\":\"https:\\\/\\\/kuzeyinsesi.org\\\/wp-content\\\/uploads\\\/2024\\\/04\\\/saffa.jpg\",\"width\":1654,\"height\":1104},{\"@type\":\"BreadcrumbList\",\"@id\":\"https:\\\/\\\/kuzeyinsesi.org\\\/index.php\\\/2024\\\/04\\\/25\\\/dimed-geleneksel-bahar-kermesini-bu-yil-sampiyon-melekler-icin-duzenledi\\\/#breadcrumb\",\"itemListElement\":[{\"@type\":\"ListItem\",\"position\":1,\"name\":\"Anasayfa\",\"item\":\"https:\\\/\\\/kuzeyinsesi.org\\\/\"},{\"@type\":\"ListItem\",\"position\":2,\"name\":\"D\u0130MED Geleneksel Bahar Kermesi\u2019ni bu y\u0131l \u015eampiyon Melekler i\u00e7in d\u00fczenledi\"}]},{\"@type\":\"WebSite\",\"@id\":\"https:\\\/\\\/kuzeyinsesi.org\\\/#website\",\"url\":\"https:\\\/\\\/kuzeyinsesi.org\\\/\",\"name\":\"Kuzeyin Sesi\",\"description\":\"Do\u011fru Haberin Adresi\",\"potentialAction\":[{\"@type\":\"SearchAction\",\"target\":{\"@type\":\"EntryPoint\",\"urlTemplate\":\"https:\\\/\\\/kuzeyinsesi.org\\\/?s={search_term_string}\"},\"query-input\":{\"@type\":\"PropertyValueSpecification\",\"valueRequired\":true,\"valueName\":\"search_term_string\"}}],\"inLanguage\":\"tr\"},{\"@type\":\"Person\",\"@id\":\"https:\\\/\\\/kuzeyinsesi.org\\\/#\\\/schema\\\/person\\\/9f859689cdf01485597712386e37f5aa\",\"name\":\"Kuzeyin Sesi\",\"image\":{\"@type\":\"ImageObject\",\"inLanguage\":\"tr\",\"@id\":\"https:\\\/\\\/secure.gravatar.com\\\/avatar\\\/bab33852abfd8b282518d6ed81826833d77c3c882d9ab608add591ccace47a44?s=96&d=mm&r=g\",\"url\":\"https:\\\/\\\/secure.gravatar.com\\\/avatar\\\/bab33852abfd8b282518d6ed81826833d77c3c882d9ab608add591ccace47a44?s=96&d=mm&r=g\",\"contentUrl\":\"https:\\\/\\\/secure.gravatar.com\\\/avatar\\\/bab33852abfd8b282518d6ed81826833d77c3c882d9ab608add591ccace47a44?s=96&d=mm&r=g\",\"caption\":\"Kuzeyin Sesi\"},\"sameAs\":[\"https:\\\/\\\/kuzeyinsesi.org\"],\"url\":\"https:\\\/\\\/kuzeyinsesi.org\\\/index.php\\\/author\\\/guven\\\/\"}]}<\/script>\n<!-- \/ Yoast SEO plugin. -->","yoast_head_json":{"title":"D\u0130MED Geleneksel Bahar Kermesi\u2019ni bu y\u0131l \u015eampiyon Melekler i\u00e7in d\u00fczenledi - Kuzeyin Sesi","robots":{"index":"index","follow":"follow","max-snippet":"max-snippet:-1","max-image-preview":"max-image-preview:large","max-video-preview":"max-video-preview:-1"},"canonical":"https:\/\/kuzeyinsesi.org\/index.php\/2024\/04\/25\/dimed-geleneksel-bahar-kermesini-bu-yil-sampiyon-melekler-icin-duzenledi\/","og_locale":"tr_TR","og_type":"article","og_title":"D\u0130MED Geleneksel Bahar Kermesi\u2019ni bu y\u0131l \u015eampiyon Melekler i\u00e7in d\u00fczenledi - Kuzeyin Sesi","og_description":"D\u0131\u015fi\u015fleri Bakanl\u0131\u011f\u0131 Mensuplar\u0131 ve E\u015fleri Derne\u011fi\u2019nin (D\u0130MED) geleneksel olarak d\u00fczenledi\u011fi \u201cBahar Kermesi\u201d D\u0131\u015fi\u015fleri Bakanl\u0131\u011f\u0131 bah\u00e7esinde yer ald\u0131. Kermeste a\u00e7\u0131lan stantlarda temsilciliklerden g\u00f6nderilen \u00fcr\u00fcnlerin yan\u0131 s\u0131ra \u00e7e\u015fitli yerli \u00fcr\u00fcnler de yer ald\u0131. Kermesten elde edilen gelir \u015eampiyon Melekleri Ya\u015fatma Derne\u011fi\u2019ne ba\u011f\u0131\u015flanacak. D\u0131\u015fi\u015fleri Bakanl\u0131\u011f\u0131 Mensuplar\u0131 ve E\u015fleri Derne\u011fi Ba\u015fkan\u0131 Do\u00e7. Dr. Oya Ertu\u011frulo\u011flu, geleneksel olarak d\u00fczenlenen Bahar [&hellip;]","og_url":"https:\/\/kuzeyinsesi.org\/index.php\/2024\/04\/25\/dimed-geleneksel-bahar-kermesini-bu-yil-sampiyon-melekler-icin-duzenledi\/","og_site_name":"Kuzeyin Sesi","article_publisher":"https:\/\/www.facebook.com\/kuzeyinsesii","article_published_time":"2024-04-25T10:20:10+00:00","og_image":[{"width":1654,"height":1104,"url":"https:\/\/kuzeyinsesi.org\/wp-content\/uploads\/2024\/04\/saffa.jpg","type":"image\/jpeg"}],"author":"Kuzeyin Sesi","twitter_card":"summary_large_image","twitter_creator":"@kuzeyinsesii","twitter_site":"@kuzeyinsesii","twitter_misc":{"Yazan:":"Kuzeyin Sesi","Tahmini okuma s\u00fcresi":"1 dakika"},"schema":{"@context":"https:\/\/schema.org","@graph":[{"@type":"Article","@id":"https:\/\/kuzeyinsesi.org\/index.php\/2024\/04\/25\/dimed-geleneksel-bahar-kermesini-bu-yil-sampiyon-melekler-icin-duzenledi\/#article","isPartOf":{"@id":"https:\/\/kuzeyinsesi.org\/index.php\/2024\/04\/25\/dimed-geleneksel-bahar-kermesini-bu-yil-sampiyon-melekler-icin-duzenledi\/"},"author":{"name":"Kuzeyin Sesi","@id":"https:\/\/kuzeyinsesi.org\/#\/schema\/person\/9f859689cdf01485597712386e37f5aa"},"headline":"D\u0130MED Geleneksel Bahar Kermesi\u2019ni bu y\u0131l \u015eampiyon Melekler i\u00e7in d\u00fczenledi","datePublished":"2024-04-25T10:20:10+00:00","mainEntityOfPage":{"@id":"https:\/\/kuzeyinsesi.org\/index.php\/2024\/04\/25\/dimed-geleneksel-bahar-kermesini-bu-yil-sampiyon-melekler-icin-duzenledi\/"},"wordCount":203,"commentCount":0,"image":{"@id":"https:\/\/kuzeyinsesi.org\/index.php\/2024\/04\/25\/dimed-geleneksel-bahar-kermesini-bu-yil-sampiyon-melekler-icin-duzenledi\/#primaryimage"},"thumbnailUrl":"https:\/\/kuzeyinsesi.org\/wp-content\/uploads\/2024\/04\/saffa.jpg","articleSection":["K\u0131br\u0131s"],"inLanguage":"tr","potentialAction":[{"@type":"CommentAction","name":"Comment","target":["https:\/\/kuzeyinsesi.org\/index.php\/2024\/04\/25\/dimed-geleneksel-bahar-kermesini-bu-yil-sampiyon-melekler-icin-duzenledi\/#respond"]}]},{"@type":"WebPage","@id":"https:\/\/kuzeyinsesi.org\/index.php\/2024\/04\/25\/dimed-geleneksel-bahar-kermesini-bu-yil-sampiyon-melekler-icin-duzenledi\/","url":"https:\/\/kuzeyinsesi.org\/index.php\/2024\/04\/25\/dimed-geleneksel-bahar-kermesini-bu-yil-sampiyon-melekler-icin-duzenledi\/","name":"D\u0130MED Geleneksel Bahar Kermesi\u2019ni bu y\u0131l \u015eampiyon Melekler i\u00e7in d\u00fczenledi - Kuzeyin Sesi","isPartOf":{"@id":"https:\/\/kuzeyinsesi.org\/#website"},"primaryImageOfPage":{"@id":"https:\/\/kuzeyinsesi.org\/index.php\/2024\/04\/25\/dimed-geleneksel-bahar-kermesini-bu-yil-sampiyon-melekler-icin-duzenledi\/#primaryimage"},"image":{"@id":"https:\/\/kuzeyinsesi.org\/index.php\/2024\/04\/25\/dimed-geleneksel-bahar-kermesini-bu-yil-sampiyon-melekler-icin-duzenledi\/#primaryimage"},"thumbnailUrl":"https:\/\/kuzeyinsesi.org\/wp-content\/uploads\/2024\/04\/saffa.jpg","datePublished":"2024-04-25T10:20:10+00:00","author":{"@id":"https:\/\/kuzeyinsesi.org\/#\/schema\/person\/9f859689cdf01485597712386e37f5aa"},"breadcrumb":{"@id":"https:\/\/kuzeyinsesi.org\/index.php\/2024\/04\/25\/dimed-geleneksel-bahar-kermesini-bu-yil-sampiyon-melekler-icin-duzenledi\/#breadcrumb"},"inLanguage":"tr","potentialAction":[{"@type":"ReadAction","target":["https:\/\/kuzeyinsesi.org\/index.php\/2024\/04\/25\/dimed-geleneksel-bahar-kermesini-bu-yil-sampiyon-melekler-icin-duzenledi\/"]}]},{"@type":"ImageObject","inLanguage":"tr","@id":"https:\/\/kuzeyinsesi.org\/index.php\/2024\/04\/25\/dimed-geleneksel-bahar-kermesini-bu-yil-sampiyon-melekler-icin-duzenledi\/#primaryimage","url":"https:\/\/kuzeyinsesi.org\/wp-content\/uploads\/2024\/04\/saffa.jpg","contentUrl":"https:\/\/kuzeyinsesi.org\/wp-content\/uploads\/2024\/04\/saffa.jpg","width":1654,"height":1104},{"@type":"BreadcrumbList","@id":"https:\/\/kuzeyinsesi.org\/index.php\/2024\/04\/25\/dimed-geleneksel-bahar-kermesini-bu-yil-sampiyon-melekler-icin-duzenledi\/#breadcrumb","itemListElement":[{"@type":"ListItem","position":1,"name":"Anasayfa","item":"https:\/\/kuzeyinsesi.org\/"},{"@type":"ListItem","position":2,"name":"D\u0130MED Geleneksel Bahar Kermesi\u2019ni bu y\u0131l \u015eampiyon Melekler i\u00e7in d\u00fczenledi"}]},{"@type":"WebSite","@id":"https:\/\/kuzeyinsesi.org\/#website","url":"https:\/\/kuzeyinsesi.org\/","name":"Kuzeyin Sesi","description":"Do\u011fru Haberin Adresi","potentialAction":[{"@type":"SearchAction","target":{"@type":"EntryPoint","urlTemplate":"https:\/\/kuzeyinsesi.org\/?s={search_term_string}"},"query-input":{"@type":"PropertyValueSpecification","valueRequired":true,"valueName":"search_term_string"}}],"inLanguage":"tr"},{"@type":"Person","@id":"https:\/\/kuzeyinsesi.org\/#\/schema\/person\/9f859689cdf01485597712386e37f5aa","name":"Kuzeyin Sesi","image":{"@type":"ImageObject","inLanguage":"tr","@id":"https:\/\/secure.gravatar.com\/avatar\/bab33852abfd8b282518d6ed81826833d77c3c882d9ab608add591ccace47a44?s=96&d=mm&r=g","url":"https:\/\/secure.gravatar.com\/avatar\/bab33852abfd8b282518d6ed81826833d77c3c882d9ab608add591ccace47a44?s=96&d=mm&r=g","contentUrl":"https:\/\/secure.gravatar.com\/avatar\/bab33852abfd8b282518d6ed81826833d77c3c882d9ab608add591ccace47a44?s=96&d=mm&r=g","caption":"Kuzeyin Sesi"},"sameAs":["https:\/\/kuzeyinsesi.org"],"url":"https:\/\/kuzeyinsesi.org\/index.php\/author\/guven\/"}]}},"_links":{"self":[{"href":"https:\/\/kuzeyinsesi.org\/index.php\/wp-json\/wp\/v2\/posts\/393","targetHints":{"allow":["GET"]}}],"collection":[{"href":"https:\/\/kuzeyinsesi.org\/index.php\/wp-json\/wp\/v2\/posts"}],"about":[{"href":"https:\/\/kuzeyinsesi.org\/index.php\/wp-json\/wp\/v2\/types\/post"}],"author":[{"embeddable":true,"href":"https:\/\/kuzeyinsesi.org\/index.php\/wp-json\/wp\/v2\/users\/1"}],"replies":[{"embeddable":true,"href":"https:\/\/kuzeyinsesi.org\/index.php\/wp-json\/wp\/v2\/comments?post=393"}],"version-history":[{"count":0,"href":"https:\/\/kuzeyinsesi.org\/index.php\/wp-json\/wp\/v2\/posts\/393\/revisions"}],"wp:featuredmedia":[{"embeddable":true,"href":"https:\/\/kuzeyinsesi.org\/index.php\/wp-json\/wp\/v2\/media\/394"}],"wp:attachment":[{"href":"https:\/\/kuzeyinsesi.org\/index.php\/wp-json\/wp\/v2\/media?parent=393"}],"wp:term":[{"taxonomy":"category","embeddable":true,"href":"https:\/\/kuzeyinsesi.org\/index.php\/wp-json\/wp\/v2\/categories?post=393"},{"taxonomy":"post_tag","embeddable":true,"href":"https:\/\/kuzeyinsesi.org\/index.php\/wp-json\/wp\/v2\/tags?post=393"}],"curies":[{"name":"wp","href":"https:\/\/api.w.org\/{rel}","templated":true}]}}