{"id":3864,"date":"2024-06-01T11:39:27","date_gmt":"2024-06-01T08:39:27","guid":{"rendered":"https:\/\/kuzeyinsesi.com\/index.php\/2024\/06\/01\/lbodan-dunya-cocuk-gunu-ozel-konseri\/"},"modified":"2024-06-01T11:39:27","modified_gmt":"2024-06-01T08:39:27","slug":"lbodan-dunya-cocuk-gunu-ozel-konseri","status":"publish","type":"post","link":"https:\/\/kuzeyinsesi.org\/index.php\/2024\/06\/01\/lbodan-dunya-cocuk-gunu-ozel-konseri\/","title":{"rendered":"LBO\u2019dan D\u00fcnya \u00c7ocuk G\u00fcn\u00fc \u00d6zel Konseri"},"content":{"rendered":"<div>\n<div class=\"mariselle-image-container center\">\n                                            <\/div>\n<p>Lefko\u015fa Belediye Orkestras\u0131 (LBO), LBO \u00c7ocuk ve \u00c7ok Sesli Gen\u00e7lik Korosu\u2019nun da yer ald\u0131\u011f\u0131 D\u00fcnya \u00c7ocuk G\u00fcn\u00fc \u00d6zel Konseri verdi.<\/p>\n<p>Belediye\u2019den yap\u0131lan a\u00e7\u0131klamaya g\u00f6re konser, Rauf Denkta\u015f \u00dcniversitesi K\u00fclt\u00fcr Merkezi\u2019nde verildi.<\/p>\n<p>Orkestra \u015eefli\u011fini Oskay Hoca\u2019n\u0131n, Koro \u015eefli\u011fini Hare Yakula\u2019n\u0131n \u00fcstlendi\u011fi konserde Minikler Korosu, Y\u0131ld\u0131zlar Korosu ve \u00c7ok Sesli Gen\u00e7lik Korosu, Lefko\u015fa Belediye Orkestras\u0131 ile ayn\u0131 sahneyi payla\u015ft\u0131. Konserde, final \u015fark\u0131s\u0131 olan \u201c\u00c7ocuklar Bar\u0131\u015fla Do\u011fsun\u201d par\u00e7as\u0131nda konuk \u00e7ocuk koristler de LBO \u00e7ocuk korolar\u0131na e\u015flik etti.<\/p>\n<p>Lefko\u015fa T\u00fcrk Belediyesi Ba\u015fkan\u0131 Mehmet yapt\u0131\u011f\u0131 konu\u015fmada, \u00e7ocuklar\u0131n herkesi \u00e7ok gururland\u0131ran bir performans ortaya koydu\u011funu ifade ederek, en b\u00fcy\u00fck alk\u0131\u015f\u0131n D\u00fcnya \u00c7ocuk G\u00fcn\u00fc\u2019nde onlar\u0131n hakk\u0131 oldu\u011funu s\u00f6yledi.<\/p>\n<p>LBO \u00c7ocuk Korosu\u2019nun 80\u2019in \u00fczerinde kat\u0131l\u0131mc\u0131ya ula\u015fmas\u0131n\u0131n \u00f6nemine at\u0131fta bulunan Ba\u015fkan Harmanc\u0131, koro \u015fefi Hare Yakula\u2019n\u0131n t\u00fcm \u00e7ocuklarla tek tek ilgilendi\u011finin ve yola \u00e7\u0131kt\u0131klar\u0131 g\u00fcnden beri b\u00fcy\u00fck gurur ya\u015fatt\u0131\u011f\u0131n\u0131n alt\u0131n\u0131 \u00e7izdi. Ba\u015fkan Harmanc\u0131, \u015eef Oskay Hoca ve orkestra yan\u0131nda di\u011fer bir te\u015fekk\u00fcr\u00fc de bu gecenin d\u00fczenlenmesinde b\u00fcy\u00fck eme\u011fi olan LBO Sorumlusu Diren\u00e7 Sar\u0131ca\u2019n\u0131n hak etti\u011fini dile getirdi.<\/p>\n<p>LTB Ba\u015fkan\u0131 Mehmet Harmanc\u0131 s\u00f6zlerini \u201cUmar\u0131m d\u00fcnyadaki t\u00fcm \u00e7ocuklar bu ak\u015famki gibi \u015fark\u0131 s\u00f6yleyebilir, g\u00fclebilir ve e\u011flenebilir; Gazze\u2019deki, Refah\u2019taki \u00e7ocuklar da g\u00fclebilir, e\u011flenebilir\u201d diyerek noktalad\u0131.<\/p>\n<\/p><\/div>\n<p><script async\n                    defer\n                    crossorigin=\"anonymous\"\n                    src=\"https:\/\/connect.facebook.net\/tr_TR\/sdk.js#xfbml=1&#038;version=v3.3\"\n            ><\/script><\/p>\n","protected":false},"excerpt":{"rendered":"<p>Lefko\u015fa Belediye Orkestras\u0131 (LBO), LBO \u00c7ocuk ve \u00c7ok Sesli Gen\u00e7lik Korosu\u2019nun da yer ald\u0131\u011f\u0131 D\u00fcnya \u00c7ocuk G\u00fcn\u00fc \u00d6zel Konseri verdi. Belediye\u2019den yap\u0131lan a\u00e7\u0131klamaya g\u00f6re konser, Rauf Denkta\u015f \u00dcniversitesi K\u00fclt\u00fcr Merkezi\u2019nde verildi. Orkestra \u015eefli\u011fini Oskay Hoca\u2019n\u0131n, Koro \u015eefli\u011fini Hare Yakula\u2019n\u0131n \u00fcstlendi\u011fi konserde Minikler Korosu, Y\u0131ld\u0131zlar Korosu ve \u00c7ok Sesli Gen\u00e7lik Korosu, Lefko\u015fa Belediye Orkestras\u0131 ile ayn\u0131 [&hellip;]<\/p>\n","protected":false},"author":1,"featured_media":3865,"comment_status":"open","ping_status":"open","sticky":false,"template":"","format":"standard","meta":{"jnews-multi-image_gallery":[],"jnews_single_post":[],"jnews_primary_category":[],"jnews_social_meta":[],"jnews_override_counter":[],"footnotes":""},"categories":[6],"tags":[],"class_list":["post-3864","post","type-post","status-publish","format-standard","has-post-thumbnail","hentry","category-yasam"],"yoast_head":"<!-- This site is optimized with the Yoast SEO plugin v27.5 - https:\/\/yoast.com\/product\/yoast-seo-wordpress\/ -->\n<title>LBO\u2019dan D\u00fcnya \u00c7ocuk G\u00fcn\u00fc \u00d6zel Konseri - Kuzeyin Sesi<\/title>\n<meta name=\"robots\" content=\"index, follow, max-snippet:-1, max-image-preview:large, max-video-preview:-1\" \/>\n<link rel=\"canonical\" href=\"https:\/\/kuzeyinsesi.org\/index.php\/2024\/06\/01\/lbodan-dunya-cocuk-gunu-ozel-konseri\/\" \/>\n<meta property=\"og:locale\" content=\"tr_TR\" \/>\n<meta property=\"og:type\" content=\"article\" \/>\n<meta property=\"og:title\" content=\"LBO\u2019dan D\u00fcnya \u00c7ocuk G\u00fcn\u00fc \u00d6zel Konseri - Kuzeyin Sesi\" \/>\n<meta property=\"og:description\" content=\"Lefko\u015fa Belediye Orkestras\u0131 (LBO), LBO \u00c7ocuk ve \u00c7ok Sesli Gen\u00e7lik Korosu\u2019nun da yer ald\u0131\u011f\u0131 D\u00fcnya \u00c7ocuk G\u00fcn\u00fc \u00d6zel Konseri verdi. Belediye\u2019den yap\u0131lan a\u00e7\u0131klamaya g\u00f6re konser, Rauf Denkta\u015f \u00dcniversitesi K\u00fclt\u00fcr Merkezi\u2019nde verildi. Orkestra \u015eefli\u011fini Oskay Hoca\u2019n\u0131n, Koro \u015eefli\u011fini Hare Yakula\u2019n\u0131n \u00fcstlendi\u011fi konserde Minikler Korosu, Y\u0131ld\u0131zlar Korosu ve \u00c7ok Sesli Gen\u00e7lik Korosu, Lefko\u015fa Belediye Orkestras\u0131 ile ayn\u0131 [&hellip;]\" \/>\n<meta property=\"og:url\" content=\"https:\/\/kuzeyinsesi.org\/index.php\/2024\/06\/01\/lbodan-dunya-cocuk-gunu-ozel-konseri\/\" \/>\n<meta property=\"og:site_name\" content=\"Kuzeyin Sesi\" \/>\n<meta property=\"article:publisher\" content=\"https:\/\/www.facebook.com\/kuzeyinsesii\" \/>\n<meta property=\"article:published_time\" content=\"2024-06-01T08:39:27+00:00\" \/>\n<meta property=\"og:image\" content=\"https:\/\/kuzeyinsesi.org\/wp-content\/uploads\/2024\/06\/lbo-1-scaled.jpg\" \/>\n\t<meta property=\"og:image:width\" content=\"2560\" \/>\n\t<meta property=\"og:image:height\" content=\"1278\" \/>\n\t<meta property=\"og:image:type\" content=\"image\/jpeg\" \/>\n<meta name=\"author\" content=\"Kuzeyin Sesi\" \/>\n<meta name=\"twitter:card\" content=\"summary_large_image\" \/>\n<meta name=\"twitter:creator\" content=\"@kuzeyinsesii\" \/>\n<meta name=\"twitter:site\" content=\"@kuzeyinsesii\" \/>\n<meta name=\"twitter:label1\" content=\"Yazan:\" \/>\n\t<meta name=\"twitter:data1\" content=\"Kuzeyin Sesi\" \/>\n\t<meta name=\"twitter:label2\" content=\"Tahmini okuma s\u00fcresi\" \/>\n\t<meta name=\"twitter:data2\" content=\"1 dakika\" \/>\n<script type=\"application\/ld+json\" class=\"yoast-schema-graph\">{\"@context\":\"https:\\\/\\\/schema.org\",\"@graph\":[{\"@type\":\"Article\",\"@id\":\"https:\\\/\\\/kuzeyinsesi.org\\\/index.php\\\/2024\\\/06\\\/01\\\/lbodan-dunya-cocuk-gunu-ozel-konseri\\\/#article\",\"isPartOf\":{\"@id\":\"https:\\\/\\\/kuzeyinsesi.org\\\/index.php\\\/2024\\\/06\\\/01\\\/lbodan-dunya-cocuk-gunu-ozel-konseri\\\/\"},\"author\":{\"name\":\"Kuzeyin Sesi\",\"@id\":\"https:\\\/\\\/kuzeyinsesi.org\\\/#\\\/schema\\\/person\\\/9f859689cdf01485597712386e37f5aa\"},\"headline\":\"LBO\u2019dan D\u00fcnya \u00c7ocuk G\u00fcn\u00fc \u00d6zel Konseri\",\"datePublished\":\"2024-06-01T08:39:27+00:00\",\"mainEntityOfPage\":{\"@id\":\"https:\\\/\\\/kuzeyinsesi.org\\\/index.php\\\/2024\\\/06\\\/01\\\/lbodan-dunya-cocuk-gunu-ozel-konseri\\\/\"},\"wordCount\":286,\"commentCount\":0,\"image\":{\"@id\":\"https:\\\/\\\/kuzeyinsesi.org\\\/index.php\\\/2024\\\/06\\\/01\\\/lbodan-dunya-cocuk-gunu-ozel-konseri\\\/#primaryimage\"},\"thumbnailUrl\":\"https:\\\/\\\/kuzeyinsesi.org\\\/wp-content\\\/uploads\\\/2024\\\/06\\\/lbo-1-scaled.jpg\",\"articleSection\":[\"Ya\u015fam\"],\"inLanguage\":\"tr\",\"potentialAction\":[{\"@type\":\"CommentAction\",\"name\":\"Comment\",\"target\":[\"https:\\\/\\\/kuzeyinsesi.org\\\/index.php\\\/2024\\\/06\\\/01\\\/lbodan-dunya-cocuk-gunu-ozel-konseri\\\/#respond\"]}]},{\"@type\":\"WebPage\",\"@id\":\"https:\\\/\\\/kuzeyinsesi.org\\\/index.php\\\/2024\\\/06\\\/01\\\/lbodan-dunya-cocuk-gunu-ozel-konseri\\\/\",\"url\":\"https:\\\/\\\/kuzeyinsesi.org\\\/index.php\\\/2024\\\/06\\\/01\\\/lbodan-dunya-cocuk-gunu-ozel-konseri\\\/\",\"name\":\"LBO\u2019dan D\u00fcnya \u00c7ocuk G\u00fcn\u00fc \u00d6zel Konseri - Kuzeyin Sesi\",\"isPartOf\":{\"@id\":\"https:\\\/\\\/kuzeyinsesi.org\\\/#website\"},\"primaryImageOfPage\":{\"@id\":\"https:\\\/\\\/kuzeyinsesi.org\\\/index.php\\\/2024\\\/06\\\/01\\\/lbodan-dunya-cocuk-gunu-ozel-konseri\\\/#primaryimage\"},\"image\":{\"@id\":\"https:\\\/\\\/kuzeyinsesi.org\\\/index.php\\\/2024\\\/06\\\/01\\\/lbodan-dunya-cocuk-gunu-ozel-konseri\\\/#primaryimage\"},\"thumbnailUrl\":\"https:\\\/\\\/kuzeyinsesi.org\\\/wp-content\\\/uploads\\\/2024\\\/06\\\/lbo-1-scaled.jpg\",\"datePublished\":\"2024-06-01T08:39:27+00:00\",\"author\":{\"@id\":\"https:\\\/\\\/kuzeyinsesi.org\\\/#\\\/schema\\\/person\\\/9f859689cdf01485597712386e37f5aa\"},\"breadcrumb\":{\"@id\":\"https:\\\/\\\/kuzeyinsesi.org\\\/index.php\\\/2024\\\/06\\\/01\\\/lbodan-dunya-cocuk-gunu-ozel-konseri\\\/#breadcrumb\"},\"inLanguage\":\"tr\",\"potentialAction\":[{\"@type\":\"ReadAction\",\"target\":[\"https:\\\/\\\/kuzeyinsesi.org\\\/index.php\\\/2024\\\/06\\\/01\\\/lbodan-dunya-cocuk-gunu-ozel-konseri\\\/\"]}]},{\"@type\":\"ImageObject\",\"inLanguage\":\"tr\",\"@id\":\"https:\\\/\\\/kuzeyinsesi.org\\\/index.php\\\/2024\\\/06\\\/01\\\/lbodan-dunya-cocuk-gunu-ozel-konseri\\\/#primaryimage\",\"url\":\"https:\\\/\\\/kuzeyinsesi.org\\\/wp-content\\\/uploads\\\/2024\\\/06\\\/lbo-1-scaled.jpg\",\"contentUrl\":\"https:\\\/\\\/kuzeyinsesi.org\\\/wp-content\\\/uploads\\\/2024\\\/06\\\/lbo-1-scaled.jpg\",\"width\":2560,\"height\":1278},{\"@type\":\"BreadcrumbList\",\"@id\":\"https:\\\/\\\/kuzeyinsesi.org\\\/index.php\\\/2024\\\/06\\\/01\\\/lbodan-dunya-cocuk-gunu-ozel-konseri\\\/#breadcrumb\",\"itemListElement\":[{\"@type\":\"ListItem\",\"position\":1,\"name\":\"Anasayfa\",\"item\":\"https:\\\/\\\/kuzeyinsesi.org\\\/\"},{\"@type\":\"ListItem\",\"position\":2,\"name\":\"LBO\u2019dan D\u00fcnya \u00c7ocuk G\u00fcn\u00fc \u00d6zel Konseri\"}]},{\"@type\":\"WebSite\",\"@id\":\"https:\\\/\\\/kuzeyinsesi.org\\\/#website\",\"url\":\"https:\\\/\\\/kuzeyinsesi.org\\\/\",\"name\":\"Kuzeyin Sesi\",\"description\":\"Do\u011fru Haberin Adresi\",\"potentialAction\":[{\"@type\":\"SearchAction\",\"target\":{\"@type\":\"EntryPoint\",\"urlTemplate\":\"https:\\\/\\\/kuzeyinsesi.org\\\/?s={search_term_string}\"},\"query-input\":{\"@type\":\"PropertyValueSpecification\",\"valueRequired\":true,\"valueName\":\"search_term_string\"}}],\"inLanguage\":\"tr\"},{\"@type\":\"Person\",\"@id\":\"https:\\\/\\\/kuzeyinsesi.org\\\/#\\\/schema\\\/person\\\/9f859689cdf01485597712386e37f5aa\",\"name\":\"Kuzeyin Sesi\",\"image\":{\"@type\":\"ImageObject\",\"inLanguage\":\"tr\",\"@id\":\"https:\\\/\\\/secure.gravatar.com\\\/avatar\\\/bab33852abfd8b282518d6ed81826833d77c3c882d9ab608add591ccace47a44?s=96&d=mm&r=g\",\"url\":\"https:\\\/\\\/secure.gravatar.com\\\/avatar\\\/bab33852abfd8b282518d6ed81826833d77c3c882d9ab608add591ccace47a44?s=96&d=mm&r=g\",\"contentUrl\":\"https:\\\/\\\/secure.gravatar.com\\\/avatar\\\/bab33852abfd8b282518d6ed81826833d77c3c882d9ab608add591ccace47a44?s=96&d=mm&r=g\",\"caption\":\"Kuzeyin Sesi\"},\"sameAs\":[\"https:\\\/\\\/kuzeyinsesi.org\"],\"url\":\"https:\\\/\\\/kuzeyinsesi.org\\\/index.php\\\/author\\\/guven\\\/\"}]}<\/script>\n<!-- \/ Yoast SEO plugin. -->","yoast_head_json":{"title":"LBO\u2019dan D\u00fcnya \u00c7ocuk G\u00fcn\u00fc \u00d6zel Konseri - Kuzeyin Sesi","robots":{"index":"index","follow":"follow","max-snippet":"max-snippet:-1","max-image-preview":"max-image-preview:large","max-video-preview":"max-video-preview:-1"},"canonical":"https:\/\/kuzeyinsesi.org\/index.php\/2024\/06\/01\/lbodan-dunya-cocuk-gunu-ozel-konseri\/","og_locale":"tr_TR","og_type":"article","og_title":"LBO\u2019dan D\u00fcnya \u00c7ocuk G\u00fcn\u00fc \u00d6zel Konseri - Kuzeyin Sesi","og_description":"Lefko\u015fa Belediye Orkestras\u0131 (LBO), LBO \u00c7ocuk ve \u00c7ok Sesli Gen\u00e7lik Korosu\u2019nun da yer ald\u0131\u011f\u0131 D\u00fcnya \u00c7ocuk G\u00fcn\u00fc \u00d6zel Konseri verdi. Belediye\u2019den yap\u0131lan a\u00e7\u0131klamaya g\u00f6re konser, Rauf Denkta\u015f \u00dcniversitesi K\u00fclt\u00fcr Merkezi\u2019nde verildi. Orkestra \u015eefli\u011fini Oskay Hoca\u2019n\u0131n, Koro \u015eefli\u011fini Hare Yakula\u2019n\u0131n \u00fcstlendi\u011fi konserde Minikler Korosu, Y\u0131ld\u0131zlar Korosu ve \u00c7ok Sesli Gen\u00e7lik Korosu, Lefko\u015fa Belediye Orkestras\u0131 ile ayn\u0131 [&hellip;]","og_url":"https:\/\/kuzeyinsesi.org\/index.php\/2024\/06\/01\/lbodan-dunya-cocuk-gunu-ozel-konseri\/","og_site_name":"Kuzeyin Sesi","article_publisher":"https:\/\/www.facebook.com\/kuzeyinsesii","article_published_time":"2024-06-01T08:39:27+00:00","og_image":[{"width":2560,"height":1278,"url":"https:\/\/kuzeyinsesi.org\/wp-content\/uploads\/2024\/06\/lbo-1-scaled.jpg","type":"image\/jpeg"}],"author":"Kuzeyin Sesi","twitter_card":"summary_large_image","twitter_creator":"@kuzeyinsesii","twitter_site":"@kuzeyinsesii","twitter_misc":{"Yazan:":"Kuzeyin Sesi","Tahmini okuma s\u00fcresi":"1 dakika"},"schema":{"@context":"https:\/\/schema.org","@graph":[{"@type":"Article","@id":"https:\/\/kuzeyinsesi.org\/index.php\/2024\/06\/01\/lbodan-dunya-cocuk-gunu-ozel-konseri\/#article","isPartOf":{"@id":"https:\/\/kuzeyinsesi.org\/index.php\/2024\/06\/01\/lbodan-dunya-cocuk-gunu-ozel-konseri\/"},"author":{"name":"Kuzeyin Sesi","@id":"https:\/\/kuzeyinsesi.org\/#\/schema\/person\/9f859689cdf01485597712386e37f5aa"},"headline":"LBO\u2019dan D\u00fcnya \u00c7ocuk G\u00fcn\u00fc \u00d6zel Konseri","datePublished":"2024-06-01T08:39:27+00:00","mainEntityOfPage":{"@id":"https:\/\/kuzeyinsesi.org\/index.php\/2024\/06\/01\/lbodan-dunya-cocuk-gunu-ozel-konseri\/"},"wordCount":286,"commentCount":0,"image":{"@id":"https:\/\/kuzeyinsesi.org\/index.php\/2024\/06\/01\/lbodan-dunya-cocuk-gunu-ozel-konseri\/#primaryimage"},"thumbnailUrl":"https:\/\/kuzeyinsesi.org\/wp-content\/uploads\/2024\/06\/lbo-1-scaled.jpg","articleSection":["Ya\u015fam"],"inLanguage":"tr","potentialAction":[{"@type":"CommentAction","name":"Comment","target":["https:\/\/kuzeyinsesi.org\/index.php\/2024\/06\/01\/lbodan-dunya-cocuk-gunu-ozel-konseri\/#respond"]}]},{"@type":"WebPage","@id":"https:\/\/kuzeyinsesi.org\/index.php\/2024\/06\/01\/lbodan-dunya-cocuk-gunu-ozel-konseri\/","url":"https:\/\/kuzeyinsesi.org\/index.php\/2024\/06\/01\/lbodan-dunya-cocuk-gunu-ozel-konseri\/","name":"LBO\u2019dan D\u00fcnya \u00c7ocuk G\u00fcn\u00fc \u00d6zel Konseri - Kuzeyin Sesi","isPartOf":{"@id":"https:\/\/kuzeyinsesi.org\/#website"},"primaryImageOfPage":{"@id":"https:\/\/kuzeyinsesi.org\/index.php\/2024\/06\/01\/lbodan-dunya-cocuk-gunu-ozel-konseri\/#primaryimage"},"image":{"@id":"https:\/\/kuzeyinsesi.org\/index.php\/2024\/06\/01\/lbodan-dunya-cocuk-gunu-ozel-konseri\/#primaryimage"},"thumbnailUrl":"https:\/\/kuzeyinsesi.org\/wp-content\/uploads\/2024\/06\/lbo-1-scaled.jpg","datePublished":"2024-06-01T08:39:27+00:00","author":{"@id":"https:\/\/kuzeyinsesi.org\/#\/schema\/person\/9f859689cdf01485597712386e37f5aa"},"breadcrumb":{"@id":"https:\/\/kuzeyinsesi.org\/index.php\/2024\/06\/01\/lbodan-dunya-cocuk-gunu-ozel-konseri\/#breadcrumb"},"inLanguage":"tr","potentialAction":[{"@type":"ReadAction","target":["https:\/\/kuzeyinsesi.org\/index.php\/2024\/06\/01\/lbodan-dunya-cocuk-gunu-ozel-konseri\/"]}]},{"@type":"ImageObject","inLanguage":"tr","@id":"https:\/\/kuzeyinsesi.org\/index.php\/2024\/06\/01\/lbodan-dunya-cocuk-gunu-ozel-konseri\/#primaryimage","url":"https:\/\/kuzeyinsesi.org\/wp-content\/uploads\/2024\/06\/lbo-1-scaled.jpg","contentUrl":"https:\/\/kuzeyinsesi.org\/wp-content\/uploads\/2024\/06\/lbo-1-scaled.jpg","width":2560,"height":1278},{"@type":"BreadcrumbList","@id":"https:\/\/kuzeyinsesi.org\/index.php\/2024\/06\/01\/lbodan-dunya-cocuk-gunu-ozel-konseri\/#breadcrumb","itemListElement":[{"@type":"ListItem","position":1,"name":"Anasayfa","item":"https:\/\/kuzeyinsesi.org\/"},{"@type":"ListItem","position":2,"name":"LBO\u2019dan D\u00fcnya \u00c7ocuk G\u00fcn\u00fc \u00d6zel Konseri"}]},{"@type":"WebSite","@id":"https:\/\/kuzeyinsesi.org\/#website","url":"https:\/\/kuzeyinsesi.org\/","name":"Kuzeyin Sesi","description":"Do\u011fru Haberin Adresi","potentialAction":[{"@type":"SearchAction","target":{"@type":"EntryPoint","urlTemplate":"https:\/\/kuzeyinsesi.org\/?s={search_term_string}"},"query-input":{"@type":"PropertyValueSpecification","valueRequired":true,"valueName":"search_term_string"}}],"inLanguage":"tr"},{"@type":"Person","@id":"https:\/\/kuzeyinsesi.org\/#\/schema\/person\/9f859689cdf01485597712386e37f5aa","name":"Kuzeyin Sesi","image":{"@type":"ImageObject","inLanguage":"tr","@id":"https:\/\/secure.gravatar.com\/avatar\/bab33852abfd8b282518d6ed81826833d77c3c882d9ab608add591ccace47a44?s=96&d=mm&r=g","url":"https:\/\/secure.gravatar.com\/avatar\/bab33852abfd8b282518d6ed81826833d77c3c882d9ab608add591ccace47a44?s=96&d=mm&r=g","contentUrl":"https:\/\/secure.gravatar.com\/avatar\/bab33852abfd8b282518d6ed81826833d77c3c882d9ab608add591ccace47a44?s=96&d=mm&r=g","caption":"Kuzeyin Sesi"},"sameAs":["https:\/\/kuzeyinsesi.org"],"url":"https:\/\/kuzeyinsesi.org\/index.php\/author\/guven\/"}]}},"_links":{"self":[{"href":"https:\/\/kuzeyinsesi.org\/index.php\/wp-json\/wp\/v2\/posts\/3864","targetHints":{"allow":["GET"]}}],"collection":[{"href":"https:\/\/kuzeyinsesi.org\/index.php\/wp-json\/wp\/v2\/posts"}],"about":[{"href":"https:\/\/kuzeyinsesi.org\/index.php\/wp-json\/wp\/v2\/types\/post"}],"author":[{"embeddable":true,"href":"https:\/\/kuzeyinsesi.org\/index.php\/wp-json\/wp\/v2\/users\/1"}],"replies":[{"embeddable":true,"href":"https:\/\/kuzeyinsesi.org\/index.php\/wp-json\/wp\/v2\/comments?post=3864"}],"version-history":[{"count":0,"href":"https:\/\/kuzeyinsesi.org\/index.php\/wp-json\/wp\/v2\/posts\/3864\/revisions"}],"wp:featuredmedia":[{"embeddable":true,"href":"https:\/\/kuzeyinsesi.org\/index.php\/wp-json\/wp\/v2\/media\/3865"}],"wp:attachment":[{"href":"https:\/\/kuzeyinsesi.org\/index.php\/wp-json\/wp\/v2\/media?parent=3864"}],"wp:term":[{"taxonomy":"category","embeddable":true,"href":"https:\/\/kuzeyinsesi.org\/index.php\/wp-json\/wp\/v2\/categories?post=3864"},{"taxonomy":"post_tag","embeddable":true,"href":"https:\/\/kuzeyinsesi.org\/index.php\/wp-json\/wp\/v2\/tags?post=3864"}],"curies":[{"name":"wp","href":"https:\/\/api.w.org\/{rel}","templated":true}]}}