{"id":3854,"date":"2024-05-31T21:21:49","date_gmt":"2024-05-31T18:21:49","guid":{"rendered":"https:\/\/kuzeyinsesi.com\/index.php\/2024\/05\/31\/gazimagusa-belediyesi-turk-muzigi-korosu-nagmelerle-bahar-konseriyle-muzikseverlerle-bulustu\/"},"modified":"2024-05-31T21:21:49","modified_gmt":"2024-05-31T18:21:49","slug":"gazimagusa-belediyesi-turk-muzigi-korosu-nagmelerle-bahar-konseriyle-muzikseverlerle-bulustu","status":"publish","type":"post","link":"https:\/\/kuzeyinsesi.org\/index.php\/2024\/05\/31\/gazimagusa-belediyesi-turk-muzigi-korosu-nagmelerle-bahar-konseriyle-muzikseverlerle-bulustu\/","title":{"rendered":"Gazima\u011fusa Belediyesi T\u00fcrk M\u00fczi\u011fi Korosu, \u201cNa\u011fmelerle Bahar\u201d konseriyle m\u00fczikseverlerle bulu\u015ftu"},"content":{"rendered":"<div>\n<div class=\"mariselle-image-container none\">\n                                            <\/div>\n<p>Gazima\u011fusa Belediyesi T\u00fcrk M\u00fczi\u011fi Korosu, d\u00fcn ak\u015fam \u201cNa\u011fmelerle Bahar\u201d konseri verdi.<\/p>\n<p>Belediye\u2019den yap\u0131lan a\u00e7\u0131klamaya g\u00f6re konser, Rauf Raif Denkta\u015f K\u00fclt\u00fcr ve Kongre Merkezi\u2019nde yer ald\u0131.<\/p>\n<p>\u015eef Adil S\u00f6nmez y\u00f6netimindeki koro, T\u00fcrk m\u00fczi\u011finin sevilen par\u00e7alar\u0131ndan 25 eser seslendirdi.<\/p>\n<p>Gazima\u011fusa Belediyesi T\u00fcrk M\u00fczi\u011fi Korosu\u2019nun 5 y\u0131l aradan sonra ilk kez m\u00fczikseverlerle bulu\u015ftu\u011fu konserde TRT Sanat\u00e7\u0131s\u0131 Tu\u011f\u00e7e Pala da konuk sanat\u00e7\u0131 olarak sahne ald\u0131.<\/p>\n<p>Konserin a\u00e7\u0131l\u0131\u015f konu\u015fmas\u0131n\u0131 yapan Gazima\u011fusa Belediye Ba\u015fkan\u0131 S\u00fcleyman Ulu\u00e7ay, Dr. Naz\u0131m Beratl\u0131\u2019n\u0131n vefat\u0131ndan\u00a0 duydu\u011fu \u00fcz\u00fcnt\u00fcy\u00fc dile getirerek ailesi ile sevenlerine sab\u0131r ve ba\u015fsa\u011fl\u0131\u011f\u0131 diledi.<\/p>\n<p>Ma\u011fusal\u0131n\u0131n sanata ve sanat\u00e7\u0131ya her zaman de\u011fer verdi\u011fini ifade eden Ulu\u00e7ay, Gazima\u011fusa Belediyesi T\u00fcrk Sanat M\u00fczi\u011fi Korosu Kurucusu\u00a0 Ayta\u00e7 \u00c7a\u011f\u0131n\u2019a te\u015fekk\u00fcr etti.<\/p>\n<\/p><\/div>\n<p><script async\n                    defer\n                    crossorigin=\"anonymous\"\n                    src=\"https:\/\/connect.facebook.net\/tr_TR\/sdk.js#xfbml=1&#038;version=v3.3\"\n            ><\/script><\/p>\n","protected":false},"excerpt":{"rendered":"<p>Gazima\u011fusa Belediyesi T\u00fcrk M\u00fczi\u011fi Korosu, d\u00fcn ak\u015fam \u201cNa\u011fmelerle Bahar\u201d konseri verdi. Belediye\u2019den yap\u0131lan a\u00e7\u0131klamaya g\u00f6re konser, Rauf Raif Denkta\u015f K\u00fclt\u00fcr ve Kongre Merkezi\u2019nde yer ald\u0131. \u015eef Adil S\u00f6nmez y\u00f6netimindeki koro, T\u00fcrk m\u00fczi\u011finin sevilen par\u00e7alar\u0131ndan 25 eser seslendirdi. Gazima\u011fusa Belediyesi T\u00fcrk M\u00fczi\u011fi Korosu\u2019nun 5 y\u0131l aradan sonra ilk kez m\u00fczikseverlerle bulu\u015ftu\u011fu konserde TRT Sanat\u00e7\u0131s\u0131 Tu\u011f\u00e7e Pala [&hellip;]<\/p>\n","protected":false},"author":1,"featured_media":3855,"comment_status":"open","ping_status":"open","sticky":false,"template":"","format":"standard","meta":{"jnews-multi-image_gallery":[],"jnews_single_post":[],"jnews_primary_category":[],"jnews_social_meta":[],"jnews_override_counter":[],"footnotes":""},"categories":[6],"tags":[],"class_list":["post-3854","post","type-post","status-publish","format-standard","has-post-thumbnail","hentry","category-yasam"],"yoast_head":"<!-- This site is optimized with the Yoast SEO plugin v27.5 - https:\/\/yoast.com\/product\/yoast-seo-wordpress\/ -->\n<title>Gazima\u011fusa Belediyesi T\u00fcrk M\u00fczi\u011fi Korosu, \u201cNa\u011fmelerle Bahar\u201d konseriyle m\u00fczikseverlerle bulu\u015ftu - Kuzeyin Sesi<\/title>\n<meta name=\"robots\" content=\"index, follow, max-snippet:-1, max-image-preview:large, max-video-preview:-1\" \/>\n<link rel=\"canonical\" href=\"https:\/\/kuzeyinsesi.org\/index.php\/2024\/05\/31\/gazimagusa-belediyesi-turk-muzigi-korosu-nagmelerle-bahar-konseriyle-muzikseverlerle-bulustu\/\" \/>\n<meta property=\"og:locale\" content=\"tr_TR\" \/>\n<meta property=\"og:type\" content=\"article\" \/>\n<meta property=\"og:title\" content=\"Gazima\u011fusa Belediyesi T\u00fcrk M\u00fczi\u011fi Korosu, \u201cNa\u011fmelerle Bahar\u201d konseriyle m\u00fczikseverlerle bulu\u015ftu - Kuzeyin Sesi\" \/>\n<meta property=\"og:description\" content=\"Gazima\u011fusa Belediyesi T\u00fcrk M\u00fczi\u011fi Korosu, d\u00fcn ak\u015fam \u201cNa\u011fmelerle Bahar\u201d konseri verdi. Belediye\u2019den yap\u0131lan a\u00e7\u0131klamaya g\u00f6re konser, Rauf Raif Denkta\u015f K\u00fclt\u00fcr ve Kongre Merkezi\u2019nde yer ald\u0131. \u015eef Adil S\u00f6nmez y\u00f6netimindeki koro, T\u00fcrk m\u00fczi\u011finin sevilen par\u00e7alar\u0131ndan 25 eser seslendirdi. Gazima\u011fusa Belediyesi T\u00fcrk M\u00fczi\u011fi Korosu\u2019nun 5 y\u0131l aradan sonra ilk kez m\u00fczikseverlerle bulu\u015ftu\u011fu konserde TRT Sanat\u00e7\u0131s\u0131 Tu\u011f\u00e7e Pala [&hellip;]\" \/>\n<meta property=\"og:url\" content=\"https:\/\/kuzeyinsesi.org\/index.php\/2024\/05\/31\/gazimagusa-belediyesi-turk-muzigi-korosu-nagmelerle-bahar-konseriyle-muzikseverlerle-bulustu\/\" \/>\n<meta property=\"og:site_name\" content=\"Kuzeyin Sesi\" \/>\n<meta property=\"article:publisher\" content=\"https:\/\/www.facebook.com\/kuzeyinsesii\" \/>\n<meta property=\"article:published_time\" content=\"2024-05-31T18:21:49+00:00\" \/>\n<meta property=\"og:image\" content=\"https:\/\/kuzeyinsesi.org\/wp-content\/uploads\/2024\/05\/magusa-bld-nagmelerle-bahar-konseri-2-.jpeg\" \/>\n\t<meta property=\"og:image:width\" content=\"2560\" \/>\n\t<meta property=\"og:image:height\" content=\"1706\" \/>\n\t<meta property=\"og:image:type\" content=\"image\/jpeg\" \/>\n<meta name=\"author\" content=\"Kuzeyin Sesi\" \/>\n<meta name=\"twitter:card\" content=\"summary_large_image\" \/>\n<meta name=\"twitter:creator\" content=\"@kuzeyinsesii\" \/>\n<meta name=\"twitter:site\" content=\"@kuzeyinsesii\" \/>\n<meta name=\"twitter:label1\" content=\"Yazan:\" \/>\n\t<meta name=\"twitter:data1\" content=\"Kuzeyin Sesi\" \/>\n\t<meta name=\"twitter:label2\" content=\"Tahmini okuma s\u00fcresi\" \/>\n\t<meta name=\"twitter:data2\" content=\"1 dakika\" \/>\n<script type=\"application\/ld+json\" class=\"yoast-schema-graph\">{\"@context\":\"https:\\\/\\\/schema.org\",\"@graph\":[{\"@type\":\"Article\",\"@id\":\"https:\\\/\\\/kuzeyinsesi.org\\\/index.php\\\/2024\\\/05\\\/31\\\/gazimagusa-belediyesi-turk-muzigi-korosu-nagmelerle-bahar-konseriyle-muzikseverlerle-bulustu\\\/#article\",\"isPartOf\":{\"@id\":\"https:\\\/\\\/kuzeyinsesi.org\\\/index.php\\\/2024\\\/05\\\/31\\\/gazimagusa-belediyesi-turk-muzigi-korosu-nagmelerle-bahar-konseriyle-muzikseverlerle-bulustu\\\/\"},\"author\":{\"name\":\"Kuzeyin Sesi\",\"@id\":\"https:\\\/\\\/kuzeyinsesi.org\\\/#\\\/schema\\\/person\\\/9f859689cdf01485597712386e37f5aa\"},\"headline\":\"Gazima\u011fusa Belediyesi T\u00fcrk M\u00fczi\u011fi Korosu, \u201cNa\u011fmelerle Bahar\u201d konseriyle m\u00fczikseverlerle bulu\u015ftu\",\"datePublished\":\"2024-05-31T18:21:49+00:00\",\"mainEntityOfPage\":{\"@id\":\"https:\\\/\\\/kuzeyinsesi.org\\\/index.php\\\/2024\\\/05\\\/31\\\/gazimagusa-belediyesi-turk-muzigi-korosu-nagmelerle-bahar-konseriyle-muzikseverlerle-bulustu\\\/\"},\"wordCount\":186,\"commentCount\":0,\"image\":{\"@id\":\"https:\\\/\\\/kuzeyinsesi.org\\\/index.php\\\/2024\\\/05\\\/31\\\/gazimagusa-belediyesi-turk-muzigi-korosu-nagmelerle-bahar-konseriyle-muzikseverlerle-bulustu\\\/#primaryimage\"},\"thumbnailUrl\":\"https:\\\/\\\/kuzeyinsesi.org\\\/wp-content\\\/uploads\\\/2024\\\/05\\\/magusa-bld-nagmelerle-bahar-konseri-2-.jpeg\",\"articleSection\":[\"Ya\u015fam\"],\"inLanguage\":\"tr\",\"potentialAction\":[{\"@type\":\"CommentAction\",\"name\":\"Comment\",\"target\":[\"https:\\\/\\\/kuzeyinsesi.org\\\/index.php\\\/2024\\\/05\\\/31\\\/gazimagusa-belediyesi-turk-muzigi-korosu-nagmelerle-bahar-konseriyle-muzikseverlerle-bulustu\\\/#respond\"]}]},{\"@type\":\"WebPage\",\"@id\":\"https:\\\/\\\/kuzeyinsesi.org\\\/index.php\\\/2024\\\/05\\\/31\\\/gazimagusa-belediyesi-turk-muzigi-korosu-nagmelerle-bahar-konseriyle-muzikseverlerle-bulustu\\\/\",\"url\":\"https:\\\/\\\/kuzeyinsesi.org\\\/index.php\\\/2024\\\/05\\\/31\\\/gazimagusa-belediyesi-turk-muzigi-korosu-nagmelerle-bahar-konseriyle-muzikseverlerle-bulustu\\\/\",\"name\":\"Gazima\u011fusa Belediyesi T\u00fcrk M\u00fczi\u011fi Korosu, \u201cNa\u011fmelerle Bahar\u201d konseriyle m\u00fczikseverlerle bulu\u015ftu - Kuzeyin Sesi\",\"isPartOf\":{\"@id\":\"https:\\\/\\\/kuzeyinsesi.org\\\/#website\"},\"primaryImageOfPage\":{\"@id\":\"https:\\\/\\\/kuzeyinsesi.org\\\/index.php\\\/2024\\\/05\\\/31\\\/gazimagusa-belediyesi-turk-muzigi-korosu-nagmelerle-bahar-konseriyle-muzikseverlerle-bulustu\\\/#primaryimage\"},\"image\":{\"@id\":\"https:\\\/\\\/kuzeyinsesi.org\\\/index.php\\\/2024\\\/05\\\/31\\\/gazimagusa-belediyesi-turk-muzigi-korosu-nagmelerle-bahar-konseriyle-muzikseverlerle-bulustu\\\/#primaryimage\"},\"thumbnailUrl\":\"https:\\\/\\\/kuzeyinsesi.org\\\/wp-content\\\/uploads\\\/2024\\\/05\\\/magusa-bld-nagmelerle-bahar-konseri-2-.jpeg\",\"datePublished\":\"2024-05-31T18:21:49+00:00\",\"author\":{\"@id\":\"https:\\\/\\\/kuzeyinsesi.org\\\/#\\\/schema\\\/person\\\/9f859689cdf01485597712386e37f5aa\"},\"breadcrumb\":{\"@id\":\"https:\\\/\\\/kuzeyinsesi.org\\\/index.php\\\/2024\\\/05\\\/31\\\/gazimagusa-belediyesi-turk-muzigi-korosu-nagmelerle-bahar-konseriyle-muzikseverlerle-bulustu\\\/#breadcrumb\"},\"inLanguage\":\"tr\",\"potentialAction\":[{\"@type\":\"ReadAction\",\"target\":[\"https:\\\/\\\/kuzeyinsesi.org\\\/index.php\\\/2024\\\/05\\\/31\\\/gazimagusa-belediyesi-turk-muzigi-korosu-nagmelerle-bahar-konseriyle-muzikseverlerle-bulustu\\\/\"]}]},{\"@type\":\"ImageObject\",\"inLanguage\":\"tr\",\"@id\":\"https:\\\/\\\/kuzeyinsesi.org\\\/index.php\\\/2024\\\/05\\\/31\\\/gazimagusa-belediyesi-turk-muzigi-korosu-nagmelerle-bahar-konseriyle-muzikseverlerle-bulustu\\\/#primaryimage\",\"url\":\"https:\\\/\\\/kuzeyinsesi.org\\\/wp-content\\\/uploads\\\/2024\\\/05\\\/magusa-bld-nagmelerle-bahar-konseri-2-.jpeg\",\"contentUrl\":\"https:\\\/\\\/kuzeyinsesi.org\\\/wp-content\\\/uploads\\\/2024\\\/05\\\/magusa-bld-nagmelerle-bahar-konseri-2-.jpeg\",\"width\":2560,\"height\":1706},{\"@type\":\"BreadcrumbList\",\"@id\":\"https:\\\/\\\/kuzeyinsesi.org\\\/index.php\\\/2024\\\/05\\\/31\\\/gazimagusa-belediyesi-turk-muzigi-korosu-nagmelerle-bahar-konseriyle-muzikseverlerle-bulustu\\\/#breadcrumb\",\"itemListElement\":[{\"@type\":\"ListItem\",\"position\":1,\"name\":\"Anasayfa\",\"item\":\"https:\\\/\\\/kuzeyinsesi.org\\\/\"},{\"@type\":\"ListItem\",\"position\":2,\"name\":\"Gazima\u011fusa Belediyesi T\u00fcrk M\u00fczi\u011fi Korosu, \u201cNa\u011fmelerle Bahar\u201d konseriyle m\u00fczikseverlerle bulu\u015ftu\"}]},{\"@type\":\"WebSite\",\"@id\":\"https:\\\/\\\/kuzeyinsesi.org\\\/#website\",\"url\":\"https:\\\/\\\/kuzeyinsesi.org\\\/\",\"name\":\"Kuzeyin Sesi\",\"description\":\"Do\u011fru Haberin Adresi\",\"potentialAction\":[{\"@type\":\"SearchAction\",\"target\":{\"@type\":\"EntryPoint\",\"urlTemplate\":\"https:\\\/\\\/kuzeyinsesi.org\\\/?s={search_term_string}\"},\"query-input\":{\"@type\":\"PropertyValueSpecification\",\"valueRequired\":true,\"valueName\":\"search_term_string\"}}],\"inLanguage\":\"tr\"},{\"@type\":\"Person\",\"@id\":\"https:\\\/\\\/kuzeyinsesi.org\\\/#\\\/schema\\\/person\\\/9f859689cdf01485597712386e37f5aa\",\"name\":\"Kuzeyin Sesi\",\"image\":{\"@type\":\"ImageObject\",\"inLanguage\":\"tr\",\"@id\":\"https:\\\/\\\/secure.gravatar.com\\\/avatar\\\/bab33852abfd8b282518d6ed81826833d77c3c882d9ab608add591ccace47a44?s=96&d=mm&r=g\",\"url\":\"https:\\\/\\\/secure.gravatar.com\\\/avatar\\\/bab33852abfd8b282518d6ed81826833d77c3c882d9ab608add591ccace47a44?s=96&d=mm&r=g\",\"contentUrl\":\"https:\\\/\\\/secure.gravatar.com\\\/avatar\\\/bab33852abfd8b282518d6ed81826833d77c3c882d9ab608add591ccace47a44?s=96&d=mm&r=g\",\"caption\":\"Kuzeyin Sesi\"},\"sameAs\":[\"https:\\\/\\\/kuzeyinsesi.org\"],\"url\":\"https:\\\/\\\/kuzeyinsesi.org\\\/index.php\\\/author\\\/guven\\\/\"}]}<\/script>\n<!-- \/ Yoast SEO plugin. -->","yoast_head_json":{"title":"Gazima\u011fusa Belediyesi T\u00fcrk M\u00fczi\u011fi Korosu, \u201cNa\u011fmelerle Bahar\u201d konseriyle m\u00fczikseverlerle bulu\u015ftu - Kuzeyin Sesi","robots":{"index":"index","follow":"follow","max-snippet":"max-snippet:-1","max-image-preview":"max-image-preview:large","max-video-preview":"max-video-preview:-1"},"canonical":"https:\/\/kuzeyinsesi.org\/index.php\/2024\/05\/31\/gazimagusa-belediyesi-turk-muzigi-korosu-nagmelerle-bahar-konseriyle-muzikseverlerle-bulustu\/","og_locale":"tr_TR","og_type":"article","og_title":"Gazima\u011fusa Belediyesi T\u00fcrk M\u00fczi\u011fi Korosu, \u201cNa\u011fmelerle Bahar\u201d konseriyle m\u00fczikseverlerle bulu\u015ftu - Kuzeyin Sesi","og_description":"Gazima\u011fusa Belediyesi T\u00fcrk M\u00fczi\u011fi Korosu, d\u00fcn ak\u015fam \u201cNa\u011fmelerle Bahar\u201d konseri verdi. Belediye\u2019den yap\u0131lan a\u00e7\u0131klamaya g\u00f6re konser, Rauf Raif Denkta\u015f K\u00fclt\u00fcr ve Kongre Merkezi\u2019nde yer ald\u0131. \u015eef Adil S\u00f6nmez y\u00f6netimindeki koro, T\u00fcrk m\u00fczi\u011finin sevilen par\u00e7alar\u0131ndan 25 eser seslendirdi. Gazima\u011fusa Belediyesi T\u00fcrk M\u00fczi\u011fi Korosu\u2019nun 5 y\u0131l aradan sonra ilk kez m\u00fczikseverlerle bulu\u015ftu\u011fu konserde TRT Sanat\u00e7\u0131s\u0131 Tu\u011f\u00e7e Pala [&hellip;]","og_url":"https:\/\/kuzeyinsesi.org\/index.php\/2024\/05\/31\/gazimagusa-belediyesi-turk-muzigi-korosu-nagmelerle-bahar-konseriyle-muzikseverlerle-bulustu\/","og_site_name":"Kuzeyin Sesi","article_publisher":"https:\/\/www.facebook.com\/kuzeyinsesii","article_published_time":"2024-05-31T18:21:49+00:00","og_image":[{"width":2560,"height":1706,"url":"https:\/\/kuzeyinsesi.org\/wp-content\/uploads\/2024\/05\/magusa-bld-nagmelerle-bahar-konseri-2-.jpeg","type":"image\/jpeg"}],"author":"Kuzeyin Sesi","twitter_card":"summary_large_image","twitter_creator":"@kuzeyinsesii","twitter_site":"@kuzeyinsesii","twitter_misc":{"Yazan:":"Kuzeyin Sesi","Tahmini okuma s\u00fcresi":"1 dakika"},"schema":{"@context":"https:\/\/schema.org","@graph":[{"@type":"Article","@id":"https:\/\/kuzeyinsesi.org\/index.php\/2024\/05\/31\/gazimagusa-belediyesi-turk-muzigi-korosu-nagmelerle-bahar-konseriyle-muzikseverlerle-bulustu\/#article","isPartOf":{"@id":"https:\/\/kuzeyinsesi.org\/index.php\/2024\/05\/31\/gazimagusa-belediyesi-turk-muzigi-korosu-nagmelerle-bahar-konseriyle-muzikseverlerle-bulustu\/"},"author":{"name":"Kuzeyin Sesi","@id":"https:\/\/kuzeyinsesi.org\/#\/schema\/person\/9f859689cdf01485597712386e37f5aa"},"headline":"Gazima\u011fusa Belediyesi T\u00fcrk M\u00fczi\u011fi Korosu, \u201cNa\u011fmelerle Bahar\u201d konseriyle m\u00fczikseverlerle bulu\u015ftu","datePublished":"2024-05-31T18:21:49+00:00","mainEntityOfPage":{"@id":"https:\/\/kuzeyinsesi.org\/index.php\/2024\/05\/31\/gazimagusa-belediyesi-turk-muzigi-korosu-nagmelerle-bahar-konseriyle-muzikseverlerle-bulustu\/"},"wordCount":186,"commentCount":0,"image":{"@id":"https:\/\/kuzeyinsesi.org\/index.php\/2024\/05\/31\/gazimagusa-belediyesi-turk-muzigi-korosu-nagmelerle-bahar-konseriyle-muzikseverlerle-bulustu\/#primaryimage"},"thumbnailUrl":"https:\/\/kuzeyinsesi.org\/wp-content\/uploads\/2024\/05\/magusa-bld-nagmelerle-bahar-konseri-2-.jpeg","articleSection":["Ya\u015fam"],"inLanguage":"tr","potentialAction":[{"@type":"CommentAction","name":"Comment","target":["https:\/\/kuzeyinsesi.org\/index.php\/2024\/05\/31\/gazimagusa-belediyesi-turk-muzigi-korosu-nagmelerle-bahar-konseriyle-muzikseverlerle-bulustu\/#respond"]}]},{"@type":"WebPage","@id":"https:\/\/kuzeyinsesi.org\/index.php\/2024\/05\/31\/gazimagusa-belediyesi-turk-muzigi-korosu-nagmelerle-bahar-konseriyle-muzikseverlerle-bulustu\/","url":"https:\/\/kuzeyinsesi.org\/index.php\/2024\/05\/31\/gazimagusa-belediyesi-turk-muzigi-korosu-nagmelerle-bahar-konseriyle-muzikseverlerle-bulustu\/","name":"Gazima\u011fusa Belediyesi T\u00fcrk M\u00fczi\u011fi Korosu, \u201cNa\u011fmelerle Bahar\u201d konseriyle m\u00fczikseverlerle bulu\u015ftu - Kuzeyin Sesi","isPartOf":{"@id":"https:\/\/kuzeyinsesi.org\/#website"},"primaryImageOfPage":{"@id":"https:\/\/kuzeyinsesi.org\/index.php\/2024\/05\/31\/gazimagusa-belediyesi-turk-muzigi-korosu-nagmelerle-bahar-konseriyle-muzikseverlerle-bulustu\/#primaryimage"},"image":{"@id":"https:\/\/kuzeyinsesi.org\/index.php\/2024\/05\/31\/gazimagusa-belediyesi-turk-muzigi-korosu-nagmelerle-bahar-konseriyle-muzikseverlerle-bulustu\/#primaryimage"},"thumbnailUrl":"https:\/\/kuzeyinsesi.org\/wp-content\/uploads\/2024\/05\/magusa-bld-nagmelerle-bahar-konseri-2-.jpeg","datePublished":"2024-05-31T18:21:49+00:00","author":{"@id":"https:\/\/kuzeyinsesi.org\/#\/schema\/person\/9f859689cdf01485597712386e37f5aa"},"breadcrumb":{"@id":"https:\/\/kuzeyinsesi.org\/index.php\/2024\/05\/31\/gazimagusa-belediyesi-turk-muzigi-korosu-nagmelerle-bahar-konseriyle-muzikseverlerle-bulustu\/#breadcrumb"},"inLanguage":"tr","potentialAction":[{"@type":"ReadAction","target":["https:\/\/kuzeyinsesi.org\/index.php\/2024\/05\/31\/gazimagusa-belediyesi-turk-muzigi-korosu-nagmelerle-bahar-konseriyle-muzikseverlerle-bulustu\/"]}]},{"@type":"ImageObject","inLanguage":"tr","@id":"https:\/\/kuzeyinsesi.org\/index.php\/2024\/05\/31\/gazimagusa-belediyesi-turk-muzigi-korosu-nagmelerle-bahar-konseriyle-muzikseverlerle-bulustu\/#primaryimage","url":"https:\/\/kuzeyinsesi.org\/wp-content\/uploads\/2024\/05\/magusa-bld-nagmelerle-bahar-konseri-2-.jpeg","contentUrl":"https:\/\/kuzeyinsesi.org\/wp-content\/uploads\/2024\/05\/magusa-bld-nagmelerle-bahar-konseri-2-.jpeg","width":2560,"height":1706},{"@type":"BreadcrumbList","@id":"https:\/\/kuzeyinsesi.org\/index.php\/2024\/05\/31\/gazimagusa-belediyesi-turk-muzigi-korosu-nagmelerle-bahar-konseriyle-muzikseverlerle-bulustu\/#breadcrumb","itemListElement":[{"@type":"ListItem","position":1,"name":"Anasayfa","item":"https:\/\/kuzeyinsesi.org\/"},{"@type":"ListItem","position":2,"name":"Gazima\u011fusa Belediyesi T\u00fcrk M\u00fczi\u011fi Korosu, \u201cNa\u011fmelerle Bahar\u201d konseriyle m\u00fczikseverlerle bulu\u015ftu"}]},{"@type":"WebSite","@id":"https:\/\/kuzeyinsesi.org\/#website","url":"https:\/\/kuzeyinsesi.org\/","name":"Kuzeyin Sesi","description":"Do\u011fru Haberin Adresi","potentialAction":[{"@type":"SearchAction","target":{"@type":"EntryPoint","urlTemplate":"https:\/\/kuzeyinsesi.org\/?s={search_term_string}"},"query-input":{"@type":"PropertyValueSpecification","valueRequired":true,"valueName":"search_term_string"}}],"inLanguage":"tr"},{"@type":"Person","@id":"https:\/\/kuzeyinsesi.org\/#\/schema\/person\/9f859689cdf01485597712386e37f5aa","name":"Kuzeyin Sesi","image":{"@type":"ImageObject","inLanguage":"tr","@id":"https:\/\/secure.gravatar.com\/avatar\/bab33852abfd8b282518d6ed81826833d77c3c882d9ab608add591ccace47a44?s=96&d=mm&r=g","url":"https:\/\/secure.gravatar.com\/avatar\/bab33852abfd8b282518d6ed81826833d77c3c882d9ab608add591ccace47a44?s=96&d=mm&r=g","contentUrl":"https:\/\/secure.gravatar.com\/avatar\/bab33852abfd8b282518d6ed81826833d77c3c882d9ab608add591ccace47a44?s=96&d=mm&r=g","caption":"Kuzeyin Sesi"},"sameAs":["https:\/\/kuzeyinsesi.org"],"url":"https:\/\/kuzeyinsesi.org\/index.php\/author\/guven\/"}]}},"_links":{"self":[{"href":"https:\/\/kuzeyinsesi.org\/index.php\/wp-json\/wp\/v2\/posts\/3854","targetHints":{"allow":["GET"]}}],"collection":[{"href":"https:\/\/kuzeyinsesi.org\/index.php\/wp-json\/wp\/v2\/posts"}],"about":[{"href":"https:\/\/kuzeyinsesi.org\/index.php\/wp-json\/wp\/v2\/types\/post"}],"author":[{"embeddable":true,"href":"https:\/\/kuzeyinsesi.org\/index.php\/wp-json\/wp\/v2\/users\/1"}],"replies":[{"embeddable":true,"href":"https:\/\/kuzeyinsesi.org\/index.php\/wp-json\/wp\/v2\/comments?post=3854"}],"version-history":[{"count":0,"href":"https:\/\/kuzeyinsesi.org\/index.php\/wp-json\/wp\/v2\/posts\/3854\/revisions"}],"wp:featuredmedia":[{"embeddable":true,"href":"https:\/\/kuzeyinsesi.org\/index.php\/wp-json\/wp\/v2\/media\/3855"}],"wp:attachment":[{"href":"https:\/\/kuzeyinsesi.org\/index.php\/wp-json\/wp\/v2\/media?parent=3854"}],"wp:term":[{"taxonomy":"category","embeddable":true,"href":"https:\/\/kuzeyinsesi.org\/index.php\/wp-json\/wp\/v2\/categories?post=3854"},{"taxonomy":"post_tag","embeddable":true,"href":"https:\/\/kuzeyinsesi.org\/index.php\/wp-json\/wp\/v2\/tags?post=3854"}],"curies":[{"name":"wp","href":"https:\/\/api.w.org\/{rel}","templated":true}]}}