{"id":3837,"date":"2024-05-31T20:21:00","date_gmt":"2024-05-31T17:21:00","guid":{"rendered":"https:\/\/kuzeyinsesi.com\/index.php\/2024\/05\/31\/117-ilkokul-ve-ortaokul-ogrencisinin-hazirladigi-sigaranin-zararlari-temali-resim-sergisi-acildi\/"},"modified":"2024-05-31T20:21:00","modified_gmt":"2024-05-31T17:21:00","slug":"117-ilkokul-ve-ortaokul-ogrencisinin-hazirladigi-sigaranin-zararlari-temali-resim-sergisi-acildi","status":"publish","type":"post","link":"https:\/\/kuzeyinsesi.org\/index.php\/2024\/05\/31\/117-ilkokul-ve-ortaokul-ogrencisinin-hazirladigi-sigaranin-zararlari-temali-resim-sergisi-acildi\/","title":{"rendered":"117 \u0130lkokul ve ortaokul \u00f6\u011frencisinin haz\u0131rlad\u0131\u011f\u0131 sigaran\u0131n zararlar\u0131 temal\u0131 resim sergisi a\u00e7\u0131ld\u0131"},"content":{"rendered":"<div>\n<div class=\"mariselle-image-container center\">\n                                            <\/div>\n<p>\u201c31 May\u0131s D\u00fcnya T\u00fct\u00fcns\u00fcz G\u00fcn\u00fc\u201d nedeniyle Kanser Hastalar\u0131na Yard\u0131m Derne\u011fi (KHYD) yarar\u0131na \u201csigaran\u0131n zararlar\u0131\u201d temal\u0131 resim sergisi a\u00e7\u0131ld\u0131.<\/p>\n<p>KHYD taraf\u0131ndan d\u00fczenlenen ve bu ak\u015fam Bedesten\u2019de yer alan sergide 117 ilkokul ve ortaokul \u00f6\u011frencisinin \u00e7izdi\u011fi resimler yer ald\u0131.<\/p>\n<p>Etkinlikte \u201cBug\u00fcn de\u011filse ne zaman?\u201d, \u201cSa\u011fl\u0131kl\u0131 bir toplum, sa\u011fl\u0131kl\u0131 bir gelecek i\u00e7in\u2026.\u201d, \u201cT\u00fct\u00fcns\u00fcz bir nefes i\u00e7in, sen de ilk ad\u0131m\u0131n\u0131 at\u201d vurgusu yap\u0131ld\u0131.<\/p>\n<p>Etkinlikte Umut E\u011fitim ve K\u00fclt\u00fcr Evi M\u00fczik grubunun m\u00fczik dinletisinin yan\u0131 s\u0131ra gen\u00e7lerin sigaradan uzak durmas\u0131 gerekti\u011fi y\u00f6n\u00fcnde mesaj veren k\u0131sa ske\u00e7ler yer ald\u0131. Kat\u0131l\u0131mc\u0131lara kat\u0131l\u0131m belgesi de verildi.<\/p>\n<p>Etkinlikte konu\u015fan KHYD Ba\u015fkan\u0131 Raziye Kocaismail, sigaran\u0131n zararlar\u0131n\u0131 aktard\u0131.<\/p>\n<p>Sa\u011fl\u0131k Bakanl\u0131\u011f\u0131 Temel Sa\u011fl\u0131k Hizmetleri Dairesi M\u00fcd\u00fcr\u00fc Vesile Erdo\u011fan Top\u00e7uo\u011flu da ilkokul ve ortaokulda \u00f6\u011frenim g\u00f6ren \u00e7ocuklardan sigaran\u0131n zararlar\u0131n\u0131 resme d\u00f6kmelerini istediklerini ve \u00e7ocuklar\u0131n sergide yer alan resimleri \u00e7izerek bakanl\u0131\u011fa g\u00f6nderdi\u011fini dile getirdi.<\/p>\n<p>Sergiyle\u00a0 t\u00fcm \u00e7ocuklar\u0131 onurland\u0131rmak istediklerini belirten Top\u00e7uo\u011flu, Vak\u0131flar Dairesi\u2019nin de kendilerine \u00e7ok katk\u0131 sa\u011flad\u0131\u011f\u0131n\u0131 dile getirdi.<\/p>\n<\/p><\/div>\n<p><script async\n                    defer\n                    crossorigin=\"anonymous\"\n                    src=\"https:\/\/connect.facebook.net\/tr_TR\/sdk.js#xfbml=1&#038;version=v3.3\"\n            ><\/script><\/p>\n","protected":false},"excerpt":{"rendered":"<p>\u201c31 May\u0131s D\u00fcnya T\u00fct\u00fcns\u00fcz G\u00fcn\u00fc\u201d nedeniyle Kanser Hastalar\u0131na Yard\u0131m Derne\u011fi (KHYD) yarar\u0131na \u201csigaran\u0131n zararlar\u0131\u201d temal\u0131 resim sergisi a\u00e7\u0131ld\u0131. KHYD taraf\u0131ndan d\u00fczenlenen ve bu ak\u015fam Bedesten\u2019de yer alan sergide 117 ilkokul ve ortaokul \u00f6\u011frencisinin \u00e7izdi\u011fi resimler yer ald\u0131. Etkinlikte \u201cBug\u00fcn de\u011filse ne zaman?\u201d, \u201cSa\u011fl\u0131kl\u0131 bir toplum, sa\u011fl\u0131kl\u0131 bir gelecek i\u00e7in\u2026.\u201d, \u201cT\u00fct\u00fcns\u00fcz bir nefes i\u00e7in, sen de [&hellip;]<\/p>\n","protected":false},"author":1,"featured_media":3838,"comment_status":"open","ping_status":"open","sticky":false,"template":"","format":"standard","meta":{"jnews-multi-image_gallery":[],"jnews_single_post":[],"jnews_primary_category":[],"jnews_social_meta":[],"jnews_override_counter":[],"footnotes":""},"categories":[6],"tags":[],"class_list":["post-3837","post","type-post","status-publish","format-standard","has-post-thumbnail","hentry","category-yasam"],"yoast_head":"<!-- This site is optimized with the Yoast SEO plugin v27.5 - https:\/\/yoast.com\/product\/yoast-seo-wordpress\/ -->\n<title>117 \u0130lkokul ve ortaokul \u00f6\u011frencisinin haz\u0131rlad\u0131\u011f\u0131 sigaran\u0131n zararlar\u0131 temal\u0131 resim sergisi a\u00e7\u0131ld\u0131 - Kuzeyin Sesi<\/title>\n<meta name=\"robots\" content=\"index, follow, max-snippet:-1, max-image-preview:large, max-video-preview:-1\" \/>\n<link rel=\"canonical\" href=\"https:\/\/kuzeyinsesi.org\/index.php\/2024\/05\/31\/117-ilkokul-ve-ortaokul-ogrencisinin-hazirladigi-sigaranin-zararlari-temali-resim-sergisi-acildi\/\" \/>\n<meta property=\"og:locale\" content=\"tr_TR\" \/>\n<meta property=\"og:type\" content=\"article\" \/>\n<meta property=\"og:title\" content=\"117 \u0130lkokul ve ortaokul \u00f6\u011frencisinin haz\u0131rlad\u0131\u011f\u0131 sigaran\u0131n zararlar\u0131 temal\u0131 resim sergisi a\u00e7\u0131ld\u0131 - Kuzeyin Sesi\" \/>\n<meta property=\"og:description\" content=\"\u201c31 May\u0131s D\u00fcnya T\u00fct\u00fcns\u00fcz G\u00fcn\u00fc\u201d nedeniyle Kanser Hastalar\u0131na Yard\u0131m Derne\u011fi (KHYD) yarar\u0131na \u201csigaran\u0131n zararlar\u0131\u201d temal\u0131 resim sergisi a\u00e7\u0131ld\u0131. KHYD taraf\u0131ndan d\u00fczenlenen ve bu ak\u015fam Bedesten\u2019de yer alan sergide 117 ilkokul ve ortaokul \u00f6\u011frencisinin \u00e7izdi\u011fi resimler yer ald\u0131. Etkinlikte \u201cBug\u00fcn de\u011filse ne zaman?\u201d, \u201cSa\u011fl\u0131kl\u0131 bir toplum, sa\u011fl\u0131kl\u0131 bir gelecek i\u00e7in\u2026.\u201d, \u201cT\u00fct\u00fcns\u00fcz bir nefes i\u00e7in, sen de [&hellip;]\" \/>\n<meta property=\"og:url\" content=\"https:\/\/kuzeyinsesi.org\/index.php\/2024\/05\/31\/117-ilkokul-ve-ortaokul-ogrencisinin-hazirladigi-sigaranin-zararlari-temali-resim-sergisi-acildi\/\" \/>\n<meta property=\"og:site_name\" content=\"Kuzeyin Sesi\" \/>\n<meta property=\"article:publisher\" content=\"https:\/\/www.facebook.com\/kuzeyinsesii\" \/>\n<meta property=\"article:published_time\" content=\"2024-05-31T17:21:00+00:00\" \/>\n<meta property=\"og:image\" content=\"https:\/\/kuzeyinsesi.org\/wp-content\/uploads\/2024\/05\/saf3-scaled.jpg\" \/>\n\t<meta property=\"og:image:width\" content=\"2560\" \/>\n\t<meta property=\"og:image:height\" content=\"1706\" \/>\n\t<meta property=\"og:image:type\" content=\"image\/jpeg\" \/>\n<meta name=\"author\" content=\"Kuzeyin Sesi\" \/>\n<meta name=\"twitter:card\" content=\"summary_large_image\" \/>\n<meta name=\"twitter:creator\" content=\"@kuzeyinsesii\" \/>\n<meta name=\"twitter:site\" content=\"@kuzeyinsesii\" \/>\n<meta name=\"twitter:label1\" content=\"Yazan:\" \/>\n\t<meta name=\"twitter:data1\" content=\"Kuzeyin Sesi\" \/>\n\t<meta name=\"twitter:label2\" content=\"Tahmini okuma s\u00fcresi\" \/>\n\t<meta name=\"twitter:data2\" content=\"1 dakika\" \/>\n<script type=\"application\/ld+json\" class=\"yoast-schema-graph\">{\"@context\":\"https:\\\/\\\/schema.org\",\"@graph\":[{\"@type\":\"Article\",\"@id\":\"https:\\\/\\\/kuzeyinsesi.org\\\/index.php\\\/2024\\\/05\\\/31\\\/117-ilkokul-ve-ortaokul-ogrencisinin-hazirladigi-sigaranin-zararlari-temali-resim-sergisi-acildi\\\/#article\",\"isPartOf\":{\"@id\":\"https:\\\/\\\/kuzeyinsesi.org\\\/index.php\\\/2024\\\/05\\\/31\\\/117-ilkokul-ve-ortaokul-ogrencisinin-hazirladigi-sigaranin-zararlari-temali-resim-sergisi-acildi\\\/\"},\"author\":{\"name\":\"Kuzeyin Sesi\",\"@id\":\"https:\\\/\\\/kuzeyinsesi.org\\\/#\\\/schema\\\/person\\\/9f859689cdf01485597712386e37f5aa\"},\"headline\":\"117 \u0130lkokul ve ortaokul \u00f6\u011frencisinin haz\u0131rlad\u0131\u011f\u0131 sigaran\u0131n zararlar\u0131 temal\u0131 resim sergisi a\u00e7\u0131ld\u0131\",\"datePublished\":\"2024-05-31T17:21:00+00:00\",\"mainEntityOfPage\":{\"@id\":\"https:\\\/\\\/kuzeyinsesi.org\\\/index.php\\\/2024\\\/05\\\/31\\\/117-ilkokul-ve-ortaokul-ogrencisinin-hazirladigi-sigaranin-zararlari-temali-resim-sergisi-acildi\\\/\"},\"wordCount\":236,\"commentCount\":0,\"image\":{\"@id\":\"https:\\\/\\\/kuzeyinsesi.org\\\/index.php\\\/2024\\\/05\\\/31\\\/117-ilkokul-ve-ortaokul-ogrencisinin-hazirladigi-sigaranin-zararlari-temali-resim-sergisi-acildi\\\/#primaryimage\"},\"thumbnailUrl\":\"https:\\\/\\\/kuzeyinsesi.org\\\/wp-content\\\/uploads\\\/2024\\\/05\\\/saf3-scaled.jpg\",\"articleSection\":[\"Ya\u015fam\"],\"inLanguage\":\"tr\",\"potentialAction\":[{\"@type\":\"CommentAction\",\"name\":\"Comment\",\"target\":[\"https:\\\/\\\/kuzeyinsesi.org\\\/index.php\\\/2024\\\/05\\\/31\\\/117-ilkokul-ve-ortaokul-ogrencisinin-hazirladigi-sigaranin-zararlari-temali-resim-sergisi-acildi\\\/#respond\"]}]},{\"@type\":\"WebPage\",\"@id\":\"https:\\\/\\\/kuzeyinsesi.org\\\/index.php\\\/2024\\\/05\\\/31\\\/117-ilkokul-ve-ortaokul-ogrencisinin-hazirladigi-sigaranin-zararlari-temali-resim-sergisi-acildi\\\/\",\"url\":\"https:\\\/\\\/kuzeyinsesi.org\\\/index.php\\\/2024\\\/05\\\/31\\\/117-ilkokul-ve-ortaokul-ogrencisinin-hazirladigi-sigaranin-zararlari-temali-resim-sergisi-acildi\\\/\",\"name\":\"117 \u0130lkokul ve ortaokul \u00f6\u011frencisinin haz\u0131rlad\u0131\u011f\u0131 sigaran\u0131n zararlar\u0131 temal\u0131 resim sergisi a\u00e7\u0131ld\u0131 - Kuzeyin Sesi\",\"isPartOf\":{\"@id\":\"https:\\\/\\\/kuzeyinsesi.org\\\/#website\"},\"primaryImageOfPage\":{\"@id\":\"https:\\\/\\\/kuzeyinsesi.org\\\/index.php\\\/2024\\\/05\\\/31\\\/117-ilkokul-ve-ortaokul-ogrencisinin-hazirladigi-sigaranin-zararlari-temali-resim-sergisi-acildi\\\/#primaryimage\"},\"image\":{\"@id\":\"https:\\\/\\\/kuzeyinsesi.org\\\/index.php\\\/2024\\\/05\\\/31\\\/117-ilkokul-ve-ortaokul-ogrencisinin-hazirladigi-sigaranin-zararlari-temali-resim-sergisi-acildi\\\/#primaryimage\"},\"thumbnailUrl\":\"https:\\\/\\\/kuzeyinsesi.org\\\/wp-content\\\/uploads\\\/2024\\\/05\\\/saf3-scaled.jpg\",\"datePublished\":\"2024-05-31T17:21:00+00:00\",\"author\":{\"@id\":\"https:\\\/\\\/kuzeyinsesi.org\\\/#\\\/schema\\\/person\\\/9f859689cdf01485597712386e37f5aa\"},\"breadcrumb\":{\"@id\":\"https:\\\/\\\/kuzeyinsesi.org\\\/index.php\\\/2024\\\/05\\\/31\\\/117-ilkokul-ve-ortaokul-ogrencisinin-hazirladigi-sigaranin-zararlari-temali-resim-sergisi-acildi\\\/#breadcrumb\"},\"inLanguage\":\"tr\",\"potentialAction\":[{\"@type\":\"ReadAction\",\"target\":[\"https:\\\/\\\/kuzeyinsesi.org\\\/index.php\\\/2024\\\/05\\\/31\\\/117-ilkokul-ve-ortaokul-ogrencisinin-hazirladigi-sigaranin-zararlari-temali-resim-sergisi-acildi\\\/\"]}]},{\"@type\":\"ImageObject\",\"inLanguage\":\"tr\",\"@id\":\"https:\\\/\\\/kuzeyinsesi.org\\\/index.php\\\/2024\\\/05\\\/31\\\/117-ilkokul-ve-ortaokul-ogrencisinin-hazirladigi-sigaranin-zararlari-temali-resim-sergisi-acildi\\\/#primaryimage\",\"url\":\"https:\\\/\\\/kuzeyinsesi.org\\\/wp-content\\\/uploads\\\/2024\\\/05\\\/saf3-scaled.jpg\",\"contentUrl\":\"https:\\\/\\\/kuzeyinsesi.org\\\/wp-content\\\/uploads\\\/2024\\\/05\\\/saf3-scaled.jpg\",\"width\":2560,\"height\":1706},{\"@type\":\"BreadcrumbList\",\"@id\":\"https:\\\/\\\/kuzeyinsesi.org\\\/index.php\\\/2024\\\/05\\\/31\\\/117-ilkokul-ve-ortaokul-ogrencisinin-hazirladigi-sigaranin-zararlari-temali-resim-sergisi-acildi\\\/#breadcrumb\",\"itemListElement\":[{\"@type\":\"ListItem\",\"position\":1,\"name\":\"Anasayfa\",\"item\":\"https:\\\/\\\/kuzeyinsesi.org\\\/\"},{\"@type\":\"ListItem\",\"position\":2,\"name\":\"117 \u0130lkokul ve ortaokul \u00f6\u011frencisinin haz\u0131rlad\u0131\u011f\u0131 sigaran\u0131n zararlar\u0131 temal\u0131 resim sergisi a\u00e7\u0131ld\u0131\"}]},{\"@type\":\"WebSite\",\"@id\":\"https:\\\/\\\/kuzeyinsesi.org\\\/#website\",\"url\":\"https:\\\/\\\/kuzeyinsesi.org\\\/\",\"name\":\"Kuzeyin Sesi\",\"description\":\"Do\u011fru Haberin Adresi\",\"potentialAction\":[{\"@type\":\"SearchAction\",\"target\":{\"@type\":\"EntryPoint\",\"urlTemplate\":\"https:\\\/\\\/kuzeyinsesi.org\\\/?s={search_term_string}\"},\"query-input\":{\"@type\":\"PropertyValueSpecification\",\"valueRequired\":true,\"valueName\":\"search_term_string\"}}],\"inLanguage\":\"tr\"},{\"@type\":\"Person\",\"@id\":\"https:\\\/\\\/kuzeyinsesi.org\\\/#\\\/schema\\\/person\\\/9f859689cdf01485597712386e37f5aa\",\"name\":\"Kuzeyin Sesi\",\"image\":{\"@type\":\"ImageObject\",\"inLanguage\":\"tr\",\"@id\":\"https:\\\/\\\/secure.gravatar.com\\\/avatar\\\/bab33852abfd8b282518d6ed81826833d77c3c882d9ab608add591ccace47a44?s=96&d=mm&r=g\",\"url\":\"https:\\\/\\\/secure.gravatar.com\\\/avatar\\\/bab33852abfd8b282518d6ed81826833d77c3c882d9ab608add591ccace47a44?s=96&d=mm&r=g\",\"contentUrl\":\"https:\\\/\\\/secure.gravatar.com\\\/avatar\\\/bab33852abfd8b282518d6ed81826833d77c3c882d9ab608add591ccace47a44?s=96&d=mm&r=g\",\"caption\":\"Kuzeyin Sesi\"},\"sameAs\":[\"https:\\\/\\\/kuzeyinsesi.org\"],\"url\":\"https:\\\/\\\/kuzeyinsesi.org\\\/index.php\\\/author\\\/guven\\\/\"}]}<\/script>\n<!-- \/ Yoast SEO plugin. -->","yoast_head_json":{"title":"117 \u0130lkokul ve ortaokul \u00f6\u011frencisinin haz\u0131rlad\u0131\u011f\u0131 sigaran\u0131n zararlar\u0131 temal\u0131 resim sergisi a\u00e7\u0131ld\u0131 - Kuzeyin Sesi","robots":{"index":"index","follow":"follow","max-snippet":"max-snippet:-1","max-image-preview":"max-image-preview:large","max-video-preview":"max-video-preview:-1"},"canonical":"https:\/\/kuzeyinsesi.org\/index.php\/2024\/05\/31\/117-ilkokul-ve-ortaokul-ogrencisinin-hazirladigi-sigaranin-zararlari-temali-resim-sergisi-acildi\/","og_locale":"tr_TR","og_type":"article","og_title":"117 \u0130lkokul ve ortaokul \u00f6\u011frencisinin haz\u0131rlad\u0131\u011f\u0131 sigaran\u0131n zararlar\u0131 temal\u0131 resim sergisi a\u00e7\u0131ld\u0131 - Kuzeyin Sesi","og_description":"\u201c31 May\u0131s D\u00fcnya T\u00fct\u00fcns\u00fcz G\u00fcn\u00fc\u201d nedeniyle Kanser Hastalar\u0131na Yard\u0131m Derne\u011fi (KHYD) yarar\u0131na \u201csigaran\u0131n zararlar\u0131\u201d temal\u0131 resim sergisi a\u00e7\u0131ld\u0131. KHYD taraf\u0131ndan d\u00fczenlenen ve bu ak\u015fam Bedesten\u2019de yer alan sergide 117 ilkokul ve ortaokul \u00f6\u011frencisinin \u00e7izdi\u011fi resimler yer ald\u0131. Etkinlikte \u201cBug\u00fcn de\u011filse ne zaman?\u201d, \u201cSa\u011fl\u0131kl\u0131 bir toplum, sa\u011fl\u0131kl\u0131 bir gelecek i\u00e7in\u2026.\u201d, \u201cT\u00fct\u00fcns\u00fcz bir nefes i\u00e7in, sen de [&hellip;]","og_url":"https:\/\/kuzeyinsesi.org\/index.php\/2024\/05\/31\/117-ilkokul-ve-ortaokul-ogrencisinin-hazirladigi-sigaranin-zararlari-temali-resim-sergisi-acildi\/","og_site_name":"Kuzeyin Sesi","article_publisher":"https:\/\/www.facebook.com\/kuzeyinsesii","article_published_time":"2024-05-31T17:21:00+00:00","og_image":[{"width":2560,"height":1706,"url":"https:\/\/kuzeyinsesi.org\/wp-content\/uploads\/2024\/05\/saf3-scaled.jpg","type":"image\/jpeg"}],"author":"Kuzeyin Sesi","twitter_card":"summary_large_image","twitter_creator":"@kuzeyinsesii","twitter_site":"@kuzeyinsesii","twitter_misc":{"Yazan:":"Kuzeyin Sesi","Tahmini okuma s\u00fcresi":"1 dakika"},"schema":{"@context":"https:\/\/schema.org","@graph":[{"@type":"Article","@id":"https:\/\/kuzeyinsesi.org\/index.php\/2024\/05\/31\/117-ilkokul-ve-ortaokul-ogrencisinin-hazirladigi-sigaranin-zararlari-temali-resim-sergisi-acildi\/#article","isPartOf":{"@id":"https:\/\/kuzeyinsesi.org\/index.php\/2024\/05\/31\/117-ilkokul-ve-ortaokul-ogrencisinin-hazirladigi-sigaranin-zararlari-temali-resim-sergisi-acildi\/"},"author":{"name":"Kuzeyin Sesi","@id":"https:\/\/kuzeyinsesi.org\/#\/schema\/person\/9f859689cdf01485597712386e37f5aa"},"headline":"117 \u0130lkokul ve ortaokul \u00f6\u011frencisinin haz\u0131rlad\u0131\u011f\u0131 sigaran\u0131n zararlar\u0131 temal\u0131 resim sergisi a\u00e7\u0131ld\u0131","datePublished":"2024-05-31T17:21:00+00:00","mainEntityOfPage":{"@id":"https:\/\/kuzeyinsesi.org\/index.php\/2024\/05\/31\/117-ilkokul-ve-ortaokul-ogrencisinin-hazirladigi-sigaranin-zararlari-temali-resim-sergisi-acildi\/"},"wordCount":236,"commentCount":0,"image":{"@id":"https:\/\/kuzeyinsesi.org\/index.php\/2024\/05\/31\/117-ilkokul-ve-ortaokul-ogrencisinin-hazirladigi-sigaranin-zararlari-temali-resim-sergisi-acildi\/#primaryimage"},"thumbnailUrl":"https:\/\/kuzeyinsesi.org\/wp-content\/uploads\/2024\/05\/saf3-scaled.jpg","articleSection":["Ya\u015fam"],"inLanguage":"tr","potentialAction":[{"@type":"CommentAction","name":"Comment","target":["https:\/\/kuzeyinsesi.org\/index.php\/2024\/05\/31\/117-ilkokul-ve-ortaokul-ogrencisinin-hazirladigi-sigaranin-zararlari-temali-resim-sergisi-acildi\/#respond"]}]},{"@type":"WebPage","@id":"https:\/\/kuzeyinsesi.org\/index.php\/2024\/05\/31\/117-ilkokul-ve-ortaokul-ogrencisinin-hazirladigi-sigaranin-zararlari-temali-resim-sergisi-acildi\/","url":"https:\/\/kuzeyinsesi.org\/index.php\/2024\/05\/31\/117-ilkokul-ve-ortaokul-ogrencisinin-hazirladigi-sigaranin-zararlari-temali-resim-sergisi-acildi\/","name":"117 \u0130lkokul ve ortaokul \u00f6\u011frencisinin haz\u0131rlad\u0131\u011f\u0131 sigaran\u0131n zararlar\u0131 temal\u0131 resim sergisi a\u00e7\u0131ld\u0131 - Kuzeyin Sesi","isPartOf":{"@id":"https:\/\/kuzeyinsesi.org\/#website"},"primaryImageOfPage":{"@id":"https:\/\/kuzeyinsesi.org\/index.php\/2024\/05\/31\/117-ilkokul-ve-ortaokul-ogrencisinin-hazirladigi-sigaranin-zararlari-temali-resim-sergisi-acildi\/#primaryimage"},"image":{"@id":"https:\/\/kuzeyinsesi.org\/index.php\/2024\/05\/31\/117-ilkokul-ve-ortaokul-ogrencisinin-hazirladigi-sigaranin-zararlari-temali-resim-sergisi-acildi\/#primaryimage"},"thumbnailUrl":"https:\/\/kuzeyinsesi.org\/wp-content\/uploads\/2024\/05\/saf3-scaled.jpg","datePublished":"2024-05-31T17:21:00+00:00","author":{"@id":"https:\/\/kuzeyinsesi.org\/#\/schema\/person\/9f859689cdf01485597712386e37f5aa"},"breadcrumb":{"@id":"https:\/\/kuzeyinsesi.org\/index.php\/2024\/05\/31\/117-ilkokul-ve-ortaokul-ogrencisinin-hazirladigi-sigaranin-zararlari-temali-resim-sergisi-acildi\/#breadcrumb"},"inLanguage":"tr","potentialAction":[{"@type":"ReadAction","target":["https:\/\/kuzeyinsesi.org\/index.php\/2024\/05\/31\/117-ilkokul-ve-ortaokul-ogrencisinin-hazirladigi-sigaranin-zararlari-temali-resim-sergisi-acildi\/"]}]},{"@type":"ImageObject","inLanguage":"tr","@id":"https:\/\/kuzeyinsesi.org\/index.php\/2024\/05\/31\/117-ilkokul-ve-ortaokul-ogrencisinin-hazirladigi-sigaranin-zararlari-temali-resim-sergisi-acildi\/#primaryimage","url":"https:\/\/kuzeyinsesi.org\/wp-content\/uploads\/2024\/05\/saf3-scaled.jpg","contentUrl":"https:\/\/kuzeyinsesi.org\/wp-content\/uploads\/2024\/05\/saf3-scaled.jpg","width":2560,"height":1706},{"@type":"BreadcrumbList","@id":"https:\/\/kuzeyinsesi.org\/index.php\/2024\/05\/31\/117-ilkokul-ve-ortaokul-ogrencisinin-hazirladigi-sigaranin-zararlari-temali-resim-sergisi-acildi\/#breadcrumb","itemListElement":[{"@type":"ListItem","position":1,"name":"Anasayfa","item":"https:\/\/kuzeyinsesi.org\/"},{"@type":"ListItem","position":2,"name":"117 \u0130lkokul ve ortaokul \u00f6\u011frencisinin haz\u0131rlad\u0131\u011f\u0131 sigaran\u0131n zararlar\u0131 temal\u0131 resim sergisi a\u00e7\u0131ld\u0131"}]},{"@type":"WebSite","@id":"https:\/\/kuzeyinsesi.org\/#website","url":"https:\/\/kuzeyinsesi.org\/","name":"Kuzeyin Sesi","description":"Do\u011fru Haberin Adresi","potentialAction":[{"@type":"SearchAction","target":{"@type":"EntryPoint","urlTemplate":"https:\/\/kuzeyinsesi.org\/?s={search_term_string}"},"query-input":{"@type":"PropertyValueSpecification","valueRequired":true,"valueName":"search_term_string"}}],"inLanguage":"tr"},{"@type":"Person","@id":"https:\/\/kuzeyinsesi.org\/#\/schema\/person\/9f859689cdf01485597712386e37f5aa","name":"Kuzeyin Sesi","image":{"@type":"ImageObject","inLanguage":"tr","@id":"https:\/\/secure.gravatar.com\/avatar\/bab33852abfd8b282518d6ed81826833d77c3c882d9ab608add591ccace47a44?s=96&d=mm&r=g","url":"https:\/\/secure.gravatar.com\/avatar\/bab33852abfd8b282518d6ed81826833d77c3c882d9ab608add591ccace47a44?s=96&d=mm&r=g","contentUrl":"https:\/\/secure.gravatar.com\/avatar\/bab33852abfd8b282518d6ed81826833d77c3c882d9ab608add591ccace47a44?s=96&d=mm&r=g","caption":"Kuzeyin Sesi"},"sameAs":["https:\/\/kuzeyinsesi.org"],"url":"https:\/\/kuzeyinsesi.org\/index.php\/author\/guven\/"}]}},"_links":{"self":[{"href":"https:\/\/kuzeyinsesi.org\/index.php\/wp-json\/wp\/v2\/posts\/3837","targetHints":{"allow":["GET"]}}],"collection":[{"href":"https:\/\/kuzeyinsesi.org\/index.php\/wp-json\/wp\/v2\/posts"}],"about":[{"href":"https:\/\/kuzeyinsesi.org\/index.php\/wp-json\/wp\/v2\/types\/post"}],"author":[{"embeddable":true,"href":"https:\/\/kuzeyinsesi.org\/index.php\/wp-json\/wp\/v2\/users\/1"}],"replies":[{"embeddable":true,"href":"https:\/\/kuzeyinsesi.org\/index.php\/wp-json\/wp\/v2\/comments?post=3837"}],"version-history":[{"count":0,"href":"https:\/\/kuzeyinsesi.org\/index.php\/wp-json\/wp\/v2\/posts\/3837\/revisions"}],"wp:featuredmedia":[{"embeddable":true,"href":"https:\/\/kuzeyinsesi.org\/index.php\/wp-json\/wp\/v2\/media\/3838"}],"wp:attachment":[{"href":"https:\/\/kuzeyinsesi.org\/index.php\/wp-json\/wp\/v2\/media?parent=3837"}],"wp:term":[{"taxonomy":"category","embeddable":true,"href":"https:\/\/kuzeyinsesi.org\/index.php\/wp-json\/wp\/v2\/categories?post=3837"},{"taxonomy":"post_tag","embeddable":true,"href":"https:\/\/kuzeyinsesi.org\/index.php\/wp-json\/wp\/v2\/tags?post=3837"}],"curies":[{"name":"wp","href":"https:\/\/api.w.org\/{rel}","templated":true}]}}