{"id":3794,"date":"2024-05-31T12:12:42","date_gmt":"2024-05-31T09:12:42","guid":{"rendered":"https:\/\/kuzeyinsesi.com\/index.php\/2024\/05\/31\/kibris-tiyatro-festivalinde-ucurtmanin-kuyrugu-sahnelendi\/"},"modified":"2024-05-31T12:12:42","modified_gmt":"2024-05-31T09:12:42","slug":"kibris-tiyatro-festivalinde-ucurtmanin-kuyrugu-sahnelendi","status":"publish","type":"post","link":"https:\/\/kuzeyinsesi.org\/index.php\/2024\/05\/31\/kibris-tiyatro-festivalinde-ucurtmanin-kuyrugu-sahnelendi\/","title":{"rendered":"K\u0131br\u0131s Tiyatro Festivali\u2019nde \u201cU\u00e7urtman\u0131n Kuyru\u011fu\u201d sahnelendi"},"content":{"rendered":"<div>\n<div class=\"mariselle-image-container center\">\n                                            <\/div>\n<p> Lefko\u015fa T\u00fcrk Belediyesi\u2019nin bu y\u0131l 20.\u2019sini d\u00fczenledi\u011fi K\u0131br\u0131s Tiyatro Festivali\u2019nde \u0130stanbul \u015eehir Tiyatrolar\u0131 taraf\u0131ndan sahnelenen ikinci oyun \u201cU\u00e7urtman\u0131n Kuyru\u011fu\u201d seyirci ile bulu\u015ftu.<\/p>\n<p>LTB\u2019den yap\u0131lan yaz\u0131l\u0131 a\u00e7\u0131klamaya g\u00f6re, \u00e7ocuklu\u011fu babas\u0131 taraf\u0131ndan otoriteyle bezenmi\u015f, s\u0131k\u0131 bir disiplinle yeti\u015ftirilmi\u015f, bu disiplin ve otorite kendisi i\u00e7in saplant\u0131ya d\u00f6n\u00fc\u015fm\u00fc\u015f bir adam\u0131n ilk kez tan\u0131d\u0131\u011f\u0131 biri ile olan diyaloglar\u0131n\u0131n anlat\u0131ld\u0131\u011f\u0131 oyunu Sava\u015f Din\u00e7el yazarken, Bar\u0131\u015f Din\u00e7el y\u00f6netti.<\/p>\n<p>Ali Yo\u011furt\u00e7uo\u011flu ve G\u00fcn Koper\u2019in yer ald\u0131\u011f\u0131 iki perdelik oyun, seyirci taraf\u0131ndan ayakta alk\u0131\u015fland\u0131.<\/p>\n<p>-1 Haziran D\u00fcnya \u00c7ocuk G\u00fcn\u00fc\u2019nde \u00e7ocuk oyunu \u201c\u00c7\u00f6ps\u00fcz D\u00fcnya\u201d<\/p>\n<p> 20. K\u0131br\u0131s Tiyatro Festivali\u2019nde s\u0131rada \u0130stanbul \u015eehir Tiyatrolar\u0131\u2019n\u0131n \u00e7ocuk oyunu \u00c7\u00f6ps\u00fcz D\u00fcnya yer al\u0131yor.<\/p>\n<p>1 Haziran D\u00fcnya \u00c7ocuk G\u00fcn\u00fc\u2019ne \u00f6zel sahnelenecek olan \u00c7\u00f6ps\u00fcz D\u00fcnya oyunu Cumartesi g\u00fcn\u00fc YD\u00dc AKKM\u2019de yer alacak ve saat 16.00\u2019da ba\u015flayacak.<\/p>\n<p>Festival biletleri, Lefko\u015fa Belediye Tiyatrosu gi\u015fesi ve biletinial.com\u2019dan al\u0131nabiliyor.<\/p>\n<\/p><\/div>\n<p><script async\n                    defer\n                    crossorigin=\"anonymous\"\n                    src=\"https:\/\/connect.facebook.net\/tr_TR\/sdk.js#xfbml=1&#038;version=v3.3\"\n            ><\/script><\/p>\n","protected":false},"excerpt":{"rendered":"<p>Lefko\u015fa T\u00fcrk Belediyesi\u2019nin bu y\u0131l 20.\u2019sini d\u00fczenledi\u011fi K\u0131br\u0131s Tiyatro Festivali\u2019nde \u0130stanbul \u015eehir Tiyatrolar\u0131 taraf\u0131ndan sahnelenen ikinci oyun \u201cU\u00e7urtman\u0131n Kuyru\u011fu\u201d seyirci ile bulu\u015ftu. LTB\u2019den yap\u0131lan yaz\u0131l\u0131 a\u00e7\u0131klamaya g\u00f6re, \u00e7ocuklu\u011fu babas\u0131 taraf\u0131ndan otoriteyle bezenmi\u015f, s\u0131k\u0131 bir disiplinle yeti\u015ftirilmi\u015f, bu disiplin ve otorite kendisi i\u00e7in saplant\u0131ya d\u00f6n\u00fc\u015fm\u00fc\u015f bir adam\u0131n ilk kez tan\u0131d\u0131\u011f\u0131 biri ile olan diyaloglar\u0131n\u0131n anlat\u0131ld\u0131\u011f\u0131 oyunu [&hellip;]<\/p>\n","protected":false},"author":1,"featured_media":3795,"comment_status":"open","ping_status":"open","sticky":false,"template":"","format":"standard","meta":{"jnews-multi-image_gallery":[],"jnews_single_post":[],"jnews_primary_category":[],"jnews_social_meta":[],"jnews_override_counter":[],"footnotes":""},"categories":[6],"tags":[],"class_list":["post-3794","post","type-post","status-publish","format-standard","has-post-thumbnail","hentry","category-yasam"],"yoast_head":"<!-- This site is optimized with the Yoast SEO plugin v27.5 - https:\/\/yoast.com\/product\/yoast-seo-wordpress\/ -->\n<title>K\u0131br\u0131s Tiyatro Festivali\u2019nde \u201cU\u00e7urtman\u0131n Kuyru\u011fu\u201d sahnelendi - Kuzeyin Sesi<\/title>\n<meta name=\"robots\" content=\"index, follow, max-snippet:-1, max-image-preview:large, max-video-preview:-1\" \/>\n<link rel=\"canonical\" href=\"https:\/\/kuzeyinsesi.org\/index.php\/2024\/05\/31\/kibris-tiyatro-festivalinde-ucurtmanin-kuyrugu-sahnelendi\/\" \/>\n<meta property=\"og:locale\" content=\"tr_TR\" \/>\n<meta property=\"og:type\" content=\"article\" \/>\n<meta property=\"og:title\" content=\"K\u0131br\u0131s Tiyatro Festivali\u2019nde \u201cU\u00e7urtman\u0131n Kuyru\u011fu\u201d sahnelendi - Kuzeyin Sesi\" \/>\n<meta property=\"og:description\" content=\"Lefko\u015fa T\u00fcrk Belediyesi\u2019nin bu y\u0131l 20.\u2019sini d\u00fczenledi\u011fi K\u0131br\u0131s Tiyatro Festivali\u2019nde \u0130stanbul \u015eehir Tiyatrolar\u0131 taraf\u0131ndan sahnelenen ikinci oyun \u201cU\u00e7urtman\u0131n Kuyru\u011fu\u201d seyirci ile bulu\u015ftu. LTB\u2019den yap\u0131lan yaz\u0131l\u0131 a\u00e7\u0131klamaya g\u00f6re, \u00e7ocuklu\u011fu babas\u0131 taraf\u0131ndan otoriteyle bezenmi\u015f, s\u0131k\u0131 bir disiplinle yeti\u015ftirilmi\u015f, bu disiplin ve otorite kendisi i\u00e7in saplant\u0131ya d\u00f6n\u00fc\u015fm\u00fc\u015f bir adam\u0131n ilk kez tan\u0131d\u0131\u011f\u0131 biri ile olan diyaloglar\u0131n\u0131n anlat\u0131ld\u0131\u011f\u0131 oyunu [&hellip;]\" \/>\n<meta property=\"og:url\" content=\"https:\/\/kuzeyinsesi.org\/index.php\/2024\/05\/31\/kibris-tiyatro-festivalinde-ucurtmanin-kuyrugu-sahnelendi\/\" \/>\n<meta property=\"og:site_name\" content=\"Kuzeyin Sesi\" \/>\n<meta property=\"article:publisher\" content=\"https:\/\/www.facebook.com\/kuzeyinsesii\" \/>\n<meta property=\"article:published_time\" content=\"2024-05-31T09:12:42+00:00\" \/>\n<meta property=\"og:image\" content=\"https:\/\/kuzeyinsesi.org\/wp-content\/uploads\/2024\/05\/UCURTMANIN-KUYRUGU-7aaa.jpg\" \/>\n\t<meta property=\"og:image:width\" content=\"1920\" \/>\n\t<meta property=\"og:image:height\" content=\"1062\" \/>\n\t<meta property=\"og:image:type\" content=\"image\/jpeg\" \/>\n<meta name=\"author\" content=\"Kuzeyin Sesi\" \/>\n<meta name=\"twitter:card\" content=\"summary_large_image\" \/>\n<meta name=\"twitter:creator\" content=\"@kuzeyinsesii\" \/>\n<meta name=\"twitter:site\" content=\"@kuzeyinsesii\" \/>\n<meta name=\"twitter:label1\" content=\"Yazan:\" \/>\n\t<meta name=\"twitter:data1\" content=\"Kuzeyin Sesi\" \/>\n\t<meta name=\"twitter:label2\" content=\"Tahmini okuma s\u00fcresi\" \/>\n\t<meta name=\"twitter:data2\" content=\"1 dakika\" \/>\n<script type=\"application\/ld+json\" class=\"yoast-schema-graph\">{\"@context\":\"https:\\\/\\\/schema.org\",\"@graph\":[{\"@type\":\"Article\",\"@id\":\"https:\\\/\\\/kuzeyinsesi.org\\\/index.php\\\/2024\\\/05\\\/31\\\/kibris-tiyatro-festivalinde-ucurtmanin-kuyrugu-sahnelendi\\\/#article\",\"isPartOf\":{\"@id\":\"https:\\\/\\\/kuzeyinsesi.org\\\/index.php\\\/2024\\\/05\\\/31\\\/kibris-tiyatro-festivalinde-ucurtmanin-kuyrugu-sahnelendi\\\/\"},\"author\":{\"name\":\"Kuzeyin Sesi\",\"@id\":\"https:\\\/\\\/kuzeyinsesi.org\\\/#\\\/schema\\\/person\\\/9f859689cdf01485597712386e37f5aa\"},\"headline\":\"K\u0131br\u0131s Tiyatro Festivali\u2019nde \u201cU\u00e7urtman\u0131n Kuyru\u011fu\u201d sahnelendi\",\"datePublished\":\"2024-05-31T09:12:42+00:00\",\"mainEntityOfPage\":{\"@id\":\"https:\\\/\\\/kuzeyinsesi.org\\\/index.php\\\/2024\\\/05\\\/31\\\/kibris-tiyatro-festivalinde-ucurtmanin-kuyrugu-sahnelendi\\\/\"},\"wordCount\":207,\"commentCount\":0,\"image\":{\"@id\":\"https:\\\/\\\/kuzeyinsesi.org\\\/index.php\\\/2024\\\/05\\\/31\\\/kibris-tiyatro-festivalinde-ucurtmanin-kuyrugu-sahnelendi\\\/#primaryimage\"},\"thumbnailUrl\":\"https:\\\/\\\/kuzeyinsesi.org\\\/wp-content\\\/uploads\\\/2024\\\/05\\\/UCURTMANIN-KUYRUGU-7aaa.jpg\",\"articleSection\":[\"Ya\u015fam\"],\"inLanguage\":\"tr\",\"potentialAction\":[{\"@type\":\"CommentAction\",\"name\":\"Comment\",\"target\":[\"https:\\\/\\\/kuzeyinsesi.org\\\/index.php\\\/2024\\\/05\\\/31\\\/kibris-tiyatro-festivalinde-ucurtmanin-kuyrugu-sahnelendi\\\/#respond\"]}]},{\"@type\":\"WebPage\",\"@id\":\"https:\\\/\\\/kuzeyinsesi.org\\\/index.php\\\/2024\\\/05\\\/31\\\/kibris-tiyatro-festivalinde-ucurtmanin-kuyrugu-sahnelendi\\\/\",\"url\":\"https:\\\/\\\/kuzeyinsesi.org\\\/index.php\\\/2024\\\/05\\\/31\\\/kibris-tiyatro-festivalinde-ucurtmanin-kuyrugu-sahnelendi\\\/\",\"name\":\"K\u0131br\u0131s Tiyatro Festivali\u2019nde \u201cU\u00e7urtman\u0131n Kuyru\u011fu\u201d sahnelendi - Kuzeyin Sesi\",\"isPartOf\":{\"@id\":\"https:\\\/\\\/kuzeyinsesi.org\\\/#website\"},\"primaryImageOfPage\":{\"@id\":\"https:\\\/\\\/kuzeyinsesi.org\\\/index.php\\\/2024\\\/05\\\/31\\\/kibris-tiyatro-festivalinde-ucurtmanin-kuyrugu-sahnelendi\\\/#primaryimage\"},\"image\":{\"@id\":\"https:\\\/\\\/kuzeyinsesi.org\\\/index.php\\\/2024\\\/05\\\/31\\\/kibris-tiyatro-festivalinde-ucurtmanin-kuyrugu-sahnelendi\\\/#primaryimage\"},\"thumbnailUrl\":\"https:\\\/\\\/kuzeyinsesi.org\\\/wp-content\\\/uploads\\\/2024\\\/05\\\/UCURTMANIN-KUYRUGU-7aaa.jpg\",\"datePublished\":\"2024-05-31T09:12:42+00:00\",\"author\":{\"@id\":\"https:\\\/\\\/kuzeyinsesi.org\\\/#\\\/schema\\\/person\\\/9f859689cdf01485597712386e37f5aa\"},\"breadcrumb\":{\"@id\":\"https:\\\/\\\/kuzeyinsesi.org\\\/index.php\\\/2024\\\/05\\\/31\\\/kibris-tiyatro-festivalinde-ucurtmanin-kuyrugu-sahnelendi\\\/#breadcrumb\"},\"inLanguage\":\"tr\",\"potentialAction\":[{\"@type\":\"ReadAction\",\"target\":[\"https:\\\/\\\/kuzeyinsesi.org\\\/index.php\\\/2024\\\/05\\\/31\\\/kibris-tiyatro-festivalinde-ucurtmanin-kuyrugu-sahnelendi\\\/\"]}]},{\"@type\":\"ImageObject\",\"inLanguage\":\"tr\",\"@id\":\"https:\\\/\\\/kuzeyinsesi.org\\\/index.php\\\/2024\\\/05\\\/31\\\/kibris-tiyatro-festivalinde-ucurtmanin-kuyrugu-sahnelendi\\\/#primaryimage\",\"url\":\"https:\\\/\\\/kuzeyinsesi.org\\\/wp-content\\\/uploads\\\/2024\\\/05\\\/UCURTMANIN-KUYRUGU-7aaa.jpg\",\"contentUrl\":\"https:\\\/\\\/kuzeyinsesi.org\\\/wp-content\\\/uploads\\\/2024\\\/05\\\/UCURTMANIN-KUYRUGU-7aaa.jpg\",\"width\":1920,\"height\":1062},{\"@type\":\"BreadcrumbList\",\"@id\":\"https:\\\/\\\/kuzeyinsesi.org\\\/index.php\\\/2024\\\/05\\\/31\\\/kibris-tiyatro-festivalinde-ucurtmanin-kuyrugu-sahnelendi\\\/#breadcrumb\",\"itemListElement\":[{\"@type\":\"ListItem\",\"position\":1,\"name\":\"Anasayfa\",\"item\":\"https:\\\/\\\/kuzeyinsesi.org\\\/\"},{\"@type\":\"ListItem\",\"position\":2,\"name\":\"K\u0131br\u0131s Tiyatro Festivali\u2019nde \u201cU\u00e7urtman\u0131n Kuyru\u011fu\u201d sahnelendi\"}]},{\"@type\":\"WebSite\",\"@id\":\"https:\\\/\\\/kuzeyinsesi.org\\\/#website\",\"url\":\"https:\\\/\\\/kuzeyinsesi.org\\\/\",\"name\":\"Kuzeyin Sesi\",\"description\":\"Do\u011fru Haberin Adresi\",\"potentialAction\":[{\"@type\":\"SearchAction\",\"target\":{\"@type\":\"EntryPoint\",\"urlTemplate\":\"https:\\\/\\\/kuzeyinsesi.org\\\/?s={search_term_string}\"},\"query-input\":{\"@type\":\"PropertyValueSpecification\",\"valueRequired\":true,\"valueName\":\"search_term_string\"}}],\"inLanguage\":\"tr\"},{\"@type\":\"Person\",\"@id\":\"https:\\\/\\\/kuzeyinsesi.org\\\/#\\\/schema\\\/person\\\/9f859689cdf01485597712386e37f5aa\",\"name\":\"Kuzeyin Sesi\",\"image\":{\"@type\":\"ImageObject\",\"inLanguage\":\"tr\",\"@id\":\"https:\\\/\\\/secure.gravatar.com\\\/avatar\\\/bab33852abfd8b282518d6ed81826833d77c3c882d9ab608add591ccace47a44?s=96&d=mm&r=g\",\"url\":\"https:\\\/\\\/secure.gravatar.com\\\/avatar\\\/bab33852abfd8b282518d6ed81826833d77c3c882d9ab608add591ccace47a44?s=96&d=mm&r=g\",\"contentUrl\":\"https:\\\/\\\/secure.gravatar.com\\\/avatar\\\/bab33852abfd8b282518d6ed81826833d77c3c882d9ab608add591ccace47a44?s=96&d=mm&r=g\",\"caption\":\"Kuzeyin Sesi\"},\"sameAs\":[\"https:\\\/\\\/kuzeyinsesi.org\"],\"url\":\"https:\\\/\\\/kuzeyinsesi.org\\\/index.php\\\/author\\\/guven\\\/\"}]}<\/script>\n<!-- \/ Yoast SEO plugin. -->","yoast_head_json":{"title":"K\u0131br\u0131s Tiyatro Festivali\u2019nde \u201cU\u00e7urtman\u0131n Kuyru\u011fu\u201d sahnelendi - Kuzeyin Sesi","robots":{"index":"index","follow":"follow","max-snippet":"max-snippet:-1","max-image-preview":"max-image-preview:large","max-video-preview":"max-video-preview:-1"},"canonical":"https:\/\/kuzeyinsesi.org\/index.php\/2024\/05\/31\/kibris-tiyatro-festivalinde-ucurtmanin-kuyrugu-sahnelendi\/","og_locale":"tr_TR","og_type":"article","og_title":"K\u0131br\u0131s Tiyatro Festivali\u2019nde \u201cU\u00e7urtman\u0131n Kuyru\u011fu\u201d sahnelendi - Kuzeyin Sesi","og_description":"Lefko\u015fa T\u00fcrk Belediyesi\u2019nin bu y\u0131l 20.\u2019sini d\u00fczenledi\u011fi K\u0131br\u0131s Tiyatro Festivali\u2019nde \u0130stanbul \u015eehir Tiyatrolar\u0131 taraf\u0131ndan sahnelenen ikinci oyun \u201cU\u00e7urtman\u0131n Kuyru\u011fu\u201d seyirci ile bulu\u015ftu. LTB\u2019den yap\u0131lan yaz\u0131l\u0131 a\u00e7\u0131klamaya g\u00f6re, \u00e7ocuklu\u011fu babas\u0131 taraf\u0131ndan otoriteyle bezenmi\u015f, s\u0131k\u0131 bir disiplinle yeti\u015ftirilmi\u015f, bu disiplin ve otorite kendisi i\u00e7in saplant\u0131ya d\u00f6n\u00fc\u015fm\u00fc\u015f bir adam\u0131n ilk kez tan\u0131d\u0131\u011f\u0131 biri ile olan diyaloglar\u0131n\u0131n anlat\u0131ld\u0131\u011f\u0131 oyunu [&hellip;]","og_url":"https:\/\/kuzeyinsesi.org\/index.php\/2024\/05\/31\/kibris-tiyatro-festivalinde-ucurtmanin-kuyrugu-sahnelendi\/","og_site_name":"Kuzeyin Sesi","article_publisher":"https:\/\/www.facebook.com\/kuzeyinsesii","article_published_time":"2024-05-31T09:12:42+00:00","og_image":[{"width":1920,"height":1062,"url":"https:\/\/kuzeyinsesi.org\/wp-content\/uploads\/2024\/05\/UCURTMANIN-KUYRUGU-7aaa.jpg","type":"image\/jpeg"}],"author":"Kuzeyin Sesi","twitter_card":"summary_large_image","twitter_creator":"@kuzeyinsesii","twitter_site":"@kuzeyinsesii","twitter_misc":{"Yazan:":"Kuzeyin Sesi","Tahmini okuma s\u00fcresi":"1 dakika"},"schema":{"@context":"https:\/\/schema.org","@graph":[{"@type":"Article","@id":"https:\/\/kuzeyinsesi.org\/index.php\/2024\/05\/31\/kibris-tiyatro-festivalinde-ucurtmanin-kuyrugu-sahnelendi\/#article","isPartOf":{"@id":"https:\/\/kuzeyinsesi.org\/index.php\/2024\/05\/31\/kibris-tiyatro-festivalinde-ucurtmanin-kuyrugu-sahnelendi\/"},"author":{"name":"Kuzeyin Sesi","@id":"https:\/\/kuzeyinsesi.org\/#\/schema\/person\/9f859689cdf01485597712386e37f5aa"},"headline":"K\u0131br\u0131s Tiyatro Festivali\u2019nde \u201cU\u00e7urtman\u0131n Kuyru\u011fu\u201d sahnelendi","datePublished":"2024-05-31T09:12:42+00:00","mainEntityOfPage":{"@id":"https:\/\/kuzeyinsesi.org\/index.php\/2024\/05\/31\/kibris-tiyatro-festivalinde-ucurtmanin-kuyrugu-sahnelendi\/"},"wordCount":207,"commentCount":0,"image":{"@id":"https:\/\/kuzeyinsesi.org\/index.php\/2024\/05\/31\/kibris-tiyatro-festivalinde-ucurtmanin-kuyrugu-sahnelendi\/#primaryimage"},"thumbnailUrl":"https:\/\/kuzeyinsesi.org\/wp-content\/uploads\/2024\/05\/UCURTMANIN-KUYRUGU-7aaa.jpg","articleSection":["Ya\u015fam"],"inLanguage":"tr","potentialAction":[{"@type":"CommentAction","name":"Comment","target":["https:\/\/kuzeyinsesi.org\/index.php\/2024\/05\/31\/kibris-tiyatro-festivalinde-ucurtmanin-kuyrugu-sahnelendi\/#respond"]}]},{"@type":"WebPage","@id":"https:\/\/kuzeyinsesi.org\/index.php\/2024\/05\/31\/kibris-tiyatro-festivalinde-ucurtmanin-kuyrugu-sahnelendi\/","url":"https:\/\/kuzeyinsesi.org\/index.php\/2024\/05\/31\/kibris-tiyatro-festivalinde-ucurtmanin-kuyrugu-sahnelendi\/","name":"K\u0131br\u0131s Tiyatro Festivali\u2019nde \u201cU\u00e7urtman\u0131n Kuyru\u011fu\u201d sahnelendi - Kuzeyin Sesi","isPartOf":{"@id":"https:\/\/kuzeyinsesi.org\/#website"},"primaryImageOfPage":{"@id":"https:\/\/kuzeyinsesi.org\/index.php\/2024\/05\/31\/kibris-tiyatro-festivalinde-ucurtmanin-kuyrugu-sahnelendi\/#primaryimage"},"image":{"@id":"https:\/\/kuzeyinsesi.org\/index.php\/2024\/05\/31\/kibris-tiyatro-festivalinde-ucurtmanin-kuyrugu-sahnelendi\/#primaryimage"},"thumbnailUrl":"https:\/\/kuzeyinsesi.org\/wp-content\/uploads\/2024\/05\/UCURTMANIN-KUYRUGU-7aaa.jpg","datePublished":"2024-05-31T09:12:42+00:00","author":{"@id":"https:\/\/kuzeyinsesi.org\/#\/schema\/person\/9f859689cdf01485597712386e37f5aa"},"breadcrumb":{"@id":"https:\/\/kuzeyinsesi.org\/index.php\/2024\/05\/31\/kibris-tiyatro-festivalinde-ucurtmanin-kuyrugu-sahnelendi\/#breadcrumb"},"inLanguage":"tr","potentialAction":[{"@type":"ReadAction","target":["https:\/\/kuzeyinsesi.org\/index.php\/2024\/05\/31\/kibris-tiyatro-festivalinde-ucurtmanin-kuyrugu-sahnelendi\/"]}]},{"@type":"ImageObject","inLanguage":"tr","@id":"https:\/\/kuzeyinsesi.org\/index.php\/2024\/05\/31\/kibris-tiyatro-festivalinde-ucurtmanin-kuyrugu-sahnelendi\/#primaryimage","url":"https:\/\/kuzeyinsesi.org\/wp-content\/uploads\/2024\/05\/UCURTMANIN-KUYRUGU-7aaa.jpg","contentUrl":"https:\/\/kuzeyinsesi.org\/wp-content\/uploads\/2024\/05\/UCURTMANIN-KUYRUGU-7aaa.jpg","width":1920,"height":1062},{"@type":"BreadcrumbList","@id":"https:\/\/kuzeyinsesi.org\/index.php\/2024\/05\/31\/kibris-tiyatro-festivalinde-ucurtmanin-kuyrugu-sahnelendi\/#breadcrumb","itemListElement":[{"@type":"ListItem","position":1,"name":"Anasayfa","item":"https:\/\/kuzeyinsesi.org\/"},{"@type":"ListItem","position":2,"name":"K\u0131br\u0131s Tiyatro Festivali\u2019nde \u201cU\u00e7urtman\u0131n Kuyru\u011fu\u201d sahnelendi"}]},{"@type":"WebSite","@id":"https:\/\/kuzeyinsesi.org\/#website","url":"https:\/\/kuzeyinsesi.org\/","name":"Kuzeyin Sesi","description":"Do\u011fru Haberin Adresi","potentialAction":[{"@type":"SearchAction","target":{"@type":"EntryPoint","urlTemplate":"https:\/\/kuzeyinsesi.org\/?s={search_term_string}"},"query-input":{"@type":"PropertyValueSpecification","valueRequired":true,"valueName":"search_term_string"}}],"inLanguage":"tr"},{"@type":"Person","@id":"https:\/\/kuzeyinsesi.org\/#\/schema\/person\/9f859689cdf01485597712386e37f5aa","name":"Kuzeyin Sesi","image":{"@type":"ImageObject","inLanguage":"tr","@id":"https:\/\/secure.gravatar.com\/avatar\/bab33852abfd8b282518d6ed81826833d77c3c882d9ab608add591ccace47a44?s=96&d=mm&r=g","url":"https:\/\/secure.gravatar.com\/avatar\/bab33852abfd8b282518d6ed81826833d77c3c882d9ab608add591ccace47a44?s=96&d=mm&r=g","contentUrl":"https:\/\/secure.gravatar.com\/avatar\/bab33852abfd8b282518d6ed81826833d77c3c882d9ab608add591ccace47a44?s=96&d=mm&r=g","caption":"Kuzeyin Sesi"},"sameAs":["https:\/\/kuzeyinsesi.org"],"url":"https:\/\/kuzeyinsesi.org\/index.php\/author\/guven\/"}]}},"_links":{"self":[{"href":"https:\/\/kuzeyinsesi.org\/index.php\/wp-json\/wp\/v2\/posts\/3794","targetHints":{"allow":["GET"]}}],"collection":[{"href":"https:\/\/kuzeyinsesi.org\/index.php\/wp-json\/wp\/v2\/posts"}],"about":[{"href":"https:\/\/kuzeyinsesi.org\/index.php\/wp-json\/wp\/v2\/types\/post"}],"author":[{"embeddable":true,"href":"https:\/\/kuzeyinsesi.org\/index.php\/wp-json\/wp\/v2\/users\/1"}],"replies":[{"embeddable":true,"href":"https:\/\/kuzeyinsesi.org\/index.php\/wp-json\/wp\/v2\/comments?post=3794"}],"version-history":[{"count":0,"href":"https:\/\/kuzeyinsesi.org\/index.php\/wp-json\/wp\/v2\/posts\/3794\/revisions"}],"wp:featuredmedia":[{"embeddable":true,"href":"https:\/\/kuzeyinsesi.org\/index.php\/wp-json\/wp\/v2\/media\/3795"}],"wp:attachment":[{"href":"https:\/\/kuzeyinsesi.org\/index.php\/wp-json\/wp\/v2\/media?parent=3794"}],"wp:term":[{"taxonomy":"category","embeddable":true,"href":"https:\/\/kuzeyinsesi.org\/index.php\/wp-json\/wp\/v2\/categories?post=3794"},{"taxonomy":"post_tag","embeddable":true,"href":"https:\/\/kuzeyinsesi.org\/index.php\/wp-json\/wp\/v2\/tags?post=3794"}],"curies":[{"name":"wp","href":"https:\/\/api.w.org\/{rel}","templated":true}]}}