{"id":37928,"date":"2026-05-03T16:51:43","date_gmt":"2026-05-03T13:51:43","guid":{"rendered":"https:\/\/kuzeyinsesi.org\/index.php\/2026\/05\/03\/ustel-buyukkonukta-vurguladi-kulturune-sahip-cikan-halklar-ayakta-kalir\/"},"modified":"2026-05-03T16:51:43","modified_gmt":"2026-05-03T13:51:43","slug":"ustel-buyukkonukta-vurguladi-kulturune-sahip-cikan-halklar-ayakta-kalir","status":"publish","type":"post","link":"https:\/\/kuzeyinsesi.org\/index.php\/2026\/05\/03\/ustel-buyukkonukta-vurguladi-kulturune-sahip-cikan-halklar-ayakta-kalir\/","title":{"rendered":"\u00dcstel B\u00fcy\u00fckkonuk\u2019ta vurgulad\u0131: K\u00fclt\u00fcr\u00fcne sahip \u00e7\u0131kan halklar ayakta kal\u0131r"},"content":{"rendered":"<p style=\"font-weight: 300\"><span style=\"font-weight: 300 !important\">Ba\u015fbakan \u00dcnal \u00dcstel, K\u0131br\u0131s T\u00fcrk halk\u0131n\u0131n varolu\u015f m\u00fccadelesi boyunca k\u00fclt\u00fcr\u00fcne, diline, dinine ve geleneklerine sahip \u00e7\u0131kt\u0131\u011f\u0131n\u0131\u00a0<\/span><span style=\"font-weight: 300 !important\">vurgulayarak, \u201cK\u00fclt\u00fcr\u00fcne sahip \u00e7\u0131kan halklar ayakta kal\u0131r.\u201d\u00a0 dedi.\u00a0<\/span><\/p>\n<p style=\"font-weight: 300\"><span style=\"font-weight: 300 !important\">Ba\u015fbakanl\u0131ktan yap\u0131lan a\u00e7\u0131klamaya g\u00f6re, \u00dcstel, Mehmet\u00e7ik B\u00fcy\u00fckkonuk Belediyesi ile B\u00fcy\u00fckkonuk Eko Turizm Derne\u011fi i\u015f birli\u011finde d\u00fczenlenen 28&#8217;inci B\u00fcy\u00fckkonuk Eko G\u00fcn etkinli\u011fine kat\u0131ld\u0131.<\/span><\/p>\n<p style=\"font-weight: 300\"><span style=\"font-weight: 300 !important\">28\u2019incisi d\u00fczenlenen Eko G\u00fcn\u2019\u00fcn b\u00fcy\u00fck bir ba\u015far\u0131yla ger\u00e7ekle\u015ftirildi\u011fini belirten Ba\u015fbakan \u00dcstel, K\u0131br\u0131s T\u00fcrk halk\u0131n\u0131n varolu\u015f m\u00fccadelesi boyunca k\u00fclt\u00fcr\u00fcne, diline, dinine ve geleneklerine sahip \u00e7\u0131karak bug\u00fcnlere ula\u015ft\u0131\u011f\u0131n\u0131 vurgulad\u0131.<\/span><\/p>\n<p style=\"font-weight: 300\" data-start=\"891\" data-end=\"1133\"><span style=\"font-weight: 300 !important\">1950\u2019lilerden 1974\u2019e kadar s\u00fcren zorlu m\u00fccadeleye dikkat \u00e7eken \u00dcnal \u00dcstel, o y\u0131llarda halk\u0131n kendi \u00fcretim g\u00fcc\u00fcyle ayakta kald\u0131\u011f\u0131n\u0131, \u00f6zellikle ev kad\u0131nlar\u0131n\u0131n \u00fcretimdeki katk\u0131s\u0131n\u0131n toplumsal ya\u015famda belirleyici rol oynad\u0131\u011f\u0131n\u0131 ifade etti.<\/span><\/p>\n<p style=\"font-weight: 300\" data-start=\"1135\" data-end=\"1361\"><span style=\"font-weight: 300 !important\">Ba\u015fbakan \u00dcstel, \u00fclkenin k\u00fclt\u00fcrel miras\u0131n\u0131n Eko G\u00fcn gibi etkinliklerle ya\u015fat\u0131ld\u0131\u011f\u0131n\u0131 belirterek, bu t\u00fcr organizasyonlar\u0131n b\u00f6lge halk\u0131n\u0131n el eme\u011fi \u00fcr\u00fcnlerini sergileyip pazarlayabildi\u011fi \u00f6nemli platformlar haline geldi\u011fini kaydetti.<\/span><\/p>\n<p style=\"font-weight: 300\" data-start=\"1363\" data-end=\"1416\"><b><strong data-start=\"1363\" data-end=\"1416\"><span style=\"font-weight: 300 !important\">&#8211; \u201cBelediyeler reformuyla hizmet kapasitesi artt\u0131\u201d<\/span><\/strong><\/b><\/p>\n<p style=\"font-weight: 300\" data-start=\"1418\" data-end=\"1697\"><span style=\"font-weight: 300 !important\">H\u00fck\u00fcmet olarak g\u00f6reve geldikleri ilk g\u00fcnden itibaren yerel y\u00f6netimlerin g\u00fc\u00e7lendirilmesine b\u00fcy\u00fck \u00f6nem verdiklerini dile getiren \u00dcstel, hayata ge\u00e7irilen reform sayesinde mali yap\u0131s\u0131 g\u00fc\u00e7lenen\u00a0<\/span><span style=\"font-weight: 300 !important\">belediyelerin<\/span><span style=\"font-weight: 300 !important\">\u00a0<\/span><span style=\"font-weight: 300 !important\">hizmet kapasitesinin \u00f6nemli \u00f6l\u00e7\u00fcde artt\u0131\u011f\u0131n\u0131 s\u00f6yledi.<\/span><\/p>\n<p style=\"font-weight: 300\" data-start=\"1699\" data-end=\"1952\"><span style=\"font-weight: 300 !important\">Ge\u00e7mi\u015fte maa\u015f \u00f6demekte zorlanan belediyelerin bug\u00fcn altyap\u0131dan sa\u011fl\u0131\u011fa, yollardan k\u00fclt\u00fcrel etkinliklere kadar bir\u00e7ok alanda etkin hizmet \u00fcretebildi\u011fini ifade eden Ba\u015fbakan \u00dcnal \u00dcstel, bu d\u00f6n\u00fc\u015f\u00fcm\u00fcn h\u00fck\u00fcmetin kararl\u0131 politikalar\u0131n\u0131n somut bir sonucu oldu\u011funu vurgulad\u0131.<\/span><\/p>\n<p style=\"font-weight: 300\" data-start=\"1954\" data-end=\"2005\"><b><strong data-start=\"1954\" data-end=\"2005\"><span style=\"font-weight: 300 !important\">&#8211; \u201cEko G\u00fcnler \u00fclkenin tan\u0131t\u0131m\u0131na katk\u0131 sa\u011fl\u0131yor\u201d<\/span><\/strong><\/b><\/p>\n<p style=\"font-weight: 300\" data-start=\"2007\" data-end=\"2288\"><span style=\"font-weight: 300 !important\">Eko G\u00fcn gibi organizasyonlar\u0131n hem k\u00fclt\u00fcrel de\u011ferlerin ya\u015fat\u0131lmas\u0131na katk\u0131 sa\u011flad\u0131\u011f\u0131n\u0131 hem de \u00fclkenin uluslararas\u0131 tan\u0131t\u0131m\u0131na \u00f6nemli katk\u0131 sundu\u011funu belirten \u00dcstel, etkinli\u011fin d\u00fczenlenmesinde eme\u011fi ge\u00e7en belediye ba\u015fkan\u0131na, meclis \u00fcyelerine ve katk\u0131 koyan herkese te\u015fekk\u00fcr etti.<\/span><\/p>\n","protected":false},"excerpt":{"rendered":"<p>Ba\u015fbakan \u00dcnal \u00dcstel, K\u0131br\u0131s T\u00fcrk halk\u0131n\u0131n varolu\u015f m\u00fccadelesi boyunca k\u00fclt\u00fcr\u00fcne, diline, dinine ve geleneklerine sahip \u00e7\u0131kt\u0131\u011f\u0131n\u0131\u00a0vurgulayarak, \u201cK\u00fclt\u00fcr\u00fcne sahip \u00e7\u0131kan halklar ayakta kal\u0131r.\u201d\u00a0 dedi.\u00a0 Ba\u015fbakanl\u0131ktan yap\u0131lan a\u00e7\u0131klamaya g\u00f6re, \u00dcstel, Mehmet\u00e7ik B\u00fcy\u00fckkonuk Belediyesi ile B\u00fcy\u00fckkonuk Eko Turizm Derne\u011fi i\u015f birli\u011finde d\u00fczenlenen 28&#8217;inci B\u00fcy\u00fckkonuk Eko G\u00fcn etkinli\u011fine kat\u0131ld\u0131. 28\u2019incisi d\u00fczenlenen Eko G\u00fcn\u2019\u00fcn b\u00fcy\u00fck bir ba\u015far\u0131yla ger\u00e7ekle\u015ftirildi\u011fini belirten Ba\u015fbakan [&hellip;]<\/p>\n","protected":false},"author":1,"featured_media":37929,"comment_status":"open","ping_status":"open","sticky":false,"template":"","format":"standard","meta":{"jnews-multi-image_gallery":[],"jnews_single_post":[],"jnews_primary_category":[],"jnews_social_meta":[],"jnews_override_counter":[],"footnotes":""},"categories":[1],"tags":[],"class_list":["post-37928","post","type-post","status-publish","format-standard","has-post-thumbnail","hentry","category-kibris"],"yoast_head":"<!-- This site is optimized with the Yoast SEO plugin v27.5 - https:\/\/yoast.com\/product\/yoast-seo-wordpress\/ -->\n<title>\u00dcstel B\u00fcy\u00fckkonuk\u2019ta vurgulad\u0131: K\u00fclt\u00fcr\u00fcne sahip \u00e7\u0131kan halklar ayakta kal\u0131r - Kuzeyin Sesi<\/title>\n<meta name=\"robots\" content=\"index, follow, max-snippet:-1, max-image-preview:large, max-video-preview:-1\" \/>\n<link rel=\"canonical\" href=\"https:\/\/kuzeyinsesi.org\/index.php\/2026\/05\/03\/ustel-buyukkonukta-vurguladi-kulturune-sahip-cikan-halklar-ayakta-kalir\/\" \/>\n<meta property=\"og:locale\" content=\"tr_TR\" \/>\n<meta property=\"og:type\" content=\"article\" \/>\n<meta property=\"og:title\" content=\"\u00dcstel B\u00fcy\u00fckkonuk\u2019ta vurgulad\u0131: K\u00fclt\u00fcr\u00fcne sahip \u00e7\u0131kan halklar ayakta kal\u0131r - Kuzeyin Sesi\" \/>\n<meta property=\"og:description\" content=\"Ba\u015fbakan \u00dcnal \u00dcstel, K\u0131br\u0131s T\u00fcrk halk\u0131n\u0131n varolu\u015f m\u00fccadelesi boyunca k\u00fclt\u00fcr\u00fcne, diline, dinine ve geleneklerine sahip \u00e7\u0131kt\u0131\u011f\u0131n\u0131\u00a0vurgulayarak, \u201cK\u00fclt\u00fcr\u00fcne sahip \u00e7\u0131kan halklar ayakta kal\u0131r.\u201d\u00a0 dedi.\u00a0 Ba\u015fbakanl\u0131ktan yap\u0131lan a\u00e7\u0131klamaya g\u00f6re, \u00dcstel, Mehmet\u00e7ik B\u00fcy\u00fckkonuk Belediyesi ile B\u00fcy\u00fckkonuk Eko Turizm Derne\u011fi i\u015f birli\u011finde d\u00fczenlenen 28&#8217;inci B\u00fcy\u00fckkonuk Eko G\u00fcn etkinli\u011fine kat\u0131ld\u0131. 28\u2019incisi d\u00fczenlenen Eko G\u00fcn\u2019\u00fcn b\u00fcy\u00fck bir ba\u015far\u0131yla ger\u00e7ekle\u015ftirildi\u011fini belirten Ba\u015fbakan [&hellip;]\" \/>\n<meta property=\"og:url\" content=\"https:\/\/kuzeyinsesi.org\/index.php\/2026\/05\/03\/ustel-buyukkonukta-vurguladi-kulturune-sahip-cikan-halklar-ayakta-kalir\/\" \/>\n<meta property=\"og:site_name\" content=\"Kuzeyin Sesi\" \/>\n<meta property=\"article:publisher\" content=\"https:\/\/www.facebook.com\/kuzeyinsesii\" \/>\n<meta property=\"article:published_time\" content=\"2026-05-03T13:51:43+00:00\" \/>\n<meta name=\"author\" content=\"Kuzeyin Sesi\" \/>\n<meta name=\"twitter:card\" content=\"summary_large_image\" \/>\n<meta name=\"twitter:creator\" content=\"@kuzeyinsesii\" \/>\n<meta name=\"twitter:site\" content=\"@kuzeyinsesii\" \/>\n<meta name=\"twitter:label1\" content=\"Yazan:\" \/>\n\t<meta name=\"twitter:data1\" content=\"Kuzeyin Sesi\" \/>\n\t<meta name=\"twitter:label2\" content=\"Tahmini okuma s\u00fcresi\" \/>\n\t<meta name=\"twitter:data2\" content=\"2 dakika\" \/>\n<script type=\"application\/ld+json\" class=\"yoast-schema-graph\">{\"@context\":\"https:\\\/\\\/schema.org\",\"@graph\":[{\"@type\":\"Article\",\"@id\":\"https:\\\/\\\/kuzeyinsesi.org\\\/index.php\\\/2026\\\/05\\\/03\\\/ustel-buyukkonukta-vurguladi-kulturune-sahip-cikan-halklar-ayakta-kalir\\\/#article\",\"isPartOf\":{\"@id\":\"https:\\\/\\\/kuzeyinsesi.org\\\/index.php\\\/2026\\\/05\\\/03\\\/ustel-buyukkonukta-vurguladi-kulturune-sahip-cikan-halklar-ayakta-kalir\\\/\"},\"author\":{\"name\":\"Kuzeyin Sesi\",\"@id\":\"https:\\\/\\\/kuzeyinsesi.org\\\/#\\\/schema\\\/person\\\/9f859689cdf01485597712386e37f5aa\"},\"headline\":\"\u00dcstel B\u00fcy\u00fckkonuk\u2019ta vurgulad\u0131: K\u00fclt\u00fcr\u00fcne sahip \u00e7\u0131kan halklar ayakta kal\u0131r\",\"datePublished\":\"2026-05-03T13:51:43+00:00\",\"mainEntityOfPage\":{\"@id\":\"https:\\\/\\\/kuzeyinsesi.org\\\/index.php\\\/2026\\\/05\\\/03\\\/ustel-buyukkonukta-vurguladi-kulturune-sahip-cikan-halklar-ayakta-kalir\\\/\"},\"wordCount\":402,\"commentCount\":0,\"image\":{\"@id\":\"https:\\\/\\\/kuzeyinsesi.org\\\/index.php\\\/2026\\\/05\\\/03\\\/ustel-buyukkonukta-vurguladi-kulturune-sahip-cikan-halklar-ayakta-kalir\\\/#primaryimage\"},\"thumbnailUrl\":\"https:\\\/\\\/kuzeyinsesi.org\\\/wp-content\\\/uploads\\\/2026\\\/05\\\/1777805745706BB-ekogun-9.jpg\",\"articleSection\":[\"K\u0131br\u0131s\"],\"inLanguage\":\"tr\",\"potentialAction\":[{\"@type\":\"CommentAction\",\"name\":\"Comment\",\"target\":[\"https:\\\/\\\/kuzeyinsesi.org\\\/index.php\\\/2026\\\/05\\\/03\\\/ustel-buyukkonukta-vurguladi-kulturune-sahip-cikan-halklar-ayakta-kalir\\\/#respond\"]}]},{\"@type\":\"WebPage\",\"@id\":\"https:\\\/\\\/kuzeyinsesi.org\\\/index.php\\\/2026\\\/05\\\/03\\\/ustel-buyukkonukta-vurguladi-kulturune-sahip-cikan-halklar-ayakta-kalir\\\/\",\"url\":\"https:\\\/\\\/kuzeyinsesi.org\\\/index.php\\\/2026\\\/05\\\/03\\\/ustel-buyukkonukta-vurguladi-kulturune-sahip-cikan-halklar-ayakta-kalir\\\/\",\"name\":\"\u00dcstel B\u00fcy\u00fckkonuk\u2019ta vurgulad\u0131: K\u00fclt\u00fcr\u00fcne sahip \u00e7\u0131kan halklar ayakta kal\u0131r - Kuzeyin Sesi\",\"isPartOf\":{\"@id\":\"https:\\\/\\\/kuzeyinsesi.org\\\/#website\"},\"primaryImageOfPage\":{\"@id\":\"https:\\\/\\\/kuzeyinsesi.org\\\/index.php\\\/2026\\\/05\\\/03\\\/ustel-buyukkonukta-vurguladi-kulturune-sahip-cikan-halklar-ayakta-kalir\\\/#primaryimage\"},\"image\":{\"@id\":\"https:\\\/\\\/kuzeyinsesi.org\\\/index.php\\\/2026\\\/05\\\/03\\\/ustel-buyukkonukta-vurguladi-kulturune-sahip-cikan-halklar-ayakta-kalir\\\/#primaryimage\"},\"thumbnailUrl\":\"https:\\\/\\\/kuzeyinsesi.org\\\/wp-content\\\/uploads\\\/2026\\\/05\\\/1777805745706BB-ekogun-9.jpg\",\"datePublished\":\"2026-05-03T13:51:43+00:00\",\"author\":{\"@id\":\"https:\\\/\\\/kuzeyinsesi.org\\\/#\\\/schema\\\/person\\\/9f859689cdf01485597712386e37f5aa\"},\"breadcrumb\":{\"@id\":\"https:\\\/\\\/kuzeyinsesi.org\\\/index.php\\\/2026\\\/05\\\/03\\\/ustel-buyukkonukta-vurguladi-kulturune-sahip-cikan-halklar-ayakta-kalir\\\/#breadcrumb\"},\"inLanguage\":\"tr\",\"potentialAction\":[{\"@type\":\"ReadAction\",\"target\":[\"https:\\\/\\\/kuzeyinsesi.org\\\/index.php\\\/2026\\\/05\\\/03\\\/ustel-buyukkonukta-vurguladi-kulturune-sahip-cikan-halklar-ayakta-kalir\\\/\"]}]},{\"@type\":\"ImageObject\",\"inLanguage\":\"tr\",\"@id\":\"https:\\\/\\\/kuzeyinsesi.org\\\/index.php\\\/2026\\\/05\\\/03\\\/ustel-buyukkonukta-vurguladi-kulturune-sahip-cikan-halklar-ayakta-kalir\\\/#primaryimage\",\"url\":\"https:\\\/\\\/kuzeyinsesi.org\\\/wp-content\\\/uploads\\\/2026\\\/05\\\/1777805745706BB-ekogun-9.jpg\",\"contentUrl\":\"https:\\\/\\\/kuzeyinsesi.org\\\/wp-content\\\/uploads\\\/2026\\\/05\\\/1777805745706BB-ekogun-9.jpg\",\"width\":1920,\"height\":1280},{\"@type\":\"BreadcrumbList\",\"@id\":\"https:\\\/\\\/kuzeyinsesi.org\\\/index.php\\\/2026\\\/05\\\/03\\\/ustel-buyukkonukta-vurguladi-kulturune-sahip-cikan-halklar-ayakta-kalir\\\/#breadcrumb\",\"itemListElement\":[{\"@type\":\"ListItem\",\"position\":1,\"name\":\"Anasayfa\",\"item\":\"https:\\\/\\\/kuzeyinsesi.org\\\/\"},{\"@type\":\"ListItem\",\"position\":2,\"name\":\"\u00dcstel B\u00fcy\u00fckkonuk\u2019ta vurgulad\u0131: K\u00fclt\u00fcr\u00fcne sahip \u00e7\u0131kan halklar ayakta kal\u0131r\"}]},{\"@type\":\"WebSite\",\"@id\":\"https:\\\/\\\/kuzeyinsesi.org\\\/#website\",\"url\":\"https:\\\/\\\/kuzeyinsesi.org\\\/\",\"name\":\"Kuzeyin Sesi\",\"description\":\"Do\u011fru Haberin Adresi\",\"potentialAction\":[{\"@type\":\"SearchAction\",\"target\":{\"@type\":\"EntryPoint\",\"urlTemplate\":\"https:\\\/\\\/kuzeyinsesi.org\\\/?s={search_term_string}\"},\"query-input\":{\"@type\":\"PropertyValueSpecification\",\"valueRequired\":true,\"valueName\":\"search_term_string\"}}],\"inLanguage\":\"tr\"},{\"@type\":\"Person\",\"@id\":\"https:\\\/\\\/kuzeyinsesi.org\\\/#\\\/schema\\\/person\\\/9f859689cdf01485597712386e37f5aa\",\"name\":\"Kuzeyin Sesi\",\"image\":{\"@type\":\"ImageObject\",\"inLanguage\":\"tr\",\"@id\":\"https:\\\/\\\/secure.gravatar.com\\\/avatar\\\/bab33852abfd8b282518d6ed81826833d77c3c882d9ab608add591ccace47a44?s=96&d=mm&r=g\",\"url\":\"https:\\\/\\\/secure.gravatar.com\\\/avatar\\\/bab33852abfd8b282518d6ed81826833d77c3c882d9ab608add591ccace47a44?s=96&d=mm&r=g\",\"contentUrl\":\"https:\\\/\\\/secure.gravatar.com\\\/avatar\\\/bab33852abfd8b282518d6ed81826833d77c3c882d9ab608add591ccace47a44?s=96&d=mm&r=g\",\"caption\":\"Kuzeyin Sesi\"},\"sameAs\":[\"https:\\\/\\\/kuzeyinsesi.org\"],\"url\":\"https:\\\/\\\/kuzeyinsesi.org\\\/index.php\\\/author\\\/guven\\\/\"}]}<\/script>\n<!-- \/ Yoast SEO plugin. -->","yoast_head_json":{"title":"\u00dcstel B\u00fcy\u00fckkonuk\u2019ta vurgulad\u0131: K\u00fclt\u00fcr\u00fcne sahip \u00e7\u0131kan halklar ayakta kal\u0131r - Kuzeyin Sesi","robots":{"index":"index","follow":"follow","max-snippet":"max-snippet:-1","max-image-preview":"max-image-preview:large","max-video-preview":"max-video-preview:-1"},"canonical":"https:\/\/kuzeyinsesi.org\/index.php\/2026\/05\/03\/ustel-buyukkonukta-vurguladi-kulturune-sahip-cikan-halklar-ayakta-kalir\/","og_locale":"tr_TR","og_type":"article","og_title":"\u00dcstel B\u00fcy\u00fckkonuk\u2019ta vurgulad\u0131: K\u00fclt\u00fcr\u00fcne sahip \u00e7\u0131kan halklar ayakta kal\u0131r - Kuzeyin Sesi","og_description":"Ba\u015fbakan \u00dcnal \u00dcstel, K\u0131br\u0131s T\u00fcrk halk\u0131n\u0131n varolu\u015f m\u00fccadelesi boyunca k\u00fclt\u00fcr\u00fcne, diline, dinine ve geleneklerine sahip \u00e7\u0131kt\u0131\u011f\u0131n\u0131\u00a0vurgulayarak, \u201cK\u00fclt\u00fcr\u00fcne sahip \u00e7\u0131kan halklar ayakta kal\u0131r.\u201d\u00a0 dedi.\u00a0 Ba\u015fbakanl\u0131ktan yap\u0131lan a\u00e7\u0131klamaya g\u00f6re, \u00dcstel, Mehmet\u00e7ik B\u00fcy\u00fckkonuk Belediyesi ile B\u00fcy\u00fckkonuk Eko Turizm Derne\u011fi i\u015f birli\u011finde d\u00fczenlenen 28&#8217;inci B\u00fcy\u00fckkonuk Eko G\u00fcn etkinli\u011fine kat\u0131ld\u0131. 28\u2019incisi d\u00fczenlenen Eko G\u00fcn\u2019\u00fcn b\u00fcy\u00fck bir ba\u015far\u0131yla ger\u00e7ekle\u015ftirildi\u011fini belirten Ba\u015fbakan [&hellip;]","og_url":"https:\/\/kuzeyinsesi.org\/index.php\/2026\/05\/03\/ustel-buyukkonukta-vurguladi-kulturune-sahip-cikan-halklar-ayakta-kalir\/","og_site_name":"Kuzeyin Sesi","article_publisher":"https:\/\/www.facebook.com\/kuzeyinsesii","article_published_time":"2026-05-03T13:51:43+00:00","author":"Kuzeyin Sesi","twitter_card":"summary_large_image","twitter_creator":"@kuzeyinsesii","twitter_site":"@kuzeyinsesii","twitter_misc":{"Yazan:":"Kuzeyin Sesi","Tahmini okuma s\u00fcresi":"2 dakika"},"schema":{"@context":"https:\/\/schema.org","@graph":[{"@type":"Article","@id":"https:\/\/kuzeyinsesi.org\/index.php\/2026\/05\/03\/ustel-buyukkonukta-vurguladi-kulturune-sahip-cikan-halklar-ayakta-kalir\/#article","isPartOf":{"@id":"https:\/\/kuzeyinsesi.org\/index.php\/2026\/05\/03\/ustel-buyukkonukta-vurguladi-kulturune-sahip-cikan-halklar-ayakta-kalir\/"},"author":{"name":"Kuzeyin Sesi","@id":"https:\/\/kuzeyinsesi.org\/#\/schema\/person\/9f859689cdf01485597712386e37f5aa"},"headline":"\u00dcstel B\u00fcy\u00fckkonuk\u2019ta vurgulad\u0131: K\u00fclt\u00fcr\u00fcne sahip \u00e7\u0131kan halklar ayakta kal\u0131r","datePublished":"2026-05-03T13:51:43+00:00","mainEntityOfPage":{"@id":"https:\/\/kuzeyinsesi.org\/index.php\/2026\/05\/03\/ustel-buyukkonukta-vurguladi-kulturune-sahip-cikan-halklar-ayakta-kalir\/"},"wordCount":402,"commentCount":0,"image":{"@id":"https:\/\/kuzeyinsesi.org\/index.php\/2026\/05\/03\/ustel-buyukkonukta-vurguladi-kulturune-sahip-cikan-halklar-ayakta-kalir\/#primaryimage"},"thumbnailUrl":"https:\/\/kuzeyinsesi.org\/wp-content\/uploads\/2026\/05\/1777805745706BB-ekogun-9.jpg","articleSection":["K\u0131br\u0131s"],"inLanguage":"tr","potentialAction":[{"@type":"CommentAction","name":"Comment","target":["https:\/\/kuzeyinsesi.org\/index.php\/2026\/05\/03\/ustel-buyukkonukta-vurguladi-kulturune-sahip-cikan-halklar-ayakta-kalir\/#respond"]}]},{"@type":"WebPage","@id":"https:\/\/kuzeyinsesi.org\/index.php\/2026\/05\/03\/ustel-buyukkonukta-vurguladi-kulturune-sahip-cikan-halklar-ayakta-kalir\/","url":"https:\/\/kuzeyinsesi.org\/index.php\/2026\/05\/03\/ustel-buyukkonukta-vurguladi-kulturune-sahip-cikan-halklar-ayakta-kalir\/","name":"\u00dcstel B\u00fcy\u00fckkonuk\u2019ta vurgulad\u0131: K\u00fclt\u00fcr\u00fcne sahip \u00e7\u0131kan halklar ayakta kal\u0131r - Kuzeyin Sesi","isPartOf":{"@id":"https:\/\/kuzeyinsesi.org\/#website"},"primaryImageOfPage":{"@id":"https:\/\/kuzeyinsesi.org\/index.php\/2026\/05\/03\/ustel-buyukkonukta-vurguladi-kulturune-sahip-cikan-halklar-ayakta-kalir\/#primaryimage"},"image":{"@id":"https:\/\/kuzeyinsesi.org\/index.php\/2026\/05\/03\/ustel-buyukkonukta-vurguladi-kulturune-sahip-cikan-halklar-ayakta-kalir\/#primaryimage"},"thumbnailUrl":"https:\/\/kuzeyinsesi.org\/wp-content\/uploads\/2026\/05\/1777805745706BB-ekogun-9.jpg","datePublished":"2026-05-03T13:51:43+00:00","author":{"@id":"https:\/\/kuzeyinsesi.org\/#\/schema\/person\/9f859689cdf01485597712386e37f5aa"},"breadcrumb":{"@id":"https:\/\/kuzeyinsesi.org\/index.php\/2026\/05\/03\/ustel-buyukkonukta-vurguladi-kulturune-sahip-cikan-halklar-ayakta-kalir\/#breadcrumb"},"inLanguage":"tr","potentialAction":[{"@type":"ReadAction","target":["https:\/\/kuzeyinsesi.org\/index.php\/2026\/05\/03\/ustel-buyukkonukta-vurguladi-kulturune-sahip-cikan-halklar-ayakta-kalir\/"]}]},{"@type":"ImageObject","inLanguage":"tr","@id":"https:\/\/kuzeyinsesi.org\/index.php\/2026\/05\/03\/ustel-buyukkonukta-vurguladi-kulturune-sahip-cikan-halklar-ayakta-kalir\/#primaryimage","url":"https:\/\/kuzeyinsesi.org\/wp-content\/uploads\/2026\/05\/1777805745706BB-ekogun-9.jpg","contentUrl":"https:\/\/kuzeyinsesi.org\/wp-content\/uploads\/2026\/05\/1777805745706BB-ekogun-9.jpg","width":1920,"height":1280},{"@type":"BreadcrumbList","@id":"https:\/\/kuzeyinsesi.org\/index.php\/2026\/05\/03\/ustel-buyukkonukta-vurguladi-kulturune-sahip-cikan-halklar-ayakta-kalir\/#breadcrumb","itemListElement":[{"@type":"ListItem","position":1,"name":"Anasayfa","item":"https:\/\/kuzeyinsesi.org\/"},{"@type":"ListItem","position":2,"name":"\u00dcstel B\u00fcy\u00fckkonuk\u2019ta vurgulad\u0131: K\u00fclt\u00fcr\u00fcne sahip \u00e7\u0131kan halklar ayakta kal\u0131r"}]},{"@type":"WebSite","@id":"https:\/\/kuzeyinsesi.org\/#website","url":"https:\/\/kuzeyinsesi.org\/","name":"Kuzeyin Sesi","description":"Do\u011fru Haberin Adresi","potentialAction":[{"@type":"SearchAction","target":{"@type":"EntryPoint","urlTemplate":"https:\/\/kuzeyinsesi.org\/?s={search_term_string}"},"query-input":{"@type":"PropertyValueSpecification","valueRequired":true,"valueName":"search_term_string"}}],"inLanguage":"tr"},{"@type":"Person","@id":"https:\/\/kuzeyinsesi.org\/#\/schema\/person\/9f859689cdf01485597712386e37f5aa","name":"Kuzeyin Sesi","image":{"@type":"ImageObject","inLanguage":"tr","@id":"https:\/\/secure.gravatar.com\/avatar\/bab33852abfd8b282518d6ed81826833d77c3c882d9ab608add591ccace47a44?s=96&d=mm&r=g","url":"https:\/\/secure.gravatar.com\/avatar\/bab33852abfd8b282518d6ed81826833d77c3c882d9ab608add591ccace47a44?s=96&d=mm&r=g","contentUrl":"https:\/\/secure.gravatar.com\/avatar\/bab33852abfd8b282518d6ed81826833d77c3c882d9ab608add591ccace47a44?s=96&d=mm&r=g","caption":"Kuzeyin Sesi"},"sameAs":["https:\/\/kuzeyinsesi.org"],"url":"https:\/\/kuzeyinsesi.org\/index.php\/author\/guven\/"}]}},"_links":{"self":[{"href":"https:\/\/kuzeyinsesi.org\/index.php\/wp-json\/wp\/v2\/posts\/37928","targetHints":{"allow":["GET"]}}],"collection":[{"href":"https:\/\/kuzeyinsesi.org\/index.php\/wp-json\/wp\/v2\/posts"}],"about":[{"href":"https:\/\/kuzeyinsesi.org\/index.php\/wp-json\/wp\/v2\/types\/post"}],"author":[{"embeddable":true,"href":"https:\/\/kuzeyinsesi.org\/index.php\/wp-json\/wp\/v2\/users\/1"}],"replies":[{"embeddable":true,"href":"https:\/\/kuzeyinsesi.org\/index.php\/wp-json\/wp\/v2\/comments?post=37928"}],"version-history":[{"count":0,"href":"https:\/\/kuzeyinsesi.org\/index.php\/wp-json\/wp\/v2\/posts\/37928\/revisions"}],"wp:featuredmedia":[{"embeddable":true,"href":"https:\/\/kuzeyinsesi.org\/index.php\/wp-json\/wp\/v2\/media\/37929"}],"wp:attachment":[{"href":"https:\/\/kuzeyinsesi.org\/index.php\/wp-json\/wp\/v2\/media?parent=37928"}],"wp:term":[{"taxonomy":"category","embeddable":true,"href":"https:\/\/kuzeyinsesi.org\/index.php\/wp-json\/wp\/v2\/categories?post=37928"},{"taxonomy":"post_tag","embeddable":true,"href":"https:\/\/kuzeyinsesi.org\/index.php\/wp-json\/wp\/v2\/tags?post=37928"}],"curies":[{"name":"wp","href":"https:\/\/api.w.org\/{rel}","templated":true}]}}