{"id":37926,"date":"2026-05-03T15:21:30","date_gmt":"2026-05-03T12:21:30","guid":{"rendered":"https:\/\/kuzeyinsesi.org\/index.php\/2026\/05\/03\/cumhurbaskanligi-bisiklet-turunda-kazanan-berwick\/"},"modified":"2026-05-03T15:21:30","modified_gmt":"2026-05-03T12:21:30","slug":"cumhurbaskanligi-bisiklet-turunda-kazanan-berwick","status":"publish","type":"post","link":"https:\/\/kuzeyinsesi.org\/index.php\/2026\/05\/03\/cumhurbaskanligi-bisiklet-turunda-kazanan-berwick\/","title":{"rendered":"Cumhurba\u015fkanl\u0131\u011f\u0131 Bisiklet Turu&#039;nda kazanan Berwick"},"content":{"rendered":"<p><\/p>\n<div>\n<p>&#13;<br \/>\n\t\u0130zmir&#8217;in \u00c7e\u015fme il\u00e7esinde 26 Nisan&#8217;da ba\u015flayan ve Ege ile Akdeniz k\u0131y\u0131lar\u0131ndan ge\u00e7en TUR 2026, <a href=\"https:\/\/www.trthaber.com\/etiket\/ankara\/\" target=\"_blank\">Ankara<\/a> etab\u0131yla sona erdi.<\/p>\n<p>&#13;<br \/>\n\tTurun 6. ve krali\u00e7e etab\u0131nda liderli\u011fi ele ge\u00e7iren Sebastian Berwick, toplamda 26 saat 34 dakika 19 saniyeyle genel klasman birincisi oldu. TUR 2026&#8217;y\u0131 kazanan 26 ya\u015f\u0131ndaki Avustralyal\u0131 bisiklet\u00e7i, turkuaz mayonun da sahibi oldu.<\/p>\n<p>&#13;<br \/>\n\tTUR 2026&#8217;y\u0131 Equipo Kern Pharma tak\u0131m\u0131ndan Kolombiyal\u0131 Ivan Ramiro Sosa ikinci, Solution Tech NIPPO Rali ekibinden Bel\u00e7ikal\u0131 Kamiel Bonneu ise \u00fc\u00e7\u00fcnc\u00fc s\u0131rada bitirdi.<\/p>\n<p><\/p>\n<h2>&#13;<br \/>\n\tSon etab\u0131 Crabbe kazand\u0131<\/h2>\n<p>&#13;<br \/>\n\tTUR 2026&#8217;n\u0131n 8. ve son etab\u0131n\u0131 Team Flanders-Baloise tak\u0131m\u0131ndan Bel\u00e7ikal\u0131 Tom Crabbe kazand\u0131.<\/p>\n<p>&#13;<br \/>\n\tCrabbe, Ankara&#8217;daki 108,4 kilometrelik parkuru 2 saat 11 dakika 35 saniyelik derecesiyle ilk s\u0131rada tamamlad\u0131.<\/p>\n<h2>&#13;<br \/>\n\tMayolar<\/h2>\n<p>&#13;<br \/>\n\tTUR 2026&#8217;da turkuaz mayonun d\u0131\u015f\u0131nda verilen 3 mayo da sahibini buldu.<\/p>\n<p><img decoding=\"async\" alt=\"Cumhurba\u015fkanl\u0131\u011f\u0131 Bisiklet Turu'nda kazanan Berwick\" src=\"https:\/\/www.trthaber.com\/dosyalar\/images\/AA-41277238.jpg\"\/><\/p>\n<p>&#13;<br \/>\n\tEn iyi t\u0131rman\u0131\u015f\u00e7\u0131ya verilen k\u0131rm\u0131z\u0131 mayoyu, genel klasman birincisi Sebastian Berwick ald\u0131.<\/p>\n<p>&#13;<br \/>\n\tEn iyi sprinter olarak Team Flanders-Baloise tak\u0131m\u0131ndan Bel\u00e7ikal\u0131 Tom Crabbe, ye\u015fil mayoyu kazand\u0131.<\/p>\n<p>&#13;<br \/>\n\tT\u00fcrkiye G\u00fczellikleri Primleri kategorisinde verilen beyaz mayoyu ise <a href=\"https:\/\/www.trthaber.com\/etiket\/konya\/\" target=\"_blank\">Konya<\/a> B\u00fcy\u00fck\u015fehir Belediyespor&#8217;dan milli bisiklet\u00e7i Mustafa Tarak\u00e7\u0131 elde etti.<\/p>\n<p>&#13;<br \/>\n\tTak\u0131mlarda ise XDS Astana ekip olarak birinci oldu.<\/p>\n<\/p><\/div>\n","protected":false},"excerpt":{"rendered":"<p>&#13; \u0130zmir&#8217;in \u00c7e\u015fme il\u00e7esinde 26 Nisan&#8217;da ba\u015flayan ve Ege ile Akdeniz k\u0131y\u0131lar\u0131ndan ge\u00e7en TUR 2026, Ankara etab\u0131yla sona erdi. &#13; Turun 6. ve krali\u00e7e etab\u0131nda liderli\u011fi ele ge\u00e7iren Sebastian Berwick, toplamda 26 saat 34 dakika 19 saniyeyle genel klasman birincisi oldu. TUR 2026&#8217;y\u0131 kazanan 26 ya\u015f\u0131ndaki Avustralyal\u0131 bisiklet\u00e7i, turkuaz mayonun da sahibi oldu. &#13; TUR [&hellip;]<\/p>\n","protected":false},"author":1,"featured_media":37927,"comment_status":"open","ping_status":"open","sticky":false,"template":"","format":"standard","meta":{"jnews-multi-image_gallery":[],"jnews_single_post":[],"jnews_primary_category":[],"jnews_social_meta":[],"jnews_override_counter":[],"footnotes":""},"categories":[4],"tags":[],"class_list":["post-37926","post","type-post","status-publish","format-standard","has-post-thumbnail","hentry","category-spor"],"yoast_head":"<!-- This site is optimized with the Yoast SEO plugin v27.5 - https:\/\/yoast.com\/product\/yoast-seo-wordpress\/ -->\n<title>Cumhurba\u015fkanl\u0131\u011f\u0131 Bisiklet Turu&#039;nda kazanan Berwick - Kuzeyin Sesi<\/title>\n<meta name=\"robots\" content=\"index, follow, max-snippet:-1, max-image-preview:large, max-video-preview:-1\" \/>\n<link rel=\"canonical\" href=\"https:\/\/kuzeyinsesi.org\/index.php\/2026\/05\/03\/cumhurbaskanligi-bisiklet-turunda-kazanan-berwick\/\" \/>\n<meta property=\"og:locale\" content=\"tr_TR\" \/>\n<meta property=\"og:type\" content=\"article\" \/>\n<meta property=\"og:title\" content=\"Cumhurba\u015fkanl\u0131\u011f\u0131 Bisiklet Turu&#039;nda kazanan Berwick - Kuzeyin Sesi\" \/>\n<meta property=\"og:description\" content=\"&#013; \u0130zmir&#8217;in \u00c7e\u015fme il\u00e7esinde 26 Nisan&#8217;da ba\u015flayan ve Ege ile Akdeniz k\u0131y\u0131lar\u0131ndan ge\u00e7en TUR 2026, Ankara etab\u0131yla sona erdi. &#013; Turun 6. ve krali\u00e7e etab\u0131nda liderli\u011fi ele ge\u00e7iren Sebastian Berwick, toplamda 26 saat 34 dakika 19 saniyeyle genel klasman birincisi oldu. TUR 2026&#8217;y\u0131 kazanan 26 ya\u015f\u0131ndaki Avustralyal\u0131 bisiklet\u00e7i, turkuaz mayonun da sahibi oldu. &#013; TUR [&hellip;]\" \/>\n<meta property=\"og:url\" content=\"https:\/\/kuzeyinsesi.org\/index.php\/2026\/05\/03\/cumhurbaskanligi-bisiklet-turunda-kazanan-berwick\/\" \/>\n<meta property=\"og:site_name\" content=\"Kuzeyin Sesi\" \/>\n<meta property=\"article:publisher\" content=\"https:\/\/www.facebook.com\/kuzeyinsesii\" \/>\n<meta property=\"article:published_time\" content=\"2026-05-03T12:21:30+00:00\" \/>\n<meta property=\"og:image\" content=\"https:\/\/www.trthaber.com\/dosyalar\/images\/AA-41277276.jpg\" \/>\n<meta name=\"author\" content=\"Kuzeyin Sesi\" \/>\n<meta name=\"twitter:card\" content=\"summary_large_image\" \/>\n<meta name=\"twitter:creator\" content=\"@kuzeyinsesii\" \/>\n<meta name=\"twitter:site\" content=\"@kuzeyinsesii\" \/>\n<meta name=\"twitter:label1\" content=\"Yazan:\" \/>\n\t<meta name=\"twitter:data1\" content=\"Kuzeyin Sesi\" \/>\n\t<meta name=\"twitter:label2\" content=\"Tahmini okuma s\u00fcresi\" \/>\n\t<meta name=\"twitter:data2\" content=\"1 dakika\" \/>\n<script type=\"application\/ld+json\" class=\"yoast-schema-graph\">{\"@context\":\"https:\\\/\\\/schema.org\",\"@graph\":[{\"@type\":\"Article\",\"@id\":\"https:\\\/\\\/kuzeyinsesi.org\\\/index.php\\\/2026\\\/05\\\/03\\\/cumhurbaskanligi-bisiklet-turunda-kazanan-berwick\\\/#article\",\"isPartOf\":{\"@id\":\"https:\\\/\\\/kuzeyinsesi.org\\\/index.php\\\/2026\\\/05\\\/03\\\/cumhurbaskanligi-bisiklet-turunda-kazanan-berwick\\\/\"},\"author\":{\"name\":\"Kuzeyin Sesi\",\"@id\":\"https:\\\/\\\/kuzeyinsesi.org\\\/#\\\/schema\\\/person\\\/9f859689cdf01485597712386e37f5aa\"},\"headline\":\"Cumhurba\u015fkanl\u0131\u011f\u0131 Bisiklet Turu&#039;nda kazanan Berwick\",\"datePublished\":\"2026-05-03T12:21:30+00:00\",\"mainEntityOfPage\":{\"@id\":\"https:\\\/\\\/kuzeyinsesi.org\\\/index.php\\\/2026\\\/05\\\/03\\\/cumhurbaskanligi-bisiklet-turunda-kazanan-berwick\\\/\"},\"wordCount\":206,\"commentCount\":0,\"image\":{\"@id\":\"https:\\\/\\\/kuzeyinsesi.org\\\/index.php\\\/2026\\\/05\\\/03\\\/cumhurbaskanligi-bisiklet-turunda-kazanan-berwick\\\/#primaryimage\"},\"thumbnailUrl\":\"https:\\\/\\\/kuzeyinsesi.org\\\/wp-content\\\/uploads\\\/2026\\\/05\\\/berwickaa-2457808.jpg\",\"articleSection\":[\"Spor\"],\"inLanguage\":\"tr\",\"potentialAction\":[{\"@type\":\"CommentAction\",\"name\":\"Comment\",\"target\":[\"https:\\\/\\\/kuzeyinsesi.org\\\/index.php\\\/2026\\\/05\\\/03\\\/cumhurbaskanligi-bisiklet-turunda-kazanan-berwick\\\/#respond\"]}]},{\"@type\":\"WebPage\",\"@id\":\"https:\\\/\\\/kuzeyinsesi.org\\\/index.php\\\/2026\\\/05\\\/03\\\/cumhurbaskanligi-bisiklet-turunda-kazanan-berwick\\\/\",\"url\":\"https:\\\/\\\/kuzeyinsesi.org\\\/index.php\\\/2026\\\/05\\\/03\\\/cumhurbaskanligi-bisiklet-turunda-kazanan-berwick\\\/\",\"name\":\"Cumhurba\u015fkanl\u0131\u011f\u0131 Bisiklet Turu&#039;nda kazanan Berwick - Kuzeyin Sesi\",\"isPartOf\":{\"@id\":\"https:\\\/\\\/kuzeyinsesi.org\\\/#website\"},\"primaryImageOfPage\":{\"@id\":\"https:\\\/\\\/kuzeyinsesi.org\\\/index.php\\\/2026\\\/05\\\/03\\\/cumhurbaskanligi-bisiklet-turunda-kazanan-berwick\\\/#primaryimage\"},\"image\":{\"@id\":\"https:\\\/\\\/kuzeyinsesi.org\\\/index.php\\\/2026\\\/05\\\/03\\\/cumhurbaskanligi-bisiklet-turunda-kazanan-berwick\\\/#primaryimage\"},\"thumbnailUrl\":\"https:\\\/\\\/kuzeyinsesi.org\\\/wp-content\\\/uploads\\\/2026\\\/05\\\/berwickaa-2457808.jpg\",\"datePublished\":\"2026-05-03T12:21:30+00:00\",\"author\":{\"@id\":\"https:\\\/\\\/kuzeyinsesi.org\\\/#\\\/schema\\\/person\\\/9f859689cdf01485597712386e37f5aa\"},\"breadcrumb\":{\"@id\":\"https:\\\/\\\/kuzeyinsesi.org\\\/index.php\\\/2026\\\/05\\\/03\\\/cumhurbaskanligi-bisiklet-turunda-kazanan-berwick\\\/#breadcrumb\"},\"inLanguage\":\"tr\",\"potentialAction\":[{\"@type\":\"ReadAction\",\"target\":[\"https:\\\/\\\/kuzeyinsesi.org\\\/index.php\\\/2026\\\/05\\\/03\\\/cumhurbaskanligi-bisiklet-turunda-kazanan-berwick\\\/\"]}]},{\"@type\":\"ImageObject\",\"inLanguage\":\"tr\",\"@id\":\"https:\\\/\\\/kuzeyinsesi.org\\\/index.php\\\/2026\\\/05\\\/03\\\/cumhurbaskanligi-bisiklet-turunda-kazanan-berwick\\\/#primaryimage\",\"url\":\"https:\\\/\\\/kuzeyinsesi.org\\\/wp-content\\\/uploads\\\/2026\\\/05\\\/berwickaa-2457808.jpg\",\"contentUrl\":\"https:\\\/\\\/kuzeyinsesi.org\\\/wp-content\\\/uploads\\\/2026\\\/05\\\/berwickaa-2457808.jpg\",\"width\":1280,\"height\":720},{\"@type\":\"BreadcrumbList\",\"@id\":\"https:\\\/\\\/kuzeyinsesi.org\\\/index.php\\\/2026\\\/05\\\/03\\\/cumhurbaskanligi-bisiklet-turunda-kazanan-berwick\\\/#breadcrumb\",\"itemListElement\":[{\"@type\":\"ListItem\",\"position\":1,\"name\":\"Anasayfa\",\"item\":\"https:\\\/\\\/kuzeyinsesi.org\\\/\"},{\"@type\":\"ListItem\",\"position\":2,\"name\":\"Cumhurba\u015fkanl\u0131\u011f\u0131 Bisiklet Turu&#039;nda kazanan Berwick\"}]},{\"@type\":\"WebSite\",\"@id\":\"https:\\\/\\\/kuzeyinsesi.org\\\/#website\",\"url\":\"https:\\\/\\\/kuzeyinsesi.org\\\/\",\"name\":\"Kuzeyin Sesi\",\"description\":\"Do\u011fru Haberin Adresi\",\"potentialAction\":[{\"@type\":\"SearchAction\",\"target\":{\"@type\":\"EntryPoint\",\"urlTemplate\":\"https:\\\/\\\/kuzeyinsesi.org\\\/?s={search_term_string}\"},\"query-input\":{\"@type\":\"PropertyValueSpecification\",\"valueRequired\":true,\"valueName\":\"search_term_string\"}}],\"inLanguage\":\"tr\"},{\"@type\":\"Person\",\"@id\":\"https:\\\/\\\/kuzeyinsesi.org\\\/#\\\/schema\\\/person\\\/9f859689cdf01485597712386e37f5aa\",\"name\":\"Kuzeyin Sesi\",\"image\":{\"@type\":\"ImageObject\",\"inLanguage\":\"tr\",\"@id\":\"https:\\\/\\\/secure.gravatar.com\\\/avatar\\\/bab33852abfd8b282518d6ed81826833d77c3c882d9ab608add591ccace47a44?s=96&d=mm&r=g\",\"url\":\"https:\\\/\\\/secure.gravatar.com\\\/avatar\\\/bab33852abfd8b282518d6ed81826833d77c3c882d9ab608add591ccace47a44?s=96&d=mm&r=g\",\"contentUrl\":\"https:\\\/\\\/secure.gravatar.com\\\/avatar\\\/bab33852abfd8b282518d6ed81826833d77c3c882d9ab608add591ccace47a44?s=96&d=mm&r=g\",\"caption\":\"Kuzeyin Sesi\"},\"sameAs\":[\"https:\\\/\\\/kuzeyinsesi.org\"],\"url\":\"https:\\\/\\\/kuzeyinsesi.org\\\/index.php\\\/author\\\/guven\\\/\"}]}<\/script>\n<!-- \/ Yoast SEO plugin. -->","yoast_head_json":{"title":"Cumhurba\u015fkanl\u0131\u011f\u0131 Bisiklet Turu&#039;nda kazanan Berwick - Kuzeyin Sesi","robots":{"index":"index","follow":"follow","max-snippet":"max-snippet:-1","max-image-preview":"max-image-preview:large","max-video-preview":"max-video-preview:-1"},"canonical":"https:\/\/kuzeyinsesi.org\/index.php\/2026\/05\/03\/cumhurbaskanligi-bisiklet-turunda-kazanan-berwick\/","og_locale":"tr_TR","og_type":"article","og_title":"Cumhurba\u015fkanl\u0131\u011f\u0131 Bisiklet Turu&#039;nda kazanan Berwick - Kuzeyin Sesi","og_description":"&#13; \u0130zmir&#8217;in \u00c7e\u015fme il\u00e7esinde 26 Nisan&#8217;da ba\u015flayan ve Ege ile Akdeniz k\u0131y\u0131lar\u0131ndan ge\u00e7en TUR 2026, Ankara etab\u0131yla sona erdi. &#13; Turun 6. ve krali\u00e7e etab\u0131nda liderli\u011fi ele ge\u00e7iren Sebastian Berwick, toplamda 26 saat 34 dakika 19 saniyeyle genel klasman birincisi oldu. TUR 2026&#8217;y\u0131 kazanan 26 ya\u015f\u0131ndaki Avustralyal\u0131 bisiklet\u00e7i, turkuaz mayonun da sahibi oldu. &#13; TUR [&hellip;]","og_url":"https:\/\/kuzeyinsesi.org\/index.php\/2026\/05\/03\/cumhurbaskanligi-bisiklet-turunda-kazanan-berwick\/","og_site_name":"Kuzeyin Sesi","article_publisher":"https:\/\/www.facebook.com\/kuzeyinsesii","article_published_time":"2026-05-03T12:21:30+00:00","og_image":[{"url":"https:\/\/www.trthaber.com\/dosyalar\/images\/AA-41277276.jpg","type":"","width":"","height":""}],"author":"Kuzeyin Sesi","twitter_card":"summary_large_image","twitter_creator":"@kuzeyinsesii","twitter_site":"@kuzeyinsesii","twitter_misc":{"Yazan:":"Kuzeyin Sesi","Tahmini okuma s\u00fcresi":"1 dakika"},"schema":{"@context":"https:\/\/schema.org","@graph":[{"@type":"Article","@id":"https:\/\/kuzeyinsesi.org\/index.php\/2026\/05\/03\/cumhurbaskanligi-bisiklet-turunda-kazanan-berwick\/#article","isPartOf":{"@id":"https:\/\/kuzeyinsesi.org\/index.php\/2026\/05\/03\/cumhurbaskanligi-bisiklet-turunda-kazanan-berwick\/"},"author":{"name":"Kuzeyin Sesi","@id":"https:\/\/kuzeyinsesi.org\/#\/schema\/person\/9f859689cdf01485597712386e37f5aa"},"headline":"Cumhurba\u015fkanl\u0131\u011f\u0131 Bisiklet Turu&#039;nda kazanan Berwick","datePublished":"2026-05-03T12:21:30+00:00","mainEntityOfPage":{"@id":"https:\/\/kuzeyinsesi.org\/index.php\/2026\/05\/03\/cumhurbaskanligi-bisiklet-turunda-kazanan-berwick\/"},"wordCount":206,"commentCount":0,"image":{"@id":"https:\/\/kuzeyinsesi.org\/index.php\/2026\/05\/03\/cumhurbaskanligi-bisiklet-turunda-kazanan-berwick\/#primaryimage"},"thumbnailUrl":"https:\/\/kuzeyinsesi.org\/wp-content\/uploads\/2026\/05\/berwickaa-2457808.jpg","articleSection":["Spor"],"inLanguage":"tr","potentialAction":[{"@type":"CommentAction","name":"Comment","target":["https:\/\/kuzeyinsesi.org\/index.php\/2026\/05\/03\/cumhurbaskanligi-bisiklet-turunda-kazanan-berwick\/#respond"]}]},{"@type":"WebPage","@id":"https:\/\/kuzeyinsesi.org\/index.php\/2026\/05\/03\/cumhurbaskanligi-bisiklet-turunda-kazanan-berwick\/","url":"https:\/\/kuzeyinsesi.org\/index.php\/2026\/05\/03\/cumhurbaskanligi-bisiklet-turunda-kazanan-berwick\/","name":"Cumhurba\u015fkanl\u0131\u011f\u0131 Bisiklet Turu&#039;nda kazanan Berwick - Kuzeyin Sesi","isPartOf":{"@id":"https:\/\/kuzeyinsesi.org\/#website"},"primaryImageOfPage":{"@id":"https:\/\/kuzeyinsesi.org\/index.php\/2026\/05\/03\/cumhurbaskanligi-bisiklet-turunda-kazanan-berwick\/#primaryimage"},"image":{"@id":"https:\/\/kuzeyinsesi.org\/index.php\/2026\/05\/03\/cumhurbaskanligi-bisiklet-turunda-kazanan-berwick\/#primaryimage"},"thumbnailUrl":"https:\/\/kuzeyinsesi.org\/wp-content\/uploads\/2026\/05\/berwickaa-2457808.jpg","datePublished":"2026-05-03T12:21:30+00:00","author":{"@id":"https:\/\/kuzeyinsesi.org\/#\/schema\/person\/9f859689cdf01485597712386e37f5aa"},"breadcrumb":{"@id":"https:\/\/kuzeyinsesi.org\/index.php\/2026\/05\/03\/cumhurbaskanligi-bisiklet-turunda-kazanan-berwick\/#breadcrumb"},"inLanguage":"tr","potentialAction":[{"@type":"ReadAction","target":["https:\/\/kuzeyinsesi.org\/index.php\/2026\/05\/03\/cumhurbaskanligi-bisiklet-turunda-kazanan-berwick\/"]}]},{"@type":"ImageObject","inLanguage":"tr","@id":"https:\/\/kuzeyinsesi.org\/index.php\/2026\/05\/03\/cumhurbaskanligi-bisiklet-turunda-kazanan-berwick\/#primaryimage","url":"https:\/\/kuzeyinsesi.org\/wp-content\/uploads\/2026\/05\/berwickaa-2457808.jpg","contentUrl":"https:\/\/kuzeyinsesi.org\/wp-content\/uploads\/2026\/05\/berwickaa-2457808.jpg","width":1280,"height":720},{"@type":"BreadcrumbList","@id":"https:\/\/kuzeyinsesi.org\/index.php\/2026\/05\/03\/cumhurbaskanligi-bisiklet-turunda-kazanan-berwick\/#breadcrumb","itemListElement":[{"@type":"ListItem","position":1,"name":"Anasayfa","item":"https:\/\/kuzeyinsesi.org\/"},{"@type":"ListItem","position":2,"name":"Cumhurba\u015fkanl\u0131\u011f\u0131 Bisiklet Turu&#039;nda kazanan Berwick"}]},{"@type":"WebSite","@id":"https:\/\/kuzeyinsesi.org\/#website","url":"https:\/\/kuzeyinsesi.org\/","name":"Kuzeyin Sesi","description":"Do\u011fru Haberin Adresi","potentialAction":[{"@type":"SearchAction","target":{"@type":"EntryPoint","urlTemplate":"https:\/\/kuzeyinsesi.org\/?s={search_term_string}"},"query-input":{"@type":"PropertyValueSpecification","valueRequired":true,"valueName":"search_term_string"}}],"inLanguage":"tr"},{"@type":"Person","@id":"https:\/\/kuzeyinsesi.org\/#\/schema\/person\/9f859689cdf01485597712386e37f5aa","name":"Kuzeyin Sesi","image":{"@type":"ImageObject","inLanguage":"tr","@id":"https:\/\/secure.gravatar.com\/avatar\/bab33852abfd8b282518d6ed81826833d77c3c882d9ab608add591ccace47a44?s=96&d=mm&r=g","url":"https:\/\/secure.gravatar.com\/avatar\/bab33852abfd8b282518d6ed81826833d77c3c882d9ab608add591ccace47a44?s=96&d=mm&r=g","contentUrl":"https:\/\/secure.gravatar.com\/avatar\/bab33852abfd8b282518d6ed81826833d77c3c882d9ab608add591ccace47a44?s=96&d=mm&r=g","caption":"Kuzeyin Sesi"},"sameAs":["https:\/\/kuzeyinsesi.org"],"url":"https:\/\/kuzeyinsesi.org\/index.php\/author\/guven\/"}]}},"_links":{"self":[{"href":"https:\/\/kuzeyinsesi.org\/index.php\/wp-json\/wp\/v2\/posts\/37926","targetHints":{"allow":["GET"]}}],"collection":[{"href":"https:\/\/kuzeyinsesi.org\/index.php\/wp-json\/wp\/v2\/posts"}],"about":[{"href":"https:\/\/kuzeyinsesi.org\/index.php\/wp-json\/wp\/v2\/types\/post"}],"author":[{"embeddable":true,"href":"https:\/\/kuzeyinsesi.org\/index.php\/wp-json\/wp\/v2\/users\/1"}],"replies":[{"embeddable":true,"href":"https:\/\/kuzeyinsesi.org\/index.php\/wp-json\/wp\/v2\/comments?post=37926"}],"version-history":[{"count":0,"href":"https:\/\/kuzeyinsesi.org\/index.php\/wp-json\/wp\/v2\/posts\/37926\/revisions"}],"wp:featuredmedia":[{"embeddable":true,"href":"https:\/\/kuzeyinsesi.org\/index.php\/wp-json\/wp\/v2\/media\/37927"}],"wp:attachment":[{"href":"https:\/\/kuzeyinsesi.org\/index.php\/wp-json\/wp\/v2\/media?parent=37926"}],"wp:term":[{"taxonomy":"category","embeddable":true,"href":"https:\/\/kuzeyinsesi.org\/index.php\/wp-json\/wp\/v2\/categories?post=37926"},{"taxonomy":"post_tag","embeddable":true,"href":"https:\/\/kuzeyinsesi.org\/index.php\/wp-json\/wp\/v2\/tags?post=37926"}],"curies":[{"name":"wp","href":"https:\/\/api.w.org\/{rel}","templated":true}]}}