{"id":37924,"date":"2026-05-03T14:05:54","date_gmt":"2026-05-03T11:05:54","guid":{"rendered":"https:\/\/kuzeyinsesi.org\/index.php\/2026\/05\/03\/merit-otellerinin-geleneksel-23-senlik-ve-eglenceleri-merit-park-hotelde-yapildi\/"},"modified":"2026-05-03T14:05:54","modified_gmt":"2026-05-03T11:05:54","slug":"merit-otellerinin-geleneksel-23-senlik-ve-eglenceleri-merit-park-hotelde-yapildi","status":"publish","type":"post","link":"https:\/\/kuzeyinsesi.org\/index.php\/2026\/05\/03\/merit-otellerinin-geleneksel-23-senlik-ve-eglenceleri-merit-park-hotelde-yapildi\/","title":{"rendered":"Merit Otellerinin geleneksel 23 \u015fenlik ve e\u011flenceleri Merit Park Hotel\u2019de yap\u0131ld\u0131"},"content":{"rendered":"<p>Merit International Sosyal \u0130\u015fler Koordinat\u00f6rl\u00fc\u011f\u00fc taraf\u0131ndan Merit Park Hotel\u2019de d\u00fczenlenen Merit Otelleri \u0130lkokullar 23 Nisan Oyunlar\u0131 ve E\u011flencesi, bu y\u0131l \u00fc\u00e7\u00fcnc\u00fc kez ger\u00e7ekle\u015ftirilerek \u00e7ocuklara unutulmaz anlar ya\u015fatt\u0131. 23 Nisan Ulusal Egemenlik ve \u00c7ocuk Bayram\u0131\u2019n\u0131n 106. y\u0131l\u0131, Merit Park Hotel\u2019in ev sahipli\u011finde b\u00fcy\u00fck bir co\u015fku ve yo\u011fun kat\u0131l\u0131mla kutland\u0131.<\/p>\n<p>27 ve 30 Nisan tarihlerinde ger\u00e7ekle\u015ftirilen etkinliklerde, Girne b\u00f6lgesindeki ilkokullardan gelen yakla\u015f\u0131k 800 \u00f6\u011frenci bayram sevincini doyas\u0131ya ya\u015fad\u0131. Mustafa \u00c7a\u011fatay \u0130lkokulu, 23 Nisan \u0130lkokulu, Karao\u011flano\u011flu \u0130lkokulu, \u015eehit Hasan Cafer \u0130lkokulu, Tepeba\u015f\u0131 \u0130lkokulu, \u00c7aml\u0131bel Aysun \u0130lkokulu, Lapta \u0130lkokulu ve Alsancak \u0130lkokulu \u00f6\u011frencilerinin kat\u0131l\u0131m\u0131yla ger\u00e7ekle\u015fen \u015fenlik, renkli g\u00f6r\u00fcnt\u00fclere sahne oldu.<\/p>\n<p>Merit International Sosyal \u0130\u015fler Koordinat\u00f6rl\u00fc\u011f\u00fc \u00f6nc\u00fcl\u00fc\u011f\u00fcnde, Meritta Club ekibi taraf\u0131ndan organize edilen etkinliklerde \u00e7ocuklara \u00f6zel birbirinden e\u011flenceli aktiviteler sunuldu. T\u0131rmanma parkuru, basketbol alan\u0131, timsah parkur, orman temal\u0131 kayd\u0131rak, safari park ve canl\u0131 lang\u0131rt gibi \u015fi\u015fme oyun alanlar\u0131, \u015fenli\u011fin en \u00e7ok ilgi g\u00f6ren b\u00f6l\u00fcmleri aras\u0131nda yer ald\u0131. \u00c7ocuklar, etkinlikler sayesinde enerjilerini keyifle de\u011ferlendirirken, kendileri i\u00e7in haz\u0131rlanan ikramlar\u0131n da tad\u0131n\u0131 \u00e7\u0131kard\u0131.<\/p>\n<p>Etkinli\u011fe kat\u0131lan Merit International Sosyal \u0130\u015fler Koordinat\u00f6r\u00fc Mine G\u00fcrses ve ekibi, \u00e7ocuklarla yak\u0131ndan ilgilenerek bayram sevincini birlikte payla\u015ft\u0131. Mine G\u00fcrses yapt\u0131\u011f\u0131 a\u00e7\u0131klamada,<\/p>\n<p>\u201c\u00c7ocuklar\u0131m\u0131z, yar\u0131nlar\u0131m\u0131z\u0131n en k\u0131ymetli temsilcileridir. Onlar\u0131n y\u00fcz\u00fcndeki mutlulu\u011fa ortak olmak ve b\u00f6ylesine anlaml\u0131 bir g\u00fcnde bir arada bulunmak bizler i\u00e7in b\u00fcy\u00fck bir de\u011fer ta\u015f\u0131yor. Merit International olarak, sosyal sorumluluk \u00e7al\u0131\u015fmalar\u0131m\u0131zla \u00e7ocuklar\u0131m\u0131z\u0131n geli\u015fimine katk\u0131 sa\u011flamaya ve onlar\u0131n hayatlar\u0131na dokunan projeler \u00fcretmeye kararl\u0131l\u0131kla devam edece\u011fiz.\u201d ifadelerini kulland\u0131.<\/p>\n<p>Merit Park Hotel\u2019de d\u00fczenlenen \u015fenlik, e\u011flenceli aktiviteler ve s\u00fcrprizlerle \u00e7ocuklara keyif dolu anlar sundu. Meritta Club\u2019\u0131n sevilen maskotlar\u0131 Meritta, Adal\u0131m ve Potin, \u00e7ocuklarla bir araya gelerek etkinli\u011fe ne\u015fe katt\u0131. Program sonunda \u00e7ekilen hat\u0131ra foto\u011fraflar\u0131 ise bu \u00f6zel g\u00fcn\u00fc kal\u0131c\u0131 an\u0131lara d\u00f6n\u00fc\u015ft\u00fcrd\u00fc.<\/p>\n<p>Merit International, topluma katk\u0131 sa\u011flama misyonu do\u011frultusunda sosyal sorumluluk projelerini s\u00fcrd\u00fcrmeye, \u00e7ocuklar\u0131n e\u011fitimine ve geli\u015fimine destek olmaya devam edecek.<\/p>\n<p><\/p>\n","protected":false},"excerpt":{"rendered":"<p>Merit International Sosyal \u0130\u015fler Koordinat\u00f6rl\u00fc\u011f\u00fc taraf\u0131ndan Merit Park Hotel\u2019de d\u00fczenlenen Merit Otelleri \u0130lkokullar 23 Nisan Oyunlar\u0131 ve E\u011flencesi, bu y\u0131l \u00fc\u00e7\u00fcnc\u00fc kez ger\u00e7ekle\u015ftirilerek \u00e7ocuklara unutulmaz anlar ya\u015fatt\u0131. 23 Nisan Ulusal Egemenlik ve \u00c7ocuk Bayram\u0131\u2019n\u0131n 106. y\u0131l\u0131, Merit Park Hotel\u2019in ev sahipli\u011finde b\u00fcy\u00fck bir co\u015fku ve yo\u011fun kat\u0131l\u0131mla kutland\u0131. 27 ve 30 Nisan tarihlerinde ger\u00e7ekle\u015ftirilen etkinliklerde, [&hellip;]<\/p>\n","protected":false},"author":1,"featured_media":37925,"comment_status":"open","ping_status":"open","sticky":false,"template":"","format":"standard","meta":{"jnews-multi-image_gallery":[],"jnews_single_post":[],"jnews_primary_category":[],"jnews_social_meta":[],"jnews_override_counter":[],"footnotes":""},"categories":[1],"tags":[],"class_list":["post-37924","post","type-post","status-publish","format-standard","has-post-thumbnail","hentry","category-kibris"],"yoast_head":"<!-- This site is optimized with the Yoast SEO plugin v27.5 - https:\/\/yoast.com\/product\/yoast-seo-wordpress\/ -->\n<title>Merit Otellerinin geleneksel 23 \u015fenlik ve e\u011flenceleri Merit Park Hotel\u2019de yap\u0131ld\u0131 - Kuzeyin Sesi<\/title>\n<meta name=\"robots\" content=\"index, follow, max-snippet:-1, max-image-preview:large, max-video-preview:-1\" \/>\n<link rel=\"canonical\" href=\"https:\/\/kuzeyinsesi.org\/index.php\/2026\/05\/03\/merit-otellerinin-geleneksel-23-senlik-ve-eglenceleri-merit-park-hotelde-yapildi\/\" \/>\n<meta property=\"og:locale\" content=\"tr_TR\" \/>\n<meta property=\"og:type\" content=\"article\" \/>\n<meta property=\"og:title\" content=\"Merit Otellerinin geleneksel 23 \u015fenlik ve e\u011flenceleri Merit Park Hotel\u2019de yap\u0131ld\u0131 - Kuzeyin Sesi\" \/>\n<meta property=\"og:description\" content=\"Merit International Sosyal \u0130\u015fler Koordinat\u00f6rl\u00fc\u011f\u00fc taraf\u0131ndan Merit Park Hotel\u2019de d\u00fczenlenen Merit Otelleri \u0130lkokullar 23 Nisan Oyunlar\u0131 ve E\u011flencesi, bu y\u0131l \u00fc\u00e7\u00fcnc\u00fc kez ger\u00e7ekle\u015ftirilerek \u00e7ocuklara unutulmaz anlar ya\u015fatt\u0131. 23 Nisan Ulusal Egemenlik ve \u00c7ocuk Bayram\u0131\u2019n\u0131n 106. y\u0131l\u0131, Merit Park Hotel\u2019in ev sahipli\u011finde b\u00fcy\u00fck bir co\u015fku ve yo\u011fun kat\u0131l\u0131mla kutland\u0131. 27 ve 30 Nisan tarihlerinde ger\u00e7ekle\u015ftirilen etkinliklerde, [&hellip;]\" \/>\n<meta property=\"og:url\" content=\"https:\/\/kuzeyinsesi.org\/index.php\/2026\/05\/03\/merit-otellerinin-geleneksel-23-senlik-ve-eglenceleri-merit-park-hotelde-yapildi\/\" \/>\n<meta property=\"og:site_name\" content=\"Kuzeyin Sesi\" \/>\n<meta property=\"article:publisher\" content=\"https:\/\/www.facebook.com\/kuzeyinsesii\" \/>\n<meta property=\"article:published_time\" content=\"2026-05-03T11:05:54+00:00\" \/>\n<meta name=\"author\" content=\"Kuzeyin Sesi\" \/>\n<meta name=\"twitter:card\" content=\"summary_large_image\" \/>\n<meta name=\"twitter:creator\" content=\"@kuzeyinsesii\" \/>\n<meta name=\"twitter:site\" content=\"@kuzeyinsesii\" \/>\n<meta name=\"twitter:label1\" content=\"Yazan:\" \/>\n\t<meta name=\"twitter:data1\" content=\"Kuzeyin Sesi\" \/>\n\t<meta name=\"twitter:label2\" content=\"Tahmini okuma s\u00fcresi\" \/>\n\t<meta name=\"twitter:data2\" content=\"2 dakika\" \/>\n<script type=\"application\/ld+json\" class=\"yoast-schema-graph\">{\"@context\":\"https:\\\/\\\/schema.org\",\"@graph\":[{\"@type\":\"Article\",\"@id\":\"https:\\\/\\\/kuzeyinsesi.org\\\/index.php\\\/2026\\\/05\\\/03\\\/merit-otellerinin-geleneksel-23-senlik-ve-eglenceleri-merit-park-hotelde-yapildi\\\/#article\",\"isPartOf\":{\"@id\":\"https:\\\/\\\/kuzeyinsesi.org\\\/index.php\\\/2026\\\/05\\\/03\\\/merit-otellerinin-geleneksel-23-senlik-ve-eglenceleri-merit-park-hotelde-yapildi\\\/\"},\"author\":{\"name\":\"Kuzeyin Sesi\",\"@id\":\"https:\\\/\\\/kuzeyinsesi.org\\\/#\\\/schema\\\/person\\\/9f859689cdf01485597712386e37f5aa\"},\"headline\":\"Merit Otellerinin geleneksel 23 \u015fenlik ve e\u011flenceleri Merit Park Hotel\u2019de yap\u0131ld\u0131\",\"datePublished\":\"2026-05-03T11:05:54+00:00\",\"mainEntityOfPage\":{\"@id\":\"https:\\\/\\\/kuzeyinsesi.org\\\/index.php\\\/2026\\\/05\\\/03\\\/merit-otellerinin-geleneksel-23-senlik-ve-eglenceleri-merit-park-hotelde-yapildi\\\/\"},\"wordCount\":407,\"commentCount\":0,\"image\":{\"@id\":\"https:\\\/\\\/kuzeyinsesi.org\\\/index.php\\\/2026\\\/05\\\/03\\\/merit-otellerinin-geleneksel-23-senlik-ve-eglenceleri-merit-park-hotelde-yapildi\\\/#primaryimage\"},\"thumbnailUrl\":\"https:\\\/\\\/kuzeyinsesi.org\\\/wp-content\\\/uploads\\\/2026\\\/05\\\/WhatsApp-Image-2026-05-03-at-13.52.37.jpeg\",\"articleSection\":[\"K\u0131br\u0131s\"],\"inLanguage\":\"tr\",\"potentialAction\":[{\"@type\":\"CommentAction\",\"name\":\"Comment\",\"target\":[\"https:\\\/\\\/kuzeyinsesi.org\\\/index.php\\\/2026\\\/05\\\/03\\\/merit-otellerinin-geleneksel-23-senlik-ve-eglenceleri-merit-park-hotelde-yapildi\\\/#respond\"]}]},{\"@type\":\"WebPage\",\"@id\":\"https:\\\/\\\/kuzeyinsesi.org\\\/index.php\\\/2026\\\/05\\\/03\\\/merit-otellerinin-geleneksel-23-senlik-ve-eglenceleri-merit-park-hotelde-yapildi\\\/\",\"url\":\"https:\\\/\\\/kuzeyinsesi.org\\\/index.php\\\/2026\\\/05\\\/03\\\/merit-otellerinin-geleneksel-23-senlik-ve-eglenceleri-merit-park-hotelde-yapildi\\\/\",\"name\":\"Merit Otellerinin geleneksel 23 \u015fenlik ve e\u011flenceleri Merit Park Hotel\u2019de yap\u0131ld\u0131 - Kuzeyin Sesi\",\"isPartOf\":{\"@id\":\"https:\\\/\\\/kuzeyinsesi.org\\\/#website\"},\"primaryImageOfPage\":{\"@id\":\"https:\\\/\\\/kuzeyinsesi.org\\\/index.php\\\/2026\\\/05\\\/03\\\/merit-otellerinin-geleneksel-23-senlik-ve-eglenceleri-merit-park-hotelde-yapildi\\\/#primaryimage\"},\"image\":{\"@id\":\"https:\\\/\\\/kuzeyinsesi.org\\\/index.php\\\/2026\\\/05\\\/03\\\/merit-otellerinin-geleneksel-23-senlik-ve-eglenceleri-merit-park-hotelde-yapildi\\\/#primaryimage\"},\"thumbnailUrl\":\"https:\\\/\\\/kuzeyinsesi.org\\\/wp-content\\\/uploads\\\/2026\\\/05\\\/WhatsApp-Image-2026-05-03-at-13.52.37.jpeg\",\"datePublished\":\"2026-05-03T11:05:54+00:00\",\"author\":{\"@id\":\"https:\\\/\\\/kuzeyinsesi.org\\\/#\\\/schema\\\/person\\\/9f859689cdf01485597712386e37f5aa\"},\"breadcrumb\":{\"@id\":\"https:\\\/\\\/kuzeyinsesi.org\\\/index.php\\\/2026\\\/05\\\/03\\\/merit-otellerinin-geleneksel-23-senlik-ve-eglenceleri-merit-park-hotelde-yapildi\\\/#breadcrumb\"},\"inLanguage\":\"tr\",\"potentialAction\":[{\"@type\":\"ReadAction\",\"target\":[\"https:\\\/\\\/kuzeyinsesi.org\\\/index.php\\\/2026\\\/05\\\/03\\\/merit-otellerinin-geleneksel-23-senlik-ve-eglenceleri-merit-park-hotelde-yapildi\\\/\"]}]},{\"@type\":\"ImageObject\",\"inLanguage\":\"tr\",\"@id\":\"https:\\\/\\\/kuzeyinsesi.org\\\/index.php\\\/2026\\\/05\\\/03\\\/merit-otellerinin-geleneksel-23-senlik-ve-eglenceleri-merit-park-hotelde-yapildi\\\/#primaryimage\",\"url\":\"https:\\\/\\\/kuzeyinsesi.org\\\/wp-content\\\/uploads\\\/2026\\\/05\\\/WhatsApp-Image-2026-05-03-at-13.52.37.jpeg\",\"contentUrl\":\"https:\\\/\\\/kuzeyinsesi.org\\\/wp-content\\\/uploads\\\/2026\\\/05\\\/WhatsApp-Image-2026-05-03-at-13.52.37.jpeg\",\"width\":1600,\"height\":1066},{\"@type\":\"BreadcrumbList\",\"@id\":\"https:\\\/\\\/kuzeyinsesi.org\\\/index.php\\\/2026\\\/05\\\/03\\\/merit-otellerinin-geleneksel-23-senlik-ve-eglenceleri-merit-park-hotelde-yapildi\\\/#breadcrumb\",\"itemListElement\":[{\"@type\":\"ListItem\",\"position\":1,\"name\":\"Anasayfa\",\"item\":\"https:\\\/\\\/kuzeyinsesi.org\\\/\"},{\"@type\":\"ListItem\",\"position\":2,\"name\":\"Merit Otellerinin geleneksel 23 \u015fenlik ve e\u011flenceleri Merit Park Hotel\u2019de yap\u0131ld\u0131\"}]},{\"@type\":\"WebSite\",\"@id\":\"https:\\\/\\\/kuzeyinsesi.org\\\/#website\",\"url\":\"https:\\\/\\\/kuzeyinsesi.org\\\/\",\"name\":\"Kuzeyin Sesi\",\"description\":\"Do\u011fru Haberin Adresi\",\"potentialAction\":[{\"@type\":\"SearchAction\",\"target\":{\"@type\":\"EntryPoint\",\"urlTemplate\":\"https:\\\/\\\/kuzeyinsesi.org\\\/?s={search_term_string}\"},\"query-input\":{\"@type\":\"PropertyValueSpecification\",\"valueRequired\":true,\"valueName\":\"search_term_string\"}}],\"inLanguage\":\"tr\"},{\"@type\":\"Person\",\"@id\":\"https:\\\/\\\/kuzeyinsesi.org\\\/#\\\/schema\\\/person\\\/9f859689cdf01485597712386e37f5aa\",\"name\":\"Kuzeyin Sesi\",\"image\":{\"@type\":\"ImageObject\",\"inLanguage\":\"tr\",\"@id\":\"https:\\\/\\\/secure.gravatar.com\\\/avatar\\\/bab33852abfd8b282518d6ed81826833d77c3c882d9ab608add591ccace47a44?s=96&d=mm&r=g\",\"url\":\"https:\\\/\\\/secure.gravatar.com\\\/avatar\\\/bab33852abfd8b282518d6ed81826833d77c3c882d9ab608add591ccace47a44?s=96&d=mm&r=g\",\"contentUrl\":\"https:\\\/\\\/secure.gravatar.com\\\/avatar\\\/bab33852abfd8b282518d6ed81826833d77c3c882d9ab608add591ccace47a44?s=96&d=mm&r=g\",\"caption\":\"Kuzeyin Sesi\"},\"sameAs\":[\"https:\\\/\\\/kuzeyinsesi.org\"],\"url\":\"https:\\\/\\\/kuzeyinsesi.org\\\/index.php\\\/author\\\/guven\\\/\"}]}<\/script>\n<!-- \/ Yoast SEO plugin. -->","yoast_head_json":{"title":"Merit Otellerinin geleneksel 23 \u015fenlik ve e\u011flenceleri Merit Park Hotel\u2019de yap\u0131ld\u0131 - Kuzeyin Sesi","robots":{"index":"index","follow":"follow","max-snippet":"max-snippet:-1","max-image-preview":"max-image-preview:large","max-video-preview":"max-video-preview:-1"},"canonical":"https:\/\/kuzeyinsesi.org\/index.php\/2026\/05\/03\/merit-otellerinin-geleneksel-23-senlik-ve-eglenceleri-merit-park-hotelde-yapildi\/","og_locale":"tr_TR","og_type":"article","og_title":"Merit Otellerinin geleneksel 23 \u015fenlik ve e\u011flenceleri Merit Park Hotel\u2019de yap\u0131ld\u0131 - Kuzeyin Sesi","og_description":"Merit International Sosyal \u0130\u015fler Koordinat\u00f6rl\u00fc\u011f\u00fc taraf\u0131ndan Merit Park Hotel\u2019de d\u00fczenlenen Merit Otelleri \u0130lkokullar 23 Nisan Oyunlar\u0131 ve E\u011flencesi, bu y\u0131l \u00fc\u00e7\u00fcnc\u00fc kez ger\u00e7ekle\u015ftirilerek \u00e7ocuklara unutulmaz anlar ya\u015fatt\u0131. 23 Nisan Ulusal Egemenlik ve \u00c7ocuk Bayram\u0131\u2019n\u0131n 106. y\u0131l\u0131, Merit Park Hotel\u2019in ev sahipli\u011finde b\u00fcy\u00fck bir co\u015fku ve yo\u011fun kat\u0131l\u0131mla kutland\u0131. 27 ve 30 Nisan tarihlerinde ger\u00e7ekle\u015ftirilen etkinliklerde, [&hellip;]","og_url":"https:\/\/kuzeyinsesi.org\/index.php\/2026\/05\/03\/merit-otellerinin-geleneksel-23-senlik-ve-eglenceleri-merit-park-hotelde-yapildi\/","og_site_name":"Kuzeyin Sesi","article_publisher":"https:\/\/www.facebook.com\/kuzeyinsesii","article_published_time":"2026-05-03T11:05:54+00:00","author":"Kuzeyin Sesi","twitter_card":"summary_large_image","twitter_creator":"@kuzeyinsesii","twitter_site":"@kuzeyinsesii","twitter_misc":{"Yazan:":"Kuzeyin Sesi","Tahmini okuma s\u00fcresi":"2 dakika"},"schema":{"@context":"https:\/\/schema.org","@graph":[{"@type":"Article","@id":"https:\/\/kuzeyinsesi.org\/index.php\/2026\/05\/03\/merit-otellerinin-geleneksel-23-senlik-ve-eglenceleri-merit-park-hotelde-yapildi\/#article","isPartOf":{"@id":"https:\/\/kuzeyinsesi.org\/index.php\/2026\/05\/03\/merit-otellerinin-geleneksel-23-senlik-ve-eglenceleri-merit-park-hotelde-yapildi\/"},"author":{"name":"Kuzeyin Sesi","@id":"https:\/\/kuzeyinsesi.org\/#\/schema\/person\/9f859689cdf01485597712386e37f5aa"},"headline":"Merit Otellerinin geleneksel 23 \u015fenlik ve e\u011flenceleri Merit Park Hotel\u2019de yap\u0131ld\u0131","datePublished":"2026-05-03T11:05:54+00:00","mainEntityOfPage":{"@id":"https:\/\/kuzeyinsesi.org\/index.php\/2026\/05\/03\/merit-otellerinin-geleneksel-23-senlik-ve-eglenceleri-merit-park-hotelde-yapildi\/"},"wordCount":407,"commentCount":0,"image":{"@id":"https:\/\/kuzeyinsesi.org\/index.php\/2026\/05\/03\/merit-otellerinin-geleneksel-23-senlik-ve-eglenceleri-merit-park-hotelde-yapildi\/#primaryimage"},"thumbnailUrl":"https:\/\/kuzeyinsesi.org\/wp-content\/uploads\/2026\/05\/WhatsApp-Image-2026-05-03-at-13.52.37.jpeg","articleSection":["K\u0131br\u0131s"],"inLanguage":"tr","potentialAction":[{"@type":"CommentAction","name":"Comment","target":["https:\/\/kuzeyinsesi.org\/index.php\/2026\/05\/03\/merit-otellerinin-geleneksel-23-senlik-ve-eglenceleri-merit-park-hotelde-yapildi\/#respond"]}]},{"@type":"WebPage","@id":"https:\/\/kuzeyinsesi.org\/index.php\/2026\/05\/03\/merit-otellerinin-geleneksel-23-senlik-ve-eglenceleri-merit-park-hotelde-yapildi\/","url":"https:\/\/kuzeyinsesi.org\/index.php\/2026\/05\/03\/merit-otellerinin-geleneksel-23-senlik-ve-eglenceleri-merit-park-hotelde-yapildi\/","name":"Merit Otellerinin geleneksel 23 \u015fenlik ve e\u011flenceleri Merit Park Hotel\u2019de yap\u0131ld\u0131 - Kuzeyin Sesi","isPartOf":{"@id":"https:\/\/kuzeyinsesi.org\/#website"},"primaryImageOfPage":{"@id":"https:\/\/kuzeyinsesi.org\/index.php\/2026\/05\/03\/merit-otellerinin-geleneksel-23-senlik-ve-eglenceleri-merit-park-hotelde-yapildi\/#primaryimage"},"image":{"@id":"https:\/\/kuzeyinsesi.org\/index.php\/2026\/05\/03\/merit-otellerinin-geleneksel-23-senlik-ve-eglenceleri-merit-park-hotelde-yapildi\/#primaryimage"},"thumbnailUrl":"https:\/\/kuzeyinsesi.org\/wp-content\/uploads\/2026\/05\/WhatsApp-Image-2026-05-03-at-13.52.37.jpeg","datePublished":"2026-05-03T11:05:54+00:00","author":{"@id":"https:\/\/kuzeyinsesi.org\/#\/schema\/person\/9f859689cdf01485597712386e37f5aa"},"breadcrumb":{"@id":"https:\/\/kuzeyinsesi.org\/index.php\/2026\/05\/03\/merit-otellerinin-geleneksel-23-senlik-ve-eglenceleri-merit-park-hotelde-yapildi\/#breadcrumb"},"inLanguage":"tr","potentialAction":[{"@type":"ReadAction","target":["https:\/\/kuzeyinsesi.org\/index.php\/2026\/05\/03\/merit-otellerinin-geleneksel-23-senlik-ve-eglenceleri-merit-park-hotelde-yapildi\/"]}]},{"@type":"ImageObject","inLanguage":"tr","@id":"https:\/\/kuzeyinsesi.org\/index.php\/2026\/05\/03\/merit-otellerinin-geleneksel-23-senlik-ve-eglenceleri-merit-park-hotelde-yapildi\/#primaryimage","url":"https:\/\/kuzeyinsesi.org\/wp-content\/uploads\/2026\/05\/WhatsApp-Image-2026-05-03-at-13.52.37.jpeg","contentUrl":"https:\/\/kuzeyinsesi.org\/wp-content\/uploads\/2026\/05\/WhatsApp-Image-2026-05-03-at-13.52.37.jpeg","width":1600,"height":1066},{"@type":"BreadcrumbList","@id":"https:\/\/kuzeyinsesi.org\/index.php\/2026\/05\/03\/merit-otellerinin-geleneksel-23-senlik-ve-eglenceleri-merit-park-hotelde-yapildi\/#breadcrumb","itemListElement":[{"@type":"ListItem","position":1,"name":"Anasayfa","item":"https:\/\/kuzeyinsesi.org\/"},{"@type":"ListItem","position":2,"name":"Merit Otellerinin geleneksel 23 \u015fenlik ve e\u011flenceleri Merit Park Hotel\u2019de yap\u0131ld\u0131"}]},{"@type":"WebSite","@id":"https:\/\/kuzeyinsesi.org\/#website","url":"https:\/\/kuzeyinsesi.org\/","name":"Kuzeyin Sesi","description":"Do\u011fru Haberin Adresi","potentialAction":[{"@type":"SearchAction","target":{"@type":"EntryPoint","urlTemplate":"https:\/\/kuzeyinsesi.org\/?s={search_term_string}"},"query-input":{"@type":"PropertyValueSpecification","valueRequired":true,"valueName":"search_term_string"}}],"inLanguage":"tr"},{"@type":"Person","@id":"https:\/\/kuzeyinsesi.org\/#\/schema\/person\/9f859689cdf01485597712386e37f5aa","name":"Kuzeyin Sesi","image":{"@type":"ImageObject","inLanguage":"tr","@id":"https:\/\/secure.gravatar.com\/avatar\/bab33852abfd8b282518d6ed81826833d77c3c882d9ab608add591ccace47a44?s=96&d=mm&r=g","url":"https:\/\/secure.gravatar.com\/avatar\/bab33852abfd8b282518d6ed81826833d77c3c882d9ab608add591ccace47a44?s=96&d=mm&r=g","contentUrl":"https:\/\/secure.gravatar.com\/avatar\/bab33852abfd8b282518d6ed81826833d77c3c882d9ab608add591ccace47a44?s=96&d=mm&r=g","caption":"Kuzeyin Sesi"},"sameAs":["https:\/\/kuzeyinsesi.org"],"url":"https:\/\/kuzeyinsesi.org\/index.php\/author\/guven\/"}]}},"_links":{"self":[{"href":"https:\/\/kuzeyinsesi.org\/index.php\/wp-json\/wp\/v2\/posts\/37924","targetHints":{"allow":["GET"]}}],"collection":[{"href":"https:\/\/kuzeyinsesi.org\/index.php\/wp-json\/wp\/v2\/posts"}],"about":[{"href":"https:\/\/kuzeyinsesi.org\/index.php\/wp-json\/wp\/v2\/types\/post"}],"author":[{"embeddable":true,"href":"https:\/\/kuzeyinsesi.org\/index.php\/wp-json\/wp\/v2\/users\/1"}],"replies":[{"embeddable":true,"href":"https:\/\/kuzeyinsesi.org\/index.php\/wp-json\/wp\/v2\/comments?post=37924"}],"version-history":[{"count":0,"href":"https:\/\/kuzeyinsesi.org\/index.php\/wp-json\/wp\/v2\/posts\/37924\/revisions"}],"wp:featuredmedia":[{"embeddable":true,"href":"https:\/\/kuzeyinsesi.org\/index.php\/wp-json\/wp\/v2\/media\/37925"}],"wp:attachment":[{"href":"https:\/\/kuzeyinsesi.org\/index.php\/wp-json\/wp\/v2\/media?parent=37924"}],"wp:term":[{"taxonomy":"category","embeddable":true,"href":"https:\/\/kuzeyinsesi.org\/index.php\/wp-json\/wp\/v2\/categories?post=37924"},{"taxonomy":"post_tag","embeddable":true,"href":"https:\/\/kuzeyinsesi.org\/index.php\/wp-json\/wp\/v2\/tags?post=37924"}],"curies":[{"name":"wp","href":"https:\/\/api.w.org\/{rel}","templated":true}]}}