{"id":37923,"date":"2026-05-03T13:59:36","date_gmt":"2026-05-03T10:59:36","guid":{"rendered":"https:\/\/kuzeyinsesi.org\/index.php\/2026\/05\/03\/gazimagusada-3-yasindaki-cocuk-hayatini-kaybetti\/"},"modified":"2026-05-03T13:59:36","modified_gmt":"2026-05-03T10:59:36","slug":"gazimagusada-3-yasindaki-cocuk-hayatini-kaybetti","status":"publish","type":"post","link":"https:\/\/kuzeyinsesi.org\/index.php\/2026\/05\/03\/gazimagusada-3-yasindaki-cocuk-hayatini-kaybetti\/","title":{"rendered":"Gazima\u011fusa\u2019da 3 ya\u015f\u0131ndaki \u00e7ocuk hayat\u0131n\u0131 kaybetti"},"content":{"rendered":"<p data-start=\"55\" data-end=\"156\">Gazima\u011fusa\u2019da 3 ya\u015f\u0131ndaki Ayaz K\u0131lba\u015f, ikametg\u00e2h\u0131 i\u00e7erisinde aniden rahats\u0131zlanarak ya\u015fam\u0131n\u0131 yitirdi.<\/p>\n<p data-start=\"158\" data-end=\"255\">Polis Bas\u0131n Subayl\u0131\u011f\u0131\u2019ndan verilen bilgiye g\u00f6re, olay bug\u00fcn saat 07.45 s\u0131ralar\u0131nda meydana geldi.<\/p>\n<p data-start=\"257\" data-end=\"397\">Gazima\u011fusa\u2019da sakin Ayaz K\u0131lba\u015f\u2019\u0131n cans\u0131z bedeni \u00fczerinde g\u00f6revli doktor taraf\u0131ndan yap\u0131lan d\u0131\u015f muayenede darp veya cebir izine rastlanmad\u0131.<\/p>\n<p data-start=\"399\" data-end=\"442\">Polisin olayla ilgili soru\u015fturmas\u0131 s\u00fcr\u00fcyor.<\/p>\n","protected":false},"excerpt":{"rendered":"<p>Gazima\u011fusa\u2019da 3 ya\u015f\u0131ndaki Ayaz K\u0131lba\u015f, ikametg\u00e2h\u0131 i\u00e7erisinde aniden rahats\u0131zlanarak ya\u015fam\u0131n\u0131 yitirdi. Polis Bas\u0131n Subayl\u0131\u011f\u0131\u2019ndan verilen bilgiye g\u00f6re, olay bug\u00fcn saat 07.45 s\u0131ralar\u0131nda meydana geldi. Gazima\u011fusa\u2019da sakin Ayaz K\u0131lba\u015f\u2019\u0131n cans\u0131z bedeni \u00fczerinde g\u00f6revli doktor taraf\u0131ndan yap\u0131lan d\u0131\u015f muayenede darp veya cebir izine rastlanmad\u0131. Polisin olayla ilgili soru\u015fturmas\u0131 s\u00fcr\u00fcyor.<\/p>\n","protected":false},"author":1,"featured_media":36935,"comment_status":"open","ping_status":"open","sticky":false,"template":"","format":"standard","meta":{"jnews-multi-image_gallery":[],"jnews_single_post":[],"jnews_primary_category":[],"jnews_social_meta":[],"jnews_override_counter":[],"footnotes":""},"categories":[1],"tags":[],"class_list":["post-37923","post","type-post","status-publish","format-standard","has-post-thumbnail","hentry","category-kibris"],"yoast_head":"<!-- This site is optimized with the Yoast SEO plugin v27.5 - https:\/\/yoast.com\/product\/yoast-seo-wordpress\/ -->\n<title>Gazima\u011fusa\u2019da 3 ya\u015f\u0131ndaki \u00e7ocuk hayat\u0131n\u0131 kaybetti - Kuzeyin Sesi<\/title>\n<meta name=\"robots\" content=\"index, follow, max-snippet:-1, max-image-preview:large, max-video-preview:-1\" \/>\n<link rel=\"canonical\" href=\"https:\/\/kuzeyinsesi.org\/index.php\/2026\/05\/03\/gazimagusada-3-yasindaki-cocuk-hayatini-kaybetti\/\" \/>\n<meta property=\"og:locale\" content=\"tr_TR\" \/>\n<meta property=\"og:type\" content=\"article\" \/>\n<meta property=\"og:title\" content=\"Gazima\u011fusa\u2019da 3 ya\u015f\u0131ndaki \u00e7ocuk hayat\u0131n\u0131 kaybetti - Kuzeyin Sesi\" \/>\n<meta property=\"og:description\" content=\"Gazima\u011fusa\u2019da 3 ya\u015f\u0131ndaki Ayaz K\u0131lba\u015f, ikametg\u00e2h\u0131 i\u00e7erisinde aniden rahats\u0131zlanarak ya\u015fam\u0131n\u0131 yitirdi. Polis Bas\u0131n Subayl\u0131\u011f\u0131\u2019ndan verilen bilgiye g\u00f6re, olay bug\u00fcn saat 07.45 s\u0131ralar\u0131nda meydana geldi. Gazima\u011fusa\u2019da sakin Ayaz K\u0131lba\u015f\u2019\u0131n cans\u0131z bedeni \u00fczerinde g\u00f6revli doktor taraf\u0131ndan yap\u0131lan d\u0131\u015f muayenede darp veya cebir izine rastlanmad\u0131. Polisin olayla ilgili soru\u015fturmas\u0131 s\u00fcr\u00fcyor.\" \/>\n<meta property=\"og:url\" content=\"https:\/\/kuzeyinsesi.org\/index.php\/2026\/05\/03\/gazimagusada-3-yasindaki-cocuk-hayatini-kaybetti\/\" \/>\n<meta property=\"og:site_name\" content=\"Kuzeyin Sesi\" \/>\n<meta property=\"article:publisher\" content=\"https:\/\/www.facebook.com\/kuzeyinsesii\" \/>\n<meta property=\"article:published_time\" content=\"2026-05-03T10:59:36+00:00\" \/>\n<meta name=\"author\" content=\"Kuzeyin Sesi\" \/>\n<meta name=\"twitter:card\" content=\"summary_large_image\" \/>\n<meta name=\"twitter:creator\" content=\"@kuzeyinsesii\" \/>\n<meta name=\"twitter:site\" content=\"@kuzeyinsesii\" \/>\n<meta name=\"twitter:label1\" content=\"Yazan:\" \/>\n\t<meta name=\"twitter:data1\" content=\"Kuzeyin Sesi\" \/>\n<script type=\"application\/ld+json\" class=\"yoast-schema-graph\">{\"@context\":\"https:\\\/\\\/schema.org\",\"@graph\":[{\"@type\":\"Article\",\"@id\":\"https:\\\/\\\/kuzeyinsesi.org\\\/index.php\\\/2026\\\/05\\\/03\\\/gazimagusada-3-yasindaki-cocuk-hayatini-kaybetti\\\/#article\",\"isPartOf\":{\"@id\":\"https:\\\/\\\/kuzeyinsesi.org\\\/index.php\\\/2026\\\/05\\\/03\\\/gazimagusada-3-yasindaki-cocuk-hayatini-kaybetti\\\/\"},\"author\":{\"name\":\"Kuzeyin Sesi\",\"@id\":\"https:\\\/\\\/kuzeyinsesi.org\\\/#\\\/schema\\\/person\\\/9f859689cdf01485597712386e37f5aa\"},\"headline\":\"Gazima\u011fusa\u2019da 3 ya\u015f\u0131ndaki \u00e7ocuk hayat\u0131n\u0131 kaybetti\",\"datePublished\":\"2026-05-03T10:59:36+00:00\",\"mainEntityOfPage\":{\"@id\":\"https:\\\/\\\/kuzeyinsesi.org\\\/index.php\\\/2026\\\/05\\\/03\\\/gazimagusada-3-yasindaki-cocuk-hayatini-kaybetti\\\/\"},\"wordCount\":80,\"commentCount\":0,\"image\":{\"@id\":\"https:\\\/\\\/kuzeyinsesi.org\\\/index.php\\\/2026\\\/05\\\/03\\\/gazimagusada-3-yasindaki-cocuk-hayatini-kaybetti\\\/#primaryimage\"},\"thumbnailUrl\":\"https:\\\/\\\/kuzeyinsesi.org\\\/wp-content\\\/uploads\\\/2026\\\/04\\\/ambulans.jpeg\",\"articleSection\":[\"K\u0131br\u0131s\"],\"inLanguage\":\"tr\",\"potentialAction\":[{\"@type\":\"CommentAction\",\"name\":\"Comment\",\"target\":[\"https:\\\/\\\/kuzeyinsesi.org\\\/index.php\\\/2026\\\/05\\\/03\\\/gazimagusada-3-yasindaki-cocuk-hayatini-kaybetti\\\/#respond\"]}]},{\"@type\":\"WebPage\",\"@id\":\"https:\\\/\\\/kuzeyinsesi.org\\\/index.php\\\/2026\\\/05\\\/03\\\/gazimagusada-3-yasindaki-cocuk-hayatini-kaybetti\\\/\",\"url\":\"https:\\\/\\\/kuzeyinsesi.org\\\/index.php\\\/2026\\\/05\\\/03\\\/gazimagusada-3-yasindaki-cocuk-hayatini-kaybetti\\\/\",\"name\":\"Gazima\u011fusa\u2019da 3 ya\u015f\u0131ndaki \u00e7ocuk hayat\u0131n\u0131 kaybetti - Kuzeyin Sesi\",\"isPartOf\":{\"@id\":\"https:\\\/\\\/kuzeyinsesi.org\\\/#website\"},\"primaryImageOfPage\":{\"@id\":\"https:\\\/\\\/kuzeyinsesi.org\\\/index.php\\\/2026\\\/05\\\/03\\\/gazimagusada-3-yasindaki-cocuk-hayatini-kaybetti\\\/#primaryimage\"},\"image\":{\"@id\":\"https:\\\/\\\/kuzeyinsesi.org\\\/index.php\\\/2026\\\/05\\\/03\\\/gazimagusada-3-yasindaki-cocuk-hayatini-kaybetti\\\/#primaryimage\"},\"thumbnailUrl\":\"https:\\\/\\\/kuzeyinsesi.org\\\/wp-content\\\/uploads\\\/2026\\\/04\\\/ambulans.jpeg\",\"datePublished\":\"2026-05-03T10:59:36+00:00\",\"author\":{\"@id\":\"https:\\\/\\\/kuzeyinsesi.org\\\/#\\\/schema\\\/person\\\/9f859689cdf01485597712386e37f5aa\"},\"breadcrumb\":{\"@id\":\"https:\\\/\\\/kuzeyinsesi.org\\\/index.php\\\/2026\\\/05\\\/03\\\/gazimagusada-3-yasindaki-cocuk-hayatini-kaybetti\\\/#breadcrumb\"},\"inLanguage\":\"tr\",\"potentialAction\":[{\"@type\":\"ReadAction\",\"target\":[\"https:\\\/\\\/kuzeyinsesi.org\\\/index.php\\\/2026\\\/05\\\/03\\\/gazimagusada-3-yasindaki-cocuk-hayatini-kaybetti\\\/\"]}]},{\"@type\":\"ImageObject\",\"inLanguage\":\"tr\",\"@id\":\"https:\\\/\\\/kuzeyinsesi.org\\\/index.php\\\/2026\\\/05\\\/03\\\/gazimagusada-3-yasindaki-cocuk-hayatini-kaybetti\\\/#primaryimage\",\"url\":\"https:\\\/\\\/kuzeyinsesi.org\\\/wp-content\\\/uploads\\\/2026\\\/04\\\/ambulans.jpeg\",\"contentUrl\":\"https:\\\/\\\/kuzeyinsesi.org\\\/wp-content\\\/uploads\\\/2026\\\/04\\\/ambulans.jpeg\",\"width\":606,\"height\":340},{\"@type\":\"BreadcrumbList\",\"@id\":\"https:\\\/\\\/kuzeyinsesi.org\\\/index.php\\\/2026\\\/05\\\/03\\\/gazimagusada-3-yasindaki-cocuk-hayatini-kaybetti\\\/#breadcrumb\",\"itemListElement\":[{\"@type\":\"ListItem\",\"position\":1,\"name\":\"Anasayfa\",\"item\":\"https:\\\/\\\/kuzeyinsesi.org\\\/\"},{\"@type\":\"ListItem\",\"position\":2,\"name\":\"Gazima\u011fusa\u2019da 3 ya\u015f\u0131ndaki \u00e7ocuk hayat\u0131n\u0131 kaybetti\"}]},{\"@type\":\"WebSite\",\"@id\":\"https:\\\/\\\/kuzeyinsesi.org\\\/#website\",\"url\":\"https:\\\/\\\/kuzeyinsesi.org\\\/\",\"name\":\"Kuzeyin Sesi\",\"description\":\"Do\u011fru Haberin Adresi\",\"potentialAction\":[{\"@type\":\"SearchAction\",\"target\":{\"@type\":\"EntryPoint\",\"urlTemplate\":\"https:\\\/\\\/kuzeyinsesi.org\\\/?s={search_term_string}\"},\"query-input\":{\"@type\":\"PropertyValueSpecification\",\"valueRequired\":true,\"valueName\":\"search_term_string\"}}],\"inLanguage\":\"tr\"},{\"@type\":\"Person\",\"@id\":\"https:\\\/\\\/kuzeyinsesi.org\\\/#\\\/schema\\\/person\\\/9f859689cdf01485597712386e37f5aa\",\"name\":\"Kuzeyin Sesi\",\"image\":{\"@type\":\"ImageObject\",\"inLanguage\":\"tr\",\"@id\":\"https:\\\/\\\/secure.gravatar.com\\\/avatar\\\/bab33852abfd8b282518d6ed81826833d77c3c882d9ab608add591ccace47a44?s=96&d=mm&r=g\",\"url\":\"https:\\\/\\\/secure.gravatar.com\\\/avatar\\\/bab33852abfd8b282518d6ed81826833d77c3c882d9ab608add591ccace47a44?s=96&d=mm&r=g\",\"contentUrl\":\"https:\\\/\\\/secure.gravatar.com\\\/avatar\\\/bab33852abfd8b282518d6ed81826833d77c3c882d9ab608add591ccace47a44?s=96&d=mm&r=g\",\"caption\":\"Kuzeyin Sesi\"},\"sameAs\":[\"https:\\\/\\\/kuzeyinsesi.org\"],\"url\":\"https:\\\/\\\/kuzeyinsesi.org\\\/index.php\\\/author\\\/guven\\\/\"}]}<\/script>\n<!-- \/ Yoast SEO plugin. -->","yoast_head_json":{"title":"Gazima\u011fusa\u2019da 3 ya\u015f\u0131ndaki \u00e7ocuk hayat\u0131n\u0131 kaybetti - Kuzeyin Sesi","robots":{"index":"index","follow":"follow","max-snippet":"max-snippet:-1","max-image-preview":"max-image-preview:large","max-video-preview":"max-video-preview:-1"},"canonical":"https:\/\/kuzeyinsesi.org\/index.php\/2026\/05\/03\/gazimagusada-3-yasindaki-cocuk-hayatini-kaybetti\/","og_locale":"tr_TR","og_type":"article","og_title":"Gazima\u011fusa\u2019da 3 ya\u015f\u0131ndaki \u00e7ocuk hayat\u0131n\u0131 kaybetti - Kuzeyin Sesi","og_description":"Gazima\u011fusa\u2019da 3 ya\u015f\u0131ndaki Ayaz K\u0131lba\u015f, ikametg\u00e2h\u0131 i\u00e7erisinde aniden rahats\u0131zlanarak ya\u015fam\u0131n\u0131 yitirdi. Polis Bas\u0131n Subayl\u0131\u011f\u0131\u2019ndan verilen bilgiye g\u00f6re, olay bug\u00fcn saat 07.45 s\u0131ralar\u0131nda meydana geldi. Gazima\u011fusa\u2019da sakin Ayaz K\u0131lba\u015f\u2019\u0131n cans\u0131z bedeni \u00fczerinde g\u00f6revli doktor taraf\u0131ndan yap\u0131lan d\u0131\u015f muayenede darp veya cebir izine rastlanmad\u0131. Polisin olayla ilgili soru\u015fturmas\u0131 s\u00fcr\u00fcyor.","og_url":"https:\/\/kuzeyinsesi.org\/index.php\/2026\/05\/03\/gazimagusada-3-yasindaki-cocuk-hayatini-kaybetti\/","og_site_name":"Kuzeyin Sesi","article_publisher":"https:\/\/www.facebook.com\/kuzeyinsesii","article_published_time":"2026-05-03T10:59:36+00:00","author":"Kuzeyin Sesi","twitter_card":"summary_large_image","twitter_creator":"@kuzeyinsesii","twitter_site":"@kuzeyinsesii","twitter_misc":{"Yazan:":"Kuzeyin Sesi"},"schema":{"@context":"https:\/\/schema.org","@graph":[{"@type":"Article","@id":"https:\/\/kuzeyinsesi.org\/index.php\/2026\/05\/03\/gazimagusada-3-yasindaki-cocuk-hayatini-kaybetti\/#article","isPartOf":{"@id":"https:\/\/kuzeyinsesi.org\/index.php\/2026\/05\/03\/gazimagusada-3-yasindaki-cocuk-hayatini-kaybetti\/"},"author":{"name":"Kuzeyin Sesi","@id":"https:\/\/kuzeyinsesi.org\/#\/schema\/person\/9f859689cdf01485597712386e37f5aa"},"headline":"Gazima\u011fusa\u2019da 3 ya\u015f\u0131ndaki \u00e7ocuk hayat\u0131n\u0131 kaybetti","datePublished":"2026-05-03T10:59:36+00:00","mainEntityOfPage":{"@id":"https:\/\/kuzeyinsesi.org\/index.php\/2026\/05\/03\/gazimagusada-3-yasindaki-cocuk-hayatini-kaybetti\/"},"wordCount":80,"commentCount":0,"image":{"@id":"https:\/\/kuzeyinsesi.org\/index.php\/2026\/05\/03\/gazimagusada-3-yasindaki-cocuk-hayatini-kaybetti\/#primaryimage"},"thumbnailUrl":"https:\/\/kuzeyinsesi.org\/wp-content\/uploads\/2026\/04\/ambulans.jpeg","articleSection":["K\u0131br\u0131s"],"inLanguage":"tr","potentialAction":[{"@type":"CommentAction","name":"Comment","target":["https:\/\/kuzeyinsesi.org\/index.php\/2026\/05\/03\/gazimagusada-3-yasindaki-cocuk-hayatini-kaybetti\/#respond"]}]},{"@type":"WebPage","@id":"https:\/\/kuzeyinsesi.org\/index.php\/2026\/05\/03\/gazimagusada-3-yasindaki-cocuk-hayatini-kaybetti\/","url":"https:\/\/kuzeyinsesi.org\/index.php\/2026\/05\/03\/gazimagusada-3-yasindaki-cocuk-hayatini-kaybetti\/","name":"Gazima\u011fusa\u2019da 3 ya\u015f\u0131ndaki \u00e7ocuk hayat\u0131n\u0131 kaybetti - Kuzeyin Sesi","isPartOf":{"@id":"https:\/\/kuzeyinsesi.org\/#website"},"primaryImageOfPage":{"@id":"https:\/\/kuzeyinsesi.org\/index.php\/2026\/05\/03\/gazimagusada-3-yasindaki-cocuk-hayatini-kaybetti\/#primaryimage"},"image":{"@id":"https:\/\/kuzeyinsesi.org\/index.php\/2026\/05\/03\/gazimagusada-3-yasindaki-cocuk-hayatini-kaybetti\/#primaryimage"},"thumbnailUrl":"https:\/\/kuzeyinsesi.org\/wp-content\/uploads\/2026\/04\/ambulans.jpeg","datePublished":"2026-05-03T10:59:36+00:00","author":{"@id":"https:\/\/kuzeyinsesi.org\/#\/schema\/person\/9f859689cdf01485597712386e37f5aa"},"breadcrumb":{"@id":"https:\/\/kuzeyinsesi.org\/index.php\/2026\/05\/03\/gazimagusada-3-yasindaki-cocuk-hayatini-kaybetti\/#breadcrumb"},"inLanguage":"tr","potentialAction":[{"@type":"ReadAction","target":["https:\/\/kuzeyinsesi.org\/index.php\/2026\/05\/03\/gazimagusada-3-yasindaki-cocuk-hayatini-kaybetti\/"]}]},{"@type":"ImageObject","inLanguage":"tr","@id":"https:\/\/kuzeyinsesi.org\/index.php\/2026\/05\/03\/gazimagusada-3-yasindaki-cocuk-hayatini-kaybetti\/#primaryimage","url":"https:\/\/kuzeyinsesi.org\/wp-content\/uploads\/2026\/04\/ambulans.jpeg","contentUrl":"https:\/\/kuzeyinsesi.org\/wp-content\/uploads\/2026\/04\/ambulans.jpeg","width":606,"height":340},{"@type":"BreadcrumbList","@id":"https:\/\/kuzeyinsesi.org\/index.php\/2026\/05\/03\/gazimagusada-3-yasindaki-cocuk-hayatini-kaybetti\/#breadcrumb","itemListElement":[{"@type":"ListItem","position":1,"name":"Anasayfa","item":"https:\/\/kuzeyinsesi.org\/"},{"@type":"ListItem","position":2,"name":"Gazima\u011fusa\u2019da 3 ya\u015f\u0131ndaki \u00e7ocuk hayat\u0131n\u0131 kaybetti"}]},{"@type":"WebSite","@id":"https:\/\/kuzeyinsesi.org\/#website","url":"https:\/\/kuzeyinsesi.org\/","name":"Kuzeyin Sesi","description":"Do\u011fru Haberin Adresi","potentialAction":[{"@type":"SearchAction","target":{"@type":"EntryPoint","urlTemplate":"https:\/\/kuzeyinsesi.org\/?s={search_term_string}"},"query-input":{"@type":"PropertyValueSpecification","valueRequired":true,"valueName":"search_term_string"}}],"inLanguage":"tr"},{"@type":"Person","@id":"https:\/\/kuzeyinsesi.org\/#\/schema\/person\/9f859689cdf01485597712386e37f5aa","name":"Kuzeyin Sesi","image":{"@type":"ImageObject","inLanguage":"tr","@id":"https:\/\/secure.gravatar.com\/avatar\/bab33852abfd8b282518d6ed81826833d77c3c882d9ab608add591ccace47a44?s=96&d=mm&r=g","url":"https:\/\/secure.gravatar.com\/avatar\/bab33852abfd8b282518d6ed81826833d77c3c882d9ab608add591ccace47a44?s=96&d=mm&r=g","contentUrl":"https:\/\/secure.gravatar.com\/avatar\/bab33852abfd8b282518d6ed81826833d77c3c882d9ab608add591ccace47a44?s=96&d=mm&r=g","caption":"Kuzeyin Sesi"},"sameAs":["https:\/\/kuzeyinsesi.org"],"url":"https:\/\/kuzeyinsesi.org\/index.php\/author\/guven\/"}]}},"_links":{"self":[{"href":"https:\/\/kuzeyinsesi.org\/index.php\/wp-json\/wp\/v2\/posts\/37923","targetHints":{"allow":["GET"]}}],"collection":[{"href":"https:\/\/kuzeyinsesi.org\/index.php\/wp-json\/wp\/v2\/posts"}],"about":[{"href":"https:\/\/kuzeyinsesi.org\/index.php\/wp-json\/wp\/v2\/types\/post"}],"author":[{"embeddable":true,"href":"https:\/\/kuzeyinsesi.org\/index.php\/wp-json\/wp\/v2\/users\/1"}],"replies":[{"embeddable":true,"href":"https:\/\/kuzeyinsesi.org\/index.php\/wp-json\/wp\/v2\/comments?post=37923"}],"version-history":[{"count":0,"href":"https:\/\/kuzeyinsesi.org\/index.php\/wp-json\/wp\/v2\/posts\/37923\/revisions"}],"wp:featuredmedia":[{"embeddable":true,"href":"https:\/\/kuzeyinsesi.org\/index.php\/wp-json\/wp\/v2\/media\/36935"}],"wp:attachment":[{"href":"https:\/\/kuzeyinsesi.org\/index.php\/wp-json\/wp\/v2\/media?parent=37923"}],"wp:term":[{"taxonomy":"category","embeddable":true,"href":"https:\/\/kuzeyinsesi.org\/index.php\/wp-json\/wp\/v2\/categories?post=37923"},{"taxonomy":"post_tag","embeddable":true,"href":"https:\/\/kuzeyinsesi.org\/index.php\/wp-json\/wp\/v2\/tags?post=37923"}],"curies":[{"name":"wp","href":"https:\/\/api.w.org\/{rel}","templated":true}]}}