{"id":37913,"date":"2026-05-03T13:17:29","date_gmt":"2026-05-03T10:17:29","guid":{"rendered":"https:\/\/kuzeyinsesi.org\/index.php\/2026\/05\/03\/erhurman-tobb-baskani-hisarciklioglunu-kabul-etti\/"},"modified":"2026-05-03T13:17:29","modified_gmt":"2026-05-03T10:17:29","slug":"erhurman-tobb-baskani-hisarciklioglunu-kabul-etti","status":"publish","type":"post","link":"https:\/\/kuzeyinsesi.org\/index.php\/2026\/05\/03\/erhurman-tobb-baskani-hisarciklioglunu-kabul-etti\/","title":{"rendered":"Erh\u00fcrman, TOBB Ba\u015fkan\u0131 Hisarc\u0131kl\u0131o\u011flu\u2019nu kabul etti"},"content":{"rendered":"<p>Cumhurba\u015fkan\u0131 Tufan Erh\u00fcrman, T\u00fcrkiye Odalar ve Borsalar Birli\u011fi Ba\u015fkan\u0131 Rifat Hisarc\u0131kl\u0131o\u011flu ve beraberindeki heyeti kabul etti<\/p>\n<p>Cumhurba\u015fkan\u0131 Tufan Erh\u00fcrman, T\u00fcrkiye Odalar ve Borsalar Birli\u011fi Ba\u015fkan\u0131 Rifat Hisarc\u0131kl\u0131o\u011flu ve beraberindeki heyeti kabul ederek g\u00f6r\u00fc\u015ft\u00fc.<\/p>\n<p>Kabulden duydu\u011fu memnuniyeti ifade eden Cumhurba\u015fkan\u0131 Erh\u00fcrman, y\u00fcr\u00fct\u00fclen \u00e7al\u0131\u015fmalar hakk\u0131nda bilgi ald\u0131.<\/p>\n<p>Kabulde, T\u00dcRK \u2013 \u0130\u015e Ba\u015fkan\u0131 Erg\u00fcn Atalay, HAK &#8211; \u0130\u015e Ba\u015fkan\u0131 Mahmut Arslan ve K\u0131br\u0131s T\u00fcrk Ticaret Odas\u0131 Ba\u015fkan\u0131 Turgay Deniz de haz\u0131r bulundu.<\/p>\n<p>G\u00f6r\u00fc\u015fmenin sonunda kar\u015f\u0131l\u0131kl\u0131 hediye takdiminde bulunuldu.<\/p>\n","protected":false},"excerpt":{"rendered":"<p>Cumhurba\u015fkan\u0131 Tufan Erh\u00fcrman, T\u00fcrkiye Odalar ve Borsalar Birli\u011fi Ba\u015fkan\u0131 Rifat Hisarc\u0131kl\u0131o\u011flu ve beraberindeki heyeti kabul etti Cumhurba\u015fkan\u0131 Tufan Erh\u00fcrman, T\u00fcrkiye Odalar ve Borsalar Birli\u011fi Ba\u015fkan\u0131 Rifat Hisarc\u0131kl\u0131o\u011flu ve beraberindeki heyeti kabul ederek g\u00f6r\u00fc\u015ft\u00fc. Kabulden duydu\u011fu memnuniyeti ifade eden Cumhurba\u015fkan\u0131 Erh\u00fcrman, y\u00fcr\u00fct\u00fclen \u00e7al\u0131\u015fmalar hakk\u0131nda bilgi ald\u0131. Kabulde, T\u00dcRK \u2013 \u0130\u015e Ba\u015fkan\u0131 Erg\u00fcn Atalay, HAK &#8211; \u0130\u015e [&hellip;]<\/p>\n","protected":false},"author":1,"featured_media":37914,"comment_status":"open","ping_status":"open","sticky":false,"template":"","format":"standard","meta":{"jnews-multi-image_gallery":[],"jnews_single_post":[],"jnews_primary_category":[],"jnews_social_meta":[],"jnews_override_counter":[],"footnotes":""},"categories":[1],"tags":[],"class_list":["post-37913","post","type-post","status-publish","format-standard","has-post-thumbnail","hentry","category-kibris"],"yoast_head":"<!-- This site is optimized with the Yoast SEO plugin v27.5 - https:\/\/yoast.com\/product\/yoast-seo-wordpress\/ -->\n<title>Erh\u00fcrman, TOBB Ba\u015fkan\u0131 Hisarc\u0131kl\u0131o\u011flu\u2019nu kabul etti - Kuzeyin Sesi<\/title>\n<meta name=\"robots\" content=\"index, follow, max-snippet:-1, max-image-preview:large, max-video-preview:-1\" \/>\n<link rel=\"canonical\" href=\"https:\/\/kuzeyinsesi.org\/index.php\/2026\/05\/03\/erhurman-tobb-baskani-hisarciklioglunu-kabul-etti\/\" \/>\n<meta property=\"og:locale\" content=\"tr_TR\" \/>\n<meta property=\"og:type\" content=\"article\" \/>\n<meta property=\"og:title\" content=\"Erh\u00fcrman, TOBB Ba\u015fkan\u0131 Hisarc\u0131kl\u0131o\u011flu\u2019nu kabul etti - Kuzeyin Sesi\" \/>\n<meta property=\"og:description\" content=\"Cumhurba\u015fkan\u0131 Tufan Erh\u00fcrman, T\u00fcrkiye Odalar ve Borsalar Birli\u011fi Ba\u015fkan\u0131 Rifat Hisarc\u0131kl\u0131o\u011flu ve beraberindeki heyeti kabul etti Cumhurba\u015fkan\u0131 Tufan Erh\u00fcrman, T\u00fcrkiye Odalar ve Borsalar Birli\u011fi Ba\u015fkan\u0131 Rifat Hisarc\u0131kl\u0131o\u011flu ve beraberindeki heyeti kabul ederek g\u00f6r\u00fc\u015ft\u00fc. Kabulden duydu\u011fu memnuniyeti ifade eden Cumhurba\u015fkan\u0131 Erh\u00fcrman, y\u00fcr\u00fct\u00fclen \u00e7al\u0131\u015fmalar hakk\u0131nda bilgi ald\u0131. Kabulde, T\u00dcRK \u2013 \u0130\u015e Ba\u015fkan\u0131 Erg\u00fcn Atalay, HAK &#8211; \u0130\u015e [&hellip;]\" \/>\n<meta property=\"og:url\" content=\"https:\/\/kuzeyinsesi.org\/index.php\/2026\/05\/03\/erhurman-tobb-baskani-hisarciklioglunu-kabul-etti\/\" \/>\n<meta property=\"og:site_name\" content=\"Kuzeyin Sesi\" \/>\n<meta property=\"article:publisher\" content=\"https:\/\/www.facebook.com\/kuzeyinsesii\" \/>\n<meta property=\"article:published_time\" content=\"2026-05-03T10:17:29+00:00\" \/>\n<meta name=\"author\" content=\"Kuzeyin Sesi\" \/>\n<meta name=\"twitter:card\" content=\"summary_large_image\" \/>\n<meta name=\"twitter:creator\" content=\"@kuzeyinsesii\" \/>\n<meta name=\"twitter:site\" content=\"@kuzeyinsesii\" \/>\n<meta name=\"twitter:label1\" content=\"Yazan:\" \/>\n\t<meta name=\"twitter:data1\" content=\"Kuzeyin Sesi\" \/>\n\t<meta name=\"twitter:label2\" content=\"Tahmini okuma s\u00fcresi\" \/>\n\t<meta name=\"twitter:data2\" content=\"1 dakika\" \/>\n<script type=\"application\/ld+json\" class=\"yoast-schema-graph\">{\"@context\":\"https:\\\/\\\/schema.org\",\"@graph\":[{\"@type\":\"Article\",\"@id\":\"https:\\\/\\\/kuzeyinsesi.org\\\/index.php\\\/2026\\\/05\\\/03\\\/erhurman-tobb-baskani-hisarciklioglunu-kabul-etti\\\/#article\",\"isPartOf\":{\"@id\":\"https:\\\/\\\/kuzeyinsesi.org\\\/index.php\\\/2026\\\/05\\\/03\\\/erhurman-tobb-baskani-hisarciklioglunu-kabul-etti\\\/\"},\"author\":{\"name\":\"Kuzeyin Sesi\",\"@id\":\"https:\\\/\\\/kuzeyinsesi.org\\\/#\\\/schema\\\/person\\\/9f859689cdf01485597712386e37f5aa\"},\"headline\":\"Erh\u00fcrman, TOBB Ba\u015fkan\u0131 Hisarc\u0131kl\u0131o\u011flu\u2019nu kabul etti\",\"datePublished\":\"2026-05-03T10:17:29+00:00\",\"mainEntityOfPage\":{\"@id\":\"https:\\\/\\\/kuzeyinsesi.org\\\/index.php\\\/2026\\\/05\\\/03\\\/erhurman-tobb-baskani-hisarciklioglunu-kabul-etti\\\/\"},\"wordCount\":122,\"commentCount\":0,\"image\":{\"@id\":\"https:\\\/\\\/kuzeyinsesi.org\\\/index.php\\\/2026\\\/05\\\/03\\\/erhurman-tobb-baskani-hisarciklioglunu-kabul-etti\\\/#primaryimage\"},\"thumbnailUrl\":\"https:\\\/\\\/kuzeyinsesi.org\\\/wp-content\\\/uploads\\\/2026\\\/05\\\/WhatsApp-Image-2026-05-03-at-12.48.20.jpeg\",\"articleSection\":[\"K\u0131br\u0131s\"],\"inLanguage\":\"tr\",\"potentialAction\":[{\"@type\":\"CommentAction\",\"name\":\"Comment\",\"target\":[\"https:\\\/\\\/kuzeyinsesi.org\\\/index.php\\\/2026\\\/05\\\/03\\\/erhurman-tobb-baskani-hisarciklioglunu-kabul-etti\\\/#respond\"]}]},{\"@type\":\"WebPage\",\"@id\":\"https:\\\/\\\/kuzeyinsesi.org\\\/index.php\\\/2026\\\/05\\\/03\\\/erhurman-tobb-baskani-hisarciklioglunu-kabul-etti\\\/\",\"url\":\"https:\\\/\\\/kuzeyinsesi.org\\\/index.php\\\/2026\\\/05\\\/03\\\/erhurman-tobb-baskani-hisarciklioglunu-kabul-etti\\\/\",\"name\":\"Erh\u00fcrman, TOBB Ba\u015fkan\u0131 Hisarc\u0131kl\u0131o\u011flu\u2019nu kabul etti - Kuzeyin Sesi\",\"isPartOf\":{\"@id\":\"https:\\\/\\\/kuzeyinsesi.org\\\/#website\"},\"primaryImageOfPage\":{\"@id\":\"https:\\\/\\\/kuzeyinsesi.org\\\/index.php\\\/2026\\\/05\\\/03\\\/erhurman-tobb-baskani-hisarciklioglunu-kabul-etti\\\/#primaryimage\"},\"image\":{\"@id\":\"https:\\\/\\\/kuzeyinsesi.org\\\/index.php\\\/2026\\\/05\\\/03\\\/erhurman-tobb-baskani-hisarciklioglunu-kabul-etti\\\/#primaryimage\"},\"thumbnailUrl\":\"https:\\\/\\\/kuzeyinsesi.org\\\/wp-content\\\/uploads\\\/2026\\\/05\\\/WhatsApp-Image-2026-05-03-at-12.48.20.jpeg\",\"datePublished\":\"2026-05-03T10:17:29+00:00\",\"author\":{\"@id\":\"https:\\\/\\\/kuzeyinsesi.org\\\/#\\\/schema\\\/person\\\/9f859689cdf01485597712386e37f5aa\"},\"breadcrumb\":{\"@id\":\"https:\\\/\\\/kuzeyinsesi.org\\\/index.php\\\/2026\\\/05\\\/03\\\/erhurman-tobb-baskani-hisarciklioglunu-kabul-etti\\\/#breadcrumb\"},\"inLanguage\":\"tr\",\"potentialAction\":[{\"@type\":\"ReadAction\",\"target\":[\"https:\\\/\\\/kuzeyinsesi.org\\\/index.php\\\/2026\\\/05\\\/03\\\/erhurman-tobb-baskani-hisarciklioglunu-kabul-etti\\\/\"]}]},{\"@type\":\"ImageObject\",\"inLanguage\":\"tr\",\"@id\":\"https:\\\/\\\/kuzeyinsesi.org\\\/index.php\\\/2026\\\/05\\\/03\\\/erhurman-tobb-baskani-hisarciklioglunu-kabul-etti\\\/#primaryimage\",\"url\":\"https:\\\/\\\/kuzeyinsesi.org\\\/wp-content\\\/uploads\\\/2026\\\/05\\\/WhatsApp-Image-2026-05-03-at-12.48.20.jpeg\",\"contentUrl\":\"https:\\\/\\\/kuzeyinsesi.org\\\/wp-content\\\/uploads\\\/2026\\\/05\\\/WhatsApp-Image-2026-05-03-at-12.48.20.jpeg\",\"width\":2560,\"height\":1706},{\"@type\":\"BreadcrumbList\",\"@id\":\"https:\\\/\\\/kuzeyinsesi.org\\\/index.php\\\/2026\\\/05\\\/03\\\/erhurman-tobb-baskani-hisarciklioglunu-kabul-etti\\\/#breadcrumb\",\"itemListElement\":[{\"@type\":\"ListItem\",\"position\":1,\"name\":\"Anasayfa\",\"item\":\"https:\\\/\\\/kuzeyinsesi.org\\\/\"},{\"@type\":\"ListItem\",\"position\":2,\"name\":\"Erh\u00fcrman, TOBB Ba\u015fkan\u0131 Hisarc\u0131kl\u0131o\u011flu\u2019nu kabul etti\"}]},{\"@type\":\"WebSite\",\"@id\":\"https:\\\/\\\/kuzeyinsesi.org\\\/#website\",\"url\":\"https:\\\/\\\/kuzeyinsesi.org\\\/\",\"name\":\"Kuzeyin Sesi\",\"description\":\"Do\u011fru Haberin Adresi\",\"potentialAction\":[{\"@type\":\"SearchAction\",\"target\":{\"@type\":\"EntryPoint\",\"urlTemplate\":\"https:\\\/\\\/kuzeyinsesi.org\\\/?s={search_term_string}\"},\"query-input\":{\"@type\":\"PropertyValueSpecification\",\"valueRequired\":true,\"valueName\":\"search_term_string\"}}],\"inLanguage\":\"tr\"},{\"@type\":\"Person\",\"@id\":\"https:\\\/\\\/kuzeyinsesi.org\\\/#\\\/schema\\\/person\\\/9f859689cdf01485597712386e37f5aa\",\"name\":\"Kuzeyin Sesi\",\"image\":{\"@type\":\"ImageObject\",\"inLanguage\":\"tr\",\"@id\":\"https:\\\/\\\/secure.gravatar.com\\\/avatar\\\/bab33852abfd8b282518d6ed81826833d77c3c882d9ab608add591ccace47a44?s=96&d=mm&r=g\",\"url\":\"https:\\\/\\\/secure.gravatar.com\\\/avatar\\\/bab33852abfd8b282518d6ed81826833d77c3c882d9ab608add591ccace47a44?s=96&d=mm&r=g\",\"contentUrl\":\"https:\\\/\\\/secure.gravatar.com\\\/avatar\\\/bab33852abfd8b282518d6ed81826833d77c3c882d9ab608add591ccace47a44?s=96&d=mm&r=g\",\"caption\":\"Kuzeyin Sesi\"},\"sameAs\":[\"https:\\\/\\\/kuzeyinsesi.org\"],\"url\":\"https:\\\/\\\/kuzeyinsesi.org\\\/index.php\\\/author\\\/guven\\\/\"}]}<\/script>\n<!-- \/ Yoast SEO plugin. -->","yoast_head_json":{"title":"Erh\u00fcrman, TOBB Ba\u015fkan\u0131 Hisarc\u0131kl\u0131o\u011flu\u2019nu kabul etti - Kuzeyin Sesi","robots":{"index":"index","follow":"follow","max-snippet":"max-snippet:-1","max-image-preview":"max-image-preview:large","max-video-preview":"max-video-preview:-1"},"canonical":"https:\/\/kuzeyinsesi.org\/index.php\/2026\/05\/03\/erhurman-tobb-baskani-hisarciklioglunu-kabul-etti\/","og_locale":"tr_TR","og_type":"article","og_title":"Erh\u00fcrman, TOBB Ba\u015fkan\u0131 Hisarc\u0131kl\u0131o\u011flu\u2019nu kabul etti - Kuzeyin Sesi","og_description":"Cumhurba\u015fkan\u0131 Tufan Erh\u00fcrman, T\u00fcrkiye Odalar ve Borsalar Birli\u011fi Ba\u015fkan\u0131 Rifat Hisarc\u0131kl\u0131o\u011flu ve beraberindeki heyeti kabul etti Cumhurba\u015fkan\u0131 Tufan Erh\u00fcrman, T\u00fcrkiye Odalar ve Borsalar Birli\u011fi Ba\u015fkan\u0131 Rifat Hisarc\u0131kl\u0131o\u011flu ve beraberindeki heyeti kabul ederek g\u00f6r\u00fc\u015ft\u00fc. Kabulden duydu\u011fu memnuniyeti ifade eden Cumhurba\u015fkan\u0131 Erh\u00fcrman, y\u00fcr\u00fct\u00fclen \u00e7al\u0131\u015fmalar hakk\u0131nda bilgi ald\u0131. Kabulde, T\u00dcRK \u2013 \u0130\u015e Ba\u015fkan\u0131 Erg\u00fcn Atalay, HAK &#8211; \u0130\u015e [&hellip;]","og_url":"https:\/\/kuzeyinsesi.org\/index.php\/2026\/05\/03\/erhurman-tobb-baskani-hisarciklioglunu-kabul-etti\/","og_site_name":"Kuzeyin Sesi","article_publisher":"https:\/\/www.facebook.com\/kuzeyinsesii","article_published_time":"2026-05-03T10:17:29+00:00","author":"Kuzeyin Sesi","twitter_card":"summary_large_image","twitter_creator":"@kuzeyinsesii","twitter_site":"@kuzeyinsesii","twitter_misc":{"Yazan:":"Kuzeyin Sesi","Tahmini okuma s\u00fcresi":"1 dakika"},"schema":{"@context":"https:\/\/schema.org","@graph":[{"@type":"Article","@id":"https:\/\/kuzeyinsesi.org\/index.php\/2026\/05\/03\/erhurman-tobb-baskani-hisarciklioglunu-kabul-etti\/#article","isPartOf":{"@id":"https:\/\/kuzeyinsesi.org\/index.php\/2026\/05\/03\/erhurman-tobb-baskani-hisarciklioglunu-kabul-etti\/"},"author":{"name":"Kuzeyin Sesi","@id":"https:\/\/kuzeyinsesi.org\/#\/schema\/person\/9f859689cdf01485597712386e37f5aa"},"headline":"Erh\u00fcrman, TOBB Ba\u015fkan\u0131 Hisarc\u0131kl\u0131o\u011flu\u2019nu kabul etti","datePublished":"2026-05-03T10:17:29+00:00","mainEntityOfPage":{"@id":"https:\/\/kuzeyinsesi.org\/index.php\/2026\/05\/03\/erhurman-tobb-baskani-hisarciklioglunu-kabul-etti\/"},"wordCount":122,"commentCount":0,"image":{"@id":"https:\/\/kuzeyinsesi.org\/index.php\/2026\/05\/03\/erhurman-tobb-baskani-hisarciklioglunu-kabul-etti\/#primaryimage"},"thumbnailUrl":"https:\/\/kuzeyinsesi.org\/wp-content\/uploads\/2026\/05\/WhatsApp-Image-2026-05-03-at-12.48.20.jpeg","articleSection":["K\u0131br\u0131s"],"inLanguage":"tr","potentialAction":[{"@type":"CommentAction","name":"Comment","target":["https:\/\/kuzeyinsesi.org\/index.php\/2026\/05\/03\/erhurman-tobb-baskani-hisarciklioglunu-kabul-etti\/#respond"]}]},{"@type":"WebPage","@id":"https:\/\/kuzeyinsesi.org\/index.php\/2026\/05\/03\/erhurman-tobb-baskani-hisarciklioglunu-kabul-etti\/","url":"https:\/\/kuzeyinsesi.org\/index.php\/2026\/05\/03\/erhurman-tobb-baskani-hisarciklioglunu-kabul-etti\/","name":"Erh\u00fcrman, TOBB Ba\u015fkan\u0131 Hisarc\u0131kl\u0131o\u011flu\u2019nu kabul etti - Kuzeyin Sesi","isPartOf":{"@id":"https:\/\/kuzeyinsesi.org\/#website"},"primaryImageOfPage":{"@id":"https:\/\/kuzeyinsesi.org\/index.php\/2026\/05\/03\/erhurman-tobb-baskani-hisarciklioglunu-kabul-etti\/#primaryimage"},"image":{"@id":"https:\/\/kuzeyinsesi.org\/index.php\/2026\/05\/03\/erhurman-tobb-baskani-hisarciklioglunu-kabul-etti\/#primaryimage"},"thumbnailUrl":"https:\/\/kuzeyinsesi.org\/wp-content\/uploads\/2026\/05\/WhatsApp-Image-2026-05-03-at-12.48.20.jpeg","datePublished":"2026-05-03T10:17:29+00:00","author":{"@id":"https:\/\/kuzeyinsesi.org\/#\/schema\/person\/9f859689cdf01485597712386e37f5aa"},"breadcrumb":{"@id":"https:\/\/kuzeyinsesi.org\/index.php\/2026\/05\/03\/erhurman-tobb-baskani-hisarciklioglunu-kabul-etti\/#breadcrumb"},"inLanguage":"tr","potentialAction":[{"@type":"ReadAction","target":["https:\/\/kuzeyinsesi.org\/index.php\/2026\/05\/03\/erhurman-tobb-baskani-hisarciklioglunu-kabul-etti\/"]}]},{"@type":"ImageObject","inLanguage":"tr","@id":"https:\/\/kuzeyinsesi.org\/index.php\/2026\/05\/03\/erhurman-tobb-baskani-hisarciklioglunu-kabul-etti\/#primaryimage","url":"https:\/\/kuzeyinsesi.org\/wp-content\/uploads\/2026\/05\/WhatsApp-Image-2026-05-03-at-12.48.20.jpeg","contentUrl":"https:\/\/kuzeyinsesi.org\/wp-content\/uploads\/2026\/05\/WhatsApp-Image-2026-05-03-at-12.48.20.jpeg","width":2560,"height":1706},{"@type":"BreadcrumbList","@id":"https:\/\/kuzeyinsesi.org\/index.php\/2026\/05\/03\/erhurman-tobb-baskani-hisarciklioglunu-kabul-etti\/#breadcrumb","itemListElement":[{"@type":"ListItem","position":1,"name":"Anasayfa","item":"https:\/\/kuzeyinsesi.org\/"},{"@type":"ListItem","position":2,"name":"Erh\u00fcrman, TOBB Ba\u015fkan\u0131 Hisarc\u0131kl\u0131o\u011flu\u2019nu kabul etti"}]},{"@type":"WebSite","@id":"https:\/\/kuzeyinsesi.org\/#website","url":"https:\/\/kuzeyinsesi.org\/","name":"Kuzeyin Sesi","description":"Do\u011fru Haberin Adresi","potentialAction":[{"@type":"SearchAction","target":{"@type":"EntryPoint","urlTemplate":"https:\/\/kuzeyinsesi.org\/?s={search_term_string}"},"query-input":{"@type":"PropertyValueSpecification","valueRequired":true,"valueName":"search_term_string"}}],"inLanguage":"tr"},{"@type":"Person","@id":"https:\/\/kuzeyinsesi.org\/#\/schema\/person\/9f859689cdf01485597712386e37f5aa","name":"Kuzeyin Sesi","image":{"@type":"ImageObject","inLanguage":"tr","@id":"https:\/\/secure.gravatar.com\/avatar\/bab33852abfd8b282518d6ed81826833d77c3c882d9ab608add591ccace47a44?s=96&d=mm&r=g","url":"https:\/\/secure.gravatar.com\/avatar\/bab33852abfd8b282518d6ed81826833d77c3c882d9ab608add591ccace47a44?s=96&d=mm&r=g","contentUrl":"https:\/\/secure.gravatar.com\/avatar\/bab33852abfd8b282518d6ed81826833d77c3c882d9ab608add591ccace47a44?s=96&d=mm&r=g","caption":"Kuzeyin Sesi"},"sameAs":["https:\/\/kuzeyinsesi.org"],"url":"https:\/\/kuzeyinsesi.org\/index.php\/author\/guven\/"}]}},"_links":{"self":[{"href":"https:\/\/kuzeyinsesi.org\/index.php\/wp-json\/wp\/v2\/posts\/37913","targetHints":{"allow":["GET"]}}],"collection":[{"href":"https:\/\/kuzeyinsesi.org\/index.php\/wp-json\/wp\/v2\/posts"}],"about":[{"href":"https:\/\/kuzeyinsesi.org\/index.php\/wp-json\/wp\/v2\/types\/post"}],"author":[{"embeddable":true,"href":"https:\/\/kuzeyinsesi.org\/index.php\/wp-json\/wp\/v2\/users\/1"}],"replies":[{"embeddable":true,"href":"https:\/\/kuzeyinsesi.org\/index.php\/wp-json\/wp\/v2\/comments?post=37913"}],"version-history":[{"count":0,"href":"https:\/\/kuzeyinsesi.org\/index.php\/wp-json\/wp\/v2\/posts\/37913\/revisions"}],"wp:featuredmedia":[{"embeddable":true,"href":"https:\/\/kuzeyinsesi.org\/index.php\/wp-json\/wp\/v2\/media\/37914"}],"wp:attachment":[{"href":"https:\/\/kuzeyinsesi.org\/index.php\/wp-json\/wp\/v2\/media?parent=37913"}],"wp:term":[{"taxonomy":"category","embeddable":true,"href":"https:\/\/kuzeyinsesi.org\/index.php\/wp-json\/wp\/v2\/categories?post=37913"},{"taxonomy":"post_tag","embeddable":true,"href":"https:\/\/kuzeyinsesi.org\/index.php\/wp-json\/wp\/v2\/tags?post=37913"}],"curies":[{"name":"wp","href":"https:\/\/api.w.org\/{rel}","templated":true}]}}