{"id":37909,"date":"2026-05-03T13:05:52","date_gmt":"2026-05-03T10:05:52","guid":{"rendered":"https:\/\/kuzeyinsesi.org\/index.php\/2026\/05\/03\/en-fazla-yagis-8-kilogramla-girnede-kaydedildi\/"},"modified":"2026-05-03T13:05:52","modified_gmt":"2026-05-03T10:05:52","slug":"en-fazla-yagis-8-kilogramla-girnede-kaydedildi","status":"publish","type":"post","link":"https:\/\/kuzeyinsesi.org\/index.php\/2026\/05\/03\/en-fazla-yagis-8-kilogramla-girnede-kaydedildi\/","title":{"rendered":"En fazla ya\u011f\u0131\u015f 8 kilogramla Girne\u2019de kaydedildi"},"content":{"rendered":"<div>Meteoroloji Dairesi&#8217;nin verilerin g\u00f6re son 24 saatteki ya\u011f\u0131\u015flar 10 kilogram\u0131n alt\u0131nda kald\u0131.<\/div>\n<div><\/div>\n<div>Meteoroloji\u00a0Dairesi&#8217;nin d\u00fcn sabah 08.00 ile bu sabah 08.00 saatleri aras\u0131nda kaydetti\u011fi\u00a0ya\u011f\u0131\u015f miktarlar\u0131na g\u00f6re, Girne\u00a08, Beylerbeyi 7; Bo\u011faz, Koru\u00e7am ve Ye\u015fil\u0131rmak 6; Alayk\u00f6y, Ta\u015fkent ve Selvilitepe 5 kilogram ya\u011f\u0131\u015f ald\u0131.<\/div>\n<div><\/div>\n<div>Akdeniz,\u00a0 T\u00fcrkeli, Lefke ve Karao\u011flano\u011flu 4; G\u00f6nyeli, Gemikona\u011f\u0131, Esentepe, Z\u00fcmr\u00fctk\u00f6y, Alevkayas\u0131, Ge\u00e7itkale, Do\u011fanc\u0131, Bostanc\u0131 ve G\u00fczelyurt&#8217;a 3 kilogram ya\u011f\u0131\u015f d\u00fc\u015ferken,\u00a0Alsancak, \u00c7aml\u0131bel, Ziyamet, Lefko\u015fa, Ak\u0131nc\u0131lar, D\u00f6rtyol, Lapta, Kozank\u00f6y, Akdo\u011fan, Serdarl\u0131, Sipahi ve Tatl\u0131su&#8217;da\u00a02 kilogram ya\u011f\u0131\u015f kaydedildi.<\/div>\n","protected":false},"excerpt":{"rendered":"<p>Meteoroloji Dairesi&#8217;nin verilerin g\u00f6re son 24 saatteki ya\u011f\u0131\u015flar 10 kilogram\u0131n alt\u0131nda kald\u0131. Meteoroloji\u00a0Dairesi&#8217;nin d\u00fcn sabah 08.00 ile bu sabah 08.00 saatleri aras\u0131nda kaydetti\u011fi\u00a0ya\u011f\u0131\u015f miktarlar\u0131na g\u00f6re, Girne\u00a08, Beylerbeyi 7; Bo\u011faz, Koru\u00e7am ve Ye\u015fil\u0131rmak 6; Alayk\u00f6y, Ta\u015fkent ve Selvilitepe 5 kilogram ya\u011f\u0131\u015f ald\u0131. Akdeniz,\u00a0 T\u00fcrkeli, Lefke ve Karao\u011flano\u011flu 4; G\u00f6nyeli, Gemikona\u011f\u0131, Esentepe, Z\u00fcmr\u00fctk\u00f6y, Alevkayas\u0131, Ge\u00e7itkale, Do\u011fanc\u0131, Bostanc\u0131 [&hellip;]<\/p>\n","protected":false},"author":1,"featured_media":37910,"comment_status":"open","ping_status":"open","sticky":false,"template":"","format":"standard","meta":{"jnews-multi-image_gallery":[],"jnews_single_post":[],"jnews_primary_category":[],"jnews_social_meta":[],"jnews_override_counter":[],"footnotes":""},"categories":[1],"tags":[],"class_list":["post-37909","post","type-post","status-publish","format-standard","has-post-thumbnail","hentry","category-kibris"],"yoast_head":"<!-- This site is optimized with the Yoast SEO plugin v27.5 - https:\/\/yoast.com\/product\/yoast-seo-wordpress\/ -->\n<title>En fazla ya\u011f\u0131\u015f 8 kilogramla Girne\u2019de kaydedildi - Kuzeyin Sesi<\/title>\n<meta name=\"robots\" content=\"index, follow, max-snippet:-1, max-image-preview:large, max-video-preview:-1\" \/>\n<link rel=\"canonical\" href=\"https:\/\/kuzeyinsesi.org\/index.php\/2026\/05\/03\/en-fazla-yagis-8-kilogramla-girnede-kaydedildi\/\" \/>\n<meta property=\"og:locale\" content=\"tr_TR\" \/>\n<meta property=\"og:type\" content=\"article\" \/>\n<meta property=\"og:title\" content=\"En fazla ya\u011f\u0131\u015f 8 kilogramla Girne\u2019de kaydedildi - Kuzeyin Sesi\" \/>\n<meta property=\"og:description\" content=\"Meteoroloji Dairesi&#8217;nin verilerin g\u00f6re son 24 saatteki ya\u011f\u0131\u015flar 10 kilogram\u0131n alt\u0131nda kald\u0131. Meteoroloji\u00a0Dairesi&#8217;nin d\u00fcn sabah 08.00 ile bu sabah 08.00 saatleri aras\u0131nda kaydetti\u011fi\u00a0ya\u011f\u0131\u015f miktarlar\u0131na g\u00f6re, Girne\u00a08, Beylerbeyi 7; Bo\u011faz, Koru\u00e7am ve Ye\u015fil\u0131rmak 6; Alayk\u00f6y, Ta\u015fkent ve Selvilitepe 5 kilogram ya\u011f\u0131\u015f ald\u0131. Akdeniz,\u00a0 T\u00fcrkeli, Lefke ve Karao\u011flano\u011flu 4; G\u00f6nyeli, Gemikona\u011f\u0131, Esentepe, Z\u00fcmr\u00fctk\u00f6y, Alevkayas\u0131, Ge\u00e7itkale, Do\u011fanc\u0131, Bostanc\u0131 [&hellip;]\" \/>\n<meta property=\"og:url\" content=\"https:\/\/kuzeyinsesi.org\/index.php\/2026\/05\/03\/en-fazla-yagis-8-kilogramla-girnede-kaydedildi\/\" \/>\n<meta property=\"og:site_name\" content=\"Kuzeyin Sesi\" \/>\n<meta property=\"article:publisher\" content=\"https:\/\/www.facebook.com\/kuzeyinsesii\" \/>\n<meta property=\"article:published_time\" content=\"2026-05-03T10:05:52+00:00\" \/>\n<meta name=\"author\" content=\"Kuzeyin Sesi\" \/>\n<meta name=\"twitter:card\" content=\"summary_large_image\" \/>\n<meta name=\"twitter:creator\" content=\"@kuzeyinsesii\" \/>\n<meta name=\"twitter:site\" content=\"@kuzeyinsesii\" \/>\n<meta name=\"twitter:label1\" content=\"Yazan:\" \/>\n\t<meta name=\"twitter:data1\" content=\"Kuzeyin Sesi\" \/>\n\t<meta name=\"twitter:label2\" content=\"Tahmini okuma s\u00fcresi\" \/>\n\t<meta name=\"twitter:data2\" content=\"1 dakika\" \/>\n<script type=\"application\/ld+json\" class=\"yoast-schema-graph\">{\"@context\":\"https:\\\/\\\/schema.org\",\"@graph\":[{\"@type\":\"Article\",\"@id\":\"https:\\\/\\\/kuzeyinsesi.org\\\/index.php\\\/2026\\\/05\\\/03\\\/en-fazla-yagis-8-kilogramla-girnede-kaydedildi\\\/#article\",\"isPartOf\":{\"@id\":\"https:\\\/\\\/kuzeyinsesi.org\\\/index.php\\\/2026\\\/05\\\/03\\\/en-fazla-yagis-8-kilogramla-girnede-kaydedildi\\\/\"},\"author\":{\"name\":\"Kuzeyin Sesi\",\"@id\":\"https:\\\/\\\/kuzeyinsesi.org\\\/#\\\/schema\\\/person\\\/9f859689cdf01485597712386e37f5aa\"},\"headline\":\"En fazla ya\u011f\u0131\u015f 8 kilogramla Girne\u2019de kaydedildi\",\"datePublished\":\"2026-05-03T10:05:52+00:00\",\"mainEntityOfPage\":{\"@id\":\"https:\\\/\\\/kuzeyinsesi.org\\\/index.php\\\/2026\\\/05\\\/03\\\/en-fazla-yagis-8-kilogramla-girnede-kaydedildi\\\/\"},\"wordCount\":115,\"commentCount\":0,\"image\":{\"@id\":\"https:\\\/\\\/kuzeyinsesi.org\\\/index.php\\\/2026\\\/05\\\/03\\\/en-fazla-yagis-8-kilogramla-girnede-kaydedildi\\\/#primaryimage\"},\"thumbnailUrl\":\"https:\\\/\\\/kuzeyinsesi.org\\\/wp-content\\\/uploads\\\/2026\\\/05\\\/1761467351010yagis-1.jpg\",\"articleSection\":[\"K\u0131br\u0131s\"],\"inLanguage\":\"tr\",\"potentialAction\":[{\"@type\":\"CommentAction\",\"name\":\"Comment\",\"target\":[\"https:\\\/\\\/kuzeyinsesi.org\\\/index.php\\\/2026\\\/05\\\/03\\\/en-fazla-yagis-8-kilogramla-girnede-kaydedildi\\\/#respond\"]}]},{\"@type\":\"WebPage\",\"@id\":\"https:\\\/\\\/kuzeyinsesi.org\\\/index.php\\\/2026\\\/05\\\/03\\\/en-fazla-yagis-8-kilogramla-girnede-kaydedildi\\\/\",\"url\":\"https:\\\/\\\/kuzeyinsesi.org\\\/index.php\\\/2026\\\/05\\\/03\\\/en-fazla-yagis-8-kilogramla-girnede-kaydedildi\\\/\",\"name\":\"En fazla ya\u011f\u0131\u015f 8 kilogramla Girne\u2019de kaydedildi - Kuzeyin Sesi\",\"isPartOf\":{\"@id\":\"https:\\\/\\\/kuzeyinsesi.org\\\/#website\"},\"primaryImageOfPage\":{\"@id\":\"https:\\\/\\\/kuzeyinsesi.org\\\/index.php\\\/2026\\\/05\\\/03\\\/en-fazla-yagis-8-kilogramla-girnede-kaydedildi\\\/#primaryimage\"},\"image\":{\"@id\":\"https:\\\/\\\/kuzeyinsesi.org\\\/index.php\\\/2026\\\/05\\\/03\\\/en-fazla-yagis-8-kilogramla-girnede-kaydedildi\\\/#primaryimage\"},\"thumbnailUrl\":\"https:\\\/\\\/kuzeyinsesi.org\\\/wp-content\\\/uploads\\\/2026\\\/05\\\/1761467351010yagis-1.jpg\",\"datePublished\":\"2026-05-03T10:05:52+00:00\",\"author\":{\"@id\":\"https:\\\/\\\/kuzeyinsesi.org\\\/#\\\/schema\\\/person\\\/9f859689cdf01485597712386e37f5aa\"},\"breadcrumb\":{\"@id\":\"https:\\\/\\\/kuzeyinsesi.org\\\/index.php\\\/2026\\\/05\\\/03\\\/en-fazla-yagis-8-kilogramla-girnede-kaydedildi\\\/#breadcrumb\"},\"inLanguage\":\"tr\",\"potentialAction\":[{\"@type\":\"ReadAction\",\"target\":[\"https:\\\/\\\/kuzeyinsesi.org\\\/index.php\\\/2026\\\/05\\\/03\\\/en-fazla-yagis-8-kilogramla-girnede-kaydedildi\\\/\"]}]},{\"@type\":\"ImageObject\",\"inLanguage\":\"tr\",\"@id\":\"https:\\\/\\\/kuzeyinsesi.org\\\/index.php\\\/2026\\\/05\\\/03\\\/en-fazla-yagis-8-kilogramla-girnede-kaydedildi\\\/#primaryimage\",\"url\":\"https:\\\/\\\/kuzeyinsesi.org\\\/wp-content\\\/uploads\\\/2026\\\/05\\\/1761467351010yagis-1.jpg\",\"contentUrl\":\"https:\\\/\\\/kuzeyinsesi.org\\\/wp-content\\\/uploads\\\/2026\\\/05\\\/1761467351010yagis-1.jpg\",\"width\":864,\"height\":486},{\"@type\":\"BreadcrumbList\",\"@id\":\"https:\\\/\\\/kuzeyinsesi.org\\\/index.php\\\/2026\\\/05\\\/03\\\/en-fazla-yagis-8-kilogramla-girnede-kaydedildi\\\/#breadcrumb\",\"itemListElement\":[{\"@type\":\"ListItem\",\"position\":1,\"name\":\"Anasayfa\",\"item\":\"https:\\\/\\\/kuzeyinsesi.org\\\/\"},{\"@type\":\"ListItem\",\"position\":2,\"name\":\"En fazla ya\u011f\u0131\u015f 8 kilogramla Girne\u2019de kaydedildi\"}]},{\"@type\":\"WebSite\",\"@id\":\"https:\\\/\\\/kuzeyinsesi.org\\\/#website\",\"url\":\"https:\\\/\\\/kuzeyinsesi.org\\\/\",\"name\":\"Kuzeyin Sesi\",\"description\":\"Do\u011fru Haberin Adresi\",\"potentialAction\":[{\"@type\":\"SearchAction\",\"target\":{\"@type\":\"EntryPoint\",\"urlTemplate\":\"https:\\\/\\\/kuzeyinsesi.org\\\/?s={search_term_string}\"},\"query-input\":{\"@type\":\"PropertyValueSpecification\",\"valueRequired\":true,\"valueName\":\"search_term_string\"}}],\"inLanguage\":\"tr\"},{\"@type\":\"Person\",\"@id\":\"https:\\\/\\\/kuzeyinsesi.org\\\/#\\\/schema\\\/person\\\/9f859689cdf01485597712386e37f5aa\",\"name\":\"Kuzeyin Sesi\",\"image\":{\"@type\":\"ImageObject\",\"inLanguage\":\"tr\",\"@id\":\"https:\\\/\\\/secure.gravatar.com\\\/avatar\\\/bab33852abfd8b282518d6ed81826833d77c3c882d9ab608add591ccace47a44?s=96&d=mm&r=g\",\"url\":\"https:\\\/\\\/secure.gravatar.com\\\/avatar\\\/bab33852abfd8b282518d6ed81826833d77c3c882d9ab608add591ccace47a44?s=96&d=mm&r=g\",\"contentUrl\":\"https:\\\/\\\/secure.gravatar.com\\\/avatar\\\/bab33852abfd8b282518d6ed81826833d77c3c882d9ab608add591ccace47a44?s=96&d=mm&r=g\",\"caption\":\"Kuzeyin Sesi\"},\"sameAs\":[\"https:\\\/\\\/kuzeyinsesi.org\"],\"url\":\"https:\\\/\\\/kuzeyinsesi.org\\\/index.php\\\/author\\\/guven\\\/\"}]}<\/script>\n<!-- \/ Yoast SEO plugin. -->","yoast_head_json":{"title":"En fazla ya\u011f\u0131\u015f 8 kilogramla Girne\u2019de kaydedildi - Kuzeyin Sesi","robots":{"index":"index","follow":"follow","max-snippet":"max-snippet:-1","max-image-preview":"max-image-preview:large","max-video-preview":"max-video-preview:-1"},"canonical":"https:\/\/kuzeyinsesi.org\/index.php\/2026\/05\/03\/en-fazla-yagis-8-kilogramla-girnede-kaydedildi\/","og_locale":"tr_TR","og_type":"article","og_title":"En fazla ya\u011f\u0131\u015f 8 kilogramla Girne\u2019de kaydedildi - Kuzeyin Sesi","og_description":"Meteoroloji Dairesi&#8217;nin verilerin g\u00f6re son 24 saatteki ya\u011f\u0131\u015flar 10 kilogram\u0131n alt\u0131nda kald\u0131. Meteoroloji\u00a0Dairesi&#8217;nin d\u00fcn sabah 08.00 ile bu sabah 08.00 saatleri aras\u0131nda kaydetti\u011fi\u00a0ya\u011f\u0131\u015f miktarlar\u0131na g\u00f6re, Girne\u00a08, Beylerbeyi 7; Bo\u011faz, Koru\u00e7am ve Ye\u015fil\u0131rmak 6; Alayk\u00f6y, Ta\u015fkent ve Selvilitepe 5 kilogram ya\u011f\u0131\u015f ald\u0131. Akdeniz,\u00a0 T\u00fcrkeli, Lefke ve Karao\u011flano\u011flu 4; G\u00f6nyeli, Gemikona\u011f\u0131, Esentepe, Z\u00fcmr\u00fctk\u00f6y, Alevkayas\u0131, Ge\u00e7itkale, Do\u011fanc\u0131, Bostanc\u0131 [&hellip;]","og_url":"https:\/\/kuzeyinsesi.org\/index.php\/2026\/05\/03\/en-fazla-yagis-8-kilogramla-girnede-kaydedildi\/","og_site_name":"Kuzeyin Sesi","article_publisher":"https:\/\/www.facebook.com\/kuzeyinsesii","article_published_time":"2026-05-03T10:05:52+00:00","author":"Kuzeyin Sesi","twitter_card":"summary_large_image","twitter_creator":"@kuzeyinsesii","twitter_site":"@kuzeyinsesii","twitter_misc":{"Yazan:":"Kuzeyin Sesi","Tahmini okuma s\u00fcresi":"1 dakika"},"schema":{"@context":"https:\/\/schema.org","@graph":[{"@type":"Article","@id":"https:\/\/kuzeyinsesi.org\/index.php\/2026\/05\/03\/en-fazla-yagis-8-kilogramla-girnede-kaydedildi\/#article","isPartOf":{"@id":"https:\/\/kuzeyinsesi.org\/index.php\/2026\/05\/03\/en-fazla-yagis-8-kilogramla-girnede-kaydedildi\/"},"author":{"name":"Kuzeyin Sesi","@id":"https:\/\/kuzeyinsesi.org\/#\/schema\/person\/9f859689cdf01485597712386e37f5aa"},"headline":"En fazla ya\u011f\u0131\u015f 8 kilogramla Girne\u2019de kaydedildi","datePublished":"2026-05-03T10:05:52+00:00","mainEntityOfPage":{"@id":"https:\/\/kuzeyinsesi.org\/index.php\/2026\/05\/03\/en-fazla-yagis-8-kilogramla-girnede-kaydedildi\/"},"wordCount":115,"commentCount":0,"image":{"@id":"https:\/\/kuzeyinsesi.org\/index.php\/2026\/05\/03\/en-fazla-yagis-8-kilogramla-girnede-kaydedildi\/#primaryimage"},"thumbnailUrl":"https:\/\/kuzeyinsesi.org\/wp-content\/uploads\/2026\/05\/1761467351010yagis-1.jpg","articleSection":["K\u0131br\u0131s"],"inLanguage":"tr","potentialAction":[{"@type":"CommentAction","name":"Comment","target":["https:\/\/kuzeyinsesi.org\/index.php\/2026\/05\/03\/en-fazla-yagis-8-kilogramla-girnede-kaydedildi\/#respond"]}]},{"@type":"WebPage","@id":"https:\/\/kuzeyinsesi.org\/index.php\/2026\/05\/03\/en-fazla-yagis-8-kilogramla-girnede-kaydedildi\/","url":"https:\/\/kuzeyinsesi.org\/index.php\/2026\/05\/03\/en-fazla-yagis-8-kilogramla-girnede-kaydedildi\/","name":"En fazla ya\u011f\u0131\u015f 8 kilogramla Girne\u2019de kaydedildi - Kuzeyin Sesi","isPartOf":{"@id":"https:\/\/kuzeyinsesi.org\/#website"},"primaryImageOfPage":{"@id":"https:\/\/kuzeyinsesi.org\/index.php\/2026\/05\/03\/en-fazla-yagis-8-kilogramla-girnede-kaydedildi\/#primaryimage"},"image":{"@id":"https:\/\/kuzeyinsesi.org\/index.php\/2026\/05\/03\/en-fazla-yagis-8-kilogramla-girnede-kaydedildi\/#primaryimage"},"thumbnailUrl":"https:\/\/kuzeyinsesi.org\/wp-content\/uploads\/2026\/05\/1761467351010yagis-1.jpg","datePublished":"2026-05-03T10:05:52+00:00","author":{"@id":"https:\/\/kuzeyinsesi.org\/#\/schema\/person\/9f859689cdf01485597712386e37f5aa"},"breadcrumb":{"@id":"https:\/\/kuzeyinsesi.org\/index.php\/2026\/05\/03\/en-fazla-yagis-8-kilogramla-girnede-kaydedildi\/#breadcrumb"},"inLanguage":"tr","potentialAction":[{"@type":"ReadAction","target":["https:\/\/kuzeyinsesi.org\/index.php\/2026\/05\/03\/en-fazla-yagis-8-kilogramla-girnede-kaydedildi\/"]}]},{"@type":"ImageObject","inLanguage":"tr","@id":"https:\/\/kuzeyinsesi.org\/index.php\/2026\/05\/03\/en-fazla-yagis-8-kilogramla-girnede-kaydedildi\/#primaryimage","url":"https:\/\/kuzeyinsesi.org\/wp-content\/uploads\/2026\/05\/1761467351010yagis-1.jpg","contentUrl":"https:\/\/kuzeyinsesi.org\/wp-content\/uploads\/2026\/05\/1761467351010yagis-1.jpg","width":864,"height":486},{"@type":"BreadcrumbList","@id":"https:\/\/kuzeyinsesi.org\/index.php\/2026\/05\/03\/en-fazla-yagis-8-kilogramla-girnede-kaydedildi\/#breadcrumb","itemListElement":[{"@type":"ListItem","position":1,"name":"Anasayfa","item":"https:\/\/kuzeyinsesi.org\/"},{"@type":"ListItem","position":2,"name":"En fazla ya\u011f\u0131\u015f 8 kilogramla Girne\u2019de kaydedildi"}]},{"@type":"WebSite","@id":"https:\/\/kuzeyinsesi.org\/#website","url":"https:\/\/kuzeyinsesi.org\/","name":"Kuzeyin Sesi","description":"Do\u011fru Haberin Adresi","potentialAction":[{"@type":"SearchAction","target":{"@type":"EntryPoint","urlTemplate":"https:\/\/kuzeyinsesi.org\/?s={search_term_string}"},"query-input":{"@type":"PropertyValueSpecification","valueRequired":true,"valueName":"search_term_string"}}],"inLanguage":"tr"},{"@type":"Person","@id":"https:\/\/kuzeyinsesi.org\/#\/schema\/person\/9f859689cdf01485597712386e37f5aa","name":"Kuzeyin Sesi","image":{"@type":"ImageObject","inLanguage":"tr","@id":"https:\/\/secure.gravatar.com\/avatar\/bab33852abfd8b282518d6ed81826833d77c3c882d9ab608add591ccace47a44?s=96&d=mm&r=g","url":"https:\/\/secure.gravatar.com\/avatar\/bab33852abfd8b282518d6ed81826833d77c3c882d9ab608add591ccace47a44?s=96&d=mm&r=g","contentUrl":"https:\/\/secure.gravatar.com\/avatar\/bab33852abfd8b282518d6ed81826833d77c3c882d9ab608add591ccace47a44?s=96&d=mm&r=g","caption":"Kuzeyin Sesi"},"sameAs":["https:\/\/kuzeyinsesi.org"],"url":"https:\/\/kuzeyinsesi.org\/index.php\/author\/guven\/"}]}},"_links":{"self":[{"href":"https:\/\/kuzeyinsesi.org\/index.php\/wp-json\/wp\/v2\/posts\/37909","targetHints":{"allow":["GET"]}}],"collection":[{"href":"https:\/\/kuzeyinsesi.org\/index.php\/wp-json\/wp\/v2\/posts"}],"about":[{"href":"https:\/\/kuzeyinsesi.org\/index.php\/wp-json\/wp\/v2\/types\/post"}],"author":[{"embeddable":true,"href":"https:\/\/kuzeyinsesi.org\/index.php\/wp-json\/wp\/v2\/users\/1"}],"replies":[{"embeddable":true,"href":"https:\/\/kuzeyinsesi.org\/index.php\/wp-json\/wp\/v2\/comments?post=37909"}],"version-history":[{"count":0,"href":"https:\/\/kuzeyinsesi.org\/index.php\/wp-json\/wp\/v2\/posts\/37909\/revisions"}],"wp:featuredmedia":[{"embeddable":true,"href":"https:\/\/kuzeyinsesi.org\/index.php\/wp-json\/wp\/v2\/media\/37910"}],"wp:attachment":[{"href":"https:\/\/kuzeyinsesi.org\/index.php\/wp-json\/wp\/v2\/media?parent=37909"}],"wp:term":[{"taxonomy":"category","embeddable":true,"href":"https:\/\/kuzeyinsesi.org\/index.php\/wp-json\/wp\/v2\/categories?post=37909"},{"taxonomy":"post_tag","embeddable":true,"href":"https:\/\/kuzeyinsesi.org\/index.php\/wp-json\/wp\/v2\/tags?post=37909"}],"curies":[{"name":"wp","href":"https:\/\/api.w.org\/{rel}","templated":true}]}}