{"id":37906,"date":"2026-05-03T12:04:39","date_gmt":"2026-05-03T09:04:39","guid":{"rendered":"https:\/\/kuzeyinsesi.org\/index.php\/2026\/05\/03\/abdde-trafik-kurallarini-ihlal-eden-surucusuz-otonom-araclara-ceza-kesilecek\/"},"modified":"2026-05-03T12:04:39","modified_gmt":"2026-05-03T09:04:39","slug":"abdde-trafik-kurallarini-ihlal-eden-surucusuz-otonom-araclara-ceza-kesilecek","status":"publish","type":"post","link":"https:\/\/kuzeyinsesi.org\/index.php\/2026\/05\/03\/abdde-trafik-kurallarini-ihlal-eden-surucusuz-otonom-araclara-ceza-kesilecek\/","title":{"rendered":"ABD&#039;de trafik kurallar\u0131n\u0131 ihlal eden s\u00fcr\u00fcc\u00fcs\u00fcz otonom ara\u00e7lara ceza kesilecek"},"content":{"rendered":"<p><\/p>\n<div>\n<p>&#13;<br \/>\n\t<a href=\"https:\/\/www.trthaber.com\/etiket\/abd\/\" target=\"_blank\">ABD<\/a> bas\u0131n\u0131nda yer alan haberlere g\u00f6re, Motorlu Ta\u015f\u0131tlar Dairesi (DMV), otonom ara\u00e7lar\u0131n say\u0131s\u0131n\u0131n h\u0131zla artt\u0131\u011f\u0131 California eyaletine y\u00f6nelik d\u00fczenlemeleri duyurdu.<\/p>\n<p>&#13;<br \/>\n\t1 Temmuz&#8217;da y\u00fcr\u00fcrl\u00fc\u011fe girecek d\u00fczenlemeler uyar\u0131nca s\u00fcr\u00fcc\u00fcs\u00fcz ara\u00e7lar\u0131n hareket halindeyken k\u0131rm\u0131z\u0131 \u0131\u015f\u0131k ihlali, hatal\u0131 \u015ferit de\u011fi\u015ftirme gibi <a href=\"https:\/\/www.trthaber.com\/etiket\/trafik\/\" target=\"_blank\">trafik<\/a> kurallar\u0131n\u0131 ihlal etmeleri durumunda polis, do\u011frudan ilgili \u015firkete ceza kesebilecek.<\/p>\n<p>&#13;<br \/>\n\tAyr\u0131ca \u015firketlerin, <a href=\"https:\/\/www.trthaber.com\/etiket\/polis\/\" target=\"_blank\">polis<\/a> ve di\u011fer acil durum ekiplerinden gelen \u00e7a\u011fr\u0131lara 30 saniye i\u00e7inde yan\u0131t vermeleri zorunlu olacak. Otonom ara\u00e7lar\u0131n\u0131n acil durum b\u00f6lgelerine girmesi halinde ise \u015firketlere para cezas\u0131 kesilecek.<\/p>\n<p>&#13;<br \/>\n\tCalifornial\u0131 yetkililer, s\u00f6z konusu d\u00fczenlemeleri &#8220;\u00fclkedeki en kapsaml\u0131 otonom ara\u00e7 kurallar\u0131&#8221; olarak nitelendiriyor.<\/p>\n<p>&#13;<br \/>\n\tCalifornia&#8217;n\u0131n San Francisco kentindeki <a href=\"https:\/\/www.trthaber.com\/etiket\/elektrik\/\" target=\"_blank\">elektrik<\/a> kesintisi s\u0131ras\u0131nda ya\u015fananlar da dahil, otonom ara\u00e7lar\u0131n trafik kurallar\u0131n\u0131 ihlal etti\u011fi \u00e7ok say\u0131da olay bulunuyor.<\/p>\n<\/p><\/div>\n","protected":false},"excerpt":{"rendered":"<p>&#13; ABD bas\u0131n\u0131nda yer alan haberlere g\u00f6re, Motorlu Ta\u015f\u0131tlar Dairesi (DMV), otonom ara\u00e7lar\u0131n say\u0131s\u0131n\u0131n h\u0131zla artt\u0131\u011f\u0131 California eyaletine y\u00f6nelik d\u00fczenlemeleri duyurdu. &#13; 1 Temmuz&#8217;da y\u00fcr\u00fcrl\u00fc\u011fe girecek d\u00fczenlemeler uyar\u0131nca s\u00fcr\u00fcc\u00fcs\u00fcz ara\u00e7lar\u0131n hareket halindeyken k\u0131rm\u0131z\u0131 \u0131\u015f\u0131k ihlali, hatal\u0131 \u015ferit de\u011fi\u015ftirme gibi trafik kurallar\u0131n\u0131 ihlal etmeleri durumunda polis, do\u011frudan ilgili \u015firkete ceza kesebilecek. &#13; Ayr\u0131ca \u015firketlerin, polis ve [&hellip;]<\/p>\n","protected":false},"author":1,"featured_media":37907,"comment_status":"open","ping_status":"open","sticky":false,"template":"","format":"standard","meta":{"jnews-multi-image_gallery":[],"jnews_single_post":[],"jnews_primary_category":[],"jnews_social_meta":[],"jnews_override_counter":[],"footnotes":""},"categories":[2],"tags":[],"class_list":["post-37906","post","type-post","status-publish","format-standard","has-post-thumbnail","hentry","category-dunya"],"yoast_head":"<!-- This site is optimized with the Yoast SEO plugin v27.5 - https:\/\/yoast.com\/product\/yoast-seo-wordpress\/ -->\n<title>ABD&#039;de trafik kurallar\u0131n\u0131 ihlal eden s\u00fcr\u00fcc\u00fcs\u00fcz otonom ara\u00e7lara ceza kesilecek - Kuzeyin Sesi<\/title>\n<meta name=\"robots\" content=\"index, follow, max-snippet:-1, max-image-preview:large, max-video-preview:-1\" \/>\n<link rel=\"canonical\" href=\"https:\/\/kuzeyinsesi.org\/index.php\/2026\/05\/03\/abdde-trafik-kurallarini-ihlal-eden-surucusuz-otonom-araclara-ceza-kesilecek\/\" \/>\n<meta property=\"og:locale\" content=\"tr_TR\" \/>\n<meta property=\"og:type\" content=\"article\" \/>\n<meta property=\"og:title\" content=\"ABD&#039;de trafik kurallar\u0131n\u0131 ihlal eden s\u00fcr\u00fcc\u00fcs\u00fcz otonom ara\u00e7lara ceza kesilecek - Kuzeyin Sesi\" \/>\n<meta property=\"og:description\" content=\"&#013; ABD bas\u0131n\u0131nda yer alan haberlere g\u00f6re, Motorlu Ta\u015f\u0131tlar Dairesi (DMV), otonom ara\u00e7lar\u0131n say\u0131s\u0131n\u0131n h\u0131zla artt\u0131\u011f\u0131 California eyaletine y\u00f6nelik d\u00fczenlemeleri duyurdu. &#013; 1 Temmuz&#8217;da y\u00fcr\u00fcrl\u00fc\u011fe girecek d\u00fczenlemeler uyar\u0131nca s\u00fcr\u00fcc\u00fcs\u00fcz ara\u00e7lar\u0131n hareket halindeyken k\u0131rm\u0131z\u0131 \u0131\u015f\u0131k ihlali, hatal\u0131 \u015ferit de\u011fi\u015ftirme gibi trafik kurallar\u0131n\u0131 ihlal etmeleri durumunda polis, do\u011frudan ilgili \u015firkete ceza kesebilecek. &#013; Ayr\u0131ca \u015firketlerin, polis ve [&hellip;]\" \/>\n<meta property=\"og:url\" content=\"https:\/\/kuzeyinsesi.org\/index.php\/2026\/05\/03\/abdde-trafik-kurallarini-ihlal-eden-surucusuz-otonom-araclara-ceza-kesilecek\/\" \/>\n<meta property=\"og:site_name\" content=\"Kuzeyin Sesi\" \/>\n<meta property=\"article:publisher\" content=\"https:\/\/www.facebook.com\/kuzeyinsesii\" \/>\n<meta property=\"article:published_time\" content=\"2026-05-03T09:04:39+00:00\" \/>\n<meta property=\"og:image\" content=\"https:\/\/trthaberstatic.cdn.wp.trt.com.tr\/resimler\/2456000\/otonom-arac-in-us-reu-2457751.jpg\" \/>\n<meta name=\"author\" content=\"Kuzeyin Sesi\" \/>\n<meta name=\"twitter:card\" content=\"summary_large_image\" \/>\n<meta name=\"twitter:creator\" content=\"@kuzeyinsesii\" \/>\n<meta name=\"twitter:site\" content=\"@kuzeyinsesii\" \/>\n<meta name=\"twitter:label1\" content=\"Yazan:\" \/>\n\t<meta name=\"twitter:data1\" content=\"Kuzeyin Sesi\" \/>\n\t<meta name=\"twitter:label2\" content=\"Tahmini okuma s\u00fcresi\" \/>\n\t<meta name=\"twitter:data2\" content=\"1 dakika\" \/>\n<script type=\"application\/ld+json\" class=\"yoast-schema-graph\">{\"@context\":\"https:\\\/\\\/schema.org\",\"@graph\":[{\"@type\":\"Article\",\"@id\":\"https:\\\/\\\/kuzeyinsesi.org\\\/index.php\\\/2026\\\/05\\\/03\\\/abdde-trafik-kurallarini-ihlal-eden-surucusuz-otonom-araclara-ceza-kesilecek\\\/#article\",\"isPartOf\":{\"@id\":\"https:\\\/\\\/kuzeyinsesi.org\\\/index.php\\\/2026\\\/05\\\/03\\\/abdde-trafik-kurallarini-ihlal-eden-surucusuz-otonom-araclara-ceza-kesilecek\\\/\"},\"author\":{\"name\":\"Kuzeyin Sesi\",\"@id\":\"https:\\\/\\\/kuzeyinsesi.org\\\/#\\\/schema\\\/person\\\/9f859689cdf01485597712386e37f5aa\"},\"headline\":\"ABD&#039;de trafik kurallar\u0131n\u0131 ihlal eden s\u00fcr\u00fcc\u00fcs\u00fcz otonom ara\u00e7lara ceza kesilecek\",\"datePublished\":\"2026-05-03T09:04:39+00:00\",\"mainEntityOfPage\":{\"@id\":\"https:\\\/\\\/kuzeyinsesi.org\\\/index.php\\\/2026\\\/05\\\/03\\\/abdde-trafik-kurallarini-ihlal-eden-surucusuz-otonom-araclara-ceza-kesilecek\\\/\"},\"wordCount\":177,\"commentCount\":0,\"image\":{\"@id\":\"https:\\\/\\\/kuzeyinsesi.org\\\/index.php\\\/2026\\\/05\\\/03\\\/abdde-trafik-kurallarini-ihlal-eden-surucusuz-otonom-araclara-ceza-kesilecek\\\/#primaryimage\"},\"thumbnailUrl\":\"https:\\\/\\\/kuzeyinsesi.org\\\/wp-content\\\/uploads\\\/2026\\\/05\\\/otonom-arac-in-us-reu-2457751.jpg\",\"articleSection\":[\"D\u00fcnya\"],\"inLanguage\":\"tr\",\"potentialAction\":[{\"@type\":\"CommentAction\",\"name\":\"Comment\",\"target\":[\"https:\\\/\\\/kuzeyinsesi.org\\\/index.php\\\/2026\\\/05\\\/03\\\/abdde-trafik-kurallarini-ihlal-eden-surucusuz-otonom-araclara-ceza-kesilecek\\\/#respond\"]}]},{\"@type\":\"WebPage\",\"@id\":\"https:\\\/\\\/kuzeyinsesi.org\\\/index.php\\\/2026\\\/05\\\/03\\\/abdde-trafik-kurallarini-ihlal-eden-surucusuz-otonom-araclara-ceza-kesilecek\\\/\",\"url\":\"https:\\\/\\\/kuzeyinsesi.org\\\/index.php\\\/2026\\\/05\\\/03\\\/abdde-trafik-kurallarini-ihlal-eden-surucusuz-otonom-araclara-ceza-kesilecek\\\/\",\"name\":\"ABD&#039;de trafik kurallar\u0131n\u0131 ihlal eden s\u00fcr\u00fcc\u00fcs\u00fcz otonom ara\u00e7lara ceza kesilecek - Kuzeyin Sesi\",\"isPartOf\":{\"@id\":\"https:\\\/\\\/kuzeyinsesi.org\\\/#website\"},\"primaryImageOfPage\":{\"@id\":\"https:\\\/\\\/kuzeyinsesi.org\\\/index.php\\\/2026\\\/05\\\/03\\\/abdde-trafik-kurallarini-ihlal-eden-surucusuz-otonom-araclara-ceza-kesilecek\\\/#primaryimage\"},\"image\":{\"@id\":\"https:\\\/\\\/kuzeyinsesi.org\\\/index.php\\\/2026\\\/05\\\/03\\\/abdde-trafik-kurallarini-ihlal-eden-surucusuz-otonom-araclara-ceza-kesilecek\\\/#primaryimage\"},\"thumbnailUrl\":\"https:\\\/\\\/kuzeyinsesi.org\\\/wp-content\\\/uploads\\\/2026\\\/05\\\/otonom-arac-in-us-reu-2457751.jpg\",\"datePublished\":\"2026-05-03T09:04:39+00:00\",\"author\":{\"@id\":\"https:\\\/\\\/kuzeyinsesi.org\\\/#\\\/schema\\\/person\\\/9f859689cdf01485597712386e37f5aa\"},\"breadcrumb\":{\"@id\":\"https:\\\/\\\/kuzeyinsesi.org\\\/index.php\\\/2026\\\/05\\\/03\\\/abdde-trafik-kurallarini-ihlal-eden-surucusuz-otonom-araclara-ceza-kesilecek\\\/#breadcrumb\"},\"inLanguage\":\"tr\",\"potentialAction\":[{\"@type\":\"ReadAction\",\"target\":[\"https:\\\/\\\/kuzeyinsesi.org\\\/index.php\\\/2026\\\/05\\\/03\\\/abdde-trafik-kurallarini-ihlal-eden-surucusuz-otonom-araclara-ceza-kesilecek\\\/\"]}]},{\"@type\":\"ImageObject\",\"inLanguage\":\"tr\",\"@id\":\"https:\\\/\\\/kuzeyinsesi.org\\\/index.php\\\/2026\\\/05\\\/03\\\/abdde-trafik-kurallarini-ihlal-eden-surucusuz-otonom-araclara-ceza-kesilecek\\\/#primaryimage\",\"url\":\"https:\\\/\\\/kuzeyinsesi.org\\\/wp-content\\\/uploads\\\/2026\\\/05\\\/otonom-arac-in-us-reu-2457751.jpg\",\"contentUrl\":\"https:\\\/\\\/kuzeyinsesi.org\\\/wp-content\\\/uploads\\\/2026\\\/05\\\/otonom-arac-in-us-reu-2457751.jpg\",\"width\":1280,\"height\":720},{\"@type\":\"BreadcrumbList\",\"@id\":\"https:\\\/\\\/kuzeyinsesi.org\\\/index.php\\\/2026\\\/05\\\/03\\\/abdde-trafik-kurallarini-ihlal-eden-surucusuz-otonom-araclara-ceza-kesilecek\\\/#breadcrumb\",\"itemListElement\":[{\"@type\":\"ListItem\",\"position\":1,\"name\":\"Anasayfa\",\"item\":\"https:\\\/\\\/kuzeyinsesi.org\\\/\"},{\"@type\":\"ListItem\",\"position\":2,\"name\":\"ABD&#039;de trafik kurallar\u0131n\u0131 ihlal eden s\u00fcr\u00fcc\u00fcs\u00fcz otonom ara\u00e7lara ceza kesilecek\"}]},{\"@type\":\"WebSite\",\"@id\":\"https:\\\/\\\/kuzeyinsesi.org\\\/#website\",\"url\":\"https:\\\/\\\/kuzeyinsesi.org\\\/\",\"name\":\"Kuzeyin Sesi\",\"description\":\"Do\u011fru Haberin Adresi\",\"potentialAction\":[{\"@type\":\"SearchAction\",\"target\":{\"@type\":\"EntryPoint\",\"urlTemplate\":\"https:\\\/\\\/kuzeyinsesi.org\\\/?s={search_term_string}\"},\"query-input\":{\"@type\":\"PropertyValueSpecification\",\"valueRequired\":true,\"valueName\":\"search_term_string\"}}],\"inLanguage\":\"tr\"},{\"@type\":\"Person\",\"@id\":\"https:\\\/\\\/kuzeyinsesi.org\\\/#\\\/schema\\\/person\\\/9f859689cdf01485597712386e37f5aa\",\"name\":\"Kuzeyin Sesi\",\"image\":{\"@type\":\"ImageObject\",\"inLanguage\":\"tr\",\"@id\":\"https:\\\/\\\/secure.gravatar.com\\\/avatar\\\/bab33852abfd8b282518d6ed81826833d77c3c882d9ab608add591ccace47a44?s=96&d=mm&r=g\",\"url\":\"https:\\\/\\\/secure.gravatar.com\\\/avatar\\\/bab33852abfd8b282518d6ed81826833d77c3c882d9ab608add591ccace47a44?s=96&d=mm&r=g\",\"contentUrl\":\"https:\\\/\\\/secure.gravatar.com\\\/avatar\\\/bab33852abfd8b282518d6ed81826833d77c3c882d9ab608add591ccace47a44?s=96&d=mm&r=g\",\"caption\":\"Kuzeyin Sesi\"},\"sameAs\":[\"https:\\\/\\\/kuzeyinsesi.org\"],\"url\":\"https:\\\/\\\/kuzeyinsesi.org\\\/index.php\\\/author\\\/guven\\\/\"}]}<\/script>\n<!-- \/ Yoast SEO plugin. -->","yoast_head_json":{"title":"ABD&#039;de trafik kurallar\u0131n\u0131 ihlal eden s\u00fcr\u00fcc\u00fcs\u00fcz otonom ara\u00e7lara ceza kesilecek - Kuzeyin Sesi","robots":{"index":"index","follow":"follow","max-snippet":"max-snippet:-1","max-image-preview":"max-image-preview:large","max-video-preview":"max-video-preview:-1"},"canonical":"https:\/\/kuzeyinsesi.org\/index.php\/2026\/05\/03\/abdde-trafik-kurallarini-ihlal-eden-surucusuz-otonom-araclara-ceza-kesilecek\/","og_locale":"tr_TR","og_type":"article","og_title":"ABD&#039;de trafik kurallar\u0131n\u0131 ihlal eden s\u00fcr\u00fcc\u00fcs\u00fcz otonom ara\u00e7lara ceza kesilecek - Kuzeyin Sesi","og_description":"&#13; ABD bas\u0131n\u0131nda yer alan haberlere g\u00f6re, Motorlu Ta\u015f\u0131tlar Dairesi (DMV), otonom ara\u00e7lar\u0131n say\u0131s\u0131n\u0131n h\u0131zla artt\u0131\u011f\u0131 California eyaletine y\u00f6nelik d\u00fczenlemeleri duyurdu. &#13; 1 Temmuz&#8217;da y\u00fcr\u00fcrl\u00fc\u011fe girecek d\u00fczenlemeler uyar\u0131nca s\u00fcr\u00fcc\u00fcs\u00fcz ara\u00e7lar\u0131n hareket halindeyken k\u0131rm\u0131z\u0131 \u0131\u015f\u0131k ihlali, hatal\u0131 \u015ferit de\u011fi\u015ftirme gibi trafik kurallar\u0131n\u0131 ihlal etmeleri durumunda polis, do\u011frudan ilgili \u015firkete ceza kesebilecek. &#13; Ayr\u0131ca \u015firketlerin, polis ve [&hellip;]","og_url":"https:\/\/kuzeyinsesi.org\/index.php\/2026\/05\/03\/abdde-trafik-kurallarini-ihlal-eden-surucusuz-otonom-araclara-ceza-kesilecek\/","og_site_name":"Kuzeyin Sesi","article_publisher":"https:\/\/www.facebook.com\/kuzeyinsesii","article_published_time":"2026-05-03T09:04:39+00:00","og_image":[{"url":"https:\/\/trthaberstatic.cdn.wp.trt.com.tr\/resimler\/2456000\/otonom-arac-in-us-reu-2457751.jpg","type":"","width":"","height":""}],"author":"Kuzeyin Sesi","twitter_card":"summary_large_image","twitter_creator":"@kuzeyinsesii","twitter_site":"@kuzeyinsesii","twitter_misc":{"Yazan:":"Kuzeyin Sesi","Tahmini okuma s\u00fcresi":"1 dakika"},"schema":{"@context":"https:\/\/schema.org","@graph":[{"@type":"Article","@id":"https:\/\/kuzeyinsesi.org\/index.php\/2026\/05\/03\/abdde-trafik-kurallarini-ihlal-eden-surucusuz-otonom-araclara-ceza-kesilecek\/#article","isPartOf":{"@id":"https:\/\/kuzeyinsesi.org\/index.php\/2026\/05\/03\/abdde-trafik-kurallarini-ihlal-eden-surucusuz-otonom-araclara-ceza-kesilecek\/"},"author":{"name":"Kuzeyin Sesi","@id":"https:\/\/kuzeyinsesi.org\/#\/schema\/person\/9f859689cdf01485597712386e37f5aa"},"headline":"ABD&#039;de trafik kurallar\u0131n\u0131 ihlal eden s\u00fcr\u00fcc\u00fcs\u00fcz otonom ara\u00e7lara ceza kesilecek","datePublished":"2026-05-03T09:04:39+00:00","mainEntityOfPage":{"@id":"https:\/\/kuzeyinsesi.org\/index.php\/2026\/05\/03\/abdde-trafik-kurallarini-ihlal-eden-surucusuz-otonom-araclara-ceza-kesilecek\/"},"wordCount":177,"commentCount":0,"image":{"@id":"https:\/\/kuzeyinsesi.org\/index.php\/2026\/05\/03\/abdde-trafik-kurallarini-ihlal-eden-surucusuz-otonom-araclara-ceza-kesilecek\/#primaryimage"},"thumbnailUrl":"https:\/\/kuzeyinsesi.org\/wp-content\/uploads\/2026\/05\/otonom-arac-in-us-reu-2457751.jpg","articleSection":["D\u00fcnya"],"inLanguage":"tr","potentialAction":[{"@type":"CommentAction","name":"Comment","target":["https:\/\/kuzeyinsesi.org\/index.php\/2026\/05\/03\/abdde-trafik-kurallarini-ihlal-eden-surucusuz-otonom-araclara-ceza-kesilecek\/#respond"]}]},{"@type":"WebPage","@id":"https:\/\/kuzeyinsesi.org\/index.php\/2026\/05\/03\/abdde-trafik-kurallarini-ihlal-eden-surucusuz-otonom-araclara-ceza-kesilecek\/","url":"https:\/\/kuzeyinsesi.org\/index.php\/2026\/05\/03\/abdde-trafik-kurallarini-ihlal-eden-surucusuz-otonom-araclara-ceza-kesilecek\/","name":"ABD&#039;de trafik kurallar\u0131n\u0131 ihlal eden s\u00fcr\u00fcc\u00fcs\u00fcz otonom ara\u00e7lara ceza kesilecek - Kuzeyin Sesi","isPartOf":{"@id":"https:\/\/kuzeyinsesi.org\/#website"},"primaryImageOfPage":{"@id":"https:\/\/kuzeyinsesi.org\/index.php\/2026\/05\/03\/abdde-trafik-kurallarini-ihlal-eden-surucusuz-otonom-araclara-ceza-kesilecek\/#primaryimage"},"image":{"@id":"https:\/\/kuzeyinsesi.org\/index.php\/2026\/05\/03\/abdde-trafik-kurallarini-ihlal-eden-surucusuz-otonom-araclara-ceza-kesilecek\/#primaryimage"},"thumbnailUrl":"https:\/\/kuzeyinsesi.org\/wp-content\/uploads\/2026\/05\/otonom-arac-in-us-reu-2457751.jpg","datePublished":"2026-05-03T09:04:39+00:00","author":{"@id":"https:\/\/kuzeyinsesi.org\/#\/schema\/person\/9f859689cdf01485597712386e37f5aa"},"breadcrumb":{"@id":"https:\/\/kuzeyinsesi.org\/index.php\/2026\/05\/03\/abdde-trafik-kurallarini-ihlal-eden-surucusuz-otonom-araclara-ceza-kesilecek\/#breadcrumb"},"inLanguage":"tr","potentialAction":[{"@type":"ReadAction","target":["https:\/\/kuzeyinsesi.org\/index.php\/2026\/05\/03\/abdde-trafik-kurallarini-ihlal-eden-surucusuz-otonom-araclara-ceza-kesilecek\/"]}]},{"@type":"ImageObject","inLanguage":"tr","@id":"https:\/\/kuzeyinsesi.org\/index.php\/2026\/05\/03\/abdde-trafik-kurallarini-ihlal-eden-surucusuz-otonom-araclara-ceza-kesilecek\/#primaryimage","url":"https:\/\/kuzeyinsesi.org\/wp-content\/uploads\/2026\/05\/otonom-arac-in-us-reu-2457751.jpg","contentUrl":"https:\/\/kuzeyinsesi.org\/wp-content\/uploads\/2026\/05\/otonom-arac-in-us-reu-2457751.jpg","width":1280,"height":720},{"@type":"BreadcrumbList","@id":"https:\/\/kuzeyinsesi.org\/index.php\/2026\/05\/03\/abdde-trafik-kurallarini-ihlal-eden-surucusuz-otonom-araclara-ceza-kesilecek\/#breadcrumb","itemListElement":[{"@type":"ListItem","position":1,"name":"Anasayfa","item":"https:\/\/kuzeyinsesi.org\/"},{"@type":"ListItem","position":2,"name":"ABD&#039;de trafik kurallar\u0131n\u0131 ihlal eden s\u00fcr\u00fcc\u00fcs\u00fcz otonom ara\u00e7lara ceza kesilecek"}]},{"@type":"WebSite","@id":"https:\/\/kuzeyinsesi.org\/#website","url":"https:\/\/kuzeyinsesi.org\/","name":"Kuzeyin Sesi","description":"Do\u011fru Haberin Adresi","potentialAction":[{"@type":"SearchAction","target":{"@type":"EntryPoint","urlTemplate":"https:\/\/kuzeyinsesi.org\/?s={search_term_string}"},"query-input":{"@type":"PropertyValueSpecification","valueRequired":true,"valueName":"search_term_string"}}],"inLanguage":"tr"},{"@type":"Person","@id":"https:\/\/kuzeyinsesi.org\/#\/schema\/person\/9f859689cdf01485597712386e37f5aa","name":"Kuzeyin Sesi","image":{"@type":"ImageObject","inLanguage":"tr","@id":"https:\/\/secure.gravatar.com\/avatar\/bab33852abfd8b282518d6ed81826833d77c3c882d9ab608add591ccace47a44?s=96&d=mm&r=g","url":"https:\/\/secure.gravatar.com\/avatar\/bab33852abfd8b282518d6ed81826833d77c3c882d9ab608add591ccace47a44?s=96&d=mm&r=g","contentUrl":"https:\/\/secure.gravatar.com\/avatar\/bab33852abfd8b282518d6ed81826833d77c3c882d9ab608add591ccace47a44?s=96&d=mm&r=g","caption":"Kuzeyin Sesi"},"sameAs":["https:\/\/kuzeyinsesi.org"],"url":"https:\/\/kuzeyinsesi.org\/index.php\/author\/guven\/"}]}},"_links":{"self":[{"href":"https:\/\/kuzeyinsesi.org\/index.php\/wp-json\/wp\/v2\/posts\/37906","targetHints":{"allow":["GET"]}}],"collection":[{"href":"https:\/\/kuzeyinsesi.org\/index.php\/wp-json\/wp\/v2\/posts"}],"about":[{"href":"https:\/\/kuzeyinsesi.org\/index.php\/wp-json\/wp\/v2\/types\/post"}],"author":[{"embeddable":true,"href":"https:\/\/kuzeyinsesi.org\/index.php\/wp-json\/wp\/v2\/users\/1"}],"replies":[{"embeddable":true,"href":"https:\/\/kuzeyinsesi.org\/index.php\/wp-json\/wp\/v2\/comments?post=37906"}],"version-history":[{"count":0,"href":"https:\/\/kuzeyinsesi.org\/index.php\/wp-json\/wp\/v2\/posts\/37906\/revisions"}],"wp:featuredmedia":[{"embeddable":true,"href":"https:\/\/kuzeyinsesi.org\/index.php\/wp-json\/wp\/v2\/media\/37907"}],"wp:attachment":[{"href":"https:\/\/kuzeyinsesi.org\/index.php\/wp-json\/wp\/v2\/media?parent=37906"}],"wp:term":[{"taxonomy":"category","embeddable":true,"href":"https:\/\/kuzeyinsesi.org\/index.php\/wp-json\/wp\/v2\/categories?post=37906"},{"taxonomy":"post_tag","embeddable":true,"href":"https:\/\/kuzeyinsesi.org\/index.php\/wp-json\/wp\/v2\/tags?post=37906"}],"curies":[{"name":"wp","href":"https:\/\/api.w.org\/{rel}","templated":true}]}}