{"id":37901,"date":"2026-05-03T11:04:10","date_gmt":"2026-05-03T08:04:10","guid":{"rendered":"https:\/\/kuzeyinsesi.org\/index.php\/2026\/05\/03\/gazimagusada-uyusturucu-operasyonu-2-tutuklu\/"},"modified":"2026-05-03T11:04:10","modified_gmt":"2026-05-03T08:04:10","slug":"gazimagusada-uyusturucu-operasyonu-2-tutuklu","status":"publish","type":"post","link":"https:\/\/kuzeyinsesi.org\/index.php\/2026\/05\/03\/gazimagusada-uyusturucu-operasyonu-2-tutuklu\/","title":{"rendered":"Gazima\u011fusa\u2019da uyu\u015fturucu operasyonu: 2 tutuklu"},"content":{"rendered":"<p style=\"font-weight: 300\"><span style=\"font-weight: 300 !important\">Gazima\u011fusa\u2019da d\u00fcn ger\u00e7ekle\u015ftirilen uyu\u015fturucu operasyonunda 2 ki\u015fi tutukland\u0131.<\/span><\/p>\n<p style=\"font-weight: 300\" data-start=\"231\" data-end=\"499\"><span style=\"font-weight: 300 !important\">Polis Bas\u0131n B\u00fclteni\u2019ne g\u00f6re, Gazima\u011fusa\u2019da Beyo\u011flu Sokak&#8217;ta C\u00fcr\u00fcmleri \u00d6nleme \u015eube Amirli\u011fi ekiplerince ger\u00e7ekle\u015ftirilen operasyonda, S.D.\u2019nin (E-35) \u00fczerinde yap\u0131lan aramada yakla\u015f\u0131k 135 gram a\u011f\u0131rl\u0131\u011f\u0131nda metanfetamin t\u00fcr\u00fc uyu\u015fturucu oldu\u011funa inan\u0131lan madde bulunarak emare al\u0131nd\u0131.<\/span><\/p>\n<p style=\"font-weight: 300\"><span style=\"font-weight: 300 !important\">Soru\u015fturman\u0131n devam\u0131nda, meseleyle ba\u011flant\u0131l\u0131 oldu\u011fu belirlenen A.K.\u2019nin (K-39) evinde yap\u0131lan aramada ise, hintkeneviri t\u00fcr\u00fc uyu\u015fturucu oldu\u011funa inan\u0131lan sarma sigara, yakla\u015f\u0131k 0.5 gram metanfetaminle uyu\u015fturucu kal\u0131nt\u0131s\u0131 i\u00e7erdi\u011fi de\u011ferlendirilen hassas terazi, cam pipo, iki pipo a\u011fz\u0131 ve bir biberon tespit edildi. S\u00f6z konusu ki\u015filer tutukland\u0131.<\/span><\/p>\n<p style=\"font-weight: 300\"><b><strong data-start=\"843\" data-end=\"904\"><span style=\"font-weight: 300 !important\">&#8211; Sahte kira s\u00f6zle\u015fmesiyle ilgili aranan \u015fah\u0131s tutukland\u0131<\/span><\/strong><\/b><\/p>\n<p style=\"font-weight: 300\" data-start=\"843\" data-end=\"1075\"><span style=\"font-weight: 300 !important\">\u00d6te yandan,\u00a0<\/span><span style=\"font-weight: 300 !important\">Girne\u2019de 9 Nisan\u2019da, kesik olan elektri\u011fi a\u00e7t\u0131rmak i\u00e7in sahte kira s\u00f6zle\u015fmesi d\u00fczenlenmesiyle ilgili aranan M.O.\u00d6. (<\/span><span style=\"font-weight: 300 !important\">E-47 )<\/span><span style=\"font-weight: 300 !important\">d\u00fcn Girne\u2019de tespit edilerek tutukland\u0131.<\/span><\/p>\n<p style=\"font-weight: 300\" data-start=\"1077\" data-end=\"1288\"><b><strong data-start=\"1077\" data-end=\"1115\"><span style=\"font-weight: 300 !important\">&#8211; \u0130zinsiz ikamet\u2026 1 tutuklu<\/span><\/strong><\/b><\/p>\n<p style=\"font-weight: 300\" data-start=\"1077\" data-end=\"1288\"><span style=\"font-weight: 300 !important\">\u00dclke genelinde polis ekiplerinin d\u00fcnk\u00fc denetimlerde, yasal stat\u00fcs\u00fc bulunmad\u0131\u011f\u0131 halde izinsiz ikamet etti\u011fi tespit edilen 1 ki\u015fi tutukland\u0131.<\/span><\/p>\n<p style=\"font-weight: 300\" data-start=\"1290\" data-end=\"1530\"><b><strong data-start=\"1290\" data-end=\"1324\"><span style=\"font-weight: 300 !important\">&#8211; Gazima\u011fusa\u2019da derbeder \u015fah\u0131s\u2026<\/span><\/strong><\/b><\/p>\n<p style=\"font-weight: 300\" data-start=\"1290\" data-end=\"1530\"><span style=\"font-weight: 300 !important\">Gazima\u011fusa\u2019daki kontrolde ise herhangi bir geliri ve kalacak yeri olmad\u0131\u011f\u0131 belirlenen M.T. (E-43) &#8220;derbeder&#8221; \u015fekilde dola\u015ft\u0131\u011f\u0131 gerek\u00e7esiyle tutukland\u0131.<\/span><\/p>\n<p style=\"font-weight: 300\"><span style=\"font-weight: 300 !important\">Polisin s\u00f6z konusu olaylarla ilgili soru\u015fturmas\u0131 devam ediyor.<\/span><\/p>\n","protected":false},"excerpt":{"rendered":"<p>Gazima\u011fusa\u2019da d\u00fcn ger\u00e7ekle\u015ftirilen uyu\u015fturucu operasyonunda 2 ki\u015fi tutukland\u0131. Polis Bas\u0131n B\u00fclteni\u2019ne g\u00f6re, Gazima\u011fusa\u2019da Beyo\u011flu Sokak&#8217;ta C\u00fcr\u00fcmleri \u00d6nleme \u015eube Amirli\u011fi ekiplerince ger\u00e7ekle\u015ftirilen operasyonda, S.D.\u2019nin (E-35) \u00fczerinde yap\u0131lan aramada yakla\u015f\u0131k 135 gram a\u011f\u0131rl\u0131\u011f\u0131nda metanfetamin t\u00fcr\u00fc uyu\u015fturucu oldu\u011funa inan\u0131lan madde bulunarak emare al\u0131nd\u0131. Soru\u015fturman\u0131n devam\u0131nda, meseleyle ba\u011flant\u0131l\u0131 oldu\u011fu belirlenen A.K.\u2019nin (K-39) evinde yap\u0131lan aramada ise, hintkeneviri t\u00fcr\u00fc uyu\u015fturucu [&hellip;]<\/p>\n","protected":false},"author":1,"featured_media":37245,"comment_status":"open","ping_status":"open","sticky":false,"template":"","format":"standard","meta":{"jnews-multi-image_gallery":[],"jnews_single_post":[],"jnews_primary_category":[],"jnews_social_meta":[],"jnews_override_counter":[],"footnotes":""},"categories":[1],"tags":[],"class_list":["post-37901","post","type-post","status-publish","format-standard","has-post-thumbnail","hentry","category-kibris"],"yoast_head":"<!-- This site is optimized with the Yoast SEO plugin v27.5 - https:\/\/yoast.com\/product\/yoast-seo-wordpress\/ -->\n<title>Gazima\u011fusa\u2019da uyu\u015fturucu operasyonu: 2 tutuklu - Kuzeyin Sesi<\/title>\n<meta name=\"robots\" content=\"index, follow, max-snippet:-1, max-image-preview:large, max-video-preview:-1\" \/>\n<link rel=\"canonical\" href=\"https:\/\/kuzeyinsesi.org\/index.php\/2026\/05\/03\/gazimagusada-uyusturucu-operasyonu-2-tutuklu\/\" \/>\n<meta property=\"og:locale\" content=\"tr_TR\" \/>\n<meta property=\"og:type\" content=\"article\" \/>\n<meta property=\"og:title\" content=\"Gazima\u011fusa\u2019da uyu\u015fturucu operasyonu: 2 tutuklu - Kuzeyin Sesi\" \/>\n<meta property=\"og:description\" content=\"Gazima\u011fusa\u2019da d\u00fcn ger\u00e7ekle\u015ftirilen uyu\u015fturucu operasyonunda 2 ki\u015fi tutukland\u0131. Polis Bas\u0131n B\u00fclteni\u2019ne g\u00f6re, Gazima\u011fusa\u2019da Beyo\u011flu Sokak&#8217;ta C\u00fcr\u00fcmleri \u00d6nleme \u015eube Amirli\u011fi ekiplerince ger\u00e7ekle\u015ftirilen operasyonda, S.D.\u2019nin (E-35) \u00fczerinde yap\u0131lan aramada yakla\u015f\u0131k 135 gram a\u011f\u0131rl\u0131\u011f\u0131nda metanfetamin t\u00fcr\u00fc uyu\u015fturucu oldu\u011funa inan\u0131lan madde bulunarak emare al\u0131nd\u0131. Soru\u015fturman\u0131n devam\u0131nda, meseleyle ba\u011flant\u0131l\u0131 oldu\u011fu belirlenen A.K.\u2019nin (K-39) evinde yap\u0131lan aramada ise, hintkeneviri t\u00fcr\u00fc uyu\u015fturucu [&hellip;]\" \/>\n<meta property=\"og:url\" content=\"https:\/\/kuzeyinsesi.org\/index.php\/2026\/05\/03\/gazimagusada-uyusturucu-operasyonu-2-tutuklu\/\" \/>\n<meta property=\"og:site_name\" content=\"Kuzeyin Sesi\" \/>\n<meta property=\"article:publisher\" content=\"https:\/\/www.facebook.com\/kuzeyinsesii\" \/>\n<meta property=\"article:published_time\" content=\"2026-05-03T08:04:10+00:00\" \/>\n<meta name=\"author\" content=\"Kuzeyin Sesi\" \/>\n<meta name=\"twitter:card\" content=\"summary_large_image\" \/>\n<meta name=\"twitter:creator\" content=\"@kuzeyinsesii\" \/>\n<meta name=\"twitter:site\" content=\"@kuzeyinsesii\" \/>\n<meta name=\"twitter:label1\" content=\"Yazan:\" \/>\n\t<meta name=\"twitter:data1\" content=\"Kuzeyin Sesi\" \/>\n\t<meta name=\"twitter:label2\" content=\"Tahmini okuma s\u00fcresi\" \/>\n\t<meta name=\"twitter:data2\" content=\"1 dakika\" \/>\n<script type=\"application\/ld+json\" class=\"yoast-schema-graph\">{\"@context\":\"https:\\\/\\\/schema.org\",\"@graph\":[{\"@type\":\"Article\",\"@id\":\"https:\\\/\\\/kuzeyinsesi.org\\\/index.php\\\/2026\\\/05\\\/03\\\/gazimagusada-uyusturucu-operasyonu-2-tutuklu\\\/#article\",\"isPartOf\":{\"@id\":\"https:\\\/\\\/kuzeyinsesi.org\\\/index.php\\\/2026\\\/05\\\/03\\\/gazimagusada-uyusturucu-operasyonu-2-tutuklu\\\/\"},\"author\":{\"name\":\"Kuzeyin Sesi\",\"@id\":\"https:\\\/\\\/kuzeyinsesi.org\\\/#\\\/schema\\\/person\\\/9f859689cdf01485597712386e37f5aa\"},\"headline\":\"Gazima\u011fusa\u2019da uyu\u015fturucu operasyonu: 2 tutuklu\",\"datePublished\":\"2026-05-03T08:04:10+00:00\",\"mainEntityOfPage\":{\"@id\":\"https:\\\/\\\/kuzeyinsesi.org\\\/index.php\\\/2026\\\/05\\\/03\\\/gazimagusada-uyusturucu-operasyonu-2-tutuklu\\\/\"},\"wordCount\":248,\"commentCount\":0,\"image\":{\"@id\":\"https:\\\/\\\/kuzeyinsesi.org\\\/index.php\\\/2026\\\/05\\\/03\\\/gazimagusada-uyusturucu-operasyonu-2-tutuklu\\\/#primaryimage\"},\"thumbnailUrl\":\"https:\\\/\\\/kuzeyinsesi.org\\\/wp-content\\\/uploads\\\/2026\\\/04\\\/1753006339165tutuklama24.jpg\",\"articleSection\":[\"K\u0131br\u0131s\"],\"inLanguage\":\"tr\",\"potentialAction\":[{\"@type\":\"CommentAction\",\"name\":\"Comment\",\"target\":[\"https:\\\/\\\/kuzeyinsesi.org\\\/index.php\\\/2026\\\/05\\\/03\\\/gazimagusada-uyusturucu-operasyonu-2-tutuklu\\\/#respond\"]}]},{\"@type\":\"WebPage\",\"@id\":\"https:\\\/\\\/kuzeyinsesi.org\\\/index.php\\\/2026\\\/05\\\/03\\\/gazimagusada-uyusturucu-operasyonu-2-tutuklu\\\/\",\"url\":\"https:\\\/\\\/kuzeyinsesi.org\\\/index.php\\\/2026\\\/05\\\/03\\\/gazimagusada-uyusturucu-operasyonu-2-tutuklu\\\/\",\"name\":\"Gazima\u011fusa\u2019da uyu\u015fturucu operasyonu: 2 tutuklu - Kuzeyin Sesi\",\"isPartOf\":{\"@id\":\"https:\\\/\\\/kuzeyinsesi.org\\\/#website\"},\"primaryImageOfPage\":{\"@id\":\"https:\\\/\\\/kuzeyinsesi.org\\\/index.php\\\/2026\\\/05\\\/03\\\/gazimagusada-uyusturucu-operasyonu-2-tutuklu\\\/#primaryimage\"},\"image\":{\"@id\":\"https:\\\/\\\/kuzeyinsesi.org\\\/index.php\\\/2026\\\/05\\\/03\\\/gazimagusada-uyusturucu-operasyonu-2-tutuklu\\\/#primaryimage\"},\"thumbnailUrl\":\"https:\\\/\\\/kuzeyinsesi.org\\\/wp-content\\\/uploads\\\/2026\\\/04\\\/1753006339165tutuklama24.jpg\",\"datePublished\":\"2026-05-03T08:04:10+00:00\",\"author\":{\"@id\":\"https:\\\/\\\/kuzeyinsesi.org\\\/#\\\/schema\\\/person\\\/9f859689cdf01485597712386e37f5aa\"},\"breadcrumb\":{\"@id\":\"https:\\\/\\\/kuzeyinsesi.org\\\/index.php\\\/2026\\\/05\\\/03\\\/gazimagusada-uyusturucu-operasyonu-2-tutuklu\\\/#breadcrumb\"},\"inLanguage\":\"tr\",\"potentialAction\":[{\"@type\":\"ReadAction\",\"target\":[\"https:\\\/\\\/kuzeyinsesi.org\\\/index.php\\\/2026\\\/05\\\/03\\\/gazimagusada-uyusturucu-operasyonu-2-tutuklu\\\/\"]}]},{\"@type\":\"ImageObject\",\"inLanguage\":\"tr\",\"@id\":\"https:\\\/\\\/kuzeyinsesi.org\\\/index.php\\\/2026\\\/05\\\/03\\\/gazimagusada-uyusturucu-operasyonu-2-tutuklu\\\/#primaryimage\",\"url\":\"https:\\\/\\\/kuzeyinsesi.org\\\/wp-content\\\/uploads\\\/2026\\\/04\\\/1753006339165tutuklama24.jpg\",\"contentUrl\":\"https:\\\/\\\/kuzeyinsesi.org\\\/wp-content\\\/uploads\\\/2026\\\/04\\\/1753006339165tutuklama24.jpg\",\"width\":1021,\"height\":576},{\"@type\":\"BreadcrumbList\",\"@id\":\"https:\\\/\\\/kuzeyinsesi.org\\\/index.php\\\/2026\\\/05\\\/03\\\/gazimagusada-uyusturucu-operasyonu-2-tutuklu\\\/#breadcrumb\",\"itemListElement\":[{\"@type\":\"ListItem\",\"position\":1,\"name\":\"Anasayfa\",\"item\":\"https:\\\/\\\/kuzeyinsesi.org\\\/\"},{\"@type\":\"ListItem\",\"position\":2,\"name\":\"Gazima\u011fusa\u2019da uyu\u015fturucu operasyonu: 2 tutuklu\"}]},{\"@type\":\"WebSite\",\"@id\":\"https:\\\/\\\/kuzeyinsesi.org\\\/#website\",\"url\":\"https:\\\/\\\/kuzeyinsesi.org\\\/\",\"name\":\"Kuzeyin Sesi\",\"description\":\"Do\u011fru Haberin Adresi\",\"potentialAction\":[{\"@type\":\"SearchAction\",\"target\":{\"@type\":\"EntryPoint\",\"urlTemplate\":\"https:\\\/\\\/kuzeyinsesi.org\\\/?s={search_term_string}\"},\"query-input\":{\"@type\":\"PropertyValueSpecification\",\"valueRequired\":true,\"valueName\":\"search_term_string\"}}],\"inLanguage\":\"tr\"},{\"@type\":\"Person\",\"@id\":\"https:\\\/\\\/kuzeyinsesi.org\\\/#\\\/schema\\\/person\\\/9f859689cdf01485597712386e37f5aa\",\"name\":\"Kuzeyin Sesi\",\"image\":{\"@type\":\"ImageObject\",\"inLanguage\":\"tr\",\"@id\":\"https:\\\/\\\/secure.gravatar.com\\\/avatar\\\/bab33852abfd8b282518d6ed81826833d77c3c882d9ab608add591ccace47a44?s=96&d=mm&r=g\",\"url\":\"https:\\\/\\\/secure.gravatar.com\\\/avatar\\\/bab33852abfd8b282518d6ed81826833d77c3c882d9ab608add591ccace47a44?s=96&d=mm&r=g\",\"contentUrl\":\"https:\\\/\\\/secure.gravatar.com\\\/avatar\\\/bab33852abfd8b282518d6ed81826833d77c3c882d9ab608add591ccace47a44?s=96&d=mm&r=g\",\"caption\":\"Kuzeyin Sesi\"},\"sameAs\":[\"https:\\\/\\\/kuzeyinsesi.org\"],\"url\":\"https:\\\/\\\/kuzeyinsesi.org\\\/index.php\\\/author\\\/guven\\\/\"}]}<\/script>\n<!-- \/ Yoast SEO plugin. -->","yoast_head_json":{"title":"Gazima\u011fusa\u2019da uyu\u015fturucu operasyonu: 2 tutuklu - Kuzeyin Sesi","robots":{"index":"index","follow":"follow","max-snippet":"max-snippet:-1","max-image-preview":"max-image-preview:large","max-video-preview":"max-video-preview:-1"},"canonical":"https:\/\/kuzeyinsesi.org\/index.php\/2026\/05\/03\/gazimagusada-uyusturucu-operasyonu-2-tutuklu\/","og_locale":"tr_TR","og_type":"article","og_title":"Gazima\u011fusa\u2019da uyu\u015fturucu operasyonu: 2 tutuklu - Kuzeyin Sesi","og_description":"Gazima\u011fusa\u2019da d\u00fcn ger\u00e7ekle\u015ftirilen uyu\u015fturucu operasyonunda 2 ki\u015fi tutukland\u0131. Polis Bas\u0131n B\u00fclteni\u2019ne g\u00f6re, Gazima\u011fusa\u2019da Beyo\u011flu Sokak&#8217;ta C\u00fcr\u00fcmleri \u00d6nleme \u015eube Amirli\u011fi ekiplerince ger\u00e7ekle\u015ftirilen operasyonda, S.D.\u2019nin (E-35) \u00fczerinde yap\u0131lan aramada yakla\u015f\u0131k 135 gram a\u011f\u0131rl\u0131\u011f\u0131nda metanfetamin t\u00fcr\u00fc uyu\u015fturucu oldu\u011funa inan\u0131lan madde bulunarak emare al\u0131nd\u0131. Soru\u015fturman\u0131n devam\u0131nda, meseleyle ba\u011flant\u0131l\u0131 oldu\u011fu belirlenen A.K.\u2019nin (K-39) evinde yap\u0131lan aramada ise, hintkeneviri t\u00fcr\u00fc uyu\u015fturucu [&hellip;]","og_url":"https:\/\/kuzeyinsesi.org\/index.php\/2026\/05\/03\/gazimagusada-uyusturucu-operasyonu-2-tutuklu\/","og_site_name":"Kuzeyin Sesi","article_publisher":"https:\/\/www.facebook.com\/kuzeyinsesii","article_published_time":"2026-05-03T08:04:10+00:00","author":"Kuzeyin Sesi","twitter_card":"summary_large_image","twitter_creator":"@kuzeyinsesii","twitter_site":"@kuzeyinsesii","twitter_misc":{"Yazan:":"Kuzeyin Sesi","Tahmini okuma s\u00fcresi":"1 dakika"},"schema":{"@context":"https:\/\/schema.org","@graph":[{"@type":"Article","@id":"https:\/\/kuzeyinsesi.org\/index.php\/2026\/05\/03\/gazimagusada-uyusturucu-operasyonu-2-tutuklu\/#article","isPartOf":{"@id":"https:\/\/kuzeyinsesi.org\/index.php\/2026\/05\/03\/gazimagusada-uyusturucu-operasyonu-2-tutuklu\/"},"author":{"name":"Kuzeyin Sesi","@id":"https:\/\/kuzeyinsesi.org\/#\/schema\/person\/9f859689cdf01485597712386e37f5aa"},"headline":"Gazima\u011fusa\u2019da uyu\u015fturucu operasyonu: 2 tutuklu","datePublished":"2026-05-03T08:04:10+00:00","mainEntityOfPage":{"@id":"https:\/\/kuzeyinsesi.org\/index.php\/2026\/05\/03\/gazimagusada-uyusturucu-operasyonu-2-tutuklu\/"},"wordCount":248,"commentCount":0,"image":{"@id":"https:\/\/kuzeyinsesi.org\/index.php\/2026\/05\/03\/gazimagusada-uyusturucu-operasyonu-2-tutuklu\/#primaryimage"},"thumbnailUrl":"https:\/\/kuzeyinsesi.org\/wp-content\/uploads\/2026\/04\/1753006339165tutuklama24.jpg","articleSection":["K\u0131br\u0131s"],"inLanguage":"tr","potentialAction":[{"@type":"CommentAction","name":"Comment","target":["https:\/\/kuzeyinsesi.org\/index.php\/2026\/05\/03\/gazimagusada-uyusturucu-operasyonu-2-tutuklu\/#respond"]}]},{"@type":"WebPage","@id":"https:\/\/kuzeyinsesi.org\/index.php\/2026\/05\/03\/gazimagusada-uyusturucu-operasyonu-2-tutuklu\/","url":"https:\/\/kuzeyinsesi.org\/index.php\/2026\/05\/03\/gazimagusada-uyusturucu-operasyonu-2-tutuklu\/","name":"Gazima\u011fusa\u2019da uyu\u015fturucu operasyonu: 2 tutuklu - Kuzeyin Sesi","isPartOf":{"@id":"https:\/\/kuzeyinsesi.org\/#website"},"primaryImageOfPage":{"@id":"https:\/\/kuzeyinsesi.org\/index.php\/2026\/05\/03\/gazimagusada-uyusturucu-operasyonu-2-tutuklu\/#primaryimage"},"image":{"@id":"https:\/\/kuzeyinsesi.org\/index.php\/2026\/05\/03\/gazimagusada-uyusturucu-operasyonu-2-tutuklu\/#primaryimage"},"thumbnailUrl":"https:\/\/kuzeyinsesi.org\/wp-content\/uploads\/2026\/04\/1753006339165tutuklama24.jpg","datePublished":"2026-05-03T08:04:10+00:00","author":{"@id":"https:\/\/kuzeyinsesi.org\/#\/schema\/person\/9f859689cdf01485597712386e37f5aa"},"breadcrumb":{"@id":"https:\/\/kuzeyinsesi.org\/index.php\/2026\/05\/03\/gazimagusada-uyusturucu-operasyonu-2-tutuklu\/#breadcrumb"},"inLanguage":"tr","potentialAction":[{"@type":"ReadAction","target":["https:\/\/kuzeyinsesi.org\/index.php\/2026\/05\/03\/gazimagusada-uyusturucu-operasyonu-2-tutuklu\/"]}]},{"@type":"ImageObject","inLanguage":"tr","@id":"https:\/\/kuzeyinsesi.org\/index.php\/2026\/05\/03\/gazimagusada-uyusturucu-operasyonu-2-tutuklu\/#primaryimage","url":"https:\/\/kuzeyinsesi.org\/wp-content\/uploads\/2026\/04\/1753006339165tutuklama24.jpg","contentUrl":"https:\/\/kuzeyinsesi.org\/wp-content\/uploads\/2026\/04\/1753006339165tutuklama24.jpg","width":1021,"height":576},{"@type":"BreadcrumbList","@id":"https:\/\/kuzeyinsesi.org\/index.php\/2026\/05\/03\/gazimagusada-uyusturucu-operasyonu-2-tutuklu\/#breadcrumb","itemListElement":[{"@type":"ListItem","position":1,"name":"Anasayfa","item":"https:\/\/kuzeyinsesi.org\/"},{"@type":"ListItem","position":2,"name":"Gazima\u011fusa\u2019da uyu\u015fturucu operasyonu: 2 tutuklu"}]},{"@type":"WebSite","@id":"https:\/\/kuzeyinsesi.org\/#website","url":"https:\/\/kuzeyinsesi.org\/","name":"Kuzeyin Sesi","description":"Do\u011fru Haberin Adresi","potentialAction":[{"@type":"SearchAction","target":{"@type":"EntryPoint","urlTemplate":"https:\/\/kuzeyinsesi.org\/?s={search_term_string}"},"query-input":{"@type":"PropertyValueSpecification","valueRequired":true,"valueName":"search_term_string"}}],"inLanguage":"tr"},{"@type":"Person","@id":"https:\/\/kuzeyinsesi.org\/#\/schema\/person\/9f859689cdf01485597712386e37f5aa","name":"Kuzeyin Sesi","image":{"@type":"ImageObject","inLanguage":"tr","@id":"https:\/\/secure.gravatar.com\/avatar\/bab33852abfd8b282518d6ed81826833d77c3c882d9ab608add591ccace47a44?s=96&d=mm&r=g","url":"https:\/\/secure.gravatar.com\/avatar\/bab33852abfd8b282518d6ed81826833d77c3c882d9ab608add591ccace47a44?s=96&d=mm&r=g","contentUrl":"https:\/\/secure.gravatar.com\/avatar\/bab33852abfd8b282518d6ed81826833d77c3c882d9ab608add591ccace47a44?s=96&d=mm&r=g","caption":"Kuzeyin Sesi"},"sameAs":["https:\/\/kuzeyinsesi.org"],"url":"https:\/\/kuzeyinsesi.org\/index.php\/author\/guven\/"}]}},"_links":{"self":[{"href":"https:\/\/kuzeyinsesi.org\/index.php\/wp-json\/wp\/v2\/posts\/37901","targetHints":{"allow":["GET"]}}],"collection":[{"href":"https:\/\/kuzeyinsesi.org\/index.php\/wp-json\/wp\/v2\/posts"}],"about":[{"href":"https:\/\/kuzeyinsesi.org\/index.php\/wp-json\/wp\/v2\/types\/post"}],"author":[{"embeddable":true,"href":"https:\/\/kuzeyinsesi.org\/index.php\/wp-json\/wp\/v2\/users\/1"}],"replies":[{"embeddable":true,"href":"https:\/\/kuzeyinsesi.org\/index.php\/wp-json\/wp\/v2\/comments?post=37901"}],"version-history":[{"count":0,"href":"https:\/\/kuzeyinsesi.org\/index.php\/wp-json\/wp\/v2\/posts\/37901\/revisions"}],"wp:featuredmedia":[{"embeddable":true,"href":"https:\/\/kuzeyinsesi.org\/index.php\/wp-json\/wp\/v2\/media\/37245"}],"wp:attachment":[{"href":"https:\/\/kuzeyinsesi.org\/index.php\/wp-json\/wp\/v2\/media?parent=37901"}],"wp:term":[{"taxonomy":"category","embeddable":true,"href":"https:\/\/kuzeyinsesi.org\/index.php\/wp-json\/wp\/v2\/categories?post=37901"},{"taxonomy":"post_tag","embeddable":true,"href":"https:\/\/kuzeyinsesi.org\/index.php\/wp-json\/wp\/v2\/tags?post=37901"}],"curies":[{"name":"wp","href":"https:\/\/api.w.org\/{rel}","templated":true}]}}