{"id":37890,"date":"2026-05-02T18:28:27","date_gmt":"2026-05-02T15:28:27","guid":{"rendered":"https:\/\/kuzeyinsesi.org\/index.php\/2026\/05\/02\/oscara-yapay-zeka-ayari-2027den-itibaren-yeni-kurallar-uygulanacak\/"},"modified":"2026-05-02T18:28:27","modified_gmt":"2026-05-02T15:28:27","slug":"oscara-yapay-zeka-ayari-2027den-itibaren-yeni-kurallar-uygulanacak","status":"publish","type":"post","link":"https:\/\/kuzeyinsesi.org\/index.php\/2026\/05\/02\/oscara-yapay-zeka-ayari-2027den-itibaren-yeni-kurallar-uygulanacak\/","title":{"rendered":"Oscar&#039;a yapay zeka ayar\u0131: 2027&#039;den itibaren yeni kurallar uygulanacak"},"content":{"rendered":"<p><\/p>\n<div>\n<p>&#13;<br \/>\n\t<a href=\"https:\/\/www.trthaber.com\/etiket\/sinema\/\" target=\"_blank\">Sinema<\/a> d\u00fcnyas\u0131n\u0131n en prestijli \u00f6d\u00fcl\u00fc olan Oscar\u2019\u0131 da\u011f\u0131tan Sinema Sanatlar\u0131 ve Bilimleri Akademisi, <a href=\"https:\/\/www.trthaber.com\/etiket\/yapay-zeka\/\" target=\"_blank\">yapay zeka<\/a> kullan\u0131m\u0131na dair kurallar\u0131n\u0131 sertle\u015ftirerek 2027 y\u0131l\u0131ndan itibaren ge\u00e7erli olacak yeni politikas\u0131n\u0131 duyurdu. Yeni d\u00fczenlemeye g\u00f6re, yapay zeka taraf\u0131ndan \u00fcretilen oyunculuk performanslar\u0131 ve senaryolar art\u0131k \u00f6d\u00fcl kategorilerinde de\u011ferlendirilmeyecek. Akademi, bir eserin veya performans\u0131n aday g\u00f6sterilebilmesi i\u00e7in mutlaka &#8220;insan taraf\u0131ndan \u00fcretilmi\u015f&#8221; olmas\u0131 \u015fart\u0131n\u0131 getirirken, gerekirse ba\u015fvurular\u0131n insan yap\u0131m\u0131 oldu\u011funu do\u011frulamak ad\u0131na yap\u0131mc\u0131lardan ek bilgi ve belge talep edebilecek.<\/p>\n<h2>&#13;<br \/>\n\tTart\u0131\u015fmal\u0131 performanslar yar\u0131\u015f d\u0131\u015f\u0131 kalacak<\/h2>\n<p>&#13;<br \/>\n\tBu karar, \u00f6zellikle son d\u00f6nemde yapay zekan\u0131n sinemadaki rol\u00fcn\u00fcn artmas\u0131yla ba\u015flayan tart\u0131\u015fmalara son noktay\u0131 koymay\u0131 hedefliyor. Ge\u00e7ti\u011fimiz y\u0131l d\u00fczenlenen 97. <a href=\"https:\/\/www.trthaber.com\/etiket\/oscar\/\" target=\"_blank\">Oscar<\/a> \u00d6d\u00fclleri&#8217;nde baz\u0131 yap\u0131mlar\u0131n yapay zeka ara\u00e7lar\u0131ndan faydalanmas\u0131 dikkat \u00e7ekmi\u015fti. \u00d6rne\u011fin, &#8220;The Brutalist&#8221; filminde Adrien Brody\u2019nin sesini ve aksan\u0131n\u0131 geli\u015ftirmek i\u00e7in bu teknolojiden yararlan\u0131lm\u0131\u015f, ancak Brody yine de En \u0130yi Erkek Oyuncu \u00f6d\u00fcl\u00fcn\u00fc kazanm\u0131\u015ft\u0131. Yeni kurallar, teknolojinin bu denli yo\u011fun kullan\u0131m\u0131na art\u0131k adayl\u0131k seviyesinde ge\u00e7it vermeyecek.<\/p>\n<h2>&#13;<br \/>\n\tTeknolojik canland\u0131rmalar k\u0131s\u0131tlan\u0131yor<\/h2>\n<p>&#13;<br \/>\n\tYeni politikan\u0131n en somut kurbanlar\u0131ndan biri, hayat\u0131n\u0131 kaybeden \u00fcnl\u00fc oyuncu Val Kilmer\u2019\u0131n performans\u0131n\u0131 tamamen yapay zekayla canland\u0131ran ba\u011f\u0131ms\u0131z yap\u0131m &#8220;As Deep as the Grave&#8221; olacak. Bu t\u00fcr tamamen dijital y\u00f6ntemlerle olu\u015fturulan karakterler ve insan eli de\u011fmeden yaz\u0131lan metinler, 2027 t\u00f6reninden itibaren yar\u0131\u015fma d\u0131\u015f\u0131 kalacak. Akademi\u2019nin bu hamlesi, dijital d\u00f6n\u00fc\u015f\u00fcm\u00fcn h\u0131zland\u0131\u011f\u0131 bir \u00e7a\u011fda sineman\u0131n \u00f6z\u00fcndeki insan yarat\u0131c\u0131l\u0131\u011f\u0131n\u0131 ve fiziksel eme\u011fi koruma \u00e7abas\u0131 olarak de\u011ferlendiriliyor.<\/p>\n<\/p><\/div>\n","protected":false},"excerpt":{"rendered":"<p>&#13; Sinema d\u00fcnyas\u0131n\u0131n en prestijli \u00f6d\u00fcl\u00fc olan Oscar\u2019\u0131 da\u011f\u0131tan Sinema Sanatlar\u0131 ve Bilimleri Akademisi, yapay zeka kullan\u0131m\u0131na dair kurallar\u0131n\u0131 sertle\u015ftirerek 2027 y\u0131l\u0131ndan itibaren ge\u00e7erli olacak yeni politikas\u0131n\u0131 duyurdu. Yeni d\u00fczenlemeye g\u00f6re, yapay zeka taraf\u0131ndan \u00fcretilen oyunculuk performanslar\u0131 ve senaryolar art\u0131k \u00f6d\u00fcl kategorilerinde de\u011ferlendirilmeyecek. Akademi, bir eserin veya performans\u0131n aday g\u00f6sterilebilmesi i\u00e7in mutlaka &#8220;insan taraf\u0131ndan \u00fcretilmi\u015f&#8221; [&hellip;]<\/p>\n","protected":false},"author":1,"featured_media":37891,"comment_status":"open","ping_status":"open","sticky":false,"template":"","format":"standard","meta":{"jnews-multi-image_gallery":[],"jnews_single_post":[],"jnews_primary_category":[],"jnews_social_meta":[],"jnews_override_counter":[],"footnotes":""},"categories":[2],"tags":[],"class_list":["post-37890","post","type-post","status-publish","format-standard","has-post-thumbnail","hentry","category-dunya"],"yoast_head":"<!-- This site is optimized with the Yoast SEO plugin v27.5 - https:\/\/yoast.com\/product\/yoast-seo-wordpress\/ -->\n<title>Oscar&#039;a yapay zeka ayar\u0131: 2027&#039;den itibaren yeni kurallar uygulanacak - Kuzeyin Sesi<\/title>\n<meta name=\"robots\" content=\"index, follow, max-snippet:-1, max-image-preview:large, max-video-preview:-1\" \/>\n<link rel=\"canonical\" href=\"https:\/\/kuzeyinsesi.org\/index.php\/2026\/05\/02\/oscara-yapay-zeka-ayari-2027den-itibaren-yeni-kurallar-uygulanacak\/\" \/>\n<meta property=\"og:locale\" content=\"tr_TR\" \/>\n<meta property=\"og:type\" content=\"article\" \/>\n<meta property=\"og:title\" content=\"Oscar&#039;a yapay zeka ayar\u0131: 2027&#039;den itibaren yeni kurallar uygulanacak - Kuzeyin Sesi\" \/>\n<meta property=\"og:description\" content=\"&#013; Sinema d\u00fcnyas\u0131n\u0131n en prestijli \u00f6d\u00fcl\u00fc olan Oscar\u2019\u0131 da\u011f\u0131tan Sinema Sanatlar\u0131 ve Bilimleri Akademisi, yapay zeka kullan\u0131m\u0131na dair kurallar\u0131n\u0131 sertle\u015ftirerek 2027 y\u0131l\u0131ndan itibaren ge\u00e7erli olacak yeni politikas\u0131n\u0131 duyurdu. Yeni d\u00fczenlemeye g\u00f6re, yapay zeka taraf\u0131ndan \u00fcretilen oyunculuk performanslar\u0131 ve senaryolar art\u0131k \u00f6d\u00fcl kategorilerinde de\u011ferlendirilmeyecek. Akademi, bir eserin veya performans\u0131n aday g\u00f6sterilebilmesi i\u00e7in mutlaka &#8220;insan taraf\u0131ndan \u00fcretilmi\u015f&#8221; [&hellip;]\" \/>\n<meta property=\"og:url\" content=\"https:\/\/kuzeyinsesi.org\/index.php\/2026\/05\/02\/oscara-yapay-zeka-ayari-2027den-itibaren-yeni-kurallar-uygulanacak\/\" \/>\n<meta property=\"og:site_name\" content=\"Kuzeyin Sesi\" \/>\n<meta property=\"article:publisher\" content=\"https:\/\/www.facebook.com\/kuzeyinsesii\" \/>\n<meta property=\"article:published_time\" content=\"2026-05-02T15:28:27+00:00\" \/>\n<meta property=\"og:image\" content=\"https:\/\/trthaberstatic.cdn.wp.trt.com.tr\/resimler\/1798000\/oscar-reu-1799398.jpg\" \/>\n<meta name=\"author\" content=\"Kuzeyin Sesi\" \/>\n<meta name=\"twitter:card\" content=\"summary_large_image\" \/>\n<meta name=\"twitter:creator\" content=\"@kuzeyinsesii\" \/>\n<meta name=\"twitter:site\" content=\"@kuzeyinsesii\" \/>\n<meta name=\"twitter:label1\" content=\"Yazan:\" \/>\n\t<meta name=\"twitter:data1\" content=\"Kuzeyin Sesi\" \/>\n\t<meta name=\"twitter:label2\" content=\"Tahmini okuma s\u00fcresi\" \/>\n\t<meta name=\"twitter:data2\" content=\"2 dakika\" \/>\n<script type=\"application\/ld+json\" class=\"yoast-schema-graph\">{\"@context\":\"https:\\\/\\\/schema.org\",\"@graph\":[{\"@type\":\"Article\",\"@id\":\"https:\\\/\\\/kuzeyinsesi.org\\\/index.php\\\/2026\\\/05\\\/02\\\/oscara-yapay-zeka-ayari-2027den-itibaren-yeni-kurallar-uygulanacak\\\/#article\",\"isPartOf\":{\"@id\":\"https:\\\/\\\/kuzeyinsesi.org\\\/index.php\\\/2026\\\/05\\\/02\\\/oscara-yapay-zeka-ayari-2027den-itibaren-yeni-kurallar-uygulanacak\\\/\"},\"author\":{\"name\":\"Kuzeyin Sesi\",\"@id\":\"https:\\\/\\\/kuzeyinsesi.org\\\/#\\\/schema\\\/person\\\/9f859689cdf01485597712386e37f5aa\"},\"headline\":\"Oscar&#039;a yapay zeka ayar\u0131: 2027&#039;den itibaren yeni kurallar uygulanacak\",\"datePublished\":\"2026-05-02T15:28:27+00:00\",\"mainEntityOfPage\":{\"@id\":\"https:\\\/\\\/kuzeyinsesi.org\\\/index.php\\\/2026\\\/05\\\/02\\\/oscara-yapay-zeka-ayari-2027den-itibaren-yeni-kurallar-uygulanacak\\\/\"},\"wordCount\":314,\"commentCount\":0,\"image\":{\"@id\":\"https:\\\/\\\/kuzeyinsesi.org\\\/index.php\\\/2026\\\/05\\\/02\\\/oscara-yapay-zeka-ayari-2027den-itibaren-yeni-kurallar-uygulanacak\\\/#primaryimage\"},\"thumbnailUrl\":\"https:\\\/\\\/kuzeyinsesi.org\\\/wp-content\\\/uploads\\\/2026\\\/05\\\/oscar-reu-1799398.jpg\",\"articleSection\":[\"D\u00fcnya\"],\"inLanguage\":\"tr\",\"potentialAction\":[{\"@type\":\"CommentAction\",\"name\":\"Comment\",\"target\":[\"https:\\\/\\\/kuzeyinsesi.org\\\/index.php\\\/2026\\\/05\\\/02\\\/oscara-yapay-zeka-ayari-2027den-itibaren-yeni-kurallar-uygulanacak\\\/#respond\"]}]},{\"@type\":\"WebPage\",\"@id\":\"https:\\\/\\\/kuzeyinsesi.org\\\/index.php\\\/2026\\\/05\\\/02\\\/oscara-yapay-zeka-ayari-2027den-itibaren-yeni-kurallar-uygulanacak\\\/\",\"url\":\"https:\\\/\\\/kuzeyinsesi.org\\\/index.php\\\/2026\\\/05\\\/02\\\/oscara-yapay-zeka-ayari-2027den-itibaren-yeni-kurallar-uygulanacak\\\/\",\"name\":\"Oscar&#039;a yapay zeka ayar\u0131: 2027&#039;den itibaren yeni kurallar uygulanacak - Kuzeyin Sesi\",\"isPartOf\":{\"@id\":\"https:\\\/\\\/kuzeyinsesi.org\\\/#website\"},\"primaryImageOfPage\":{\"@id\":\"https:\\\/\\\/kuzeyinsesi.org\\\/index.php\\\/2026\\\/05\\\/02\\\/oscara-yapay-zeka-ayari-2027den-itibaren-yeni-kurallar-uygulanacak\\\/#primaryimage\"},\"image\":{\"@id\":\"https:\\\/\\\/kuzeyinsesi.org\\\/index.php\\\/2026\\\/05\\\/02\\\/oscara-yapay-zeka-ayari-2027den-itibaren-yeni-kurallar-uygulanacak\\\/#primaryimage\"},\"thumbnailUrl\":\"https:\\\/\\\/kuzeyinsesi.org\\\/wp-content\\\/uploads\\\/2026\\\/05\\\/oscar-reu-1799398.jpg\",\"datePublished\":\"2026-05-02T15:28:27+00:00\",\"author\":{\"@id\":\"https:\\\/\\\/kuzeyinsesi.org\\\/#\\\/schema\\\/person\\\/9f859689cdf01485597712386e37f5aa\"},\"breadcrumb\":{\"@id\":\"https:\\\/\\\/kuzeyinsesi.org\\\/index.php\\\/2026\\\/05\\\/02\\\/oscara-yapay-zeka-ayari-2027den-itibaren-yeni-kurallar-uygulanacak\\\/#breadcrumb\"},\"inLanguage\":\"tr\",\"potentialAction\":[{\"@type\":\"ReadAction\",\"target\":[\"https:\\\/\\\/kuzeyinsesi.org\\\/index.php\\\/2026\\\/05\\\/02\\\/oscara-yapay-zeka-ayari-2027den-itibaren-yeni-kurallar-uygulanacak\\\/\"]}]},{\"@type\":\"ImageObject\",\"inLanguage\":\"tr\",\"@id\":\"https:\\\/\\\/kuzeyinsesi.org\\\/index.php\\\/2026\\\/05\\\/02\\\/oscara-yapay-zeka-ayari-2027den-itibaren-yeni-kurallar-uygulanacak\\\/#primaryimage\",\"url\":\"https:\\\/\\\/kuzeyinsesi.org\\\/wp-content\\\/uploads\\\/2026\\\/05\\\/oscar-reu-1799398.jpg\",\"contentUrl\":\"https:\\\/\\\/kuzeyinsesi.org\\\/wp-content\\\/uploads\\\/2026\\\/05\\\/oscar-reu-1799398.jpg\",\"width\":1280,\"height\":720},{\"@type\":\"BreadcrumbList\",\"@id\":\"https:\\\/\\\/kuzeyinsesi.org\\\/index.php\\\/2026\\\/05\\\/02\\\/oscara-yapay-zeka-ayari-2027den-itibaren-yeni-kurallar-uygulanacak\\\/#breadcrumb\",\"itemListElement\":[{\"@type\":\"ListItem\",\"position\":1,\"name\":\"Anasayfa\",\"item\":\"https:\\\/\\\/kuzeyinsesi.org\\\/\"},{\"@type\":\"ListItem\",\"position\":2,\"name\":\"Oscar&#039;a yapay zeka ayar\u0131: 2027&#039;den itibaren yeni kurallar uygulanacak\"}]},{\"@type\":\"WebSite\",\"@id\":\"https:\\\/\\\/kuzeyinsesi.org\\\/#website\",\"url\":\"https:\\\/\\\/kuzeyinsesi.org\\\/\",\"name\":\"Kuzeyin Sesi\",\"description\":\"Do\u011fru Haberin Adresi\",\"potentialAction\":[{\"@type\":\"SearchAction\",\"target\":{\"@type\":\"EntryPoint\",\"urlTemplate\":\"https:\\\/\\\/kuzeyinsesi.org\\\/?s={search_term_string}\"},\"query-input\":{\"@type\":\"PropertyValueSpecification\",\"valueRequired\":true,\"valueName\":\"search_term_string\"}}],\"inLanguage\":\"tr\"},{\"@type\":\"Person\",\"@id\":\"https:\\\/\\\/kuzeyinsesi.org\\\/#\\\/schema\\\/person\\\/9f859689cdf01485597712386e37f5aa\",\"name\":\"Kuzeyin Sesi\",\"image\":{\"@type\":\"ImageObject\",\"inLanguage\":\"tr\",\"@id\":\"https:\\\/\\\/secure.gravatar.com\\\/avatar\\\/bab33852abfd8b282518d6ed81826833d77c3c882d9ab608add591ccace47a44?s=96&d=mm&r=g\",\"url\":\"https:\\\/\\\/secure.gravatar.com\\\/avatar\\\/bab33852abfd8b282518d6ed81826833d77c3c882d9ab608add591ccace47a44?s=96&d=mm&r=g\",\"contentUrl\":\"https:\\\/\\\/secure.gravatar.com\\\/avatar\\\/bab33852abfd8b282518d6ed81826833d77c3c882d9ab608add591ccace47a44?s=96&d=mm&r=g\",\"caption\":\"Kuzeyin Sesi\"},\"sameAs\":[\"https:\\\/\\\/kuzeyinsesi.org\"],\"url\":\"https:\\\/\\\/kuzeyinsesi.org\\\/index.php\\\/author\\\/guven\\\/\"}]}<\/script>\n<!-- \/ Yoast SEO plugin. -->","yoast_head_json":{"title":"Oscar&#039;a yapay zeka ayar\u0131: 2027&#039;den itibaren yeni kurallar uygulanacak - Kuzeyin Sesi","robots":{"index":"index","follow":"follow","max-snippet":"max-snippet:-1","max-image-preview":"max-image-preview:large","max-video-preview":"max-video-preview:-1"},"canonical":"https:\/\/kuzeyinsesi.org\/index.php\/2026\/05\/02\/oscara-yapay-zeka-ayari-2027den-itibaren-yeni-kurallar-uygulanacak\/","og_locale":"tr_TR","og_type":"article","og_title":"Oscar&#039;a yapay zeka ayar\u0131: 2027&#039;den itibaren yeni kurallar uygulanacak - Kuzeyin Sesi","og_description":"&#13; Sinema d\u00fcnyas\u0131n\u0131n en prestijli \u00f6d\u00fcl\u00fc olan Oscar\u2019\u0131 da\u011f\u0131tan Sinema Sanatlar\u0131 ve Bilimleri Akademisi, yapay zeka kullan\u0131m\u0131na dair kurallar\u0131n\u0131 sertle\u015ftirerek 2027 y\u0131l\u0131ndan itibaren ge\u00e7erli olacak yeni politikas\u0131n\u0131 duyurdu. Yeni d\u00fczenlemeye g\u00f6re, yapay zeka taraf\u0131ndan \u00fcretilen oyunculuk performanslar\u0131 ve senaryolar art\u0131k \u00f6d\u00fcl kategorilerinde de\u011ferlendirilmeyecek. Akademi, bir eserin veya performans\u0131n aday g\u00f6sterilebilmesi i\u00e7in mutlaka &#8220;insan taraf\u0131ndan \u00fcretilmi\u015f&#8221; [&hellip;]","og_url":"https:\/\/kuzeyinsesi.org\/index.php\/2026\/05\/02\/oscara-yapay-zeka-ayari-2027den-itibaren-yeni-kurallar-uygulanacak\/","og_site_name":"Kuzeyin Sesi","article_publisher":"https:\/\/www.facebook.com\/kuzeyinsesii","article_published_time":"2026-05-02T15:28:27+00:00","og_image":[{"url":"https:\/\/trthaberstatic.cdn.wp.trt.com.tr\/resimler\/1798000\/oscar-reu-1799398.jpg","type":"","width":"","height":""}],"author":"Kuzeyin Sesi","twitter_card":"summary_large_image","twitter_creator":"@kuzeyinsesii","twitter_site":"@kuzeyinsesii","twitter_misc":{"Yazan:":"Kuzeyin Sesi","Tahmini okuma s\u00fcresi":"2 dakika"},"schema":{"@context":"https:\/\/schema.org","@graph":[{"@type":"Article","@id":"https:\/\/kuzeyinsesi.org\/index.php\/2026\/05\/02\/oscara-yapay-zeka-ayari-2027den-itibaren-yeni-kurallar-uygulanacak\/#article","isPartOf":{"@id":"https:\/\/kuzeyinsesi.org\/index.php\/2026\/05\/02\/oscara-yapay-zeka-ayari-2027den-itibaren-yeni-kurallar-uygulanacak\/"},"author":{"name":"Kuzeyin Sesi","@id":"https:\/\/kuzeyinsesi.org\/#\/schema\/person\/9f859689cdf01485597712386e37f5aa"},"headline":"Oscar&#039;a yapay zeka ayar\u0131: 2027&#039;den itibaren yeni kurallar uygulanacak","datePublished":"2026-05-02T15:28:27+00:00","mainEntityOfPage":{"@id":"https:\/\/kuzeyinsesi.org\/index.php\/2026\/05\/02\/oscara-yapay-zeka-ayari-2027den-itibaren-yeni-kurallar-uygulanacak\/"},"wordCount":314,"commentCount":0,"image":{"@id":"https:\/\/kuzeyinsesi.org\/index.php\/2026\/05\/02\/oscara-yapay-zeka-ayari-2027den-itibaren-yeni-kurallar-uygulanacak\/#primaryimage"},"thumbnailUrl":"https:\/\/kuzeyinsesi.org\/wp-content\/uploads\/2026\/05\/oscar-reu-1799398.jpg","articleSection":["D\u00fcnya"],"inLanguage":"tr","potentialAction":[{"@type":"CommentAction","name":"Comment","target":["https:\/\/kuzeyinsesi.org\/index.php\/2026\/05\/02\/oscara-yapay-zeka-ayari-2027den-itibaren-yeni-kurallar-uygulanacak\/#respond"]}]},{"@type":"WebPage","@id":"https:\/\/kuzeyinsesi.org\/index.php\/2026\/05\/02\/oscara-yapay-zeka-ayari-2027den-itibaren-yeni-kurallar-uygulanacak\/","url":"https:\/\/kuzeyinsesi.org\/index.php\/2026\/05\/02\/oscara-yapay-zeka-ayari-2027den-itibaren-yeni-kurallar-uygulanacak\/","name":"Oscar&#039;a yapay zeka ayar\u0131: 2027&#039;den itibaren yeni kurallar uygulanacak - Kuzeyin Sesi","isPartOf":{"@id":"https:\/\/kuzeyinsesi.org\/#website"},"primaryImageOfPage":{"@id":"https:\/\/kuzeyinsesi.org\/index.php\/2026\/05\/02\/oscara-yapay-zeka-ayari-2027den-itibaren-yeni-kurallar-uygulanacak\/#primaryimage"},"image":{"@id":"https:\/\/kuzeyinsesi.org\/index.php\/2026\/05\/02\/oscara-yapay-zeka-ayari-2027den-itibaren-yeni-kurallar-uygulanacak\/#primaryimage"},"thumbnailUrl":"https:\/\/kuzeyinsesi.org\/wp-content\/uploads\/2026\/05\/oscar-reu-1799398.jpg","datePublished":"2026-05-02T15:28:27+00:00","author":{"@id":"https:\/\/kuzeyinsesi.org\/#\/schema\/person\/9f859689cdf01485597712386e37f5aa"},"breadcrumb":{"@id":"https:\/\/kuzeyinsesi.org\/index.php\/2026\/05\/02\/oscara-yapay-zeka-ayari-2027den-itibaren-yeni-kurallar-uygulanacak\/#breadcrumb"},"inLanguage":"tr","potentialAction":[{"@type":"ReadAction","target":["https:\/\/kuzeyinsesi.org\/index.php\/2026\/05\/02\/oscara-yapay-zeka-ayari-2027den-itibaren-yeni-kurallar-uygulanacak\/"]}]},{"@type":"ImageObject","inLanguage":"tr","@id":"https:\/\/kuzeyinsesi.org\/index.php\/2026\/05\/02\/oscara-yapay-zeka-ayari-2027den-itibaren-yeni-kurallar-uygulanacak\/#primaryimage","url":"https:\/\/kuzeyinsesi.org\/wp-content\/uploads\/2026\/05\/oscar-reu-1799398.jpg","contentUrl":"https:\/\/kuzeyinsesi.org\/wp-content\/uploads\/2026\/05\/oscar-reu-1799398.jpg","width":1280,"height":720},{"@type":"BreadcrumbList","@id":"https:\/\/kuzeyinsesi.org\/index.php\/2026\/05\/02\/oscara-yapay-zeka-ayari-2027den-itibaren-yeni-kurallar-uygulanacak\/#breadcrumb","itemListElement":[{"@type":"ListItem","position":1,"name":"Anasayfa","item":"https:\/\/kuzeyinsesi.org\/"},{"@type":"ListItem","position":2,"name":"Oscar&#039;a yapay zeka ayar\u0131: 2027&#039;den itibaren yeni kurallar uygulanacak"}]},{"@type":"WebSite","@id":"https:\/\/kuzeyinsesi.org\/#website","url":"https:\/\/kuzeyinsesi.org\/","name":"Kuzeyin Sesi","description":"Do\u011fru Haberin Adresi","potentialAction":[{"@type":"SearchAction","target":{"@type":"EntryPoint","urlTemplate":"https:\/\/kuzeyinsesi.org\/?s={search_term_string}"},"query-input":{"@type":"PropertyValueSpecification","valueRequired":true,"valueName":"search_term_string"}}],"inLanguage":"tr"},{"@type":"Person","@id":"https:\/\/kuzeyinsesi.org\/#\/schema\/person\/9f859689cdf01485597712386e37f5aa","name":"Kuzeyin Sesi","image":{"@type":"ImageObject","inLanguage":"tr","@id":"https:\/\/secure.gravatar.com\/avatar\/bab33852abfd8b282518d6ed81826833d77c3c882d9ab608add591ccace47a44?s=96&d=mm&r=g","url":"https:\/\/secure.gravatar.com\/avatar\/bab33852abfd8b282518d6ed81826833d77c3c882d9ab608add591ccace47a44?s=96&d=mm&r=g","contentUrl":"https:\/\/secure.gravatar.com\/avatar\/bab33852abfd8b282518d6ed81826833d77c3c882d9ab608add591ccace47a44?s=96&d=mm&r=g","caption":"Kuzeyin Sesi"},"sameAs":["https:\/\/kuzeyinsesi.org"],"url":"https:\/\/kuzeyinsesi.org\/index.php\/author\/guven\/"}]}},"_links":{"self":[{"href":"https:\/\/kuzeyinsesi.org\/index.php\/wp-json\/wp\/v2\/posts\/37890","targetHints":{"allow":["GET"]}}],"collection":[{"href":"https:\/\/kuzeyinsesi.org\/index.php\/wp-json\/wp\/v2\/posts"}],"about":[{"href":"https:\/\/kuzeyinsesi.org\/index.php\/wp-json\/wp\/v2\/types\/post"}],"author":[{"embeddable":true,"href":"https:\/\/kuzeyinsesi.org\/index.php\/wp-json\/wp\/v2\/users\/1"}],"replies":[{"embeddable":true,"href":"https:\/\/kuzeyinsesi.org\/index.php\/wp-json\/wp\/v2\/comments?post=37890"}],"version-history":[{"count":0,"href":"https:\/\/kuzeyinsesi.org\/index.php\/wp-json\/wp\/v2\/posts\/37890\/revisions"}],"wp:featuredmedia":[{"embeddable":true,"href":"https:\/\/kuzeyinsesi.org\/index.php\/wp-json\/wp\/v2\/media\/37891"}],"wp:attachment":[{"href":"https:\/\/kuzeyinsesi.org\/index.php\/wp-json\/wp\/v2\/media?parent=37890"}],"wp:term":[{"taxonomy":"category","embeddable":true,"href":"https:\/\/kuzeyinsesi.org\/index.php\/wp-json\/wp\/v2\/categories?post=37890"},{"taxonomy":"post_tag","embeddable":true,"href":"https:\/\/kuzeyinsesi.org\/index.php\/wp-json\/wp\/v2\/tags?post=37890"}],"curies":[{"name":"wp","href":"https:\/\/api.w.org\/{rel}","templated":true}]}}