{"id":37880,"date":"2026-05-02T16:24:31","date_gmt":"2026-05-02T13:24:31","guid":{"rendered":"https:\/\/kuzeyinsesi.org\/index.php\/2026\/05\/02\/avrupada-kac-abd-askeri-var-ve-neden-oradalar\/"},"modified":"2026-05-02T16:24:31","modified_gmt":"2026-05-02T13:24:31","slug":"avrupada-kac-abd-askeri-var-ve-neden-oradalar","status":"publish","type":"post","link":"https:\/\/kuzeyinsesi.org\/index.php\/2026\/05\/02\/avrupada-kac-abd-askeri-var-ve-neden-oradalar\/","title":{"rendered":"Avrupa&#039;da ka\u00e7 ABD askeri var ve neden oradalar?"},"content":{"rendered":"<p><\/p>\n<div>\n<p>&#13;<br \/>\n\tAmerika Birle\u015fik Devletleri, Avrupa k\u0131tas\u0131ndaki askeri konu\u015flanmas\u0131nda kapsaml\u0131 bir d\u00fczenlemeye giderek Almanya\u2019da g\u00f6rev yapan 5 bin askerini geri \u00e7ekme karar\u0131 ald\u0131. Pentagon\u2019un bu hamlesiyle birlikte b\u00f6lgedeki Amerikan g\u00fcc\u00fc, 2022 y\u0131l\u0131ndaki <a href=\"https:\/\/www.trthaber.com\/etiket\/ukrayna\/\" target=\"_blank\">Ukrayna<\/a> i\u015fgali \u00f6ncesindeki seviyelere gerilemi\u015f olacak.<\/p>\n<p>&#13;<br \/>\n\tKarar\u0131n en dikkat \u00e7ekici detaylar\u0131ndan biri ise bu y\u0131l i\u00e7inde Almanya\u2019ya sevk edilmesi planlanan uzun menzilli f\u00fcze taburu projesinin iptal edilmesi oldu. Bu geli\u015fme, Berlin y\u00f6netiminin kritik bir f\u00fcze savunma deste\u011finden mahrum kalmas\u0131 anlam\u0131na geliyor.<\/p>\n<h2>&#13;<br \/>\n\tBa\u015fka hangi <a href=\"https:\/\/www.trthaber.com\/etiket\/ab\/\" target=\"_blank\">AB<\/a> \u00fclkesinde <a href=\"https:\/\/www.trthaber.com\/etiket\/abd\/\" target=\"_blank\">ABD<\/a> askeri var?<\/h2>\n<p>&#13;<br \/>\n\tAlmanya, halihaz\u0131rda 36 bini a\u015fk\u0131n personelle Japonya\u2019n\u0131n ard\u0131ndan d\u00fcnyada en \u00e7ok Amerikan askerine ev sahipli\u011fi yapan ikinci \u00fclke konumunu s\u00fcrd\u00fcr\u00fcyor. So\u011fuk <a href=\"https:\/\/www.trthaber.com\/etiket\/savas\/\" target=\"_blank\">Sava\u015f<\/a> d\u00f6neminde 250 binlere ula\u015fan bu rakam\u0131n kademeli olarak d\u00fc\u015f\u00fcr\u00fclmesi, ABD\u2019nin k\u00fcresel savunma \u00f6nceliklerinin de\u011fi\u015fti\u011fini g\u00f6steriyor. Geri \u00e7ekilecek birliklerin do\u011frudan ana vatana m\u0131 d\u00f6nece\u011fi yoksa stratejik \u00f6nemi artan ba\u015fka b\u00f6lgelere mi kayd\u0131r\u0131laca\u011f\u0131 konusu ise belirsizli\u011fini koruyor.<\/p>\n<p>&#13;<br \/>\n\tAvrupa\u2019daki Amerikan askeri a\u011f\u0131 sadece <a href=\"https:\/\/www.trthaber.com\/etiket\/almanya\/\" target=\"_blank\">Almanya<\/a> ile s\u0131n\u0131rl\u0131 de\u011fil; \u0130talya\u2019da 12 bin, \u0130ngiltere\u2019de ise 10 binden fazla asker aktif g\u00f6rev yap\u0131yor. \u0130spanya\u2019da bulunan 4 bin ki\u015filik g\u00fc\u00e7 ise Madrid h\u00fck\u00fcmetinin tesislerin <a href=\"https:\/\/www.trthaber.com\/etiket\/iran\/\" target=\"_blank\">\u0130ran<\/a> operasyonlar\u0131nda kullan\u0131lmas\u0131na izin vermemesi nedeniyle Washington\u2019un geri \u00e7ekilme tehdidiyle kar\u015f\u0131 kar\u015f\u0131ya bulunuyor. Ramstein, Aviano ve Lajes Field gibi devasa \u00fcsler, sadece Avrupa\u2019n\u0131n g\u00fcvenli\u011fi i\u00e7in de\u011fil, Orta Do\u011fu ve Afrika\u2019daki krizlere m\u00fcdahale etmek i\u00e7in de hayati birer lojistik merkez ve komuta noktas\u0131 olarak kullan\u0131lmaya devam ediyor.<\/p>\n<\/p><\/div>\n","protected":false},"excerpt":{"rendered":"<p>&#13; Amerika Birle\u015fik Devletleri, Avrupa k\u0131tas\u0131ndaki askeri konu\u015flanmas\u0131nda kapsaml\u0131 bir d\u00fczenlemeye giderek Almanya\u2019da g\u00f6rev yapan 5 bin askerini geri \u00e7ekme karar\u0131 ald\u0131. Pentagon\u2019un bu hamlesiyle birlikte b\u00f6lgedeki Amerikan g\u00fcc\u00fc, 2022 y\u0131l\u0131ndaki Ukrayna i\u015fgali \u00f6ncesindeki seviyelere gerilemi\u015f olacak. &#13; Karar\u0131n en dikkat \u00e7ekici detaylar\u0131ndan biri ise bu y\u0131l i\u00e7inde Almanya\u2019ya sevk edilmesi planlanan uzun menzilli f\u00fcze [&hellip;]<\/p>\n","protected":false},"author":1,"featured_media":37881,"comment_status":"open","ping_status":"open","sticky":false,"template":"","format":"standard","meta":{"jnews-multi-image_gallery":[],"jnews_single_post":[],"jnews_primary_category":[],"jnews_social_meta":[],"jnews_override_counter":[],"footnotes":""},"categories":[2],"tags":[],"class_list":["post-37880","post","type-post","status-publish","format-standard","has-post-thumbnail","hentry","category-dunya"],"yoast_head":"<!-- This site is optimized with the Yoast SEO plugin v27.5 - https:\/\/yoast.com\/product\/yoast-seo-wordpress\/ -->\n<title>Avrupa&#039;da ka\u00e7 ABD askeri var ve neden oradalar? - Kuzeyin Sesi<\/title>\n<meta name=\"robots\" content=\"index, follow, max-snippet:-1, max-image-preview:large, max-video-preview:-1\" \/>\n<link rel=\"canonical\" href=\"https:\/\/kuzeyinsesi.org\/index.php\/2026\/05\/02\/avrupada-kac-abd-askeri-var-ve-neden-oradalar\/\" \/>\n<meta property=\"og:locale\" content=\"tr_TR\" \/>\n<meta property=\"og:type\" content=\"article\" \/>\n<meta property=\"og:title\" content=\"Avrupa&#039;da ka\u00e7 ABD askeri var ve neden oradalar? - Kuzeyin Sesi\" \/>\n<meta property=\"og:description\" content=\"&#013; Amerika Birle\u015fik Devletleri, Avrupa k\u0131tas\u0131ndaki askeri konu\u015flanmas\u0131nda kapsaml\u0131 bir d\u00fczenlemeye giderek Almanya\u2019da g\u00f6rev yapan 5 bin askerini geri \u00e7ekme karar\u0131 ald\u0131. Pentagon\u2019un bu hamlesiyle birlikte b\u00f6lgedeki Amerikan g\u00fcc\u00fc, 2022 y\u0131l\u0131ndaki Ukrayna i\u015fgali \u00f6ncesindeki seviyelere gerilemi\u015f olacak. &#013; Karar\u0131n en dikkat \u00e7ekici detaylar\u0131ndan biri ise bu y\u0131l i\u00e7inde Almanya\u2019ya sevk edilmesi planlanan uzun menzilli f\u00fcze [&hellip;]\" \/>\n<meta property=\"og:url\" content=\"https:\/\/kuzeyinsesi.org\/index.php\/2026\/05\/02\/avrupada-kac-abd-askeri-var-ve-neden-oradalar\/\" \/>\n<meta property=\"og:site_name\" content=\"Kuzeyin Sesi\" \/>\n<meta property=\"article:publisher\" content=\"https:\/\/www.facebook.com\/kuzeyinsesii\" \/>\n<meta property=\"article:published_time\" content=\"2026-05-02T13:24:31+00:00\" \/>\n<meta property=\"og:image\" content=\"https:\/\/trthaberstatic.cdn.wp.trt.com.tr\/resimler\/1586000\/afganistan-abd-askeri-1587809.jpg\" \/>\n<meta name=\"author\" content=\"Kuzeyin Sesi\" \/>\n<meta name=\"twitter:card\" content=\"summary_large_image\" \/>\n<meta name=\"twitter:creator\" content=\"@kuzeyinsesii\" \/>\n<meta name=\"twitter:site\" content=\"@kuzeyinsesii\" \/>\n<meta name=\"twitter:label1\" content=\"Yazan:\" \/>\n\t<meta name=\"twitter:data1\" content=\"Kuzeyin Sesi\" \/>\n\t<meta name=\"twitter:label2\" content=\"Tahmini okuma s\u00fcresi\" \/>\n\t<meta name=\"twitter:data2\" content=\"1 dakika\" \/>\n<script type=\"application\/ld+json\" class=\"yoast-schema-graph\">{\"@context\":\"https:\\\/\\\/schema.org\",\"@graph\":[{\"@type\":\"Article\",\"@id\":\"https:\\\/\\\/kuzeyinsesi.org\\\/index.php\\\/2026\\\/05\\\/02\\\/avrupada-kac-abd-askeri-var-ve-neden-oradalar\\\/#article\",\"isPartOf\":{\"@id\":\"https:\\\/\\\/kuzeyinsesi.org\\\/index.php\\\/2026\\\/05\\\/02\\\/avrupada-kac-abd-askeri-var-ve-neden-oradalar\\\/\"},\"author\":{\"name\":\"Kuzeyin Sesi\",\"@id\":\"https:\\\/\\\/kuzeyinsesi.org\\\/#\\\/schema\\\/person\\\/9f859689cdf01485597712386e37f5aa\"},\"headline\":\"Avrupa&#039;da ka\u00e7 ABD askeri var ve neden oradalar?\",\"datePublished\":\"2026-05-02T13:24:31+00:00\",\"mainEntityOfPage\":{\"@id\":\"https:\\\/\\\/kuzeyinsesi.org\\\/index.php\\\/2026\\\/05\\\/02\\\/avrupada-kac-abd-askeri-var-ve-neden-oradalar\\\/\"},\"wordCount\":299,\"commentCount\":0,\"image\":{\"@id\":\"https:\\\/\\\/kuzeyinsesi.org\\\/index.php\\\/2026\\\/05\\\/02\\\/avrupada-kac-abd-askeri-var-ve-neden-oradalar\\\/#primaryimage\"},\"thumbnailUrl\":\"https:\\\/\\\/kuzeyinsesi.org\\\/wp-content\\\/uploads\\\/2026\\\/05\\\/afganistan-abd-askeri-1587809.jpg\",\"articleSection\":[\"D\u00fcnya\"],\"inLanguage\":\"tr\",\"potentialAction\":[{\"@type\":\"CommentAction\",\"name\":\"Comment\",\"target\":[\"https:\\\/\\\/kuzeyinsesi.org\\\/index.php\\\/2026\\\/05\\\/02\\\/avrupada-kac-abd-askeri-var-ve-neden-oradalar\\\/#respond\"]}]},{\"@type\":\"WebPage\",\"@id\":\"https:\\\/\\\/kuzeyinsesi.org\\\/index.php\\\/2026\\\/05\\\/02\\\/avrupada-kac-abd-askeri-var-ve-neden-oradalar\\\/\",\"url\":\"https:\\\/\\\/kuzeyinsesi.org\\\/index.php\\\/2026\\\/05\\\/02\\\/avrupada-kac-abd-askeri-var-ve-neden-oradalar\\\/\",\"name\":\"Avrupa&#039;da ka\u00e7 ABD askeri var ve neden oradalar? - Kuzeyin Sesi\",\"isPartOf\":{\"@id\":\"https:\\\/\\\/kuzeyinsesi.org\\\/#website\"},\"primaryImageOfPage\":{\"@id\":\"https:\\\/\\\/kuzeyinsesi.org\\\/index.php\\\/2026\\\/05\\\/02\\\/avrupada-kac-abd-askeri-var-ve-neden-oradalar\\\/#primaryimage\"},\"image\":{\"@id\":\"https:\\\/\\\/kuzeyinsesi.org\\\/index.php\\\/2026\\\/05\\\/02\\\/avrupada-kac-abd-askeri-var-ve-neden-oradalar\\\/#primaryimage\"},\"thumbnailUrl\":\"https:\\\/\\\/kuzeyinsesi.org\\\/wp-content\\\/uploads\\\/2026\\\/05\\\/afganistan-abd-askeri-1587809.jpg\",\"datePublished\":\"2026-05-02T13:24:31+00:00\",\"author\":{\"@id\":\"https:\\\/\\\/kuzeyinsesi.org\\\/#\\\/schema\\\/person\\\/9f859689cdf01485597712386e37f5aa\"},\"breadcrumb\":{\"@id\":\"https:\\\/\\\/kuzeyinsesi.org\\\/index.php\\\/2026\\\/05\\\/02\\\/avrupada-kac-abd-askeri-var-ve-neden-oradalar\\\/#breadcrumb\"},\"inLanguage\":\"tr\",\"potentialAction\":[{\"@type\":\"ReadAction\",\"target\":[\"https:\\\/\\\/kuzeyinsesi.org\\\/index.php\\\/2026\\\/05\\\/02\\\/avrupada-kac-abd-askeri-var-ve-neden-oradalar\\\/\"]}]},{\"@type\":\"ImageObject\",\"inLanguage\":\"tr\",\"@id\":\"https:\\\/\\\/kuzeyinsesi.org\\\/index.php\\\/2026\\\/05\\\/02\\\/avrupada-kac-abd-askeri-var-ve-neden-oradalar\\\/#primaryimage\",\"url\":\"https:\\\/\\\/kuzeyinsesi.org\\\/wp-content\\\/uploads\\\/2026\\\/05\\\/afganistan-abd-askeri-1587809.jpg\",\"contentUrl\":\"https:\\\/\\\/kuzeyinsesi.org\\\/wp-content\\\/uploads\\\/2026\\\/05\\\/afganistan-abd-askeri-1587809.jpg\",\"width\":1280,\"height\":720},{\"@type\":\"BreadcrumbList\",\"@id\":\"https:\\\/\\\/kuzeyinsesi.org\\\/index.php\\\/2026\\\/05\\\/02\\\/avrupada-kac-abd-askeri-var-ve-neden-oradalar\\\/#breadcrumb\",\"itemListElement\":[{\"@type\":\"ListItem\",\"position\":1,\"name\":\"Anasayfa\",\"item\":\"https:\\\/\\\/kuzeyinsesi.org\\\/\"},{\"@type\":\"ListItem\",\"position\":2,\"name\":\"Avrupa&#039;da ka\u00e7 ABD askeri var ve neden oradalar?\"}]},{\"@type\":\"WebSite\",\"@id\":\"https:\\\/\\\/kuzeyinsesi.org\\\/#website\",\"url\":\"https:\\\/\\\/kuzeyinsesi.org\\\/\",\"name\":\"Kuzeyin Sesi\",\"description\":\"Do\u011fru Haberin Adresi\",\"potentialAction\":[{\"@type\":\"SearchAction\",\"target\":{\"@type\":\"EntryPoint\",\"urlTemplate\":\"https:\\\/\\\/kuzeyinsesi.org\\\/?s={search_term_string}\"},\"query-input\":{\"@type\":\"PropertyValueSpecification\",\"valueRequired\":true,\"valueName\":\"search_term_string\"}}],\"inLanguage\":\"tr\"},{\"@type\":\"Person\",\"@id\":\"https:\\\/\\\/kuzeyinsesi.org\\\/#\\\/schema\\\/person\\\/9f859689cdf01485597712386e37f5aa\",\"name\":\"Kuzeyin Sesi\",\"image\":{\"@type\":\"ImageObject\",\"inLanguage\":\"tr\",\"@id\":\"https:\\\/\\\/secure.gravatar.com\\\/avatar\\\/bab33852abfd8b282518d6ed81826833d77c3c882d9ab608add591ccace47a44?s=96&d=mm&r=g\",\"url\":\"https:\\\/\\\/secure.gravatar.com\\\/avatar\\\/bab33852abfd8b282518d6ed81826833d77c3c882d9ab608add591ccace47a44?s=96&d=mm&r=g\",\"contentUrl\":\"https:\\\/\\\/secure.gravatar.com\\\/avatar\\\/bab33852abfd8b282518d6ed81826833d77c3c882d9ab608add591ccace47a44?s=96&d=mm&r=g\",\"caption\":\"Kuzeyin Sesi\"},\"sameAs\":[\"https:\\\/\\\/kuzeyinsesi.org\"],\"url\":\"https:\\\/\\\/kuzeyinsesi.org\\\/index.php\\\/author\\\/guven\\\/\"}]}<\/script>\n<!-- \/ Yoast SEO plugin. -->","yoast_head_json":{"title":"Avrupa&#039;da ka\u00e7 ABD askeri var ve neden oradalar? - Kuzeyin Sesi","robots":{"index":"index","follow":"follow","max-snippet":"max-snippet:-1","max-image-preview":"max-image-preview:large","max-video-preview":"max-video-preview:-1"},"canonical":"https:\/\/kuzeyinsesi.org\/index.php\/2026\/05\/02\/avrupada-kac-abd-askeri-var-ve-neden-oradalar\/","og_locale":"tr_TR","og_type":"article","og_title":"Avrupa&#039;da ka\u00e7 ABD askeri var ve neden oradalar? - Kuzeyin Sesi","og_description":"&#13; Amerika Birle\u015fik Devletleri, Avrupa k\u0131tas\u0131ndaki askeri konu\u015flanmas\u0131nda kapsaml\u0131 bir d\u00fczenlemeye giderek Almanya\u2019da g\u00f6rev yapan 5 bin askerini geri \u00e7ekme karar\u0131 ald\u0131. Pentagon\u2019un bu hamlesiyle birlikte b\u00f6lgedeki Amerikan g\u00fcc\u00fc, 2022 y\u0131l\u0131ndaki Ukrayna i\u015fgali \u00f6ncesindeki seviyelere gerilemi\u015f olacak. &#13; Karar\u0131n en dikkat \u00e7ekici detaylar\u0131ndan biri ise bu y\u0131l i\u00e7inde Almanya\u2019ya sevk edilmesi planlanan uzun menzilli f\u00fcze [&hellip;]","og_url":"https:\/\/kuzeyinsesi.org\/index.php\/2026\/05\/02\/avrupada-kac-abd-askeri-var-ve-neden-oradalar\/","og_site_name":"Kuzeyin Sesi","article_publisher":"https:\/\/www.facebook.com\/kuzeyinsesii","article_published_time":"2026-05-02T13:24:31+00:00","og_image":[{"url":"https:\/\/trthaberstatic.cdn.wp.trt.com.tr\/resimler\/1586000\/afganistan-abd-askeri-1587809.jpg","type":"","width":"","height":""}],"author":"Kuzeyin Sesi","twitter_card":"summary_large_image","twitter_creator":"@kuzeyinsesii","twitter_site":"@kuzeyinsesii","twitter_misc":{"Yazan:":"Kuzeyin Sesi","Tahmini okuma s\u00fcresi":"1 dakika"},"schema":{"@context":"https:\/\/schema.org","@graph":[{"@type":"Article","@id":"https:\/\/kuzeyinsesi.org\/index.php\/2026\/05\/02\/avrupada-kac-abd-askeri-var-ve-neden-oradalar\/#article","isPartOf":{"@id":"https:\/\/kuzeyinsesi.org\/index.php\/2026\/05\/02\/avrupada-kac-abd-askeri-var-ve-neden-oradalar\/"},"author":{"name":"Kuzeyin Sesi","@id":"https:\/\/kuzeyinsesi.org\/#\/schema\/person\/9f859689cdf01485597712386e37f5aa"},"headline":"Avrupa&#039;da ka\u00e7 ABD askeri var ve neden oradalar?","datePublished":"2026-05-02T13:24:31+00:00","mainEntityOfPage":{"@id":"https:\/\/kuzeyinsesi.org\/index.php\/2026\/05\/02\/avrupada-kac-abd-askeri-var-ve-neden-oradalar\/"},"wordCount":299,"commentCount":0,"image":{"@id":"https:\/\/kuzeyinsesi.org\/index.php\/2026\/05\/02\/avrupada-kac-abd-askeri-var-ve-neden-oradalar\/#primaryimage"},"thumbnailUrl":"https:\/\/kuzeyinsesi.org\/wp-content\/uploads\/2026\/05\/afganistan-abd-askeri-1587809.jpg","articleSection":["D\u00fcnya"],"inLanguage":"tr","potentialAction":[{"@type":"CommentAction","name":"Comment","target":["https:\/\/kuzeyinsesi.org\/index.php\/2026\/05\/02\/avrupada-kac-abd-askeri-var-ve-neden-oradalar\/#respond"]}]},{"@type":"WebPage","@id":"https:\/\/kuzeyinsesi.org\/index.php\/2026\/05\/02\/avrupada-kac-abd-askeri-var-ve-neden-oradalar\/","url":"https:\/\/kuzeyinsesi.org\/index.php\/2026\/05\/02\/avrupada-kac-abd-askeri-var-ve-neden-oradalar\/","name":"Avrupa&#039;da ka\u00e7 ABD askeri var ve neden oradalar? - Kuzeyin Sesi","isPartOf":{"@id":"https:\/\/kuzeyinsesi.org\/#website"},"primaryImageOfPage":{"@id":"https:\/\/kuzeyinsesi.org\/index.php\/2026\/05\/02\/avrupada-kac-abd-askeri-var-ve-neden-oradalar\/#primaryimage"},"image":{"@id":"https:\/\/kuzeyinsesi.org\/index.php\/2026\/05\/02\/avrupada-kac-abd-askeri-var-ve-neden-oradalar\/#primaryimage"},"thumbnailUrl":"https:\/\/kuzeyinsesi.org\/wp-content\/uploads\/2026\/05\/afganistan-abd-askeri-1587809.jpg","datePublished":"2026-05-02T13:24:31+00:00","author":{"@id":"https:\/\/kuzeyinsesi.org\/#\/schema\/person\/9f859689cdf01485597712386e37f5aa"},"breadcrumb":{"@id":"https:\/\/kuzeyinsesi.org\/index.php\/2026\/05\/02\/avrupada-kac-abd-askeri-var-ve-neden-oradalar\/#breadcrumb"},"inLanguage":"tr","potentialAction":[{"@type":"ReadAction","target":["https:\/\/kuzeyinsesi.org\/index.php\/2026\/05\/02\/avrupada-kac-abd-askeri-var-ve-neden-oradalar\/"]}]},{"@type":"ImageObject","inLanguage":"tr","@id":"https:\/\/kuzeyinsesi.org\/index.php\/2026\/05\/02\/avrupada-kac-abd-askeri-var-ve-neden-oradalar\/#primaryimage","url":"https:\/\/kuzeyinsesi.org\/wp-content\/uploads\/2026\/05\/afganistan-abd-askeri-1587809.jpg","contentUrl":"https:\/\/kuzeyinsesi.org\/wp-content\/uploads\/2026\/05\/afganistan-abd-askeri-1587809.jpg","width":1280,"height":720},{"@type":"BreadcrumbList","@id":"https:\/\/kuzeyinsesi.org\/index.php\/2026\/05\/02\/avrupada-kac-abd-askeri-var-ve-neden-oradalar\/#breadcrumb","itemListElement":[{"@type":"ListItem","position":1,"name":"Anasayfa","item":"https:\/\/kuzeyinsesi.org\/"},{"@type":"ListItem","position":2,"name":"Avrupa&#039;da ka\u00e7 ABD askeri var ve neden oradalar?"}]},{"@type":"WebSite","@id":"https:\/\/kuzeyinsesi.org\/#website","url":"https:\/\/kuzeyinsesi.org\/","name":"Kuzeyin Sesi","description":"Do\u011fru Haberin Adresi","potentialAction":[{"@type":"SearchAction","target":{"@type":"EntryPoint","urlTemplate":"https:\/\/kuzeyinsesi.org\/?s={search_term_string}"},"query-input":{"@type":"PropertyValueSpecification","valueRequired":true,"valueName":"search_term_string"}}],"inLanguage":"tr"},{"@type":"Person","@id":"https:\/\/kuzeyinsesi.org\/#\/schema\/person\/9f859689cdf01485597712386e37f5aa","name":"Kuzeyin Sesi","image":{"@type":"ImageObject","inLanguage":"tr","@id":"https:\/\/secure.gravatar.com\/avatar\/bab33852abfd8b282518d6ed81826833d77c3c882d9ab608add591ccace47a44?s=96&d=mm&r=g","url":"https:\/\/secure.gravatar.com\/avatar\/bab33852abfd8b282518d6ed81826833d77c3c882d9ab608add591ccace47a44?s=96&d=mm&r=g","contentUrl":"https:\/\/secure.gravatar.com\/avatar\/bab33852abfd8b282518d6ed81826833d77c3c882d9ab608add591ccace47a44?s=96&d=mm&r=g","caption":"Kuzeyin Sesi"},"sameAs":["https:\/\/kuzeyinsesi.org"],"url":"https:\/\/kuzeyinsesi.org\/index.php\/author\/guven\/"}]}},"_links":{"self":[{"href":"https:\/\/kuzeyinsesi.org\/index.php\/wp-json\/wp\/v2\/posts\/37880","targetHints":{"allow":["GET"]}}],"collection":[{"href":"https:\/\/kuzeyinsesi.org\/index.php\/wp-json\/wp\/v2\/posts"}],"about":[{"href":"https:\/\/kuzeyinsesi.org\/index.php\/wp-json\/wp\/v2\/types\/post"}],"author":[{"embeddable":true,"href":"https:\/\/kuzeyinsesi.org\/index.php\/wp-json\/wp\/v2\/users\/1"}],"replies":[{"embeddable":true,"href":"https:\/\/kuzeyinsesi.org\/index.php\/wp-json\/wp\/v2\/comments?post=37880"}],"version-history":[{"count":0,"href":"https:\/\/kuzeyinsesi.org\/index.php\/wp-json\/wp\/v2\/posts\/37880\/revisions"}],"wp:featuredmedia":[{"embeddable":true,"href":"https:\/\/kuzeyinsesi.org\/index.php\/wp-json\/wp\/v2\/media\/37881"}],"wp:attachment":[{"href":"https:\/\/kuzeyinsesi.org\/index.php\/wp-json\/wp\/v2\/media?parent=37880"}],"wp:term":[{"taxonomy":"category","embeddable":true,"href":"https:\/\/kuzeyinsesi.org\/index.php\/wp-json\/wp\/v2\/categories?post=37880"},{"taxonomy":"post_tag","embeddable":true,"href":"https:\/\/kuzeyinsesi.org\/index.php\/wp-json\/wp\/v2\/tags?post=37880"}],"curies":[{"name":"wp","href":"https:\/\/api.w.org\/{rel}","templated":true}]}}