{"id":37878,"date":"2026-05-02T15:22:28","date_gmt":"2026-05-02T12:22:28","guid":{"rendered":"https:\/\/kuzeyinsesi.org\/index.php\/2026\/05\/02\/nato-almanyadan-asker-cekme-kararini-anlamak-icin-abd-ile-calisiyoruz\/"},"modified":"2026-05-02T15:22:28","modified_gmt":"2026-05-02T12:22:28","slug":"nato-almanyadan-asker-cekme-kararini-anlamak-icin-abd-ile-calisiyoruz","status":"publish","type":"post","link":"https:\/\/kuzeyinsesi.org\/index.php\/2026\/05\/02\/nato-almanyadan-asker-cekme-kararini-anlamak-icin-abd-ile-calisiyoruz\/","title":{"rendered":"NATO: Almanya&#039;dan asker \u00e7ekme karar\u0131n\u0131 anlamak i\u00e7in ABD ile \u00e7al\u0131\u015f\u0131yoruz"},"content":{"rendered":"<p><\/p>\n<div>\n<p>&#13;<br \/>\n\tHart, <a href=\"https:\/\/www.trthaber.com\/etiket\/abd\/\" target=\"_blank\">ABD<\/a> merkezli X \u015firketinin sosyal <a href=\"https:\/\/www.trthaber.com\/etiket\/medya\/\" target=\"_blank\">medya<\/a> platformundan, ABD&#8217;nin Almanya&#8217;da konu\u015flu yakla\u015f\u0131k 5 bin askerini geri \u00e7ekme karar\u0131yla ilgili a\u00e7\u0131klama yapt\u0131.<\/p>\n<p>&#13;<br \/>\n\t&#8220;ABD ile Almanya&#8217;daki askeri konu\u015flanmas\u0131yla ilgili karar\u0131n\u0131n ayr\u0131nt\u0131lar\u0131n\u0131 anlamak i\u00e7in \u00e7al\u0131\u015f\u0131yoruz.&#8221; ifadesini kullanan Hart, bu d\u00fczenlemenin Avrupa&#8217;n\u0131n savunmaya daha fazla <a href=\"https:\/\/www.trthaber.com\/etiket\/yatirim\/\" target=\"_blank\">yat\u0131r\u0131m<\/a> yapmaya ve ortak g\u00fcvenlik i\u00e7in daha b\u00fcy\u00fck bir sorumluluk \u00fcstlenmeye devam etmesi gerekti\u011finin alt\u0131n\u0131 \u00e7izdi\u011fini belirtti.<\/p>\n<p>&#13;<br \/>\n\tHart, bu konuda, ge\u00e7en y\u0131l Lahey&#8217;deki <a href=\"https:\/\/www.trthaber.com\/etiket\/nato\/\" target=\"_blank\">NATO<\/a> Zirvesi&#8217;nde m\u00fcttefiklerin gayrisafi yurt i\u00e7i has\u0131lalar\u0131n\u0131n y\u00fczde 5&#8217;ini savunmaya yat\u0131rma konusunda anla\u015fmas\u0131ndan bu yana ilerleme kaydedildi\u011fini vurgulayarak &#8220;Daha g\u00fc\u00e7l\u00fc bir NATO&#8217;da daha g\u00fc\u00e7l\u00fc bir Avrupa&#8217;ya do\u011fru bu de\u011fi\u015fim devam ederken, cayd\u0131r\u0131c\u0131l\u0131k ve savunmam\u0131z\u0131 sa\u011flama yetene\u011fimize olan g\u00fcvenimiz tam.&#8221; de\u011ferlendirmesini yapt\u0131.<\/p>\n<p>&#13;<br \/>\n\tABD Savunma Bakanl\u0131\u011f\u0131 (Pentagon) taraf\u0131ndan d\u00fcn yap\u0131lan a\u00e7\u0131klamada Almanya&#8217;da konu\u015flu yakla\u015f\u0131k 5 bin askerin 6 ila 12 ay i\u00e7inde geri \u00e7ekilece\u011fi bildirilmi\u015fti.<\/p>\n<\/p><\/div>\n","protected":false},"excerpt":{"rendered":"<p>&#13; Hart, ABD merkezli X \u015firketinin sosyal medya platformundan, ABD&#8217;nin Almanya&#8217;da konu\u015flu yakla\u015f\u0131k 5 bin askerini geri \u00e7ekme karar\u0131yla ilgili a\u00e7\u0131klama yapt\u0131. &#13; &#8220;ABD ile Almanya&#8217;daki askeri konu\u015flanmas\u0131yla ilgili karar\u0131n\u0131n ayr\u0131nt\u0131lar\u0131n\u0131 anlamak i\u00e7in \u00e7al\u0131\u015f\u0131yoruz.&#8221; ifadesini kullanan Hart, bu d\u00fczenlemenin Avrupa&#8217;n\u0131n savunmaya daha fazla yat\u0131r\u0131m yapmaya ve ortak g\u00fcvenlik i\u00e7in daha b\u00fcy\u00fck bir sorumluluk \u00fcstlenmeye devam [&hellip;]<\/p>\n","protected":false},"author":1,"featured_media":37879,"comment_status":"open","ping_status":"open","sticky":false,"template":"","format":"standard","meta":{"jnews-multi-image_gallery":[],"jnews_single_post":[],"jnews_primary_category":[],"jnews_social_meta":[],"jnews_override_counter":[],"footnotes":""},"categories":[2],"tags":[],"class_list":["post-37878","post","type-post","status-publish","format-standard","has-post-thumbnail","hentry","category-dunya"],"yoast_head":"<!-- This site is optimized with the Yoast SEO plugin v27.5 - https:\/\/yoast.com\/product\/yoast-seo-wordpress\/ -->\n<title>NATO: Almanya&#039;dan asker \u00e7ekme karar\u0131n\u0131 anlamak i\u00e7in ABD ile \u00e7al\u0131\u015f\u0131yoruz - Kuzeyin Sesi<\/title>\n<meta name=\"robots\" content=\"index, follow, max-snippet:-1, max-image-preview:large, max-video-preview:-1\" \/>\n<link rel=\"canonical\" href=\"https:\/\/kuzeyinsesi.org\/index.php\/2026\/05\/02\/nato-almanyadan-asker-cekme-kararini-anlamak-icin-abd-ile-calisiyoruz\/\" \/>\n<meta property=\"og:locale\" content=\"tr_TR\" \/>\n<meta property=\"og:type\" content=\"article\" \/>\n<meta property=\"og:title\" content=\"NATO: Almanya&#039;dan asker \u00e7ekme karar\u0131n\u0131 anlamak i\u00e7in ABD ile \u00e7al\u0131\u015f\u0131yoruz - Kuzeyin Sesi\" \/>\n<meta property=\"og:description\" content=\"&#013; Hart, ABD merkezli X \u015firketinin sosyal medya platformundan, ABD&#8217;nin Almanya&#8217;da konu\u015flu yakla\u015f\u0131k 5 bin askerini geri \u00e7ekme karar\u0131yla ilgili a\u00e7\u0131klama yapt\u0131. &#013; &#8220;ABD ile Almanya&#8217;daki askeri konu\u015flanmas\u0131yla ilgili karar\u0131n\u0131n ayr\u0131nt\u0131lar\u0131n\u0131 anlamak i\u00e7in \u00e7al\u0131\u015f\u0131yoruz.&#8221; ifadesini kullanan Hart, bu d\u00fczenlemenin Avrupa&#8217;n\u0131n savunmaya daha fazla yat\u0131r\u0131m yapmaya ve ortak g\u00fcvenlik i\u00e7in daha b\u00fcy\u00fck bir sorumluluk \u00fcstlenmeye devam [&hellip;]\" \/>\n<meta property=\"og:url\" content=\"https:\/\/kuzeyinsesi.org\/index.php\/2026\/05\/02\/nato-almanyadan-asker-cekme-kararini-anlamak-icin-abd-ile-calisiyoruz\/\" \/>\n<meta property=\"og:site_name\" content=\"Kuzeyin Sesi\" \/>\n<meta property=\"article:publisher\" content=\"https:\/\/www.facebook.com\/kuzeyinsesii\" \/>\n<meta property=\"article:published_time\" content=\"2026-05-02T12:22:28+00:00\" \/>\n<meta property=\"og:image\" content=\"https:\/\/trthaberstatic.cdn.wp.trt.com.tr\/resimler\/1632000\/abd-asker-aa-1632737.jpg\" \/>\n<meta name=\"author\" content=\"Kuzeyin Sesi\" \/>\n<meta name=\"twitter:card\" content=\"summary_large_image\" \/>\n<meta name=\"twitter:creator\" content=\"@kuzeyinsesii\" \/>\n<meta name=\"twitter:site\" content=\"@kuzeyinsesii\" \/>\n<meta name=\"twitter:label1\" content=\"Yazan:\" \/>\n\t<meta name=\"twitter:data1\" content=\"Kuzeyin Sesi\" \/>\n\t<meta name=\"twitter:label2\" content=\"Tahmini okuma s\u00fcresi\" \/>\n\t<meta name=\"twitter:data2\" content=\"1 dakika\" \/>\n<script type=\"application\/ld+json\" class=\"yoast-schema-graph\">{\"@context\":\"https:\\\/\\\/schema.org\",\"@graph\":[{\"@type\":\"Article\",\"@id\":\"https:\\\/\\\/kuzeyinsesi.org\\\/index.php\\\/2026\\\/05\\\/02\\\/nato-almanyadan-asker-cekme-kararini-anlamak-icin-abd-ile-calisiyoruz\\\/#article\",\"isPartOf\":{\"@id\":\"https:\\\/\\\/kuzeyinsesi.org\\\/index.php\\\/2026\\\/05\\\/02\\\/nato-almanyadan-asker-cekme-kararini-anlamak-icin-abd-ile-calisiyoruz\\\/\"},\"author\":{\"name\":\"Kuzeyin Sesi\",\"@id\":\"https:\\\/\\\/kuzeyinsesi.org\\\/#\\\/schema\\\/person\\\/9f859689cdf01485597712386e37f5aa\"},\"headline\":\"NATO: Almanya&#039;dan asker \u00e7ekme karar\u0131n\u0131 anlamak i\u00e7in ABD ile \u00e7al\u0131\u015f\u0131yoruz\",\"datePublished\":\"2026-05-02T12:22:28+00:00\",\"mainEntityOfPage\":{\"@id\":\"https:\\\/\\\/kuzeyinsesi.org\\\/index.php\\\/2026\\\/05\\\/02\\\/nato-almanyadan-asker-cekme-kararini-anlamak-icin-abd-ile-calisiyoruz\\\/\"},\"wordCount\":205,\"commentCount\":0,\"image\":{\"@id\":\"https:\\\/\\\/kuzeyinsesi.org\\\/index.php\\\/2026\\\/05\\\/02\\\/nato-almanyadan-asker-cekme-kararini-anlamak-icin-abd-ile-calisiyoruz\\\/#primaryimage\"},\"thumbnailUrl\":\"https:\\\/\\\/kuzeyinsesi.org\\\/wp-content\\\/uploads\\\/2024\\\/04\\\/abd-asker-aa-1632737.jpg\",\"articleSection\":[\"D\u00fcnya\"],\"inLanguage\":\"tr\",\"potentialAction\":[{\"@type\":\"CommentAction\",\"name\":\"Comment\",\"target\":[\"https:\\\/\\\/kuzeyinsesi.org\\\/index.php\\\/2026\\\/05\\\/02\\\/nato-almanyadan-asker-cekme-kararini-anlamak-icin-abd-ile-calisiyoruz\\\/#respond\"]}]},{\"@type\":\"WebPage\",\"@id\":\"https:\\\/\\\/kuzeyinsesi.org\\\/index.php\\\/2026\\\/05\\\/02\\\/nato-almanyadan-asker-cekme-kararini-anlamak-icin-abd-ile-calisiyoruz\\\/\",\"url\":\"https:\\\/\\\/kuzeyinsesi.org\\\/index.php\\\/2026\\\/05\\\/02\\\/nato-almanyadan-asker-cekme-kararini-anlamak-icin-abd-ile-calisiyoruz\\\/\",\"name\":\"NATO: Almanya&#039;dan asker \u00e7ekme karar\u0131n\u0131 anlamak i\u00e7in ABD ile \u00e7al\u0131\u015f\u0131yoruz - Kuzeyin Sesi\",\"isPartOf\":{\"@id\":\"https:\\\/\\\/kuzeyinsesi.org\\\/#website\"},\"primaryImageOfPage\":{\"@id\":\"https:\\\/\\\/kuzeyinsesi.org\\\/index.php\\\/2026\\\/05\\\/02\\\/nato-almanyadan-asker-cekme-kararini-anlamak-icin-abd-ile-calisiyoruz\\\/#primaryimage\"},\"image\":{\"@id\":\"https:\\\/\\\/kuzeyinsesi.org\\\/index.php\\\/2026\\\/05\\\/02\\\/nato-almanyadan-asker-cekme-kararini-anlamak-icin-abd-ile-calisiyoruz\\\/#primaryimage\"},\"thumbnailUrl\":\"https:\\\/\\\/kuzeyinsesi.org\\\/wp-content\\\/uploads\\\/2024\\\/04\\\/abd-asker-aa-1632737.jpg\",\"datePublished\":\"2026-05-02T12:22:28+00:00\",\"author\":{\"@id\":\"https:\\\/\\\/kuzeyinsesi.org\\\/#\\\/schema\\\/person\\\/9f859689cdf01485597712386e37f5aa\"},\"breadcrumb\":{\"@id\":\"https:\\\/\\\/kuzeyinsesi.org\\\/index.php\\\/2026\\\/05\\\/02\\\/nato-almanyadan-asker-cekme-kararini-anlamak-icin-abd-ile-calisiyoruz\\\/#breadcrumb\"},\"inLanguage\":\"tr\",\"potentialAction\":[{\"@type\":\"ReadAction\",\"target\":[\"https:\\\/\\\/kuzeyinsesi.org\\\/index.php\\\/2026\\\/05\\\/02\\\/nato-almanyadan-asker-cekme-kararini-anlamak-icin-abd-ile-calisiyoruz\\\/\"]}]},{\"@type\":\"ImageObject\",\"inLanguage\":\"tr\",\"@id\":\"https:\\\/\\\/kuzeyinsesi.org\\\/index.php\\\/2026\\\/05\\\/02\\\/nato-almanyadan-asker-cekme-kararini-anlamak-icin-abd-ile-calisiyoruz\\\/#primaryimage\",\"url\":\"https:\\\/\\\/kuzeyinsesi.org\\\/wp-content\\\/uploads\\\/2024\\\/04\\\/abd-asker-aa-1632737.jpg\",\"contentUrl\":\"https:\\\/\\\/kuzeyinsesi.org\\\/wp-content\\\/uploads\\\/2024\\\/04\\\/abd-asker-aa-1632737.jpg\",\"width\":1280,\"height\":720},{\"@type\":\"BreadcrumbList\",\"@id\":\"https:\\\/\\\/kuzeyinsesi.org\\\/index.php\\\/2026\\\/05\\\/02\\\/nato-almanyadan-asker-cekme-kararini-anlamak-icin-abd-ile-calisiyoruz\\\/#breadcrumb\",\"itemListElement\":[{\"@type\":\"ListItem\",\"position\":1,\"name\":\"Anasayfa\",\"item\":\"https:\\\/\\\/kuzeyinsesi.org\\\/\"},{\"@type\":\"ListItem\",\"position\":2,\"name\":\"NATO: Almanya&#039;dan asker \u00e7ekme karar\u0131n\u0131 anlamak i\u00e7in ABD ile \u00e7al\u0131\u015f\u0131yoruz\"}]},{\"@type\":\"WebSite\",\"@id\":\"https:\\\/\\\/kuzeyinsesi.org\\\/#website\",\"url\":\"https:\\\/\\\/kuzeyinsesi.org\\\/\",\"name\":\"Kuzeyin Sesi\",\"description\":\"Do\u011fru Haberin Adresi\",\"potentialAction\":[{\"@type\":\"SearchAction\",\"target\":{\"@type\":\"EntryPoint\",\"urlTemplate\":\"https:\\\/\\\/kuzeyinsesi.org\\\/?s={search_term_string}\"},\"query-input\":{\"@type\":\"PropertyValueSpecification\",\"valueRequired\":true,\"valueName\":\"search_term_string\"}}],\"inLanguage\":\"tr\"},{\"@type\":\"Person\",\"@id\":\"https:\\\/\\\/kuzeyinsesi.org\\\/#\\\/schema\\\/person\\\/9f859689cdf01485597712386e37f5aa\",\"name\":\"Kuzeyin Sesi\",\"image\":{\"@type\":\"ImageObject\",\"inLanguage\":\"tr\",\"@id\":\"https:\\\/\\\/secure.gravatar.com\\\/avatar\\\/bab33852abfd8b282518d6ed81826833d77c3c882d9ab608add591ccace47a44?s=96&d=mm&r=g\",\"url\":\"https:\\\/\\\/secure.gravatar.com\\\/avatar\\\/bab33852abfd8b282518d6ed81826833d77c3c882d9ab608add591ccace47a44?s=96&d=mm&r=g\",\"contentUrl\":\"https:\\\/\\\/secure.gravatar.com\\\/avatar\\\/bab33852abfd8b282518d6ed81826833d77c3c882d9ab608add591ccace47a44?s=96&d=mm&r=g\",\"caption\":\"Kuzeyin Sesi\"},\"sameAs\":[\"https:\\\/\\\/kuzeyinsesi.org\"],\"url\":\"https:\\\/\\\/kuzeyinsesi.org\\\/index.php\\\/author\\\/guven\\\/\"}]}<\/script>\n<!-- \/ Yoast SEO plugin. -->","yoast_head_json":{"title":"NATO: Almanya&#039;dan asker \u00e7ekme karar\u0131n\u0131 anlamak i\u00e7in ABD ile \u00e7al\u0131\u015f\u0131yoruz - Kuzeyin Sesi","robots":{"index":"index","follow":"follow","max-snippet":"max-snippet:-1","max-image-preview":"max-image-preview:large","max-video-preview":"max-video-preview:-1"},"canonical":"https:\/\/kuzeyinsesi.org\/index.php\/2026\/05\/02\/nato-almanyadan-asker-cekme-kararini-anlamak-icin-abd-ile-calisiyoruz\/","og_locale":"tr_TR","og_type":"article","og_title":"NATO: Almanya&#039;dan asker \u00e7ekme karar\u0131n\u0131 anlamak i\u00e7in ABD ile \u00e7al\u0131\u015f\u0131yoruz - Kuzeyin Sesi","og_description":"&#13; Hart, ABD merkezli X \u015firketinin sosyal medya platformundan, ABD&#8217;nin Almanya&#8217;da konu\u015flu yakla\u015f\u0131k 5 bin askerini geri \u00e7ekme karar\u0131yla ilgili a\u00e7\u0131klama yapt\u0131. &#13; &#8220;ABD ile Almanya&#8217;daki askeri konu\u015flanmas\u0131yla ilgili karar\u0131n\u0131n ayr\u0131nt\u0131lar\u0131n\u0131 anlamak i\u00e7in \u00e7al\u0131\u015f\u0131yoruz.&#8221; ifadesini kullanan Hart, bu d\u00fczenlemenin Avrupa&#8217;n\u0131n savunmaya daha fazla yat\u0131r\u0131m yapmaya ve ortak g\u00fcvenlik i\u00e7in daha b\u00fcy\u00fck bir sorumluluk \u00fcstlenmeye devam [&hellip;]","og_url":"https:\/\/kuzeyinsesi.org\/index.php\/2026\/05\/02\/nato-almanyadan-asker-cekme-kararini-anlamak-icin-abd-ile-calisiyoruz\/","og_site_name":"Kuzeyin Sesi","article_publisher":"https:\/\/www.facebook.com\/kuzeyinsesii","article_published_time":"2026-05-02T12:22:28+00:00","og_image":[{"url":"https:\/\/trthaberstatic.cdn.wp.trt.com.tr\/resimler\/1632000\/abd-asker-aa-1632737.jpg","type":"","width":"","height":""}],"author":"Kuzeyin Sesi","twitter_card":"summary_large_image","twitter_creator":"@kuzeyinsesii","twitter_site":"@kuzeyinsesii","twitter_misc":{"Yazan:":"Kuzeyin Sesi","Tahmini okuma s\u00fcresi":"1 dakika"},"schema":{"@context":"https:\/\/schema.org","@graph":[{"@type":"Article","@id":"https:\/\/kuzeyinsesi.org\/index.php\/2026\/05\/02\/nato-almanyadan-asker-cekme-kararini-anlamak-icin-abd-ile-calisiyoruz\/#article","isPartOf":{"@id":"https:\/\/kuzeyinsesi.org\/index.php\/2026\/05\/02\/nato-almanyadan-asker-cekme-kararini-anlamak-icin-abd-ile-calisiyoruz\/"},"author":{"name":"Kuzeyin Sesi","@id":"https:\/\/kuzeyinsesi.org\/#\/schema\/person\/9f859689cdf01485597712386e37f5aa"},"headline":"NATO: Almanya&#039;dan asker \u00e7ekme karar\u0131n\u0131 anlamak i\u00e7in ABD ile \u00e7al\u0131\u015f\u0131yoruz","datePublished":"2026-05-02T12:22:28+00:00","mainEntityOfPage":{"@id":"https:\/\/kuzeyinsesi.org\/index.php\/2026\/05\/02\/nato-almanyadan-asker-cekme-kararini-anlamak-icin-abd-ile-calisiyoruz\/"},"wordCount":205,"commentCount":0,"image":{"@id":"https:\/\/kuzeyinsesi.org\/index.php\/2026\/05\/02\/nato-almanyadan-asker-cekme-kararini-anlamak-icin-abd-ile-calisiyoruz\/#primaryimage"},"thumbnailUrl":"https:\/\/kuzeyinsesi.org\/wp-content\/uploads\/2024\/04\/abd-asker-aa-1632737.jpg","articleSection":["D\u00fcnya"],"inLanguage":"tr","potentialAction":[{"@type":"CommentAction","name":"Comment","target":["https:\/\/kuzeyinsesi.org\/index.php\/2026\/05\/02\/nato-almanyadan-asker-cekme-kararini-anlamak-icin-abd-ile-calisiyoruz\/#respond"]}]},{"@type":"WebPage","@id":"https:\/\/kuzeyinsesi.org\/index.php\/2026\/05\/02\/nato-almanyadan-asker-cekme-kararini-anlamak-icin-abd-ile-calisiyoruz\/","url":"https:\/\/kuzeyinsesi.org\/index.php\/2026\/05\/02\/nato-almanyadan-asker-cekme-kararini-anlamak-icin-abd-ile-calisiyoruz\/","name":"NATO: Almanya&#039;dan asker \u00e7ekme karar\u0131n\u0131 anlamak i\u00e7in ABD ile \u00e7al\u0131\u015f\u0131yoruz - Kuzeyin Sesi","isPartOf":{"@id":"https:\/\/kuzeyinsesi.org\/#website"},"primaryImageOfPage":{"@id":"https:\/\/kuzeyinsesi.org\/index.php\/2026\/05\/02\/nato-almanyadan-asker-cekme-kararini-anlamak-icin-abd-ile-calisiyoruz\/#primaryimage"},"image":{"@id":"https:\/\/kuzeyinsesi.org\/index.php\/2026\/05\/02\/nato-almanyadan-asker-cekme-kararini-anlamak-icin-abd-ile-calisiyoruz\/#primaryimage"},"thumbnailUrl":"https:\/\/kuzeyinsesi.org\/wp-content\/uploads\/2024\/04\/abd-asker-aa-1632737.jpg","datePublished":"2026-05-02T12:22:28+00:00","author":{"@id":"https:\/\/kuzeyinsesi.org\/#\/schema\/person\/9f859689cdf01485597712386e37f5aa"},"breadcrumb":{"@id":"https:\/\/kuzeyinsesi.org\/index.php\/2026\/05\/02\/nato-almanyadan-asker-cekme-kararini-anlamak-icin-abd-ile-calisiyoruz\/#breadcrumb"},"inLanguage":"tr","potentialAction":[{"@type":"ReadAction","target":["https:\/\/kuzeyinsesi.org\/index.php\/2026\/05\/02\/nato-almanyadan-asker-cekme-kararini-anlamak-icin-abd-ile-calisiyoruz\/"]}]},{"@type":"ImageObject","inLanguage":"tr","@id":"https:\/\/kuzeyinsesi.org\/index.php\/2026\/05\/02\/nato-almanyadan-asker-cekme-kararini-anlamak-icin-abd-ile-calisiyoruz\/#primaryimage","url":"https:\/\/kuzeyinsesi.org\/wp-content\/uploads\/2024\/04\/abd-asker-aa-1632737.jpg","contentUrl":"https:\/\/kuzeyinsesi.org\/wp-content\/uploads\/2024\/04\/abd-asker-aa-1632737.jpg","width":1280,"height":720},{"@type":"BreadcrumbList","@id":"https:\/\/kuzeyinsesi.org\/index.php\/2026\/05\/02\/nato-almanyadan-asker-cekme-kararini-anlamak-icin-abd-ile-calisiyoruz\/#breadcrumb","itemListElement":[{"@type":"ListItem","position":1,"name":"Anasayfa","item":"https:\/\/kuzeyinsesi.org\/"},{"@type":"ListItem","position":2,"name":"NATO: Almanya&#039;dan asker \u00e7ekme karar\u0131n\u0131 anlamak i\u00e7in ABD ile \u00e7al\u0131\u015f\u0131yoruz"}]},{"@type":"WebSite","@id":"https:\/\/kuzeyinsesi.org\/#website","url":"https:\/\/kuzeyinsesi.org\/","name":"Kuzeyin Sesi","description":"Do\u011fru Haberin Adresi","potentialAction":[{"@type":"SearchAction","target":{"@type":"EntryPoint","urlTemplate":"https:\/\/kuzeyinsesi.org\/?s={search_term_string}"},"query-input":{"@type":"PropertyValueSpecification","valueRequired":true,"valueName":"search_term_string"}}],"inLanguage":"tr"},{"@type":"Person","@id":"https:\/\/kuzeyinsesi.org\/#\/schema\/person\/9f859689cdf01485597712386e37f5aa","name":"Kuzeyin Sesi","image":{"@type":"ImageObject","inLanguage":"tr","@id":"https:\/\/secure.gravatar.com\/avatar\/bab33852abfd8b282518d6ed81826833d77c3c882d9ab608add591ccace47a44?s=96&d=mm&r=g","url":"https:\/\/secure.gravatar.com\/avatar\/bab33852abfd8b282518d6ed81826833d77c3c882d9ab608add591ccace47a44?s=96&d=mm&r=g","contentUrl":"https:\/\/secure.gravatar.com\/avatar\/bab33852abfd8b282518d6ed81826833d77c3c882d9ab608add591ccace47a44?s=96&d=mm&r=g","caption":"Kuzeyin Sesi"},"sameAs":["https:\/\/kuzeyinsesi.org"],"url":"https:\/\/kuzeyinsesi.org\/index.php\/author\/guven\/"}]}},"_links":{"self":[{"href":"https:\/\/kuzeyinsesi.org\/index.php\/wp-json\/wp\/v2\/posts\/37878","targetHints":{"allow":["GET"]}}],"collection":[{"href":"https:\/\/kuzeyinsesi.org\/index.php\/wp-json\/wp\/v2\/posts"}],"about":[{"href":"https:\/\/kuzeyinsesi.org\/index.php\/wp-json\/wp\/v2\/types\/post"}],"author":[{"embeddable":true,"href":"https:\/\/kuzeyinsesi.org\/index.php\/wp-json\/wp\/v2\/users\/1"}],"replies":[{"embeddable":true,"href":"https:\/\/kuzeyinsesi.org\/index.php\/wp-json\/wp\/v2\/comments?post=37878"}],"version-history":[{"count":0,"href":"https:\/\/kuzeyinsesi.org\/index.php\/wp-json\/wp\/v2\/posts\/37878\/revisions"}],"wp:featuredmedia":[{"embeddable":true,"href":"https:\/\/kuzeyinsesi.org\/index.php\/wp-json\/wp\/v2\/media\/37879"}],"wp:attachment":[{"href":"https:\/\/kuzeyinsesi.org\/index.php\/wp-json\/wp\/v2\/media?parent=37878"}],"wp:term":[{"taxonomy":"category","embeddable":true,"href":"https:\/\/kuzeyinsesi.org\/index.php\/wp-json\/wp\/v2\/categories?post=37878"},{"taxonomy":"post_tag","embeddable":true,"href":"https:\/\/kuzeyinsesi.org\/index.php\/wp-json\/wp\/v2\/tags?post=37878"}],"curies":[{"name":"wp","href":"https:\/\/api.w.org\/{rel}","templated":true}]}}