{"id":37874,"date":"2026-05-02T13:49:30","date_gmt":"2026-05-02T10:49:30","guid":{"rendered":"https:\/\/kuzeyinsesi.org\/index.php\/2026\/05\/02\/yakit-krizi-nedeniye-spirit-airlines-tum-ucuslarini-iptal-etti\/"},"modified":"2026-05-02T13:49:30","modified_gmt":"2026-05-02T10:49:30","slug":"yakit-krizi-nedeniye-spirit-airlines-tum-ucuslarini-iptal-etti","status":"publish","type":"post","link":"https:\/\/kuzeyinsesi.org\/index.php\/2026\/05\/02\/yakit-krizi-nedeniye-spirit-airlines-tum-ucuslarini-iptal-etti\/","title":{"rendered":"Yak\u0131t krizi nedeniye Spirit Airlines t\u00fcm u\u00e7u\u015flar\u0131n\u0131 iptal etti"},"content":{"rendered":"<p><\/p>\n<div>\n<p>&#13;<br \/>\n\tAmerika Birle\u015fik Devletleri merkezli havayolu devi Spirit Airlines, jet yak\u0131t\u0131 fiyatlar\u0131ndaki a\u015f\u0131r\u0131 y\u00fckseli\u015f ve derinle\u015fen finansal kriz nedeniyle operasyonlar\u0131n\u0131 tamamen sonland\u0131rd\u0131\u011f\u0131n\u0131 duyurdu. \u015eirketten yap\u0131lan a\u00e7\u0131klamada, t\u00fcm u\u00e7u\u015flar\u0131n derhal iptal edildi\u011fi ve yolcular\u0131n havalimanlar\u0131na gitmemesi gerekti\u011fi belirtildi.<\/p>\n<p>&#13;<br \/>\n\t<a href=\"https:\/\/www.trthaber.com\/etiket\/abd\/\" target=\"_blank\">ABD<\/a> Ba\u015fkan\u0131 Donald Trump\u2019\u0131n havayolunu kurtarmak i\u00e7in \u00f6nerdi\u011fi 500 milyon dolarl\u0131k destek paketinin hem Kongre&#8217;den hem de kendi dan\u0131\u015fmanlar\u0131ndan gelen itirazlar sonucu sonu\u00e7suz kalmas\u0131, \u015firketin \u00e7\u00f6k\u00fc\u015f\u00fcn\u00fc h\u0131zland\u0131ran temel fakt\u00f6r oldu.<\/p>\n<p>&#13;<br \/>\n\t<a href=\"https:\/\/www.trthaber.com\/etiket\/iran\/\" target=\"_blank\">\u0130ran<\/a> sava\u015f\u0131 nedeniyle varil ba\u015f\u0131na <a href=\"https:\/\/www.trthaber.com\/etiket\/yakit\/\" target=\"_blank\">yak\u0131t<\/a> maliyetlerinin beklentilerin iki kat\u0131na \u00e7\u0131kmas\u0131, Spirit Airlines\u2019\u0131n iflas s\u00fcrecinden \u00e7\u0131k\u0131\u015f planlar\u0131n\u0131 alt\u00fcst etti. ABD Ula\u015ft\u0131rma Bakan\u0131 Sean Duffy, hi\u00e7bir \u015firketin Spirit\u2019i sat\u0131n almaya yana\u015fmad\u0131\u011f\u0131n\u0131 belirterek devletin de bu ko\u015fullar alt\u0131nda daha fazla m\u00fcdahale edemeyece\u011fini ifade etti.<\/p>\n<p>&#13;<br \/>\n\t\u015eirketin tasfiyesi, binlerce ki\u015finin i\u015fsiz kalmas\u0131na ve ABD hava ula\u015f\u0131m\u0131 pazar\u0131nda bilet fiyatlar\u0131n\u0131n y\u00fckselmesine neden olacak b\u00fcy\u00fck bir kay\u0131p olarak de\u011ferlendiriliyor. K\u00fcresel \u00e7apta benzer bir bask\u0131 hisseden Lufthansa ve Air India gibi di\u011fer b\u00fcy\u00fck havayollar\u0131 da artan maliyetleri kar\u015f\u0131lamak ad\u0131na sefer say\u0131lar\u0131n\u0131 azaltma ve ek yak\u0131t \u00fccretleri uygulama yoluna gidiyor<\/p>\n<\/p><\/div>\n","protected":false},"excerpt":{"rendered":"<p>&#13; Amerika Birle\u015fik Devletleri merkezli havayolu devi Spirit Airlines, jet yak\u0131t\u0131 fiyatlar\u0131ndaki a\u015f\u0131r\u0131 y\u00fckseli\u015f ve derinle\u015fen finansal kriz nedeniyle operasyonlar\u0131n\u0131 tamamen sonland\u0131rd\u0131\u011f\u0131n\u0131 duyurdu. \u015eirketten yap\u0131lan a\u00e7\u0131klamada, t\u00fcm u\u00e7u\u015flar\u0131n derhal iptal edildi\u011fi ve yolcular\u0131n havalimanlar\u0131na gitmemesi gerekti\u011fi belirtildi. &#13; ABD Ba\u015fkan\u0131 Donald Trump\u2019\u0131n havayolunu kurtarmak i\u00e7in \u00f6nerdi\u011fi 500 milyon dolarl\u0131k destek paketinin hem Kongre&#8217;den hem de [&hellip;]<\/p>\n","protected":false},"author":1,"featured_media":37875,"comment_status":"open","ping_status":"open","sticky":false,"template":"","format":"standard","meta":{"jnews-multi-image_gallery":[],"jnews_single_post":[],"jnews_primary_category":[],"jnews_social_meta":[],"jnews_override_counter":[],"footnotes":""},"categories":[2],"tags":[],"class_list":["post-37874","post","type-post","status-publish","format-standard","has-post-thumbnail","hentry","category-dunya"],"yoast_head":"<!-- This site is optimized with the Yoast SEO plugin v27.5 - https:\/\/yoast.com\/product\/yoast-seo-wordpress\/ -->\n<title>Yak\u0131t krizi nedeniye Spirit Airlines t\u00fcm u\u00e7u\u015flar\u0131n\u0131 iptal etti - Kuzeyin Sesi<\/title>\n<meta name=\"robots\" content=\"index, follow, max-snippet:-1, max-image-preview:large, max-video-preview:-1\" \/>\n<link rel=\"canonical\" href=\"https:\/\/kuzeyinsesi.org\/index.php\/2026\/05\/02\/yakit-krizi-nedeniye-spirit-airlines-tum-ucuslarini-iptal-etti\/\" \/>\n<meta property=\"og:locale\" content=\"tr_TR\" \/>\n<meta property=\"og:type\" content=\"article\" \/>\n<meta property=\"og:title\" content=\"Yak\u0131t krizi nedeniye Spirit Airlines t\u00fcm u\u00e7u\u015flar\u0131n\u0131 iptal etti - Kuzeyin Sesi\" \/>\n<meta property=\"og:description\" content=\"&#013; Amerika Birle\u015fik Devletleri merkezli havayolu devi Spirit Airlines, jet yak\u0131t\u0131 fiyatlar\u0131ndaki a\u015f\u0131r\u0131 y\u00fckseli\u015f ve derinle\u015fen finansal kriz nedeniyle operasyonlar\u0131n\u0131 tamamen sonland\u0131rd\u0131\u011f\u0131n\u0131 duyurdu. \u015eirketten yap\u0131lan a\u00e7\u0131klamada, t\u00fcm u\u00e7u\u015flar\u0131n derhal iptal edildi\u011fi ve yolcular\u0131n havalimanlar\u0131na gitmemesi gerekti\u011fi belirtildi. &#013; ABD Ba\u015fkan\u0131 Donald Trump\u2019\u0131n havayolunu kurtarmak i\u00e7in \u00f6nerdi\u011fi 500 milyon dolarl\u0131k destek paketinin hem Kongre&#8217;den hem de [&hellip;]\" \/>\n<meta property=\"og:url\" content=\"https:\/\/kuzeyinsesi.org\/index.php\/2026\/05\/02\/yakit-krizi-nedeniye-spirit-airlines-tum-ucuslarini-iptal-etti\/\" \/>\n<meta property=\"og:site_name\" content=\"Kuzeyin Sesi\" \/>\n<meta property=\"article:publisher\" content=\"https:\/\/www.facebook.com\/kuzeyinsesii\" \/>\n<meta property=\"article:published_time\" content=\"2026-05-02T10:49:30+00:00\" \/>\n<meta property=\"og:image\" content=\"https:\/\/trthaberstatic.cdn.wp.trt.com.tr\/resimler\/2456000\/spirit-reu-2457678.jpg\" \/>\n<meta name=\"author\" content=\"Kuzeyin Sesi\" \/>\n<meta name=\"twitter:card\" content=\"summary_large_image\" \/>\n<meta name=\"twitter:creator\" content=\"@kuzeyinsesii\" \/>\n<meta name=\"twitter:site\" content=\"@kuzeyinsesii\" \/>\n<meta name=\"twitter:label1\" content=\"Yazan:\" \/>\n\t<meta name=\"twitter:data1\" content=\"Kuzeyin Sesi\" \/>\n\t<meta name=\"twitter:label2\" content=\"Tahmini okuma s\u00fcresi\" \/>\n\t<meta name=\"twitter:data2\" content=\"1 dakika\" \/>\n<script type=\"application\/ld+json\" class=\"yoast-schema-graph\">{\"@context\":\"https:\\\/\\\/schema.org\",\"@graph\":[{\"@type\":\"Article\",\"@id\":\"https:\\\/\\\/kuzeyinsesi.org\\\/index.php\\\/2026\\\/05\\\/02\\\/yakit-krizi-nedeniye-spirit-airlines-tum-ucuslarini-iptal-etti\\\/#article\",\"isPartOf\":{\"@id\":\"https:\\\/\\\/kuzeyinsesi.org\\\/index.php\\\/2026\\\/05\\\/02\\\/yakit-krizi-nedeniye-spirit-airlines-tum-ucuslarini-iptal-etti\\\/\"},\"author\":{\"name\":\"Kuzeyin Sesi\",\"@id\":\"https:\\\/\\\/kuzeyinsesi.org\\\/#\\\/schema\\\/person\\\/9f859689cdf01485597712386e37f5aa\"},\"headline\":\"Yak\u0131t krizi nedeniye Spirit Airlines t\u00fcm u\u00e7u\u015flar\u0131n\u0131 iptal etti\",\"datePublished\":\"2026-05-02T10:49:30+00:00\",\"mainEntityOfPage\":{\"@id\":\"https:\\\/\\\/kuzeyinsesi.org\\\/index.php\\\/2026\\\/05\\\/02\\\/yakit-krizi-nedeniye-spirit-airlines-tum-ucuslarini-iptal-etti\\\/\"},\"wordCount\":242,\"commentCount\":0,\"image\":{\"@id\":\"https:\\\/\\\/kuzeyinsesi.org\\\/index.php\\\/2026\\\/05\\\/02\\\/yakit-krizi-nedeniye-spirit-airlines-tum-ucuslarini-iptal-etti\\\/#primaryimage\"},\"thumbnailUrl\":\"https:\\\/\\\/kuzeyinsesi.org\\\/wp-content\\\/uploads\\\/2026\\\/05\\\/spirit-reu-2457678.jpg\",\"articleSection\":[\"D\u00fcnya\"],\"inLanguage\":\"tr\",\"potentialAction\":[{\"@type\":\"CommentAction\",\"name\":\"Comment\",\"target\":[\"https:\\\/\\\/kuzeyinsesi.org\\\/index.php\\\/2026\\\/05\\\/02\\\/yakit-krizi-nedeniye-spirit-airlines-tum-ucuslarini-iptal-etti\\\/#respond\"]}]},{\"@type\":\"WebPage\",\"@id\":\"https:\\\/\\\/kuzeyinsesi.org\\\/index.php\\\/2026\\\/05\\\/02\\\/yakit-krizi-nedeniye-spirit-airlines-tum-ucuslarini-iptal-etti\\\/\",\"url\":\"https:\\\/\\\/kuzeyinsesi.org\\\/index.php\\\/2026\\\/05\\\/02\\\/yakit-krizi-nedeniye-spirit-airlines-tum-ucuslarini-iptal-etti\\\/\",\"name\":\"Yak\u0131t krizi nedeniye Spirit Airlines t\u00fcm u\u00e7u\u015flar\u0131n\u0131 iptal etti - Kuzeyin Sesi\",\"isPartOf\":{\"@id\":\"https:\\\/\\\/kuzeyinsesi.org\\\/#website\"},\"primaryImageOfPage\":{\"@id\":\"https:\\\/\\\/kuzeyinsesi.org\\\/index.php\\\/2026\\\/05\\\/02\\\/yakit-krizi-nedeniye-spirit-airlines-tum-ucuslarini-iptal-etti\\\/#primaryimage\"},\"image\":{\"@id\":\"https:\\\/\\\/kuzeyinsesi.org\\\/index.php\\\/2026\\\/05\\\/02\\\/yakit-krizi-nedeniye-spirit-airlines-tum-ucuslarini-iptal-etti\\\/#primaryimage\"},\"thumbnailUrl\":\"https:\\\/\\\/kuzeyinsesi.org\\\/wp-content\\\/uploads\\\/2026\\\/05\\\/spirit-reu-2457678.jpg\",\"datePublished\":\"2026-05-02T10:49:30+00:00\",\"author\":{\"@id\":\"https:\\\/\\\/kuzeyinsesi.org\\\/#\\\/schema\\\/person\\\/9f859689cdf01485597712386e37f5aa\"},\"breadcrumb\":{\"@id\":\"https:\\\/\\\/kuzeyinsesi.org\\\/index.php\\\/2026\\\/05\\\/02\\\/yakit-krizi-nedeniye-spirit-airlines-tum-ucuslarini-iptal-etti\\\/#breadcrumb\"},\"inLanguage\":\"tr\",\"potentialAction\":[{\"@type\":\"ReadAction\",\"target\":[\"https:\\\/\\\/kuzeyinsesi.org\\\/index.php\\\/2026\\\/05\\\/02\\\/yakit-krizi-nedeniye-spirit-airlines-tum-ucuslarini-iptal-etti\\\/\"]}]},{\"@type\":\"ImageObject\",\"inLanguage\":\"tr\",\"@id\":\"https:\\\/\\\/kuzeyinsesi.org\\\/index.php\\\/2026\\\/05\\\/02\\\/yakit-krizi-nedeniye-spirit-airlines-tum-ucuslarini-iptal-etti\\\/#primaryimage\",\"url\":\"https:\\\/\\\/kuzeyinsesi.org\\\/wp-content\\\/uploads\\\/2026\\\/05\\\/spirit-reu-2457678.jpg\",\"contentUrl\":\"https:\\\/\\\/kuzeyinsesi.org\\\/wp-content\\\/uploads\\\/2026\\\/05\\\/spirit-reu-2457678.jpg\",\"width\":1280,\"height\":720},{\"@type\":\"BreadcrumbList\",\"@id\":\"https:\\\/\\\/kuzeyinsesi.org\\\/index.php\\\/2026\\\/05\\\/02\\\/yakit-krizi-nedeniye-spirit-airlines-tum-ucuslarini-iptal-etti\\\/#breadcrumb\",\"itemListElement\":[{\"@type\":\"ListItem\",\"position\":1,\"name\":\"Anasayfa\",\"item\":\"https:\\\/\\\/kuzeyinsesi.org\\\/\"},{\"@type\":\"ListItem\",\"position\":2,\"name\":\"Yak\u0131t krizi nedeniye Spirit Airlines t\u00fcm u\u00e7u\u015flar\u0131n\u0131 iptal etti\"}]},{\"@type\":\"WebSite\",\"@id\":\"https:\\\/\\\/kuzeyinsesi.org\\\/#website\",\"url\":\"https:\\\/\\\/kuzeyinsesi.org\\\/\",\"name\":\"Kuzeyin Sesi\",\"description\":\"Do\u011fru Haberin Adresi\",\"potentialAction\":[{\"@type\":\"SearchAction\",\"target\":{\"@type\":\"EntryPoint\",\"urlTemplate\":\"https:\\\/\\\/kuzeyinsesi.org\\\/?s={search_term_string}\"},\"query-input\":{\"@type\":\"PropertyValueSpecification\",\"valueRequired\":true,\"valueName\":\"search_term_string\"}}],\"inLanguage\":\"tr\"},{\"@type\":\"Person\",\"@id\":\"https:\\\/\\\/kuzeyinsesi.org\\\/#\\\/schema\\\/person\\\/9f859689cdf01485597712386e37f5aa\",\"name\":\"Kuzeyin Sesi\",\"image\":{\"@type\":\"ImageObject\",\"inLanguage\":\"tr\",\"@id\":\"https:\\\/\\\/secure.gravatar.com\\\/avatar\\\/bab33852abfd8b282518d6ed81826833d77c3c882d9ab608add591ccace47a44?s=96&d=mm&r=g\",\"url\":\"https:\\\/\\\/secure.gravatar.com\\\/avatar\\\/bab33852abfd8b282518d6ed81826833d77c3c882d9ab608add591ccace47a44?s=96&d=mm&r=g\",\"contentUrl\":\"https:\\\/\\\/secure.gravatar.com\\\/avatar\\\/bab33852abfd8b282518d6ed81826833d77c3c882d9ab608add591ccace47a44?s=96&d=mm&r=g\",\"caption\":\"Kuzeyin Sesi\"},\"sameAs\":[\"https:\\\/\\\/kuzeyinsesi.org\"],\"url\":\"https:\\\/\\\/kuzeyinsesi.org\\\/index.php\\\/author\\\/guven\\\/\"}]}<\/script>\n<!-- \/ Yoast SEO plugin. -->","yoast_head_json":{"title":"Yak\u0131t krizi nedeniye Spirit Airlines t\u00fcm u\u00e7u\u015flar\u0131n\u0131 iptal etti - Kuzeyin Sesi","robots":{"index":"index","follow":"follow","max-snippet":"max-snippet:-1","max-image-preview":"max-image-preview:large","max-video-preview":"max-video-preview:-1"},"canonical":"https:\/\/kuzeyinsesi.org\/index.php\/2026\/05\/02\/yakit-krizi-nedeniye-spirit-airlines-tum-ucuslarini-iptal-etti\/","og_locale":"tr_TR","og_type":"article","og_title":"Yak\u0131t krizi nedeniye Spirit Airlines t\u00fcm u\u00e7u\u015flar\u0131n\u0131 iptal etti - Kuzeyin Sesi","og_description":"&#13; Amerika Birle\u015fik Devletleri merkezli havayolu devi Spirit Airlines, jet yak\u0131t\u0131 fiyatlar\u0131ndaki a\u015f\u0131r\u0131 y\u00fckseli\u015f ve derinle\u015fen finansal kriz nedeniyle operasyonlar\u0131n\u0131 tamamen sonland\u0131rd\u0131\u011f\u0131n\u0131 duyurdu. \u015eirketten yap\u0131lan a\u00e7\u0131klamada, t\u00fcm u\u00e7u\u015flar\u0131n derhal iptal edildi\u011fi ve yolcular\u0131n havalimanlar\u0131na gitmemesi gerekti\u011fi belirtildi. &#13; ABD Ba\u015fkan\u0131 Donald Trump\u2019\u0131n havayolunu kurtarmak i\u00e7in \u00f6nerdi\u011fi 500 milyon dolarl\u0131k destek paketinin hem Kongre&#8217;den hem de [&hellip;]","og_url":"https:\/\/kuzeyinsesi.org\/index.php\/2026\/05\/02\/yakit-krizi-nedeniye-spirit-airlines-tum-ucuslarini-iptal-etti\/","og_site_name":"Kuzeyin Sesi","article_publisher":"https:\/\/www.facebook.com\/kuzeyinsesii","article_published_time":"2026-05-02T10:49:30+00:00","og_image":[{"url":"https:\/\/trthaberstatic.cdn.wp.trt.com.tr\/resimler\/2456000\/spirit-reu-2457678.jpg","type":"","width":"","height":""}],"author":"Kuzeyin Sesi","twitter_card":"summary_large_image","twitter_creator":"@kuzeyinsesii","twitter_site":"@kuzeyinsesii","twitter_misc":{"Yazan:":"Kuzeyin Sesi","Tahmini okuma s\u00fcresi":"1 dakika"},"schema":{"@context":"https:\/\/schema.org","@graph":[{"@type":"Article","@id":"https:\/\/kuzeyinsesi.org\/index.php\/2026\/05\/02\/yakit-krizi-nedeniye-spirit-airlines-tum-ucuslarini-iptal-etti\/#article","isPartOf":{"@id":"https:\/\/kuzeyinsesi.org\/index.php\/2026\/05\/02\/yakit-krizi-nedeniye-spirit-airlines-tum-ucuslarini-iptal-etti\/"},"author":{"name":"Kuzeyin Sesi","@id":"https:\/\/kuzeyinsesi.org\/#\/schema\/person\/9f859689cdf01485597712386e37f5aa"},"headline":"Yak\u0131t krizi nedeniye Spirit Airlines t\u00fcm u\u00e7u\u015flar\u0131n\u0131 iptal etti","datePublished":"2026-05-02T10:49:30+00:00","mainEntityOfPage":{"@id":"https:\/\/kuzeyinsesi.org\/index.php\/2026\/05\/02\/yakit-krizi-nedeniye-spirit-airlines-tum-ucuslarini-iptal-etti\/"},"wordCount":242,"commentCount":0,"image":{"@id":"https:\/\/kuzeyinsesi.org\/index.php\/2026\/05\/02\/yakit-krizi-nedeniye-spirit-airlines-tum-ucuslarini-iptal-etti\/#primaryimage"},"thumbnailUrl":"https:\/\/kuzeyinsesi.org\/wp-content\/uploads\/2026\/05\/spirit-reu-2457678.jpg","articleSection":["D\u00fcnya"],"inLanguage":"tr","potentialAction":[{"@type":"CommentAction","name":"Comment","target":["https:\/\/kuzeyinsesi.org\/index.php\/2026\/05\/02\/yakit-krizi-nedeniye-spirit-airlines-tum-ucuslarini-iptal-etti\/#respond"]}]},{"@type":"WebPage","@id":"https:\/\/kuzeyinsesi.org\/index.php\/2026\/05\/02\/yakit-krizi-nedeniye-spirit-airlines-tum-ucuslarini-iptal-etti\/","url":"https:\/\/kuzeyinsesi.org\/index.php\/2026\/05\/02\/yakit-krizi-nedeniye-spirit-airlines-tum-ucuslarini-iptal-etti\/","name":"Yak\u0131t krizi nedeniye Spirit Airlines t\u00fcm u\u00e7u\u015flar\u0131n\u0131 iptal etti - Kuzeyin Sesi","isPartOf":{"@id":"https:\/\/kuzeyinsesi.org\/#website"},"primaryImageOfPage":{"@id":"https:\/\/kuzeyinsesi.org\/index.php\/2026\/05\/02\/yakit-krizi-nedeniye-spirit-airlines-tum-ucuslarini-iptal-etti\/#primaryimage"},"image":{"@id":"https:\/\/kuzeyinsesi.org\/index.php\/2026\/05\/02\/yakit-krizi-nedeniye-spirit-airlines-tum-ucuslarini-iptal-etti\/#primaryimage"},"thumbnailUrl":"https:\/\/kuzeyinsesi.org\/wp-content\/uploads\/2026\/05\/spirit-reu-2457678.jpg","datePublished":"2026-05-02T10:49:30+00:00","author":{"@id":"https:\/\/kuzeyinsesi.org\/#\/schema\/person\/9f859689cdf01485597712386e37f5aa"},"breadcrumb":{"@id":"https:\/\/kuzeyinsesi.org\/index.php\/2026\/05\/02\/yakit-krizi-nedeniye-spirit-airlines-tum-ucuslarini-iptal-etti\/#breadcrumb"},"inLanguage":"tr","potentialAction":[{"@type":"ReadAction","target":["https:\/\/kuzeyinsesi.org\/index.php\/2026\/05\/02\/yakit-krizi-nedeniye-spirit-airlines-tum-ucuslarini-iptal-etti\/"]}]},{"@type":"ImageObject","inLanguage":"tr","@id":"https:\/\/kuzeyinsesi.org\/index.php\/2026\/05\/02\/yakit-krizi-nedeniye-spirit-airlines-tum-ucuslarini-iptal-etti\/#primaryimage","url":"https:\/\/kuzeyinsesi.org\/wp-content\/uploads\/2026\/05\/spirit-reu-2457678.jpg","contentUrl":"https:\/\/kuzeyinsesi.org\/wp-content\/uploads\/2026\/05\/spirit-reu-2457678.jpg","width":1280,"height":720},{"@type":"BreadcrumbList","@id":"https:\/\/kuzeyinsesi.org\/index.php\/2026\/05\/02\/yakit-krizi-nedeniye-spirit-airlines-tum-ucuslarini-iptal-etti\/#breadcrumb","itemListElement":[{"@type":"ListItem","position":1,"name":"Anasayfa","item":"https:\/\/kuzeyinsesi.org\/"},{"@type":"ListItem","position":2,"name":"Yak\u0131t krizi nedeniye Spirit Airlines t\u00fcm u\u00e7u\u015flar\u0131n\u0131 iptal etti"}]},{"@type":"WebSite","@id":"https:\/\/kuzeyinsesi.org\/#website","url":"https:\/\/kuzeyinsesi.org\/","name":"Kuzeyin Sesi","description":"Do\u011fru Haberin Adresi","potentialAction":[{"@type":"SearchAction","target":{"@type":"EntryPoint","urlTemplate":"https:\/\/kuzeyinsesi.org\/?s={search_term_string}"},"query-input":{"@type":"PropertyValueSpecification","valueRequired":true,"valueName":"search_term_string"}}],"inLanguage":"tr"},{"@type":"Person","@id":"https:\/\/kuzeyinsesi.org\/#\/schema\/person\/9f859689cdf01485597712386e37f5aa","name":"Kuzeyin Sesi","image":{"@type":"ImageObject","inLanguage":"tr","@id":"https:\/\/secure.gravatar.com\/avatar\/bab33852abfd8b282518d6ed81826833d77c3c882d9ab608add591ccace47a44?s=96&d=mm&r=g","url":"https:\/\/secure.gravatar.com\/avatar\/bab33852abfd8b282518d6ed81826833d77c3c882d9ab608add591ccace47a44?s=96&d=mm&r=g","contentUrl":"https:\/\/secure.gravatar.com\/avatar\/bab33852abfd8b282518d6ed81826833d77c3c882d9ab608add591ccace47a44?s=96&d=mm&r=g","caption":"Kuzeyin Sesi"},"sameAs":["https:\/\/kuzeyinsesi.org"],"url":"https:\/\/kuzeyinsesi.org\/index.php\/author\/guven\/"}]}},"_links":{"self":[{"href":"https:\/\/kuzeyinsesi.org\/index.php\/wp-json\/wp\/v2\/posts\/37874","targetHints":{"allow":["GET"]}}],"collection":[{"href":"https:\/\/kuzeyinsesi.org\/index.php\/wp-json\/wp\/v2\/posts"}],"about":[{"href":"https:\/\/kuzeyinsesi.org\/index.php\/wp-json\/wp\/v2\/types\/post"}],"author":[{"embeddable":true,"href":"https:\/\/kuzeyinsesi.org\/index.php\/wp-json\/wp\/v2\/users\/1"}],"replies":[{"embeddable":true,"href":"https:\/\/kuzeyinsesi.org\/index.php\/wp-json\/wp\/v2\/comments?post=37874"}],"version-history":[{"count":0,"href":"https:\/\/kuzeyinsesi.org\/index.php\/wp-json\/wp\/v2\/posts\/37874\/revisions"}],"wp:featuredmedia":[{"embeddable":true,"href":"https:\/\/kuzeyinsesi.org\/index.php\/wp-json\/wp\/v2\/media\/37875"}],"wp:attachment":[{"href":"https:\/\/kuzeyinsesi.org\/index.php\/wp-json\/wp\/v2\/media?parent=37874"}],"wp:term":[{"taxonomy":"category","embeddable":true,"href":"https:\/\/kuzeyinsesi.org\/index.php\/wp-json\/wp\/v2\/categories?post=37874"},{"taxonomy":"post_tag","embeddable":true,"href":"https:\/\/kuzeyinsesi.org\/index.php\/wp-json\/wp\/v2\/tags?post=37874"}],"curies":[{"name":"wp","href":"https:\/\/api.w.org\/{rel}","templated":true}]}}