{"id":37859,"date":"2026-05-02T12:05:36","date_gmt":"2026-05-02T09:05:36","guid":{"rendered":"https:\/\/kuzeyinsesi.org\/index.php\/2026\/05\/02\/arac-ruhsati-ve-ehliyet-harclarina-zam\/"},"modified":"2026-05-02T12:05:36","modified_gmt":"2026-05-02T09:05:36","slug":"arac-ruhsati-ve-ehliyet-harclarina-zam","status":"publish","type":"post","link":"https:\/\/kuzeyinsesi.org\/index.php\/2026\/05\/02\/arac-ruhsati-ve-ehliyet-harclarina-zam\/","title":{"rendered":"Ara\u00e7 ruhsat\u0131 ve ehliyet har\u00e7lar\u0131na zam"},"content":{"rendered":"<p>H\u00fck\u00fcmet, ara\u00e7 ruhsat\u0131, ara\u00e7 kay\u0131t ve s\u00fcr\u00fc\u015f ehliyeti har\u00e7lar\u0131na zam yapt\u0131. Bakanlar Kurulu\u2019nun ald\u0131\u011f\u0131 kararlar,\u00a0<strong>30 Nisan tarihli Resmi Gazete\u2019de<\/strong>\u00a0yay\u0131mlanarak y\u00fcr\u00fcrl\u00fc\u011fe girdi.<\/p>\n<p>Yeni d\u00fczenlemeyle birlikte motorlu ara\u00e7lar\u0131n ruhsat har\u00e7lar\u0131, yak\u0131t t\u00fcr\u00fc ve a\u011f\u0131rl\u0131\u011f\u0131na g\u00f6re yeniden belirlendi. Benzinli ara\u00e7larda kilogram ba\u015f\u0131na al\u0131nan har\u00e7lar art\u0131r\u0131l\u0131rken, benzin d\u0131\u015f\u0131nda yak\u0131tla \u00e7al\u0131\u015fan, hibrit ve elektrikli ara\u00e7lar i\u00e7in de yeni tarifeler y\u00fcr\u00fcrl\u00fc\u011fe kondu.<\/p>\n<p><strong>Ruhsat har\u00e7lar\u0131nda yeni tarife<\/strong><\/p>\n<p>Benzinli ara\u00e7larda ruhsat har\u00e7lar\u0131, ara\u00e7 a\u011f\u0131rl\u0131\u011f\u0131na g\u00f6re kilogram ba\u015f\u0131na\u00a0<strong>1.50 TL ile 9 TL<\/strong>\u00a0aras\u0131nda de\u011fi\u015fen eski rakamlar\u0131n,\u00a0<strong>2.09 TL ile 12.50 TL<\/strong>\u00a0aras\u0131na y\u00fckseltilmesiyle g\u00fcncellendi.<\/p>\n<p>Benzin d\u0131\u015f\u0131nda yak\u0131tla \u00e7al\u0131\u015fan ara\u00e7larda kilogram ba\u015f\u0131na har\u00e7 tutarlar\u0131\u00a0<strong>2.17 TL ile 13.40 TL<\/strong>\u00a0band\u0131ndan,\u00a0<strong>3.02 TL ile 18.69 TL<\/strong>\u00a0band\u0131na \u00e7\u0131kt\u0131.<\/p>\n<p>Hibrit ara\u00e7larda kilogram ba\u015f\u0131na har\u00e7lar\u00a0<strong>1.30 TL ile 6.27 TL<\/strong>\u00a0aral\u0131\u011f\u0131ndan,\u00a0<strong>1.80 TL ile 8.75 TL<\/strong>\u00a0aral\u0131\u011f\u0131na y\u00fckseldi.<\/p>\n<p>Sadece elektrikli ara\u00e7larda ise kilogram ba\u015f\u0131na har\u00e7lar a\u011f\u0131rl\u0131k gruplar\u0131na g\u00f6re\u00a0<strong>0.81 TL ile 4.41 TL<\/strong>\u00a0aras\u0131nda de\u011fi\u015fen eski rakamlardan,\u00a0<strong>1.12 TL ile 6.15 TL<\/strong>\u00a0seviyesine \u00e7\u0131kar\u0131ld\u0131.<\/p>\n<p><strong>Motosiklet har\u00e7lar\u0131 da artt\u0131<\/strong><\/p>\n<p>\u0130\u00e7ten yanmal\u0131 motosikletlerde har\u00e7lar motor hacmine g\u00f6re yeniden d\u00fczenlendi. Buna g\u00f6re:<\/p>\n<p>100 cc\u2019ye kadar olan motosikletlerde har\u00e7\u00a0<strong>400 TL\u2019den 558 TL\u2019ye<\/strong>,<br \/>\n101-300 cc aras\u0131nda olanlarda\u00a0<strong>700 TL\u2019den 976 TL\u2019ye<\/strong>,<br \/>\n301-500 cc aras\u0131nda olanlarda\u00a0<strong>1000 TL\u2019den 1394 TL\u2019ye<\/strong>,<br \/>\n500 cc \u00fczerindekilerde ise\u00a0<strong>2 bin TL\u2019den 2 bin 789 TL\u2019ye<\/strong>\u00a0y\u00fckseldi.<\/p>\n<p>Elektrikli motosikletlerde de g\u00fc\u00e7 seviyesine g\u00f6re art\u0131\u015f yap\u0131ld\u0131. 3 kw\u2019dan az olanlarda har\u00e7\u00a0<strong>300 TL\u2019den 418 TL\u2019ye<\/strong>, 50 kw\u2019dan y\u00fcksek olanlarda ise\u00a0<strong>1500 TL\u2019den 2 bin 91 TL\u2019ye<\/strong>\u00a0\u00e7\u0131kar\u0131ld\u0131.<\/p>\n<p><strong>Ara\u00e7 kay\u0131t har\u00e7lar\u0131 da y\u00fckseldi<\/strong><\/p>\n<p>\u00d6zel motorlu ara\u00e7larda kay\u0131t harc\u0131;<\/p>\n<p>benzin veya benzin d\u0131\u015f\u0131nda yak\u0131tla \u00e7al\u0131\u015fanlarda\u00a0<strong>y\u00fczde 6<\/strong>,<br \/>\nsadece elektrikli ara\u00e7larda\u00a0<strong>y\u00fczde 4<\/strong>,<br \/>\nhibrit ara\u00e7larda\u00a0<strong>y\u00fczde 4<\/strong>\u00a0olarak belirlendi.<\/p>\n<p>\u00d6zel olmayan motorlu ara\u00e7larda ise;<\/p>\n<p>benzin veya benzin d\u0131\u015f\u0131nda yak\u0131tla \u00e7al\u0131\u015fanlarda\u00a0<strong>y\u00fczde 5<\/strong>,<br \/>\nhibrit ara\u00e7larda\u00a0<strong>y\u00fczde 4<\/strong>\u00a0oran\u0131 uygulanacak.<\/p>\n<p><strong>S\u00fcr\u00fc\u015f ehliyeti har\u00e7lar\u0131nda art\u0131\u015f<\/strong><\/p>\n<p>\u00d6\u011frenci ehliyeti s\u0131nav\u0131 i\u00e7in al\u0131nan har\u00e7\u00a0<strong>1.500 TL\u2019den 2 bin 91 TL\u2019ye<\/strong>\u00a0y\u00fckseldi. Motorlu ara\u00e7 s\u00fcr\u00fc\u015f s\u0131nav\u0131 harc\u0131 da\u00a0<strong>2 bin TL\u2019den 2 bin 789 TL\u2019ye<\/strong>\u00a0\u00e7\u0131kar\u0131ld\u0131.<\/p>\n<p>Motorlu ara\u00e7 s\u00fcr\u00fc\u015f ehliyeti har\u00e7lar\u0131nda ise yeni rakamlar \u015f\u00f6yle oldu:<\/p>\n<p>iki y\u0131ll\u0131k ehliyet\u00a0<strong>1499.80 TL\u2019den 2 bin 91 TL\u2019ye<\/strong>,<br \/>\n\u00fc\u00e7 y\u0131ll\u0131k ehliyet\u00a0<strong>1999.70 TL\u2019den 2 bin 788 TL\u2019ye<\/strong>,<br \/>\nbe\u015f y\u0131ll\u0131k ehliyet\u00a0<strong>2999.50 TL\u2019den 4 bin 183 TL\u2019ye<\/strong>,<br \/>\non y\u0131ll\u0131k ehliyet\u00a0<strong>4 bin 999 TL\u2019den 6 bin 970 TL\u2019ye<\/strong>\u00a0y\u00fckseldi.<\/p>\n<p>Ya\u015f nedeniyle tahditli olarak verilen bir y\u0131ll\u0131k ehliyet harc\u0131\u00a0<strong>999.90 TL\u2019den 1394 TL\u2019ye<\/strong>, ge\u00e7ici s\u00fcr\u00fc\u015f ehliyeti harc\u0131\u00a0<strong>1499.90 TL\u2019den 2 bin 91 TL\u2019ye<\/strong>, uluslararas\u0131 s\u00fcr\u00fc\u015f ehliyeti harc\u0131 ise\u00a0<strong>3 bin TL\u2019den 4 bin 183 TL\u2019ye<\/strong>\u00a0\u00e7\u0131kar\u0131ld\u0131.<\/p>\n<p>Kay\u0131p, bozulan, y\u0131pranan veya de\u011fi\u015ftirilmek istenen s\u00fcr\u00fc\u015f ya da \u00f6\u011frenci ehliyeti sureti i\u00e7in \u00f6denecek har\u00e7 da\u00a0<strong>750 TL\u2019den 1045 TL\u2019ye<\/strong>\u00a0y\u00fckseldi.<\/p>\n<p><strong>Yurt d\u0131\u015f\u0131 \u00e7\u0131k\u0131\u015f har\u00e7lar\u0131 da zamland\u0131<\/strong><\/p>\n<p>Motorlu arac\u0131n yurt d\u0131\u015f\u0131na \u00e7\u0131k\u0131\u015f\u0131 i\u00e7in her \u00e7\u0131k\u0131\u015fta \u00f6denecek har\u00e7lar da art\u0131r\u0131ld\u0131.<\/p>\n<p>\u00d6zel motorlu ara\u00e7lar i\u00e7in \u00e7\u0131k\u0131\u015f harc\u0131\u00a0<strong>1000 TL\u2019den 1394 TL\u2019ye<\/strong>,<br \/>\n\u00f6zel olmayan motorlu ara\u00e7lar i\u00e7in ise\u00a0<strong>500 TL\u2019den 697 TL\u2019ye<\/strong>\u00a0y\u00fckseldi.<\/p>\n","protected":false},"excerpt":{"rendered":"<p>H\u00fck\u00fcmet, ara\u00e7 ruhsat\u0131, ara\u00e7 kay\u0131t ve s\u00fcr\u00fc\u015f ehliyeti har\u00e7lar\u0131na zam yapt\u0131. Bakanlar Kurulu\u2019nun ald\u0131\u011f\u0131 kararlar,\u00a030 Nisan tarihli Resmi Gazete\u2019de\u00a0yay\u0131mlanarak y\u00fcr\u00fcrl\u00fc\u011fe girdi. Yeni d\u00fczenlemeyle birlikte motorlu ara\u00e7lar\u0131n ruhsat har\u00e7lar\u0131, yak\u0131t t\u00fcr\u00fc ve a\u011f\u0131rl\u0131\u011f\u0131na g\u00f6re yeniden belirlendi. Benzinli ara\u00e7larda kilogram ba\u015f\u0131na al\u0131nan har\u00e7lar art\u0131r\u0131l\u0131rken, benzin d\u0131\u015f\u0131nda yak\u0131tla \u00e7al\u0131\u015fan, hibrit ve elektrikli ara\u00e7lar i\u00e7in de yeni tarifeler y\u00fcr\u00fcrl\u00fc\u011fe [&hellip;]<\/p>\n","protected":false},"author":1,"featured_media":37860,"comment_status":"open","ping_status":"open","sticky":false,"template":"","format":"standard","meta":{"jnews-multi-image_gallery":[],"jnews_single_post":[],"jnews_primary_category":[],"jnews_social_meta":[],"jnews_override_counter":[],"footnotes":""},"categories":[1],"tags":[],"class_list":["post-37859","post","type-post","status-publish","format-standard","has-post-thumbnail","hentry","category-kibris"],"yoast_head":"<!-- This site is optimized with the Yoast SEO plugin v27.5 - https:\/\/yoast.com\/product\/yoast-seo-wordpress\/ -->\n<title>Ara\u00e7 ruhsat\u0131 ve ehliyet har\u00e7lar\u0131na zam - Kuzeyin Sesi<\/title>\n<meta name=\"robots\" content=\"index, follow, max-snippet:-1, max-image-preview:large, max-video-preview:-1\" \/>\n<link rel=\"canonical\" href=\"https:\/\/kuzeyinsesi.org\/index.php\/2026\/05\/02\/arac-ruhsati-ve-ehliyet-harclarina-zam\/\" \/>\n<meta property=\"og:locale\" content=\"tr_TR\" \/>\n<meta property=\"og:type\" content=\"article\" \/>\n<meta property=\"og:title\" content=\"Ara\u00e7 ruhsat\u0131 ve ehliyet har\u00e7lar\u0131na zam - Kuzeyin Sesi\" \/>\n<meta property=\"og:description\" content=\"H\u00fck\u00fcmet, ara\u00e7 ruhsat\u0131, ara\u00e7 kay\u0131t ve s\u00fcr\u00fc\u015f ehliyeti har\u00e7lar\u0131na zam yapt\u0131. Bakanlar Kurulu\u2019nun ald\u0131\u011f\u0131 kararlar,\u00a030 Nisan tarihli Resmi Gazete\u2019de\u00a0yay\u0131mlanarak y\u00fcr\u00fcrl\u00fc\u011fe girdi. Yeni d\u00fczenlemeyle birlikte motorlu ara\u00e7lar\u0131n ruhsat har\u00e7lar\u0131, yak\u0131t t\u00fcr\u00fc ve a\u011f\u0131rl\u0131\u011f\u0131na g\u00f6re yeniden belirlendi. Benzinli ara\u00e7larda kilogram ba\u015f\u0131na al\u0131nan har\u00e7lar art\u0131r\u0131l\u0131rken, benzin d\u0131\u015f\u0131nda yak\u0131tla \u00e7al\u0131\u015fan, hibrit ve elektrikli ara\u00e7lar i\u00e7in de yeni tarifeler y\u00fcr\u00fcrl\u00fc\u011fe [&hellip;]\" \/>\n<meta property=\"og:url\" content=\"https:\/\/kuzeyinsesi.org\/index.php\/2026\/05\/02\/arac-ruhsati-ve-ehliyet-harclarina-zam\/\" \/>\n<meta property=\"og:site_name\" content=\"Kuzeyin Sesi\" \/>\n<meta property=\"article:publisher\" content=\"https:\/\/www.facebook.com\/kuzeyinsesii\" \/>\n<meta property=\"article:published_time\" content=\"2026-05-02T09:05:36+00:00\" \/>\n<meta name=\"author\" content=\"Kuzeyin Sesi\" \/>\n<meta name=\"twitter:card\" content=\"summary_large_image\" \/>\n<meta name=\"twitter:creator\" content=\"@kuzeyinsesii\" \/>\n<meta name=\"twitter:site\" content=\"@kuzeyinsesii\" \/>\n<meta name=\"twitter:label1\" content=\"Yazan:\" \/>\n\t<meta name=\"twitter:data1\" content=\"Kuzeyin Sesi\" \/>\n\t<meta name=\"twitter:label2\" content=\"Tahmini okuma s\u00fcresi\" \/>\n\t<meta name=\"twitter:data2\" content=\"3 dakika\" \/>\n<script type=\"application\/ld+json\" class=\"yoast-schema-graph\">{\"@context\":\"https:\\\/\\\/schema.org\",\"@graph\":[{\"@type\":\"Article\",\"@id\":\"https:\\\/\\\/kuzeyinsesi.org\\\/index.php\\\/2026\\\/05\\\/02\\\/arac-ruhsati-ve-ehliyet-harclarina-zam\\\/#article\",\"isPartOf\":{\"@id\":\"https:\\\/\\\/kuzeyinsesi.org\\\/index.php\\\/2026\\\/05\\\/02\\\/arac-ruhsati-ve-ehliyet-harclarina-zam\\\/\"},\"author\":{\"name\":\"Kuzeyin Sesi\",\"@id\":\"https:\\\/\\\/kuzeyinsesi.org\\\/#\\\/schema\\\/person\\\/9f859689cdf01485597712386e37f5aa\"},\"headline\":\"Ara\u00e7 ruhsat\u0131 ve ehliyet har\u00e7lar\u0131na zam\",\"datePublished\":\"2026-05-02T09:05:36+00:00\",\"mainEntityOfPage\":{\"@id\":\"https:\\\/\\\/kuzeyinsesi.org\\\/index.php\\\/2026\\\/05\\\/02\\\/arac-ruhsati-ve-ehliyet-harclarina-zam\\\/\"},\"wordCount\":588,\"commentCount\":0,\"image\":{\"@id\":\"https:\\\/\\\/kuzeyinsesi.org\\\/index.php\\\/2026\\\/05\\\/02\\\/arac-ruhsati-ve-ehliyet-harclarina-zam\\\/#primaryimage\"},\"thumbnailUrl\":\"https:\\\/\\\/kuzeyinsesi.org\\\/wp-content\\\/uploads\\\/2026\\\/05\\\/29922gZx8bwU1_lefkosa-trafik.jpg\",\"articleSection\":[\"K\u0131br\u0131s\"],\"inLanguage\":\"tr\",\"potentialAction\":[{\"@type\":\"CommentAction\",\"name\":\"Comment\",\"target\":[\"https:\\\/\\\/kuzeyinsesi.org\\\/index.php\\\/2026\\\/05\\\/02\\\/arac-ruhsati-ve-ehliyet-harclarina-zam\\\/#respond\"]}]},{\"@type\":\"WebPage\",\"@id\":\"https:\\\/\\\/kuzeyinsesi.org\\\/index.php\\\/2026\\\/05\\\/02\\\/arac-ruhsati-ve-ehliyet-harclarina-zam\\\/\",\"url\":\"https:\\\/\\\/kuzeyinsesi.org\\\/index.php\\\/2026\\\/05\\\/02\\\/arac-ruhsati-ve-ehliyet-harclarina-zam\\\/\",\"name\":\"Ara\u00e7 ruhsat\u0131 ve ehliyet har\u00e7lar\u0131na zam - Kuzeyin Sesi\",\"isPartOf\":{\"@id\":\"https:\\\/\\\/kuzeyinsesi.org\\\/#website\"},\"primaryImageOfPage\":{\"@id\":\"https:\\\/\\\/kuzeyinsesi.org\\\/index.php\\\/2026\\\/05\\\/02\\\/arac-ruhsati-ve-ehliyet-harclarina-zam\\\/#primaryimage\"},\"image\":{\"@id\":\"https:\\\/\\\/kuzeyinsesi.org\\\/index.php\\\/2026\\\/05\\\/02\\\/arac-ruhsati-ve-ehliyet-harclarina-zam\\\/#primaryimage\"},\"thumbnailUrl\":\"https:\\\/\\\/kuzeyinsesi.org\\\/wp-content\\\/uploads\\\/2026\\\/05\\\/29922gZx8bwU1_lefkosa-trafik.jpg\",\"datePublished\":\"2026-05-02T09:05:36+00:00\",\"author\":{\"@id\":\"https:\\\/\\\/kuzeyinsesi.org\\\/#\\\/schema\\\/person\\\/9f859689cdf01485597712386e37f5aa\"},\"breadcrumb\":{\"@id\":\"https:\\\/\\\/kuzeyinsesi.org\\\/index.php\\\/2026\\\/05\\\/02\\\/arac-ruhsati-ve-ehliyet-harclarina-zam\\\/#breadcrumb\"},\"inLanguage\":\"tr\",\"potentialAction\":[{\"@type\":\"ReadAction\",\"target\":[\"https:\\\/\\\/kuzeyinsesi.org\\\/index.php\\\/2026\\\/05\\\/02\\\/arac-ruhsati-ve-ehliyet-harclarina-zam\\\/\"]}]},{\"@type\":\"ImageObject\",\"inLanguage\":\"tr\",\"@id\":\"https:\\\/\\\/kuzeyinsesi.org\\\/index.php\\\/2026\\\/05\\\/02\\\/arac-ruhsati-ve-ehliyet-harclarina-zam\\\/#primaryimage\",\"url\":\"https:\\\/\\\/kuzeyinsesi.org\\\/wp-content\\\/uploads\\\/2026\\\/05\\\/29922gZx8bwU1_lefkosa-trafik.jpg\",\"contentUrl\":\"https:\\\/\\\/kuzeyinsesi.org\\\/wp-content\\\/uploads\\\/2026\\\/05\\\/29922gZx8bwU1_lefkosa-trafik.jpg\",\"width\":720,\"height\":405},{\"@type\":\"BreadcrumbList\",\"@id\":\"https:\\\/\\\/kuzeyinsesi.org\\\/index.php\\\/2026\\\/05\\\/02\\\/arac-ruhsati-ve-ehliyet-harclarina-zam\\\/#breadcrumb\",\"itemListElement\":[{\"@type\":\"ListItem\",\"position\":1,\"name\":\"Anasayfa\",\"item\":\"https:\\\/\\\/kuzeyinsesi.org\\\/\"},{\"@type\":\"ListItem\",\"position\":2,\"name\":\"Ara\u00e7 ruhsat\u0131 ve ehliyet har\u00e7lar\u0131na zam\"}]},{\"@type\":\"WebSite\",\"@id\":\"https:\\\/\\\/kuzeyinsesi.org\\\/#website\",\"url\":\"https:\\\/\\\/kuzeyinsesi.org\\\/\",\"name\":\"Kuzeyin Sesi\",\"description\":\"Do\u011fru Haberin Adresi\",\"potentialAction\":[{\"@type\":\"SearchAction\",\"target\":{\"@type\":\"EntryPoint\",\"urlTemplate\":\"https:\\\/\\\/kuzeyinsesi.org\\\/?s={search_term_string}\"},\"query-input\":{\"@type\":\"PropertyValueSpecification\",\"valueRequired\":true,\"valueName\":\"search_term_string\"}}],\"inLanguage\":\"tr\"},{\"@type\":\"Person\",\"@id\":\"https:\\\/\\\/kuzeyinsesi.org\\\/#\\\/schema\\\/person\\\/9f859689cdf01485597712386e37f5aa\",\"name\":\"Kuzeyin Sesi\",\"image\":{\"@type\":\"ImageObject\",\"inLanguage\":\"tr\",\"@id\":\"https:\\\/\\\/secure.gravatar.com\\\/avatar\\\/bab33852abfd8b282518d6ed81826833d77c3c882d9ab608add591ccace47a44?s=96&d=mm&r=g\",\"url\":\"https:\\\/\\\/secure.gravatar.com\\\/avatar\\\/bab33852abfd8b282518d6ed81826833d77c3c882d9ab608add591ccace47a44?s=96&d=mm&r=g\",\"contentUrl\":\"https:\\\/\\\/secure.gravatar.com\\\/avatar\\\/bab33852abfd8b282518d6ed81826833d77c3c882d9ab608add591ccace47a44?s=96&d=mm&r=g\",\"caption\":\"Kuzeyin Sesi\"},\"sameAs\":[\"https:\\\/\\\/kuzeyinsesi.org\"],\"url\":\"https:\\\/\\\/kuzeyinsesi.org\\\/index.php\\\/author\\\/guven\\\/\"}]}<\/script>\n<!-- \/ Yoast SEO plugin. -->","yoast_head_json":{"title":"Ara\u00e7 ruhsat\u0131 ve ehliyet har\u00e7lar\u0131na zam - Kuzeyin Sesi","robots":{"index":"index","follow":"follow","max-snippet":"max-snippet:-1","max-image-preview":"max-image-preview:large","max-video-preview":"max-video-preview:-1"},"canonical":"https:\/\/kuzeyinsesi.org\/index.php\/2026\/05\/02\/arac-ruhsati-ve-ehliyet-harclarina-zam\/","og_locale":"tr_TR","og_type":"article","og_title":"Ara\u00e7 ruhsat\u0131 ve ehliyet har\u00e7lar\u0131na zam - Kuzeyin Sesi","og_description":"H\u00fck\u00fcmet, ara\u00e7 ruhsat\u0131, ara\u00e7 kay\u0131t ve s\u00fcr\u00fc\u015f ehliyeti har\u00e7lar\u0131na zam yapt\u0131. Bakanlar Kurulu\u2019nun ald\u0131\u011f\u0131 kararlar,\u00a030 Nisan tarihli Resmi Gazete\u2019de\u00a0yay\u0131mlanarak y\u00fcr\u00fcrl\u00fc\u011fe girdi. Yeni d\u00fczenlemeyle birlikte motorlu ara\u00e7lar\u0131n ruhsat har\u00e7lar\u0131, yak\u0131t t\u00fcr\u00fc ve a\u011f\u0131rl\u0131\u011f\u0131na g\u00f6re yeniden belirlendi. Benzinli ara\u00e7larda kilogram ba\u015f\u0131na al\u0131nan har\u00e7lar art\u0131r\u0131l\u0131rken, benzin d\u0131\u015f\u0131nda yak\u0131tla \u00e7al\u0131\u015fan, hibrit ve elektrikli ara\u00e7lar i\u00e7in de yeni tarifeler y\u00fcr\u00fcrl\u00fc\u011fe [&hellip;]","og_url":"https:\/\/kuzeyinsesi.org\/index.php\/2026\/05\/02\/arac-ruhsati-ve-ehliyet-harclarina-zam\/","og_site_name":"Kuzeyin Sesi","article_publisher":"https:\/\/www.facebook.com\/kuzeyinsesii","article_published_time":"2026-05-02T09:05:36+00:00","author":"Kuzeyin Sesi","twitter_card":"summary_large_image","twitter_creator":"@kuzeyinsesii","twitter_site":"@kuzeyinsesii","twitter_misc":{"Yazan:":"Kuzeyin Sesi","Tahmini okuma s\u00fcresi":"3 dakika"},"schema":{"@context":"https:\/\/schema.org","@graph":[{"@type":"Article","@id":"https:\/\/kuzeyinsesi.org\/index.php\/2026\/05\/02\/arac-ruhsati-ve-ehliyet-harclarina-zam\/#article","isPartOf":{"@id":"https:\/\/kuzeyinsesi.org\/index.php\/2026\/05\/02\/arac-ruhsati-ve-ehliyet-harclarina-zam\/"},"author":{"name":"Kuzeyin Sesi","@id":"https:\/\/kuzeyinsesi.org\/#\/schema\/person\/9f859689cdf01485597712386e37f5aa"},"headline":"Ara\u00e7 ruhsat\u0131 ve ehliyet har\u00e7lar\u0131na zam","datePublished":"2026-05-02T09:05:36+00:00","mainEntityOfPage":{"@id":"https:\/\/kuzeyinsesi.org\/index.php\/2026\/05\/02\/arac-ruhsati-ve-ehliyet-harclarina-zam\/"},"wordCount":588,"commentCount":0,"image":{"@id":"https:\/\/kuzeyinsesi.org\/index.php\/2026\/05\/02\/arac-ruhsati-ve-ehliyet-harclarina-zam\/#primaryimage"},"thumbnailUrl":"https:\/\/kuzeyinsesi.org\/wp-content\/uploads\/2026\/05\/29922gZx8bwU1_lefkosa-trafik.jpg","articleSection":["K\u0131br\u0131s"],"inLanguage":"tr","potentialAction":[{"@type":"CommentAction","name":"Comment","target":["https:\/\/kuzeyinsesi.org\/index.php\/2026\/05\/02\/arac-ruhsati-ve-ehliyet-harclarina-zam\/#respond"]}]},{"@type":"WebPage","@id":"https:\/\/kuzeyinsesi.org\/index.php\/2026\/05\/02\/arac-ruhsati-ve-ehliyet-harclarina-zam\/","url":"https:\/\/kuzeyinsesi.org\/index.php\/2026\/05\/02\/arac-ruhsati-ve-ehliyet-harclarina-zam\/","name":"Ara\u00e7 ruhsat\u0131 ve ehliyet har\u00e7lar\u0131na zam - Kuzeyin Sesi","isPartOf":{"@id":"https:\/\/kuzeyinsesi.org\/#website"},"primaryImageOfPage":{"@id":"https:\/\/kuzeyinsesi.org\/index.php\/2026\/05\/02\/arac-ruhsati-ve-ehliyet-harclarina-zam\/#primaryimage"},"image":{"@id":"https:\/\/kuzeyinsesi.org\/index.php\/2026\/05\/02\/arac-ruhsati-ve-ehliyet-harclarina-zam\/#primaryimage"},"thumbnailUrl":"https:\/\/kuzeyinsesi.org\/wp-content\/uploads\/2026\/05\/29922gZx8bwU1_lefkosa-trafik.jpg","datePublished":"2026-05-02T09:05:36+00:00","author":{"@id":"https:\/\/kuzeyinsesi.org\/#\/schema\/person\/9f859689cdf01485597712386e37f5aa"},"breadcrumb":{"@id":"https:\/\/kuzeyinsesi.org\/index.php\/2026\/05\/02\/arac-ruhsati-ve-ehliyet-harclarina-zam\/#breadcrumb"},"inLanguage":"tr","potentialAction":[{"@type":"ReadAction","target":["https:\/\/kuzeyinsesi.org\/index.php\/2026\/05\/02\/arac-ruhsati-ve-ehliyet-harclarina-zam\/"]}]},{"@type":"ImageObject","inLanguage":"tr","@id":"https:\/\/kuzeyinsesi.org\/index.php\/2026\/05\/02\/arac-ruhsati-ve-ehliyet-harclarina-zam\/#primaryimage","url":"https:\/\/kuzeyinsesi.org\/wp-content\/uploads\/2026\/05\/29922gZx8bwU1_lefkosa-trafik.jpg","contentUrl":"https:\/\/kuzeyinsesi.org\/wp-content\/uploads\/2026\/05\/29922gZx8bwU1_lefkosa-trafik.jpg","width":720,"height":405},{"@type":"BreadcrumbList","@id":"https:\/\/kuzeyinsesi.org\/index.php\/2026\/05\/02\/arac-ruhsati-ve-ehliyet-harclarina-zam\/#breadcrumb","itemListElement":[{"@type":"ListItem","position":1,"name":"Anasayfa","item":"https:\/\/kuzeyinsesi.org\/"},{"@type":"ListItem","position":2,"name":"Ara\u00e7 ruhsat\u0131 ve ehliyet har\u00e7lar\u0131na zam"}]},{"@type":"WebSite","@id":"https:\/\/kuzeyinsesi.org\/#website","url":"https:\/\/kuzeyinsesi.org\/","name":"Kuzeyin Sesi","description":"Do\u011fru Haberin Adresi","potentialAction":[{"@type":"SearchAction","target":{"@type":"EntryPoint","urlTemplate":"https:\/\/kuzeyinsesi.org\/?s={search_term_string}"},"query-input":{"@type":"PropertyValueSpecification","valueRequired":true,"valueName":"search_term_string"}}],"inLanguage":"tr"},{"@type":"Person","@id":"https:\/\/kuzeyinsesi.org\/#\/schema\/person\/9f859689cdf01485597712386e37f5aa","name":"Kuzeyin Sesi","image":{"@type":"ImageObject","inLanguage":"tr","@id":"https:\/\/secure.gravatar.com\/avatar\/bab33852abfd8b282518d6ed81826833d77c3c882d9ab608add591ccace47a44?s=96&d=mm&r=g","url":"https:\/\/secure.gravatar.com\/avatar\/bab33852abfd8b282518d6ed81826833d77c3c882d9ab608add591ccace47a44?s=96&d=mm&r=g","contentUrl":"https:\/\/secure.gravatar.com\/avatar\/bab33852abfd8b282518d6ed81826833d77c3c882d9ab608add591ccace47a44?s=96&d=mm&r=g","caption":"Kuzeyin Sesi"},"sameAs":["https:\/\/kuzeyinsesi.org"],"url":"https:\/\/kuzeyinsesi.org\/index.php\/author\/guven\/"}]}},"_links":{"self":[{"href":"https:\/\/kuzeyinsesi.org\/index.php\/wp-json\/wp\/v2\/posts\/37859","targetHints":{"allow":["GET"]}}],"collection":[{"href":"https:\/\/kuzeyinsesi.org\/index.php\/wp-json\/wp\/v2\/posts"}],"about":[{"href":"https:\/\/kuzeyinsesi.org\/index.php\/wp-json\/wp\/v2\/types\/post"}],"author":[{"embeddable":true,"href":"https:\/\/kuzeyinsesi.org\/index.php\/wp-json\/wp\/v2\/users\/1"}],"replies":[{"embeddable":true,"href":"https:\/\/kuzeyinsesi.org\/index.php\/wp-json\/wp\/v2\/comments?post=37859"}],"version-history":[{"count":0,"href":"https:\/\/kuzeyinsesi.org\/index.php\/wp-json\/wp\/v2\/posts\/37859\/revisions"}],"wp:featuredmedia":[{"embeddable":true,"href":"https:\/\/kuzeyinsesi.org\/index.php\/wp-json\/wp\/v2\/media\/37860"}],"wp:attachment":[{"href":"https:\/\/kuzeyinsesi.org\/index.php\/wp-json\/wp\/v2\/media?parent=37859"}],"wp:term":[{"taxonomy":"category","embeddable":true,"href":"https:\/\/kuzeyinsesi.org\/index.php\/wp-json\/wp\/v2\/categories?post=37859"},{"taxonomy":"post_tag","embeddable":true,"href":"https:\/\/kuzeyinsesi.org\/index.php\/wp-json\/wp\/v2\/tags?post=37859"}],"curies":[{"name":"wp","href":"https:\/\/api.w.org\/{rel}","templated":true}]}}