{"id":37858,"date":"2026-05-02T11:45:38","date_gmt":"2026-05-02T08:45:38","guid":{"rendered":"https:\/\/kuzeyinsesi.org\/index.php\/2026\/05\/02\/iranli-ust-duzey-askeri-yetkili-iran-ile-abd-arasinda-yeni-bir-catisma-olasiligi-mevcut\/"},"modified":"2026-05-02T11:45:38","modified_gmt":"2026-05-02T08:45:38","slug":"iranli-ust-duzey-askeri-yetkili-iran-ile-abd-arasinda-yeni-bir-catisma-olasiligi-mevcut","status":"publish","type":"post","link":"https:\/\/kuzeyinsesi.org\/index.php\/2026\/05\/02\/iranli-ust-duzey-askeri-yetkili-iran-ile-abd-arasinda-yeni-bir-catisma-olasiligi-mevcut\/","title":{"rendered":"\u0130ranl\u0131 \u00fcst d\u00fczey askeri yetkili: \u0130ran ile ABD aras\u0131nda yeni bir \u00e7at\u0131\u015fma olas\u0131l\u0131\u011f\u0131 mevcut"},"content":{"rendered":"<p><\/p>\n<div>\n<p>&#13;<br \/>\n\tYar\u0131 resmi Fars Haber Ajans\u0131na g\u00f6re, <a href=\"https:\/\/www.trthaber.com\/etiket\/iran\/\" target=\"_blank\">\u0130ran<\/a> Silahl\u0131 Kuvvetleri&#8217;nin <a href=\"https:\/\/www.trthaber.com\/etiket\/savas\/\" target=\"_blank\">sava\u015f<\/a> y\u00f6netiminden sorumlu birimi Hatemu&#8217;l Enbiya Merkez Karargah\u0131 Komutan Yard\u0131mc\u0131s\u0131 Tu\u011fgeneral Esedi, \u00fclkesinin her t\u00fcrl\u00fc askeri tehdide kar\u015f\u0131 koymaya haz\u0131r oldu\u011funu belirtti.<\/p>\n<p>&#13;<br \/>\n\tABD&#8217;nin tehditlerine ve b\u00f6lgedeki hareketlili\u011fine i\u015faret eden Esedi, &#8220;\u0130ran ile Amerika Birle\u015fik Devletleri aras\u0131nda yeni bir \u00e7at\u0131\u015fma olas\u0131l\u0131\u011f\u0131 mevcuttur ve kan\u0131tlar, ABD&#8217;nin herhangi bir s\u00f6z veya anla\u015fmaya ba\u011fl\u0131 olmad\u0131\u011f\u0131n\u0131 g\u00f6stermi\u015ftir.&#8221; dedi.<\/p>\n<p>&#13;<br \/>\n\t&#8220;Silahl\u0131 Kuvvetler tam teyakkuzda.&#8221; diyen Esedi, &#8220;Amerikal\u0131 yetkililerin eylemleri ve a\u00e7\u0131klamalar\u0131 \u00e7o\u011funlukla <a href=\"https:\/\/www.trthaber.com\/etiket\/medya\/\" target=\"_blank\">medya<\/a> odakl\u0131d\u0131r. \u00d6ncelikle <a href=\"https:\/\/www.trthaber.com\/etiket\/petrol\/\" target=\"_blank\">petrol<\/a> fiyatlar\u0131ndaki dalgalanmay\u0131 \u00f6nlemek, ikincisi ise kendilerinin olu\u015fturdu\u011fu \u00e7\u0131kmazdan kurtulmak i\u00e7indir.&#8221; ifadelerini kulland\u0131.<\/p>\n<\/p><\/div>\n","protected":false},"excerpt":{"rendered":"<p>&#13; Yar\u0131 resmi Fars Haber Ajans\u0131na g\u00f6re, \u0130ran Silahl\u0131 Kuvvetleri&#8217;nin sava\u015f y\u00f6netiminden sorumlu birimi Hatemu&#8217;l Enbiya Merkez Karargah\u0131 Komutan Yard\u0131mc\u0131s\u0131 Tu\u011fgeneral Esedi, \u00fclkesinin her t\u00fcrl\u00fc askeri tehdide kar\u015f\u0131 koymaya haz\u0131r oldu\u011funu belirtti. &#13; ABD&#8217;nin tehditlerine ve b\u00f6lgedeki hareketlili\u011fine i\u015faret eden Esedi, &#8220;\u0130ran ile Amerika Birle\u015fik Devletleri aras\u0131nda yeni bir \u00e7at\u0131\u015fma olas\u0131l\u0131\u011f\u0131 mevcuttur ve kan\u0131tlar, ABD&#8217;nin [&hellip;]<\/p>\n","protected":false},"author":1,"featured_media":36799,"comment_status":"open","ping_status":"open","sticky":false,"template":"","format":"standard","meta":{"jnews-multi-image_gallery":[],"jnews_single_post":[],"jnews_primary_category":[],"jnews_social_meta":[],"jnews_override_counter":[],"footnotes":""},"categories":[2],"tags":[],"class_list":["post-37858","post","type-post","status-publish","format-standard","has-post-thumbnail","hentry","category-dunya"],"yoast_head":"<!-- This site is optimized with the Yoast SEO plugin v27.5 - https:\/\/yoast.com\/product\/yoast-seo-wordpress\/ -->\n<title>\u0130ranl\u0131 \u00fcst d\u00fczey askeri yetkili: \u0130ran ile ABD aras\u0131nda yeni bir \u00e7at\u0131\u015fma olas\u0131l\u0131\u011f\u0131 mevcut - Kuzeyin Sesi<\/title>\n<meta name=\"robots\" content=\"index, follow, max-snippet:-1, max-image-preview:large, max-video-preview:-1\" \/>\n<link rel=\"canonical\" href=\"https:\/\/kuzeyinsesi.org\/index.php\/2026\/05\/02\/iranli-ust-duzey-askeri-yetkili-iran-ile-abd-arasinda-yeni-bir-catisma-olasiligi-mevcut\/\" \/>\n<meta property=\"og:locale\" content=\"tr_TR\" \/>\n<meta property=\"og:type\" content=\"article\" \/>\n<meta property=\"og:title\" content=\"\u0130ranl\u0131 \u00fcst d\u00fczey askeri yetkili: \u0130ran ile ABD aras\u0131nda yeni bir \u00e7at\u0131\u015fma olas\u0131l\u0131\u011f\u0131 mevcut - Kuzeyin Sesi\" \/>\n<meta property=\"og:description\" content=\"&#013; Yar\u0131 resmi Fars Haber Ajans\u0131na g\u00f6re, \u0130ran Silahl\u0131 Kuvvetleri&#8217;nin sava\u015f y\u00f6netiminden sorumlu birimi Hatemu&#8217;l Enbiya Merkez Karargah\u0131 Komutan Yard\u0131mc\u0131s\u0131 Tu\u011fgeneral Esedi, \u00fclkesinin her t\u00fcrl\u00fc askeri tehdide kar\u015f\u0131 koymaya haz\u0131r oldu\u011funu belirtti. &#013; ABD&#8217;nin tehditlerine ve b\u00f6lgedeki hareketlili\u011fine i\u015faret eden Esedi, &#8220;\u0130ran ile Amerika Birle\u015fik Devletleri aras\u0131nda yeni bir \u00e7at\u0131\u015fma olas\u0131l\u0131\u011f\u0131 mevcuttur ve kan\u0131tlar, ABD&#8217;nin [&hellip;]\" \/>\n<meta property=\"og:url\" content=\"https:\/\/kuzeyinsesi.org\/index.php\/2026\/05\/02\/iranli-ust-duzey-askeri-yetkili-iran-ile-abd-arasinda-yeni-bir-catisma-olasiligi-mevcut\/\" \/>\n<meta property=\"og:site_name\" content=\"Kuzeyin Sesi\" \/>\n<meta property=\"article:publisher\" content=\"https:\/\/www.facebook.com\/kuzeyinsesii\" \/>\n<meta property=\"article:published_time\" content=\"2026-05-02T08:45:38+00:00\" \/>\n<meta property=\"og:image\" content=\"https:\/\/trthaberstatic.cdn.wp.trt.com.tr\/resimler\/2454000\/abd-iran-2454861.jpg\" \/>\n<meta name=\"author\" content=\"Kuzeyin Sesi\" \/>\n<meta name=\"twitter:card\" content=\"summary_large_image\" \/>\n<meta name=\"twitter:creator\" content=\"@kuzeyinsesii\" \/>\n<meta name=\"twitter:site\" content=\"@kuzeyinsesii\" \/>\n<meta name=\"twitter:label1\" content=\"Yazan:\" \/>\n\t<meta name=\"twitter:data1\" content=\"Kuzeyin Sesi\" \/>\n\t<meta name=\"twitter:label2\" content=\"Tahmini okuma s\u00fcresi\" \/>\n\t<meta name=\"twitter:data2\" content=\"1 dakika\" \/>\n<script type=\"application\/ld+json\" class=\"yoast-schema-graph\">{\"@context\":\"https:\\\/\\\/schema.org\",\"@graph\":[{\"@type\":\"Article\",\"@id\":\"https:\\\/\\\/kuzeyinsesi.org\\\/index.php\\\/2026\\\/05\\\/02\\\/iranli-ust-duzey-askeri-yetkili-iran-ile-abd-arasinda-yeni-bir-catisma-olasiligi-mevcut\\\/#article\",\"isPartOf\":{\"@id\":\"https:\\\/\\\/kuzeyinsesi.org\\\/index.php\\\/2026\\\/05\\\/02\\\/iranli-ust-duzey-askeri-yetkili-iran-ile-abd-arasinda-yeni-bir-catisma-olasiligi-mevcut\\\/\"},\"author\":{\"name\":\"Kuzeyin Sesi\",\"@id\":\"https:\\\/\\\/kuzeyinsesi.org\\\/#\\\/schema\\\/person\\\/9f859689cdf01485597712386e37f5aa\"},\"headline\":\"\u0130ranl\u0131 \u00fcst d\u00fczey askeri yetkili: \u0130ran ile ABD aras\u0131nda yeni bir \u00e7at\u0131\u015fma olas\u0131l\u0131\u011f\u0131 mevcut\",\"datePublished\":\"2026-05-02T08:45:38+00:00\",\"mainEntityOfPage\":{\"@id\":\"https:\\\/\\\/kuzeyinsesi.org\\\/index.php\\\/2026\\\/05\\\/02\\\/iranli-ust-duzey-askeri-yetkili-iran-ile-abd-arasinda-yeni-bir-catisma-olasiligi-mevcut\\\/\"},\"wordCount\":143,\"commentCount\":0,\"image\":{\"@id\":\"https:\\\/\\\/kuzeyinsesi.org\\\/index.php\\\/2026\\\/05\\\/02\\\/iranli-ust-duzey-askeri-yetkili-iran-ile-abd-arasinda-yeni-bir-catisma-olasiligi-mevcut\\\/#primaryimage\"},\"thumbnailUrl\":\"https:\\\/\\\/kuzeyinsesi.org\\\/wp-content\\\/uploads\\\/2026\\\/04\\\/abd-iran-2454861.jpg\",\"articleSection\":[\"D\u00fcnya\"],\"inLanguage\":\"tr\",\"potentialAction\":[{\"@type\":\"CommentAction\",\"name\":\"Comment\",\"target\":[\"https:\\\/\\\/kuzeyinsesi.org\\\/index.php\\\/2026\\\/05\\\/02\\\/iranli-ust-duzey-askeri-yetkili-iran-ile-abd-arasinda-yeni-bir-catisma-olasiligi-mevcut\\\/#respond\"]}]},{\"@type\":\"WebPage\",\"@id\":\"https:\\\/\\\/kuzeyinsesi.org\\\/index.php\\\/2026\\\/05\\\/02\\\/iranli-ust-duzey-askeri-yetkili-iran-ile-abd-arasinda-yeni-bir-catisma-olasiligi-mevcut\\\/\",\"url\":\"https:\\\/\\\/kuzeyinsesi.org\\\/index.php\\\/2026\\\/05\\\/02\\\/iranli-ust-duzey-askeri-yetkili-iran-ile-abd-arasinda-yeni-bir-catisma-olasiligi-mevcut\\\/\",\"name\":\"\u0130ranl\u0131 \u00fcst d\u00fczey askeri yetkili: \u0130ran ile ABD aras\u0131nda yeni bir \u00e7at\u0131\u015fma olas\u0131l\u0131\u011f\u0131 mevcut - Kuzeyin Sesi\",\"isPartOf\":{\"@id\":\"https:\\\/\\\/kuzeyinsesi.org\\\/#website\"},\"primaryImageOfPage\":{\"@id\":\"https:\\\/\\\/kuzeyinsesi.org\\\/index.php\\\/2026\\\/05\\\/02\\\/iranli-ust-duzey-askeri-yetkili-iran-ile-abd-arasinda-yeni-bir-catisma-olasiligi-mevcut\\\/#primaryimage\"},\"image\":{\"@id\":\"https:\\\/\\\/kuzeyinsesi.org\\\/index.php\\\/2026\\\/05\\\/02\\\/iranli-ust-duzey-askeri-yetkili-iran-ile-abd-arasinda-yeni-bir-catisma-olasiligi-mevcut\\\/#primaryimage\"},\"thumbnailUrl\":\"https:\\\/\\\/kuzeyinsesi.org\\\/wp-content\\\/uploads\\\/2026\\\/04\\\/abd-iran-2454861.jpg\",\"datePublished\":\"2026-05-02T08:45:38+00:00\",\"author\":{\"@id\":\"https:\\\/\\\/kuzeyinsesi.org\\\/#\\\/schema\\\/person\\\/9f859689cdf01485597712386e37f5aa\"},\"breadcrumb\":{\"@id\":\"https:\\\/\\\/kuzeyinsesi.org\\\/index.php\\\/2026\\\/05\\\/02\\\/iranli-ust-duzey-askeri-yetkili-iran-ile-abd-arasinda-yeni-bir-catisma-olasiligi-mevcut\\\/#breadcrumb\"},\"inLanguage\":\"tr\",\"potentialAction\":[{\"@type\":\"ReadAction\",\"target\":[\"https:\\\/\\\/kuzeyinsesi.org\\\/index.php\\\/2026\\\/05\\\/02\\\/iranli-ust-duzey-askeri-yetkili-iran-ile-abd-arasinda-yeni-bir-catisma-olasiligi-mevcut\\\/\"]}]},{\"@type\":\"ImageObject\",\"inLanguage\":\"tr\",\"@id\":\"https:\\\/\\\/kuzeyinsesi.org\\\/index.php\\\/2026\\\/05\\\/02\\\/iranli-ust-duzey-askeri-yetkili-iran-ile-abd-arasinda-yeni-bir-catisma-olasiligi-mevcut\\\/#primaryimage\",\"url\":\"https:\\\/\\\/kuzeyinsesi.org\\\/wp-content\\\/uploads\\\/2026\\\/04\\\/abd-iran-2454861.jpg\",\"contentUrl\":\"https:\\\/\\\/kuzeyinsesi.org\\\/wp-content\\\/uploads\\\/2026\\\/04\\\/abd-iran-2454861.jpg\",\"width\":1280,\"height\":720},{\"@type\":\"BreadcrumbList\",\"@id\":\"https:\\\/\\\/kuzeyinsesi.org\\\/index.php\\\/2026\\\/05\\\/02\\\/iranli-ust-duzey-askeri-yetkili-iran-ile-abd-arasinda-yeni-bir-catisma-olasiligi-mevcut\\\/#breadcrumb\",\"itemListElement\":[{\"@type\":\"ListItem\",\"position\":1,\"name\":\"Anasayfa\",\"item\":\"https:\\\/\\\/kuzeyinsesi.org\\\/\"},{\"@type\":\"ListItem\",\"position\":2,\"name\":\"\u0130ranl\u0131 \u00fcst d\u00fczey askeri yetkili: \u0130ran ile ABD aras\u0131nda yeni bir \u00e7at\u0131\u015fma olas\u0131l\u0131\u011f\u0131 mevcut\"}]},{\"@type\":\"WebSite\",\"@id\":\"https:\\\/\\\/kuzeyinsesi.org\\\/#website\",\"url\":\"https:\\\/\\\/kuzeyinsesi.org\\\/\",\"name\":\"Kuzeyin Sesi\",\"description\":\"Do\u011fru Haberin Adresi\",\"potentialAction\":[{\"@type\":\"SearchAction\",\"target\":{\"@type\":\"EntryPoint\",\"urlTemplate\":\"https:\\\/\\\/kuzeyinsesi.org\\\/?s={search_term_string}\"},\"query-input\":{\"@type\":\"PropertyValueSpecification\",\"valueRequired\":true,\"valueName\":\"search_term_string\"}}],\"inLanguage\":\"tr\"},{\"@type\":\"Person\",\"@id\":\"https:\\\/\\\/kuzeyinsesi.org\\\/#\\\/schema\\\/person\\\/9f859689cdf01485597712386e37f5aa\",\"name\":\"Kuzeyin Sesi\",\"image\":{\"@type\":\"ImageObject\",\"inLanguage\":\"tr\",\"@id\":\"https:\\\/\\\/secure.gravatar.com\\\/avatar\\\/bab33852abfd8b282518d6ed81826833d77c3c882d9ab608add591ccace47a44?s=96&d=mm&r=g\",\"url\":\"https:\\\/\\\/secure.gravatar.com\\\/avatar\\\/bab33852abfd8b282518d6ed81826833d77c3c882d9ab608add591ccace47a44?s=96&d=mm&r=g\",\"contentUrl\":\"https:\\\/\\\/secure.gravatar.com\\\/avatar\\\/bab33852abfd8b282518d6ed81826833d77c3c882d9ab608add591ccace47a44?s=96&d=mm&r=g\",\"caption\":\"Kuzeyin Sesi\"},\"sameAs\":[\"https:\\\/\\\/kuzeyinsesi.org\"],\"url\":\"https:\\\/\\\/kuzeyinsesi.org\\\/index.php\\\/author\\\/guven\\\/\"}]}<\/script>\n<!-- \/ Yoast SEO plugin. -->","yoast_head_json":{"title":"\u0130ranl\u0131 \u00fcst d\u00fczey askeri yetkili: \u0130ran ile ABD aras\u0131nda yeni bir \u00e7at\u0131\u015fma olas\u0131l\u0131\u011f\u0131 mevcut - Kuzeyin Sesi","robots":{"index":"index","follow":"follow","max-snippet":"max-snippet:-1","max-image-preview":"max-image-preview:large","max-video-preview":"max-video-preview:-1"},"canonical":"https:\/\/kuzeyinsesi.org\/index.php\/2026\/05\/02\/iranli-ust-duzey-askeri-yetkili-iran-ile-abd-arasinda-yeni-bir-catisma-olasiligi-mevcut\/","og_locale":"tr_TR","og_type":"article","og_title":"\u0130ranl\u0131 \u00fcst d\u00fczey askeri yetkili: \u0130ran ile ABD aras\u0131nda yeni bir \u00e7at\u0131\u015fma olas\u0131l\u0131\u011f\u0131 mevcut - Kuzeyin Sesi","og_description":"&#13; Yar\u0131 resmi Fars Haber Ajans\u0131na g\u00f6re, \u0130ran Silahl\u0131 Kuvvetleri&#8217;nin sava\u015f y\u00f6netiminden sorumlu birimi Hatemu&#8217;l Enbiya Merkez Karargah\u0131 Komutan Yard\u0131mc\u0131s\u0131 Tu\u011fgeneral Esedi, \u00fclkesinin her t\u00fcrl\u00fc askeri tehdide kar\u015f\u0131 koymaya haz\u0131r oldu\u011funu belirtti. &#13; ABD&#8217;nin tehditlerine ve b\u00f6lgedeki hareketlili\u011fine i\u015faret eden Esedi, &#8220;\u0130ran ile Amerika Birle\u015fik Devletleri aras\u0131nda yeni bir \u00e7at\u0131\u015fma olas\u0131l\u0131\u011f\u0131 mevcuttur ve kan\u0131tlar, ABD&#8217;nin [&hellip;]","og_url":"https:\/\/kuzeyinsesi.org\/index.php\/2026\/05\/02\/iranli-ust-duzey-askeri-yetkili-iran-ile-abd-arasinda-yeni-bir-catisma-olasiligi-mevcut\/","og_site_name":"Kuzeyin Sesi","article_publisher":"https:\/\/www.facebook.com\/kuzeyinsesii","article_published_time":"2026-05-02T08:45:38+00:00","og_image":[{"url":"https:\/\/trthaberstatic.cdn.wp.trt.com.tr\/resimler\/2454000\/abd-iran-2454861.jpg","type":"","width":"","height":""}],"author":"Kuzeyin Sesi","twitter_card":"summary_large_image","twitter_creator":"@kuzeyinsesii","twitter_site":"@kuzeyinsesii","twitter_misc":{"Yazan:":"Kuzeyin Sesi","Tahmini okuma s\u00fcresi":"1 dakika"},"schema":{"@context":"https:\/\/schema.org","@graph":[{"@type":"Article","@id":"https:\/\/kuzeyinsesi.org\/index.php\/2026\/05\/02\/iranli-ust-duzey-askeri-yetkili-iran-ile-abd-arasinda-yeni-bir-catisma-olasiligi-mevcut\/#article","isPartOf":{"@id":"https:\/\/kuzeyinsesi.org\/index.php\/2026\/05\/02\/iranli-ust-duzey-askeri-yetkili-iran-ile-abd-arasinda-yeni-bir-catisma-olasiligi-mevcut\/"},"author":{"name":"Kuzeyin Sesi","@id":"https:\/\/kuzeyinsesi.org\/#\/schema\/person\/9f859689cdf01485597712386e37f5aa"},"headline":"\u0130ranl\u0131 \u00fcst d\u00fczey askeri yetkili: \u0130ran ile ABD aras\u0131nda yeni bir \u00e7at\u0131\u015fma olas\u0131l\u0131\u011f\u0131 mevcut","datePublished":"2026-05-02T08:45:38+00:00","mainEntityOfPage":{"@id":"https:\/\/kuzeyinsesi.org\/index.php\/2026\/05\/02\/iranli-ust-duzey-askeri-yetkili-iran-ile-abd-arasinda-yeni-bir-catisma-olasiligi-mevcut\/"},"wordCount":143,"commentCount":0,"image":{"@id":"https:\/\/kuzeyinsesi.org\/index.php\/2026\/05\/02\/iranli-ust-duzey-askeri-yetkili-iran-ile-abd-arasinda-yeni-bir-catisma-olasiligi-mevcut\/#primaryimage"},"thumbnailUrl":"https:\/\/kuzeyinsesi.org\/wp-content\/uploads\/2026\/04\/abd-iran-2454861.jpg","articleSection":["D\u00fcnya"],"inLanguage":"tr","potentialAction":[{"@type":"CommentAction","name":"Comment","target":["https:\/\/kuzeyinsesi.org\/index.php\/2026\/05\/02\/iranli-ust-duzey-askeri-yetkili-iran-ile-abd-arasinda-yeni-bir-catisma-olasiligi-mevcut\/#respond"]}]},{"@type":"WebPage","@id":"https:\/\/kuzeyinsesi.org\/index.php\/2026\/05\/02\/iranli-ust-duzey-askeri-yetkili-iran-ile-abd-arasinda-yeni-bir-catisma-olasiligi-mevcut\/","url":"https:\/\/kuzeyinsesi.org\/index.php\/2026\/05\/02\/iranli-ust-duzey-askeri-yetkili-iran-ile-abd-arasinda-yeni-bir-catisma-olasiligi-mevcut\/","name":"\u0130ranl\u0131 \u00fcst d\u00fczey askeri yetkili: \u0130ran ile ABD aras\u0131nda yeni bir \u00e7at\u0131\u015fma olas\u0131l\u0131\u011f\u0131 mevcut - Kuzeyin Sesi","isPartOf":{"@id":"https:\/\/kuzeyinsesi.org\/#website"},"primaryImageOfPage":{"@id":"https:\/\/kuzeyinsesi.org\/index.php\/2026\/05\/02\/iranli-ust-duzey-askeri-yetkili-iran-ile-abd-arasinda-yeni-bir-catisma-olasiligi-mevcut\/#primaryimage"},"image":{"@id":"https:\/\/kuzeyinsesi.org\/index.php\/2026\/05\/02\/iranli-ust-duzey-askeri-yetkili-iran-ile-abd-arasinda-yeni-bir-catisma-olasiligi-mevcut\/#primaryimage"},"thumbnailUrl":"https:\/\/kuzeyinsesi.org\/wp-content\/uploads\/2026\/04\/abd-iran-2454861.jpg","datePublished":"2026-05-02T08:45:38+00:00","author":{"@id":"https:\/\/kuzeyinsesi.org\/#\/schema\/person\/9f859689cdf01485597712386e37f5aa"},"breadcrumb":{"@id":"https:\/\/kuzeyinsesi.org\/index.php\/2026\/05\/02\/iranli-ust-duzey-askeri-yetkili-iran-ile-abd-arasinda-yeni-bir-catisma-olasiligi-mevcut\/#breadcrumb"},"inLanguage":"tr","potentialAction":[{"@type":"ReadAction","target":["https:\/\/kuzeyinsesi.org\/index.php\/2026\/05\/02\/iranli-ust-duzey-askeri-yetkili-iran-ile-abd-arasinda-yeni-bir-catisma-olasiligi-mevcut\/"]}]},{"@type":"ImageObject","inLanguage":"tr","@id":"https:\/\/kuzeyinsesi.org\/index.php\/2026\/05\/02\/iranli-ust-duzey-askeri-yetkili-iran-ile-abd-arasinda-yeni-bir-catisma-olasiligi-mevcut\/#primaryimage","url":"https:\/\/kuzeyinsesi.org\/wp-content\/uploads\/2026\/04\/abd-iran-2454861.jpg","contentUrl":"https:\/\/kuzeyinsesi.org\/wp-content\/uploads\/2026\/04\/abd-iran-2454861.jpg","width":1280,"height":720},{"@type":"BreadcrumbList","@id":"https:\/\/kuzeyinsesi.org\/index.php\/2026\/05\/02\/iranli-ust-duzey-askeri-yetkili-iran-ile-abd-arasinda-yeni-bir-catisma-olasiligi-mevcut\/#breadcrumb","itemListElement":[{"@type":"ListItem","position":1,"name":"Anasayfa","item":"https:\/\/kuzeyinsesi.org\/"},{"@type":"ListItem","position":2,"name":"\u0130ranl\u0131 \u00fcst d\u00fczey askeri yetkili: \u0130ran ile ABD aras\u0131nda yeni bir \u00e7at\u0131\u015fma olas\u0131l\u0131\u011f\u0131 mevcut"}]},{"@type":"WebSite","@id":"https:\/\/kuzeyinsesi.org\/#website","url":"https:\/\/kuzeyinsesi.org\/","name":"Kuzeyin Sesi","description":"Do\u011fru Haberin Adresi","potentialAction":[{"@type":"SearchAction","target":{"@type":"EntryPoint","urlTemplate":"https:\/\/kuzeyinsesi.org\/?s={search_term_string}"},"query-input":{"@type":"PropertyValueSpecification","valueRequired":true,"valueName":"search_term_string"}}],"inLanguage":"tr"},{"@type":"Person","@id":"https:\/\/kuzeyinsesi.org\/#\/schema\/person\/9f859689cdf01485597712386e37f5aa","name":"Kuzeyin Sesi","image":{"@type":"ImageObject","inLanguage":"tr","@id":"https:\/\/secure.gravatar.com\/avatar\/bab33852abfd8b282518d6ed81826833d77c3c882d9ab608add591ccace47a44?s=96&d=mm&r=g","url":"https:\/\/secure.gravatar.com\/avatar\/bab33852abfd8b282518d6ed81826833d77c3c882d9ab608add591ccace47a44?s=96&d=mm&r=g","contentUrl":"https:\/\/secure.gravatar.com\/avatar\/bab33852abfd8b282518d6ed81826833d77c3c882d9ab608add591ccace47a44?s=96&d=mm&r=g","caption":"Kuzeyin Sesi"},"sameAs":["https:\/\/kuzeyinsesi.org"],"url":"https:\/\/kuzeyinsesi.org\/index.php\/author\/guven\/"}]}},"_links":{"self":[{"href":"https:\/\/kuzeyinsesi.org\/index.php\/wp-json\/wp\/v2\/posts\/37858","targetHints":{"allow":["GET"]}}],"collection":[{"href":"https:\/\/kuzeyinsesi.org\/index.php\/wp-json\/wp\/v2\/posts"}],"about":[{"href":"https:\/\/kuzeyinsesi.org\/index.php\/wp-json\/wp\/v2\/types\/post"}],"author":[{"embeddable":true,"href":"https:\/\/kuzeyinsesi.org\/index.php\/wp-json\/wp\/v2\/users\/1"}],"replies":[{"embeddable":true,"href":"https:\/\/kuzeyinsesi.org\/index.php\/wp-json\/wp\/v2\/comments?post=37858"}],"version-history":[{"count":0,"href":"https:\/\/kuzeyinsesi.org\/index.php\/wp-json\/wp\/v2\/posts\/37858\/revisions"}],"wp:featuredmedia":[{"embeddable":true,"href":"https:\/\/kuzeyinsesi.org\/index.php\/wp-json\/wp\/v2\/media\/36799"}],"wp:attachment":[{"href":"https:\/\/kuzeyinsesi.org\/index.php\/wp-json\/wp\/v2\/media?parent=37858"}],"wp:term":[{"taxonomy":"category","embeddable":true,"href":"https:\/\/kuzeyinsesi.org\/index.php\/wp-json\/wp\/v2\/categories?post=37858"},{"taxonomy":"post_tag","embeddable":true,"href":"https:\/\/kuzeyinsesi.org\/index.php\/wp-json\/wp\/v2\/tags?post=37858"}],"curies":[{"name":"wp","href":"https:\/\/api.w.org\/{rel}","templated":true}]}}