{"id":37856,"date":"2026-05-02T10:25:34","date_gmt":"2026-05-02T07:25:34","guid":{"rendered":"https:\/\/kuzeyinsesi.org\/index.php\/2026\/05\/02\/dunyaca-unlu-gazeteci-ve-dau-mezunu-plestia-alaqad-ogrencilerle-bulusuyor\/"},"modified":"2026-05-02T10:25:34","modified_gmt":"2026-05-02T07:25:34","slug":"dunyaca-unlu-gazeteci-ve-dau-mezunu-plestia-alaqad-ogrencilerle-bulusuyor","status":"publish","type":"post","link":"https:\/\/kuzeyinsesi.org\/index.php\/2026\/05\/02\/dunyaca-unlu-gazeteci-ve-dau-mezunu-plestia-alaqad-ogrencilerle-bulusuyor\/","title":{"rendered":"D\u00fcnyaca \u00fcnl\u00fc gazeteci ve DA\u00dc mezunu Plestia Alaqad \u00f6\u011frencilerle bulu\u015fuyor"},"content":{"rendered":"<p>Do\u011fu Akdeniz \u00dcniversitesi\u00a0(DA\u00dc) \u00d6\u011frenci Geli\u015fim, Etkinlikler ve Spor \u0130\u015fleri M\u00fcd\u00fcrl\u00fc\u011f\u00fc taraf\u0131ndan d\u00fczenlenen \u201cCareer Talks\u201d etkinlikleri \u00e7er\u00e7evesinde, 2022 y\u0131l\u0131\u00a0DA\u00dc\u00a0\u0130leti\u015fim Fak\u00fcltesi, Yeni Medya ve Gazetecilik B\u00f6l\u00fcm\u00fc mezunu, \u00f6d\u00fcll\u00fc gazeteci ve yazar Plestia Alaqad \u00f6\u011frencilerle bir araya gelecek. Gazetecilik kariyerinde k\u0131sa s\u00fcrede uluslararas\u0131 \u00f6l\u00e7ekte tan\u0131n\u0131rl\u0131k kazanan Alaqad, \u00f6zellikle sava\u015f ve insan hik\u00e2yelerine odaklanan \u00e7al\u0131\u015fmalar\u0131yla \u00f6ne \u00e7\u0131k\u0131yor. Eserleri ve sahadan aktard\u0131\u011f\u0131 i\u00e7eriklerle geni\u015f kitlelere ula\u015fan Alaqad, Forbes ve The Guardian gibi sayg\u0131n uluslararas\u0131 yay\u0131nlar taraf\u0131ndan da \u00e7e\u015fitli unvan ve de\u011ferlendirmelere lay\u0131k g\u00f6r\u00fcld\u00fc. Ayn\u0131 zamanda \u201cThe Eyes of Gaza\u201d adl\u0131 kitab\u0131n yazar\u0131 olan Alaqad, gazetecilikte etik, sahadan hik\u00e2ye anlat\u0131m\u0131 ve dijital medyan\u0131n g\u00fcc\u00fc \u00fczerine deneyimlerini payla\u015facak.<\/p>\n<p><strong>ALAQAD, 4 MAYIS\u2019TA\u00a0DA\u00dc\u2019DE<\/strong><\/p>\n<p>4 May\u0131s 2026 Pazartesi g\u00fcn\u00fc, saat 11.30\u2019da Mustafa Af\u015fin Ersoy Salonu\u2019nda ger\u00e7ekle\u015ftirilecek etkinlikte kat\u0131l\u0131mc\u0131lar, gazetecilik mesle\u011finin g\u00fcncel dinamikleri hakk\u0131nda bilgi edinme f\u0131rsat\u0131 bulacak.\u00a0DA\u00dc\u00a0\u00f6\u011frencileri ba\u015fta olmak \u00fczere t\u00fcm kat\u0131l\u0131mc\u0131lara a\u00e7\u0131k olacak s\u00f6yle\u015fide, kariyer yolculu\u011funa dair ilham verici payla\u015f\u0131mlar yap\u0131lmas\u0131 bekleniyor. Etkinlik sonunda kat\u0131l\u0131mc\u0131lar\u0131n sorular\u0131n\u0131n da yan\u0131tlanaca\u011f\u0131 interaktif bir oturum ger\u00e7ekle\u015ftirilecek.<\/p>\n<p><strong>PLEST\u0130A ALAQAD K\u0130MD\u0130R?<\/strong><\/p>\n<p>Plestia Alaqad, gen\u00e7 ya\u015f\u0131na ra\u011fmen uluslararas\u0131 alanda dikkat \u00e7eken Filistinli bir gazeteci, yazar ve dijital i\u00e7erik \u00fcreticisidir. Alaqad, \u00f6zellikle Gazze\u2019de ya\u015fanan geli\u015fmeleri sahadan ve do\u011frudan aktard\u0131\u011f\u0131 i\u00e7eriklerle uluslararas\u0131 medyan\u0131n dikkatini \u00e7ekti. Dijital platformlarda payla\u015ft\u0131\u011f\u0131 videolar, g\u00fcnl\u00fck ya\u015famdan kesitler ve insan hik\u00e2yeleri k\u0131sa s\u00fcrede milyonlarca ki\u015fiye ula\u015farak k\u00fcresel bir g\u00f6r\u00fcn\u00fcrl\u00fck kazand\u0131rd\u0131.<\/p>\n<p>Bu g\u00f6r\u00fcn\u00fcrl\u00fck sayesinde Forbes taraf\u0131ndan, etkili gen\u00e7 isimler ve dijital alanda fark yaratan gazeteciler aras\u0131nda g\u00f6sterildi. \u00d6te yandan The Guardian da Alaqad\u2019a haber ve r\u00f6portajlar\u0131nda yer vererek, onun Gazze\u2019deki deneyimlerini ve tan\u0131kl\u0131klar\u0131n\u0131 uluslararas\u0131 okuyucuya aktard\u0131. Guardian\u2019daki i\u00e7eriklerde, sahadan yapt\u0131\u011f\u0131 anlat\u0131mlar ve ki\u015fisel g\u00f6zlemleri \u00f6n plana \u00e7\u0131kar\u0131ld\u0131.<\/p>\n<p>&nbsp;<\/p>\n","protected":false},"excerpt":{"rendered":"<p>Do\u011fu Akdeniz \u00dcniversitesi\u00a0(DA\u00dc) \u00d6\u011frenci Geli\u015fim, Etkinlikler ve Spor \u0130\u015fleri M\u00fcd\u00fcrl\u00fc\u011f\u00fc taraf\u0131ndan d\u00fczenlenen \u201cCareer Talks\u201d etkinlikleri \u00e7er\u00e7evesinde, 2022 y\u0131l\u0131\u00a0DA\u00dc\u00a0\u0130leti\u015fim Fak\u00fcltesi, Yeni Medya ve Gazetecilik B\u00f6l\u00fcm\u00fc mezunu, \u00f6d\u00fcll\u00fc gazeteci ve yazar Plestia Alaqad \u00f6\u011frencilerle bir araya gelecek. Gazetecilik kariyerinde k\u0131sa s\u00fcrede uluslararas\u0131 \u00f6l\u00e7ekte tan\u0131n\u0131rl\u0131k kazanan Alaqad, \u00f6zellikle sava\u015f ve insan hik\u00e2yelerine odaklanan \u00e7al\u0131\u015fmalar\u0131yla \u00f6ne \u00e7\u0131k\u0131yor. Eserleri ve [&hellip;]<\/p>\n","protected":false},"author":1,"featured_media":37857,"comment_status":"open","ping_status":"open","sticky":false,"template":"","format":"standard","meta":{"jnews-multi-image_gallery":[],"jnews_single_post":[],"jnews_primary_category":[],"jnews_social_meta":[],"jnews_override_counter":[],"footnotes":""},"categories":[1],"tags":[],"class_list":["post-37856","post","type-post","status-publish","format-standard","has-post-thumbnail","hentry","category-kibris"],"yoast_head":"<!-- This site is optimized with the Yoast SEO plugin v27.5 - https:\/\/yoast.com\/product\/yoast-seo-wordpress\/ -->\n<title>D\u00fcnyaca \u00fcnl\u00fc gazeteci ve DA\u00dc mezunu Plestia Alaqad \u00f6\u011frencilerle bulu\u015fuyor - Kuzeyin Sesi<\/title>\n<meta name=\"robots\" content=\"index, follow, max-snippet:-1, max-image-preview:large, max-video-preview:-1\" \/>\n<link rel=\"canonical\" href=\"https:\/\/kuzeyinsesi.org\/index.php\/2026\/05\/02\/dunyaca-unlu-gazeteci-ve-dau-mezunu-plestia-alaqad-ogrencilerle-bulusuyor\/\" \/>\n<meta property=\"og:locale\" content=\"tr_TR\" \/>\n<meta property=\"og:type\" content=\"article\" \/>\n<meta property=\"og:title\" content=\"D\u00fcnyaca \u00fcnl\u00fc gazeteci ve DA\u00dc mezunu Plestia Alaqad \u00f6\u011frencilerle bulu\u015fuyor - Kuzeyin Sesi\" \/>\n<meta property=\"og:description\" content=\"Do\u011fu Akdeniz \u00dcniversitesi\u00a0(DA\u00dc) \u00d6\u011frenci Geli\u015fim, Etkinlikler ve Spor \u0130\u015fleri M\u00fcd\u00fcrl\u00fc\u011f\u00fc taraf\u0131ndan d\u00fczenlenen \u201cCareer Talks\u201d etkinlikleri \u00e7er\u00e7evesinde, 2022 y\u0131l\u0131\u00a0DA\u00dc\u00a0\u0130leti\u015fim Fak\u00fcltesi, Yeni Medya ve Gazetecilik B\u00f6l\u00fcm\u00fc mezunu, \u00f6d\u00fcll\u00fc gazeteci ve yazar Plestia Alaqad \u00f6\u011frencilerle bir araya gelecek. Gazetecilik kariyerinde k\u0131sa s\u00fcrede uluslararas\u0131 \u00f6l\u00e7ekte tan\u0131n\u0131rl\u0131k kazanan Alaqad, \u00f6zellikle sava\u015f ve insan hik\u00e2yelerine odaklanan \u00e7al\u0131\u015fmalar\u0131yla \u00f6ne \u00e7\u0131k\u0131yor. Eserleri ve [&hellip;]\" \/>\n<meta property=\"og:url\" content=\"https:\/\/kuzeyinsesi.org\/index.php\/2026\/05\/02\/dunyaca-unlu-gazeteci-ve-dau-mezunu-plestia-alaqad-ogrencilerle-bulusuyor\/\" \/>\n<meta property=\"og:site_name\" content=\"Kuzeyin Sesi\" \/>\n<meta property=\"article:publisher\" content=\"https:\/\/www.facebook.com\/kuzeyinsesii\" \/>\n<meta property=\"article:published_time\" content=\"2026-05-02T07:25:34+00:00\" \/>\n<meta name=\"author\" content=\"Kuzeyin Sesi\" \/>\n<meta name=\"twitter:card\" content=\"summary_large_image\" \/>\n<meta name=\"twitter:creator\" content=\"@kuzeyinsesii\" \/>\n<meta name=\"twitter:site\" content=\"@kuzeyinsesii\" \/>\n<meta name=\"twitter:label1\" content=\"Yazan:\" \/>\n\t<meta name=\"twitter:data1\" content=\"Kuzeyin Sesi\" \/>\n\t<meta name=\"twitter:label2\" content=\"Tahmini okuma s\u00fcresi\" \/>\n\t<meta name=\"twitter:data2\" content=\"2 dakika\" \/>\n<script type=\"application\/ld+json\" class=\"yoast-schema-graph\">{\"@context\":\"https:\\\/\\\/schema.org\",\"@graph\":[{\"@type\":\"Article\",\"@id\":\"https:\\\/\\\/kuzeyinsesi.org\\\/index.php\\\/2026\\\/05\\\/02\\\/dunyaca-unlu-gazeteci-ve-dau-mezunu-plestia-alaqad-ogrencilerle-bulusuyor\\\/#article\",\"isPartOf\":{\"@id\":\"https:\\\/\\\/kuzeyinsesi.org\\\/index.php\\\/2026\\\/05\\\/02\\\/dunyaca-unlu-gazeteci-ve-dau-mezunu-plestia-alaqad-ogrencilerle-bulusuyor\\\/\"},\"author\":{\"name\":\"Kuzeyin Sesi\",\"@id\":\"https:\\\/\\\/kuzeyinsesi.org\\\/#\\\/schema\\\/person\\\/9f859689cdf01485597712386e37f5aa\"},\"headline\":\"D\u00fcnyaca \u00fcnl\u00fc gazeteci ve DA\u00dc mezunu Plestia Alaqad \u00f6\u011frencilerle bulu\u015fuyor\",\"datePublished\":\"2026-05-02T07:25:34+00:00\",\"mainEntityOfPage\":{\"@id\":\"https:\\\/\\\/kuzeyinsesi.org\\\/index.php\\\/2026\\\/05\\\/02\\\/dunyaca-unlu-gazeteci-ve-dau-mezunu-plestia-alaqad-ogrencilerle-bulusuyor\\\/\"},\"wordCount\":388,\"commentCount\":0,\"image\":{\"@id\":\"https:\\\/\\\/kuzeyinsesi.org\\\/index.php\\\/2026\\\/05\\\/02\\\/dunyaca-unlu-gazeteci-ve-dau-mezunu-plestia-alaqad-ogrencilerle-bulusuyor\\\/#primaryimage\"},\"thumbnailUrl\":\"https:\\\/\\\/kuzeyinsesi.org\\\/wp-content\\\/uploads\\\/2026\\\/05\\\/Yeni-Proje-5-1.jpg\",\"articleSection\":[\"K\u0131br\u0131s\"],\"inLanguage\":\"tr\",\"potentialAction\":[{\"@type\":\"CommentAction\",\"name\":\"Comment\",\"target\":[\"https:\\\/\\\/kuzeyinsesi.org\\\/index.php\\\/2026\\\/05\\\/02\\\/dunyaca-unlu-gazeteci-ve-dau-mezunu-plestia-alaqad-ogrencilerle-bulusuyor\\\/#respond\"]}]},{\"@type\":\"WebPage\",\"@id\":\"https:\\\/\\\/kuzeyinsesi.org\\\/index.php\\\/2026\\\/05\\\/02\\\/dunyaca-unlu-gazeteci-ve-dau-mezunu-plestia-alaqad-ogrencilerle-bulusuyor\\\/\",\"url\":\"https:\\\/\\\/kuzeyinsesi.org\\\/index.php\\\/2026\\\/05\\\/02\\\/dunyaca-unlu-gazeteci-ve-dau-mezunu-plestia-alaqad-ogrencilerle-bulusuyor\\\/\",\"name\":\"D\u00fcnyaca \u00fcnl\u00fc gazeteci ve DA\u00dc mezunu Plestia Alaqad \u00f6\u011frencilerle bulu\u015fuyor - Kuzeyin Sesi\",\"isPartOf\":{\"@id\":\"https:\\\/\\\/kuzeyinsesi.org\\\/#website\"},\"primaryImageOfPage\":{\"@id\":\"https:\\\/\\\/kuzeyinsesi.org\\\/index.php\\\/2026\\\/05\\\/02\\\/dunyaca-unlu-gazeteci-ve-dau-mezunu-plestia-alaqad-ogrencilerle-bulusuyor\\\/#primaryimage\"},\"image\":{\"@id\":\"https:\\\/\\\/kuzeyinsesi.org\\\/index.php\\\/2026\\\/05\\\/02\\\/dunyaca-unlu-gazeteci-ve-dau-mezunu-plestia-alaqad-ogrencilerle-bulusuyor\\\/#primaryimage\"},\"thumbnailUrl\":\"https:\\\/\\\/kuzeyinsesi.org\\\/wp-content\\\/uploads\\\/2026\\\/05\\\/Yeni-Proje-5-1.jpg\",\"datePublished\":\"2026-05-02T07:25:34+00:00\",\"author\":{\"@id\":\"https:\\\/\\\/kuzeyinsesi.org\\\/#\\\/schema\\\/person\\\/9f859689cdf01485597712386e37f5aa\"},\"breadcrumb\":{\"@id\":\"https:\\\/\\\/kuzeyinsesi.org\\\/index.php\\\/2026\\\/05\\\/02\\\/dunyaca-unlu-gazeteci-ve-dau-mezunu-plestia-alaqad-ogrencilerle-bulusuyor\\\/#breadcrumb\"},\"inLanguage\":\"tr\",\"potentialAction\":[{\"@type\":\"ReadAction\",\"target\":[\"https:\\\/\\\/kuzeyinsesi.org\\\/index.php\\\/2026\\\/05\\\/02\\\/dunyaca-unlu-gazeteci-ve-dau-mezunu-plestia-alaqad-ogrencilerle-bulusuyor\\\/\"]}]},{\"@type\":\"ImageObject\",\"inLanguage\":\"tr\",\"@id\":\"https:\\\/\\\/kuzeyinsesi.org\\\/index.php\\\/2026\\\/05\\\/02\\\/dunyaca-unlu-gazeteci-ve-dau-mezunu-plestia-alaqad-ogrencilerle-bulusuyor\\\/#primaryimage\",\"url\":\"https:\\\/\\\/kuzeyinsesi.org\\\/wp-content\\\/uploads\\\/2026\\\/05\\\/Yeni-Proje-5-1.jpg\",\"contentUrl\":\"https:\\\/\\\/kuzeyinsesi.org\\\/wp-content\\\/uploads\\\/2026\\\/05\\\/Yeni-Proje-5-1.jpg\",\"width\":971,\"height\":551},{\"@type\":\"BreadcrumbList\",\"@id\":\"https:\\\/\\\/kuzeyinsesi.org\\\/index.php\\\/2026\\\/05\\\/02\\\/dunyaca-unlu-gazeteci-ve-dau-mezunu-plestia-alaqad-ogrencilerle-bulusuyor\\\/#breadcrumb\",\"itemListElement\":[{\"@type\":\"ListItem\",\"position\":1,\"name\":\"Anasayfa\",\"item\":\"https:\\\/\\\/kuzeyinsesi.org\\\/\"},{\"@type\":\"ListItem\",\"position\":2,\"name\":\"D\u00fcnyaca \u00fcnl\u00fc gazeteci ve DA\u00dc mezunu Plestia Alaqad \u00f6\u011frencilerle bulu\u015fuyor\"}]},{\"@type\":\"WebSite\",\"@id\":\"https:\\\/\\\/kuzeyinsesi.org\\\/#website\",\"url\":\"https:\\\/\\\/kuzeyinsesi.org\\\/\",\"name\":\"Kuzeyin Sesi\",\"description\":\"Do\u011fru Haberin Adresi\",\"potentialAction\":[{\"@type\":\"SearchAction\",\"target\":{\"@type\":\"EntryPoint\",\"urlTemplate\":\"https:\\\/\\\/kuzeyinsesi.org\\\/?s={search_term_string}\"},\"query-input\":{\"@type\":\"PropertyValueSpecification\",\"valueRequired\":true,\"valueName\":\"search_term_string\"}}],\"inLanguage\":\"tr\"},{\"@type\":\"Person\",\"@id\":\"https:\\\/\\\/kuzeyinsesi.org\\\/#\\\/schema\\\/person\\\/9f859689cdf01485597712386e37f5aa\",\"name\":\"Kuzeyin Sesi\",\"image\":{\"@type\":\"ImageObject\",\"inLanguage\":\"tr\",\"@id\":\"https:\\\/\\\/secure.gravatar.com\\\/avatar\\\/bab33852abfd8b282518d6ed81826833d77c3c882d9ab608add591ccace47a44?s=96&d=mm&r=g\",\"url\":\"https:\\\/\\\/secure.gravatar.com\\\/avatar\\\/bab33852abfd8b282518d6ed81826833d77c3c882d9ab608add591ccace47a44?s=96&d=mm&r=g\",\"contentUrl\":\"https:\\\/\\\/secure.gravatar.com\\\/avatar\\\/bab33852abfd8b282518d6ed81826833d77c3c882d9ab608add591ccace47a44?s=96&d=mm&r=g\",\"caption\":\"Kuzeyin Sesi\"},\"sameAs\":[\"https:\\\/\\\/kuzeyinsesi.org\"],\"url\":\"https:\\\/\\\/kuzeyinsesi.org\\\/index.php\\\/author\\\/guven\\\/\"}]}<\/script>\n<!-- \/ Yoast SEO plugin. -->","yoast_head_json":{"title":"D\u00fcnyaca \u00fcnl\u00fc gazeteci ve DA\u00dc mezunu Plestia Alaqad \u00f6\u011frencilerle bulu\u015fuyor - Kuzeyin Sesi","robots":{"index":"index","follow":"follow","max-snippet":"max-snippet:-1","max-image-preview":"max-image-preview:large","max-video-preview":"max-video-preview:-1"},"canonical":"https:\/\/kuzeyinsesi.org\/index.php\/2026\/05\/02\/dunyaca-unlu-gazeteci-ve-dau-mezunu-plestia-alaqad-ogrencilerle-bulusuyor\/","og_locale":"tr_TR","og_type":"article","og_title":"D\u00fcnyaca \u00fcnl\u00fc gazeteci ve DA\u00dc mezunu Plestia Alaqad \u00f6\u011frencilerle bulu\u015fuyor - Kuzeyin Sesi","og_description":"Do\u011fu Akdeniz \u00dcniversitesi\u00a0(DA\u00dc) \u00d6\u011frenci Geli\u015fim, Etkinlikler ve Spor \u0130\u015fleri M\u00fcd\u00fcrl\u00fc\u011f\u00fc taraf\u0131ndan d\u00fczenlenen \u201cCareer Talks\u201d etkinlikleri \u00e7er\u00e7evesinde, 2022 y\u0131l\u0131\u00a0DA\u00dc\u00a0\u0130leti\u015fim Fak\u00fcltesi, Yeni Medya ve Gazetecilik B\u00f6l\u00fcm\u00fc mezunu, \u00f6d\u00fcll\u00fc gazeteci ve yazar Plestia Alaqad \u00f6\u011frencilerle bir araya gelecek. Gazetecilik kariyerinde k\u0131sa s\u00fcrede uluslararas\u0131 \u00f6l\u00e7ekte tan\u0131n\u0131rl\u0131k kazanan Alaqad, \u00f6zellikle sava\u015f ve insan hik\u00e2yelerine odaklanan \u00e7al\u0131\u015fmalar\u0131yla \u00f6ne \u00e7\u0131k\u0131yor. Eserleri ve [&hellip;]","og_url":"https:\/\/kuzeyinsesi.org\/index.php\/2026\/05\/02\/dunyaca-unlu-gazeteci-ve-dau-mezunu-plestia-alaqad-ogrencilerle-bulusuyor\/","og_site_name":"Kuzeyin Sesi","article_publisher":"https:\/\/www.facebook.com\/kuzeyinsesii","article_published_time":"2026-05-02T07:25:34+00:00","author":"Kuzeyin Sesi","twitter_card":"summary_large_image","twitter_creator":"@kuzeyinsesii","twitter_site":"@kuzeyinsesii","twitter_misc":{"Yazan:":"Kuzeyin Sesi","Tahmini okuma s\u00fcresi":"2 dakika"},"schema":{"@context":"https:\/\/schema.org","@graph":[{"@type":"Article","@id":"https:\/\/kuzeyinsesi.org\/index.php\/2026\/05\/02\/dunyaca-unlu-gazeteci-ve-dau-mezunu-plestia-alaqad-ogrencilerle-bulusuyor\/#article","isPartOf":{"@id":"https:\/\/kuzeyinsesi.org\/index.php\/2026\/05\/02\/dunyaca-unlu-gazeteci-ve-dau-mezunu-plestia-alaqad-ogrencilerle-bulusuyor\/"},"author":{"name":"Kuzeyin Sesi","@id":"https:\/\/kuzeyinsesi.org\/#\/schema\/person\/9f859689cdf01485597712386e37f5aa"},"headline":"D\u00fcnyaca \u00fcnl\u00fc gazeteci ve DA\u00dc mezunu Plestia Alaqad \u00f6\u011frencilerle bulu\u015fuyor","datePublished":"2026-05-02T07:25:34+00:00","mainEntityOfPage":{"@id":"https:\/\/kuzeyinsesi.org\/index.php\/2026\/05\/02\/dunyaca-unlu-gazeteci-ve-dau-mezunu-plestia-alaqad-ogrencilerle-bulusuyor\/"},"wordCount":388,"commentCount":0,"image":{"@id":"https:\/\/kuzeyinsesi.org\/index.php\/2026\/05\/02\/dunyaca-unlu-gazeteci-ve-dau-mezunu-plestia-alaqad-ogrencilerle-bulusuyor\/#primaryimage"},"thumbnailUrl":"https:\/\/kuzeyinsesi.org\/wp-content\/uploads\/2026\/05\/Yeni-Proje-5-1.jpg","articleSection":["K\u0131br\u0131s"],"inLanguage":"tr","potentialAction":[{"@type":"CommentAction","name":"Comment","target":["https:\/\/kuzeyinsesi.org\/index.php\/2026\/05\/02\/dunyaca-unlu-gazeteci-ve-dau-mezunu-plestia-alaqad-ogrencilerle-bulusuyor\/#respond"]}]},{"@type":"WebPage","@id":"https:\/\/kuzeyinsesi.org\/index.php\/2026\/05\/02\/dunyaca-unlu-gazeteci-ve-dau-mezunu-plestia-alaqad-ogrencilerle-bulusuyor\/","url":"https:\/\/kuzeyinsesi.org\/index.php\/2026\/05\/02\/dunyaca-unlu-gazeteci-ve-dau-mezunu-plestia-alaqad-ogrencilerle-bulusuyor\/","name":"D\u00fcnyaca \u00fcnl\u00fc gazeteci ve DA\u00dc mezunu Plestia Alaqad \u00f6\u011frencilerle bulu\u015fuyor - Kuzeyin Sesi","isPartOf":{"@id":"https:\/\/kuzeyinsesi.org\/#website"},"primaryImageOfPage":{"@id":"https:\/\/kuzeyinsesi.org\/index.php\/2026\/05\/02\/dunyaca-unlu-gazeteci-ve-dau-mezunu-plestia-alaqad-ogrencilerle-bulusuyor\/#primaryimage"},"image":{"@id":"https:\/\/kuzeyinsesi.org\/index.php\/2026\/05\/02\/dunyaca-unlu-gazeteci-ve-dau-mezunu-plestia-alaqad-ogrencilerle-bulusuyor\/#primaryimage"},"thumbnailUrl":"https:\/\/kuzeyinsesi.org\/wp-content\/uploads\/2026\/05\/Yeni-Proje-5-1.jpg","datePublished":"2026-05-02T07:25:34+00:00","author":{"@id":"https:\/\/kuzeyinsesi.org\/#\/schema\/person\/9f859689cdf01485597712386e37f5aa"},"breadcrumb":{"@id":"https:\/\/kuzeyinsesi.org\/index.php\/2026\/05\/02\/dunyaca-unlu-gazeteci-ve-dau-mezunu-plestia-alaqad-ogrencilerle-bulusuyor\/#breadcrumb"},"inLanguage":"tr","potentialAction":[{"@type":"ReadAction","target":["https:\/\/kuzeyinsesi.org\/index.php\/2026\/05\/02\/dunyaca-unlu-gazeteci-ve-dau-mezunu-plestia-alaqad-ogrencilerle-bulusuyor\/"]}]},{"@type":"ImageObject","inLanguage":"tr","@id":"https:\/\/kuzeyinsesi.org\/index.php\/2026\/05\/02\/dunyaca-unlu-gazeteci-ve-dau-mezunu-plestia-alaqad-ogrencilerle-bulusuyor\/#primaryimage","url":"https:\/\/kuzeyinsesi.org\/wp-content\/uploads\/2026\/05\/Yeni-Proje-5-1.jpg","contentUrl":"https:\/\/kuzeyinsesi.org\/wp-content\/uploads\/2026\/05\/Yeni-Proje-5-1.jpg","width":971,"height":551},{"@type":"BreadcrumbList","@id":"https:\/\/kuzeyinsesi.org\/index.php\/2026\/05\/02\/dunyaca-unlu-gazeteci-ve-dau-mezunu-plestia-alaqad-ogrencilerle-bulusuyor\/#breadcrumb","itemListElement":[{"@type":"ListItem","position":1,"name":"Anasayfa","item":"https:\/\/kuzeyinsesi.org\/"},{"@type":"ListItem","position":2,"name":"D\u00fcnyaca \u00fcnl\u00fc gazeteci ve DA\u00dc mezunu Plestia Alaqad \u00f6\u011frencilerle bulu\u015fuyor"}]},{"@type":"WebSite","@id":"https:\/\/kuzeyinsesi.org\/#website","url":"https:\/\/kuzeyinsesi.org\/","name":"Kuzeyin Sesi","description":"Do\u011fru Haberin Adresi","potentialAction":[{"@type":"SearchAction","target":{"@type":"EntryPoint","urlTemplate":"https:\/\/kuzeyinsesi.org\/?s={search_term_string}"},"query-input":{"@type":"PropertyValueSpecification","valueRequired":true,"valueName":"search_term_string"}}],"inLanguage":"tr"},{"@type":"Person","@id":"https:\/\/kuzeyinsesi.org\/#\/schema\/person\/9f859689cdf01485597712386e37f5aa","name":"Kuzeyin Sesi","image":{"@type":"ImageObject","inLanguage":"tr","@id":"https:\/\/secure.gravatar.com\/avatar\/bab33852abfd8b282518d6ed81826833d77c3c882d9ab608add591ccace47a44?s=96&d=mm&r=g","url":"https:\/\/secure.gravatar.com\/avatar\/bab33852abfd8b282518d6ed81826833d77c3c882d9ab608add591ccace47a44?s=96&d=mm&r=g","contentUrl":"https:\/\/secure.gravatar.com\/avatar\/bab33852abfd8b282518d6ed81826833d77c3c882d9ab608add591ccace47a44?s=96&d=mm&r=g","caption":"Kuzeyin Sesi"},"sameAs":["https:\/\/kuzeyinsesi.org"],"url":"https:\/\/kuzeyinsesi.org\/index.php\/author\/guven\/"}]}},"_links":{"self":[{"href":"https:\/\/kuzeyinsesi.org\/index.php\/wp-json\/wp\/v2\/posts\/37856","targetHints":{"allow":["GET"]}}],"collection":[{"href":"https:\/\/kuzeyinsesi.org\/index.php\/wp-json\/wp\/v2\/posts"}],"about":[{"href":"https:\/\/kuzeyinsesi.org\/index.php\/wp-json\/wp\/v2\/types\/post"}],"author":[{"embeddable":true,"href":"https:\/\/kuzeyinsesi.org\/index.php\/wp-json\/wp\/v2\/users\/1"}],"replies":[{"embeddable":true,"href":"https:\/\/kuzeyinsesi.org\/index.php\/wp-json\/wp\/v2\/comments?post=37856"}],"version-history":[{"count":0,"href":"https:\/\/kuzeyinsesi.org\/index.php\/wp-json\/wp\/v2\/posts\/37856\/revisions"}],"wp:featuredmedia":[{"embeddable":true,"href":"https:\/\/kuzeyinsesi.org\/index.php\/wp-json\/wp\/v2\/media\/37857"}],"wp:attachment":[{"href":"https:\/\/kuzeyinsesi.org\/index.php\/wp-json\/wp\/v2\/media?parent=37856"}],"wp:term":[{"taxonomy":"category","embeddable":true,"href":"https:\/\/kuzeyinsesi.org\/index.php\/wp-json\/wp\/v2\/categories?post=37856"},{"taxonomy":"post_tag","embeddable":true,"href":"https:\/\/kuzeyinsesi.org\/index.php\/wp-json\/wp\/v2\/tags?post=37856"}],"curies":[{"name":"wp","href":"https:\/\/api.w.org\/{rel}","templated":true}]}}