{"id":37853,"date":"2026-05-02T09:29:28","date_gmt":"2026-05-02T06:29:28","guid":{"rendered":"https:\/\/kuzeyinsesi.org\/index.php\/2026\/05\/02\/demirhanda-scooter-kazasi-41-yasindaki-surucu-yogun-bakimda\/"},"modified":"2026-05-02T09:29:28","modified_gmt":"2026-05-02T06:29:28","slug":"demirhanda-scooter-kazasi-41-yasindaki-surucu-yogun-bakimda","status":"publish","type":"post","link":"https:\/\/kuzeyinsesi.org\/index.php\/2026\/05\/02\/demirhanda-scooter-kazasi-41-yasindaki-surucu-yogun-bakimda\/","title":{"rendered":"Demirhan\u2019da scooter kazas\u0131: 41 ya\u015f\u0131ndaki s\u00fcr\u00fcc\u00fc yo\u011fun bak\u0131mda"},"content":{"rendered":"<p>Demirhan\u2019da Mustafa Kemal K\u0131br\u0131sl\u0131 Sokak \u00fczerinde meydana gelen trafik kazas\u0131nda, elektrikli scooter s\u00fcr\u00fcc\u00fcs\u00fc H.Y. (41) a\u011f\u0131r yaraland\u0131.<\/p>\n<p>Polis a\u00e7\u0131klamas\u0131na g\u00f6re, bat\u0131 istikametine do\u011fru seyreden H.Y., yol \u00fczerindeki kasisi ge\u00e7tikten sonra direksiyon hakimiyetini kaybederek yola d\u00fc\u015ft\u00fc.<\/p>\n<p>Kazada a\u011f\u0131r yaralanan s\u00fcr\u00fcc\u00fc, kald\u0131r\u0131ld\u0131\u011f\u0131 Lefko\u015fa Dr. Burhan Nalbano\u011flu Devlet Hastanesi\u2019nde kafatas\u0131 k\u0131r\u0131\u011f\u0131 ve beyin kanamas\u0131 te\u015fhisiyle yo\u011fun bak\u0131m servisinde m\u00fc\u015fahede alt\u0131na al\u0131nd\u0131.<\/p>\n<p>Olayla ilgili soru\u015fturma s\u00fcr\u00fcyor.<\/p>\n","protected":false},"excerpt":{"rendered":"<p>Demirhan\u2019da Mustafa Kemal K\u0131br\u0131sl\u0131 Sokak \u00fczerinde meydana gelen trafik kazas\u0131nda, elektrikli scooter s\u00fcr\u00fcc\u00fcs\u00fc H.Y. (41) a\u011f\u0131r yaraland\u0131. Polis a\u00e7\u0131klamas\u0131na g\u00f6re, bat\u0131 istikametine do\u011fru seyreden H.Y., yol \u00fczerindeki kasisi ge\u00e7tikten sonra direksiyon hakimiyetini kaybederek yola d\u00fc\u015ft\u00fc. Kazada a\u011f\u0131r yaralanan s\u00fcr\u00fcc\u00fc, kald\u0131r\u0131ld\u0131\u011f\u0131 Lefko\u015fa Dr. Burhan Nalbano\u011flu Devlet Hastanesi\u2019nde kafatas\u0131 k\u0131r\u0131\u011f\u0131 ve beyin kanamas\u0131 te\u015fhisiyle yo\u011fun bak\u0131m servisinde [&hellip;]<\/p>\n","protected":false},"author":1,"featured_media":37729,"comment_status":"open","ping_status":"open","sticky":false,"template":"","format":"standard","meta":{"jnews-multi-image_gallery":[],"jnews_single_post":[],"jnews_primary_category":[],"jnews_social_meta":[],"jnews_override_counter":[],"footnotes":""},"categories":[1],"tags":[],"class_list":["post-37853","post","type-post","status-publish","format-standard","has-post-thumbnail","hentry","category-kibris"],"yoast_head":"<!-- This site is optimized with the Yoast SEO plugin v27.5 - https:\/\/yoast.com\/product\/yoast-seo-wordpress\/ -->\n<title>Demirhan\u2019da scooter kazas\u0131: 41 ya\u015f\u0131ndaki s\u00fcr\u00fcc\u00fc yo\u011fun bak\u0131mda - Kuzeyin Sesi<\/title>\n<meta name=\"robots\" content=\"index, follow, max-snippet:-1, max-image-preview:large, max-video-preview:-1\" \/>\n<link rel=\"canonical\" href=\"https:\/\/kuzeyinsesi.org\/index.php\/2026\/05\/02\/demirhanda-scooter-kazasi-41-yasindaki-surucu-yogun-bakimda\/\" \/>\n<meta property=\"og:locale\" content=\"tr_TR\" \/>\n<meta property=\"og:type\" content=\"article\" \/>\n<meta property=\"og:title\" content=\"Demirhan\u2019da scooter kazas\u0131: 41 ya\u015f\u0131ndaki s\u00fcr\u00fcc\u00fc yo\u011fun bak\u0131mda - Kuzeyin Sesi\" \/>\n<meta property=\"og:description\" content=\"Demirhan\u2019da Mustafa Kemal K\u0131br\u0131sl\u0131 Sokak \u00fczerinde meydana gelen trafik kazas\u0131nda, elektrikli scooter s\u00fcr\u00fcc\u00fcs\u00fc H.Y. (41) a\u011f\u0131r yaraland\u0131. Polis a\u00e7\u0131klamas\u0131na g\u00f6re, bat\u0131 istikametine do\u011fru seyreden H.Y., yol \u00fczerindeki kasisi ge\u00e7tikten sonra direksiyon hakimiyetini kaybederek yola d\u00fc\u015ft\u00fc. Kazada a\u011f\u0131r yaralanan s\u00fcr\u00fcc\u00fc, kald\u0131r\u0131ld\u0131\u011f\u0131 Lefko\u015fa Dr. Burhan Nalbano\u011flu Devlet Hastanesi\u2019nde kafatas\u0131 k\u0131r\u0131\u011f\u0131 ve beyin kanamas\u0131 te\u015fhisiyle yo\u011fun bak\u0131m servisinde [&hellip;]\" \/>\n<meta property=\"og:url\" content=\"https:\/\/kuzeyinsesi.org\/index.php\/2026\/05\/02\/demirhanda-scooter-kazasi-41-yasindaki-surucu-yogun-bakimda\/\" \/>\n<meta property=\"og:site_name\" content=\"Kuzeyin Sesi\" \/>\n<meta property=\"article:publisher\" content=\"https:\/\/www.facebook.com\/kuzeyinsesii\" \/>\n<meta property=\"article:published_time\" content=\"2026-05-02T06:29:28+00:00\" \/>\n<meta name=\"author\" content=\"Kuzeyin Sesi\" \/>\n<meta name=\"twitter:card\" content=\"summary_large_image\" \/>\n<meta name=\"twitter:creator\" content=\"@kuzeyinsesii\" \/>\n<meta name=\"twitter:site\" content=\"@kuzeyinsesii\" \/>\n<meta name=\"twitter:label1\" content=\"Yazan:\" \/>\n\t<meta name=\"twitter:data1\" content=\"Kuzeyin Sesi\" \/>\n<script type=\"application\/ld+json\" class=\"yoast-schema-graph\">{\"@context\":\"https:\\\/\\\/schema.org\",\"@graph\":[{\"@type\":\"Article\",\"@id\":\"https:\\\/\\\/kuzeyinsesi.org\\\/index.php\\\/2026\\\/05\\\/02\\\/demirhanda-scooter-kazasi-41-yasindaki-surucu-yogun-bakimda\\\/#article\",\"isPartOf\":{\"@id\":\"https:\\\/\\\/kuzeyinsesi.org\\\/index.php\\\/2026\\\/05\\\/02\\\/demirhanda-scooter-kazasi-41-yasindaki-surucu-yogun-bakimda\\\/\"},\"author\":{\"name\":\"Kuzeyin Sesi\",\"@id\":\"https:\\\/\\\/kuzeyinsesi.org\\\/#\\\/schema\\\/person\\\/9f859689cdf01485597712386e37f5aa\"},\"headline\":\"Demirhan\u2019da scooter kazas\u0131: 41 ya\u015f\u0131ndaki s\u00fcr\u00fcc\u00fc yo\u011fun bak\u0131mda\",\"datePublished\":\"2026-05-02T06:29:28+00:00\",\"mainEntityOfPage\":{\"@id\":\"https:\\\/\\\/kuzeyinsesi.org\\\/index.php\\\/2026\\\/05\\\/02\\\/demirhanda-scooter-kazasi-41-yasindaki-surucu-yogun-bakimda\\\/\"},\"wordCount\":108,\"commentCount\":0,\"image\":{\"@id\":\"https:\\\/\\\/kuzeyinsesi.org\\\/index.php\\\/2026\\\/05\\\/02\\\/demirhanda-scooter-kazasi-41-yasindaki-surucu-yogun-bakimda\\\/#primaryimage\"},\"thumbnailUrl\":\"https:\\\/\\\/kuzeyinsesi.org\\\/wp-content\\\/uploads\\\/2026\\\/04\\\/trafik-kazasi-1.webp\",\"articleSection\":[\"K\u0131br\u0131s\"],\"inLanguage\":\"tr\",\"potentialAction\":[{\"@type\":\"CommentAction\",\"name\":\"Comment\",\"target\":[\"https:\\\/\\\/kuzeyinsesi.org\\\/index.php\\\/2026\\\/05\\\/02\\\/demirhanda-scooter-kazasi-41-yasindaki-surucu-yogun-bakimda\\\/#respond\"]}]},{\"@type\":\"WebPage\",\"@id\":\"https:\\\/\\\/kuzeyinsesi.org\\\/index.php\\\/2026\\\/05\\\/02\\\/demirhanda-scooter-kazasi-41-yasindaki-surucu-yogun-bakimda\\\/\",\"url\":\"https:\\\/\\\/kuzeyinsesi.org\\\/index.php\\\/2026\\\/05\\\/02\\\/demirhanda-scooter-kazasi-41-yasindaki-surucu-yogun-bakimda\\\/\",\"name\":\"Demirhan\u2019da scooter kazas\u0131: 41 ya\u015f\u0131ndaki s\u00fcr\u00fcc\u00fc yo\u011fun bak\u0131mda - Kuzeyin Sesi\",\"isPartOf\":{\"@id\":\"https:\\\/\\\/kuzeyinsesi.org\\\/#website\"},\"primaryImageOfPage\":{\"@id\":\"https:\\\/\\\/kuzeyinsesi.org\\\/index.php\\\/2026\\\/05\\\/02\\\/demirhanda-scooter-kazasi-41-yasindaki-surucu-yogun-bakimda\\\/#primaryimage\"},\"image\":{\"@id\":\"https:\\\/\\\/kuzeyinsesi.org\\\/index.php\\\/2026\\\/05\\\/02\\\/demirhanda-scooter-kazasi-41-yasindaki-surucu-yogun-bakimda\\\/#primaryimage\"},\"thumbnailUrl\":\"https:\\\/\\\/kuzeyinsesi.org\\\/wp-content\\\/uploads\\\/2026\\\/04\\\/trafik-kazasi-1.webp\",\"datePublished\":\"2026-05-02T06:29:28+00:00\",\"author\":{\"@id\":\"https:\\\/\\\/kuzeyinsesi.org\\\/#\\\/schema\\\/person\\\/9f859689cdf01485597712386e37f5aa\"},\"breadcrumb\":{\"@id\":\"https:\\\/\\\/kuzeyinsesi.org\\\/index.php\\\/2026\\\/05\\\/02\\\/demirhanda-scooter-kazasi-41-yasindaki-surucu-yogun-bakimda\\\/#breadcrumb\"},\"inLanguage\":\"tr\",\"potentialAction\":[{\"@type\":\"ReadAction\",\"target\":[\"https:\\\/\\\/kuzeyinsesi.org\\\/index.php\\\/2026\\\/05\\\/02\\\/demirhanda-scooter-kazasi-41-yasindaki-surucu-yogun-bakimda\\\/\"]}]},{\"@type\":\"ImageObject\",\"inLanguage\":\"tr\",\"@id\":\"https:\\\/\\\/kuzeyinsesi.org\\\/index.php\\\/2026\\\/05\\\/02\\\/demirhanda-scooter-kazasi-41-yasindaki-surucu-yogun-bakimda\\\/#primaryimage\",\"url\":\"https:\\\/\\\/kuzeyinsesi.org\\\/wp-content\\\/uploads\\\/2026\\\/04\\\/trafik-kazasi-1.webp\",\"contentUrl\":\"https:\\\/\\\/kuzeyinsesi.org\\\/wp-content\\\/uploads\\\/2026\\\/04\\\/trafik-kazasi-1.webp\",\"width\":1280,\"height\":720},{\"@type\":\"BreadcrumbList\",\"@id\":\"https:\\\/\\\/kuzeyinsesi.org\\\/index.php\\\/2026\\\/05\\\/02\\\/demirhanda-scooter-kazasi-41-yasindaki-surucu-yogun-bakimda\\\/#breadcrumb\",\"itemListElement\":[{\"@type\":\"ListItem\",\"position\":1,\"name\":\"Anasayfa\",\"item\":\"https:\\\/\\\/kuzeyinsesi.org\\\/\"},{\"@type\":\"ListItem\",\"position\":2,\"name\":\"Demirhan\u2019da scooter kazas\u0131: 41 ya\u015f\u0131ndaki s\u00fcr\u00fcc\u00fc yo\u011fun bak\u0131mda\"}]},{\"@type\":\"WebSite\",\"@id\":\"https:\\\/\\\/kuzeyinsesi.org\\\/#website\",\"url\":\"https:\\\/\\\/kuzeyinsesi.org\\\/\",\"name\":\"Kuzeyin Sesi\",\"description\":\"Do\u011fru Haberin Adresi\",\"potentialAction\":[{\"@type\":\"SearchAction\",\"target\":{\"@type\":\"EntryPoint\",\"urlTemplate\":\"https:\\\/\\\/kuzeyinsesi.org\\\/?s={search_term_string}\"},\"query-input\":{\"@type\":\"PropertyValueSpecification\",\"valueRequired\":true,\"valueName\":\"search_term_string\"}}],\"inLanguage\":\"tr\"},{\"@type\":\"Person\",\"@id\":\"https:\\\/\\\/kuzeyinsesi.org\\\/#\\\/schema\\\/person\\\/9f859689cdf01485597712386e37f5aa\",\"name\":\"Kuzeyin Sesi\",\"image\":{\"@type\":\"ImageObject\",\"inLanguage\":\"tr\",\"@id\":\"https:\\\/\\\/secure.gravatar.com\\\/avatar\\\/bab33852abfd8b282518d6ed81826833d77c3c882d9ab608add591ccace47a44?s=96&d=mm&r=g\",\"url\":\"https:\\\/\\\/secure.gravatar.com\\\/avatar\\\/bab33852abfd8b282518d6ed81826833d77c3c882d9ab608add591ccace47a44?s=96&d=mm&r=g\",\"contentUrl\":\"https:\\\/\\\/secure.gravatar.com\\\/avatar\\\/bab33852abfd8b282518d6ed81826833d77c3c882d9ab608add591ccace47a44?s=96&d=mm&r=g\",\"caption\":\"Kuzeyin Sesi\"},\"sameAs\":[\"https:\\\/\\\/kuzeyinsesi.org\"],\"url\":\"https:\\\/\\\/kuzeyinsesi.org\\\/index.php\\\/author\\\/guven\\\/\"}]}<\/script>\n<!-- \/ Yoast SEO plugin. -->","yoast_head_json":{"title":"Demirhan\u2019da scooter kazas\u0131: 41 ya\u015f\u0131ndaki s\u00fcr\u00fcc\u00fc yo\u011fun bak\u0131mda - Kuzeyin Sesi","robots":{"index":"index","follow":"follow","max-snippet":"max-snippet:-1","max-image-preview":"max-image-preview:large","max-video-preview":"max-video-preview:-1"},"canonical":"https:\/\/kuzeyinsesi.org\/index.php\/2026\/05\/02\/demirhanda-scooter-kazasi-41-yasindaki-surucu-yogun-bakimda\/","og_locale":"tr_TR","og_type":"article","og_title":"Demirhan\u2019da scooter kazas\u0131: 41 ya\u015f\u0131ndaki s\u00fcr\u00fcc\u00fc yo\u011fun bak\u0131mda - Kuzeyin Sesi","og_description":"Demirhan\u2019da Mustafa Kemal K\u0131br\u0131sl\u0131 Sokak \u00fczerinde meydana gelen trafik kazas\u0131nda, elektrikli scooter s\u00fcr\u00fcc\u00fcs\u00fc H.Y. (41) a\u011f\u0131r yaraland\u0131. Polis a\u00e7\u0131klamas\u0131na g\u00f6re, bat\u0131 istikametine do\u011fru seyreden H.Y., yol \u00fczerindeki kasisi ge\u00e7tikten sonra direksiyon hakimiyetini kaybederek yola d\u00fc\u015ft\u00fc. Kazada a\u011f\u0131r yaralanan s\u00fcr\u00fcc\u00fc, kald\u0131r\u0131ld\u0131\u011f\u0131 Lefko\u015fa Dr. Burhan Nalbano\u011flu Devlet Hastanesi\u2019nde kafatas\u0131 k\u0131r\u0131\u011f\u0131 ve beyin kanamas\u0131 te\u015fhisiyle yo\u011fun bak\u0131m servisinde [&hellip;]","og_url":"https:\/\/kuzeyinsesi.org\/index.php\/2026\/05\/02\/demirhanda-scooter-kazasi-41-yasindaki-surucu-yogun-bakimda\/","og_site_name":"Kuzeyin Sesi","article_publisher":"https:\/\/www.facebook.com\/kuzeyinsesii","article_published_time":"2026-05-02T06:29:28+00:00","author":"Kuzeyin Sesi","twitter_card":"summary_large_image","twitter_creator":"@kuzeyinsesii","twitter_site":"@kuzeyinsesii","twitter_misc":{"Yazan:":"Kuzeyin Sesi"},"schema":{"@context":"https:\/\/schema.org","@graph":[{"@type":"Article","@id":"https:\/\/kuzeyinsesi.org\/index.php\/2026\/05\/02\/demirhanda-scooter-kazasi-41-yasindaki-surucu-yogun-bakimda\/#article","isPartOf":{"@id":"https:\/\/kuzeyinsesi.org\/index.php\/2026\/05\/02\/demirhanda-scooter-kazasi-41-yasindaki-surucu-yogun-bakimda\/"},"author":{"name":"Kuzeyin Sesi","@id":"https:\/\/kuzeyinsesi.org\/#\/schema\/person\/9f859689cdf01485597712386e37f5aa"},"headline":"Demirhan\u2019da scooter kazas\u0131: 41 ya\u015f\u0131ndaki s\u00fcr\u00fcc\u00fc yo\u011fun bak\u0131mda","datePublished":"2026-05-02T06:29:28+00:00","mainEntityOfPage":{"@id":"https:\/\/kuzeyinsesi.org\/index.php\/2026\/05\/02\/demirhanda-scooter-kazasi-41-yasindaki-surucu-yogun-bakimda\/"},"wordCount":108,"commentCount":0,"image":{"@id":"https:\/\/kuzeyinsesi.org\/index.php\/2026\/05\/02\/demirhanda-scooter-kazasi-41-yasindaki-surucu-yogun-bakimda\/#primaryimage"},"thumbnailUrl":"https:\/\/kuzeyinsesi.org\/wp-content\/uploads\/2026\/04\/trafik-kazasi-1.webp","articleSection":["K\u0131br\u0131s"],"inLanguage":"tr","potentialAction":[{"@type":"CommentAction","name":"Comment","target":["https:\/\/kuzeyinsesi.org\/index.php\/2026\/05\/02\/demirhanda-scooter-kazasi-41-yasindaki-surucu-yogun-bakimda\/#respond"]}]},{"@type":"WebPage","@id":"https:\/\/kuzeyinsesi.org\/index.php\/2026\/05\/02\/demirhanda-scooter-kazasi-41-yasindaki-surucu-yogun-bakimda\/","url":"https:\/\/kuzeyinsesi.org\/index.php\/2026\/05\/02\/demirhanda-scooter-kazasi-41-yasindaki-surucu-yogun-bakimda\/","name":"Demirhan\u2019da scooter kazas\u0131: 41 ya\u015f\u0131ndaki s\u00fcr\u00fcc\u00fc yo\u011fun bak\u0131mda - Kuzeyin Sesi","isPartOf":{"@id":"https:\/\/kuzeyinsesi.org\/#website"},"primaryImageOfPage":{"@id":"https:\/\/kuzeyinsesi.org\/index.php\/2026\/05\/02\/demirhanda-scooter-kazasi-41-yasindaki-surucu-yogun-bakimda\/#primaryimage"},"image":{"@id":"https:\/\/kuzeyinsesi.org\/index.php\/2026\/05\/02\/demirhanda-scooter-kazasi-41-yasindaki-surucu-yogun-bakimda\/#primaryimage"},"thumbnailUrl":"https:\/\/kuzeyinsesi.org\/wp-content\/uploads\/2026\/04\/trafik-kazasi-1.webp","datePublished":"2026-05-02T06:29:28+00:00","author":{"@id":"https:\/\/kuzeyinsesi.org\/#\/schema\/person\/9f859689cdf01485597712386e37f5aa"},"breadcrumb":{"@id":"https:\/\/kuzeyinsesi.org\/index.php\/2026\/05\/02\/demirhanda-scooter-kazasi-41-yasindaki-surucu-yogun-bakimda\/#breadcrumb"},"inLanguage":"tr","potentialAction":[{"@type":"ReadAction","target":["https:\/\/kuzeyinsesi.org\/index.php\/2026\/05\/02\/demirhanda-scooter-kazasi-41-yasindaki-surucu-yogun-bakimda\/"]}]},{"@type":"ImageObject","inLanguage":"tr","@id":"https:\/\/kuzeyinsesi.org\/index.php\/2026\/05\/02\/demirhanda-scooter-kazasi-41-yasindaki-surucu-yogun-bakimda\/#primaryimage","url":"https:\/\/kuzeyinsesi.org\/wp-content\/uploads\/2026\/04\/trafik-kazasi-1.webp","contentUrl":"https:\/\/kuzeyinsesi.org\/wp-content\/uploads\/2026\/04\/trafik-kazasi-1.webp","width":1280,"height":720},{"@type":"BreadcrumbList","@id":"https:\/\/kuzeyinsesi.org\/index.php\/2026\/05\/02\/demirhanda-scooter-kazasi-41-yasindaki-surucu-yogun-bakimda\/#breadcrumb","itemListElement":[{"@type":"ListItem","position":1,"name":"Anasayfa","item":"https:\/\/kuzeyinsesi.org\/"},{"@type":"ListItem","position":2,"name":"Demirhan\u2019da scooter kazas\u0131: 41 ya\u015f\u0131ndaki s\u00fcr\u00fcc\u00fc yo\u011fun bak\u0131mda"}]},{"@type":"WebSite","@id":"https:\/\/kuzeyinsesi.org\/#website","url":"https:\/\/kuzeyinsesi.org\/","name":"Kuzeyin Sesi","description":"Do\u011fru Haberin Adresi","potentialAction":[{"@type":"SearchAction","target":{"@type":"EntryPoint","urlTemplate":"https:\/\/kuzeyinsesi.org\/?s={search_term_string}"},"query-input":{"@type":"PropertyValueSpecification","valueRequired":true,"valueName":"search_term_string"}}],"inLanguage":"tr"},{"@type":"Person","@id":"https:\/\/kuzeyinsesi.org\/#\/schema\/person\/9f859689cdf01485597712386e37f5aa","name":"Kuzeyin Sesi","image":{"@type":"ImageObject","inLanguage":"tr","@id":"https:\/\/secure.gravatar.com\/avatar\/bab33852abfd8b282518d6ed81826833d77c3c882d9ab608add591ccace47a44?s=96&d=mm&r=g","url":"https:\/\/secure.gravatar.com\/avatar\/bab33852abfd8b282518d6ed81826833d77c3c882d9ab608add591ccace47a44?s=96&d=mm&r=g","contentUrl":"https:\/\/secure.gravatar.com\/avatar\/bab33852abfd8b282518d6ed81826833d77c3c882d9ab608add591ccace47a44?s=96&d=mm&r=g","caption":"Kuzeyin Sesi"},"sameAs":["https:\/\/kuzeyinsesi.org"],"url":"https:\/\/kuzeyinsesi.org\/index.php\/author\/guven\/"}]}},"_links":{"self":[{"href":"https:\/\/kuzeyinsesi.org\/index.php\/wp-json\/wp\/v2\/posts\/37853","targetHints":{"allow":["GET"]}}],"collection":[{"href":"https:\/\/kuzeyinsesi.org\/index.php\/wp-json\/wp\/v2\/posts"}],"about":[{"href":"https:\/\/kuzeyinsesi.org\/index.php\/wp-json\/wp\/v2\/types\/post"}],"author":[{"embeddable":true,"href":"https:\/\/kuzeyinsesi.org\/index.php\/wp-json\/wp\/v2\/users\/1"}],"replies":[{"embeddable":true,"href":"https:\/\/kuzeyinsesi.org\/index.php\/wp-json\/wp\/v2\/comments?post=37853"}],"version-history":[{"count":0,"href":"https:\/\/kuzeyinsesi.org\/index.php\/wp-json\/wp\/v2\/posts\/37853\/revisions"}],"wp:featuredmedia":[{"embeddable":true,"href":"https:\/\/kuzeyinsesi.org\/index.php\/wp-json\/wp\/v2\/media\/37729"}],"wp:attachment":[{"href":"https:\/\/kuzeyinsesi.org\/index.php\/wp-json\/wp\/v2\/media?parent=37853"}],"wp:term":[{"taxonomy":"category","embeddable":true,"href":"https:\/\/kuzeyinsesi.org\/index.php\/wp-json\/wp\/v2\/categories?post=37853"},{"taxonomy":"post_tag","embeddable":true,"href":"https:\/\/kuzeyinsesi.org\/index.php\/wp-json\/wp\/v2\/tags?post=37853"}],"curies":[{"name":"wp","href":"https:\/\/api.w.org\/{rel}","templated":true}]}}