{"id":37848,"date":"2026-05-02T08:52:26","date_gmt":"2026-05-02T05:52:26","guid":{"rendered":"https:\/\/kuzeyinsesi.org\/index.php\/2026\/05\/02\/basvursunlar-izin-verelim\/"},"modified":"2026-05-02T08:52:26","modified_gmt":"2026-05-02T05:52:26","slug":"basvursunlar-izin-verelim","status":"publish","type":"post","link":"https:\/\/kuzeyinsesi.org\/index.php\/2026\/05\/02\/basvursunlar-izin-verelim\/","title":{"rendered":"\u201cBa\u015fvursunlar, izin verelim\u201d"},"content":{"rendered":"<p>Hayvan \u00fcreticileri ve kasaplar\u0131n KIBRIS arac\u0131l\u0131\u011f\u0131yla et ithali i\u00e7in \u201ckooperatif\u201d \u00f6nerisine Tar\u0131m Bakan\u0131 H\u00fcseyin \u00c7avu\u015f da s\u0131cak bakt\u0131. \u00c7avu\u015f, taraflara \u00e7a\u011fr\u0131da bulundu.<\/p>\n<p><strong>\u201cBiz anla\u015ft\u0131k, s\u0131ra devlette\u201d\u2026<\/strong> Hayvan \u00dcreticileri ve Yeti\u015ftiricileri Birli\u011fi Ba\u015fkan\u0131 Adil Onalt, \u2018ka\u00e7ak hayvan, ka\u00e7ak kesim ve ka\u00e7ak et\u2019 gibi sorunlar\u0131n kooperatif modeliyle ortadan kalkaca\u011f\u0131n\u0131 belirterek, \u201cBiz kendi aram\u0131zda anla\u015ft\u0131k, protokol\u00fc de yapt\u0131k. Uygulama i\u00e7in devletin ad\u0131m atmas\u0131 gerekiyor.\u201d dedi.<\/p>\n<p><strong>\u201cYaz\u0131l\u0131 ba\u015fvuru yaps\u0131nlar\u201d&#8230;<\/strong> Tar\u0131m Bakan\u0131 \u00c7avu\u015f, yap\u0131lan \u00e7al\u0131\u015fman\u0131n bas\u0131n yoluyla de\u011fil, h\u00fck\u00fcmete iletilmesi gerekti\u011fine dikkat \u00e7ekerek, \u201cE\u011fer Hayvanc\u0131lar Birli\u011fi bu konuda ithal ete onay veriyor ise, bunu yaz\u0131l\u0131 olarak bize getirsinler, ben izni verece\u011fim.\u201d \u00e7a\u011fr\u0131s\u0131nda bulundu.<\/p>\n<p><strong>Cemre CEMAL\u0130<\/strong><\/p>\n<p>KIBRIS Gazetesi\u2019nin kasaplar\u0131n \u015fikayetleriyle ilgili yapt\u0131\u011f\u0131 haberler sonras\u0131nda konu kamuoyunda geni\u015f yank\u0131 yaratt\u0131. Fiyatlar\u0131n a\u015f\u0131r\u0131 derecede pahal\u0131 olmans\u0131n \u00f6n\u00fcne ge\u00e7ilebilmesi ad\u0131na ithal et tart\u0131\u015fmas\u0131 yeniden g\u00fcndeme geldi. Ancak bu kez kasaplar ve hayvan \u00fcreticileri bu konuda anla\u015fma sa\u011flad\u0131.<\/p>\n<p>Sekt\u00f6r temsilcileri, i\u00e7 piyasadaki et ihtiyac\u0131n\u0131n \u00f6nemli bir b\u00f6l\u00fcm\u00fcn\u00fcn g\u00fcneyden ka\u00e7ak yollarla kar\u015f\u0131land\u0131\u011f\u0131 iddialar\u0131n\u0131 g\u00fcndeme getirirken, kasaplar ve hayvan \u00fcreticileri \u201ckooperatif modeli\u201d \u00fczerinde uzla\u015ft\u0131klar\u0131n\u0131 a\u00e7\u0131klayarak devletin bu konuda ad\u0131m atmas\u0131n\u0131 bekliyor.<\/p>\n<p>KIBRIS\u2019\u0131n hafta ba\u015f\u0131ndan bu yana g\u00fcndemde tuttu\u011fu et kriziyle ilgili tart\u0131\u015fmalar s\u00fcrerken, bu kez hem hayvan \u00fcreticileri cephesinden hem de Tar\u0131m ve Do\u011fal Kaynaklar Bakanl\u0131\u011f\u0131\u2019ndan yeni ve dikkat \u00e7eken a\u00e7\u0131klamalar geldi.<\/p>\n<p><strong>Bakan \u00c7avu\u015f: Arac\u0131ya ve randevuya gerek yok<\/strong><\/p>\n<p>Tar\u0131m ve Do\u011fal Kaynaklar Bakan\u0131 H\u00fcseyin \u00c7avu\u015f, hayvanc\u0131lar ve kasaplar\u0131n g\u00fcndeme getirdi\u011fi \u201ckooperatifle\u015fme modeliyle\u201d ilgili KIBRIS\u2019a a\u00e7\u0131klamalarda bulundu.<\/p>\n<p>\u201cKooperatif kurmalar\u0131 noktas\u0131nda herhangi bir engel yok. Ama gerek Hayvanc\u0131lar Birli\u011fi&#8217;nin gerekse de Kasaplar Birli\u011fi&#8217;nin bana iletmi\u015f oldu\u011fu herhangi bir randevu talebi yok\u201d diyen \u00c7avu\u015f, iki birli\u011fin de projelerini, y\u00f6ntemlerini ya da kooperatifin amac\u0131n\u0131 kendilerine iletmedi\u011fini s\u00f6yledi.<\/p>\n<p>Bu nedenle bakanl\u0131k olarak konuya dair bilgi sahibi olmad\u0131klar\u0131n\u0131 ifade eden \u00c7avu\u015f, \u201cSadece bundan iki ay \u00f6nce bas\u0131n arac\u0131l\u0131\u011f\u0131yla b\u00f6yle bir duyum ald\u0131k. Ama bize yapm\u0131\u015f olduklar\u0131 \u00e7al\u0131\u015fmalarla ilgili iki birlik taraf\u0131ndan da bir bilgi gelmedi.\u201d dedi.<\/p>\n<p><strong>\u201cDuyduklar\u0131ma \u015fa\u015f\u0131r\u0131yorum\u201d<\/strong><\/p>\n<p>Kasaplar Birli\u011fi Ba\u015fkan\u0131 Ra\u015fit \u015eenkaya\u2019n\u0131n \u00f6nceki g\u00fcn KIBRIS\u2019a yapt\u0131\u011f\u0131 a\u00e7\u0131klamada, hayvanc\u0131lar ve kasaplar olarak uzla\u015ft\u0131klar\u0131n\u0131 ve bunu Tar\u0131m Bakan\u0131\u2019na arac\u0131 sendikalarla ileterek randevu talep ettiklerini ancak bu f\u0131rsat\u0131n yarat\u0131lmad\u0131\u011f\u0131 s\u00f6ylemlerine de yan\u0131t veren \u00c7avu\u015f, s\u00f6z konusu iddiay\u0131 net bir dille reddetti.<\/p>\n<p>\u201cRandevu al\u0131nmas\u0131na bile gerek yok. 3 y\u0131ll\u0131k bakanl\u0131k g\u00f6revim i\u00e7erisinde her gelenle g\u00f6r\u00fc\u015ft\u00fck, toplant\u0131 yapt\u0131k. Bu konuyla ilgili arac\u0131ya da gerek yok, buras\u0131 onlar\u0131n evidir\u201d ifadelerini kullanan \u00c7avu\u015f, kap\u0131lar\u0131n\u0131n her zaman herkese a\u00e7\u0131k oldu\u011funu vurgulad\u0131.<\/p>\n<p>\u00c7avu\u015f, \u201cBu duyduklar\u0131ma \u015fa\u015f\u0131r\u0131yorum. Hayata ge\u00e7irmek istedikleri bir proje, bir d\u00fc\u015f\u00fcnce varsa, destek veya fikir birli\u011fi isteniyorsa neden bize gelmediler?\u201d diyerek, \u201crandevu istedik verilmedi\u201d \u015feklinde bir s\u00f6ylemin do\u011fru olmad\u0131\u011f\u0131n\u0131 belirtti.<\/p>\n<p>Sekreterli\u011fi \u00fczerinden de kontrol yapt\u0131rd\u0131\u011f\u0131n\u0131 ifade eden \u00c7avu\u015f, bakanl\u0131k kay\u0131tlar\u0131nda herhangi bir randevu talebinin de bulunmad\u0131\u011f\u0131n\u0131 yineledi.<\/p>\n<p><strong>\u201c2024\u2019te 60 ton ithal donmu\u015f et izni verildi\u201d<\/strong><\/p>\n<p>Bakanl\u0131k olarak sekt\u00f6re her zaman destek verdiklerini dile getiren \u00c7avu\u015f, 2024 y\u0131l\u0131nda hayata ge\u00e7irilen ithal buzlu et uygulamas\u0131n\u0131 \u00f6rnek g\u00f6sterdi:<\/p>\n<p>\u201cHi\u00e7 g\u00fcndemde yokken kendilerinin se\u00e7ip destek istedikleri bir modeli hayata ge\u00e7irdik. 60 ton kadar et getirdik ve navlun koyarak i\u00e7erideki kuzu fiyat\u0131na da destek verdik.\u201d<\/p>\n<p>Bakan \u00c7avu\u015f, o d\u00f6nemde sekt\u00f6r temsilcileriyle g\u00f6r\u00fc\u015ferek fikir al\u0131\u015fveri\u015finde bulunduklar\u0131n\u0131 ancak mevcut s\u00fcre\u00e7te kendisine ula\u015fan herhangi bir talep olmad\u0131\u011f\u0131n\u0131 s\u00f6yleyerek \u201cBenimle bir diyalog kurulmad\u0131\u011f\u0131 s\u00fcrece ben nas\u0131l bir katk\u0131 sa\u011flayabilirim?\u201d diye sordu.<\/p>\n<p><strong>\u201cKa\u00e7ak et oldu\u011funu d\u00fc\u015f\u00fcnm\u00fcyorum\u201d<\/strong><\/p>\n<p>\u0130\u00e7 piyasadaki ihtiyac\u0131n b\u00fcy\u00fck bir k\u0131sm\u0131n\u0131n \u201cka\u00e7ak olarak g\u00fcneyden sa\u011fland\u0131\u011f\u0131\u201d iddialar\u0131na da de\u011finen \u00c7avu\u015f, bu s\u00f6ylemlere kat\u0131lmad\u0131\u011f\u0131n\u0131 belirterek, \u201cKa\u00e7ak et konusunda ben b\u00f6yle bir durum oldu\u011funu d\u00fc\u015f\u00fcnm\u00fcyorum. E\u011fer olsayd\u0131 et fiyatlar\u0131 bu noktaya gelmezdi\u201d dedi.<\/p>\n<p>Mezbaha verileri \u00fczerinden yap\u0131lan \u201c\u00fclke ihtiyac\u0131n\u0131n ancak \u00fc\u00e7te biri kar\u015f\u0131lanabiliyor\u201d y\u00f6n\u00fcndeki de\u011ferlendirmelere de kar\u015f\u0131 \u00e7\u0131kan \u00c7avu\u015f, resmi verilerin farkl\u0131 bir tablo ortaya koydu\u011funu s\u00f6yledi.<\/p>\n<p>Bakan \u00c7avu\u015f, \u201cYap\u0131lan yorumun veriye dayal\u0131 oldu\u011funu d\u00fc\u015f\u00fcnm\u00fcyorum. 2024, 2025 ve 2026\u2019da \u015fimdiye kadar ger\u00e7ekle\u015fen mezbaha verilerine bakt\u0131\u011f\u0131m\u0131z zaman artarak yukar\u0131 do\u011fru \u00e7\u0131kan bir kesim g\u00f6r\u00fcyoruz.\u201d dedi.<\/p>\n<p>\u00d6zellikle Ramazan ve Kurban Bayram\u0131 gibi belirli d\u00f6nemlerde et talebinin artt\u0131\u011f\u0131n\u0131 hat\u0131rlatan \u00c7avu\u015f, \u201cKasaplar et fiyat\u0131n\u0131 y\u00fcksek tutma noktas\u0131nda hareket etti\u011fi s\u00fcrece elbette fiyatlar yukar\u0131 do\u011fru seyir g\u00f6sterecektir.\u201d ifadelerini kulland\u0131.<\/p>\n<p>Sekt\u00f6r temsilcilerine de sorular y\u00f6nelten Bakan \u00c7avu\u015f, \u201cYeterli hayvan yoksa bunu a\u00e7\u0131k\u00e7a s\u00f6yleyebiliyorlar m\u0131? E\u011fer yeterli hayvan varsa fiyatlar neden y\u00fckseliyor?\u201d diyerek etteki fiyat farkl\u0131l\u0131klar\u0131na dikkat \u00e7ekti.<\/p>\n<p><strong>\u201cBas\u0131ndan bas\u0131na de\u011fil, h\u00fck\u00fcmetle g\u00f6r\u00fc\u015f\u00fclmeli\u201d<\/strong><\/p>\n<p>\u00c7avu\u015f, haz\u0131rlanan bir \u00e7al\u0131\u015fma varsa bunun ilgili bakanl\u0131klara sunulmas\u0131 gerekti\u011fini belirterek, \u201c\u0130\u00e7eri\u011fini bilmedi\u011fimiz bir \u00e7al\u0131\u015fma hakk\u0131nda bas\u0131ndan bas\u0131na de\u011fil, h\u00fck\u00fcmetin ilgili t\u00fcm bakanl\u0131klar\u0131yla g\u00f6r\u00fc\u015f\u00fclmelidir\u201d dedi.<\/p>\n<p>\u0130thal et taleplerine de de\u011finen \u00c7avu\u015f, iki birli\u011fe \u201cE\u011fer Hayvanc\u0131lar Birli\u011fi bu konuda ithal ete onay veriyor ise, bunu yaz\u0131l\u0131 olarak bize getirsinler, ben izni verece\u011fim.\u201d \u00e7a\u011fr\u0131s\u0131nda bulundu.<\/p>\n<p>Bakan \u00c7avu\u015f, son veriler \u00fczerinden de mezbaha \u00e7\u0131k\u0131\u015flar\u0131nda d\u00fc\u015f\u00fc\u015f de\u011fil art\u0131\u015f oldu\u011funu belirterek, \u201c\u0130ki y\u0131lda ana\u00e7 k\u00fc\u00e7\u00fckba\u015f say\u0131s\u0131nda 50 bin art\u0131\u015f ya\u015fand\u0131. Bu da ayda 4 bin 500 kuzu fazladan mezbahaya gidiyor demektir\u201d dedi.<\/p>\n<p><strong>\u201cYaz\u0131l\u0131 olarak bildirsinler\u201d<\/strong><\/p>\n<p>Ama\u00e7lar\u0131n\u0131n vatanda\u015f\u0131n ete daha uygun fiyatla ula\u015fmas\u0131 oldu\u011funu vurgulayan \u00c7avu\u015f, \u015funlar\u0131 s\u00f6yledi:<\/p>\n<p>\u201c\u0130thal etin gerek kooperatif gerekse Toprak \u00dcr\u00fcnleri Kurumu (T\u00dcK) \u00fczerinde getirilmesi \u00e7al\u0131\u015f\u0131labilir. \u00d6nemli olan iki taraf \u2018Bu \u00fclkede eti kar\u015f\u0131layam\u0131yoruz, a\u00e7\u0131\u011f\u0131m\u0131z var ve ithal ete onay veriyoruz\u2019 diyorsa, yaz\u0131l\u0131 olarak gelsinler. Biz bununla ilgili \u00e7al\u0131\u015fmaya ve izni vermeye haz\u0131r\u0131z.\u201d<\/p>\n<p>Hayvan \u00dcreticileri ve Yeti\u015ftiricileri Birli\u011fi Ba\u015fkan\u0131 Adil Onalt, et krizine kal\u0131c\u0131 \u00e7\u00f6z\u00fcm \u00fcretmek amac\u0131yla kooperatif modeli \u00fczerinde uzla\u015ft\u0131\u011f\u0131n\u0131 a\u00e7\u0131klad\u0131:<\/p>\n<p><strong>\u0130htiya\u00e7 oldu\u011funda ithalat ile desteklenecek<\/strong><\/p>\n<p>Hayvan \u00dcreticileri ve Yeti\u015ftiricileri Birli\u011fi Ba\u015fkan\u0131 Adil Onalt, \u00fclkede her y\u0131l tekrarlanan et krizine kal\u0131c\u0131 bir \u00e7\u00f6z\u00fcm \u00fcretmek amac\u0131yla kasaplar ve \u00fcreticilerin ortak bir model \u00fczerinde uzla\u015ft\u0131\u011f\u0131n\u0131 a\u00e7\u0131klad\u0131.<\/p>\n<p>Kasaplar\u0131n da hayvanc\u0131lar\u0131n da ma\u011fdur olmas\u0131n\u0131 istemediklerini vurgulayan Onalt, yakla\u015f\u0131k iki ay \u00f6nce K\u0131br\u0131s T\u00fcrk Elektrik Kurumu \u00c7al\u0131\u015fanlar\u0131 Sendikas\u0131 (EL-SEN), Belediye Emek\u00e7ileri Sendikas\u0131 (BES) ve K\u0131br\u0131s T\u00fcrk \u00d6\u011fretmenler Sendikas\u0131\u2019n\u0131n (KT\u00d6S) da arac\u0131 oldu\u011fu geni\u015f kat\u0131l\u0131ml\u0131 bir toplant\u0131 ger\u00e7ekle\u015ftirdiklerini belirtti.<\/p>\n<p>Onalt, yapt\u0131klar\u0131 bu g\u00f6r\u00fc\u015fmeler sonucunda, halk\u0131n daha eri\u015filebilir fiyatlarla ete ula\u015fabilmesini hedefleyen \u201ckooperatifle\u015fme modeli\u201d fikrinin geli\u015ftirildi\u011fini a\u00e7\u0131klayarak kurulmas\u0131 planlanan sistemde payda\u015flar\u0131n daha \u00e7ok g\u00f6zlemci rol \u00fcstlenece\u011fini ifade etti.<\/p>\n<p>Model kapsam\u0131nda veteriner, g\u0131da m\u00fchendisi ve s\u00fcreci y\u00f6netecek profesyonel bir y\u00f6netim yap\u0131s\u0131n\u0131n bulunaca\u011f\u0131n\u0131 dile getiren Onalt, \u201c\u0130htiya\u00e7 oldu\u011funda ithalat ile de desteklenecek. Bu, g\u00fcn\u00fcn ko\u015fullar\u0131na g\u00f6re ithal et ile de ithal hayvanla da olabilir. Besilik hayvan ithalat\u0131 da se\u00e7enekler aras\u0131nda\u201d dedi.<\/p>\n<p>Onalt, t\u00fcm yetkinin kooperatifte olaca\u011f\u0131n\u0131 vurgulayarak, model \u00e7er\u00e7evesinde \u00fclkede kay\u0131tl\u0131 11 mezbahadan aktif olan 9\u2019unun say\u0131s\u0131n\u0131n 2\u2019ye d\u00fc\u015f\u00fcr\u00fclmesini talep ettiklerini belirtti.<\/p>\n<p>Mevcut yap\u0131n\u0131n denetim a\u00e7\u0131s\u0131ndan yetersiz kald\u0131\u011f\u0131n\u0131 savunan Onalt, bu d\u00fczenlemenin hem halk sa\u011fl\u0131\u011f\u0131 hem de g\u0131da g\u00fcvenli\u011fi a\u00e7\u0131s\u0131ndan kritik \u00f6nemde oldu\u011funu ifade etti.<\/p>\n<p>Onalt, bu modelde canl\u0131 hayvan\u0131n toplanmas\u0131ndan kesimine ve karkas et olarak kasaplara da\u011f\u0131t\u0131m\u0131na kadar t\u00fcm s\u00fcrecin kooperatif taraf\u0131ndan y\u00fcr\u00fct\u00fclece\u011fini s\u00f6yledi.<\/p>\n<p>Canl\u0131 hayvan fiyatlar\u0131n\u0131n da g\u00fcn\u00fcn ko\u015fullar\u0131na g\u00f6re belirlenece\u011fini, a\u015f\u0131r\u0131 dalgalanma olmad\u0131\u011f\u0131 s\u00fcrece alt\u0131 ayda bir g\u00fcncellenece\u011fini kaydeden Onalt, al\u0131\u015f ve sat\u0131\u015f fiyatlar\u0131n\u0131n net bi\u00e7imde ortaya konaca\u011f\u0131 kapsaml\u0131 bir sistem hedeflediklerini dile getirdi.<\/p>\n<p><strong>\u201cBiz aram\u0131zda anla\u015ft\u0131k, devlet ad\u0131m ats\u0131n\u201d<\/strong><\/p>\n<p>\u2018Ka\u00e7ak hayvan, ka\u00e7ak kesim ve ka\u00e7ak et\u2019 gibi sorunlar\u0131n da bu modelle ortadan kald\u0131r\u0131labilece\u011fini belirten Onalt, s\u00f6zlerine \u015f\u00f6yle devam etti:<\/p>\n<p>\u201cBiz kendi aram\u0131zda anla\u015ft\u0131k, protokol\u00fc de yapt\u0131k. Uygulama i\u00e7in devletin ad\u0131m atmas\u0131 gerekiyor. Devlet bize \u2018mezbaha say\u0131s\u0131n\u0131 2\u2019ye \u00e7ekiyorum\u2019 diyecek. Kooperatife yetki verecek, canl\u0131 hayvanlar\u0131n toplamas\u0131n\u0131 ve karkas olarak kasaplara da\u011f\u0131t\u0131m\u0131n\u0131n kooperatif \u00fczerinden yap\u0131lmas\u0131na onay verecek.\u201d<\/p>\n<p>Onalt, fiyat denetimlerinin \u201cserbest piyasa\u201d gerek\u00e7esiyle yeterince yap\u0131lmad\u0131\u011f\u0131n\u0131 savunarak \u00f6nerdikleri modelde kooperatifin hem kasaplar\u0131 hem de \u00fcreticileri denetleyecek profesyonel bir yap\u0131ya sahip olaca\u011f\u0131n\u0131 belirtti.<\/p>\n<p>\u00c7al\u0131\u015fmalar\u0131n\u0131 tamamlad\u0131klar\u0131n\u0131 ve modeli anlatmak i\u00e7in Ba\u015fbakan\u2019dan randevu talep ettiklerini ancak iki ayd\u0131r geri d\u00f6n\u00fc\u015f alamad\u0131klar\u0131n\u0131 dile getiren Onalt, randevu s\u00fcrecinin de hen\u00fcz sonu\u00e7lanmad\u0131\u011f\u0131n\u0131 s\u00f6yledi.<\/p>\n<p>Onalt, hayvanc\u0131larla kasaplar aras\u0131nda bir sorun olmad\u0131\u011f\u0131n\u0131, as\u0131l t\u0131kanman\u0131n devlet taraf\u0131nda ya\u015fand\u0131\u011f\u0131n\u0131 ifade ederek sekt\u00f6rde ayl\u0131k 500-600 milyon TL b\u00fcy\u00fckl\u00fc\u011f\u00fcnde bir ekonomik hacim bulundu\u011funa dikkat \u00e7ekti.<\/p>\n<p>Sistemin kurulmas\u0131 halinde bu kayna\u011f\u0131n g\u00fcneye kaymas\u0131n\u0131n \u00f6nlenebilece\u011fine i\u015faret eden Onalt, et sorununun \u00e7\u00f6z\u00fclebilece\u011fini ve hayvanc\u0131l\u0131\u011f\u0131n s\u00fcrd\u00fcr\u00fclebilir hale gelece\u011fini belirtti.<\/p>\n<p><strong>\u201cOrtak noktam\u0131z halk\u201d<\/strong><\/p>\n<p>Onalt, kasaplar\u0131n farkl\u0131 maliyet kalemleri bulundu\u011funu hat\u0131rlatarak i\u015f\u00e7ilik ve kira gibi giderlerin fiyatlar\u0131 do\u011frudan etkiledi\u011fini s\u00f6yledi.<\/p>\n<p>Sosyal devlet anlay\u0131\u015f\u0131 \u00e7er\u00e7evesinde kooperatifin bir t\u00fcr denge mekanizmas\u0131, adeta bir \u201cborsa\u201d i\u015flevi g\u00f6rebilece\u011fini ifade ederek, fiyatlar\u0131n y\u00fckselmesi durumunda \u00fcretici ya da kooperatifin desteklenmesiyle piyasan\u0131n dengelenebilece\u011fini kaydetti.<\/p>\n<p>\u201cHem hayvanc\u0131n\u0131n hem kasab\u0131n ortak noktas\u0131 halkt\u0131r\u201d diyen Onalt, t\u00fcketim olmad\u0131\u011f\u0131 s\u00fcrece \u00fcretimin de sat\u0131\u015f\u0131n da m\u00fcmk\u00fcn olmayaca\u011f\u0131n\u0131 vurgulad\u0131.<\/p>\n<p>Artan maliyetlerin pahal\u0131l\u0131\u011f\u0131 ka\u00e7\u0131n\u0131lmaz hale getirdi\u011fini belirten Onalt, devletin \u201cnet bir politika\u201d ortaya koymamas\u0131n\u0131n sekt\u00f6r\u00fc bu noktaya ta\u015f\u0131d\u0131\u011f\u0131n\u0131 s\u00f6yledi.<\/p>\n<p>Onalt, kooperatiflerin mevcut yap\u0131da Ba\u015fbakanl\u0131\u011fa ba\u011fl\u0131 Kooperatif \u015eirketler Mukayyitli\u011fi\u2019ne ba\u011fl\u0131 oldu\u011funu ancak bu kooperatif yap\u0131s\u0131n\u0131n siyasetten ba\u011f\u0131ms\u0131z olmas\u0131 gerekti\u011fine dikkat \u00e7ekerek \u201cSiyasi m\u00fcdahalelere a\u00e7\u0131k bir yap\u0131 s\u00fcrd\u00fcr\u00fclebilir olmaz. Bu nedenle daha ba\u011f\u0131ms\u0131z, gerekirse \u015firketle\u015fmi\u015f bir kooperatif modeli \u00fczerinde de duruyoruz\u201d dedi.<\/p>\n","protected":false},"excerpt":{"rendered":"<p>Hayvan \u00fcreticileri ve kasaplar\u0131n KIBRIS arac\u0131l\u0131\u011f\u0131yla et ithali i\u00e7in \u201ckooperatif\u201d \u00f6nerisine Tar\u0131m Bakan\u0131 H\u00fcseyin \u00c7avu\u015f da s\u0131cak bakt\u0131. \u00c7avu\u015f, taraflara \u00e7a\u011fr\u0131da bulundu. \u201cBiz anla\u015ft\u0131k, s\u0131ra devlette\u201d\u2026 Hayvan \u00dcreticileri ve Yeti\u015ftiricileri Birli\u011fi Ba\u015fkan\u0131 Adil Onalt, \u2018ka\u00e7ak hayvan, ka\u00e7ak kesim ve ka\u00e7ak et\u2019 gibi sorunlar\u0131n kooperatif modeliyle ortadan kalkaca\u011f\u0131n\u0131 belirterek, \u201cBiz kendi aram\u0131zda anla\u015ft\u0131k, protokol\u00fc de yapt\u0131k. [&hellip;]<\/p>\n","protected":false},"author":1,"featured_media":37849,"comment_status":"open","ping_status":"open","sticky":false,"template":"","format":"standard","meta":{"jnews-multi-image_gallery":[],"jnews_single_post":[],"jnews_primary_category":[],"jnews_social_meta":[],"jnews_override_counter":[],"footnotes":""},"categories":[1],"tags":[],"class_list":["post-37848","post","type-post","status-publish","format-standard","has-post-thumbnail","hentry","category-kibris"],"yoast_head":"<!-- This site is optimized with the Yoast SEO plugin v27.5 - https:\/\/yoast.com\/product\/yoast-seo-wordpress\/ -->\n<title>\u201cBa\u015fvursunlar, izin verelim\u201d - Kuzeyin Sesi<\/title>\n<meta name=\"robots\" content=\"index, follow, max-snippet:-1, max-image-preview:large, max-video-preview:-1\" \/>\n<link rel=\"canonical\" href=\"https:\/\/kuzeyinsesi.org\/index.php\/2026\/05\/02\/basvursunlar-izin-verelim\/\" \/>\n<meta property=\"og:locale\" content=\"tr_TR\" \/>\n<meta property=\"og:type\" content=\"article\" \/>\n<meta property=\"og:title\" content=\"\u201cBa\u015fvursunlar, izin verelim\u201d - Kuzeyin Sesi\" \/>\n<meta property=\"og:description\" content=\"Hayvan \u00fcreticileri ve kasaplar\u0131n KIBRIS arac\u0131l\u0131\u011f\u0131yla et ithali i\u00e7in \u201ckooperatif\u201d \u00f6nerisine Tar\u0131m Bakan\u0131 H\u00fcseyin \u00c7avu\u015f da s\u0131cak bakt\u0131. \u00c7avu\u015f, taraflara \u00e7a\u011fr\u0131da bulundu. \u201cBiz anla\u015ft\u0131k, s\u0131ra devlette\u201d\u2026 Hayvan \u00dcreticileri ve Yeti\u015ftiricileri Birli\u011fi Ba\u015fkan\u0131 Adil Onalt, \u2018ka\u00e7ak hayvan, ka\u00e7ak kesim ve ka\u00e7ak et\u2019 gibi sorunlar\u0131n kooperatif modeliyle ortadan kalkaca\u011f\u0131n\u0131 belirterek, \u201cBiz kendi aram\u0131zda anla\u015ft\u0131k, protokol\u00fc de yapt\u0131k. [&hellip;]\" \/>\n<meta property=\"og:url\" content=\"https:\/\/kuzeyinsesi.org\/index.php\/2026\/05\/02\/basvursunlar-izin-verelim\/\" \/>\n<meta property=\"og:site_name\" content=\"Kuzeyin Sesi\" \/>\n<meta property=\"article:publisher\" content=\"https:\/\/www.facebook.com\/kuzeyinsesii\" \/>\n<meta property=\"article:published_time\" content=\"2026-05-02T05:52:26+00:00\" \/>\n<meta name=\"author\" content=\"Kuzeyin Sesi\" \/>\n<meta name=\"twitter:card\" content=\"summary_large_image\" \/>\n<meta name=\"twitter:creator\" content=\"@kuzeyinsesii\" \/>\n<meta name=\"twitter:site\" content=\"@kuzeyinsesii\" \/>\n<meta name=\"twitter:label1\" content=\"Yazan:\" \/>\n\t<meta name=\"twitter:data1\" content=\"Kuzeyin Sesi\" \/>\n\t<meta name=\"twitter:label2\" content=\"Tahmini okuma s\u00fcresi\" \/>\n\t<meta name=\"twitter:data2\" content=\"10 dakika\" \/>\n<script type=\"application\/ld+json\" class=\"yoast-schema-graph\">{\"@context\":\"https:\\\/\\\/schema.org\",\"@graph\":[{\"@type\":\"Article\",\"@id\":\"https:\\\/\\\/kuzeyinsesi.org\\\/index.php\\\/2026\\\/05\\\/02\\\/basvursunlar-izin-verelim\\\/#article\",\"isPartOf\":{\"@id\":\"https:\\\/\\\/kuzeyinsesi.org\\\/index.php\\\/2026\\\/05\\\/02\\\/basvursunlar-izin-verelim\\\/\"},\"author\":{\"name\":\"Kuzeyin Sesi\",\"@id\":\"https:\\\/\\\/kuzeyinsesi.org\\\/#\\\/schema\\\/person\\\/9f859689cdf01485597712386e37f5aa\"},\"headline\":\"\u201cBa\u015fvursunlar, izin verelim\u201d\",\"datePublished\":\"2026-05-02T05:52:26+00:00\",\"mainEntityOfPage\":{\"@id\":\"https:\\\/\\\/kuzeyinsesi.org\\\/index.php\\\/2026\\\/05\\\/02\\\/basvursunlar-izin-verelim\\\/\"},\"wordCount\":1926,\"commentCount\":0,\"image\":{\"@id\":\"https:\\\/\\\/kuzeyinsesi.org\\\/index.php\\\/2026\\\/05\\\/02\\\/basvursunlar-izin-verelim\\\/#primaryimage\"},\"thumbnailUrl\":\"https:\\\/\\\/kuzeyinsesi.org\\\/wp-content\\\/uploads\\\/2026\\\/05\\\/ESKI.jpg\",\"articleSection\":[\"K\u0131br\u0131s\"],\"inLanguage\":\"tr\",\"potentialAction\":[{\"@type\":\"CommentAction\",\"name\":\"Comment\",\"target\":[\"https:\\\/\\\/kuzeyinsesi.org\\\/index.php\\\/2026\\\/05\\\/02\\\/basvursunlar-izin-verelim\\\/#respond\"]}]},{\"@type\":\"WebPage\",\"@id\":\"https:\\\/\\\/kuzeyinsesi.org\\\/index.php\\\/2026\\\/05\\\/02\\\/basvursunlar-izin-verelim\\\/\",\"url\":\"https:\\\/\\\/kuzeyinsesi.org\\\/index.php\\\/2026\\\/05\\\/02\\\/basvursunlar-izin-verelim\\\/\",\"name\":\"\u201cBa\u015fvursunlar, izin verelim\u201d - Kuzeyin Sesi\",\"isPartOf\":{\"@id\":\"https:\\\/\\\/kuzeyinsesi.org\\\/#website\"},\"primaryImageOfPage\":{\"@id\":\"https:\\\/\\\/kuzeyinsesi.org\\\/index.php\\\/2026\\\/05\\\/02\\\/basvursunlar-izin-verelim\\\/#primaryimage\"},\"image\":{\"@id\":\"https:\\\/\\\/kuzeyinsesi.org\\\/index.php\\\/2026\\\/05\\\/02\\\/basvursunlar-izin-verelim\\\/#primaryimage\"},\"thumbnailUrl\":\"https:\\\/\\\/kuzeyinsesi.org\\\/wp-content\\\/uploads\\\/2026\\\/05\\\/ESKI.jpg\",\"datePublished\":\"2026-05-02T05:52:26+00:00\",\"author\":{\"@id\":\"https:\\\/\\\/kuzeyinsesi.org\\\/#\\\/schema\\\/person\\\/9f859689cdf01485597712386e37f5aa\"},\"breadcrumb\":{\"@id\":\"https:\\\/\\\/kuzeyinsesi.org\\\/index.php\\\/2026\\\/05\\\/02\\\/basvursunlar-izin-verelim\\\/#breadcrumb\"},\"inLanguage\":\"tr\",\"potentialAction\":[{\"@type\":\"ReadAction\",\"target\":[\"https:\\\/\\\/kuzeyinsesi.org\\\/index.php\\\/2026\\\/05\\\/02\\\/basvursunlar-izin-verelim\\\/\"]}]},{\"@type\":\"ImageObject\",\"inLanguage\":\"tr\",\"@id\":\"https:\\\/\\\/kuzeyinsesi.org\\\/index.php\\\/2026\\\/05\\\/02\\\/basvursunlar-izin-verelim\\\/#primaryimage\",\"url\":\"https:\\\/\\\/kuzeyinsesi.org\\\/wp-content\\\/uploads\\\/2026\\\/05\\\/ESKI.jpg\",\"contentUrl\":\"https:\\\/\\\/kuzeyinsesi.org\\\/wp-content\\\/uploads\\\/2026\\\/05\\\/ESKI.jpg\",\"width\":971,\"height\":551},{\"@type\":\"BreadcrumbList\",\"@id\":\"https:\\\/\\\/kuzeyinsesi.org\\\/index.php\\\/2026\\\/05\\\/02\\\/basvursunlar-izin-verelim\\\/#breadcrumb\",\"itemListElement\":[{\"@type\":\"ListItem\",\"position\":1,\"name\":\"Anasayfa\",\"item\":\"https:\\\/\\\/kuzeyinsesi.org\\\/\"},{\"@type\":\"ListItem\",\"position\":2,\"name\":\"\u201cBa\u015fvursunlar, izin verelim\u201d\"}]},{\"@type\":\"WebSite\",\"@id\":\"https:\\\/\\\/kuzeyinsesi.org\\\/#website\",\"url\":\"https:\\\/\\\/kuzeyinsesi.org\\\/\",\"name\":\"Kuzeyin Sesi\",\"description\":\"Do\u011fru Haberin Adresi\",\"potentialAction\":[{\"@type\":\"SearchAction\",\"target\":{\"@type\":\"EntryPoint\",\"urlTemplate\":\"https:\\\/\\\/kuzeyinsesi.org\\\/?s={search_term_string}\"},\"query-input\":{\"@type\":\"PropertyValueSpecification\",\"valueRequired\":true,\"valueName\":\"search_term_string\"}}],\"inLanguage\":\"tr\"},{\"@type\":\"Person\",\"@id\":\"https:\\\/\\\/kuzeyinsesi.org\\\/#\\\/schema\\\/person\\\/9f859689cdf01485597712386e37f5aa\",\"name\":\"Kuzeyin Sesi\",\"image\":{\"@type\":\"ImageObject\",\"inLanguage\":\"tr\",\"@id\":\"https:\\\/\\\/secure.gravatar.com\\\/avatar\\\/bab33852abfd8b282518d6ed81826833d77c3c882d9ab608add591ccace47a44?s=96&d=mm&r=g\",\"url\":\"https:\\\/\\\/secure.gravatar.com\\\/avatar\\\/bab33852abfd8b282518d6ed81826833d77c3c882d9ab608add591ccace47a44?s=96&d=mm&r=g\",\"contentUrl\":\"https:\\\/\\\/secure.gravatar.com\\\/avatar\\\/bab33852abfd8b282518d6ed81826833d77c3c882d9ab608add591ccace47a44?s=96&d=mm&r=g\",\"caption\":\"Kuzeyin Sesi\"},\"sameAs\":[\"https:\\\/\\\/kuzeyinsesi.org\"],\"url\":\"https:\\\/\\\/kuzeyinsesi.org\\\/index.php\\\/author\\\/guven\\\/\"}]}<\/script>\n<!-- \/ Yoast SEO plugin. -->","yoast_head_json":{"title":"\u201cBa\u015fvursunlar, izin verelim\u201d - Kuzeyin Sesi","robots":{"index":"index","follow":"follow","max-snippet":"max-snippet:-1","max-image-preview":"max-image-preview:large","max-video-preview":"max-video-preview:-1"},"canonical":"https:\/\/kuzeyinsesi.org\/index.php\/2026\/05\/02\/basvursunlar-izin-verelim\/","og_locale":"tr_TR","og_type":"article","og_title":"\u201cBa\u015fvursunlar, izin verelim\u201d - Kuzeyin Sesi","og_description":"Hayvan \u00fcreticileri ve kasaplar\u0131n KIBRIS arac\u0131l\u0131\u011f\u0131yla et ithali i\u00e7in \u201ckooperatif\u201d \u00f6nerisine Tar\u0131m Bakan\u0131 H\u00fcseyin \u00c7avu\u015f da s\u0131cak bakt\u0131. \u00c7avu\u015f, taraflara \u00e7a\u011fr\u0131da bulundu. \u201cBiz anla\u015ft\u0131k, s\u0131ra devlette\u201d\u2026 Hayvan \u00dcreticileri ve Yeti\u015ftiricileri Birli\u011fi Ba\u015fkan\u0131 Adil Onalt, \u2018ka\u00e7ak hayvan, ka\u00e7ak kesim ve ka\u00e7ak et\u2019 gibi sorunlar\u0131n kooperatif modeliyle ortadan kalkaca\u011f\u0131n\u0131 belirterek, \u201cBiz kendi aram\u0131zda anla\u015ft\u0131k, protokol\u00fc de yapt\u0131k. [&hellip;]","og_url":"https:\/\/kuzeyinsesi.org\/index.php\/2026\/05\/02\/basvursunlar-izin-verelim\/","og_site_name":"Kuzeyin Sesi","article_publisher":"https:\/\/www.facebook.com\/kuzeyinsesii","article_published_time":"2026-05-02T05:52:26+00:00","author":"Kuzeyin Sesi","twitter_card":"summary_large_image","twitter_creator":"@kuzeyinsesii","twitter_site":"@kuzeyinsesii","twitter_misc":{"Yazan:":"Kuzeyin Sesi","Tahmini okuma s\u00fcresi":"10 dakika"},"schema":{"@context":"https:\/\/schema.org","@graph":[{"@type":"Article","@id":"https:\/\/kuzeyinsesi.org\/index.php\/2026\/05\/02\/basvursunlar-izin-verelim\/#article","isPartOf":{"@id":"https:\/\/kuzeyinsesi.org\/index.php\/2026\/05\/02\/basvursunlar-izin-verelim\/"},"author":{"name":"Kuzeyin Sesi","@id":"https:\/\/kuzeyinsesi.org\/#\/schema\/person\/9f859689cdf01485597712386e37f5aa"},"headline":"\u201cBa\u015fvursunlar, izin verelim\u201d","datePublished":"2026-05-02T05:52:26+00:00","mainEntityOfPage":{"@id":"https:\/\/kuzeyinsesi.org\/index.php\/2026\/05\/02\/basvursunlar-izin-verelim\/"},"wordCount":1926,"commentCount":0,"image":{"@id":"https:\/\/kuzeyinsesi.org\/index.php\/2026\/05\/02\/basvursunlar-izin-verelim\/#primaryimage"},"thumbnailUrl":"https:\/\/kuzeyinsesi.org\/wp-content\/uploads\/2026\/05\/ESKI.jpg","articleSection":["K\u0131br\u0131s"],"inLanguage":"tr","potentialAction":[{"@type":"CommentAction","name":"Comment","target":["https:\/\/kuzeyinsesi.org\/index.php\/2026\/05\/02\/basvursunlar-izin-verelim\/#respond"]}]},{"@type":"WebPage","@id":"https:\/\/kuzeyinsesi.org\/index.php\/2026\/05\/02\/basvursunlar-izin-verelim\/","url":"https:\/\/kuzeyinsesi.org\/index.php\/2026\/05\/02\/basvursunlar-izin-verelim\/","name":"\u201cBa\u015fvursunlar, izin verelim\u201d - Kuzeyin Sesi","isPartOf":{"@id":"https:\/\/kuzeyinsesi.org\/#website"},"primaryImageOfPage":{"@id":"https:\/\/kuzeyinsesi.org\/index.php\/2026\/05\/02\/basvursunlar-izin-verelim\/#primaryimage"},"image":{"@id":"https:\/\/kuzeyinsesi.org\/index.php\/2026\/05\/02\/basvursunlar-izin-verelim\/#primaryimage"},"thumbnailUrl":"https:\/\/kuzeyinsesi.org\/wp-content\/uploads\/2026\/05\/ESKI.jpg","datePublished":"2026-05-02T05:52:26+00:00","author":{"@id":"https:\/\/kuzeyinsesi.org\/#\/schema\/person\/9f859689cdf01485597712386e37f5aa"},"breadcrumb":{"@id":"https:\/\/kuzeyinsesi.org\/index.php\/2026\/05\/02\/basvursunlar-izin-verelim\/#breadcrumb"},"inLanguage":"tr","potentialAction":[{"@type":"ReadAction","target":["https:\/\/kuzeyinsesi.org\/index.php\/2026\/05\/02\/basvursunlar-izin-verelim\/"]}]},{"@type":"ImageObject","inLanguage":"tr","@id":"https:\/\/kuzeyinsesi.org\/index.php\/2026\/05\/02\/basvursunlar-izin-verelim\/#primaryimage","url":"https:\/\/kuzeyinsesi.org\/wp-content\/uploads\/2026\/05\/ESKI.jpg","contentUrl":"https:\/\/kuzeyinsesi.org\/wp-content\/uploads\/2026\/05\/ESKI.jpg","width":971,"height":551},{"@type":"BreadcrumbList","@id":"https:\/\/kuzeyinsesi.org\/index.php\/2026\/05\/02\/basvursunlar-izin-verelim\/#breadcrumb","itemListElement":[{"@type":"ListItem","position":1,"name":"Anasayfa","item":"https:\/\/kuzeyinsesi.org\/"},{"@type":"ListItem","position":2,"name":"\u201cBa\u015fvursunlar, izin verelim\u201d"}]},{"@type":"WebSite","@id":"https:\/\/kuzeyinsesi.org\/#website","url":"https:\/\/kuzeyinsesi.org\/","name":"Kuzeyin Sesi","description":"Do\u011fru Haberin Adresi","potentialAction":[{"@type":"SearchAction","target":{"@type":"EntryPoint","urlTemplate":"https:\/\/kuzeyinsesi.org\/?s={search_term_string}"},"query-input":{"@type":"PropertyValueSpecification","valueRequired":true,"valueName":"search_term_string"}}],"inLanguage":"tr"},{"@type":"Person","@id":"https:\/\/kuzeyinsesi.org\/#\/schema\/person\/9f859689cdf01485597712386e37f5aa","name":"Kuzeyin Sesi","image":{"@type":"ImageObject","inLanguage":"tr","@id":"https:\/\/secure.gravatar.com\/avatar\/bab33852abfd8b282518d6ed81826833d77c3c882d9ab608add591ccace47a44?s=96&d=mm&r=g","url":"https:\/\/secure.gravatar.com\/avatar\/bab33852abfd8b282518d6ed81826833d77c3c882d9ab608add591ccace47a44?s=96&d=mm&r=g","contentUrl":"https:\/\/secure.gravatar.com\/avatar\/bab33852abfd8b282518d6ed81826833d77c3c882d9ab608add591ccace47a44?s=96&d=mm&r=g","caption":"Kuzeyin Sesi"},"sameAs":["https:\/\/kuzeyinsesi.org"],"url":"https:\/\/kuzeyinsesi.org\/index.php\/author\/guven\/"}]}},"_links":{"self":[{"href":"https:\/\/kuzeyinsesi.org\/index.php\/wp-json\/wp\/v2\/posts\/37848","targetHints":{"allow":["GET"]}}],"collection":[{"href":"https:\/\/kuzeyinsesi.org\/index.php\/wp-json\/wp\/v2\/posts"}],"about":[{"href":"https:\/\/kuzeyinsesi.org\/index.php\/wp-json\/wp\/v2\/types\/post"}],"author":[{"embeddable":true,"href":"https:\/\/kuzeyinsesi.org\/index.php\/wp-json\/wp\/v2\/users\/1"}],"replies":[{"embeddable":true,"href":"https:\/\/kuzeyinsesi.org\/index.php\/wp-json\/wp\/v2\/comments?post=37848"}],"version-history":[{"count":0,"href":"https:\/\/kuzeyinsesi.org\/index.php\/wp-json\/wp\/v2\/posts\/37848\/revisions"}],"wp:featuredmedia":[{"embeddable":true,"href":"https:\/\/kuzeyinsesi.org\/index.php\/wp-json\/wp\/v2\/media\/37849"}],"wp:attachment":[{"href":"https:\/\/kuzeyinsesi.org\/index.php\/wp-json\/wp\/v2\/media?parent=37848"}],"wp:term":[{"taxonomy":"category","embeddable":true,"href":"https:\/\/kuzeyinsesi.org\/index.php\/wp-json\/wp\/v2\/categories?post=37848"},{"taxonomy":"post_tag","embeddable":true,"href":"https:\/\/kuzeyinsesi.org\/index.php\/wp-json\/wp\/v2\/tags?post=37848"}],"curies":[{"name":"wp","href":"https:\/\/api.w.org\/{rel}","templated":true}]}}