{"id":37840,"date":"2026-05-01T20:15:30","date_gmt":"2026-05-01T17:15:30","guid":{"rendered":"https:\/\/kuzeyinsesi.org\/index.php\/2026\/05\/01\/trump-ab-menseli-otomobil-ve-kamyonlara-uygulanan-tarife-yuzde-25e-cikti\/"},"modified":"2026-05-01T20:15:30","modified_gmt":"2026-05-01T17:15:30","slug":"trump-ab-menseli-otomobil-ve-kamyonlara-uygulanan-tarife-yuzde-25e-cikti","status":"publish","type":"post","link":"https:\/\/kuzeyinsesi.org\/index.php\/2026\/05\/01\/trump-ab-menseli-otomobil-ve-kamyonlara-uygulanan-tarife-yuzde-25e-cikti\/","title":{"rendered":"Trump: AB men\u015feli otomobil ve kamyonlara uygulanan tarife y\u00fczde 25&#039;e \u00e7\u0131kt\u0131"},"content":{"rendered":"<p><\/p>\n<div>\n<p>&#13;<br \/>\n\tTrump, Truth Social hesab\u0131ndan konuya ili\u015fkin payla\u015f\u0131mda bulundu.<\/p>\n<p>&#13;<br \/>\n\tAvrupa Birli\u011fi&#8217;nin \u00fczerinde tam mutabakat sa\u011flanan ticaret anla\u015fmas\u0131na uymad\u0131\u011f\u0131n\u0131 \u00f6ne s\u00fcren Trump, gelecek hafta ABD&#8217;nin ithal etti\u011fi AB men\u015feli otomobil ve kamyonlara uygulanan tarifeyi art\u0131raca\u011f\u0131n\u0131 belirtti.<\/p>\n<p>&#13;<br \/>\n\tTrump, s\u00f6z konusu g\u00fcmr\u00fck vergisi oran\u0131n\u0131n y\u00fczde 25&#8217;e \u00e7\u0131kar\u0131laca\u011f\u0131n\u0131 bildirdi.<\/p>\n<p>&#13;<br \/>\n\tOtomobil ve kamyonlar\u0131n ABD&#8217;deki fabrikalarda \u00fcretilmesi halinde herhangi bir tarife uygulanmayaca\u011f\u0131 konusunda anla\u015f\u0131ld\u0131\u011f\u0131na i\u015faret eden Trump, halihaz\u0131rda bir\u00e7ok otomobil ve kamyon fabrikas\u0131n\u0131n in\u015fas\u0131n\u0131n devam etti\u011fini, bu s\u00fcre\u00e7te 100 milyar dolar\u0131n \u00fczerinde yat\u0131r\u0131m yap\u0131ld\u0131\u011f\u0131n\u0131 ve bunun otomobil ve kamyon \u00fcretim tarihinde bir &#8220;rekor&#8221; oldu\u011funu ifade etti.<\/p>\n<p>&#13;<br \/>\n\tTrump, Amerikal\u0131 i\u015f\u00e7ilerin istihdam edilece\u011fi bu fabrikalar\u0131n yak\u0131nda faaliyete ge\u00e7ece\u011fini vurgulayarak, &#8220;Bug\u00fcn Amerika&#8217;da ya\u015fananlara benzer bir \u015fey daha \u00f6nce hi\u00e7 ya\u015fanmam\u0131\u015ft\u0131.&#8221; de\u011ferlendirmesinde bulundu.<\/p>\n<p>&#13;<br \/>\n\tABD ile AB aras\u0131nda sa\u011flanan ticaret anla\u015fmas\u0131 kapsam\u0131nda, AB \u00fclkeleri ABD \u00fcr\u00fcnlerine g\u00fcmr\u00fck tarifesi uygulamamay\u0131 kabul ederken, ABD&#8217;nin AB men\u015feli \u00fcr\u00fcnlere y\u00fczde 15 oran\u0131nda tarife uygulayaca\u011f\u0131 a\u00e7\u0131klanm\u0131\u015ft\u0131.<\/p>\n<\/p><\/div>\n","protected":false},"excerpt":{"rendered":"<p>&#13; Trump, Truth Social hesab\u0131ndan konuya ili\u015fkin payla\u015f\u0131mda bulundu. &#13; Avrupa Birli\u011fi&#8217;nin \u00fczerinde tam mutabakat sa\u011flanan ticaret anla\u015fmas\u0131na uymad\u0131\u011f\u0131n\u0131 \u00f6ne s\u00fcren Trump, gelecek hafta ABD&#8217;nin ithal etti\u011fi AB men\u015feli otomobil ve kamyonlara uygulanan tarifeyi art\u0131raca\u011f\u0131n\u0131 belirtti. &#13; Trump, s\u00f6z konusu g\u00fcmr\u00fck vergisi oran\u0131n\u0131n y\u00fczde 25&#8217;e \u00e7\u0131kar\u0131laca\u011f\u0131n\u0131 bildirdi. &#13; Otomobil ve kamyonlar\u0131n ABD&#8217;deki fabrikalarda \u00fcretilmesi halinde [&hellip;]<\/p>\n","protected":false},"author":1,"featured_media":37286,"comment_status":"open","ping_status":"open","sticky":false,"template":"","format":"standard","meta":{"jnews-multi-image_gallery":[],"jnews_single_post":[],"jnews_primary_category":[],"jnews_social_meta":[],"jnews_override_counter":[],"footnotes":""},"categories":[2],"tags":[],"class_list":["post-37840","post","type-post","status-publish","format-standard","has-post-thumbnail","hentry","category-dunya"],"yoast_head":"<!-- This site is optimized with the Yoast SEO plugin v27.5 - https:\/\/yoast.com\/product\/yoast-seo-wordpress\/ -->\n<title>Trump: AB men\u015feli otomobil ve kamyonlara uygulanan tarife y\u00fczde 25&#039;e \u00e7\u0131kt\u0131 - Kuzeyin Sesi<\/title>\n<meta name=\"robots\" content=\"index, follow, max-snippet:-1, max-image-preview:large, max-video-preview:-1\" \/>\n<link rel=\"canonical\" href=\"https:\/\/kuzeyinsesi.org\/index.php\/2026\/05\/01\/trump-ab-menseli-otomobil-ve-kamyonlara-uygulanan-tarife-yuzde-25e-cikti\/\" \/>\n<meta property=\"og:locale\" content=\"tr_TR\" \/>\n<meta property=\"og:type\" content=\"article\" \/>\n<meta property=\"og:title\" content=\"Trump: AB men\u015feli otomobil ve kamyonlara uygulanan tarife y\u00fczde 25&#039;e \u00e7\u0131kt\u0131 - Kuzeyin Sesi\" \/>\n<meta property=\"og:description\" content=\"&#013; Trump, Truth Social hesab\u0131ndan konuya ili\u015fkin payla\u015f\u0131mda bulundu. &#013; Avrupa Birli\u011fi&#8217;nin \u00fczerinde tam mutabakat sa\u011flanan ticaret anla\u015fmas\u0131na uymad\u0131\u011f\u0131n\u0131 \u00f6ne s\u00fcren Trump, gelecek hafta ABD&#8217;nin ithal etti\u011fi AB men\u015feli otomobil ve kamyonlara uygulanan tarifeyi art\u0131raca\u011f\u0131n\u0131 belirtti. &#013; Trump, s\u00f6z konusu g\u00fcmr\u00fck vergisi oran\u0131n\u0131n y\u00fczde 25&#8217;e \u00e7\u0131kar\u0131laca\u011f\u0131n\u0131 bildirdi. &#013; Otomobil ve kamyonlar\u0131n ABD&#8217;deki fabrikalarda \u00fcretilmesi halinde [&hellip;]\" \/>\n<meta property=\"og:url\" content=\"https:\/\/kuzeyinsesi.org\/index.php\/2026\/05\/01\/trump-ab-menseli-otomobil-ve-kamyonlara-uygulanan-tarife-yuzde-25e-cikti\/\" \/>\n<meta property=\"og:site_name\" content=\"Kuzeyin Sesi\" \/>\n<meta property=\"article:publisher\" content=\"https:\/\/www.facebook.com\/kuzeyinsesii\" \/>\n<meta property=\"article:published_time\" content=\"2026-05-01T17:15:30+00:00\" \/>\n<meta property=\"og:image\" content=\"https:\/\/trthaberstatic.cdn.wp.trt.com.tr\/resimler\/2446000\/trump-re-2446909.jpg\" \/>\n<meta name=\"author\" content=\"Kuzeyin Sesi\" \/>\n<meta name=\"twitter:card\" content=\"summary_large_image\" \/>\n<meta name=\"twitter:creator\" content=\"@kuzeyinsesii\" \/>\n<meta name=\"twitter:site\" content=\"@kuzeyinsesii\" \/>\n<meta name=\"twitter:label1\" content=\"Yazan:\" \/>\n\t<meta name=\"twitter:data1\" content=\"Kuzeyin Sesi\" \/>\n\t<meta name=\"twitter:label2\" content=\"Tahmini okuma s\u00fcresi\" \/>\n\t<meta name=\"twitter:data2\" content=\"1 dakika\" \/>\n<script type=\"application\/ld+json\" class=\"yoast-schema-graph\">{\"@context\":\"https:\\\/\\\/schema.org\",\"@graph\":[{\"@type\":\"Article\",\"@id\":\"https:\\\/\\\/kuzeyinsesi.org\\\/index.php\\\/2026\\\/05\\\/01\\\/trump-ab-menseli-otomobil-ve-kamyonlara-uygulanan-tarife-yuzde-25e-cikti\\\/#article\",\"isPartOf\":{\"@id\":\"https:\\\/\\\/kuzeyinsesi.org\\\/index.php\\\/2026\\\/05\\\/01\\\/trump-ab-menseli-otomobil-ve-kamyonlara-uygulanan-tarife-yuzde-25e-cikti\\\/\"},\"author\":{\"name\":\"Kuzeyin Sesi\",\"@id\":\"https:\\\/\\\/kuzeyinsesi.org\\\/#\\\/schema\\\/person\\\/9f859689cdf01485597712386e37f5aa\"},\"headline\":\"Trump: AB men\u015feli otomobil ve kamyonlara uygulanan tarife y\u00fczde 25&#039;e \u00e7\u0131kt\u0131\",\"datePublished\":\"2026-05-01T17:15:30+00:00\",\"mainEntityOfPage\":{\"@id\":\"https:\\\/\\\/kuzeyinsesi.org\\\/index.php\\\/2026\\\/05\\\/01\\\/trump-ab-menseli-otomobil-ve-kamyonlara-uygulanan-tarife-yuzde-25e-cikti\\\/\"},\"wordCount\":220,\"commentCount\":0,\"image\":{\"@id\":\"https:\\\/\\\/kuzeyinsesi.org\\\/index.php\\\/2026\\\/05\\\/01\\\/trump-ab-menseli-otomobil-ve-kamyonlara-uygulanan-tarife-yuzde-25e-cikti\\\/#primaryimage\"},\"thumbnailUrl\":\"https:\\\/\\\/kuzeyinsesi.org\\\/wp-content\\\/uploads\\\/2026\\\/04\\\/trump-re-2446909.jpg\",\"articleSection\":[\"D\u00fcnya\"],\"inLanguage\":\"tr\",\"potentialAction\":[{\"@type\":\"CommentAction\",\"name\":\"Comment\",\"target\":[\"https:\\\/\\\/kuzeyinsesi.org\\\/index.php\\\/2026\\\/05\\\/01\\\/trump-ab-menseli-otomobil-ve-kamyonlara-uygulanan-tarife-yuzde-25e-cikti\\\/#respond\"]}]},{\"@type\":\"WebPage\",\"@id\":\"https:\\\/\\\/kuzeyinsesi.org\\\/index.php\\\/2026\\\/05\\\/01\\\/trump-ab-menseli-otomobil-ve-kamyonlara-uygulanan-tarife-yuzde-25e-cikti\\\/\",\"url\":\"https:\\\/\\\/kuzeyinsesi.org\\\/index.php\\\/2026\\\/05\\\/01\\\/trump-ab-menseli-otomobil-ve-kamyonlara-uygulanan-tarife-yuzde-25e-cikti\\\/\",\"name\":\"Trump: AB men\u015feli otomobil ve kamyonlara uygulanan tarife y\u00fczde 25&#039;e \u00e7\u0131kt\u0131 - Kuzeyin Sesi\",\"isPartOf\":{\"@id\":\"https:\\\/\\\/kuzeyinsesi.org\\\/#website\"},\"primaryImageOfPage\":{\"@id\":\"https:\\\/\\\/kuzeyinsesi.org\\\/index.php\\\/2026\\\/05\\\/01\\\/trump-ab-menseli-otomobil-ve-kamyonlara-uygulanan-tarife-yuzde-25e-cikti\\\/#primaryimage\"},\"image\":{\"@id\":\"https:\\\/\\\/kuzeyinsesi.org\\\/index.php\\\/2026\\\/05\\\/01\\\/trump-ab-menseli-otomobil-ve-kamyonlara-uygulanan-tarife-yuzde-25e-cikti\\\/#primaryimage\"},\"thumbnailUrl\":\"https:\\\/\\\/kuzeyinsesi.org\\\/wp-content\\\/uploads\\\/2026\\\/04\\\/trump-re-2446909.jpg\",\"datePublished\":\"2026-05-01T17:15:30+00:00\",\"author\":{\"@id\":\"https:\\\/\\\/kuzeyinsesi.org\\\/#\\\/schema\\\/person\\\/9f859689cdf01485597712386e37f5aa\"},\"breadcrumb\":{\"@id\":\"https:\\\/\\\/kuzeyinsesi.org\\\/index.php\\\/2026\\\/05\\\/01\\\/trump-ab-menseli-otomobil-ve-kamyonlara-uygulanan-tarife-yuzde-25e-cikti\\\/#breadcrumb\"},\"inLanguage\":\"tr\",\"potentialAction\":[{\"@type\":\"ReadAction\",\"target\":[\"https:\\\/\\\/kuzeyinsesi.org\\\/index.php\\\/2026\\\/05\\\/01\\\/trump-ab-menseli-otomobil-ve-kamyonlara-uygulanan-tarife-yuzde-25e-cikti\\\/\"]}]},{\"@type\":\"ImageObject\",\"inLanguage\":\"tr\",\"@id\":\"https:\\\/\\\/kuzeyinsesi.org\\\/index.php\\\/2026\\\/05\\\/01\\\/trump-ab-menseli-otomobil-ve-kamyonlara-uygulanan-tarife-yuzde-25e-cikti\\\/#primaryimage\",\"url\":\"https:\\\/\\\/kuzeyinsesi.org\\\/wp-content\\\/uploads\\\/2026\\\/04\\\/trump-re-2446909.jpg\",\"contentUrl\":\"https:\\\/\\\/kuzeyinsesi.org\\\/wp-content\\\/uploads\\\/2026\\\/04\\\/trump-re-2446909.jpg\",\"width\":1280,\"height\":720},{\"@type\":\"BreadcrumbList\",\"@id\":\"https:\\\/\\\/kuzeyinsesi.org\\\/index.php\\\/2026\\\/05\\\/01\\\/trump-ab-menseli-otomobil-ve-kamyonlara-uygulanan-tarife-yuzde-25e-cikti\\\/#breadcrumb\",\"itemListElement\":[{\"@type\":\"ListItem\",\"position\":1,\"name\":\"Anasayfa\",\"item\":\"https:\\\/\\\/kuzeyinsesi.org\\\/\"},{\"@type\":\"ListItem\",\"position\":2,\"name\":\"Trump: AB men\u015feli otomobil ve kamyonlara uygulanan tarife y\u00fczde 25&#039;e \u00e7\u0131kt\u0131\"}]},{\"@type\":\"WebSite\",\"@id\":\"https:\\\/\\\/kuzeyinsesi.org\\\/#website\",\"url\":\"https:\\\/\\\/kuzeyinsesi.org\\\/\",\"name\":\"Kuzeyin Sesi\",\"description\":\"Do\u011fru Haberin Adresi\",\"potentialAction\":[{\"@type\":\"SearchAction\",\"target\":{\"@type\":\"EntryPoint\",\"urlTemplate\":\"https:\\\/\\\/kuzeyinsesi.org\\\/?s={search_term_string}\"},\"query-input\":{\"@type\":\"PropertyValueSpecification\",\"valueRequired\":true,\"valueName\":\"search_term_string\"}}],\"inLanguage\":\"tr\"},{\"@type\":\"Person\",\"@id\":\"https:\\\/\\\/kuzeyinsesi.org\\\/#\\\/schema\\\/person\\\/9f859689cdf01485597712386e37f5aa\",\"name\":\"Kuzeyin Sesi\",\"image\":{\"@type\":\"ImageObject\",\"inLanguage\":\"tr\",\"@id\":\"https:\\\/\\\/secure.gravatar.com\\\/avatar\\\/bab33852abfd8b282518d6ed81826833d77c3c882d9ab608add591ccace47a44?s=96&d=mm&r=g\",\"url\":\"https:\\\/\\\/secure.gravatar.com\\\/avatar\\\/bab33852abfd8b282518d6ed81826833d77c3c882d9ab608add591ccace47a44?s=96&d=mm&r=g\",\"contentUrl\":\"https:\\\/\\\/secure.gravatar.com\\\/avatar\\\/bab33852abfd8b282518d6ed81826833d77c3c882d9ab608add591ccace47a44?s=96&d=mm&r=g\",\"caption\":\"Kuzeyin Sesi\"},\"sameAs\":[\"https:\\\/\\\/kuzeyinsesi.org\"],\"url\":\"https:\\\/\\\/kuzeyinsesi.org\\\/index.php\\\/author\\\/guven\\\/\"}]}<\/script>\n<!-- \/ Yoast SEO plugin. -->","yoast_head_json":{"title":"Trump: AB men\u015feli otomobil ve kamyonlara uygulanan tarife y\u00fczde 25&#039;e \u00e7\u0131kt\u0131 - Kuzeyin Sesi","robots":{"index":"index","follow":"follow","max-snippet":"max-snippet:-1","max-image-preview":"max-image-preview:large","max-video-preview":"max-video-preview:-1"},"canonical":"https:\/\/kuzeyinsesi.org\/index.php\/2026\/05\/01\/trump-ab-menseli-otomobil-ve-kamyonlara-uygulanan-tarife-yuzde-25e-cikti\/","og_locale":"tr_TR","og_type":"article","og_title":"Trump: AB men\u015feli otomobil ve kamyonlara uygulanan tarife y\u00fczde 25&#039;e \u00e7\u0131kt\u0131 - Kuzeyin Sesi","og_description":"&#13; Trump, Truth Social hesab\u0131ndan konuya ili\u015fkin payla\u015f\u0131mda bulundu. &#13; Avrupa Birli\u011fi&#8217;nin \u00fczerinde tam mutabakat sa\u011flanan ticaret anla\u015fmas\u0131na uymad\u0131\u011f\u0131n\u0131 \u00f6ne s\u00fcren Trump, gelecek hafta ABD&#8217;nin ithal etti\u011fi AB men\u015feli otomobil ve kamyonlara uygulanan tarifeyi art\u0131raca\u011f\u0131n\u0131 belirtti. &#13; Trump, s\u00f6z konusu g\u00fcmr\u00fck vergisi oran\u0131n\u0131n y\u00fczde 25&#8217;e \u00e7\u0131kar\u0131laca\u011f\u0131n\u0131 bildirdi. &#13; Otomobil ve kamyonlar\u0131n ABD&#8217;deki fabrikalarda \u00fcretilmesi halinde [&hellip;]","og_url":"https:\/\/kuzeyinsesi.org\/index.php\/2026\/05\/01\/trump-ab-menseli-otomobil-ve-kamyonlara-uygulanan-tarife-yuzde-25e-cikti\/","og_site_name":"Kuzeyin Sesi","article_publisher":"https:\/\/www.facebook.com\/kuzeyinsesii","article_published_time":"2026-05-01T17:15:30+00:00","og_image":[{"url":"https:\/\/trthaberstatic.cdn.wp.trt.com.tr\/resimler\/2446000\/trump-re-2446909.jpg","type":"","width":"","height":""}],"author":"Kuzeyin Sesi","twitter_card":"summary_large_image","twitter_creator":"@kuzeyinsesii","twitter_site":"@kuzeyinsesii","twitter_misc":{"Yazan:":"Kuzeyin Sesi","Tahmini okuma s\u00fcresi":"1 dakika"},"schema":{"@context":"https:\/\/schema.org","@graph":[{"@type":"Article","@id":"https:\/\/kuzeyinsesi.org\/index.php\/2026\/05\/01\/trump-ab-menseli-otomobil-ve-kamyonlara-uygulanan-tarife-yuzde-25e-cikti\/#article","isPartOf":{"@id":"https:\/\/kuzeyinsesi.org\/index.php\/2026\/05\/01\/trump-ab-menseli-otomobil-ve-kamyonlara-uygulanan-tarife-yuzde-25e-cikti\/"},"author":{"name":"Kuzeyin Sesi","@id":"https:\/\/kuzeyinsesi.org\/#\/schema\/person\/9f859689cdf01485597712386e37f5aa"},"headline":"Trump: AB men\u015feli otomobil ve kamyonlara uygulanan tarife y\u00fczde 25&#039;e \u00e7\u0131kt\u0131","datePublished":"2026-05-01T17:15:30+00:00","mainEntityOfPage":{"@id":"https:\/\/kuzeyinsesi.org\/index.php\/2026\/05\/01\/trump-ab-menseli-otomobil-ve-kamyonlara-uygulanan-tarife-yuzde-25e-cikti\/"},"wordCount":220,"commentCount":0,"image":{"@id":"https:\/\/kuzeyinsesi.org\/index.php\/2026\/05\/01\/trump-ab-menseli-otomobil-ve-kamyonlara-uygulanan-tarife-yuzde-25e-cikti\/#primaryimage"},"thumbnailUrl":"https:\/\/kuzeyinsesi.org\/wp-content\/uploads\/2026\/04\/trump-re-2446909.jpg","articleSection":["D\u00fcnya"],"inLanguage":"tr","potentialAction":[{"@type":"CommentAction","name":"Comment","target":["https:\/\/kuzeyinsesi.org\/index.php\/2026\/05\/01\/trump-ab-menseli-otomobil-ve-kamyonlara-uygulanan-tarife-yuzde-25e-cikti\/#respond"]}]},{"@type":"WebPage","@id":"https:\/\/kuzeyinsesi.org\/index.php\/2026\/05\/01\/trump-ab-menseli-otomobil-ve-kamyonlara-uygulanan-tarife-yuzde-25e-cikti\/","url":"https:\/\/kuzeyinsesi.org\/index.php\/2026\/05\/01\/trump-ab-menseli-otomobil-ve-kamyonlara-uygulanan-tarife-yuzde-25e-cikti\/","name":"Trump: AB men\u015feli otomobil ve kamyonlara uygulanan tarife y\u00fczde 25&#039;e \u00e7\u0131kt\u0131 - Kuzeyin Sesi","isPartOf":{"@id":"https:\/\/kuzeyinsesi.org\/#website"},"primaryImageOfPage":{"@id":"https:\/\/kuzeyinsesi.org\/index.php\/2026\/05\/01\/trump-ab-menseli-otomobil-ve-kamyonlara-uygulanan-tarife-yuzde-25e-cikti\/#primaryimage"},"image":{"@id":"https:\/\/kuzeyinsesi.org\/index.php\/2026\/05\/01\/trump-ab-menseli-otomobil-ve-kamyonlara-uygulanan-tarife-yuzde-25e-cikti\/#primaryimage"},"thumbnailUrl":"https:\/\/kuzeyinsesi.org\/wp-content\/uploads\/2026\/04\/trump-re-2446909.jpg","datePublished":"2026-05-01T17:15:30+00:00","author":{"@id":"https:\/\/kuzeyinsesi.org\/#\/schema\/person\/9f859689cdf01485597712386e37f5aa"},"breadcrumb":{"@id":"https:\/\/kuzeyinsesi.org\/index.php\/2026\/05\/01\/trump-ab-menseli-otomobil-ve-kamyonlara-uygulanan-tarife-yuzde-25e-cikti\/#breadcrumb"},"inLanguage":"tr","potentialAction":[{"@type":"ReadAction","target":["https:\/\/kuzeyinsesi.org\/index.php\/2026\/05\/01\/trump-ab-menseli-otomobil-ve-kamyonlara-uygulanan-tarife-yuzde-25e-cikti\/"]}]},{"@type":"ImageObject","inLanguage":"tr","@id":"https:\/\/kuzeyinsesi.org\/index.php\/2026\/05\/01\/trump-ab-menseli-otomobil-ve-kamyonlara-uygulanan-tarife-yuzde-25e-cikti\/#primaryimage","url":"https:\/\/kuzeyinsesi.org\/wp-content\/uploads\/2026\/04\/trump-re-2446909.jpg","contentUrl":"https:\/\/kuzeyinsesi.org\/wp-content\/uploads\/2026\/04\/trump-re-2446909.jpg","width":1280,"height":720},{"@type":"BreadcrumbList","@id":"https:\/\/kuzeyinsesi.org\/index.php\/2026\/05\/01\/trump-ab-menseli-otomobil-ve-kamyonlara-uygulanan-tarife-yuzde-25e-cikti\/#breadcrumb","itemListElement":[{"@type":"ListItem","position":1,"name":"Anasayfa","item":"https:\/\/kuzeyinsesi.org\/"},{"@type":"ListItem","position":2,"name":"Trump: AB men\u015feli otomobil ve kamyonlara uygulanan tarife y\u00fczde 25&#039;e \u00e7\u0131kt\u0131"}]},{"@type":"WebSite","@id":"https:\/\/kuzeyinsesi.org\/#website","url":"https:\/\/kuzeyinsesi.org\/","name":"Kuzeyin Sesi","description":"Do\u011fru Haberin Adresi","potentialAction":[{"@type":"SearchAction","target":{"@type":"EntryPoint","urlTemplate":"https:\/\/kuzeyinsesi.org\/?s={search_term_string}"},"query-input":{"@type":"PropertyValueSpecification","valueRequired":true,"valueName":"search_term_string"}}],"inLanguage":"tr"},{"@type":"Person","@id":"https:\/\/kuzeyinsesi.org\/#\/schema\/person\/9f859689cdf01485597712386e37f5aa","name":"Kuzeyin Sesi","image":{"@type":"ImageObject","inLanguage":"tr","@id":"https:\/\/secure.gravatar.com\/avatar\/bab33852abfd8b282518d6ed81826833d77c3c882d9ab608add591ccace47a44?s=96&d=mm&r=g","url":"https:\/\/secure.gravatar.com\/avatar\/bab33852abfd8b282518d6ed81826833d77c3c882d9ab608add591ccace47a44?s=96&d=mm&r=g","contentUrl":"https:\/\/secure.gravatar.com\/avatar\/bab33852abfd8b282518d6ed81826833d77c3c882d9ab608add591ccace47a44?s=96&d=mm&r=g","caption":"Kuzeyin Sesi"},"sameAs":["https:\/\/kuzeyinsesi.org"],"url":"https:\/\/kuzeyinsesi.org\/index.php\/author\/guven\/"}]}},"_links":{"self":[{"href":"https:\/\/kuzeyinsesi.org\/index.php\/wp-json\/wp\/v2\/posts\/37840","targetHints":{"allow":["GET"]}}],"collection":[{"href":"https:\/\/kuzeyinsesi.org\/index.php\/wp-json\/wp\/v2\/posts"}],"about":[{"href":"https:\/\/kuzeyinsesi.org\/index.php\/wp-json\/wp\/v2\/types\/post"}],"author":[{"embeddable":true,"href":"https:\/\/kuzeyinsesi.org\/index.php\/wp-json\/wp\/v2\/users\/1"}],"replies":[{"embeddable":true,"href":"https:\/\/kuzeyinsesi.org\/index.php\/wp-json\/wp\/v2\/comments?post=37840"}],"version-history":[{"count":0,"href":"https:\/\/kuzeyinsesi.org\/index.php\/wp-json\/wp\/v2\/posts\/37840\/revisions"}],"wp:featuredmedia":[{"embeddable":true,"href":"https:\/\/kuzeyinsesi.org\/index.php\/wp-json\/wp\/v2\/media\/37286"}],"wp:attachment":[{"href":"https:\/\/kuzeyinsesi.org\/index.php\/wp-json\/wp\/v2\/media?parent=37840"}],"wp:term":[{"taxonomy":"category","embeddable":true,"href":"https:\/\/kuzeyinsesi.org\/index.php\/wp-json\/wp\/v2\/categories?post=37840"},{"taxonomy":"post_tag","embeddable":true,"href":"https:\/\/kuzeyinsesi.org\/index.php\/wp-json\/wp\/v2\/tags?post=37840"}],"curies":[{"name":"wp","href":"https:\/\/api.w.org\/{rel}","templated":true}]}}