{"id":37838,"date":"2026-05-01T19:54:29","date_gmt":"2026-05-01T16:54:29","guid":{"rendered":"https:\/\/kuzeyinsesi.org\/index.php\/2026\/05\/01\/isci-bayraminda-mangallar-alevlendi\/"},"modified":"2026-05-01T19:54:29","modified_gmt":"2026-05-01T16:54:29","slug":"isci-bayraminda-mangallar-alevlendi","status":"publish","type":"post","link":"https:\/\/kuzeyinsesi.org\/index.php\/2026\/05\/01\/isci-bayraminda-mangallar-alevlendi\/","title":{"rendered":"\u0130\u015f\u00e7i Bayram\u0131nda mangallar alevlendi"},"content":{"rendered":"<p>Candan MERT<\/p>\n<p>&nbsp;<\/p>\n<p>&nbsp;<\/p>\n<p>1 May\u0131s Emek ve Dayan\u0131\u015fma G\u00fcn\u00fc\u2019nde piknik alanlar\u0131 doldu ta\u015ft\u0131, i\u015f\u00e7iler de i\u015fverenler de g\u00fczel bir g\u00fcn ge\u00e7irmenin tad\u0131na vard\u0131.<\/p>\n<p>1 May\u0131s Emek ve Dayan\u0131\u015fma G\u00fcn\u00fc\u2019nde, vatanda\u015flar mangal gelene\u011fini bozmad\u0131. K\u0131br\u0131sl\u0131lar i\u00e7in tatillerin vazge\u00e7ilmezi olan piknik alanlar\u0131, 1 May\u0131s\u2019ta da doldu ta\u015ft\u0131. Tatili ve havan\u0131n g\u00fczelli\u011fini f\u0131rsat bilen vatanda\u015flar, piknik alanlar\u0131na ak\u0131n etti. Bu \u00f6zel g\u00fcnde de g\u00f6revinin ba\u015f\u0131nda olan KIBRIS ekibi, Bo\u011faz Piknik Alan\u0131\u2019n\u0131 ziyaret ederek, aileleriyle mangal keyfi yapan vatanda\u015flara mikrofon uzatt\u0131.<\/p>\n<p>KIBRIS\u2019a konu\u015fan in\u015faat sekt\u00f6r\u00fcnde g\u00f6revli bir patronun, t\u00fcm \u00e7al\u0131\u015fanlar\u0131n\u0131 piknik alan\u0131na getirerek onlara mangal \u0131smarlamas\u0131, di\u011fer vatanda\u015flar taraf\u0131ndan takdir toplad\u0131. \u00c7al\u0131\u015fanlar\u0131n\u0131 ailesi gibi g\u00f6rd\u00fc\u011f\u00fcn\u00fc ve onlar\u0131n da bu tarz etkinliklere hakk\u0131 oldu\u011funu s\u00f6yleyen patron, onlara aile ortam\u0131 ya\u015fatmak istedi\u011fi i\u00e7in piknik alan\u0131na getirdi\u011fini s\u00f6yledi.<\/p>\n<p>Kimisi ise, alanda kurulan panay\u0131r tarz\u0131 bir alanda \u00e7al\u0131\u015fmaya bu \u00f6zel g\u00fcnde de devam etti. \u00c7al\u0131\u015fanlar\u0131n i\u00e7erisinde bulunan \u00e7ocuklar, g\u00fcnl\u00fck olarak har\u00e7l\u0131klar\u0131n\u0131 \u00e7\u0131kar\u0131yor olmaktan duyduklar\u0131 memnuniyeti dile getirdi. Bir ba\u015fka \u00e7al\u0131\u015fan ise, hem \u00e7al\u0131\u015ft\u0131, hem de ailesiyle mangal keyfi yapmaya devam etti. Davul zurna e\u015fli\u011finde e\u011flenceli vakit ge\u00e7iren vatanda\u015flar\u0131n adeta bir bayram havas\u0131nda olmas\u0131, \u2018aile\u2019 kavram\u0131n\u0131n \u00f6nemini bir kez daha hat\u0131rlatt\u0131.<\/p>\n<p>&nbsp;<\/p>\n<p>Vatanda\u015flar ne dedi?<\/p>\n<p>Hasan Ecer:<\/p>\n<p>\u201c1 May\u0131s, b\u00fct\u00fcn d\u00fcnya \u00fclkelerinin ve insanlar\u0131n yapt\u0131\u011f\u0131 bir \u0130\u015f\u00e7i Bayram\u0131&#8230; Bu gibi g\u00fcnlerde herkes daha iyi kayna\u015f\u0131r, i\u015f yerinde olanlar, patronlar\u0131n\u0131n kendilerine hizmet etmesini bekler asl\u0131nda. Biz de 1 May\u0131s oldu\u011fu i\u00e7in, arkada\u015flar\u0131n, ailenin patronu olarak onlara mangal ba\u015f\u0131nda hizmet ediyoruz. Dolay\u0131s\u0131yla ben, t\u00fcm d\u00fcnya insanlar\u0131n\u0131n ve K\u0131br\u0131s T\u00fcrk halk\u0131n\u0131n 1 May\u0131s Emek ve Dayan\u0131\u015fma G\u00fcn\u00fc\u2019n\u00fc y\u00fcrekten kutluyorum.\u201d<\/p>\n<p>&nbsp;<\/p>\n<p>Sultan \u00d6zg\u00fcrkal:<\/p>\n<p>\u201c1 May\u0131s \u0130\u015f\u00e7i Bayram\u0131\u2019d\u0131r. Biz de buraya tatile geldik. Ben de \u00e7al\u0131\u015fan\u0131m zaten, b\u00f6yle g\u00fcnler i\u015f\u00e7iler i\u00e7in de g\u00fczel oluyor. Ailemizle de beraber olmak \u00e7ok g\u00fczel bir duygu. Uzun zamand\u0131r ailecek d\u0131\u015far\u0131 \u00e7\u0131kmam\u0131\u015ft\u0131k, bu bizim i\u00e7in \u00e7ok iyi oldu. Havan\u0131n da g\u00fczel olmas\u0131 bize \u00e7ok g\u00fczel geldi.\u201d<\/p>\n<p>&nbsp;<\/p>\n<p>\u0130smail Tan:<\/p>\n<p>\u201c1 May\u0131s \u0130\u015f\u00e7i Bayram\u0131 biz i\u015f\u00e7iler i\u00e7in \u00e7ok \u00f6nemli. Biz de b\u00fct\u00fcn i\u015f\u00e7ilerimizi toplad\u0131k, hep beraber kebap yap\u0131yoruz. Onlar\u0131n da y\u00fcz\u00fc g\u00fcls\u00fcn istedik, elimizden geleni yapmaya \u00e7al\u0131\u015f\u0131yoruz. \u0130n\u015faat sekt\u00f6r\u00fcnde \u00e7al\u0131\u015f\u0131yoruz, kendi i\u015fimizi yap\u0131yoruz.\u201d<\/p>\n<p>&nbsp;<\/p>\n<p>Kumsal H\u00fcrdeniz:<\/p>\n<p>\u201cBiz burada ekmek paras\u0131 i\u00e7in \u00e7al\u0131\u015f\u0131yoruz. Bubble Waffle yap\u0131yoruz. \u00c7ok mutluyuz, \u00e7\u00fcnk\u00fc iki arkada\u015f olarak har\u00e7l\u0131\u011f\u0131m\u0131z\u0131 \u00e7\u0131kar\u0131yoruz. Asl\u0131nda ben a\u015fa\u011f\u0131da ablamla birlikte \u00e7al\u0131\u015f\u0131yorum ama arkada\u015f\u0131ma yard\u0131mc\u0131 olabilmek i\u00e7in de buraya geliyorum.\u201d<\/p>\n<p>&nbsp;<\/p>\n<p>Adem K\u0131l\u0131\u00e7:<\/p>\n<p>\u201c1 May\u0131s i\u015f\u00e7ilerin bayram\u0131, yani bizim bayram\u0131m\u0131z. S\u00f6zde patronum ama beni mangal ba\u015f\u0131na koyarak i\u015f\u00e7i yapt\u0131lar, her \u015feyi ben yap\u0131yorum. Burada ailemle ve \u00e7al\u0131\u015fanlar\u0131m\u0131zla beraber olmak bizim i\u00e7in g\u00fczel bir duygu. E\u015fimi, \u00e7ocu\u011fumu da getirdim. Beraber \u00e7al\u0131\u015ft\u0131\u011f\u0131m\u0131z i\u015f\u00e7i arkada\u015flar\u0131m\u0131z\u0131 da mangala getirdik. Hep beraber etlerimizi yiyece\u011fiz.\u201d<\/p>\n<p>&nbsp;<\/p>\n<p>K\u00fcbra Keskin:<\/p>\n<p>\u201c1 May\u0131s\u2019ta hem burada \u00e7al\u0131\u015f\u0131yorum, hem de ailemle mangal keyfi yap\u0131yorum. Hem yiyip i\u00e7iyoruz, hem e\u011fleniyoruz, hem de \u00e7al\u0131\u015f\u0131yoruz. Bizim i\u00e7in \u00e7ok g\u00fczel bir g\u00fcn. B\u00f6ylesi bir g\u00fcn asl\u0131nda bana ge\u00e7mi\u015fi ve \u00e7ocuklu\u011fumu hat\u0131rlatt\u0131. Ailemizle b\u00f6yle bir pikni\u011fe gelmeyeli uzun bir s\u00fcre olmu\u015ftu, o y\u00fczden buraya gelmek bize kendimizi iyi hissettirdi. Herkesin ailesiyle burada oldu\u011funu ve \u00e7al\u0131\u015fmad\u0131\u011f\u0131n\u0131 g\u00f6rmek de ayr\u0131 mutluluk verici.\u201d<\/p>\n<p>&nbsp;<\/p>\n<p>Uzay \u00d6ncal:<\/p>\n<p>\u201cAilem i\u00e7in buraday\u0131m. 1 may\u0131s\u0131n anlam ve \u00f6nemi, i\u015f\u00e7iler. Biz de i\u015f\u00e7iyiz art\u0131k. Hep beraber kutlayal\u0131m diye geldik, ailece buraday\u0131z. Her ne kadar yata\u011f\u0131mdan kald\u0131r\u0131l\u0131p getirilsem de hayatta en \u00f6nemli \u015fey ailedir.\u201d<\/p>\n<p>&nbsp;<\/p>\n<p>Bet\u00fcl Bayraktar:<\/p>\n<p>\u201cAilemle buraya geldim. Ablamlarla top oynuyoruz. \u00c7ok e\u011fleniyoruz.\u201d<\/p>\n<p>&nbsp;<\/p>\n<p>\u00d6kke\u015f \u015eahin:<\/p>\n<p>\u201cBurada geziyoruz, dola\u015f\u0131yoruz. Davul zurna \u00e7al\u0131yoruz. G\u00fczel bir g\u00fcn, g\u00fczel bir \u015fenlik. Herkesi e\u011flendiriyoruz. Biz hem \u00e7al\u0131yoruz, hem de e\u011fleniyoruz.\u201d<\/p>\n<p>&nbsp;<\/p>\n<p>G\u00f6n\u00fcl Ta\u015fer:<\/p>\n<p>\u201cBug\u00fcn i\u00e7in evin d\u0131\u015f\u0131nda bir yerde piknik yapmay\u0131 hayal ediyordum. G\u00fcn\u00fcm\u00fcz \u00e7ok g\u00fczel ge\u00e7iyor. Dostlar, arkada\u015flarla hep birlikte geldik. Mangal yapmaya g\u00f6n\u00fcll\u00fcy\u00fcm bug\u00fcn. E\u015flerimiz \u00e7al\u0131\u015ft\u0131\u011f\u0131 i\u00e7in k\u0131z k\u0131za geldik.\u201d<\/p>\n<p>&nbsp;<\/p>\n<p>\u00d6zlem Avc\u0131:<\/p>\n<p>\u201cPikni\u011fe geldik, \u0130\u015f\u00e7i ve Emek\u00e7ilerin Dayan\u0131\u015fma G\u00fcn\u00fc\u2019nde buraday\u0131z. Ailemle burada olmak \u00e7ok g\u00fczel bir duygu. Bu tarz etkinlikleri s\u00fcrekli yap\u0131yoruz. Pikni\u011fe gidiyoruz, kamplara gidiyoruz.\u201d<\/p>\n<p>&nbsp;<\/p>\n<p><\/p>\n<p><img decoding=\"async\" class=\"alignnone wp-image-756472 size-full\" src=\"https:\/\/kibrisgazetesi.com\/wp-content\/uploads\/2026\/05\/WhatsApp-Image-2026-05-01-at-19.39.12-1.jpeg\" alt=\"\" width=\"1200\" height=\"1600\" srcset=\"https:\/\/kibrisgazetesi.com\/wp-content\/uploads\/2026\/05\/WhatsApp-Image-2026-05-01-at-19.39.12-1.jpeg 1200w, https:\/\/kibrisgazetesi.com\/wp-content\/uploads\/2026\/05\/WhatsApp-Image-2026-05-01-at-19.39.12-1-225x300.jpeg 225w, https:\/\/kibrisgazetesi.com\/wp-content\/uploads\/2026\/05\/WhatsApp-Image-2026-05-01-at-19.39.12-1-768x1024.jpeg 768w, https:\/\/kibrisgazetesi.com\/wp-content\/uploads\/2026\/05\/WhatsApp-Image-2026-05-01-at-19.39.12-1-1152x1536.jpeg 1152w\" \/><\/p>\n<p><img decoding=\"async\" loading=\"lazy\" class=\"alignnone wp-image-756471 size-full\" src=\"https:\/\/kibrisgazetesi.com\/wp-content\/uploads\/2026\/05\/WhatsApp-Image-2026-05-01-at-19.39.12-2.jpeg\" alt=\"\" width=\"1200\" height=\"1600\" srcset=\"https:\/\/kibrisgazetesi.com\/wp-content\/uploads\/2026\/05\/WhatsApp-Image-2026-05-01-at-19.39.12-2.jpeg 1200w, https:\/\/kibrisgazetesi.com\/wp-content\/uploads\/2026\/05\/WhatsApp-Image-2026-05-01-at-19.39.12-2-225x300.jpeg 225w, https:\/\/kibrisgazetesi.com\/wp-content\/uploads\/2026\/05\/WhatsApp-Image-2026-05-01-at-19.39.12-2-768x1024.jpeg 768w, https:\/\/kibrisgazetesi.com\/wp-content\/uploads\/2026\/05\/WhatsApp-Image-2026-05-01-at-19.39.12-2-1152x1536.jpeg 1152w\" \/><\/p>\n<p><img decoding=\"async\" loading=\"lazy\" class=\"alignnone wp-image-756470 size-full\" src=\"https:\/\/kibrisgazetesi.com\/wp-content\/uploads\/2026\/05\/WhatsApp-Image-2026-05-01-at-19.39.13.jpeg\" alt=\"\" width=\"1200\" height=\"1600\" srcset=\"https:\/\/kibrisgazetesi.com\/wp-content\/uploads\/2026\/05\/WhatsApp-Image-2026-05-01-at-19.39.13.jpeg 1200w, https:\/\/kibrisgazetesi.com\/wp-content\/uploads\/2026\/05\/WhatsApp-Image-2026-05-01-at-19.39.13-225x300.jpeg 225w, https:\/\/kibrisgazetesi.com\/wp-content\/uploads\/2026\/05\/WhatsApp-Image-2026-05-01-at-19.39.13-768x1024.jpeg 768w, https:\/\/kibrisgazetesi.com\/wp-content\/uploads\/2026\/05\/WhatsApp-Image-2026-05-01-at-19.39.13-1152x1536.jpeg 1152w\" \/><\/p>\n<p><img decoding=\"async\" loading=\"lazy\" class=\"alignnone wp-image-756469 size-full\" src=\"https:\/\/kibrisgazetesi.com\/wp-content\/uploads\/2026\/05\/WhatsApp-Image-2026-05-01-at-19.39.13-1.jpeg\" alt=\"\" width=\"1200\" height=\"1600\" srcset=\"https:\/\/kibrisgazetesi.com\/wp-content\/uploads\/2026\/05\/WhatsApp-Image-2026-05-01-at-19.39.13-1.jpeg 1200w, https:\/\/kibrisgazetesi.com\/wp-content\/uploads\/2026\/05\/WhatsApp-Image-2026-05-01-at-19.39.13-1-225x300.jpeg 225w, https:\/\/kibrisgazetesi.com\/wp-content\/uploads\/2026\/05\/WhatsApp-Image-2026-05-01-at-19.39.13-1-768x1024.jpeg 768w, https:\/\/kibrisgazetesi.com\/wp-content\/uploads\/2026\/05\/WhatsApp-Image-2026-05-01-at-19.39.13-1-1152x1536.jpeg 1152w\" \/><\/p>\n<p><img decoding=\"async\" loading=\"lazy\" class=\"alignnone wp-image-756468 size-full\" src=\"https:\/\/kibrisgazetesi.com\/wp-content\/uploads\/2026\/05\/WhatsApp-Image-2026-05-01-at-19.39.13-2.jpeg\" alt=\"\" width=\"1200\" height=\"1600\" srcset=\"https:\/\/kibrisgazetesi.com\/wp-content\/uploads\/2026\/05\/WhatsApp-Image-2026-05-01-at-19.39.13-2.jpeg 1200w, https:\/\/kibrisgazetesi.com\/wp-content\/uploads\/2026\/05\/WhatsApp-Image-2026-05-01-at-19.39.13-2-225x300.jpeg 225w, https:\/\/kibrisgazetesi.com\/wp-content\/uploads\/2026\/05\/WhatsApp-Image-2026-05-01-at-19.39.13-2-768x1024.jpeg 768w, https:\/\/kibrisgazetesi.com\/wp-content\/uploads\/2026\/05\/WhatsApp-Image-2026-05-01-at-19.39.13-2-1152x1536.jpeg 1152w\" \/><\/p>\n<p><img decoding=\"async\" loading=\"lazy\" class=\"alignnone wp-image-756467 size-full\" src=\"https:\/\/kibrisgazetesi.com\/wp-content\/uploads\/2026\/05\/WhatsApp-Image-2026-05-01-at-19.39.14.jpeg\" alt=\"\" width=\"1200\" height=\"1600\" srcset=\"https:\/\/kibrisgazetesi.com\/wp-content\/uploads\/2026\/05\/WhatsApp-Image-2026-05-01-at-19.39.14.jpeg 1200w, https:\/\/kibrisgazetesi.com\/wp-content\/uploads\/2026\/05\/WhatsApp-Image-2026-05-01-at-19.39.14-225x300.jpeg 225w, https:\/\/kibrisgazetesi.com\/wp-content\/uploads\/2026\/05\/WhatsApp-Image-2026-05-01-at-19.39.14-768x1024.jpeg 768w, https:\/\/kibrisgazetesi.com\/wp-content\/uploads\/2026\/05\/WhatsApp-Image-2026-05-01-at-19.39.14-1152x1536.jpeg 1152w\" \/><\/p>\n<p><img decoding=\"async\" loading=\"lazy\" class=\"alignnone wp-image-756466 size-full\" src=\"https:\/\/kibrisgazetesi.com\/wp-content\/uploads\/2026\/05\/WhatsApp-Image-2026-05-01-at-19.39.14-1.jpeg\" alt=\"\" width=\"1200\" height=\"1600\" srcset=\"https:\/\/kibrisgazetesi.com\/wp-content\/uploads\/2026\/05\/WhatsApp-Image-2026-05-01-at-19.39.14-1.jpeg 1200w, https:\/\/kibrisgazetesi.com\/wp-content\/uploads\/2026\/05\/WhatsApp-Image-2026-05-01-at-19.39.14-1-225x300.jpeg 225w, https:\/\/kibrisgazetesi.com\/wp-content\/uploads\/2026\/05\/WhatsApp-Image-2026-05-01-at-19.39.14-1-768x1024.jpeg 768w, https:\/\/kibrisgazetesi.com\/wp-content\/uploads\/2026\/05\/WhatsApp-Image-2026-05-01-at-19.39.14-1-1152x1536.jpeg 1152w\" \/><\/p>\n<p><img decoding=\"async\" loading=\"lazy\" class=\"alignnone wp-image-756465 size-full\" src=\"https:\/\/kibrisgazetesi.com\/wp-content\/uploads\/2026\/05\/WhatsApp-Image-2026-05-01-at-19.39.15.jpeg\" alt=\"\" width=\"1200\" height=\"1600\" srcset=\"https:\/\/kibrisgazetesi.com\/wp-content\/uploads\/2026\/05\/WhatsApp-Image-2026-05-01-at-19.39.15.jpeg 1200w, https:\/\/kibrisgazetesi.com\/wp-content\/uploads\/2026\/05\/WhatsApp-Image-2026-05-01-at-19.39.15-225x300.jpeg 225w, https:\/\/kibrisgazetesi.com\/wp-content\/uploads\/2026\/05\/WhatsApp-Image-2026-05-01-at-19.39.15-768x1024.jpeg 768w, https:\/\/kibrisgazetesi.com\/wp-content\/uploads\/2026\/05\/WhatsApp-Image-2026-05-01-at-19.39.15-1152x1536.jpeg 1152w\" \/><\/p>\n<p><img decoding=\"async\" loading=\"lazy\" class=\"alignnone wp-image-756464 size-full\" src=\"https:\/\/kibrisgazetesi.com\/wp-content\/uploads\/2026\/05\/WhatsApp-Image-2026-05-01-at-19.39.15-1.jpeg\" alt=\"\" width=\"1200\" height=\"1600\" srcset=\"https:\/\/kibrisgazetesi.com\/wp-content\/uploads\/2026\/05\/WhatsApp-Image-2026-05-01-at-19.39.15-1.jpeg 1200w, https:\/\/kibrisgazetesi.com\/wp-content\/uploads\/2026\/05\/WhatsApp-Image-2026-05-01-at-19.39.15-1-225x300.jpeg 225w, https:\/\/kibrisgazetesi.com\/wp-content\/uploads\/2026\/05\/WhatsApp-Image-2026-05-01-at-19.39.15-1-768x1024.jpeg 768w, https:\/\/kibrisgazetesi.com\/wp-content\/uploads\/2026\/05\/WhatsApp-Image-2026-05-01-at-19.39.15-1-1152x1536.jpeg 1152w\" \/><\/p>\n<p><img decoding=\"async\" loading=\"lazy\" class=\"alignnone wp-image-756463 size-full\" src=\"https:\/\/kibrisgazetesi.com\/wp-content\/uploads\/2026\/05\/WhatsApp-Image-2026-05-01-at-19.39.16.jpeg\" alt=\"\" width=\"1200\" height=\"1600\" srcset=\"https:\/\/kibrisgazetesi.com\/wp-content\/uploads\/2026\/05\/WhatsApp-Image-2026-05-01-at-19.39.16.jpeg 1200w, https:\/\/kibrisgazetesi.com\/wp-content\/uploads\/2026\/05\/WhatsApp-Image-2026-05-01-at-19.39.16-225x300.jpeg 225w, https:\/\/kibrisgazetesi.com\/wp-content\/uploads\/2026\/05\/WhatsApp-Image-2026-05-01-at-19.39.16-768x1024.jpeg 768w, https:\/\/kibrisgazetesi.com\/wp-content\/uploads\/2026\/05\/WhatsApp-Image-2026-05-01-at-19.39.16-1152x1536.jpeg 1152w\" \/><\/p>\n<p><img decoding=\"async\" loading=\"lazy\" class=\"alignnone wp-image-756462 size-full\" src=\"https:\/\/kibrisgazetesi.com\/wp-content\/uploads\/2026\/05\/WhatsApp-Image-2026-05-01-at-19.39.16-1.jpeg\" alt=\"\" width=\"1200\" height=\"1600\" srcset=\"https:\/\/kibrisgazetesi.com\/wp-content\/uploads\/2026\/05\/WhatsApp-Image-2026-05-01-at-19.39.16-1.jpeg 1200w, https:\/\/kibrisgazetesi.com\/wp-content\/uploads\/2026\/05\/WhatsApp-Image-2026-05-01-at-19.39.16-1-225x300.jpeg 225w, https:\/\/kibrisgazetesi.com\/wp-content\/uploads\/2026\/05\/WhatsApp-Image-2026-05-01-at-19.39.16-1-768x1024.jpeg 768w, https:\/\/kibrisgazetesi.com\/wp-content\/uploads\/2026\/05\/WhatsApp-Image-2026-05-01-at-19.39.16-1-1152x1536.jpeg 1152w\" \/><\/p>\n<p><img decoding=\"async\" loading=\"lazy\" class=\"alignnone wp-image-756461 size-full\" src=\"https:\/\/kibrisgazetesi.com\/wp-content\/uploads\/2026\/05\/WhatsApp-Image-2026-05-01-at-19.39.16-2.jpeg\" alt=\"\" width=\"1200\" height=\"1600\" srcset=\"https:\/\/kibrisgazetesi.com\/wp-content\/uploads\/2026\/05\/WhatsApp-Image-2026-05-01-at-19.39.16-2.jpeg 1200w, https:\/\/kibrisgazetesi.com\/wp-content\/uploads\/2026\/05\/WhatsApp-Image-2026-05-01-at-19.39.16-2-225x300.jpeg 225w, https:\/\/kibrisgazetesi.com\/wp-content\/uploads\/2026\/05\/WhatsApp-Image-2026-05-01-at-19.39.16-2-768x1024.jpeg 768w, https:\/\/kibrisgazetesi.com\/wp-content\/uploads\/2026\/05\/WhatsApp-Image-2026-05-01-at-19.39.16-2-1152x1536.jpeg 1152w\" \/><\/p>\n<p><img decoding=\"async\" loading=\"lazy\" class=\"alignnone wp-image-756459 size-full\" src=\"https:\/\/kibrisgazetesi.com\/wp-content\/uploads\/2026\/05\/WhatsApp-Image-2026-05-01-at-19.40.17-1.jpeg\" alt=\"\" width=\"1600\" height=\"1200\" srcset=\"https:\/\/kibrisgazetesi.com\/wp-content\/uploads\/2026\/05\/WhatsApp-Image-2026-05-01-at-19.40.17-1.jpeg 1600w, https:\/\/kibrisgazetesi.com\/wp-content\/uploads\/2026\/05\/WhatsApp-Image-2026-05-01-at-19.40.17-1-300x225.jpeg 300w, https:\/\/kibrisgazetesi.com\/wp-content\/uploads\/2026\/05\/WhatsApp-Image-2026-05-01-at-19.40.17-1-1024x768.jpeg 1024w, https:\/\/kibrisgazetesi.com\/wp-content\/uploads\/2026\/05\/WhatsApp-Image-2026-05-01-at-19.40.17-1-768x576.jpeg 768w, https:\/\/kibrisgazetesi.com\/wp-content\/uploads\/2026\/05\/WhatsApp-Image-2026-05-01-at-19.40.17-1-1536x1152.jpeg 1536w\" \/><\/p>\n<p><img decoding=\"async\" loading=\"lazy\" class=\"alignnone wp-image-756458 size-full\" src=\"https:\/\/kibrisgazetesi.com\/wp-content\/uploads\/2026\/05\/WhatsApp-Image-2026-05-01-at-19.40.17-2.jpeg\" alt=\"\" width=\"1600\" height=\"1200\" srcset=\"https:\/\/kibrisgazetesi.com\/wp-content\/uploads\/2026\/05\/WhatsApp-Image-2026-05-01-at-19.40.17-2.jpeg 1600w, https:\/\/kibrisgazetesi.com\/wp-content\/uploads\/2026\/05\/WhatsApp-Image-2026-05-01-at-19.40.17-2-300x225.jpeg 300w, https:\/\/kibrisgazetesi.com\/wp-content\/uploads\/2026\/05\/WhatsApp-Image-2026-05-01-at-19.40.17-2-1024x768.jpeg 1024w, https:\/\/kibrisgazetesi.com\/wp-content\/uploads\/2026\/05\/WhatsApp-Image-2026-05-01-at-19.40.17-2-768x576.jpeg 768w, https:\/\/kibrisgazetesi.com\/wp-content\/uploads\/2026\/05\/WhatsApp-Image-2026-05-01-at-19.40.17-2-1536x1152.jpeg 1536w\" \/><\/p>\n<p>&nbsp;<\/p>\n<p>&nbsp;<\/p>\n","protected":false},"excerpt":{"rendered":"<p>Candan MERT &nbsp; &nbsp; 1 May\u0131s Emek ve Dayan\u0131\u015fma G\u00fcn\u00fc\u2019nde piknik alanlar\u0131 doldu ta\u015ft\u0131, i\u015f\u00e7iler de i\u015fverenler de g\u00fczel bir g\u00fcn ge\u00e7irmenin tad\u0131na vard\u0131. 1 May\u0131s Emek ve Dayan\u0131\u015fma G\u00fcn\u00fc\u2019nde, vatanda\u015flar mangal gelene\u011fini bozmad\u0131. K\u0131br\u0131sl\u0131lar i\u00e7in tatillerin vazge\u00e7ilmezi olan piknik alanlar\u0131, 1 May\u0131s\u2019ta da doldu ta\u015ft\u0131. Tatili ve havan\u0131n g\u00fczelli\u011fini f\u0131rsat bilen vatanda\u015flar, piknik alanlar\u0131na [&hellip;]<\/p>\n","protected":false},"author":1,"featured_media":37839,"comment_status":"open","ping_status":"open","sticky":false,"template":"","format":"standard","meta":{"jnews-multi-image_gallery":[],"jnews_single_post":[],"jnews_primary_category":[],"jnews_social_meta":[],"jnews_override_counter":[],"footnotes":""},"categories":[1],"tags":[],"class_list":["post-37838","post","type-post","status-publish","format-standard","has-post-thumbnail","hentry","category-kibris"],"yoast_head":"<!-- This site is optimized with the Yoast SEO plugin v27.5 - https:\/\/yoast.com\/product\/yoast-seo-wordpress\/ -->\n<title>\u0130\u015f\u00e7i Bayram\u0131nda mangallar alevlendi - Kuzeyin Sesi<\/title>\n<meta name=\"robots\" content=\"index, follow, max-snippet:-1, max-image-preview:large, max-video-preview:-1\" \/>\n<link rel=\"canonical\" href=\"https:\/\/kuzeyinsesi.org\/index.php\/2026\/05\/01\/isci-bayraminda-mangallar-alevlendi\/\" \/>\n<meta property=\"og:locale\" content=\"tr_TR\" \/>\n<meta property=\"og:type\" content=\"article\" \/>\n<meta property=\"og:title\" content=\"\u0130\u015f\u00e7i Bayram\u0131nda mangallar alevlendi - Kuzeyin Sesi\" \/>\n<meta property=\"og:description\" content=\"Candan MERT &nbsp; &nbsp; 1 May\u0131s Emek ve Dayan\u0131\u015fma G\u00fcn\u00fc\u2019nde piknik alanlar\u0131 doldu ta\u015ft\u0131, i\u015f\u00e7iler de i\u015fverenler de g\u00fczel bir g\u00fcn ge\u00e7irmenin tad\u0131na vard\u0131. 1 May\u0131s Emek ve Dayan\u0131\u015fma G\u00fcn\u00fc\u2019nde, vatanda\u015flar mangal gelene\u011fini bozmad\u0131. K\u0131br\u0131sl\u0131lar i\u00e7in tatillerin vazge\u00e7ilmezi olan piknik alanlar\u0131, 1 May\u0131s\u2019ta da doldu ta\u015ft\u0131. Tatili ve havan\u0131n g\u00fczelli\u011fini f\u0131rsat bilen vatanda\u015flar, piknik alanlar\u0131na [&hellip;]\" \/>\n<meta property=\"og:url\" content=\"https:\/\/kuzeyinsesi.org\/index.php\/2026\/05\/01\/isci-bayraminda-mangallar-alevlendi\/\" \/>\n<meta property=\"og:site_name\" content=\"Kuzeyin Sesi\" \/>\n<meta property=\"article:publisher\" content=\"https:\/\/www.facebook.com\/kuzeyinsesii\" \/>\n<meta property=\"article:published_time\" content=\"2026-05-01T16:54:29+00:00\" \/>\n<meta name=\"author\" content=\"Kuzeyin Sesi\" \/>\n<meta name=\"twitter:card\" content=\"summary_large_image\" \/>\n<meta name=\"twitter:creator\" content=\"@kuzeyinsesii\" \/>\n<meta name=\"twitter:site\" content=\"@kuzeyinsesii\" \/>\n<meta name=\"twitter:label1\" content=\"Yazan:\" \/>\n\t<meta name=\"twitter:data1\" content=\"Kuzeyin Sesi\" \/>\n\t<meta name=\"twitter:label2\" content=\"Tahmini okuma s\u00fcresi\" \/>\n\t<meta name=\"twitter:data2\" content=\"4 dakika\" \/>\n<script type=\"application\/ld+json\" class=\"yoast-schema-graph\">{\"@context\":\"https:\\\/\\\/schema.org\",\"@graph\":[{\"@type\":\"Article\",\"@id\":\"https:\\\/\\\/kuzeyinsesi.org\\\/index.php\\\/2026\\\/05\\\/01\\\/isci-bayraminda-mangallar-alevlendi\\\/#article\",\"isPartOf\":{\"@id\":\"https:\\\/\\\/kuzeyinsesi.org\\\/index.php\\\/2026\\\/05\\\/01\\\/isci-bayraminda-mangallar-alevlendi\\\/\"},\"author\":{\"name\":\"Kuzeyin Sesi\",\"@id\":\"https:\\\/\\\/kuzeyinsesi.org\\\/#\\\/schema\\\/person\\\/9f859689cdf01485597712386e37f5aa\"},\"headline\":\"\u0130\u015f\u00e7i Bayram\u0131nda mangallar alevlendi\",\"datePublished\":\"2026-05-01T16:54:29+00:00\",\"mainEntityOfPage\":{\"@id\":\"https:\\\/\\\/kuzeyinsesi.org\\\/index.php\\\/2026\\\/05\\\/01\\\/isci-bayraminda-mangallar-alevlendi\\\/\"},\"wordCount\":890,\"commentCount\":0,\"image\":{\"@id\":\"https:\\\/\\\/kuzeyinsesi.org\\\/index.php\\\/2026\\\/05\\\/01\\\/isci-bayraminda-mangallar-alevlendi\\\/#primaryimage\"},\"thumbnailUrl\":\"https:\\\/\\\/kuzeyinsesi.org\\\/wp-content\\\/uploads\\\/2026\\\/05\\\/WhatsApp-Image-2026-05-01-at-19.39.12.jpeg\",\"articleSection\":[\"K\u0131br\u0131s\"],\"inLanguage\":\"tr\",\"potentialAction\":[{\"@type\":\"CommentAction\",\"name\":\"Comment\",\"target\":[\"https:\\\/\\\/kuzeyinsesi.org\\\/index.php\\\/2026\\\/05\\\/01\\\/isci-bayraminda-mangallar-alevlendi\\\/#respond\"]}]},{\"@type\":\"WebPage\",\"@id\":\"https:\\\/\\\/kuzeyinsesi.org\\\/index.php\\\/2026\\\/05\\\/01\\\/isci-bayraminda-mangallar-alevlendi\\\/\",\"url\":\"https:\\\/\\\/kuzeyinsesi.org\\\/index.php\\\/2026\\\/05\\\/01\\\/isci-bayraminda-mangallar-alevlendi\\\/\",\"name\":\"\u0130\u015f\u00e7i Bayram\u0131nda mangallar alevlendi - Kuzeyin Sesi\",\"isPartOf\":{\"@id\":\"https:\\\/\\\/kuzeyinsesi.org\\\/#website\"},\"primaryImageOfPage\":{\"@id\":\"https:\\\/\\\/kuzeyinsesi.org\\\/index.php\\\/2026\\\/05\\\/01\\\/isci-bayraminda-mangallar-alevlendi\\\/#primaryimage\"},\"image\":{\"@id\":\"https:\\\/\\\/kuzeyinsesi.org\\\/index.php\\\/2026\\\/05\\\/01\\\/isci-bayraminda-mangallar-alevlendi\\\/#primaryimage\"},\"thumbnailUrl\":\"https:\\\/\\\/kuzeyinsesi.org\\\/wp-content\\\/uploads\\\/2026\\\/05\\\/WhatsApp-Image-2026-05-01-at-19.39.12.jpeg\",\"datePublished\":\"2026-05-01T16:54:29+00:00\",\"author\":{\"@id\":\"https:\\\/\\\/kuzeyinsesi.org\\\/#\\\/schema\\\/person\\\/9f859689cdf01485597712386e37f5aa\"},\"breadcrumb\":{\"@id\":\"https:\\\/\\\/kuzeyinsesi.org\\\/index.php\\\/2026\\\/05\\\/01\\\/isci-bayraminda-mangallar-alevlendi\\\/#breadcrumb\"},\"inLanguage\":\"tr\",\"potentialAction\":[{\"@type\":\"ReadAction\",\"target\":[\"https:\\\/\\\/kuzeyinsesi.org\\\/index.php\\\/2026\\\/05\\\/01\\\/isci-bayraminda-mangallar-alevlendi\\\/\"]}]},{\"@type\":\"ImageObject\",\"inLanguage\":\"tr\",\"@id\":\"https:\\\/\\\/kuzeyinsesi.org\\\/index.php\\\/2026\\\/05\\\/01\\\/isci-bayraminda-mangallar-alevlendi\\\/#primaryimage\",\"url\":\"https:\\\/\\\/kuzeyinsesi.org\\\/wp-content\\\/uploads\\\/2026\\\/05\\\/WhatsApp-Image-2026-05-01-at-19.39.12.jpeg\",\"contentUrl\":\"https:\\\/\\\/kuzeyinsesi.org\\\/wp-content\\\/uploads\\\/2026\\\/05\\\/WhatsApp-Image-2026-05-01-at-19.39.12.jpeg\",\"width\":1200,\"height\":1600},{\"@type\":\"BreadcrumbList\",\"@id\":\"https:\\\/\\\/kuzeyinsesi.org\\\/index.php\\\/2026\\\/05\\\/01\\\/isci-bayraminda-mangallar-alevlendi\\\/#breadcrumb\",\"itemListElement\":[{\"@type\":\"ListItem\",\"position\":1,\"name\":\"Anasayfa\",\"item\":\"https:\\\/\\\/kuzeyinsesi.org\\\/\"},{\"@type\":\"ListItem\",\"position\":2,\"name\":\"\u0130\u015f\u00e7i Bayram\u0131nda mangallar alevlendi\"}]},{\"@type\":\"WebSite\",\"@id\":\"https:\\\/\\\/kuzeyinsesi.org\\\/#website\",\"url\":\"https:\\\/\\\/kuzeyinsesi.org\\\/\",\"name\":\"Kuzeyin Sesi\",\"description\":\"Do\u011fru Haberin Adresi\",\"potentialAction\":[{\"@type\":\"SearchAction\",\"target\":{\"@type\":\"EntryPoint\",\"urlTemplate\":\"https:\\\/\\\/kuzeyinsesi.org\\\/?s={search_term_string}\"},\"query-input\":{\"@type\":\"PropertyValueSpecification\",\"valueRequired\":true,\"valueName\":\"search_term_string\"}}],\"inLanguage\":\"tr\"},{\"@type\":\"Person\",\"@id\":\"https:\\\/\\\/kuzeyinsesi.org\\\/#\\\/schema\\\/person\\\/9f859689cdf01485597712386e37f5aa\",\"name\":\"Kuzeyin Sesi\",\"image\":{\"@type\":\"ImageObject\",\"inLanguage\":\"tr\",\"@id\":\"https:\\\/\\\/secure.gravatar.com\\\/avatar\\\/bab33852abfd8b282518d6ed81826833d77c3c882d9ab608add591ccace47a44?s=96&d=mm&r=g\",\"url\":\"https:\\\/\\\/secure.gravatar.com\\\/avatar\\\/bab33852abfd8b282518d6ed81826833d77c3c882d9ab608add591ccace47a44?s=96&d=mm&r=g\",\"contentUrl\":\"https:\\\/\\\/secure.gravatar.com\\\/avatar\\\/bab33852abfd8b282518d6ed81826833d77c3c882d9ab608add591ccace47a44?s=96&d=mm&r=g\",\"caption\":\"Kuzeyin Sesi\"},\"sameAs\":[\"https:\\\/\\\/kuzeyinsesi.org\"],\"url\":\"https:\\\/\\\/kuzeyinsesi.org\\\/index.php\\\/author\\\/guven\\\/\"}]}<\/script>\n<!-- \/ Yoast SEO plugin. -->","yoast_head_json":{"title":"\u0130\u015f\u00e7i Bayram\u0131nda mangallar alevlendi - Kuzeyin Sesi","robots":{"index":"index","follow":"follow","max-snippet":"max-snippet:-1","max-image-preview":"max-image-preview:large","max-video-preview":"max-video-preview:-1"},"canonical":"https:\/\/kuzeyinsesi.org\/index.php\/2026\/05\/01\/isci-bayraminda-mangallar-alevlendi\/","og_locale":"tr_TR","og_type":"article","og_title":"\u0130\u015f\u00e7i Bayram\u0131nda mangallar alevlendi - Kuzeyin Sesi","og_description":"Candan MERT &nbsp; &nbsp; 1 May\u0131s Emek ve Dayan\u0131\u015fma G\u00fcn\u00fc\u2019nde piknik alanlar\u0131 doldu ta\u015ft\u0131, i\u015f\u00e7iler de i\u015fverenler de g\u00fczel bir g\u00fcn ge\u00e7irmenin tad\u0131na vard\u0131. 1 May\u0131s Emek ve Dayan\u0131\u015fma G\u00fcn\u00fc\u2019nde, vatanda\u015flar mangal gelene\u011fini bozmad\u0131. K\u0131br\u0131sl\u0131lar i\u00e7in tatillerin vazge\u00e7ilmezi olan piknik alanlar\u0131, 1 May\u0131s\u2019ta da doldu ta\u015ft\u0131. Tatili ve havan\u0131n g\u00fczelli\u011fini f\u0131rsat bilen vatanda\u015flar, piknik alanlar\u0131na [&hellip;]","og_url":"https:\/\/kuzeyinsesi.org\/index.php\/2026\/05\/01\/isci-bayraminda-mangallar-alevlendi\/","og_site_name":"Kuzeyin Sesi","article_publisher":"https:\/\/www.facebook.com\/kuzeyinsesii","article_published_time":"2026-05-01T16:54:29+00:00","author":"Kuzeyin Sesi","twitter_card":"summary_large_image","twitter_creator":"@kuzeyinsesii","twitter_site":"@kuzeyinsesii","twitter_misc":{"Yazan:":"Kuzeyin Sesi","Tahmini okuma s\u00fcresi":"4 dakika"},"schema":{"@context":"https:\/\/schema.org","@graph":[{"@type":"Article","@id":"https:\/\/kuzeyinsesi.org\/index.php\/2026\/05\/01\/isci-bayraminda-mangallar-alevlendi\/#article","isPartOf":{"@id":"https:\/\/kuzeyinsesi.org\/index.php\/2026\/05\/01\/isci-bayraminda-mangallar-alevlendi\/"},"author":{"name":"Kuzeyin Sesi","@id":"https:\/\/kuzeyinsesi.org\/#\/schema\/person\/9f859689cdf01485597712386e37f5aa"},"headline":"\u0130\u015f\u00e7i Bayram\u0131nda mangallar alevlendi","datePublished":"2026-05-01T16:54:29+00:00","mainEntityOfPage":{"@id":"https:\/\/kuzeyinsesi.org\/index.php\/2026\/05\/01\/isci-bayraminda-mangallar-alevlendi\/"},"wordCount":890,"commentCount":0,"image":{"@id":"https:\/\/kuzeyinsesi.org\/index.php\/2026\/05\/01\/isci-bayraminda-mangallar-alevlendi\/#primaryimage"},"thumbnailUrl":"https:\/\/kuzeyinsesi.org\/wp-content\/uploads\/2026\/05\/WhatsApp-Image-2026-05-01-at-19.39.12.jpeg","articleSection":["K\u0131br\u0131s"],"inLanguage":"tr","potentialAction":[{"@type":"CommentAction","name":"Comment","target":["https:\/\/kuzeyinsesi.org\/index.php\/2026\/05\/01\/isci-bayraminda-mangallar-alevlendi\/#respond"]}]},{"@type":"WebPage","@id":"https:\/\/kuzeyinsesi.org\/index.php\/2026\/05\/01\/isci-bayraminda-mangallar-alevlendi\/","url":"https:\/\/kuzeyinsesi.org\/index.php\/2026\/05\/01\/isci-bayraminda-mangallar-alevlendi\/","name":"\u0130\u015f\u00e7i Bayram\u0131nda mangallar alevlendi - Kuzeyin Sesi","isPartOf":{"@id":"https:\/\/kuzeyinsesi.org\/#website"},"primaryImageOfPage":{"@id":"https:\/\/kuzeyinsesi.org\/index.php\/2026\/05\/01\/isci-bayraminda-mangallar-alevlendi\/#primaryimage"},"image":{"@id":"https:\/\/kuzeyinsesi.org\/index.php\/2026\/05\/01\/isci-bayraminda-mangallar-alevlendi\/#primaryimage"},"thumbnailUrl":"https:\/\/kuzeyinsesi.org\/wp-content\/uploads\/2026\/05\/WhatsApp-Image-2026-05-01-at-19.39.12.jpeg","datePublished":"2026-05-01T16:54:29+00:00","author":{"@id":"https:\/\/kuzeyinsesi.org\/#\/schema\/person\/9f859689cdf01485597712386e37f5aa"},"breadcrumb":{"@id":"https:\/\/kuzeyinsesi.org\/index.php\/2026\/05\/01\/isci-bayraminda-mangallar-alevlendi\/#breadcrumb"},"inLanguage":"tr","potentialAction":[{"@type":"ReadAction","target":["https:\/\/kuzeyinsesi.org\/index.php\/2026\/05\/01\/isci-bayraminda-mangallar-alevlendi\/"]}]},{"@type":"ImageObject","inLanguage":"tr","@id":"https:\/\/kuzeyinsesi.org\/index.php\/2026\/05\/01\/isci-bayraminda-mangallar-alevlendi\/#primaryimage","url":"https:\/\/kuzeyinsesi.org\/wp-content\/uploads\/2026\/05\/WhatsApp-Image-2026-05-01-at-19.39.12.jpeg","contentUrl":"https:\/\/kuzeyinsesi.org\/wp-content\/uploads\/2026\/05\/WhatsApp-Image-2026-05-01-at-19.39.12.jpeg","width":1200,"height":1600},{"@type":"BreadcrumbList","@id":"https:\/\/kuzeyinsesi.org\/index.php\/2026\/05\/01\/isci-bayraminda-mangallar-alevlendi\/#breadcrumb","itemListElement":[{"@type":"ListItem","position":1,"name":"Anasayfa","item":"https:\/\/kuzeyinsesi.org\/"},{"@type":"ListItem","position":2,"name":"\u0130\u015f\u00e7i Bayram\u0131nda mangallar alevlendi"}]},{"@type":"WebSite","@id":"https:\/\/kuzeyinsesi.org\/#website","url":"https:\/\/kuzeyinsesi.org\/","name":"Kuzeyin Sesi","description":"Do\u011fru Haberin Adresi","potentialAction":[{"@type":"SearchAction","target":{"@type":"EntryPoint","urlTemplate":"https:\/\/kuzeyinsesi.org\/?s={search_term_string}"},"query-input":{"@type":"PropertyValueSpecification","valueRequired":true,"valueName":"search_term_string"}}],"inLanguage":"tr"},{"@type":"Person","@id":"https:\/\/kuzeyinsesi.org\/#\/schema\/person\/9f859689cdf01485597712386e37f5aa","name":"Kuzeyin Sesi","image":{"@type":"ImageObject","inLanguage":"tr","@id":"https:\/\/secure.gravatar.com\/avatar\/bab33852abfd8b282518d6ed81826833d77c3c882d9ab608add591ccace47a44?s=96&d=mm&r=g","url":"https:\/\/secure.gravatar.com\/avatar\/bab33852abfd8b282518d6ed81826833d77c3c882d9ab608add591ccace47a44?s=96&d=mm&r=g","contentUrl":"https:\/\/secure.gravatar.com\/avatar\/bab33852abfd8b282518d6ed81826833d77c3c882d9ab608add591ccace47a44?s=96&d=mm&r=g","caption":"Kuzeyin Sesi"},"sameAs":["https:\/\/kuzeyinsesi.org"],"url":"https:\/\/kuzeyinsesi.org\/index.php\/author\/guven\/"}]}},"_links":{"self":[{"href":"https:\/\/kuzeyinsesi.org\/index.php\/wp-json\/wp\/v2\/posts\/37838","targetHints":{"allow":["GET"]}}],"collection":[{"href":"https:\/\/kuzeyinsesi.org\/index.php\/wp-json\/wp\/v2\/posts"}],"about":[{"href":"https:\/\/kuzeyinsesi.org\/index.php\/wp-json\/wp\/v2\/types\/post"}],"author":[{"embeddable":true,"href":"https:\/\/kuzeyinsesi.org\/index.php\/wp-json\/wp\/v2\/users\/1"}],"replies":[{"embeddable":true,"href":"https:\/\/kuzeyinsesi.org\/index.php\/wp-json\/wp\/v2\/comments?post=37838"}],"version-history":[{"count":0,"href":"https:\/\/kuzeyinsesi.org\/index.php\/wp-json\/wp\/v2\/posts\/37838\/revisions"}],"wp:featuredmedia":[{"embeddable":true,"href":"https:\/\/kuzeyinsesi.org\/index.php\/wp-json\/wp\/v2\/media\/37839"}],"wp:attachment":[{"href":"https:\/\/kuzeyinsesi.org\/index.php\/wp-json\/wp\/v2\/media?parent=37838"}],"wp:term":[{"taxonomy":"category","embeddable":true,"href":"https:\/\/kuzeyinsesi.org\/index.php\/wp-json\/wp\/v2\/categories?post=37838"},{"taxonomy":"post_tag","embeddable":true,"href":"https:\/\/kuzeyinsesi.org\/index.php\/wp-json\/wp\/v2\/tags?post=37838"}],"curies":[{"name":"wp","href":"https:\/\/api.w.org\/{rel}","templated":true}]}}