{"id":37835,"date":"2026-05-01T19:00:40","date_gmt":"2026-05-01T16:00:40","guid":{"rendered":"https:\/\/kuzeyinsesi.org\/index.php\/2026\/05\/01\/gazeteci-abdi-ipekci-caddesine-trafik-isiklari-konuldu\/"},"modified":"2026-05-01T19:00:40","modified_gmt":"2026-05-01T16:00:40","slug":"gazeteci-abdi-ipekci-caddesine-trafik-isiklari-konuldu","status":"publish","type":"post","link":"https:\/\/kuzeyinsesi.org\/index.php\/2026\/05\/01\/gazeteci-abdi-ipekci-caddesine-trafik-isiklari-konuldu\/","title":{"rendered":"Gazeteci Abdi \u0130pek\u00e7i Caddesi\u2019ne trafik \u0131\u015f\u0131klar\u0131 konuldu"},"content":{"rendered":"<p>Trafik \u0131\u015f\u0131klar\u0131n\u0131n olmamas\u0131ndan dolay\u0131 s\u00fcrekli kazalar\u0131n ger\u00e7ekle\u015fti\u011fi Gazeteci Abdi \u0130pek\u00e7i Caddesi\u2019ne trafik \u0131\u015f\u0131klar\u0131 konuldu.<\/p>\n<p>Caddedeki yaya ge\u00e7idinde s\u00fcrekli olarak kazalar\u0131n oldu\u011funu kaydeden b\u00f6lge sakinleri, bu kazalar\u0131n sebebinin trafik \u0131\u015f\u0131klar\u0131n\u0131n eksikli\u011fi oldu\u011funu ifade ediyordu ve bu durumdan \u015fikayet\u00e7iydi.<\/p>\n<p>Trafik \u0131\u015f\u0131klar\u0131n\u0131n caddeye yerle\u015ftirildi\u011fini g\u00f6ren b\u00f6lge sakinleri, bu durumdan memnun olduklar\u0131n\u0131 aktararak, bu vesileyle bu noktadaki kazalar\u0131n azalmas\u0131n\u0131 temenni etti.<\/p>\n","protected":false},"excerpt":{"rendered":"<p>Trafik \u0131\u015f\u0131klar\u0131n\u0131n olmamas\u0131ndan dolay\u0131 s\u00fcrekli kazalar\u0131n ger\u00e7ekle\u015fti\u011fi Gazeteci Abdi \u0130pek\u00e7i Caddesi\u2019ne trafik \u0131\u015f\u0131klar\u0131 konuldu. Caddedeki yaya ge\u00e7idinde s\u00fcrekli olarak kazalar\u0131n oldu\u011funu kaydeden b\u00f6lge sakinleri, bu kazalar\u0131n sebebinin trafik \u0131\u015f\u0131klar\u0131n\u0131n eksikli\u011fi oldu\u011funu ifade ediyordu ve bu durumdan \u015fikayet\u00e7iydi. Trafik \u0131\u015f\u0131klar\u0131n\u0131n caddeye yerle\u015ftirildi\u011fini g\u00f6ren b\u00f6lge sakinleri, bu durumdan memnun olduklar\u0131n\u0131 aktararak, bu vesileyle bu noktadaki kazalar\u0131n azalmas\u0131n\u0131 [&hellip;]<\/p>\n","protected":false},"author":1,"featured_media":37836,"comment_status":"open","ping_status":"open","sticky":false,"template":"","format":"standard","meta":{"jnews-multi-image_gallery":[],"jnews_single_post":[],"jnews_primary_category":[],"jnews_social_meta":[],"jnews_override_counter":[],"footnotes":""},"categories":[1],"tags":[],"class_list":["post-37835","post","type-post","status-publish","format-standard","has-post-thumbnail","hentry","category-kibris"],"yoast_head":"<!-- This site is optimized with the Yoast SEO plugin v27.5 - https:\/\/yoast.com\/product\/yoast-seo-wordpress\/ -->\n<title>Gazeteci Abdi \u0130pek\u00e7i Caddesi\u2019ne trafik \u0131\u015f\u0131klar\u0131 konuldu - Kuzeyin Sesi<\/title>\n<meta name=\"robots\" content=\"index, follow, max-snippet:-1, max-image-preview:large, max-video-preview:-1\" \/>\n<link rel=\"canonical\" href=\"https:\/\/kuzeyinsesi.org\/index.php\/2026\/05\/01\/gazeteci-abdi-ipekci-caddesine-trafik-isiklari-konuldu\/\" \/>\n<meta property=\"og:locale\" content=\"tr_TR\" \/>\n<meta property=\"og:type\" content=\"article\" \/>\n<meta property=\"og:title\" content=\"Gazeteci Abdi \u0130pek\u00e7i Caddesi\u2019ne trafik \u0131\u015f\u0131klar\u0131 konuldu - Kuzeyin Sesi\" \/>\n<meta property=\"og:description\" content=\"Trafik \u0131\u015f\u0131klar\u0131n\u0131n olmamas\u0131ndan dolay\u0131 s\u00fcrekli kazalar\u0131n ger\u00e7ekle\u015fti\u011fi Gazeteci Abdi \u0130pek\u00e7i Caddesi\u2019ne trafik \u0131\u015f\u0131klar\u0131 konuldu. Caddedeki yaya ge\u00e7idinde s\u00fcrekli olarak kazalar\u0131n oldu\u011funu kaydeden b\u00f6lge sakinleri, bu kazalar\u0131n sebebinin trafik \u0131\u015f\u0131klar\u0131n\u0131n eksikli\u011fi oldu\u011funu ifade ediyordu ve bu durumdan \u015fikayet\u00e7iydi. Trafik \u0131\u015f\u0131klar\u0131n\u0131n caddeye yerle\u015ftirildi\u011fini g\u00f6ren b\u00f6lge sakinleri, bu durumdan memnun olduklar\u0131n\u0131 aktararak, bu vesileyle bu noktadaki kazalar\u0131n azalmas\u0131n\u0131 [&hellip;]\" \/>\n<meta property=\"og:url\" content=\"https:\/\/kuzeyinsesi.org\/index.php\/2026\/05\/01\/gazeteci-abdi-ipekci-caddesine-trafik-isiklari-konuldu\/\" \/>\n<meta property=\"og:site_name\" content=\"Kuzeyin Sesi\" \/>\n<meta property=\"article:publisher\" content=\"https:\/\/www.facebook.com\/kuzeyinsesii\" \/>\n<meta property=\"article:published_time\" content=\"2026-05-01T16:00:40+00:00\" \/>\n<meta name=\"author\" content=\"Kuzeyin Sesi\" \/>\n<meta name=\"twitter:card\" content=\"summary_large_image\" \/>\n<meta name=\"twitter:creator\" content=\"@kuzeyinsesii\" \/>\n<meta name=\"twitter:site\" content=\"@kuzeyinsesii\" \/>\n<meta name=\"twitter:label1\" content=\"Yazan:\" \/>\n\t<meta name=\"twitter:data1\" content=\"Kuzeyin Sesi\" \/>\n<script type=\"application\/ld+json\" class=\"yoast-schema-graph\">{\"@context\":\"https:\\\/\\\/schema.org\",\"@graph\":[{\"@type\":\"Article\",\"@id\":\"https:\\\/\\\/kuzeyinsesi.org\\\/index.php\\\/2026\\\/05\\\/01\\\/gazeteci-abdi-ipekci-caddesine-trafik-isiklari-konuldu\\\/#article\",\"isPartOf\":{\"@id\":\"https:\\\/\\\/kuzeyinsesi.org\\\/index.php\\\/2026\\\/05\\\/01\\\/gazeteci-abdi-ipekci-caddesine-trafik-isiklari-konuldu\\\/\"},\"author\":{\"name\":\"Kuzeyin Sesi\",\"@id\":\"https:\\\/\\\/kuzeyinsesi.org\\\/#\\\/schema\\\/person\\\/9f859689cdf01485597712386e37f5aa\"},\"headline\":\"Gazeteci Abdi \u0130pek\u00e7i Caddesi\u2019ne trafik \u0131\u015f\u0131klar\u0131 konuldu\",\"datePublished\":\"2026-05-01T16:00:40+00:00\",\"mainEntityOfPage\":{\"@id\":\"https:\\\/\\\/kuzeyinsesi.org\\\/index.php\\\/2026\\\/05\\\/01\\\/gazeteci-abdi-ipekci-caddesine-trafik-isiklari-konuldu\\\/\"},\"wordCount\":96,\"commentCount\":0,\"image\":{\"@id\":\"https:\\\/\\\/kuzeyinsesi.org\\\/index.php\\\/2026\\\/05\\\/01\\\/gazeteci-abdi-ipekci-caddesine-trafik-isiklari-konuldu\\\/#primaryimage\"},\"thumbnailUrl\":\"https:\\\/\\\/kuzeyinsesi.org\\\/wp-content\\\/uploads\\\/2026\\\/05\\\/WhatsApp-Image-2026-05-01-at-18.45.06-e1777650886288.jpeg\",\"articleSection\":[\"K\u0131br\u0131s\"],\"inLanguage\":\"tr\",\"potentialAction\":[{\"@type\":\"CommentAction\",\"name\":\"Comment\",\"target\":[\"https:\\\/\\\/kuzeyinsesi.org\\\/index.php\\\/2026\\\/05\\\/01\\\/gazeteci-abdi-ipekci-caddesine-trafik-isiklari-konuldu\\\/#respond\"]}]},{\"@type\":\"WebPage\",\"@id\":\"https:\\\/\\\/kuzeyinsesi.org\\\/index.php\\\/2026\\\/05\\\/01\\\/gazeteci-abdi-ipekci-caddesine-trafik-isiklari-konuldu\\\/\",\"url\":\"https:\\\/\\\/kuzeyinsesi.org\\\/index.php\\\/2026\\\/05\\\/01\\\/gazeteci-abdi-ipekci-caddesine-trafik-isiklari-konuldu\\\/\",\"name\":\"Gazeteci Abdi \u0130pek\u00e7i Caddesi\u2019ne trafik \u0131\u015f\u0131klar\u0131 konuldu - Kuzeyin Sesi\",\"isPartOf\":{\"@id\":\"https:\\\/\\\/kuzeyinsesi.org\\\/#website\"},\"primaryImageOfPage\":{\"@id\":\"https:\\\/\\\/kuzeyinsesi.org\\\/index.php\\\/2026\\\/05\\\/01\\\/gazeteci-abdi-ipekci-caddesine-trafik-isiklari-konuldu\\\/#primaryimage\"},\"image\":{\"@id\":\"https:\\\/\\\/kuzeyinsesi.org\\\/index.php\\\/2026\\\/05\\\/01\\\/gazeteci-abdi-ipekci-caddesine-trafik-isiklari-konuldu\\\/#primaryimage\"},\"thumbnailUrl\":\"https:\\\/\\\/kuzeyinsesi.org\\\/wp-content\\\/uploads\\\/2026\\\/05\\\/WhatsApp-Image-2026-05-01-at-18.45.06-e1777650886288.jpeg\",\"datePublished\":\"2026-05-01T16:00:40+00:00\",\"author\":{\"@id\":\"https:\\\/\\\/kuzeyinsesi.org\\\/#\\\/schema\\\/person\\\/9f859689cdf01485597712386e37f5aa\"},\"breadcrumb\":{\"@id\":\"https:\\\/\\\/kuzeyinsesi.org\\\/index.php\\\/2026\\\/05\\\/01\\\/gazeteci-abdi-ipekci-caddesine-trafik-isiklari-konuldu\\\/#breadcrumb\"},\"inLanguage\":\"tr\",\"potentialAction\":[{\"@type\":\"ReadAction\",\"target\":[\"https:\\\/\\\/kuzeyinsesi.org\\\/index.php\\\/2026\\\/05\\\/01\\\/gazeteci-abdi-ipekci-caddesine-trafik-isiklari-konuldu\\\/\"]}]},{\"@type\":\"ImageObject\",\"inLanguage\":\"tr\",\"@id\":\"https:\\\/\\\/kuzeyinsesi.org\\\/index.php\\\/2026\\\/05\\\/01\\\/gazeteci-abdi-ipekci-caddesine-trafik-isiklari-konuldu\\\/#primaryimage\",\"url\":\"https:\\\/\\\/kuzeyinsesi.org\\\/wp-content\\\/uploads\\\/2026\\\/05\\\/WhatsApp-Image-2026-05-01-at-18.45.06-e1777650886288.jpeg\",\"contentUrl\":\"https:\\\/\\\/kuzeyinsesi.org\\\/wp-content\\\/uploads\\\/2026\\\/05\\\/WhatsApp-Image-2026-05-01-at-18.45.06-e1777650886288.jpeg\",\"width\":2030,\"height\":1170},{\"@type\":\"BreadcrumbList\",\"@id\":\"https:\\\/\\\/kuzeyinsesi.org\\\/index.php\\\/2026\\\/05\\\/01\\\/gazeteci-abdi-ipekci-caddesine-trafik-isiklari-konuldu\\\/#breadcrumb\",\"itemListElement\":[{\"@type\":\"ListItem\",\"position\":1,\"name\":\"Anasayfa\",\"item\":\"https:\\\/\\\/kuzeyinsesi.org\\\/\"},{\"@type\":\"ListItem\",\"position\":2,\"name\":\"Gazeteci Abdi \u0130pek\u00e7i Caddesi\u2019ne trafik \u0131\u015f\u0131klar\u0131 konuldu\"}]},{\"@type\":\"WebSite\",\"@id\":\"https:\\\/\\\/kuzeyinsesi.org\\\/#website\",\"url\":\"https:\\\/\\\/kuzeyinsesi.org\\\/\",\"name\":\"Kuzeyin Sesi\",\"description\":\"Do\u011fru Haberin Adresi\",\"potentialAction\":[{\"@type\":\"SearchAction\",\"target\":{\"@type\":\"EntryPoint\",\"urlTemplate\":\"https:\\\/\\\/kuzeyinsesi.org\\\/?s={search_term_string}\"},\"query-input\":{\"@type\":\"PropertyValueSpecification\",\"valueRequired\":true,\"valueName\":\"search_term_string\"}}],\"inLanguage\":\"tr\"},{\"@type\":\"Person\",\"@id\":\"https:\\\/\\\/kuzeyinsesi.org\\\/#\\\/schema\\\/person\\\/9f859689cdf01485597712386e37f5aa\",\"name\":\"Kuzeyin Sesi\",\"image\":{\"@type\":\"ImageObject\",\"inLanguage\":\"tr\",\"@id\":\"https:\\\/\\\/secure.gravatar.com\\\/avatar\\\/bab33852abfd8b282518d6ed81826833d77c3c882d9ab608add591ccace47a44?s=96&d=mm&r=g\",\"url\":\"https:\\\/\\\/secure.gravatar.com\\\/avatar\\\/bab33852abfd8b282518d6ed81826833d77c3c882d9ab608add591ccace47a44?s=96&d=mm&r=g\",\"contentUrl\":\"https:\\\/\\\/secure.gravatar.com\\\/avatar\\\/bab33852abfd8b282518d6ed81826833d77c3c882d9ab608add591ccace47a44?s=96&d=mm&r=g\",\"caption\":\"Kuzeyin Sesi\"},\"sameAs\":[\"https:\\\/\\\/kuzeyinsesi.org\"],\"url\":\"https:\\\/\\\/kuzeyinsesi.org\\\/index.php\\\/author\\\/guven\\\/\"}]}<\/script>\n<!-- \/ Yoast SEO plugin. -->","yoast_head_json":{"title":"Gazeteci Abdi \u0130pek\u00e7i Caddesi\u2019ne trafik \u0131\u015f\u0131klar\u0131 konuldu - Kuzeyin Sesi","robots":{"index":"index","follow":"follow","max-snippet":"max-snippet:-1","max-image-preview":"max-image-preview:large","max-video-preview":"max-video-preview:-1"},"canonical":"https:\/\/kuzeyinsesi.org\/index.php\/2026\/05\/01\/gazeteci-abdi-ipekci-caddesine-trafik-isiklari-konuldu\/","og_locale":"tr_TR","og_type":"article","og_title":"Gazeteci Abdi \u0130pek\u00e7i Caddesi\u2019ne trafik \u0131\u015f\u0131klar\u0131 konuldu - Kuzeyin Sesi","og_description":"Trafik \u0131\u015f\u0131klar\u0131n\u0131n olmamas\u0131ndan dolay\u0131 s\u00fcrekli kazalar\u0131n ger\u00e7ekle\u015fti\u011fi Gazeteci Abdi \u0130pek\u00e7i Caddesi\u2019ne trafik \u0131\u015f\u0131klar\u0131 konuldu. Caddedeki yaya ge\u00e7idinde s\u00fcrekli olarak kazalar\u0131n oldu\u011funu kaydeden b\u00f6lge sakinleri, bu kazalar\u0131n sebebinin trafik \u0131\u015f\u0131klar\u0131n\u0131n eksikli\u011fi oldu\u011funu ifade ediyordu ve bu durumdan \u015fikayet\u00e7iydi. Trafik \u0131\u015f\u0131klar\u0131n\u0131n caddeye yerle\u015ftirildi\u011fini g\u00f6ren b\u00f6lge sakinleri, bu durumdan memnun olduklar\u0131n\u0131 aktararak, bu vesileyle bu noktadaki kazalar\u0131n azalmas\u0131n\u0131 [&hellip;]","og_url":"https:\/\/kuzeyinsesi.org\/index.php\/2026\/05\/01\/gazeteci-abdi-ipekci-caddesine-trafik-isiklari-konuldu\/","og_site_name":"Kuzeyin Sesi","article_publisher":"https:\/\/www.facebook.com\/kuzeyinsesii","article_published_time":"2026-05-01T16:00:40+00:00","author":"Kuzeyin Sesi","twitter_card":"summary_large_image","twitter_creator":"@kuzeyinsesii","twitter_site":"@kuzeyinsesii","twitter_misc":{"Yazan:":"Kuzeyin Sesi"},"schema":{"@context":"https:\/\/schema.org","@graph":[{"@type":"Article","@id":"https:\/\/kuzeyinsesi.org\/index.php\/2026\/05\/01\/gazeteci-abdi-ipekci-caddesine-trafik-isiklari-konuldu\/#article","isPartOf":{"@id":"https:\/\/kuzeyinsesi.org\/index.php\/2026\/05\/01\/gazeteci-abdi-ipekci-caddesine-trafik-isiklari-konuldu\/"},"author":{"name":"Kuzeyin Sesi","@id":"https:\/\/kuzeyinsesi.org\/#\/schema\/person\/9f859689cdf01485597712386e37f5aa"},"headline":"Gazeteci Abdi \u0130pek\u00e7i Caddesi\u2019ne trafik \u0131\u015f\u0131klar\u0131 konuldu","datePublished":"2026-05-01T16:00:40+00:00","mainEntityOfPage":{"@id":"https:\/\/kuzeyinsesi.org\/index.php\/2026\/05\/01\/gazeteci-abdi-ipekci-caddesine-trafik-isiklari-konuldu\/"},"wordCount":96,"commentCount":0,"image":{"@id":"https:\/\/kuzeyinsesi.org\/index.php\/2026\/05\/01\/gazeteci-abdi-ipekci-caddesine-trafik-isiklari-konuldu\/#primaryimage"},"thumbnailUrl":"https:\/\/kuzeyinsesi.org\/wp-content\/uploads\/2026\/05\/WhatsApp-Image-2026-05-01-at-18.45.06-e1777650886288.jpeg","articleSection":["K\u0131br\u0131s"],"inLanguage":"tr","potentialAction":[{"@type":"CommentAction","name":"Comment","target":["https:\/\/kuzeyinsesi.org\/index.php\/2026\/05\/01\/gazeteci-abdi-ipekci-caddesine-trafik-isiklari-konuldu\/#respond"]}]},{"@type":"WebPage","@id":"https:\/\/kuzeyinsesi.org\/index.php\/2026\/05\/01\/gazeteci-abdi-ipekci-caddesine-trafik-isiklari-konuldu\/","url":"https:\/\/kuzeyinsesi.org\/index.php\/2026\/05\/01\/gazeteci-abdi-ipekci-caddesine-trafik-isiklari-konuldu\/","name":"Gazeteci Abdi \u0130pek\u00e7i Caddesi\u2019ne trafik \u0131\u015f\u0131klar\u0131 konuldu - Kuzeyin Sesi","isPartOf":{"@id":"https:\/\/kuzeyinsesi.org\/#website"},"primaryImageOfPage":{"@id":"https:\/\/kuzeyinsesi.org\/index.php\/2026\/05\/01\/gazeteci-abdi-ipekci-caddesine-trafik-isiklari-konuldu\/#primaryimage"},"image":{"@id":"https:\/\/kuzeyinsesi.org\/index.php\/2026\/05\/01\/gazeteci-abdi-ipekci-caddesine-trafik-isiklari-konuldu\/#primaryimage"},"thumbnailUrl":"https:\/\/kuzeyinsesi.org\/wp-content\/uploads\/2026\/05\/WhatsApp-Image-2026-05-01-at-18.45.06-e1777650886288.jpeg","datePublished":"2026-05-01T16:00:40+00:00","author":{"@id":"https:\/\/kuzeyinsesi.org\/#\/schema\/person\/9f859689cdf01485597712386e37f5aa"},"breadcrumb":{"@id":"https:\/\/kuzeyinsesi.org\/index.php\/2026\/05\/01\/gazeteci-abdi-ipekci-caddesine-trafik-isiklari-konuldu\/#breadcrumb"},"inLanguage":"tr","potentialAction":[{"@type":"ReadAction","target":["https:\/\/kuzeyinsesi.org\/index.php\/2026\/05\/01\/gazeteci-abdi-ipekci-caddesine-trafik-isiklari-konuldu\/"]}]},{"@type":"ImageObject","inLanguage":"tr","@id":"https:\/\/kuzeyinsesi.org\/index.php\/2026\/05\/01\/gazeteci-abdi-ipekci-caddesine-trafik-isiklari-konuldu\/#primaryimage","url":"https:\/\/kuzeyinsesi.org\/wp-content\/uploads\/2026\/05\/WhatsApp-Image-2026-05-01-at-18.45.06-e1777650886288.jpeg","contentUrl":"https:\/\/kuzeyinsesi.org\/wp-content\/uploads\/2026\/05\/WhatsApp-Image-2026-05-01-at-18.45.06-e1777650886288.jpeg","width":2030,"height":1170},{"@type":"BreadcrumbList","@id":"https:\/\/kuzeyinsesi.org\/index.php\/2026\/05\/01\/gazeteci-abdi-ipekci-caddesine-trafik-isiklari-konuldu\/#breadcrumb","itemListElement":[{"@type":"ListItem","position":1,"name":"Anasayfa","item":"https:\/\/kuzeyinsesi.org\/"},{"@type":"ListItem","position":2,"name":"Gazeteci Abdi \u0130pek\u00e7i Caddesi\u2019ne trafik \u0131\u015f\u0131klar\u0131 konuldu"}]},{"@type":"WebSite","@id":"https:\/\/kuzeyinsesi.org\/#website","url":"https:\/\/kuzeyinsesi.org\/","name":"Kuzeyin Sesi","description":"Do\u011fru Haberin Adresi","potentialAction":[{"@type":"SearchAction","target":{"@type":"EntryPoint","urlTemplate":"https:\/\/kuzeyinsesi.org\/?s={search_term_string}"},"query-input":{"@type":"PropertyValueSpecification","valueRequired":true,"valueName":"search_term_string"}}],"inLanguage":"tr"},{"@type":"Person","@id":"https:\/\/kuzeyinsesi.org\/#\/schema\/person\/9f859689cdf01485597712386e37f5aa","name":"Kuzeyin Sesi","image":{"@type":"ImageObject","inLanguage":"tr","@id":"https:\/\/secure.gravatar.com\/avatar\/bab33852abfd8b282518d6ed81826833d77c3c882d9ab608add591ccace47a44?s=96&d=mm&r=g","url":"https:\/\/secure.gravatar.com\/avatar\/bab33852abfd8b282518d6ed81826833d77c3c882d9ab608add591ccace47a44?s=96&d=mm&r=g","contentUrl":"https:\/\/secure.gravatar.com\/avatar\/bab33852abfd8b282518d6ed81826833d77c3c882d9ab608add591ccace47a44?s=96&d=mm&r=g","caption":"Kuzeyin Sesi"},"sameAs":["https:\/\/kuzeyinsesi.org"],"url":"https:\/\/kuzeyinsesi.org\/index.php\/author\/guven\/"}]}},"_links":{"self":[{"href":"https:\/\/kuzeyinsesi.org\/index.php\/wp-json\/wp\/v2\/posts\/37835","targetHints":{"allow":["GET"]}}],"collection":[{"href":"https:\/\/kuzeyinsesi.org\/index.php\/wp-json\/wp\/v2\/posts"}],"about":[{"href":"https:\/\/kuzeyinsesi.org\/index.php\/wp-json\/wp\/v2\/types\/post"}],"author":[{"embeddable":true,"href":"https:\/\/kuzeyinsesi.org\/index.php\/wp-json\/wp\/v2\/users\/1"}],"replies":[{"embeddable":true,"href":"https:\/\/kuzeyinsesi.org\/index.php\/wp-json\/wp\/v2\/comments?post=37835"}],"version-history":[{"count":0,"href":"https:\/\/kuzeyinsesi.org\/index.php\/wp-json\/wp\/v2\/posts\/37835\/revisions"}],"wp:featuredmedia":[{"embeddable":true,"href":"https:\/\/kuzeyinsesi.org\/index.php\/wp-json\/wp\/v2\/media\/37836"}],"wp:attachment":[{"href":"https:\/\/kuzeyinsesi.org\/index.php\/wp-json\/wp\/v2\/media?parent=37835"}],"wp:term":[{"taxonomy":"category","embeddable":true,"href":"https:\/\/kuzeyinsesi.org\/index.php\/wp-json\/wp\/v2\/categories?post=37835"},{"taxonomy":"post_tag","embeddable":true,"href":"https:\/\/kuzeyinsesi.org\/index.php\/wp-json\/wp\/v2\/tags?post=37835"}],"curies":[{"name":"wp","href":"https:\/\/api.w.org\/{rel}","templated":true}]}}