{"id":37806,"date":"2026-05-01T11:41:51","date_gmt":"2026-05-01T08:41:51","guid":{"rendered":"https:\/\/kuzeyinsesi.org\/index.php\/2026\/05\/01\/dauden-sos-cocuk-koyunde-yasayan-cocuklara-yonelik-etkinlik\/"},"modified":"2026-05-01T11:41:51","modified_gmt":"2026-05-01T08:41:51","slug":"dauden-sos-cocuk-koyunde-yasayan-cocuklara-yonelik-etkinlik","status":"publish","type":"post","link":"https:\/\/kuzeyinsesi.org\/index.php\/2026\/05\/01\/dauden-sos-cocuk-koyunde-yasayan-cocuklara-yonelik-etkinlik\/","title":{"rendered":"DA\u00dc\u2019den SOS \u00c7ocuk K\u00f6y\u00fc\u2019nde ya\u015fayan \u00e7ocuklara y\u00f6nelik etkinlik"},"content":{"rendered":"<p style=\"font-weight: 300\">Do\u011fu Akdeniz \u00dcniversitesi (DA\u00dc) Toplumsal Duyarl\u0131l\u0131k Merkezi ile Caesar Project i\u015f birli\u011finde, SOS \u00c7ocuk K\u00f6y\u00fc\u2019nde ya\u015fayan \u00e7ocuklar i\u00e7in etkinlik d\u00fczenlendi.<\/p>\n<p style=\"font-weight: 300\">DA\u00dc\u2019den yap\u0131lan a\u00e7\u0131klamada, etkinli\u011fe SOS \u00c7ocuk K\u00f6y\u00fc yetkilileri, sosyal hizmet uzmanlar\u0131, e\u011fitmenler ve SOS annelerinin yan\u0131 s\u0131ra DA\u00dc TDM de kat\u0131l\u0131m g\u00f6sterdi.<\/p>\n<p style=\"font-weight: 300\">23 Nisan Ulusal Egemenlik ve \u00c7ocuk Bayram\u0131 kapsam\u0131nda d\u00fczenlenen etkinli\u011fe, SOS \u00c7ocuk K\u00f6y\u00fc\u2019nde ya\u015fayan \u00e7ocuklar\u0131n yan\u0131 s\u0131ra, farkl\u0131 \u00fclkelerden gelen yabanc\u0131 uyruklu \u00e7ocuklar da kat\u0131ld\u0131.<\/p>\n<p style=\"font-weight: 300\">Disney temas\u0131yla haz\u0131rlanan etkinlikte \u00e7ocuklar; masal dinletileri, Disney karakterlerinin canland\u0131r\u0131lmas\u0131, palya\u00e7o g\u00f6sterileri ve balon etkinliklerinin yan\u0131 s\u0131ra d\u00fczenlenen konserlerle e\u011flendi, kurulan oyun alanlar\u0131nda vakit ge\u00e7irdi.<\/p>\n<p style=\"font-weight: 300\">DA\u00dc TDM Ba\u015fkan\u0131 Yrd. Do\u00e7. Dr. Nazenin Ruso Kandemir,\u00a0 etkinlikle ilgili i\u015f birli\u011fi i\u00e7erisinde yer almaktan gurur duyduklar\u0131n\u0131 belirtti.<\/p>\n","protected":false},"excerpt":{"rendered":"<p>Do\u011fu Akdeniz \u00dcniversitesi (DA\u00dc) Toplumsal Duyarl\u0131l\u0131k Merkezi ile Caesar Project i\u015f birli\u011finde, SOS \u00c7ocuk K\u00f6y\u00fc\u2019nde ya\u015fayan \u00e7ocuklar i\u00e7in etkinlik d\u00fczenlendi. DA\u00dc\u2019den yap\u0131lan a\u00e7\u0131klamada, etkinli\u011fe SOS \u00c7ocuk K\u00f6y\u00fc yetkilileri, sosyal hizmet uzmanlar\u0131, e\u011fitmenler ve SOS annelerinin yan\u0131 s\u0131ra DA\u00dc TDM de kat\u0131l\u0131m g\u00f6sterdi. 23 Nisan Ulusal Egemenlik ve \u00c7ocuk Bayram\u0131 kapsam\u0131nda d\u00fczenlenen etkinli\u011fe, SOS \u00c7ocuk K\u00f6y\u00fc\u2019nde [&hellip;]<\/p>\n","protected":false},"author":1,"featured_media":37807,"comment_status":"open","ping_status":"open","sticky":false,"template":"","format":"standard","meta":{"jnews-multi-image_gallery":[],"jnews_single_post":[],"jnews_primary_category":[],"jnews_social_meta":[],"jnews_override_counter":[],"footnotes":""},"categories":[1],"tags":[],"class_list":["post-37806","post","type-post","status-publish","format-standard","has-post-thumbnail","hentry","category-kibris"],"yoast_head":"<!-- This site is optimized with the Yoast SEO plugin v27.5 - https:\/\/yoast.com\/product\/yoast-seo-wordpress\/ -->\n<title>DA\u00dc\u2019den SOS \u00c7ocuk K\u00f6y\u00fc\u2019nde ya\u015fayan \u00e7ocuklara y\u00f6nelik etkinlik - Kuzeyin Sesi<\/title>\n<meta name=\"robots\" content=\"index, follow, max-snippet:-1, max-image-preview:large, max-video-preview:-1\" \/>\n<link rel=\"canonical\" href=\"https:\/\/kuzeyinsesi.org\/index.php\/2026\/05\/01\/dauden-sos-cocuk-koyunde-yasayan-cocuklara-yonelik-etkinlik\/\" \/>\n<meta property=\"og:locale\" content=\"tr_TR\" \/>\n<meta property=\"og:type\" content=\"article\" \/>\n<meta property=\"og:title\" content=\"DA\u00dc\u2019den SOS \u00c7ocuk K\u00f6y\u00fc\u2019nde ya\u015fayan \u00e7ocuklara y\u00f6nelik etkinlik - Kuzeyin Sesi\" \/>\n<meta property=\"og:description\" content=\"Do\u011fu Akdeniz \u00dcniversitesi (DA\u00dc) Toplumsal Duyarl\u0131l\u0131k Merkezi ile Caesar Project i\u015f birli\u011finde, SOS \u00c7ocuk K\u00f6y\u00fc\u2019nde ya\u015fayan \u00e7ocuklar i\u00e7in etkinlik d\u00fczenlendi. DA\u00dc\u2019den yap\u0131lan a\u00e7\u0131klamada, etkinli\u011fe SOS \u00c7ocuk K\u00f6y\u00fc yetkilileri, sosyal hizmet uzmanlar\u0131, e\u011fitmenler ve SOS annelerinin yan\u0131 s\u0131ra DA\u00dc TDM de kat\u0131l\u0131m g\u00f6sterdi. 23 Nisan Ulusal Egemenlik ve \u00c7ocuk Bayram\u0131 kapsam\u0131nda d\u00fczenlenen etkinli\u011fe, SOS \u00c7ocuk K\u00f6y\u00fc\u2019nde [&hellip;]\" \/>\n<meta property=\"og:url\" content=\"https:\/\/kuzeyinsesi.org\/index.php\/2026\/05\/01\/dauden-sos-cocuk-koyunde-yasayan-cocuklara-yonelik-etkinlik\/\" \/>\n<meta property=\"og:site_name\" content=\"Kuzeyin Sesi\" \/>\n<meta property=\"article:publisher\" content=\"https:\/\/www.facebook.com\/kuzeyinsesii\" \/>\n<meta property=\"article:published_time\" content=\"2026-05-01T08:41:51+00:00\" \/>\n<meta name=\"author\" content=\"Kuzeyin Sesi\" \/>\n<meta name=\"twitter:card\" content=\"summary_large_image\" \/>\n<meta name=\"twitter:creator\" content=\"@kuzeyinsesii\" \/>\n<meta name=\"twitter:site\" content=\"@kuzeyinsesii\" \/>\n<meta name=\"twitter:label1\" content=\"Yazan:\" \/>\n\t<meta name=\"twitter:data1\" content=\"Kuzeyin Sesi\" \/>\n\t<meta name=\"twitter:label2\" content=\"Tahmini okuma s\u00fcresi\" \/>\n\t<meta name=\"twitter:data2\" content=\"1 dakika\" \/>\n<script type=\"application\/ld+json\" class=\"yoast-schema-graph\">{\"@context\":\"https:\\\/\\\/schema.org\",\"@graph\":[{\"@type\":\"Article\",\"@id\":\"https:\\\/\\\/kuzeyinsesi.org\\\/index.php\\\/2026\\\/05\\\/01\\\/dauden-sos-cocuk-koyunde-yasayan-cocuklara-yonelik-etkinlik\\\/#article\",\"isPartOf\":{\"@id\":\"https:\\\/\\\/kuzeyinsesi.org\\\/index.php\\\/2026\\\/05\\\/01\\\/dauden-sos-cocuk-koyunde-yasayan-cocuklara-yonelik-etkinlik\\\/\"},\"author\":{\"name\":\"Kuzeyin Sesi\",\"@id\":\"https:\\\/\\\/kuzeyinsesi.org\\\/#\\\/schema\\\/person\\\/9f859689cdf01485597712386e37f5aa\"},\"headline\":\"DA\u00dc\u2019den SOS \u00c7ocuk K\u00f6y\u00fc\u2019nde ya\u015fayan \u00e7ocuklara y\u00f6nelik etkinlik\",\"datePublished\":\"2026-05-01T08:41:51+00:00\",\"mainEntityOfPage\":{\"@id\":\"https:\\\/\\\/kuzeyinsesi.org\\\/index.php\\\/2026\\\/05\\\/01\\\/dauden-sos-cocuk-koyunde-yasayan-cocuklara-yonelik-etkinlik\\\/\"},\"wordCount\":166,\"commentCount\":0,\"image\":{\"@id\":\"https:\\\/\\\/kuzeyinsesi.org\\\/index.php\\\/2026\\\/05\\\/01\\\/dauden-sos-cocuk-koyunde-yasayan-cocuklara-yonelik-etkinlik\\\/#primaryimage\"},\"thumbnailUrl\":\"https:\\\/\\\/kuzeyinsesi.org\\\/wp-content\\\/uploads\\\/2026\\\/05\\\/1777622276540DAU-SOS-2.jpeg\",\"articleSection\":[\"K\u0131br\u0131s\"],\"inLanguage\":\"tr\",\"potentialAction\":[{\"@type\":\"CommentAction\",\"name\":\"Comment\",\"target\":[\"https:\\\/\\\/kuzeyinsesi.org\\\/index.php\\\/2026\\\/05\\\/01\\\/dauden-sos-cocuk-koyunde-yasayan-cocuklara-yonelik-etkinlik\\\/#respond\"]}]},{\"@type\":\"WebPage\",\"@id\":\"https:\\\/\\\/kuzeyinsesi.org\\\/index.php\\\/2026\\\/05\\\/01\\\/dauden-sos-cocuk-koyunde-yasayan-cocuklara-yonelik-etkinlik\\\/\",\"url\":\"https:\\\/\\\/kuzeyinsesi.org\\\/index.php\\\/2026\\\/05\\\/01\\\/dauden-sos-cocuk-koyunde-yasayan-cocuklara-yonelik-etkinlik\\\/\",\"name\":\"DA\u00dc\u2019den SOS \u00c7ocuk K\u00f6y\u00fc\u2019nde ya\u015fayan \u00e7ocuklara y\u00f6nelik etkinlik - Kuzeyin Sesi\",\"isPartOf\":{\"@id\":\"https:\\\/\\\/kuzeyinsesi.org\\\/#website\"},\"primaryImageOfPage\":{\"@id\":\"https:\\\/\\\/kuzeyinsesi.org\\\/index.php\\\/2026\\\/05\\\/01\\\/dauden-sos-cocuk-koyunde-yasayan-cocuklara-yonelik-etkinlik\\\/#primaryimage\"},\"image\":{\"@id\":\"https:\\\/\\\/kuzeyinsesi.org\\\/index.php\\\/2026\\\/05\\\/01\\\/dauden-sos-cocuk-koyunde-yasayan-cocuklara-yonelik-etkinlik\\\/#primaryimage\"},\"thumbnailUrl\":\"https:\\\/\\\/kuzeyinsesi.org\\\/wp-content\\\/uploads\\\/2026\\\/05\\\/1777622276540DAU-SOS-2.jpeg\",\"datePublished\":\"2026-05-01T08:41:51+00:00\",\"author\":{\"@id\":\"https:\\\/\\\/kuzeyinsesi.org\\\/#\\\/schema\\\/person\\\/9f859689cdf01485597712386e37f5aa\"},\"breadcrumb\":{\"@id\":\"https:\\\/\\\/kuzeyinsesi.org\\\/index.php\\\/2026\\\/05\\\/01\\\/dauden-sos-cocuk-koyunde-yasayan-cocuklara-yonelik-etkinlik\\\/#breadcrumb\"},\"inLanguage\":\"tr\",\"potentialAction\":[{\"@type\":\"ReadAction\",\"target\":[\"https:\\\/\\\/kuzeyinsesi.org\\\/index.php\\\/2026\\\/05\\\/01\\\/dauden-sos-cocuk-koyunde-yasayan-cocuklara-yonelik-etkinlik\\\/\"]}]},{\"@type\":\"ImageObject\",\"inLanguage\":\"tr\",\"@id\":\"https:\\\/\\\/kuzeyinsesi.org\\\/index.php\\\/2026\\\/05\\\/01\\\/dauden-sos-cocuk-koyunde-yasayan-cocuklara-yonelik-etkinlik\\\/#primaryimage\",\"url\":\"https:\\\/\\\/kuzeyinsesi.org\\\/wp-content\\\/uploads\\\/2026\\\/05\\\/1777622276540DAU-SOS-2.jpeg\",\"contentUrl\":\"https:\\\/\\\/kuzeyinsesi.org\\\/wp-content\\\/uploads\\\/2026\\\/05\\\/1777622276540DAU-SOS-2.jpeg\",\"width\":1600,\"height\":1204},{\"@type\":\"BreadcrumbList\",\"@id\":\"https:\\\/\\\/kuzeyinsesi.org\\\/index.php\\\/2026\\\/05\\\/01\\\/dauden-sos-cocuk-koyunde-yasayan-cocuklara-yonelik-etkinlik\\\/#breadcrumb\",\"itemListElement\":[{\"@type\":\"ListItem\",\"position\":1,\"name\":\"Anasayfa\",\"item\":\"https:\\\/\\\/kuzeyinsesi.org\\\/\"},{\"@type\":\"ListItem\",\"position\":2,\"name\":\"DA\u00dc\u2019den SOS \u00c7ocuk K\u00f6y\u00fc\u2019nde ya\u015fayan \u00e7ocuklara y\u00f6nelik etkinlik\"}]},{\"@type\":\"WebSite\",\"@id\":\"https:\\\/\\\/kuzeyinsesi.org\\\/#website\",\"url\":\"https:\\\/\\\/kuzeyinsesi.org\\\/\",\"name\":\"Kuzeyin Sesi\",\"description\":\"Do\u011fru Haberin Adresi\",\"potentialAction\":[{\"@type\":\"SearchAction\",\"target\":{\"@type\":\"EntryPoint\",\"urlTemplate\":\"https:\\\/\\\/kuzeyinsesi.org\\\/?s={search_term_string}\"},\"query-input\":{\"@type\":\"PropertyValueSpecification\",\"valueRequired\":true,\"valueName\":\"search_term_string\"}}],\"inLanguage\":\"tr\"},{\"@type\":\"Person\",\"@id\":\"https:\\\/\\\/kuzeyinsesi.org\\\/#\\\/schema\\\/person\\\/9f859689cdf01485597712386e37f5aa\",\"name\":\"Kuzeyin Sesi\",\"image\":{\"@type\":\"ImageObject\",\"inLanguage\":\"tr\",\"@id\":\"https:\\\/\\\/secure.gravatar.com\\\/avatar\\\/bab33852abfd8b282518d6ed81826833d77c3c882d9ab608add591ccace47a44?s=96&d=mm&r=g\",\"url\":\"https:\\\/\\\/secure.gravatar.com\\\/avatar\\\/bab33852abfd8b282518d6ed81826833d77c3c882d9ab608add591ccace47a44?s=96&d=mm&r=g\",\"contentUrl\":\"https:\\\/\\\/secure.gravatar.com\\\/avatar\\\/bab33852abfd8b282518d6ed81826833d77c3c882d9ab608add591ccace47a44?s=96&d=mm&r=g\",\"caption\":\"Kuzeyin Sesi\"},\"sameAs\":[\"https:\\\/\\\/kuzeyinsesi.org\"],\"url\":\"https:\\\/\\\/kuzeyinsesi.org\\\/index.php\\\/author\\\/guven\\\/\"}]}<\/script>\n<!-- \/ Yoast SEO plugin. -->","yoast_head_json":{"title":"DA\u00dc\u2019den SOS \u00c7ocuk K\u00f6y\u00fc\u2019nde ya\u015fayan \u00e7ocuklara y\u00f6nelik etkinlik - Kuzeyin Sesi","robots":{"index":"index","follow":"follow","max-snippet":"max-snippet:-1","max-image-preview":"max-image-preview:large","max-video-preview":"max-video-preview:-1"},"canonical":"https:\/\/kuzeyinsesi.org\/index.php\/2026\/05\/01\/dauden-sos-cocuk-koyunde-yasayan-cocuklara-yonelik-etkinlik\/","og_locale":"tr_TR","og_type":"article","og_title":"DA\u00dc\u2019den SOS \u00c7ocuk K\u00f6y\u00fc\u2019nde ya\u015fayan \u00e7ocuklara y\u00f6nelik etkinlik - Kuzeyin Sesi","og_description":"Do\u011fu Akdeniz \u00dcniversitesi (DA\u00dc) Toplumsal Duyarl\u0131l\u0131k Merkezi ile Caesar Project i\u015f birli\u011finde, SOS \u00c7ocuk K\u00f6y\u00fc\u2019nde ya\u015fayan \u00e7ocuklar i\u00e7in etkinlik d\u00fczenlendi. DA\u00dc\u2019den yap\u0131lan a\u00e7\u0131klamada, etkinli\u011fe SOS \u00c7ocuk K\u00f6y\u00fc yetkilileri, sosyal hizmet uzmanlar\u0131, e\u011fitmenler ve SOS annelerinin yan\u0131 s\u0131ra DA\u00dc TDM de kat\u0131l\u0131m g\u00f6sterdi. 23 Nisan Ulusal Egemenlik ve \u00c7ocuk Bayram\u0131 kapsam\u0131nda d\u00fczenlenen etkinli\u011fe, SOS \u00c7ocuk K\u00f6y\u00fc\u2019nde [&hellip;]","og_url":"https:\/\/kuzeyinsesi.org\/index.php\/2026\/05\/01\/dauden-sos-cocuk-koyunde-yasayan-cocuklara-yonelik-etkinlik\/","og_site_name":"Kuzeyin Sesi","article_publisher":"https:\/\/www.facebook.com\/kuzeyinsesii","article_published_time":"2026-05-01T08:41:51+00:00","author":"Kuzeyin Sesi","twitter_card":"summary_large_image","twitter_creator":"@kuzeyinsesii","twitter_site":"@kuzeyinsesii","twitter_misc":{"Yazan:":"Kuzeyin Sesi","Tahmini okuma s\u00fcresi":"1 dakika"},"schema":{"@context":"https:\/\/schema.org","@graph":[{"@type":"Article","@id":"https:\/\/kuzeyinsesi.org\/index.php\/2026\/05\/01\/dauden-sos-cocuk-koyunde-yasayan-cocuklara-yonelik-etkinlik\/#article","isPartOf":{"@id":"https:\/\/kuzeyinsesi.org\/index.php\/2026\/05\/01\/dauden-sos-cocuk-koyunde-yasayan-cocuklara-yonelik-etkinlik\/"},"author":{"name":"Kuzeyin Sesi","@id":"https:\/\/kuzeyinsesi.org\/#\/schema\/person\/9f859689cdf01485597712386e37f5aa"},"headline":"DA\u00dc\u2019den SOS \u00c7ocuk K\u00f6y\u00fc\u2019nde ya\u015fayan \u00e7ocuklara y\u00f6nelik etkinlik","datePublished":"2026-05-01T08:41:51+00:00","mainEntityOfPage":{"@id":"https:\/\/kuzeyinsesi.org\/index.php\/2026\/05\/01\/dauden-sos-cocuk-koyunde-yasayan-cocuklara-yonelik-etkinlik\/"},"wordCount":166,"commentCount":0,"image":{"@id":"https:\/\/kuzeyinsesi.org\/index.php\/2026\/05\/01\/dauden-sos-cocuk-koyunde-yasayan-cocuklara-yonelik-etkinlik\/#primaryimage"},"thumbnailUrl":"https:\/\/kuzeyinsesi.org\/wp-content\/uploads\/2026\/05\/1777622276540DAU-SOS-2.jpeg","articleSection":["K\u0131br\u0131s"],"inLanguage":"tr","potentialAction":[{"@type":"CommentAction","name":"Comment","target":["https:\/\/kuzeyinsesi.org\/index.php\/2026\/05\/01\/dauden-sos-cocuk-koyunde-yasayan-cocuklara-yonelik-etkinlik\/#respond"]}]},{"@type":"WebPage","@id":"https:\/\/kuzeyinsesi.org\/index.php\/2026\/05\/01\/dauden-sos-cocuk-koyunde-yasayan-cocuklara-yonelik-etkinlik\/","url":"https:\/\/kuzeyinsesi.org\/index.php\/2026\/05\/01\/dauden-sos-cocuk-koyunde-yasayan-cocuklara-yonelik-etkinlik\/","name":"DA\u00dc\u2019den SOS \u00c7ocuk K\u00f6y\u00fc\u2019nde ya\u015fayan \u00e7ocuklara y\u00f6nelik etkinlik - Kuzeyin Sesi","isPartOf":{"@id":"https:\/\/kuzeyinsesi.org\/#website"},"primaryImageOfPage":{"@id":"https:\/\/kuzeyinsesi.org\/index.php\/2026\/05\/01\/dauden-sos-cocuk-koyunde-yasayan-cocuklara-yonelik-etkinlik\/#primaryimage"},"image":{"@id":"https:\/\/kuzeyinsesi.org\/index.php\/2026\/05\/01\/dauden-sos-cocuk-koyunde-yasayan-cocuklara-yonelik-etkinlik\/#primaryimage"},"thumbnailUrl":"https:\/\/kuzeyinsesi.org\/wp-content\/uploads\/2026\/05\/1777622276540DAU-SOS-2.jpeg","datePublished":"2026-05-01T08:41:51+00:00","author":{"@id":"https:\/\/kuzeyinsesi.org\/#\/schema\/person\/9f859689cdf01485597712386e37f5aa"},"breadcrumb":{"@id":"https:\/\/kuzeyinsesi.org\/index.php\/2026\/05\/01\/dauden-sos-cocuk-koyunde-yasayan-cocuklara-yonelik-etkinlik\/#breadcrumb"},"inLanguage":"tr","potentialAction":[{"@type":"ReadAction","target":["https:\/\/kuzeyinsesi.org\/index.php\/2026\/05\/01\/dauden-sos-cocuk-koyunde-yasayan-cocuklara-yonelik-etkinlik\/"]}]},{"@type":"ImageObject","inLanguage":"tr","@id":"https:\/\/kuzeyinsesi.org\/index.php\/2026\/05\/01\/dauden-sos-cocuk-koyunde-yasayan-cocuklara-yonelik-etkinlik\/#primaryimage","url":"https:\/\/kuzeyinsesi.org\/wp-content\/uploads\/2026\/05\/1777622276540DAU-SOS-2.jpeg","contentUrl":"https:\/\/kuzeyinsesi.org\/wp-content\/uploads\/2026\/05\/1777622276540DAU-SOS-2.jpeg","width":1600,"height":1204},{"@type":"BreadcrumbList","@id":"https:\/\/kuzeyinsesi.org\/index.php\/2026\/05\/01\/dauden-sos-cocuk-koyunde-yasayan-cocuklara-yonelik-etkinlik\/#breadcrumb","itemListElement":[{"@type":"ListItem","position":1,"name":"Anasayfa","item":"https:\/\/kuzeyinsesi.org\/"},{"@type":"ListItem","position":2,"name":"DA\u00dc\u2019den SOS \u00c7ocuk K\u00f6y\u00fc\u2019nde ya\u015fayan \u00e7ocuklara y\u00f6nelik etkinlik"}]},{"@type":"WebSite","@id":"https:\/\/kuzeyinsesi.org\/#website","url":"https:\/\/kuzeyinsesi.org\/","name":"Kuzeyin Sesi","description":"Do\u011fru Haberin Adresi","potentialAction":[{"@type":"SearchAction","target":{"@type":"EntryPoint","urlTemplate":"https:\/\/kuzeyinsesi.org\/?s={search_term_string}"},"query-input":{"@type":"PropertyValueSpecification","valueRequired":true,"valueName":"search_term_string"}}],"inLanguage":"tr"},{"@type":"Person","@id":"https:\/\/kuzeyinsesi.org\/#\/schema\/person\/9f859689cdf01485597712386e37f5aa","name":"Kuzeyin Sesi","image":{"@type":"ImageObject","inLanguage":"tr","@id":"https:\/\/secure.gravatar.com\/avatar\/bab33852abfd8b282518d6ed81826833d77c3c882d9ab608add591ccace47a44?s=96&d=mm&r=g","url":"https:\/\/secure.gravatar.com\/avatar\/bab33852abfd8b282518d6ed81826833d77c3c882d9ab608add591ccace47a44?s=96&d=mm&r=g","contentUrl":"https:\/\/secure.gravatar.com\/avatar\/bab33852abfd8b282518d6ed81826833d77c3c882d9ab608add591ccace47a44?s=96&d=mm&r=g","caption":"Kuzeyin Sesi"},"sameAs":["https:\/\/kuzeyinsesi.org"],"url":"https:\/\/kuzeyinsesi.org\/index.php\/author\/guven\/"}]}},"_links":{"self":[{"href":"https:\/\/kuzeyinsesi.org\/index.php\/wp-json\/wp\/v2\/posts\/37806","targetHints":{"allow":["GET"]}}],"collection":[{"href":"https:\/\/kuzeyinsesi.org\/index.php\/wp-json\/wp\/v2\/posts"}],"about":[{"href":"https:\/\/kuzeyinsesi.org\/index.php\/wp-json\/wp\/v2\/types\/post"}],"author":[{"embeddable":true,"href":"https:\/\/kuzeyinsesi.org\/index.php\/wp-json\/wp\/v2\/users\/1"}],"replies":[{"embeddable":true,"href":"https:\/\/kuzeyinsesi.org\/index.php\/wp-json\/wp\/v2\/comments?post=37806"}],"version-history":[{"count":0,"href":"https:\/\/kuzeyinsesi.org\/index.php\/wp-json\/wp\/v2\/posts\/37806\/revisions"}],"wp:featuredmedia":[{"embeddable":true,"href":"https:\/\/kuzeyinsesi.org\/index.php\/wp-json\/wp\/v2\/media\/37807"}],"wp:attachment":[{"href":"https:\/\/kuzeyinsesi.org\/index.php\/wp-json\/wp\/v2\/media?parent=37806"}],"wp:term":[{"taxonomy":"category","embeddable":true,"href":"https:\/\/kuzeyinsesi.org\/index.php\/wp-json\/wp\/v2\/categories?post=37806"},{"taxonomy":"post_tag","embeddable":true,"href":"https:\/\/kuzeyinsesi.org\/index.php\/wp-json\/wp\/v2\/tags?post=37806"}],"curies":[{"name":"wp","href":"https:\/\/api.w.org\/{rel}","templated":true}]}}