{"id":3780,"date":"2024-05-31T10:10:58","date_gmt":"2024-05-31T07:10:58","guid":{"rendered":"https:\/\/kuzeyinsesi.com\/index.php\/2024\/05\/31\/beyarmudu-belediyesi-2nci-cocuk-festivali-5-haziranda-yapilacak\/"},"modified":"2024-05-31T10:10:58","modified_gmt":"2024-05-31T07:10:58","slug":"beyarmudu-belediyesi-2nci-cocuk-festivali-5-haziranda-yapilacak","status":"publish","type":"post","link":"https:\/\/kuzeyinsesi.org\/index.php\/2024\/05\/31\/beyarmudu-belediyesi-2nci-cocuk-festivali-5-haziranda-yapilacak\/","title":{"rendered":"Beyarmudu Belediyesi 2\u2019nci \u00c7ocuk Festivali 5 Haziran\u2019da yap\u0131lacak"},"content":{"rendered":"<div>\n<div class=\"mariselle-image-container none\">\n                                            <\/div>\n<p>Beyarmudu Belediyesi II. \u00c7ocuk Festivali, FOGEM 16. Uluslararas\u0131 Yaz Sevinci \u00c7ocuk \u015eenli\u011fi katk\u0131s\u0131yla, 5 Haziran \u00c7ar\u015famba g\u00fcn\u00fc yap\u0131l\u0131yor.<\/p>\n<p>Festival, saat 19.30\u2019da Beyarmudu Belediyesi G\u00fcney Mesarya Sosyal Tesisleri\u2019nde yap\u0131lacak.<\/p>\n<p>Saat 18.00\u2019de kortej y\u00fcr\u00fcy\u00fc\u015f\u00fc ile ba\u015flayacak festivalde, KKTC, T\u00fcrkiye, K\u0131rg\u0131zistan, Kazakistan, Ukrayna ve Bulgaristan\u2019dan ekipler g\u00f6steriler sunacak.<\/p>\n<p>Etkinlikte \u00e7ocuklar i\u00e7in \u015fi\u015fme balonlar, y\u00fcz boyama ve \u00e7e\u015fitli standlar yer alacak.<\/p>\n<\/p><\/div>\n<p><script async\n                    defer\n                    crossorigin=\"anonymous\"\n                    src=\"https:\/\/connect.facebook.net\/tr_TR\/sdk.js#xfbml=1&#038;version=v3.3\"\n            ><\/script><\/p>\n","protected":false},"excerpt":{"rendered":"<p>Beyarmudu Belediyesi II. \u00c7ocuk Festivali, FOGEM 16. Uluslararas\u0131 Yaz Sevinci \u00c7ocuk \u015eenli\u011fi katk\u0131s\u0131yla, 5 Haziran \u00c7ar\u015famba g\u00fcn\u00fc yap\u0131l\u0131yor. Festival, saat 19.30\u2019da Beyarmudu Belediyesi G\u00fcney Mesarya Sosyal Tesisleri\u2019nde yap\u0131lacak. Saat 18.00\u2019de kortej y\u00fcr\u00fcy\u00fc\u015f\u00fc ile ba\u015flayacak festivalde, KKTC, T\u00fcrkiye, K\u0131rg\u0131zistan, Kazakistan, Ukrayna ve Bulgaristan\u2019dan ekipler g\u00f6steriler sunacak. Etkinlikte \u00e7ocuklar i\u00e7in \u015fi\u015fme balonlar, y\u00fcz boyama ve \u00e7e\u015fitli standlar [&hellip;]<\/p>\n","protected":false},"author":1,"featured_media":3781,"comment_status":"open","ping_status":"open","sticky":false,"template":"","format":"standard","meta":{"jnews-multi-image_gallery":[],"jnews_single_post":[],"jnews_primary_category":[],"jnews_social_meta":[],"jnews_override_counter":[],"footnotes":""},"categories":[6],"tags":[],"class_list":["post-3780","post","type-post","status-publish","format-standard","has-post-thumbnail","hentry","category-yasam"],"yoast_head":"<!-- This site is optimized with the Yoast SEO plugin v27.5 - https:\/\/yoast.com\/product\/yoast-seo-wordpress\/ -->\n<title>Beyarmudu Belediyesi 2\u2019nci \u00c7ocuk Festivali 5 Haziran\u2019da yap\u0131lacak - Kuzeyin Sesi<\/title>\n<meta name=\"robots\" content=\"index, follow, max-snippet:-1, max-image-preview:large, max-video-preview:-1\" \/>\n<link rel=\"canonical\" href=\"https:\/\/kuzeyinsesi.org\/index.php\/2024\/05\/31\/beyarmudu-belediyesi-2nci-cocuk-festivali-5-haziranda-yapilacak\/\" \/>\n<meta property=\"og:locale\" content=\"tr_TR\" \/>\n<meta property=\"og:type\" content=\"article\" \/>\n<meta property=\"og:title\" content=\"Beyarmudu Belediyesi 2\u2019nci \u00c7ocuk Festivali 5 Haziran\u2019da yap\u0131lacak - Kuzeyin Sesi\" \/>\n<meta property=\"og:description\" content=\"Beyarmudu Belediyesi II. \u00c7ocuk Festivali, FOGEM 16. Uluslararas\u0131 Yaz Sevinci \u00c7ocuk \u015eenli\u011fi katk\u0131s\u0131yla, 5 Haziran \u00c7ar\u015famba g\u00fcn\u00fc yap\u0131l\u0131yor. Festival, saat 19.30\u2019da Beyarmudu Belediyesi G\u00fcney Mesarya Sosyal Tesisleri\u2019nde yap\u0131lacak. Saat 18.00\u2019de kortej y\u00fcr\u00fcy\u00fc\u015f\u00fc ile ba\u015flayacak festivalde, KKTC, T\u00fcrkiye, K\u0131rg\u0131zistan, Kazakistan, Ukrayna ve Bulgaristan\u2019dan ekipler g\u00f6steriler sunacak. Etkinlikte \u00e7ocuklar i\u00e7in \u015fi\u015fme balonlar, y\u00fcz boyama ve \u00e7e\u015fitli standlar [&hellip;]\" \/>\n<meta property=\"og:url\" content=\"https:\/\/kuzeyinsesi.org\/index.php\/2024\/05\/31\/beyarmudu-belediyesi-2nci-cocuk-festivali-5-haziranda-yapilacak\/\" \/>\n<meta property=\"og:site_name\" content=\"Kuzeyin Sesi\" \/>\n<meta property=\"article:publisher\" content=\"https:\/\/www.facebook.com\/kuzeyinsesii\" \/>\n<meta property=\"article:published_time\" content=\"2024-05-31T07:10:58+00:00\" \/>\n<meta property=\"og:image\" content=\"https:\/\/kuzeyinsesi.org\/wp-content\/uploads\/2024\/05\/beyarmudu-belediyesi-cocuk-senligi.jpg\" \/>\n\t<meta property=\"og:image:width\" content=\"930\" \/>\n\t<meta property=\"og:image:height\" content=\"1008\" \/>\n\t<meta property=\"og:image:type\" content=\"image\/jpeg\" \/>\n<meta name=\"author\" content=\"Kuzeyin Sesi\" \/>\n<meta name=\"twitter:card\" content=\"summary_large_image\" \/>\n<meta name=\"twitter:creator\" content=\"@kuzeyinsesii\" \/>\n<meta name=\"twitter:site\" content=\"@kuzeyinsesii\" \/>\n<meta name=\"twitter:label1\" content=\"Yazan:\" \/>\n\t<meta name=\"twitter:data1\" content=\"Kuzeyin Sesi\" \/>\n<script type=\"application\/ld+json\" class=\"yoast-schema-graph\">{\"@context\":\"https:\\\/\\\/schema.org\",\"@graph\":[{\"@type\":\"Article\",\"@id\":\"https:\\\/\\\/kuzeyinsesi.org\\\/index.php\\\/2024\\\/05\\\/31\\\/beyarmudu-belediyesi-2nci-cocuk-festivali-5-haziranda-yapilacak\\\/#article\",\"isPartOf\":{\"@id\":\"https:\\\/\\\/kuzeyinsesi.org\\\/index.php\\\/2024\\\/05\\\/31\\\/beyarmudu-belediyesi-2nci-cocuk-festivali-5-haziranda-yapilacak\\\/\"},\"author\":{\"name\":\"Kuzeyin Sesi\",\"@id\":\"https:\\\/\\\/kuzeyinsesi.org\\\/#\\\/schema\\\/person\\\/9f859689cdf01485597712386e37f5aa\"},\"headline\":\"Beyarmudu Belediyesi 2\u2019nci \u00c7ocuk Festivali 5 Haziran\u2019da yap\u0131lacak\",\"datePublished\":\"2024-05-31T07:10:58+00:00\",\"mainEntityOfPage\":{\"@id\":\"https:\\\/\\\/kuzeyinsesi.org\\\/index.php\\\/2024\\\/05\\\/31\\\/beyarmudu-belediyesi-2nci-cocuk-festivali-5-haziranda-yapilacak\\\/\"},\"wordCount\":86,\"commentCount\":0,\"image\":{\"@id\":\"https:\\\/\\\/kuzeyinsesi.org\\\/index.php\\\/2024\\\/05\\\/31\\\/beyarmudu-belediyesi-2nci-cocuk-festivali-5-haziranda-yapilacak\\\/#primaryimage\"},\"thumbnailUrl\":\"https:\\\/\\\/kuzeyinsesi.org\\\/wp-content\\\/uploads\\\/2024\\\/05\\\/beyarmudu-belediyesi-cocuk-senligi.jpg\",\"articleSection\":[\"Ya\u015fam\"],\"inLanguage\":\"tr\",\"potentialAction\":[{\"@type\":\"CommentAction\",\"name\":\"Comment\",\"target\":[\"https:\\\/\\\/kuzeyinsesi.org\\\/index.php\\\/2024\\\/05\\\/31\\\/beyarmudu-belediyesi-2nci-cocuk-festivali-5-haziranda-yapilacak\\\/#respond\"]}]},{\"@type\":\"WebPage\",\"@id\":\"https:\\\/\\\/kuzeyinsesi.org\\\/index.php\\\/2024\\\/05\\\/31\\\/beyarmudu-belediyesi-2nci-cocuk-festivali-5-haziranda-yapilacak\\\/\",\"url\":\"https:\\\/\\\/kuzeyinsesi.org\\\/index.php\\\/2024\\\/05\\\/31\\\/beyarmudu-belediyesi-2nci-cocuk-festivali-5-haziranda-yapilacak\\\/\",\"name\":\"Beyarmudu Belediyesi 2\u2019nci \u00c7ocuk Festivali 5 Haziran\u2019da yap\u0131lacak - Kuzeyin Sesi\",\"isPartOf\":{\"@id\":\"https:\\\/\\\/kuzeyinsesi.org\\\/#website\"},\"primaryImageOfPage\":{\"@id\":\"https:\\\/\\\/kuzeyinsesi.org\\\/index.php\\\/2024\\\/05\\\/31\\\/beyarmudu-belediyesi-2nci-cocuk-festivali-5-haziranda-yapilacak\\\/#primaryimage\"},\"image\":{\"@id\":\"https:\\\/\\\/kuzeyinsesi.org\\\/index.php\\\/2024\\\/05\\\/31\\\/beyarmudu-belediyesi-2nci-cocuk-festivali-5-haziranda-yapilacak\\\/#primaryimage\"},\"thumbnailUrl\":\"https:\\\/\\\/kuzeyinsesi.org\\\/wp-content\\\/uploads\\\/2024\\\/05\\\/beyarmudu-belediyesi-cocuk-senligi.jpg\",\"datePublished\":\"2024-05-31T07:10:58+00:00\",\"author\":{\"@id\":\"https:\\\/\\\/kuzeyinsesi.org\\\/#\\\/schema\\\/person\\\/9f859689cdf01485597712386e37f5aa\"},\"breadcrumb\":{\"@id\":\"https:\\\/\\\/kuzeyinsesi.org\\\/index.php\\\/2024\\\/05\\\/31\\\/beyarmudu-belediyesi-2nci-cocuk-festivali-5-haziranda-yapilacak\\\/#breadcrumb\"},\"inLanguage\":\"tr\",\"potentialAction\":[{\"@type\":\"ReadAction\",\"target\":[\"https:\\\/\\\/kuzeyinsesi.org\\\/index.php\\\/2024\\\/05\\\/31\\\/beyarmudu-belediyesi-2nci-cocuk-festivali-5-haziranda-yapilacak\\\/\"]}]},{\"@type\":\"ImageObject\",\"inLanguage\":\"tr\",\"@id\":\"https:\\\/\\\/kuzeyinsesi.org\\\/index.php\\\/2024\\\/05\\\/31\\\/beyarmudu-belediyesi-2nci-cocuk-festivali-5-haziranda-yapilacak\\\/#primaryimage\",\"url\":\"https:\\\/\\\/kuzeyinsesi.org\\\/wp-content\\\/uploads\\\/2024\\\/05\\\/beyarmudu-belediyesi-cocuk-senligi.jpg\",\"contentUrl\":\"https:\\\/\\\/kuzeyinsesi.org\\\/wp-content\\\/uploads\\\/2024\\\/05\\\/beyarmudu-belediyesi-cocuk-senligi.jpg\",\"width\":930,\"height\":1008},{\"@type\":\"BreadcrumbList\",\"@id\":\"https:\\\/\\\/kuzeyinsesi.org\\\/index.php\\\/2024\\\/05\\\/31\\\/beyarmudu-belediyesi-2nci-cocuk-festivali-5-haziranda-yapilacak\\\/#breadcrumb\",\"itemListElement\":[{\"@type\":\"ListItem\",\"position\":1,\"name\":\"Anasayfa\",\"item\":\"https:\\\/\\\/kuzeyinsesi.org\\\/\"},{\"@type\":\"ListItem\",\"position\":2,\"name\":\"Beyarmudu Belediyesi 2\u2019nci \u00c7ocuk Festivali 5 Haziran\u2019da yap\u0131lacak\"}]},{\"@type\":\"WebSite\",\"@id\":\"https:\\\/\\\/kuzeyinsesi.org\\\/#website\",\"url\":\"https:\\\/\\\/kuzeyinsesi.org\\\/\",\"name\":\"Kuzeyin Sesi\",\"description\":\"Do\u011fru Haberin Adresi\",\"potentialAction\":[{\"@type\":\"SearchAction\",\"target\":{\"@type\":\"EntryPoint\",\"urlTemplate\":\"https:\\\/\\\/kuzeyinsesi.org\\\/?s={search_term_string}\"},\"query-input\":{\"@type\":\"PropertyValueSpecification\",\"valueRequired\":true,\"valueName\":\"search_term_string\"}}],\"inLanguage\":\"tr\"},{\"@type\":\"Person\",\"@id\":\"https:\\\/\\\/kuzeyinsesi.org\\\/#\\\/schema\\\/person\\\/9f859689cdf01485597712386e37f5aa\",\"name\":\"Kuzeyin Sesi\",\"image\":{\"@type\":\"ImageObject\",\"inLanguage\":\"tr\",\"@id\":\"https:\\\/\\\/secure.gravatar.com\\\/avatar\\\/bab33852abfd8b282518d6ed81826833d77c3c882d9ab608add591ccace47a44?s=96&d=mm&r=g\",\"url\":\"https:\\\/\\\/secure.gravatar.com\\\/avatar\\\/bab33852abfd8b282518d6ed81826833d77c3c882d9ab608add591ccace47a44?s=96&d=mm&r=g\",\"contentUrl\":\"https:\\\/\\\/secure.gravatar.com\\\/avatar\\\/bab33852abfd8b282518d6ed81826833d77c3c882d9ab608add591ccace47a44?s=96&d=mm&r=g\",\"caption\":\"Kuzeyin Sesi\"},\"sameAs\":[\"https:\\\/\\\/kuzeyinsesi.org\"],\"url\":\"https:\\\/\\\/kuzeyinsesi.org\\\/index.php\\\/author\\\/guven\\\/\"}]}<\/script>\n<!-- \/ Yoast SEO plugin. -->","yoast_head_json":{"title":"Beyarmudu Belediyesi 2\u2019nci \u00c7ocuk Festivali 5 Haziran\u2019da yap\u0131lacak - Kuzeyin Sesi","robots":{"index":"index","follow":"follow","max-snippet":"max-snippet:-1","max-image-preview":"max-image-preview:large","max-video-preview":"max-video-preview:-1"},"canonical":"https:\/\/kuzeyinsesi.org\/index.php\/2024\/05\/31\/beyarmudu-belediyesi-2nci-cocuk-festivali-5-haziranda-yapilacak\/","og_locale":"tr_TR","og_type":"article","og_title":"Beyarmudu Belediyesi 2\u2019nci \u00c7ocuk Festivali 5 Haziran\u2019da yap\u0131lacak - Kuzeyin Sesi","og_description":"Beyarmudu Belediyesi II. \u00c7ocuk Festivali, FOGEM 16. Uluslararas\u0131 Yaz Sevinci \u00c7ocuk \u015eenli\u011fi katk\u0131s\u0131yla, 5 Haziran \u00c7ar\u015famba g\u00fcn\u00fc yap\u0131l\u0131yor. Festival, saat 19.30\u2019da Beyarmudu Belediyesi G\u00fcney Mesarya Sosyal Tesisleri\u2019nde yap\u0131lacak. Saat 18.00\u2019de kortej y\u00fcr\u00fcy\u00fc\u015f\u00fc ile ba\u015flayacak festivalde, KKTC, T\u00fcrkiye, K\u0131rg\u0131zistan, Kazakistan, Ukrayna ve Bulgaristan\u2019dan ekipler g\u00f6steriler sunacak. Etkinlikte \u00e7ocuklar i\u00e7in \u015fi\u015fme balonlar, y\u00fcz boyama ve \u00e7e\u015fitli standlar [&hellip;]","og_url":"https:\/\/kuzeyinsesi.org\/index.php\/2024\/05\/31\/beyarmudu-belediyesi-2nci-cocuk-festivali-5-haziranda-yapilacak\/","og_site_name":"Kuzeyin Sesi","article_publisher":"https:\/\/www.facebook.com\/kuzeyinsesii","article_published_time":"2024-05-31T07:10:58+00:00","og_image":[{"width":930,"height":1008,"url":"https:\/\/kuzeyinsesi.org\/wp-content\/uploads\/2024\/05\/beyarmudu-belediyesi-cocuk-senligi.jpg","type":"image\/jpeg"}],"author":"Kuzeyin Sesi","twitter_card":"summary_large_image","twitter_creator":"@kuzeyinsesii","twitter_site":"@kuzeyinsesii","twitter_misc":{"Yazan:":"Kuzeyin Sesi"},"schema":{"@context":"https:\/\/schema.org","@graph":[{"@type":"Article","@id":"https:\/\/kuzeyinsesi.org\/index.php\/2024\/05\/31\/beyarmudu-belediyesi-2nci-cocuk-festivali-5-haziranda-yapilacak\/#article","isPartOf":{"@id":"https:\/\/kuzeyinsesi.org\/index.php\/2024\/05\/31\/beyarmudu-belediyesi-2nci-cocuk-festivali-5-haziranda-yapilacak\/"},"author":{"name":"Kuzeyin Sesi","@id":"https:\/\/kuzeyinsesi.org\/#\/schema\/person\/9f859689cdf01485597712386e37f5aa"},"headline":"Beyarmudu Belediyesi 2\u2019nci \u00c7ocuk Festivali 5 Haziran\u2019da yap\u0131lacak","datePublished":"2024-05-31T07:10:58+00:00","mainEntityOfPage":{"@id":"https:\/\/kuzeyinsesi.org\/index.php\/2024\/05\/31\/beyarmudu-belediyesi-2nci-cocuk-festivali-5-haziranda-yapilacak\/"},"wordCount":86,"commentCount":0,"image":{"@id":"https:\/\/kuzeyinsesi.org\/index.php\/2024\/05\/31\/beyarmudu-belediyesi-2nci-cocuk-festivali-5-haziranda-yapilacak\/#primaryimage"},"thumbnailUrl":"https:\/\/kuzeyinsesi.org\/wp-content\/uploads\/2024\/05\/beyarmudu-belediyesi-cocuk-senligi.jpg","articleSection":["Ya\u015fam"],"inLanguage":"tr","potentialAction":[{"@type":"CommentAction","name":"Comment","target":["https:\/\/kuzeyinsesi.org\/index.php\/2024\/05\/31\/beyarmudu-belediyesi-2nci-cocuk-festivali-5-haziranda-yapilacak\/#respond"]}]},{"@type":"WebPage","@id":"https:\/\/kuzeyinsesi.org\/index.php\/2024\/05\/31\/beyarmudu-belediyesi-2nci-cocuk-festivali-5-haziranda-yapilacak\/","url":"https:\/\/kuzeyinsesi.org\/index.php\/2024\/05\/31\/beyarmudu-belediyesi-2nci-cocuk-festivali-5-haziranda-yapilacak\/","name":"Beyarmudu Belediyesi 2\u2019nci \u00c7ocuk Festivali 5 Haziran\u2019da yap\u0131lacak - Kuzeyin Sesi","isPartOf":{"@id":"https:\/\/kuzeyinsesi.org\/#website"},"primaryImageOfPage":{"@id":"https:\/\/kuzeyinsesi.org\/index.php\/2024\/05\/31\/beyarmudu-belediyesi-2nci-cocuk-festivali-5-haziranda-yapilacak\/#primaryimage"},"image":{"@id":"https:\/\/kuzeyinsesi.org\/index.php\/2024\/05\/31\/beyarmudu-belediyesi-2nci-cocuk-festivali-5-haziranda-yapilacak\/#primaryimage"},"thumbnailUrl":"https:\/\/kuzeyinsesi.org\/wp-content\/uploads\/2024\/05\/beyarmudu-belediyesi-cocuk-senligi.jpg","datePublished":"2024-05-31T07:10:58+00:00","author":{"@id":"https:\/\/kuzeyinsesi.org\/#\/schema\/person\/9f859689cdf01485597712386e37f5aa"},"breadcrumb":{"@id":"https:\/\/kuzeyinsesi.org\/index.php\/2024\/05\/31\/beyarmudu-belediyesi-2nci-cocuk-festivali-5-haziranda-yapilacak\/#breadcrumb"},"inLanguage":"tr","potentialAction":[{"@type":"ReadAction","target":["https:\/\/kuzeyinsesi.org\/index.php\/2024\/05\/31\/beyarmudu-belediyesi-2nci-cocuk-festivali-5-haziranda-yapilacak\/"]}]},{"@type":"ImageObject","inLanguage":"tr","@id":"https:\/\/kuzeyinsesi.org\/index.php\/2024\/05\/31\/beyarmudu-belediyesi-2nci-cocuk-festivali-5-haziranda-yapilacak\/#primaryimage","url":"https:\/\/kuzeyinsesi.org\/wp-content\/uploads\/2024\/05\/beyarmudu-belediyesi-cocuk-senligi.jpg","contentUrl":"https:\/\/kuzeyinsesi.org\/wp-content\/uploads\/2024\/05\/beyarmudu-belediyesi-cocuk-senligi.jpg","width":930,"height":1008},{"@type":"BreadcrumbList","@id":"https:\/\/kuzeyinsesi.org\/index.php\/2024\/05\/31\/beyarmudu-belediyesi-2nci-cocuk-festivali-5-haziranda-yapilacak\/#breadcrumb","itemListElement":[{"@type":"ListItem","position":1,"name":"Anasayfa","item":"https:\/\/kuzeyinsesi.org\/"},{"@type":"ListItem","position":2,"name":"Beyarmudu Belediyesi 2\u2019nci \u00c7ocuk Festivali 5 Haziran\u2019da yap\u0131lacak"}]},{"@type":"WebSite","@id":"https:\/\/kuzeyinsesi.org\/#website","url":"https:\/\/kuzeyinsesi.org\/","name":"Kuzeyin Sesi","description":"Do\u011fru Haberin Adresi","potentialAction":[{"@type":"SearchAction","target":{"@type":"EntryPoint","urlTemplate":"https:\/\/kuzeyinsesi.org\/?s={search_term_string}"},"query-input":{"@type":"PropertyValueSpecification","valueRequired":true,"valueName":"search_term_string"}}],"inLanguage":"tr"},{"@type":"Person","@id":"https:\/\/kuzeyinsesi.org\/#\/schema\/person\/9f859689cdf01485597712386e37f5aa","name":"Kuzeyin Sesi","image":{"@type":"ImageObject","inLanguage":"tr","@id":"https:\/\/secure.gravatar.com\/avatar\/bab33852abfd8b282518d6ed81826833d77c3c882d9ab608add591ccace47a44?s=96&d=mm&r=g","url":"https:\/\/secure.gravatar.com\/avatar\/bab33852abfd8b282518d6ed81826833d77c3c882d9ab608add591ccace47a44?s=96&d=mm&r=g","contentUrl":"https:\/\/secure.gravatar.com\/avatar\/bab33852abfd8b282518d6ed81826833d77c3c882d9ab608add591ccace47a44?s=96&d=mm&r=g","caption":"Kuzeyin Sesi"},"sameAs":["https:\/\/kuzeyinsesi.org"],"url":"https:\/\/kuzeyinsesi.org\/index.php\/author\/guven\/"}]}},"_links":{"self":[{"href":"https:\/\/kuzeyinsesi.org\/index.php\/wp-json\/wp\/v2\/posts\/3780","targetHints":{"allow":["GET"]}}],"collection":[{"href":"https:\/\/kuzeyinsesi.org\/index.php\/wp-json\/wp\/v2\/posts"}],"about":[{"href":"https:\/\/kuzeyinsesi.org\/index.php\/wp-json\/wp\/v2\/types\/post"}],"author":[{"embeddable":true,"href":"https:\/\/kuzeyinsesi.org\/index.php\/wp-json\/wp\/v2\/users\/1"}],"replies":[{"embeddable":true,"href":"https:\/\/kuzeyinsesi.org\/index.php\/wp-json\/wp\/v2\/comments?post=3780"}],"version-history":[{"count":0,"href":"https:\/\/kuzeyinsesi.org\/index.php\/wp-json\/wp\/v2\/posts\/3780\/revisions"}],"wp:featuredmedia":[{"embeddable":true,"href":"https:\/\/kuzeyinsesi.org\/index.php\/wp-json\/wp\/v2\/media\/3781"}],"wp:attachment":[{"href":"https:\/\/kuzeyinsesi.org\/index.php\/wp-json\/wp\/v2\/media?parent=3780"}],"wp:term":[{"taxonomy":"category","embeddable":true,"href":"https:\/\/kuzeyinsesi.org\/index.php\/wp-json\/wp\/v2\/categories?post=3780"},{"taxonomy":"post_tag","embeddable":true,"href":"https:\/\/kuzeyinsesi.org\/index.php\/wp-json\/wp\/v2\/tags?post=3780"}],"curies":[{"name":"wp","href":"https:\/\/api.w.org\/{rel}","templated":true}]}}