{"id":37789,"date":"2026-05-01T09:32:58","date_gmt":"2026-05-01T06:32:58","guid":{"rendered":"https:\/\/kuzeyinsesi.org\/index.php\/2026\/05\/01\/yurtseven-olumlu-is-kazalarinin-onune-gecilmesi-icin-yapilmasi-gerekenlere-dikkat-cekti-egitim-denetim-ve-uygulama\/"},"modified":"2026-05-01T09:32:58","modified_gmt":"2026-05-01T06:32:58","slug":"yurtseven-olumlu-is-kazalarinin-onune-gecilmesi-icin-yapilmasi-gerekenlere-dikkat-cekti-egitim-denetim-ve-uygulama","status":"publish","type":"post","link":"https:\/\/kuzeyinsesi.org\/index.php\/2026\/05\/01\/yurtseven-olumlu-is-kazalarinin-onune-gecilmesi-icin-yapilmasi-gerekenlere-dikkat-cekti-egitim-denetim-ve-uygulama\/","title":{"rendered":"Yurtseven, \u00f6l\u00fcml\u00fc i\u015f kazalar\u0131n\u0131n \u00f6n\u00fcne ge\u00e7ilmesi i\u00e7in yap\u0131lmas\u0131 gerekenlere dikkat \u00e7ekti: E\u011fitim, denetim ve uygulama"},"content":{"rendered":"<p><strong><u>\u00dclkemizde bug\u00fcn 1 May\u0131s \u0130\u015f\u00e7i ve Emek\u00e7i bayram\u0131 kutlan\u0131rken ayn\u0131 zamanda i\u015f sa\u011fl\u0131\u011f\u0131 ve g\u00fcvenli\u011fine ne kadar \u00f6nem veriliyor sorusu da tart\u0131\u015f\u0131l\u0131yor. \u0130n\u015faat M\u00fchendisi ve \u0130SG Uzman\u0131 Niyazi Yurtseven, in\u015faat sekt\u00f6r\u00fcnde ya\u015fanan \u00f6l\u00fcml\u00fc i\u015f kazalar\u0131n\u0131n \u00f6n\u00fcne ge\u00e7ilmesi i\u00e7in yap\u0131lmas\u0131 gerekenlere dikkat \u00e7ekti: <\/u><\/strong><\/p>\n<p>&nbsp;<\/p>\n<p><strong>\u201c\u0130SG ekstra maliyet olarak g\u00f6r\u00fcl\u00fcyor!\u201d\u2026 <\/strong>Niyazi Yurtseven, \u201c\u0130n\u015faata ba\u015flamadan \u00f6nce al\u0131nmas\u0131 gereken \u00f6nlemler ka\u011f\u0131t \u00fczerinde al\u0131n\u0131yor. \u0130SG uzman\u0131 raporunu yaz\u0131yor ama i\u015fverenler bu raporu veya kontrol\u00fc ekstra maliyet olarak g\u00f6rd\u00fc\u011f\u00fc i\u00e7in sadece rapor isteyip olay\u0131 orada b\u0131rak\u0131yor. Normalde bunlar\u0131n bir de sahada denetlenmesi gerekiyor.\u201d diye konu\u015ftu.<\/p>\n<p>&nbsp;<\/p>\n<p><strong>\u201cEn b\u00fcy\u00fck sorun denetim yetersizli\u011fi!\u201d\u2026 <\/strong>Sistemdeki en b\u00fcy\u00fck bo\u015flu\u011fun \u2018denetim yapacak personel eksikli\u011fi\u2019 oldu\u011funu vurgulayan Uzman Yurtseven, personelin az olmas\u0131ndan dolay\u0131 sahadaki \u00e7al\u0131\u015fmalar\u0131n sekteye u\u011frad\u0131\u011f\u0131n\u0131n alt\u0131n\u0131 \u00e7izdi. Yurtseven, \u00f6l\u00fcml\u00fc i\u015f kazalar\u0131n\u0131 azaltmak i\u00e7in denetim mekanizmalar\u0131n s\u0131k\u0131la\u015ft\u0131r\u0131lmas\u0131 gerekti\u011fini vurgulad\u0131.<\/p>\n<p><strong>\u00a0<\/strong><\/p>\n<p><strong>\u201cEn fazla \u00f6l\u00fcm sebebi \u2018y\u00fcksekten d\u00fc\u015fme\u2019!\u201d&#8230; <\/strong>\u0130n\u015faatlarda ya\u015fanan \u00f6l\u00fcml\u00fc i\u015f kazalar\u0131n\u0131n en fazla g\u00f6r\u00fclen sebebin \u2018y\u00fcksekten d\u00fc\u015fme\u2019 oldu\u011funa dikkat \u00e7eken Yurtseven, \u201cBu \u00e7al\u0131\u015fma i\u00e7in g\u00fcvenlik a\u011f\u0131 al\u0131nmas\u0131 ve i\u015f\u00e7inin \u2018kemer sisteminin\u2019 sa\u011flanmas\u0131 gerekiyor. Ayr\u0131ca bir\u00e7ok i\u015f\u00e7i yabac\u0131 oldu\u011fu i\u00e7in \u00f6ncelikle dil e\u011fitimi ve mutlaka i\u015f sa\u011fl\u0131\u011f\u0131 ve g\u00fcvenli\u011fi e\u011fitimi almas\u0131 gerekiyor.\u201d dedi.<\/p>\n<p><strong><u>\u00a0<\/u><\/strong><\/p>\n<p><strong><u>Candan MERT<\/u><\/strong><\/p>\n<p>&nbsp;<\/p>\n<p>\u00dclkemizde \u00f6zellikle in\u015faat sekt\u00f6r\u00fcnde ya\u015fanan \u00f6l\u00fcml\u00fc i\u015f kazalar\u0131, i\u015f \u00f6ncesinde gerekli \u00f6nlemlerin al\u0131n\u0131p al\u0131nmad\u0131\u011f\u0131 ve bu anlamda yeterli denetimlerin olup olmad\u0131\u011f\u0131 konusunu s\u00fcrekli olarak g\u00fcndemde tutuyor.<\/p>\n<p>K\u0131sa bir s\u00fcre \u00f6nce yine bir in\u015faatta g\u00fcvenlik \u00f6nlemlerinin yeterince al\u0131nmamas\u0131ndan dolay\u0131 yabanc\u0131 uyruklu bir i\u015f\u00e7i daha hayat\u0131n\u0131 kaybetmesi, \u0130\u015f Sa\u011fl\u0131\u011f\u0131 ve G\u00fcvenli\u011fi \u00f6nlemlerinin yeterlili\u011fini sorgulat\u0131yor.<\/p>\n<p>\u0130n\u015faat M\u00fchendisi ve \u0130\u015f Sa\u011fl\u0131\u011f\u0131 ve G\u00fcvenli\u011fi (\u0130SG) Uzman\u0131 Niyazi Yurtseven, bir proje ba\u015flamadan \u00f6nce gerekli g\u00fcvenlik \u00f6nlemlerini ve denetim mekanizmas\u0131n\u0131n nas\u0131l \u00e7al\u0131\u015fmas\u0131 gerekti\u011fini KIBRIS\u2019a de\u011ferlendirdi.<\/p>\n<p>&nbsp;<\/p>\n<p><strong>\u201cB\u00fct\u00fcn \u00f6nlemler al\u0131narak ba\u015flanmal\u0131\u201d<\/strong><\/p>\n<p>&nbsp;<\/p>\n<p>\u0130\u015f Sa\u011fl\u0131\u011f\u0131 ve G\u00fcvenli\u011fi Yasas\u0131 i\u00e7erisinde i\u015fveren ve \u0130\u015f Sa\u011fl\u0131\u011f\u0131 G\u00fcvenli\u011fi Uzman\u0131 gibi yetkililerin g\u00f6rev tan\u0131mlar\u0131n\u0131n yap\u0131ld\u0131\u011f\u0131n\u0131 ifade eden Uzman Niyazi Yurtseven, proje a\u015famas\u0131nda al\u0131nacak \u00f6nlemlerin \u00f6n \u00e7al\u0131\u015fmas\u0131n\u0131n da yap\u0131ld\u0131\u011f\u0131n\u0131 dile getirdi. Yap\u0131 denetimi kapsam\u0131nda evraklar\u0131n bulundu\u011funu ve \u0130SG uzman\u0131n\u0131n bu evraktaki b\u00f6l\u00fcmleri doldurup imzalad\u0131\u011f\u0131n\u0131 aktaran Yurtseven, i\u015f ba\u015flamadan \u00f6nce bu belgelerin tamamlanarak belediyeye sunuldu\u011funu ve i\u015flemlerin yasal zemin i\u00e7erisinde ba\u015flamas\u0131n\u0131n sa\u011fland\u0131\u011f\u0131n\u0131 s\u00f6yledi. Bunun d\u0131\u015f\u0131nda mal sahibinin uzman\u0131 buldu\u011funu ve tutulan raporlar ba\u011flam\u0131nda eksiklerin ortaya \u00e7\u0131kar\u0131ld\u0131\u011f\u0131n\u0131 kaydeden Yurtseven, \u201cEn ba\u015fta yap\u0131lmas\u0131 gerekenler, in\u015faat\u0131n \u00e7evresinin kapat\u0131larak giri\u015f-\u00e7\u0131k\u0131\u015f\u0131n engellenmesi, \u00e7al\u0131\u015facak olan i\u015f\u00e7ilerin gerekli koruyucu donan\u0131mlar\u0131n\u0131 giymesi ve e\u011fer eksikse i\u015f\u00e7ilerin e\u011fitimlerinin verilmesidir.\u201d dedi. Bu \u00f6nlemlerin \u00f6ncesinde ve sonras\u0131nda da yap\u0131lmas\u0131 gerekenlerin bulundu\u011funu ifade eden Yurtseven, temel anlamda al\u0131nmas\u0131 gereken \u00f6nlemlerin bu say\u0131lanlar oldu\u011funu vurgularken, kamu veya \u00f6zel fark etmeksizin, bir in\u015faata ba\u015flanmadan b\u00fct\u00fcn bu noktalar\u0131n hayata ge\u00e7irilmesi gerekti\u011finin alt\u0131n\u0131 \u00e7izdi.<\/p>\n<p>&nbsp;<\/p>\n<p><strong>\u201c\u0130\u015fverenler \u0130SG\u2019yi ekstra maliyet g\u00f6r\u00fcyor\u201d<\/strong><\/p>\n<p>&nbsp;<\/p>\n<p>Al\u0131nacak bu \u00f6nlemlerin t\u00fcm\u00fcnden mal sahibinin sorumlu oldu\u011funa vurgu yapan Uzman Niyazi Yurtseven, mal sahibinin b\u00fct\u00fcn yetkiyi i\u015fverene devretmesi halinde sorumlulu\u011fun m\u00fcteahhide ait oldu\u011funu ve bu noktada b\u00fct\u00fcn tedbirlerin al\u0131nma sorumlulu\u011funun da m\u00fcteahhitte oldu\u011funu kaydetti. Bu anlamda m\u00fcteahhidin \u00e7al\u0131\u015facak olan i\u015f\u00e7inin e\u011fitimini vermekle y\u00fck\u00fcml\u00fc olaca\u011f\u0131n\u0131 aktaran Yurtseven, ayn\u0131 zamanda ki\u015fisel koruyucu donan\u0131mlar\u0131n\u0131 da sa\u011flamak durumunda kalaca\u011f\u0131n\u0131 belirterek, \u015fantiye i\u00e7in gerekli korkuluk, a\u011f gibi ekipmanlar\u0131 da sa\u011flamas\u0131 gerekti\u011fini vurgulad\u0131. Sahada kar\u015f\u0131la\u015f\u0131lan temel sorunlara de\u011finen Uzman Yurtseven, \u201cBu gibi \u00f6nlemler al\u0131n\u0131yor ve yap\u0131lmas\u0131 gerekenler en ba\u015fta yap\u0131l\u0131yor, veya ka\u011f\u0131t \u00fczerinde bu \u015fekilde uygun g\u00f6steriliyor. \u0130SG uzman\u0131 raporunu da yaz\u0131yor ama i\u015fverenler bu raporu veya kontrol\u00fc ekstra maliyet olarak g\u00f6rd\u00fc\u011f\u00fc i\u00e7in sadece rapor isteyip olay\u0131 orada b\u0131rak\u0131yor. Normalde bunlar\u0131n bir de denetlenmesi ve sahada \u015fantiye b\u00fcy\u00fckl\u00fc\u011f\u00fcne g\u00f6re tam zamanl\u0131 veya yar\u0131 zamanl\u0131 olarak denetlemecilerin sahada bulunmas\u0131 gerekiyor.\u201d ifadelerini kulland\u0131.<\/p>\n<p><strong>\u00a0<\/strong><\/p>\n<p><strong>\u201cPersonel eksikli\u011fi b\u00fcy\u00fck sorun\u201d<\/strong><\/p>\n<p>&nbsp;<\/p>\n<p>T\u00fcm bunlar\u0131n yan\u0131nda sistemdeki en b\u00fcy\u00fck bo\u015flu\u011fun \u2018\u00c7al\u0131\u015fma Bakanl\u0131\u011f\u0131 b\u00fcnyesindeki denetim yapacak personel eksikli\u011fi\u2019 oldu\u011funu vurgulayan Niyazi Yurtseven, personelin az olmas\u0131ndan dolay\u0131 sahadaki \u00e7al\u0131\u015fmalar\u0131n sekteye u\u011frad\u0131\u011f\u0131n\u0131n alt\u0131n\u0131 \u00e7izdi. Daire i\u00e7erisinde \u00e7al\u0131\u015fan insanlar\u0131n bir\u00e7ok i\u015fi bir arada yapmaya \u00e7al\u0131\u015ft\u0131klar\u0131na dikkat \u00e7eken Yurtseven, \u201cPersonel, hem daire i\u00e7erisindeki i\u015fleri yap\u0131yor, hem ka\u00e7ak i\u015f\u00e7i i\u015flemleri, raporlama, dosya d\u00fczenleme gibi i\u015fleri yap\u0131yor, hem de \u0130\u015f Sa\u011fl\u0131\u011f\u0131 ve G\u00fcvenli\u011fi k\u0131sm\u0131na bak\u0131yor. Yani bu kadar yo\u011funlu\u011fun i\u00e7erisinde birka\u00e7 personelin hem bu kadar i\u015fi yap\u0131p hem de sahaya \u00e7\u0131k\u0131p t\u00fcm \u015fantiyeleri denetlemesi \u00e7ok zor. S\u0131k\u0131nt\u0131 bu anlamda denetleme k\u0131sm\u0131nda oluyor.\u201d dedi.<\/p>\n<p>&nbsp;<\/p>\n<p><strong>\u201cDenetim mekanizmalar\u0131 s\u0131k\u0131la\u015ft\u0131r\u0131lmal\u0131\u201d<\/strong><\/p>\n<p><strong>\u00a0<\/strong><\/p>\n<p>Meydana gelen \u00f6l\u00fcml\u00fc i\u015f kazalar\u0131n\u0131 azaltmak i\u00e7in yap\u0131lmas\u0131 gerekenlerden bahseden Yurtseven, her \u015feyden \u00f6nce denetim mekanizmalar\u0131n s\u0131k\u0131la\u015ft\u0131r\u0131lmas\u0131 gerekti\u011fini vurgulayarak, sahadaki personelin art\u0131r\u0131lmas\u0131n\u0131n da bu noktada elzem oldu\u011funu aktard\u0131. Yurtseven, \u00f6zellikle personel say\u0131s\u0131n\u0131n art\u0131r\u0131lmas\u0131n\u0131n denetleme mekanizmas\u0131ndaki eksikliklerin giderilmesi noktas\u0131nda \u00f6nem arz eden bir durum oldu\u011funun alt\u0131n\u0131 \u00e7izdi. \u0130lerleyen a\u015famalarda da yap\u0131lmas\u0131 gerekenlerden s\u00f6z eden Niyazi Yurtseven, \u201cBu sekt\u00f6rde \u00e7al\u0131\u015fanlar\u0131n \u00e7o\u011fu yabanc\u0131, her \u015feyden \u00f6nce bir dil sorunu da var. Yabanc\u0131 uyruklu \u015fah\u0131slar nas\u0131l ki \u00fcniversiteye girerken bir oryantasyon s\u00fcrecinden ge\u00e7iyorsa, bu tarz i\u015flerde \u00e7al\u0131\u015fmaya gelen ki\u015filerin de ayn\u0131 \u015fekilde bir oryantasyondan ge\u00e7irilmeli, \u0130\u015f Sa\u011fl\u0131\u011f\u0131 ve G\u00fcvenli\u011fi e\u011fitimi verilmeli ve dil e\u011fitimi de ayn\u0131 \u015fekilde verilmelidir. Yapacaklar\u0131 i\u015fin hangi tehlikeler ta\u015f\u0131d\u0131\u011f\u0131n\u0131 ve bu tehlikelerin \u00f6nlenebilmesi hususundaki e\u011fitimler verilirse, bu \u00f6l\u00fcmlerin de, ihmallerin de \u00f6n\u00fcne ge\u00e7ilebilir.\u201d ifadelerini kulland\u0131.<\/p>\n<p>Ayn\u0131 \u015fekilde i\u015fverenlerin de belli e\u011fitimlerden ge\u00e7irilmesi gerekti\u011fini dile getiren Yurtseven, i\u015fverenlerin bu tarz e\u011fitimleri ek maliyet g\u00f6rd\u00fc\u011f\u00fcn\u00fc an\u0131msatarak, \u201cFark\u0131nda de\u011filler ki, i\u015f bu boyuta geldi\u011fi zaman hem maddi hem manevi a\u00e7\u0131dan daha fazla y\u0131pranacaklard\u0131r. Bunlar\u0131 da i\u015fverenlere anlat\u0131p, g\u00f6stermek laz\u0131m.\u201d dedi.<\/p>\n<p>&nbsp;<\/p>\n<p><strong>\u201c\u00c7o\u011fu \u00f6l\u00fcm\u00fcn sebebi \u2018y\u00fcksekten d\u00fc\u015fme\u2019\u201d<\/strong><\/p>\n<p>&nbsp;<\/p>\n<p>\u0130n\u015faatlarda ya\u015fanan \u00f6l\u00fcml\u00fc i\u015f kazalar\u0131n\u0131n nedenlerini de irdeleyen Uzman Yurtseven, en fazla g\u00f6r\u00fclen sebebin \u2018y\u00fcksekten d\u00fc\u015fme\u2019 oldu\u011funu dile getirdi. Bu ba\u011flamda en temel s\u0131k\u0131nt\u0131n\u0131n yine i\u015fverenin gerekli g\u00fcvenlik \u00f6nlemlerini almamas\u0131 oldu\u011funu kaydeden Niyazi Yurtseven, konu\u015fmas\u0131nda, \u201c\u015eimdi y\u00fcksekte \u00e7al\u0131\u015f\u0131lacak bir \u00e7al\u0131\u015fma yapaca\u011f\u0131z. Bu \u00e7al\u0131\u015fma i\u00e7in g\u00fcvenlik a\u011f\u0131 al\u0131nd\u0131 m\u0131? Bu a\u011f, y\u00fcksekten d\u00fc\u015fmeyi \u00f6nlemek i\u00e7indir. Sonras\u0131, \u00e7al\u0131\u015fan\u0131n ki\u015fisel koruyucular\u0131n\u0131 tamamlamakt\u0131r. Bunlar\u0131n temelinde \u2018kemer sistemi\u2019 vard\u0131r. Y\u00fcksekte \u00e7al\u0131\u015facak i\u015f\u00e7i bu kemer sistemini takar, halat\u0131n\u0131n kancas\u0131n\u0131 da sabitlenmi\u015f olan duvara veya demire takar ve g\u00fcvenle \u00e7al\u0131\u015f\u0131r. \u00dc\u00e7\u00fcnc\u00fc k\u0131s\u0131m da, i\u015fe ba\u015flamadan \u00f6nce y\u00fcksekte \u00e7al\u0131\u015facak ki\u015fiye bu anlamda gerekli e\u011fitimlerin verilmesidir. \u00a0Yani bu i\u015f\u00e7i, y\u00fcksekte \u00e7al\u0131\u015fman\u0131n risklerini bilecek ve ona g\u00f6re daha az hasar alaca\u011f\u0131 \u015fekilde \u00e7al\u0131\u015facak. Bu anlamda ekipman tan\u0131t\u0131m\u0131 dahil t\u00fcm bilgilerin i\u015f\u00e7iye aktar\u0131lmas\u0131 gerekiyor. Zaten bunlar yap\u0131ld\u0131\u011f\u0131 zaman, y\u00fcksekten d\u00fc\u015fme veya \u00f6l\u00fcml\u00fc i\u015f kazalar\u0131 bir nebze olsun azalacak.\u201d ifadelerine yer verdi.<\/p>\n<p>&nbsp;<\/p>\n<p><strong>\u201c\u0130SG bir bilin\u00e7lendirmedir\u201d<\/strong><\/p>\n<p>&nbsp;<\/p>\n<p>\u0130\u015f Sa\u011fl\u0131\u011f\u0131 ve G\u00fcvenli\u011fi konusunun derin ve geni\u015f bir konu oldu\u011funu aktaran Yurtseven, istenmeyen olaylar\u0131n oldu\u011funu ve olmaya da devam edece\u011fini belirterek, \u201c\u0130SG bir k\u00fclt\u00fcrd\u00fcr, bir bilin\u00e7lendirmedir. \u0130nsanlar olumsuz olaylar\u0131 ya\u015fad\u0131ktan sonra \u00f6nlem al\u0131yor, \u00f6ncesinde o \u00f6nlemleri alm\u0131yor. Burada 3 b\u00fcy\u00fck etken var; e\u011fitim, denetim ve uygulama. Bu 3 a\u015famay\u0131 yaparsak zaten bu gibi \u00f6l\u00fcml\u00fc i\u015f kazalar\u0131n\u0131n \u00f6n\u00fcne ge\u00e7ilebilir.\u201d dedi.<\/p>\n","protected":false},"excerpt":{"rendered":"<p>\u00dclkemizde bug\u00fcn 1 May\u0131s \u0130\u015f\u00e7i ve Emek\u00e7i bayram\u0131 kutlan\u0131rken ayn\u0131 zamanda i\u015f sa\u011fl\u0131\u011f\u0131 ve g\u00fcvenli\u011fine ne kadar \u00f6nem veriliyor sorusu da tart\u0131\u015f\u0131l\u0131yor. \u0130n\u015faat M\u00fchendisi ve \u0130SG Uzman\u0131 Niyazi Yurtseven, in\u015faat sekt\u00f6r\u00fcnde ya\u015fanan \u00f6l\u00fcml\u00fc i\u015f kazalar\u0131n\u0131n \u00f6n\u00fcne ge\u00e7ilmesi i\u00e7in yap\u0131lmas\u0131 gerekenlere dikkat \u00e7ekti: &nbsp; \u201c\u0130SG ekstra maliyet olarak g\u00f6r\u00fcl\u00fcyor!\u201d\u2026 Niyazi Yurtseven, \u201c\u0130n\u015faata ba\u015flamadan \u00f6nce al\u0131nmas\u0131 gereken [&hellip;]<\/p>\n","protected":false},"author":1,"featured_media":37790,"comment_status":"open","ping_status":"open","sticky":false,"template":"","format":"standard","meta":{"jnews-multi-image_gallery":[],"jnews_single_post":[],"jnews_primary_category":[],"jnews_social_meta":[],"jnews_override_counter":[],"footnotes":""},"categories":[1],"tags":[],"class_list":["post-37789","post","type-post","status-publish","format-standard","has-post-thumbnail","hentry","category-kibris"],"yoast_head":"<!-- This site is optimized with the Yoast SEO plugin v27.5 - https:\/\/yoast.com\/product\/yoast-seo-wordpress\/ -->\n<title>Yurtseven, \u00f6l\u00fcml\u00fc i\u015f kazalar\u0131n\u0131n \u00f6n\u00fcne ge\u00e7ilmesi i\u00e7in yap\u0131lmas\u0131 gerekenlere dikkat \u00e7ekti: E\u011fitim, denetim ve uygulama - Kuzeyin Sesi<\/title>\n<meta name=\"robots\" content=\"index, follow, max-snippet:-1, max-image-preview:large, max-video-preview:-1\" \/>\n<link rel=\"canonical\" href=\"https:\/\/kuzeyinsesi.org\/index.php\/2026\/05\/01\/yurtseven-olumlu-is-kazalarinin-onune-gecilmesi-icin-yapilmasi-gerekenlere-dikkat-cekti-egitim-denetim-ve-uygulama\/\" \/>\n<meta property=\"og:locale\" content=\"tr_TR\" \/>\n<meta property=\"og:type\" content=\"article\" \/>\n<meta property=\"og:title\" content=\"Yurtseven, \u00f6l\u00fcml\u00fc i\u015f kazalar\u0131n\u0131n \u00f6n\u00fcne ge\u00e7ilmesi i\u00e7in yap\u0131lmas\u0131 gerekenlere dikkat \u00e7ekti: E\u011fitim, denetim ve uygulama - Kuzeyin Sesi\" \/>\n<meta property=\"og:description\" content=\"\u00dclkemizde bug\u00fcn 1 May\u0131s \u0130\u015f\u00e7i ve Emek\u00e7i bayram\u0131 kutlan\u0131rken ayn\u0131 zamanda i\u015f sa\u011fl\u0131\u011f\u0131 ve g\u00fcvenli\u011fine ne kadar \u00f6nem veriliyor sorusu da tart\u0131\u015f\u0131l\u0131yor. \u0130n\u015faat M\u00fchendisi ve \u0130SG Uzman\u0131 Niyazi Yurtseven, in\u015faat sekt\u00f6r\u00fcnde ya\u015fanan \u00f6l\u00fcml\u00fc i\u015f kazalar\u0131n\u0131n \u00f6n\u00fcne ge\u00e7ilmesi i\u00e7in yap\u0131lmas\u0131 gerekenlere dikkat \u00e7ekti: &nbsp; \u201c\u0130SG ekstra maliyet olarak g\u00f6r\u00fcl\u00fcyor!\u201d\u2026 Niyazi Yurtseven, \u201c\u0130n\u015faata ba\u015flamadan \u00f6nce al\u0131nmas\u0131 gereken [&hellip;]\" \/>\n<meta property=\"og:url\" content=\"https:\/\/kuzeyinsesi.org\/index.php\/2026\/05\/01\/yurtseven-olumlu-is-kazalarinin-onune-gecilmesi-icin-yapilmasi-gerekenlere-dikkat-cekti-egitim-denetim-ve-uygulama\/\" \/>\n<meta property=\"og:site_name\" content=\"Kuzeyin Sesi\" \/>\n<meta property=\"article:publisher\" content=\"https:\/\/www.facebook.com\/kuzeyinsesii\" \/>\n<meta property=\"article:published_time\" content=\"2026-05-01T06:32:58+00:00\" \/>\n<meta name=\"author\" content=\"Kuzeyin Sesi\" \/>\n<meta name=\"twitter:card\" content=\"summary_large_image\" \/>\n<meta name=\"twitter:creator\" content=\"@kuzeyinsesii\" \/>\n<meta name=\"twitter:site\" content=\"@kuzeyinsesii\" \/>\n<meta name=\"twitter:label1\" content=\"Yazan:\" \/>\n\t<meta name=\"twitter:data1\" content=\"Kuzeyin Sesi\" \/>\n\t<meta name=\"twitter:label2\" content=\"Tahmini okuma s\u00fcresi\" \/>\n\t<meta name=\"twitter:data2\" content=\"8 dakika\" \/>\n<script type=\"application\/ld+json\" class=\"yoast-schema-graph\">{\"@context\":\"https:\\\/\\\/schema.org\",\"@graph\":[{\"@type\":\"Article\",\"@id\":\"https:\\\/\\\/kuzeyinsesi.org\\\/index.php\\\/2026\\\/05\\\/01\\\/yurtseven-olumlu-is-kazalarinin-onune-gecilmesi-icin-yapilmasi-gerekenlere-dikkat-cekti-egitim-denetim-ve-uygulama\\\/#article\",\"isPartOf\":{\"@id\":\"https:\\\/\\\/kuzeyinsesi.org\\\/index.php\\\/2026\\\/05\\\/01\\\/yurtseven-olumlu-is-kazalarinin-onune-gecilmesi-icin-yapilmasi-gerekenlere-dikkat-cekti-egitim-denetim-ve-uygulama\\\/\"},\"author\":{\"name\":\"Kuzeyin Sesi\",\"@id\":\"https:\\\/\\\/kuzeyinsesi.org\\\/#\\\/schema\\\/person\\\/9f859689cdf01485597712386e37f5aa\"},\"headline\":\"Yurtseven, \u00f6l\u00fcml\u00fc i\u015f kazalar\u0131n\u0131n \u00f6n\u00fcne ge\u00e7ilmesi i\u00e7in yap\u0131lmas\u0131 gerekenlere dikkat \u00e7ekti: E\u011fitim, denetim ve uygulama\",\"datePublished\":\"2026-05-01T06:32:58+00:00\",\"mainEntityOfPage\":{\"@id\":\"https:\\\/\\\/kuzeyinsesi.org\\\/index.php\\\/2026\\\/05\\\/01\\\/yurtseven-olumlu-is-kazalarinin-onune-gecilmesi-icin-yapilmasi-gerekenlere-dikkat-cekti-egitim-denetim-ve-uygulama\\\/\"},\"wordCount\":1540,\"commentCount\":0,\"image\":{\"@id\":\"https:\\\/\\\/kuzeyinsesi.org\\\/index.php\\\/2026\\\/05\\\/01\\\/yurtseven-olumlu-is-kazalarinin-onune-gecilmesi-icin-yapilmasi-gerekenlere-dikkat-cekti-egitim-denetim-ve-uygulama\\\/#primaryimage\"},\"thumbnailUrl\":\"https:\\\/\\\/kuzeyinsesi.org\\\/wp-content\\\/uploads\\\/2026\\\/05\\\/Kj-yusuf-27.jpg\",\"articleSection\":[\"K\u0131br\u0131s\"],\"inLanguage\":\"tr\",\"potentialAction\":[{\"@type\":\"CommentAction\",\"name\":\"Comment\",\"target\":[\"https:\\\/\\\/kuzeyinsesi.org\\\/index.php\\\/2026\\\/05\\\/01\\\/yurtseven-olumlu-is-kazalarinin-onune-gecilmesi-icin-yapilmasi-gerekenlere-dikkat-cekti-egitim-denetim-ve-uygulama\\\/#respond\"]}]},{\"@type\":\"WebPage\",\"@id\":\"https:\\\/\\\/kuzeyinsesi.org\\\/index.php\\\/2026\\\/05\\\/01\\\/yurtseven-olumlu-is-kazalarinin-onune-gecilmesi-icin-yapilmasi-gerekenlere-dikkat-cekti-egitim-denetim-ve-uygulama\\\/\",\"url\":\"https:\\\/\\\/kuzeyinsesi.org\\\/index.php\\\/2026\\\/05\\\/01\\\/yurtseven-olumlu-is-kazalarinin-onune-gecilmesi-icin-yapilmasi-gerekenlere-dikkat-cekti-egitim-denetim-ve-uygulama\\\/\",\"name\":\"Yurtseven, \u00f6l\u00fcml\u00fc i\u015f kazalar\u0131n\u0131n \u00f6n\u00fcne ge\u00e7ilmesi i\u00e7in yap\u0131lmas\u0131 gerekenlere dikkat \u00e7ekti: E\u011fitim, denetim ve uygulama - Kuzeyin Sesi\",\"isPartOf\":{\"@id\":\"https:\\\/\\\/kuzeyinsesi.org\\\/#website\"},\"primaryImageOfPage\":{\"@id\":\"https:\\\/\\\/kuzeyinsesi.org\\\/index.php\\\/2026\\\/05\\\/01\\\/yurtseven-olumlu-is-kazalarinin-onune-gecilmesi-icin-yapilmasi-gerekenlere-dikkat-cekti-egitim-denetim-ve-uygulama\\\/#primaryimage\"},\"image\":{\"@id\":\"https:\\\/\\\/kuzeyinsesi.org\\\/index.php\\\/2026\\\/05\\\/01\\\/yurtseven-olumlu-is-kazalarinin-onune-gecilmesi-icin-yapilmasi-gerekenlere-dikkat-cekti-egitim-denetim-ve-uygulama\\\/#primaryimage\"},\"thumbnailUrl\":\"https:\\\/\\\/kuzeyinsesi.org\\\/wp-content\\\/uploads\\\/2026\\\/05\\\/Kj-yusuf-27.jpg\",\"datePublished\":\"2026-05-01T06:32:58+00:00\",\"author\":{\"@id\":\"https:\\\/\\\/kuzeyinsesi.org\\\/#\\\/schema\\\/person\\\/9f859689cdf01485597712386e37f5aa\"},\"breadcrumb\":{\"@id\":\"https:\\\/\\\/kuzeyinsesi.org\\\/index.php\\\/2026\\\/05\\\/01\\\/yurtseven-olumlu-is-kazalarinin-onune-gecilmesi-icin-yapilmasi-gerekenlere-dikkat-cekti-egitim-denetim-ve-uygulama\\\/#breadcrumb\"},\"inLanguage\":\"tr\",\"potentialAction\":[{\"@type\":\"ReadAction\",\"target\":[\"https:\\\/\\\/kuzeyinsesi.org\\\/index.php\\\/2026\\\/05\\\/01\\\/yurtseven-olumlu-is-kazalarinin-onune-gecilmesi-icin-yapilmasi-gerekenlere-dikkat-cekti-egitim-denetim-ve-uygulama\\\/\"]}]},{\"@type\":\"ImageObject\",\"inLanguage\":\"tr\",\"@id\":\"https:\\\/\\\/kuzeyinsesi.org\\\/index.php\\\/2026\\\/05\\\/01\\\/yurtseven-olumlu-is-kazalarinin-onune-gecilmesi-icin-yapilmasi-gerekenlere-dikkat-cekti-egitim-denetim-ve-uygulama\\\/#primaryimage\",\"url\":\"https:\\\/\\\/kuzeyinsesi.org\\\/wp-content\\\/uploads\\\/2026\\\/05\\\/Kj-yusuf-27.jpg\",\"contentUrl\":\"https:\\\/\\\/kuzeyinsesi.org\\\/wp-content\\\/uploads\\\/2026\\\/05\\\/Kj-yusuf-27.jpg\",\"width\":2000,\"height\":1414},{\"@type\":\"BreadcrumbList\",\"@id\":\"https:\\\/\\\/kuzeyinsesi.org\\\/index.php\\\/2026\\\/05\\\/01\\\/yurtseven-olumlu-is-kazalarinin-onune-gecilmesi-icin-yapilmasi-gerekenlere-dikkat-cekti-egitim-denetim-ve-uygulama\\\/#breadcrumb\",\"itemListElement\":[{\"@type\":\"ListItem\",\"position\":1,\"name\":\"Anasayfa\",\"item\":\"https:\\\/\\\/kuzeyinsesi.org\\\/\"},{\"@type\":\"ListItem\",\"position\":2,\"name\":\"Yurtseven, \u00f6l\u00fcml\u00fc i\u015f kazalar\u0131n\u0131n \u00f6n\u00fcne ge\u00e7ilmesi i\u00e7in yap\u0131lmas\u0131 gerekenlere dikkat \u00e7ekti: E\u011fitim, denetim ve uygulama\"}]},{\"@type\":\"WebSite\",\"@id\":\"https:\\\/\\\/kuzeyinsesi.org\\\/#website\",\"url\":\"https:\\\/\\\/kuzeyinsesi.org\\\/\",\"name\":\"Kuzeyin Sesi\",\"description\":\"Do\u011fru Haberin Adresi\",\"potentialAction\":[{\"@type\":\"SearchAction\",\"target\":{\"@type\":\"EntryPoint\",\"urlTemplate\":\"https:\\\/\\\/kuzeyinsesi.org\\\/?s={search_term_string}\"},\"query-input\":{\"@type\":\"PropertyValueSpecification\",\"valueRequired\":true,\"valueName\":\"search_term_string\"}}],\"inLanguage\":\"tr\"},{\"@type\":\"Person\",\"@id\":\"https:\\\/\\\/kuzeyinsesi.org\\\/#\\\/schema\\\/person\\\/9f859689cdf01485597712386e37f5aa\",\"name\":\"Kuzeyin Sesi\",\"image\":{\"@type\":\"ImageObject\",\"inLanguage\":\"tr\",\"@id\":\"https:\\\/\\\/secure.gravatar.com\\\/avatar\\\/bab33852abfd8b282518d6ed81826833d77c3c882d9ab608add591ccace47a44?s=96&d=mm&r=g\",\"url\":\"https:\\\/\\\/secure.gravatar.com\\\/avatar\\\/bab33852abfd8b282518d6ed81826833d77c3c882d9ab608add591ccace47a44?s=96&d=mm&r=g\",\"contentUrl\":\"https:\\\/\\\/secure.gravatar.com\\\/avatar\\\/bab33852abfd8b282518d6ed81826833d77c3c882d9ab608add591ccace47a44?s=96&d=mm&r=g\",\"caption\":\"Kuzeyin Sesi\"},\"sameAs\":[\"https:\\\/\\\/kuzeyinsesi.org\"],\"url\":\"https:\\\/\\\/kuzeyinsesi.org\\\/index.php\\\/author\\\/guven\\\/\"}]}<\/script>\n<!-- \/ Yoast SEO plugin. -->","yoast_head_json":{"title":"Yurtseven, \u00f6l\u00fcml\u00fc i\u015f kazalar\u0131n\u0131n \u00f6n\u00fcne ge\u00e7ilmesi i\u00e7in yap\u0131lmas\u0131 gerekenlere dikkat \u00e7ekti: E\u011fitim, denetim ve uygulama - Kuzeyin Sesi","robots":{"index":"index","follow":"follow","max-snippet":"max-snippet:-1","max-image-preview":"max-image-preview:large","max-video-preview":"max-video-preview:-1"},"canonical":"https:\/\/kuzeyinsesi.org\/index.php\/2026\/05\/01\/yurtseven-olumlu-is-kazalarinin-onune-gecilmesi-icin-yapilmasi-gerekenlere-dikkat-cekti-egitim-denetim-ve-uygulama\/","og_locale":"tr_TR","og_type":"article","og_title":"Yurtseven, \u00f6l\u00fcml\u00fc i\u015f kazalar\u0131n\u0131n \u00f6n\u00fcne ge\u00e7ilmesi i\u00e7in yap\u0131lmas\u0131 gerekenlere dikkat \u00e7ekti: E\u011fitim, denetim ve uygulama - Kuzeyin Sesi","og_description":"\u00dclkemizde bug\u00fcn 1 May\u0131s \u0130\u015f\u00e7i ve Emek\u00e7i bayram\u0131 kutlan\u0131rken ayn\u0131 zamanda i\u015f sa\u011fl\u0131\u011f\u0131 ve g\u00fcvenli\u011fine ne kadar \u00f6nem veriliyor sorusu da tart\u0131\u015f\u0131l\u0131yor. \u0130n\u015faat M\u00fchendisi ve \u0130SG Uzman\u0131 Niyazi Yurtseven, in\u015faat sekt\u00f6r\u00fcnde ya\u015fanan \u00f6l\u00fcml\u00fc i\u015f kazalar\u0131n\u0131n \u00f6n\u00fcne ge\u00e7ilmesi i\u00e7in yap\u0131lmas\u0131 gerekenlere dikkat \u00e7ekti: &nbsp; \u201c\u0130SG ekstra maliyet olarak g\u00f6r\u00fcl\u00fcyor!\u201d\u2026 Niyazi Yurtseven, \u201c\u0130n\u015faata ba\u015flamadan \u00f6nce al\u0131nmas\u0131 gereken [&hellip;]","og_url":"https:\/\/kuzeyinsesi.org\/index.php\/2026\/05\/01\/yurtseven-olumlu-is-kazalarinin-onune-gecilmesi-icin-yapilmasi-gerekenlere-dikkat-cekti-egitim-denetim-ve-uygulama\/","og_site_name":"Kuzeyin Sesi","article_publisher":"https:\/\/www.facebook.com\/kuzeyinsesii","article_published_time":"2026-05-01T06:32:58+00:00","author":"Kuzeyin Sesi","twitter_card":"summary_large_image","twitter_creator":"@kuzeyinsesii","twitter_site":"@kuzeyinsesii","twitter_misc":{"Yazan:":"Kuzeyin Sesi","Tahmini okuma s\u00fcresi":"8 dakika"},"schema":{"@context":"https:\/\/schema.org","@graph":[{"@type":"Article","@id":"https:\/\/kuzeyinsesi.org\/index.php\/2026\/05\/01\/yurtseven-olumlu-is-kazalarinin-onune-gecilmesi-icin-yapilmasi-gerekenlere-dikkat-cekti-egitim-denetim-ve-uygulama\/#article","isPartOf":{"@id":"https:\/\/kuzeyinsesi.org\/index.php\/2026\/05\/01\/yurtseven-olumlu-is-kazalarinin-onune-gecilmesi-icin-yapilmasi-gerekenlere-dikkat-cekti-egitim-denetim-ve-uygulama\/"},"author":{"name":"Kuzeyin Sesi","@id":"https:\/\/kuzeyinsesi.org\/#\/schema\/person\/9f859689cdf01485597712386e37f5aa"},"headline":"Yurtseven, \u00f6l\u00fcml\u00fc i\u015f kazalar\u0131n\u0131n \u00f6n\u00fcne ge\u00e7ilmesi i\u00e7in yap\u0131lmas\u0131 gerekenlere dikkat \u00e7ekti: E\u011fitim, denetim ve uygulama","datePublished":"2026-05-01T06:32:58+00:00","mainEntityOfPage":{"@id":"https:\/\/kuzeyinsesi.org\/index.php\/2026\/05\/01\/yurtseven-olumlu-is-kazalarinin-onune-gecilmesi-icin-yapilmasi-gerekenlere-dikkat-cekti-egitim-denetim-ve-uygulama\/"},"wordCount":1540,"commentCount":0,"image":{"@id":"https:\/\/kuzeyinsesi.org\/index.php\/2026\/05\/01\/yurtseven-olumlu-is-kazalarinin-onune-gecilmesi-icin-yapilmasi-gerekenlere-dikkat-cekti-egitim-denetim-ve-uygulama\/#primaryimage"},"thumbnailUrl":"https:\/\/kuzeyinsesi.org\/wp-content\/uploads\/2026\/05\/Kj-yusuf-27.jpg","articleSection":["K\u0131br\u0131s"],"inLanguage":"tr","potentialAction":[{"@type":"CommentAction","name":"Comment","target":["https:\/\/kuzeyinsesi.org\/index.php\/2026\/05\/01\/yurtseven-olumlu-is-kazalarinin-onune-gecilmesi-icin-yapilmasi-gerekenlere-dikkat-cekti-egitim-denetim-ve-uygulama\/#respond"]}]},{"@type":"WebPage","@id":"https:\/\/kuzeyinsesi.org\/index.php\/2026\/05\/01\/yurtseven-olumlu-is-kazalarinin-onune-gecilmesi-icin-yapilmasi-gerekenlere-dikkat-cekti-egitim-denetim-ve-uygulama\/","url":"https:\/\/kuzeyinsesi.org\/index.php\/2026\/05\/01\/yurtseven-olumlu-is-kazalarinin-onune-gecilmesi-icin-yapilmasi-gerekenlere-dikkat-cekti-egitim-denetim-ve-uygulama\/","name":"Yurtseven, \u00f6l\u00fcml\u00fc i\u015f kazalar\u0131n\u0131n \u00f6n\u00fcne ge\u00e7ilmesi i\u00e7in yap\u0131lmas\u0131 gerekenlere dikkat \u00e7ekti: E\u011fitim, denetim ve uygulama - Kuzeyin Sesi","isPartOf":{"@id":"https:\/\/kuzeyinsesi.org\/#website"},"primaryImageOfPage":{"@id":"https:\/\/kuzeyinsesi.org\/index.php\/2026\/05\/01\/yurtseven-olumlu-is-kazalarinin-onune-gecilmesi-icin-yapilmasi-gerekenlere-dikkat-cekti-egitim-denetim-ve-uygulama\/#primaryimage"},"image":{"@id":"https:\/\/kuzeyinsesi.org\/index.php\/2026\/05\/01\/yurtseven-olumlu-is-kazalarinin-onune-gecilmesi-icin-yapilmasi-gerekenlere-dikkat-cekti-egitim-denetim-ve-uygulama\/#primaryimage"},"thumbnailUrl":"https:\/\/kuzeyinsesi.org\/wp-content\/uploads\/2026\/05\/Kj-yusuf-27.jpg","datePublished":"2026-05-01T06:32:58+00:00","author":{"@id":"https:\/\/kuzeyinsesi.org\/#\/schema\/person\/9f859689cdf01485597712386e37f5aa"},"breadcrumb":{"@id":"https:\/\/kuzeyinsesi.org\/index.php\/2026\/05\/01\/yurtseven-olumlu-is-kazalarinin-onune-gecilmesi-icin-yapilmasi-gerekenlere-dikkat-cekti-egitim-denetim-ve-uygulama\/#breadcrumb"},"inLanguage":"tr","potentialAction":[{"@type":"ReadAction","target":["https:\/\/kuzeyinsesi.org\/index.php\/2026\/05\/01\/yurtseven-olumlu-is-kazalarinin-onune-gecilmesi-icin-yapilmasi-gerekenlere-dikkat-cekti-egitim-denetim-ve-uygulama\/"]}]},{"@type":"ImageObject","inLanguage":"tr","@id":"https:\/\/kuzeyinsesi.org\/index.php\/2026\/05\/01\/yurtseven-olumlu-is-kazalarinin-onune-gecilmesi-icin-yapilmasi-gerekenlere-dikkat-cekti-egitim-denetim-ve-uygulama\/#primaryimage","url":"https:\/\/kuzeyinsesi.org\/wp-content\/uploads\/2026\/05\/Kj-yusuf-27.jpg","contentUrl":"https:\/\/kuzeyinsesi.org\/wp-content\/uploads\/2026\/05\/Kj-yusuf-27.jpg","width":2000,"height":1414},{"@type":"BreadcrumbList","@id":"https:\/\/kuzeyinsesi.org\/index.php\/2026\/05\/01\/yurtseven-olumlu-is-kazalarinin-onune-gecilmesi-icin-yapilmasi-gerekenlere-dikkat-cekti-egitim-denetim-ve-uygulama\/#breadcrumb","itemListElement":[{"@type":"ListItem","position":1,"name":"Anasayfa","item":"https:\/\/kuzeyinsesi.org\/"},{"@type":"ListItem","position":2,"name":"Yurtseven, \u00f6l\u00fcml\u00fc i\u015f kazalar\u0131n\u0131n \u00f6n\u00fcne ge\u00e7ilmesi i\u00e7in yap\u0131lmas\u0131 gerekenlere dikkat \u00e7ekti: E\u011fitim, denetim ve uygulama"}]},{"@type":"WebSite","@id":"https:\/\/kuzeyinsesi.org\/#website","url":"https:\/\/kuzeyinsesi.org\/","name":"Kuzeyin Sesi","description":"Do\u011fru Haberin Adresi","potentialAction":[{"@type":"SearchAction","target":{"@type":"EntryPoint","urlTemplate":"https:\/\/kuzeyinsesi.org\/?s={search_term_string}"},"query-input":{"@type":"PropertyValueSpecification","valueRequired":true,"valueName":"search_term_string"}}],"inLanguage":"tr"},{"@type":"Person","@id":"https:\/\/kuzeyinsesi.org\/#\/schema\/person\/9f859689cdf01485597712386e37f5aa","name":"Kuzeyin Sesi","image":{"@type":"ImageObject","inLanguage":"tr","@id":"https:\/\/secure.gravatar.com\/avatar\/bab33852abfd8b282518d6ed81826833d77c3c882d9ab608add591ccace47a44?s=96&d=mm&r=g","url":"https:\/\/secure.gravatar.com\/avatar\/bab33852abfd8b282518d6ed81826833d77c3c882d9ab608add591ccace47a44?s=96&d=mm&r=g","contentUrl":"https:\/\/secure.gravatar.com\/avatar\/bab33852abfd8b282518d6ed81826833d77c3c882d9ab608add591ccace47a44?s=96&d=mm&r=g","caption":"Kuzeyin Sesi"},"sameAs":["https:\/\/kuzeyinsesi.org"],"url":"https:\/\/kuzeyinsesi.org\/index.php\/author\/guven\/"}]}},"_links":{"self":[{"href":"https:\/\/kuzeyinsesi.org\/index.php\/wp-json\/wp\/v2\/posts\/37789","targetHints":{"allow":["GET"]}}],"collection":[{"href":"https:\/\/kuzeyinsesi.org\/index.php\/wp-json\/wp\/v2\/posts"}],"about":[{"href":"https:\/\/kuzeyinsesi.org\/index.php\/wp-json\/wp\/v2\/types\/post"}],"author":[{"embeddable":true,"href":"https:\/\/kuzeyinsesi.org\/index.php\/wp-json\/wp\/v2\/users\/1"}],"replies":[{"embeddable":true,"href":"https:\/\/kuzeyinsesi.org\/index.php\/wp-json\/wp\/v2\/comments?post=37789"}],"version-history":[{"count":0,"href":"https:\/\/kuzeyinsesi.org\/index.php\/wp-json\/wp\/v2\/posts\/37789\/revisions"}],"wp:featuredmedia":[{"embeddable":true,"href":"https:\/\/kuzeyinsesi.org\/index.php\/wp-json\/wp\/v2\/media\/37790"}],"wp:attachment":[{"href":"https:\/\/kuzeyinsesi.org\/index.php\/wp-json\/wp\/v2\/media?parent=37789"}],"wp:term":[{"taxonomy":"category","embeddable":true,"href":"https:\/\/kuzeyinsesi.org\/index.php\/wp-json\/wp\/v2\/categories?post=37789"},{"taxonomy":"post_tag","embeddable":true,"href":"https:\/\/kuzeyinsesi.org\/index.php\/wp-json\/wp\/v2\/tags?post=37789"}],"curies":[{"name":"wp","href":"https:\/\/api.w.org\/{rel}","templated":true}]}}