{"id":37785,"date":"2026-05-01T08:22:42","date_gmt":"2026-05-01T05:22:42","guid":{"rendered":"https:\/\/kuzeyinsesi.org\/index.php\/2026\/05\/01\/ab-meta-hakkinda-cocuk-guvenligi-ihlalleri-nedeniyle-ceza-hazirliginda\/"},"modified":"2026-05-01T08:22:42","modified_gmt":"2026-05-01T05:22:42","slug":"ab-meta-hakkinda-cocuk-guvenligi-ihlalleri-nedeniyle-ceza-hazirliginda","status":"publish","type":"post","link":"https:\/\/kuzeyinsesi.org\/index.php\/2026\/05\/01\/ab-meta-hakkinda-cocuk-guvenligi-ihlalleri-nedeniyle-ceza-hazirliginda\/","title":{"rendered":"AB, Meta hakk\u0131nda \u00e7ocuk g\u00fcvenli\u011fi ihlalleri nedeniyle ceza haz\u0131rl\u0131\u011f\u0131nda"},"content":{"rendered":"<p><\/p>\n<div>\n<p>&#13;<br \/>\n\tSoru\u015fturman\u0131n oda\u011f\u0131nda, Meta&#8217;n\u0131n 13 ya\u015f s\u0131n\u0131r\u0131n\u0131 uygulama bi\u00e7imi yer al\u0131yor.<\/p>\n<p>&#13;<br \/>\n\t<a href=\"https:\/\/www.trthaber.com\/etiket\/avrupa-birligi\/\" target=\"_blank\">Avrupa Birli\u011fi<\/a> (AB) d\u00fczenleyicileri, \u00e7ocuklar\u0131n hesap olu\u015fturma s\u0131ras\u0131nda ya\u015f kontrollerini kolayca baypas edebildi\u011fini belirtiyor.<\/p>\n<p>&#13;<br \/>\n\tAyr\u0131ca, re\u015fit olmayan kullan\u0131c\u0131lar\u0131 \u015fikayet etme mekanizmas\u0131n\u0131n gere\u011finden fazla karma\u015f\u0131k oldu\u011fu ve bunun da yasal zorunluluklar\u0131 etkisiz k\u0131ld\u0131\u011f\u0131 ifade ediliyor.<\/p>\n<h2>&#13;<br \/>\n\tMilyonlarca \u00e7ocuk risk alt\u0131nda<\/h2>\n<p>&#13;<br \/>\n\t<a href=\"https:\/\/www.trthaber.com\/etiket\/ab\/\" target=\"_blank\">AB<\/a> taraf\u0131ndan payla\u015f\u0131lan verilere g\u00f6re, Avrupa Birli\u011fi genelinde 13 ya\u015f\u0131n alt\u0131ndaki \u00e7ocuklar\u0131n y\u00fczde 10 ila 12&#8217;sinin halen <a href=\"https:\/\/www.trthaber.com\/etiket\/facebook\/\" target=\"_blank\">Facebook<\/a> veya <a href=\"https:\/\/www.trthaber.com\/etiket\/instagram\/\" target=\"_blank\">Instagram<\/a> kulland\u0131\u011f\u0131 tahmin ediliyor.<\/p>\n<p>&#13;<br \/>\n\tUzmanlar, sosyal <a href=\"https:\/\/www.trthaber.com\/etiket\/medya\/\" target=\"_blank\">medya<\/a> kullan\u0131m\u0131n\u0131n gen\u00e7 kullan\u0131c\u0131lar \u00fczerinde <a href=\"https:\/\/www.trthaber.com\/etiket\/ruh-sagligi\/\" target=\"_blank\">ruh sa\u011fl\u0131\u011f\u0131<\/a> ve g\u00fcvenlik risklerini art\u0131rd\u0131\u011f\u0131na dair bilimsel \u00e7al\u0131\u015fmalar\u0131n bulundu\u011funa dikkat \u00e7ekiyor.<\/p>\n<p>&#13;<br \/>\n\tAB, Meta&#8217;dan tespit ara\u00e7lar\u0131n\u0131 g\u00fc\u00e7lendirmesini, do\u011frulama sistemlerini iyile\u015ftirmesini ve re\u015fit olmayan hesaplar\u0131 daha agresif bir \u015fekilde silmesini talep ediyor.<\/p>\n<h2>&#13;<br \/>\n\tY\u00fcksek para cezas\u0131 ihtimali<\/h2>\n<p>&#13;<br \/>\n\tMeta&#8217;n\u0131n tespit edilen eksiklikleri gidermemesi durumunda, Dijital Hizmetler Yasas\u0131 kapsam\u0131nda k\u00fcresel y\u0131ll\u0131k gelirinin y\u00fczde 6&#8217;s\u0131na kadar para cezas\u0131yla kar\u015f\u0131 kar\u015f\u0131ya kalabilece\u011fi belirtiliyor.<\/p>\n<p>&#13;<br \/>\n\tAncak nihai karar verilmeden \u00f6nce \u015firketin bulgulara yan\u0131t verme ve d\u00fczeltici \u00f6nlemleri hayata ge\u00e7irme imkan\u0131 bulunuyor.<\/p>\n<h2>&#13;<br \/>\n\t<a href=\"https:\/\/www.trthaber.com\/etiket\/meta\/\" target=\"_blank\">Meta<\/a> g\u00fcvenlik sistemlerini savunuyor<\/h2>\n<p>&#13;<br \/>\n\tHakk\u0131ndaki iddialara kar\u015f\u0131 \u00e7\u0131kan Meta, platformlar\u0131n\u0131n 13 ya\u015f ve \u00fczeri kullan\u0131c\u0131lar i\u00e7in tasarland\u0131\u011f\u0131n\u0131 vurguluyor.<\/p>\n<p>&#13;<br \/>\n\t\u015eirket, re\u015fit olmayan hesaplar\u0131 tespit etmek ve kald\u0131rmak i\u00e7in halihaz\u0131rda otomatik sistemler kulland\u0131\u011f\u0131n\u0131 ve bu teknolojilere <a href=\"https:\/\/www.trthaber.com\/etiket\/yatirim\/\" target=\"_blank\">yat\u0131r\u0131m<\/a> yapmaya devam etti\u011fini savunuyor.<\/p>\n<p>&#13;<br \/>\n\tMeta ayr\u0131ca, \u00e7ocuklar\u0131n korunmas\u0131n\u0131 g\u00fc\u00e7lendirmek amac\u0131yla yeni g\u00fcvenlik \u00f6zelliklerinin gelecekteki g\u00fcncellemelerle sunulaca\u011f\u0131n\u0131 duyurdu.<\/p>\n<h2>&#13;<br \/>\n\tDenetimler ve <a href=\"https:\/\/www.trthaber.com\/etiket\/ebeveyn\/\" target=\"_blank\">ebeveyn<\/a> kontrolleri<\/h2>\n<p>&#13;<br \/>\n\t2024 y\u0131l\u0131nda ba\u015flat\u0131lan bu soru\u015fturma, Avrupa genelinde \u00e7ocuk g\u00fcvenli\u011fi ve <a href=\"https:\/\/www.trthaber.com\/etiket\/sosyal-medya\/\" target=\"_blank\">sosyal medya<\/a> ba\u011f\u0131ml\u0131l\u0131\u011f\u0131na y\u00f6nelik artan d\u00fczenleyici bask\u0131n\u0131n bir par\u00e7as\u0131 olarak de\u011ferlendiriliyor.<\/p>\n<p>&#13;<br \/>\n\t\u00d6te yandan Meta, ebeveynlerin \u00e7ocuklar\u0131n\u0131n <a href=\"https:\/\/www.trthaber.com\/etiket\/yapay-zeka\/\" target=\"_blank\">yapay zeka<\/a> ile yapt\u0131\u011f\u0131 g\u00f6r\u00fc\u015fmeleri takip edebilmesi i\u00e7in &#8220;Meta AI <a href=\"https:\/\/www.trthaber.com\/etiket\/cocuk\/\" target=\"_blank\">\u00c7ocuk<\/a> Sohbetleri&#8221; \u00f6zelli\u011fini g\u00f6r\u00fcn\u00fcr hale getirdi\u011fini a\u00e7\u0131klad\u0131.<\/p>\n<p>&#13;<br \/>\n\tBu ad\u0131m\u0131n, ebeveynlerin dijital ortamdaki denetimlerini kolayla\u015ft\u0131rmas\u0131 hedefleniyor.<\/p>\n<\/p><\/div>\n","protected":false},"excerpt":{"rendered":"<p>&#13; Soru\u015fturman\u0131n oda\u011f\u0131nda, Meta&#8217;n\u0131n 13 ya\u015f s\u0131n\u0131r\u0131n\u0131 uygulama bi\u00e7imi yer al\u0131yor. &#13; Avrupa Birli\u011fi (AB) d\u00fczenleyicileri, \u00e7ocuklar\u0131n hesap olu\u015fturma s\u0131ras\u0131nda ya\u015f kontrollerini kolayca baypas edebildi\u011fini belirtiyor. &#13; Ayr\u0131ca, re\u015fit olmayan kullan\u0131c\u0131lar\u0131 \u015fikayet etme mekanizmas\u0131n\u0131n gere\u011finden fazla karma\u015f\u0131k oldu\u011fu ve bunun da yasal zorunluluklar\u0131 etkisiz k\u0131ld\u0131\u011f\u0131 ifade ediliyor. &#13; Milyonlarca \u00e7ocuk risk alt\u0131nda &#13; AB taraf\u0131ndan [&hellip;]<\/p>\n","protected":false},"author":1,"featured_media":33900,"comment_status":"open","ping_status":"open","sticky":false,"template":"","format":"standard","meta":{"jnews-multi-image_gallery":[],"jnews_single_post":[],"jnews_primary_category":[],"jnews_social_meta":[],"jnews_override_counter":[],"footnotes":""},"categories":[2],"tags":[],"class_list":["post-37785","post","type-post","status-publish","format-standard","has-post-thumbnail","hentry","category-dunya"],"yoast_head":"<!-- This site is optimized with the Yoast SEO plugin v27.5 - https:\/\/yoast.com\/product\/yoast-seo-wordpress\/ -->\n<title>AB, Meta hakk\u0131nda \u00e7ocuk g\u00fcvenli\u011fi ihlalleri nedeniyle ceza haz\u0131rl\u0131\u011f\u0131nda - Kuzeyin Sesi<\/title>\n<meta name=\"robots\" content=\"index, follow, max-snippet:-1, max-image-preview:large, max-video-preview:-1\" \/>\n<link rel=\"canonical\" href=\"https:\/\/kuzeyinsesi.org\/index.php\/2026\/05\/01\/ab-meta-hakkinda-cocuk-guvenligi-ihlalleri-nedeniyle-ceza-hazirliginda\/\" \/>\n<meta property=\"og:locale\" content=\"tr_TR\" \/>\n<meta property=\"og:type\" content=\"article\" \/>\n<meta property=\"og:title\" content=\"AB, Meta hakk\u0131nda \u00e7ocuk g\u00fcvenli\u011fi ihlalleri nedeniyle ceza haz\u0131rl\u0131\u011f\u0131nda - Kuzeyin Sesi\" \/>\n<meta property=\"og:description\" content=\"&#013; Soru\u015fturman\u0131n oda\u011f\u0131nda, Meta&#8217;n\u0131n 13 ya\u015f s\u0131n\u0131r\u0131n\u0131 uygulama bi\u00e7imi yer al\u0131yor. &#013; Avrupa Birli\u011fi (AB) d\u00fczenleyicileri, \u00e7ocuklar\u0131n hesap olu\u015fturma s\u0131ras\u0131nda ya\u015f kontrollerini kolayca baypas edebildi\u011fini belirtiyor. &#013; Ayr\u0131ca, re\u015fit olmayan kullan\u0131c\u0131lar\u0131 \u015fikayet etme mekanizmas\u0131n\u0131n gere\u011finden fazla karma\u015f\u0131k oldu\u011fu ve bunun da yasal zorunluluklar\u0131 etkisiz k\u0131ld\u0131\u011f\u0131 ifade ediliyor. &#013; Milyonlarca \u00e7ocuk risk alt\u0131nda &#013; AB taraf\u0131ndan [&hellip;]\" \/>\n<meta property=\"og:url\" content=\"https:\/\/kuzeyinsesi.org\/index.php\/2026\/05\/01\/ab-meta-hakkinda-cocuk-guvenligi-ihlalleri-nedeniyle-ceza-hazirliginda\/\" \/>\n<meta property=\"og:site_name\" content=\"Kuzeyin Sesi\" \/>\n<meta property=\"article:publisher\" content=\"https:\/\/www.facebook.com\/kuzeyinsesii\" \/>\n<meta property=\"article:published_time\" content=\"2026-05-01T05:22:42+00:00\" \/>\n<meta property=\"og:image\" content=\"https:\/\/trthaberstatic.cdn.wp.trt.com.tr\/resimler\/2168000\/meta-reu-2168000.jpg\" \/>\n<meta name=\"author\" content=\"Kuzeyin Sesi\" \/>\n<meta name=\"twitter:card\" content=\"summary_large_image\" \/>\n<meta name=\"twitter:creator\" content=\"@kuzeyinsesii\" \/>\n<meta name=\"twitter:site\" content=\"@kuzeyinsesii\" \/>\n<meta name=\"twitter:label1\" content=\"Yazan:\" \/>\n\t<meta name=\"twitter:data1\" content=\"Kuzeyin Sesi\" \/>\n\t<meta name=\"twitter:label2\" content=\"Tahmini okuma s\u00fcresi\" \/>\n\t<meta name=\"twitter:data2\" content=\"2 dakika\" \/>\n<script type=\"application\/ld+json\" class=\"yoast-schema-graph\">{\"@context\":\"https:\\\/\\\/schema.org\",\"@graph\":[{\"@type\":\"Article\",\"@id\":\"https:\\\/\\\/kuzeyinsesi.org\\\/index.php\\\/2026\\\/05\\\/01\\\/ab-meta-hakkinda-cocuk-guvenligi-ihlalleri-nedeniyle-ceza-hazirliginda\\\/#article\",\"isPartOf\":{\"@id\":\"https:\\\/\\\/kuzeyinsesi.org\\\/index.php\\\/2026\\\/05\\\/01\\\/ab-meta-hakkinda-cocuk-guvenligi-ihlalleri-nedeniyle-ceza-hazirliginda\\\/\"},\"author\":{\"name\":\"Kuzeyin Sesi\",\"@id\":\"https:\\\/\\\/kuzeyinsesi.org\\\/#\\\/schema\\\/person\\\/9f859689cdf01485597712386e37f5aa\"},\"headline\":\"AB, Meta hakk\u0131nda \u00e7ocuk g\u00fcvenli\u011fi ihlalleri nedeniyle ceza haz\u0131rl\u0131\u011f\u0131nda\",\"datePublished\":\"2026-05-01T05:22:42+00:00\",\"mainEntityOfPage\":{\"@id\":\"https:\\\/\\\/kuzeyinsesi.org\\\/index.php\\\/2026\\\/05\\\/01\\\/ab-meta-hakkinda-cocuk-guvenligi-ihlalleri-nedeniyle-ceza-hazirliginda\\\/\"},\"wordCount\":392,\"commentCount\":0,\"image\":{\"@id\":\"https:\\\/\\\/kuzeyinsesi.org\\\/index.php\\\/2026\\\/05\\\/01\\\/ab-meta-hakkinda-cocuk-guvenligi-ihlalleri-nedeniyle-ceza-hazirliginda\\\/#primaryimage\"},\"thumbnailUrl\":\"https:\\\/\\\/kuzeyinsesi.org\\\/wp-content\\\/uploads\\\/2025\\\/10\\\/meta-reu-2168000.jpg\",\"articleSection\":[\"D\u00fcnya\"],\"inLanguage\":\"tr\",\"potentialAction\":[{\"@type\":\"CommentAction\",\"name\":\"Comment\",\"target\":[\"https:\\\/\\\/kuzeyinsesi.org\\\/index.php\\\/2026\\\/05\\\/01\\\/ab-meta-hakkinda-cocuk-guvenligi-ihlalleri-nedeniyle-ceza-hazirliginda\\\/#respond\"]}]},{\"@type\":\"WebPage\",\"@id\":\"https:\\\/\\\/kuzeyinsesi.org\\\/index.php\\\/2026\\\/05\\\/01\\\/ab-meta-hakkinda-cocuk-guvenligi-ihlalleri-nedeniyle-ceza-hazirliginda\\\/\",\"url\":\"https:\\\/\\\/kuzeyinsesi.org\\\/index.php\\\/2026\\\/05\\\/01\\\/ab-meta-hakkinda-cocuk-guvenligi-ihlalleri-nedeniyle-ceza-hazirliginda\\\/\",\"name\":\"AB, Meta hakk\u0131nda \u00e7ocuk g\u00fcvenli\u011fi ihlalleri nedeniyle ceza haz\u0131rl\u0131\u011f\u0131nda - Kuzeyin Sesi\",\"isPartOf\":{\"@id\":\"https:\\\/\\\/kuzeyinsesi.org\\\/#website\"},\"primaryImageOfPage\":{\"@id\":\"https:\\\/\\\/kuzeyinsesi.org\\\/index.php\\\/2026\\\/05\\\/01\\\/ab-meta-hakkinda-cocuk-guvenligi-ihlalleri-nedeniyle-ceza-hazirliginda\\\/#primaryimage\"},\"image\":{\"@id\":\"https:\\\/\\\/kuzeyinsesi.org\\\/index.php\\\/2026\\\/05\\\/01\\\/ab-meta-hakkinda-cocuk-guvenligi-ihlalleri-nedeniyle-ceza-hazirliginda\\\/#primaryimage\"},\"thumbnailUrl\":\"https:\\\/\\\/kuzeyinsesi.org\\\/wp-content\\\/uploads\\\/2025\\\/10\\\/meta-reu-2168000.jpg\",\"datePublished\":\"2026-05-01T05:22:42+00:00\",\"author\":{\"@id\":\"https:\\\/\\\/kuzeyinsesi.org\\\/#\\\/schema\\\/person\\\/9f859689cdf01485597712386e37f5aa\"},\"breadcrumb\":{\"@id\":\"https:\\\/\\\/kuzeyinsesi.org\\\/index.php\\\/2026\\\/05\\\/01\\\/ab-meta-hakkinda-cocuk-guvenligi-ihlalleri-nedeniyle-ceza-hazirliginda\\\/#breadcrumb\"},\"inLanguage\":\"tr\",\"potentialAction\":[{\"@type\":\"ReadAction\",\"target\":[\"https:\\\/\\\/kuzeyinsesi.org\\\/index.php\\\/2026\\\/05\\\/01\\\/ab-meta-hakkinda-cocuk-guvenligi-ihlalleri-nedeniyle-ceza-hazirliginda\\\/\"]}]},{\"@type\":\"ImageObject\",\"inLanguage\":\"tr\",\"@id\":\"https:\\\/\\\/kuzeyinsesi.org\\\/index.php\\\/2026\\\/05\\\/01\\\/ab-meta-hakkinda-cocuk-guvenligi-ihlalleri-nedeniyle-ceza-hazirliginda\\\/#primaryimage\",\"url\":\"https:\\\/\\\/kuzeyinsesi.org\\\/wp-content\\\/uploads\\\/2025\\\/10\\\/meta-reu-2168000.jpg\",\"contentUrl\":\"https:\\\/\\\/kuzeyinsesi.org\\\/wp-content\\\/uploads\\\/2025\\\/10\\\/meta-reu-2168000.jpg\",\"width\":1280,\"height\":720},{\"@type\":\"BreadcrumbList\",\"@id\":\"https:\\\/\\\/kuzeyinsesi.org\\\/index.php\\\/2026\\\/05\\\/01\\\/ab-meta-hakkinda-cocuk-guvenligi-ihlalleri-nedeniyle-ceza-hazirliginda\\\/#breadcrumb\",\"itemListElement\":[{\"@type\":\"ListItem\",\"position\":1,\"name\":\"Anasayfa\",\"item\":\"https:\\\/\\\/kuzeyinsesi.org\\\/\"},{\"@type\":\"ListItem\",\"position\":2,\"name\":\"AB, Meta hakk\u0131nda \u00e7ocuk g\u00fcvenli\u011fi ihlalleri nedeniyle ceza haz\u0131rl\u0131\u011f\u0131nda\"}]},{\"@type\":\"WebSite\",\"@id\":\"https:\\\/\\\/kuzeyinsesi.org\\\/#website\",\"url\":\"https:\\\/\\\/kuzeyinsesi.org\\\/\",\"name\":\"Kuzeyin Sesi\",\"description\":\"Do\u011fru Haberin Adresi\",\"potentialAction\":[{\"@type\":\"SearchAction\",\"target\":{\"@type\":\"EntryPoint\",\"urlTemplate\":\"https:\\\/\\\/kuzeyinsesi.org\\\/?s={search_term_string}\"},\"query-input\":{\"@type\":\"PropertyValueSpecification\",\"valueRequired\":true,\"valueName\":\"search_term_string\"}}],\"inLanguage\":\"tr\"},{\"@type\":\"Person\",\"@id\":\"https:\\\/\\\/kuzeyinsesi.org\\\/#\\\/schema\\\/person\\\/9f859689cdf01485597712386e37f5aa\",\"name\":\"Kuzeyin Sesi\",\"image\":{\"@type\":\"ImageObject\",\"inLanguage\":\"tr\",\"@id\":\"https:\\\/\\\/secure.gravatar.com\\\/avatar\\\/bab33852abfd8b282518d6ed81826833d77c3c882d9ab608add591ccace47a44?s=96&d=mm&r=g\",\"url\":\"https:\\\/\\\/secure.gravatar.com\\\/avatar\\\/bab33852abfd8b282518d6ed81826833d77c3c882d9ab608add591ccace47a44?s=96&d=mm&r=g\",\"contentUrl\":\"https:\\\/\\\/secure.gravatar.com\\\/avatar\\\/bab33852abfd8b282518d6ed81826833d77c3c882d9ab608add591ccace47a44?s=96&d=mm&r=g\",\"caption\":\"Kuzeyin Sesi\"},\"sameAs\":[\"https:\\\/\\\/kuzeyinsesi.org\"],\"url\":\"https:\\\/\\\/kuzeyinsesi.org\\\/index.php\\\/author\\\/guven\\\/\"}]}<\/script>\n<!-- \/ Yoast SEO plugin. -->","yoast_head_json":{"title":"AB, Meta hakk\u0131nda \u00e7ocuk g\u00fcvenli\u011fi ihlalleri nedeniyle ceza haz\u0131rl\u0131\u011f\u0131nda - Kuzeyin Sesi","robots":{"index":"index","follow":"follow","max-snippet":"max-snippet:-1","max-image-preview":"max-image-preview:large","max-video-preview":"max-video-preview:-1"},"canonical":"https:\/\/kuzeyinsesi.org\/index.php\/2026\/05\/01\/ab-meta-hakkinda-cocuk-guvenligi-ihlalleri-nedeniyle-ceza-hazirliginda\/","og_locale":"tr_TR","og_type":"article","og_title":"AB, Meta hakk\u0131nda \u00e7ocuk g\u00fcvenli\u011fi ihlalleri nedeniyle ceza haz\u0131rl\u0131\u011f\u0131nda - Kuzeyin Sesi","og_description":"&#13; Soru\u015fturman\u0131n oda\u011f\u0131nda, Meta&#8217;n\u0131n 13 ya\u015f s\u0131n\u0131r\u0131n\u0131 uygulama bi\u00e7imi yer al\u0131yor. &#13; Avrupa Birli\u011fi (AB) d\u00fczenleyicileri, \u00e7ocuklar\u0131n hesap olu\u015fturma s\u0131ras\u0131nda ya\u015f kontrollerini kolayca baypas edebildi\u011fini belirtiyor. &#13; Ayr\u0131ca, re\u015fit olmayan kullan\u0131c\u0131lar\u0131 \u015fikayet etme mekanizmas\u0131n\u0131n gere\u011finden fazla karma\u015f\u0131k oldu\u011fu ve bunun da yasal zorunluluklar\u0131 etkisiz k\u0131ld\u0131\u011f\u0131 ifade ediliyor. &#13; Milyonlarca \u00e7ocuk risk alt\u0131nda &#13; AB taraf\u0131ndan [&hellip;]","og_url":"https:\/\/kuzeyinsesi.org\/index.php\/2026\/05\/01\/ab-meta-hakkinda-cocuk-guvenligi-ihlalleri-nedeniyle-ceza-hazirliginda\/","og_site_name":"Kuzeyin Sesi","article_publisher":"https:\/\/www.facebook.com\/kuzeyinsesii","article_published_time":"2026-05-01T05:22:42+00:00","og_image":[{"url":"https:\/\/trthaberstatic.cdn.wp.trt.com.tr\/resimler\/2168000\/meta-reu-2168000.jpg","type":"","width":"","height":""}],"author":"Kuzeyin Sesi","twitter_card":"summary_large_image","twitter_creator":"@kuzeyinsesii","twitter_site":"@kuzeyinsesii","twitter_misc":{"Yazan:":"Kuzeyin Sesi","Tahmini okuma s\u00fcresi":"2 dakika"},"schema":{"@context":"https:\/\/schema.org","@graph":[{"@type":"Article","@id":"https:\/\/kuzeyinsesi.org\/index.php\/2026\/05\/01\/ab-meta-hakkinda-cocuk-guvenligi-ihlalleri-nedeniyle-ceza-hazirliginda\/#article","isPartOf":{"@id":"https:\/\/kuzeyinsesi.org\/index.php\/2026\/05\/01\/ab-meta-hakkinda-cocuk-guvenligi-ihlalleri-nedeniyle-ceza-hazirliginda\/"},"author":{"name":"Kuzeyin Sesi","@id":"https:\/\/kuzeyinsesi.org\/#\/schema\/person\/9f859689cdf01485597712386e37f5aa"},"headline":"AB, Meta hakk\u0131nda \u00e7ocuk g\u00fcvenli\u011fi ihlalleri nedeniyle ceza haz\u0131rl\u0131\u011f\u0131nda","datePublished":"2026-05-01T05:22:42+00:00","mainEntityOfPage":{"@id":"https:\/\/kuzeyinsesi.org\/index.php\/2026\/05\/01\/ab-meta-hakkinda-cocuk-guvenligi-ihlalleri-nedeniyle-ceza-hazirliginda\/"},"wordCount":392,"commentCount":0,"image":{"@id":"https:\/\/kuzeyinsesi.org\/index.php\/2026\/05\/01\/ab-meta-hakkinda-cocuk-guvenligi-ihlalleri-nedeniyle-ceza-hazirliginda\/#primaryimage"},"thumbnailUrl":"https:\/\/kuzeyinsesi.org\/wp-content\/uploads\/2025\/10\/meta-reu-2168000.jpg","articleSection":["D\u00fcnya"],"inLanguage":"tr","potentialAction":[{"@type":"CommentAction","name":"Comment","target":["https:\/\/kuzeyinsesi.org\/index.php\/2026\/05\/01\/ab-meta-hakkinda-cocuk-guvenligi-ihlalleri-nedeniyle-ceza-hazirliginda\/#respond"]}]},{"@type":"WebPage","@id":"https:\/\/kuzeyinsesi.org\/index.php\/2026\/05\/01\/ab-meta-hakkinda-cocuk-guvenligi-ihlalleri-nedeniyle-ceza-hazirliginda\/","url":"https:\/\/kuzeyinsesi.org\/index.php\/2026\/05\/01\/ab-meta-hakkinda-cocuk-guvenligi-ihlalleri-nedeniyle-ceza-hazirliginda\/","name":"AB, Meta hakk\u0131nda \u00e7ocuk g\u00fcvenli\u011fi ihlalleri nedeniyle ceza haz\u0131rl\u0131\u011f\u0131nda - Kuzeyin Sesi","isPartOf":{"@id":"https:\/\/kuzeyinsesi.org\/#website"},"primaryImageOfPage":{"@id":"https:\/\/kuzeyinsesi.org\/index.php\/2026\/05\/01\/ab-meta-hakkinda-cocuk-guvenligi-ihlalleri-nedeniyle-ceza-hazirliginda\/#primaryimage"},"image":{"@id":"https:\/\/kuzeyinsesi.org\/index.php\/2026\/05\/01\/ab-meta-hakkinda-cocuk-guvenligi-ihlalleri-nedeniyle-ceza-hazirliginda\/#primaryimage"},"thumbnailUrl":"https:\/\/kuzeyinsesi.org\/wp-content\/uploads\/2025\/10\/meta-reu-2168000.jpg","datePublished":"2026-05-01T05:22:42+00:00","author":{"@id":"https:\/\/kuzeyinsesi.org\/#\/schema\/person\/9f859689cdf01485597712386e37f5aa"},"breadcrumb":{"@id":"https:\/\/kuzeyinsesi.org\/index.php\/2026\/05\/01\/ab-meta-hakkinda-cocuk-guvenligi-ihlalleri-nedeniyle-ceza-hazirliginda\/#breadcrumb"},"inLanguage":"tr","potentialAction":[{"@type":"ReadAction","target":["https:\/\/kuzeyinsesi.org\/index.php\/2026\/05\/01\/ab-meta-hakkinda-cocuk-guvenligi-ihlalleri-nedeniyle-ceza-hazirliginda\/"]}]},{"@type":"ImageObject","inLanguage":"tr","@id":"https:\/\/kuzeyinsesi.org\/index.php\/2026\/05\/01\/ab-meta-hakkinda-cocuk-guvenligi-ihlalleri-nedeniyle-ceza-hazirliginda\/#primaryimage","url":"https:\/\/kuzeyinsesi.org\/wp-content\/uploads\/2025\/10\/meta-reu-2168000.jpg","contentUrl":"https:\/\/kuzeyinsesi.org\/wp-content\/uploads\/2025\/10\/meta-reu-2168000.jpg","width":1280,"height":720},{"@type":"BreadcrumbList","@id":"https:\/\/kuzeyinsesi.org\/index.php\/2026\/05\/01\/ab-meta-hakkinda-cocuk-guvenligi-ihlalleri-nedeniyle-ceza-hazirliginda\/#breadcrumb","itemListElement":[{"@type":"ListItem","position":1,"name":"Anasayfa","item":"https:\/\/kuzeyinsesi.org\/"},{"@type":"ListItem","position":2,"name":"AB, Meta hakk\u0131nda \u00e7ocuk g\u00fcvenli\u011fi ihlalleri nedeniyle ceza haz\u0131rl\u0131\u011f\u0131nda"}]},{"@type":"WebSite","@id":"https:\/\/kuzeyinsesi.org\/#website","url":"https:\/\/kuzeyinsesi.org\/","name":"Kuzeyin Sesi","description":"Do\u011fru Haberin Adresi","potentialAction":[{"@type":"SearchAction","target":{"@type":"EntryPoint","urlTemplate":"https:\/\/kuzeyinsesi.org\/?s={search_term_string}"},"query-input":{"@type":"PropertyValueSpecification","valueRequired":true,"valueName":"search_term_string"}}],"inLanguage":"tr"},{"@type":"Person","@id":"https:\/\/kuzeyinsesi.org\/#\/schema\/person\/9f859689cdf01485597712386e37f5aa","name":"Kuzeyin Sesi","image":{"@type":"ImageObject","inLanguage":"tr","@id":"https:\/\/secure.gravatar.com\/avatar\/bab33852abfd8b282518d6ed81826833d77c3c882d9ab608add591ccace47a44?s=96&d=mm&r=g","url":"https:\/\/secure.gravatar.com\/avatar\/bab33852abfd8b282518d6ed81826833d77c3c882d9ab608add591ccace47a44?s=96&d=mm&r=g","contentUrl":"https:\/\/secure.gravatar.com\/avatar\/bab33852abfd8b282518d6ed81826833d77c3c882d9ab608add591ccace47a44?s=96&d=mm&r=g","caption":"Kuzeyin Sesi"},"sameAs":["https:\/\/kuzeyinsesi.org"],"url":"https:\/\/kuzeyinsesi.org\/index.php\/author\/guven\/"}]}},"_links":{"self":[{"href":"https:\/\/kuzeyinsesi.org\/index.php\/wp-json\/wp\/v2\/posts\/37785","targetHints":{"allow":["GET"]}}],"collection":[{"href":"https:\/\/kuzeyinsesi.org\/index.php\/wp-json\/wp\/v2\/posts"}],"about":[{"href":"https:\/\/kuzeyinsesi.org\/index.php\/wp-json\/wp\/v2\/types\/post"}],"author":[{"embeddable":true,"href":"https:\/\/kuzeyinsesi.org\/index.php\/wp-json\/wp\/v2\/users\/1"}],"replies":[{"embeddable":true,"href":"https:\/\/kuzeyinsesi.org\/index.php\/wp-json\/wp\/v2\/comments?post=37785"}],"version-history":[{"count":0,"href":"https:\/\/kuzeyinsesi.org\/index.php\/wp-json\/wp\/v2\/posts\/37785\/revisions"}],"wp:featuredmedia":[{"embeddable":true,"href":"https:\/\/kuzeyinsesi.org\/index.php\/wp-json\/wp\/v2\/media\/33900"}],"wp:attachment":[{"href":"https:\/\/kuzeyinsesi.org\/index.php\/wp-json\/wp\/v2\/media?parent=37785"}],"wp:term":[{"taxonomy":"category","embeddable":true,"href":"https:\/\/kuzeyinsesi.org\/index.php\/wp-json\/wp\/v2\/categories?post=37785"},{"taxonomy":"post_tag","embeddable":true,"href":"https:\/\/kuzeyinsesi.org\/index.php\/wp-json\/wp\/v2\/tags?post=37785"}],"curies":[{"name":"wp","href":"https:\/\/api.w.org\/{rel}","templated":true}]}}