{"id":37784,"date":"2026-05-01T07:51:36","date_gmt":"2026-05-01T04:51:36","guid":{"rendered":"https:\/\/kuzeyinsesi.org\/index.php\/2026\/05\/01\/afrika-kitasi-bolunuyor-yeni-bir-okyanus-tahmin-edilenden-daha-erken-olusacak\/"},"modified":"2026-05-01T07:51:36","modified_gmt":"2026-05-01T04:51:36","slug":"afrika-kitasi-bolunuyor-yeni-bir-okyanus-tahmin-edilenden-daha-erken-olusacak","status":"publish","type":"post","link":"https:\/\/kuzeyinsesi.org\/index.php\/2026\/05\/01\/afrika-kitasi-bolunuyor-yeni-bir-okyanus-tahmin-edilenden-daha-erken-olusacak\/","title":{"rendered":"Afrika K\u0131tas\u0131 b\u00f6l\u00fcn\u00fcyor: Yeni bir okyanus tahmin edilenden daha erken olu\u015facak"},"content":{"rendered":"<p><\/p>\n<div>\n<p>&#13;<br \/>\n\tColumbia \u00dcniversitesi&#8217;nden yer bilimci Christian Rowan, b\u00f6lgedeki yer kabu\u011funun san\u0131landan \u00e7ok daha ince oldu\u011funu ve Do\u011fu Afrika&#8217;n\u0131n rifting (yar\u0131lma) s\u00fcrecinde tahmin edilenden daha ileri bir safhaya ge\u00e7ti\u011fini belirtti.<\/p>\n<p>&#13;<br \/>\n\tJeolojik \u00f6l\u00e7ekte &#8220;g\u00f6z a\u00e7\u0131p kapay\u0131ncaya kadar&#8221; ge\u00e7ecek bu s\u00fcre, k\u0131tan\u0131n haritas\u0131n\u0131 kal\u0131c\u0131 olarak de\u011fi\u015ftirecek.<\/p>\n<h2>&#13;<br \/>\n\tYer kabu\u011fundaki &#8216;boyun verme&#8217; safhas\u0131<\/h2>\n<p>&#13;<br \/>\n\tAra\u015ft\u0131rmac\u0131lar, <a href=\"https:\/\/www.trthaber.com\/etiket\/kenya\/\" target=\"_blank\">Kenya<\/a> ve <a href=\"https:\/\/www.trthaber.com\/etiket\/etiyopya\/\" target=\"_blank\">Etiyopya<\/a> boyunca uzanan Turkana Yar\u0131\u011f\u0131 \u00fczerindeki sismik \u00f6l\u00e7\u00fcmleri analiz ederek yer kabu\u011fu kal\u0131nl\u0131\u011f\u0131n\u0131 hesaplad\u0131.<\/p>\n<p>&#13;<br \/>\n\tNormalde kenarlarda 35 kilometre olan kabuk kal\u0131nl\u0131\u011f\u0131n\u0131n, yar\u0131\u011f\u0131n merkezinde 13 kilometreye kadar d\u00fc\u015ft\u00fc\u011f\u00fc tespit edildi.<\/p>\n<p>&#13;<br \/>\n\tKabu\u011fun 15 kilometrenin alt\u0131na d\u00fc\u015fmesi, jeolojide &#8220;boyun verme&#8221; (necking) olarak adland\u0131r\u0131lan ve k\u0131tan\u0131n kopu\u015funun ka\u00e7\u0131n\u0131lmaz oldu\u011funu g\u00f6steren a\u015famaya girildi\u011fini kan\u0131tl\u0131yor.<\/p>\n<p>&#13;<br \/>\n\t\u0130nceleyen ve zay\u0131flayan kabuk, rifting s\u00fcrecini daha da h\u0131zland\u0131r\u0131rken, bir sonraki a\u015famada magma y\u00fczeye \u00e7\u0131karak yeni bir deniz taban\u0131 olu\u015fturacak.<\/p>\n<p>&#13;<br \/>\n\tHint Okyanusu&#8217;ndan gelen sular\u0131n bu havzay\u0131 doldurmas\u0131yla <a href=\"https:\/\/www.trthaber.com\/etiket\/afrika\/\" target=\"_blank\">Afrika<\/a> levhas\u0131; bat\u0131daki Nubya levhas\u0131 ve do\u011fu k\u0131y\u0131s\u0131 ile Madagaskar&#8217;\u0131 kapsayan <a href=\"https:\/\/www.trthaber.com\/etiket\/somali\/\" target=\"_blank\">Somali<\/a> levhas\u0131 olarak ikiye ayr\u0131lacak.<\/p>\n<p>&#13;<br \/>\n\tYakla\u015f\u0131k 4,6 milyon y\u0131l \u00f6nce ba\u015flayan &#8220;boyun verme&#8221; safhas\u0131, b\u00f6lgedeki tortu birikimini h\u0131zland\u0131rarak o d\u00f6nemde ya\u015fayan canl\u0131lar\u0131n kay\u0131tlar\u0131n\u0131n g\u00fcn\u00fcm\u00fcze kadar korunmas\u0131n\u0131 sa\u011flad\u0131.<\/p>\n<p>&#13;<br \/>\n\tNature Communications dergisinde yay\u0131mlanan ara\u015ft\u0131rma, b\u00f6lgedeki e\u015fsiz paleoantropolojik kayd\u0131n olu\u015fmas\u0131nda tektonik de\u011fi\u015fimlerin temel bir rol oynad\u0131\u011f\u0131n\u0131 ortaya koyuyor.<\/p>\n<\/p><\/div>\n","protected":false},"excerpt":{"rendered":"<p>&#13; Columbia \u00dcniversitesi&#8217;nden yer bilimci Christian Rowan, b\u00f6lgedeki yer kabu\u011funun san\u0131landan \u00e7ok daha ince oldu\u011funu ve Do\u011fu Afrika&#8217;n\u0131n rifting (yar\u0131lma) s\u00fcrecinde tahmin edilenden daha ileri bir safhaya ge\u00e7ti\u011fini belirtti. &#13; Jeolojik \u00f6l\u00e7ekte &#8220;g\u00f6z a\u00e7\u0131p kapay\u0131ncaya kadar&#8221; ge\u00e7ecek bu s\u00fcre, k\u0131tan\u0131n haritas\u0131n\u0131 kal\u0131c\u0131 olarak de\u011fi\u015ftirecek. &#13; Yer kabu\u011fundaki &#8216;boyun verme&#8217; safhas\u0131 &#13; Ara\u015ft\u0131rmac\u0131lar, Kenya ve Etiyopya [&hellip;]<\/p>\n","protected":false},"author":1,"featured_media":37099,"comment_status":"open","ping_status":"open","sticky":false,"template":"","format":"standard","meta":{"jnews-multi-image_gallery":[],"jnews_single_post":[],"jnews_primary_category":[],"jnews_social_meta":[],"jnews_override_counter":[],"footnotes":""},"categories":[2],"tags":[],"class_list":["post-37784","post","type-post","status-publish","format-standard","has-post-thumbnail","hentry","category-dunya"],"yoast_head":"<!-- This site is optimized with the Yoast SEO plugin v27.5 - https:\/\/yoast.com\/product\/yoast-seo-wordpress\/ -->\n<title>Afrika K\u0131tas\u0131 b\u00f6l\u00fcn\u00fcyor: Yeni bir okyanus tahmin edilenden daha erken olu\u015facak - Kuzeyin Sesi<\/title>\n<meta name=\"robots\" content=\"index, follow, max-snippet:-1, max-image-preview:large, max-video-preview:-1\" \/>\n<link rel=\"canonical\" href=\"https:\/\/kuzeyinsesi.org\/index.php\/2026\/05\/01\/afrika-kitasi-bolunuyor-yeni-bir-okyanus-tahmin-edilenden-daha-erken-olusacak\/\" \/>\n<meta property=\"og:locale\" content=\"tr_TR\" \/>\n<meta property=\"og:type\" content=\"article\" \/>\n<meta property=\"og:title\" content=\"Afrika K\u0131tas\u0131 b\u00f6l\u00fcn\u00fcyor: Yeni bir okyanus tahmin edilenden daha erken olu\u015facak - Kuzeyin Sesi\" \/>\n<meta property=\"og:description\" content=\"&#013; Columbia \u00dcniversitesi&#8217;nden yer bilimci Christian Rowan, b\u00f6lgedeki yer kabu\u011funun san\u0131landan \u00e7ok daha ince oldu\u011funu ve Do\u011fu Afrika&#8217;n\u0131n rifting (yar\u0131lma) s\u00fcrecinde tahmin edilenden daha ileri bir safhaya ge\u00e7ti\u011fini belirtti. &#013; Jeolojik \u00f6l\u00e7ekte &#8220;g\u00f6z a\u00e7\u0131p kapay\u0131ncaya kadar&#8221; ge\u00e7ecek bu s\u00fcre, k\u0131tan\u0131n haritas\u0131n\u0131 kal\u0131c\u0131 olarak de\u011fi\u015ftirecek. &#013; Yer kabu\u011fundaki &#8216;boyun verme&#8217; safhas\u0131 &#013; Ara\u015ft\u0131rmac\u0131lar, Kenya ve Etiyopya [&hellip;]\" \/>\n<meta property=\"og:url\" content=\"https:\/\/kuzeyinsesi.org\/index.php\/2026\/05\/01\/afrika-kitasi-bolunuyor-yeni-bir-okyanus-tahmin-edilenden-daha-erken-olusacak\/\" \/>\n<meta property=\"og:site_name\" content=\"Kuzeyin Sesi\" \/>\n<meta property=\"article:publisher\" content=\"https:\/\/www.facebook.com\/kuzeyinsesii\" \/>\n<meta property=\"article:published_time\" content=\"2026-05-01T04:51:36+00:00\" \/>\n<meta property=\"og:image\" content=\"https:\/\/trthaberstatic.cdn.wp.trt.com.tr\/resimler\/2454000\/afrika-2455930.jpg\" \/>\n<meta name=\"author\" content=\"Kuzeyin Sesi\" \/>\n<meta name=\"twitter:card\" content=\"summary_large_image\" \/>\n<meta name=\"twitter:creator\" content=\"@kuzeyinsesii\" \/>\n<meta name=\"twitter:site\" content=\"@kuzeyinsesii\" \/>\n<meta name=\"twitter:label1\" content=\"Yazan:\" \/>\n\t<meta name=\"twitter:data1\" content=\"Kuzeyin Sesi\" \/>\n\t<meta name=\"twitter:label2\" content=\"Tahmini okuma s\u00fcresi\" \/>\n\t<meta name=\"twitter:data2\" content=\"1 dakika\" \/>\n<script type=\"application\/ld+json\" class=\"yoast-schema-graph\">{\"@context\":\"https:\\\/\\\/schema.org\",\"@graph\":[{\"@type\":\"Article\",\"@id\":\"https:\\\/\\\/kuzeyinsesi.org\\\/index.php\\\/2026\\\/05\\\/01\\\/afrika-kitasi-bolunuyor-yeni-bir-okyanus-tahmin-edilenden-daha-erken-olusacak\\\/#article\",\"isPartOf\":{\"@id\":\"https:\\\/\\\/kuzeyinsesi.org\\\/index.php\\\/2026\\\/05\\\/01\\\/afrika-kitasi-bolunuyor-yeni-bir-okyanus-tahmin-edilenden-daha-erken-olusacak\\\/\"},\"author\":{\"name\":\"Kuzeyin Sesi\",\"@id\":\"https:\\\/\\\/kuzeyinsesi.org\\\/#\\\/schema\\\/person\\\/9f859689cdf01485597712386e37f5aa\"},\"headline\":\"Afrika K\u0131tas\u0131 b\u00f6l\u00fcn\u00fcyor: Yeni bir okyanus tahmin edilenden daha erken olu\u015facak\",\"datePublished\":\"2026-05-01T04:51:36+00:00\",\"mainEntityOfPage\":{\"@id\":\"https:\\\/\\\/kuzeyinsesi.org\\\/index.php\\\/2026\\\/05\\\/01\\\/afrika-kitasi-bolunuyor-yeni-bir-okyanus-tahmin-edilenden-daha-erken-olusacak\\\/\"},\"wordCount\":292,\"commentCount\":0,\"image\":{\"@id\":\"https:\\\/\\\/kuzeyinsesi.org\\\/index.php\\\/2026\\\/05\\\/01\\\/afrika-kitasi-bolunuyor-yeni-bir-okyanus-tahmin-edilenden-daha-erken-olusacak\\\/#primaryimage\"},\"thumbnailUrl\":\"https:\\\/\\\/kuzeyinsesi.org\\\/wp-content\\\/uploads\\\/2026\\\/04\\\/afrika-2455930.jpg\",\"articleSection\":[\"D\u00fcnya\"],\"inLanguage\":\"tr\",\"potentialAction\":[{\"@type\":\"CommentAction\",\"name\":\"Comment\",\"target\":[\"https:\\\/\\\/kuzeyinsesi.org\\\/index.php\\\/2026\\\/05\\\/01\\\/afrika-kitasi-bolunuyor-yeni-bir-okyanus-tahmin-edilenden-daha-erken-olusacak\\\/#respond\"]}]},{\"@type\":\"WebPage\",\"@id\":\"https:\\\/\\\/kuzeyinsesi.org\\\/index.php\\\/2026\\\/05\\\/01\\\/afrika-kitasi-bolunuyor-yeni-bir-okyanus-tahmin-edilenden-daha-erken-olusacak\\\/\",\"url\":\"https:\\\/\\\/kuzeyinsesi.org\\\/index.php\\\/2026\\\/05\\\/01\\\/afrika-kitasi-bolunuyor-yeni-bir-okyanus-tahmin-edilenden-daha-erken-olusacak\\\/\",\"name\":\"Afrika K\u0131tas\u0131 b\u00f6l\u00fcn\u00fcyor: Yeni bir okyanus tahmin edilenden daha erken olu\u015facak - Kuzeyin Sesi\",\"isPartOf\":{\"@id\":\"https:\\\/\\\/kuzeyinsesi.org\\\/#website\"},\"primaryImageOfPage\":{\"@id\":\"https:\\\/\\\/kuzeyinsesi.org\\\/index.php\\\/2026\\\/05\\\/01\\\/afrika-kitasi-bolunuyor-yeni-bir-okyanus-tahmin-edilenden-daha-erken-olusacak\\\/#primaryimage\"},\"image\":{\"@id\":\"https:\\\/\\\/kuzeyinsesi.org\\\/index.php\\\/2026\\\/05\\\/01\\\/afrika-kitasi-bolunuyor-yeni-bir-okyanus-tahmin-edilenden-daha-erken-olusacak\\\/#primaryimage\"},\"thumbnailUrl\":\"https:\\\/\\\/kuzeyinsesi.org\\\/wp-content\\\/uploads\\\/2026\\\/04\\\/afrika-2455930.jpg\",\"datePublished\":\"2026-05-01T04:51:36+00:00\",\"author\":{\"@id\":\"https:\\\/\\\/kuzeyinsesi.org\\\/#\\\/schema\\\/person\\\/9f859689cdf01485597712386e37f5aa\"},\"breadcrumb\":{\"@id\":\"https:\\\/\\\/kuzeyinsesi.org\\\/index.php\\\/2026\\\/05\\\/01\\\/afrika-kitasi-bolunuyor-yeni-bir-okyanus-tahmin-edilenden-daha-erken-olusacak\\\/#breadcrumb\"},\"inLanguage\":\"tr\",\"potentialAction\":[{\"@type\":\"ReadAction\",\"target\":[\"https:\\\/\\\/kuzeyinsesi.org\\\/index.php\\\/2026\\\/05\\\/01\\\/afrika-kitasi-bolunuyor-yeni-bir-okyanus-tahmin-edilenden-daha-erken-olusacak\\\/\"]}]},{\"@type\":\"ImageObject\",\"inLanguage\":\"tr\",\"@id\":\"https:\\\/\\\/kuzeyinsesi.org\\\/index.php\\\/2026\\\/05\\\/01\\\/afrika-kitasi-bolunuyor-yeni-bir-okyanus-tahmin-edilenden-daha-erken-olusacak\\\/#primaryimage\",\"url\":\"https:\\\/\\\/kuzeyinsesi.org\\\/wp-content\\\/uploads\\\/2026\\\/04\\\/afrika-2455930.jpg\",\"contentUrl\":\"https:\\\/\\\/kuzeyinsesi.org\\\/wp-content\\\/uploads\\\/2026\\\/04\\\/afrika-2455930.jpg\",\"width\":1280,\"height\":720},{\"@type\":\"BreadcrumbList\",\"@id\":\"https:\\\/\\\/kuzeyinsesi.org\\\/index.php\\\/2026\\\/05\\\/01\\\/afrika-kitasi-bolunuyor-yeni-bir-okyanus-tahmin-edilenden-daha-erken-olusacak\\\/#breadcrumb\",\"itemListElement\":[{\"@type\":\"ListItem\",\"position\":1,\"name\":\"Anasayfa\",\"item\":\"https:\\\/\\\/kuzeyinsesi.org\\\/\"},{\"@type\":\"ListItem\",\"position\":2,\"name\":\"Afrika K\u0131tas\u0131 b\u00f6l\u00fcn\u00fcyor: Yeni bir okyanus tahmin edilenden daha erken olu\u015facak\"}]},{\"@type\":\"WebSite\",\"@id\":\"https:\\\/\\\/kuzeyinsesi.org\\\/#website\",\"url\":\"https:\\\/\\\/kuzeyinsesi.org\\\/\",\"name\":\"Kuzeyin Sesi\",\"description\":\"Do\u011fru Haberin Adresi\",\"potentialAction\":[{\"@type\":\"SearchAction\",\"target\":{\"@type\":\"EntryPoint\",\"urlTemplate\":\"https:\\\/\\\/kuzeyinsesi.org\\\/?s={search_term_string}\"},\"query-input\":{\"@type\":\"PropertyValueSpecification\",\"valueRequired\":true,\"valueName\":\"search_term_string\"}}],\"inLanguage\":\"tr\"},{\"@type\":\"Person\",\"@id\":\"https:\\\/\\\/kuzeyinsesi.org\\\/#\\\/schema\\\/person\\\/9f859689cdf01485597712386e37f5aa\",\"name\":\"Kuzeyin Sesi\",\"image\":{\"@type\":\"ImageObject\",\"inLanguage\":\"tr\",\"@id\":\"https:\\\/\\\/secure.gravatar.com\\\/avatar\\\/bab33852abfd8b282518d6ed81826833d77c3c882d9ab608add591ccace47a44?s=96&d=mm&r=g\",\"url\":\"https:\\\/\\\/secure.gravatar.com\\\/avatar\\\/bab33852abfd8b282518d6ed81826833d77c3c882d9ab608add591ccace47a44?s=96&d=mm&r=g\",\"contentUrl\":\"https:\\\/\\\/secure.gravatar.com\\\/avatar\\\/bab33852abfd8b282518d6ed81826833d77c3c882d9ab608add591ccace47a44?s=96&d=mm&r=g\",\"caption\":\"Kuzeyin Sesi\"},\"sameAs\":[\"https:\\\/\\\/kuzeyinsesi.org\"],\"url\":\"https:\\\/\\\/kuzeyinsesi.org\\\/index.php\\\/author\\\/guven\\\/\"}]}<\/script>\n<!-- \/ Yoast SEO plugin. -->","yoast_head_json":{"title":"Afrika K\u0131tas\u0131 b\u00f6l\u00fcn\u00fcyor: Yeni bir okyanus tahmin edilenden daha erken olu\u015facak - Kuzeyin Sesi","robots":{"index":"index","follow":"follow","max-snippet":"max-snippet:-1","max-image-preview":"max-image-preview:large","max-video-preview":"max-video-preview:-1"},"canonical":"https:\/\/kuzeyinsesi.org\/index.php\/2026\/05\/01\/afrika-kitasi-bolunuyor-yeni-bir-okyanus-tahmin-edilenden-daha-erken-olusacak\/","og_locale":"tr_TR","og_type":"article","og_title":"Afrika K\u0131tas\u0131 b\u00f6l\u00fcn\u00fcyor: Yeni bir okyanus tahmin edilenden daha erken olu\u015facak - Kuzeyin Sesi","og_description":"&#13; Columbia \u00dcniversitesi&#8217;nden yer bilimci Christian Rowan, b\u00f6lgedeki yer kabu\u011funun san\u0131landan \u00e7ok daha ince oldu\u011funu ve Do\u011fu Afrika&#8217;n\u0131n rifting (yar\u0131lma) s\u00fcrecinde tahmin edilenden daha ileri bir safhaya ge\u00e7ti\u011fini belirtti. &#13; Jeolojik \u00f6l\u00e7ekte &#8220;g\u00f6z a\u00e7\u0131p kapay\u0131ncaya kadar&#8221; ge\u00e7ecek bu s\u00fcre, k\u0131tan\u0131n haritas\u0131n\u0131 kal\u0131c\u0131 olarak de\u011fi\u015ftirecek. &#13; Yer kabu\u011fundaki &#8216;boyun verme&#8217; safhas\u0131 &#13; Ara\u015ft\u0131rmac\u0131lar, Kenya ve Etiyopya [&hellip;]","og_url":"https:\/\/kuzeyinsesi.org\/index.php\/2026\/05\/01\/afrika-kitasi-bolunuyor-yeni-bir-okyanus-tahmin-edilenden-daha-erken-olusacak\/","og_site_name":"Kuzeyin Sesi","article_publisher":"https:\/\/www.facebook.com\/kuzeyinsesii","article_published_time":"2026-05-01T04:51:36+00:00","og_image":[{"url":"https:\/\/trthaberstatic.cdn.wp.trt.com.tr\/resimler\/2454000\/afrika-2455930.jpg","type":"","width":"","height":""}],"author":"Kuzeyin Sesi","twitter_card":"summary_large_image","twitter_creator":"@kuzeyinsesii","twitter_site":"@kuzeyinsesii","twitter_misc":{"Yazan:":"Kuzeyin Sesi","Tahmini okuma s\u00fcresi":"1 dakika"},"schema":{"@context":"https:\/\/schema.org","@graph":[{"@type":"Article","@id":"https:\/\/kuzeyinsesi.org\/index.php\/2026\/05\/01\/afrika-kitasi-bolunuyor-yeni-bir-okyanus-tahmin-edilenden-daha-erken-olusacak\/#article","isPartOf":{"@id":"https:\/\/kuzeyinsesi.org\/index.php\/2026\/05\/01\/afrika-kitasi-bolunuyor-yeni-bir-okyanus-tahmin-edilenden-daha-erken-olusacak\/"},"author":{"name":"Kuzeyin Sesi","@id":"https:\/\/kuzeyinsesi.org\/#\/schema\/person\/9f859689cdf01485597712386e37f5aa"},"headline":"Afrika K\u0131tas\u0131 b\u00f6l\u00fcn\u00fcyor: Yeni bir okyanus tahmin edilenden daha erken olu\u015facak","datePublished":"2026-05-01T04:51:36+00:00","mainEntityOfPage":{"@id":"https:\/\/kuzeyinsesi.org\/index.php\/2026\/05\/01\/afrika-kitasi-bolunuyor-yeni-bir-okyanus-tahmin-edilenden-daha-erken-olusacak\/"},"wordCount":292,"commentCount":0,"image":{"@id":"https:\/\/kuzeyinsesi.org\/index.php\/2026\/05\/01\/afrika-kitasi-bolunuyor-yeni-bir-okyanus-tahmin-edilenden-daha-erken-olusacak\/#primaryimage"},"thumbnailUrl":"https:\/\/kuzeyinsesi.org\/wp-content\/uploads\/2026\/04\/afrika-2455930.jpg","articleSection":["D\u00fcnya"],"inLanguage":"tr","potentialAction":[{"@type":"CommentAction","name":"Comment","target":["https:\/\/kuzeyinsesi.org\/index.php\/2026\/05\/01\/afrika-kitasi-bolunuyor-yeni-bir-okyanus-tahmin-edilenden-daha-erken-olusacak\/#respond"]}]},{"@type":"WebPage","@id":"https:\/\/kuzeyinsesi.org\/index.php\/2026\/05\/01\/afrika-kitasi-bolunuyor-yeni-bir-okyanus-tahmin-edilenden-daha-erken-olusacak\/","url":"https:\/\/kuzeyinsesi.org\/index.php\/2026\/05\/01\/afrika-kitasi-bolunuyor-yeni-bir-okyanus-tahmin-edilenden-daha-erken-olusacak\/","name":"Afrika K\u0131tas\u0131 b\u00f6l\u00fcn\u00fcyor: Yeni bir okyanus tahmin edilenden daha erken olu\u015facak - Kuzeyin Sesi","isPartOf":{"@id":"https:\/\/kuzeyinsesi.org\/#website"},"primaryImageOfPage":{"@id":"https:\/\/kuzeyinsesi.org\/index.php\/2026\/05\/01\/afrika-kitasi-bolunuyor-yeni-bir-okyanus-tahmin-edilenden-daha-erken-olusacak\/#primaryimage"},"image":{"@id":"https:\/\/kuzeyinsesi.org\/index.php\/2026\/05\/01\/afrika-kitasi-bolunuyor-yeni-bir-okyanus-tahmin-edilenden-daha-erken-olusacak\/#primaryimage"},"thumbnailUrl":"https:\/\/kuzeyinsesi.org\/wp-content\/uploads\/2026\/04\/afrika-2455930.jpg","datePublished":"2026-05-01T04:51:36+00:00","author":{"@id":"https:\/\/kuzeyinsesi.org\/#\/schema\/person\/9f859689cdf01485597712386e37f5aa"},"breadcrumb":{"@id":"https:\/\/kuzeyinsesi.org\/index.php\/2026\/05\/01\/afrika-kitasi-bolunuyor-yeni-bir-okyanus-tahmin-edilenden-daha-erken-olusacak\/#breadcrumb"},"inLanguage":"tr","potentialAction":[{"@type":"ReadAction","target":["https:\/\/kuzeyinsesi.org\/index.php\/2026\/05\/01\/afrika-kitasi-bolunuyor-yeni-bir-okyanus-tahmin-edilenden-daha-erken-olusacak\/"]}]},{"@type":"ImageObject","inLanguage":"tr","@id":"https:\/\/kuzeyinsesi.org\/index.php\/2026\/05\/01\/afrika-kitasi-bolunuyor-yeni-bir-okyanus-tahmin-edilenden-daha-erken-olusacak\/#primaryimage","url":"https:\/\/kuzeyinsesi.org\/wp-content\/uploads\/2026\/04\/afrika-2455930.jpg","contentUrl":"https:\/\/kuzeyinsesi.org\/wp-content\/uploads\/2026\/04\/afrika-2455930.jpg","width":1280,"height":720},{"@type":"BreadcrumbList","@id":"https:\/\/kuzeyinsesi.org\/index.php\/2026\/05\/01\/afrika-kitasi-bolunuyor-yeni-bir-okyanus-tahmin-edilenden-daha-erken-olusacak\/#breadcrumb","itemListElement":[{"@type":"ListItem","position":1,"name":"Anasayfa","item":"https:\/\/kuzeyinsesi.org\/"},{"@type":"ListItem","position":2,"name":"Afrika K\u0131tas\u0131 b\u00f6l\u00fcn\u00fcyor: Yeni bir okyanus tahmin edilenden daha erken olu\u015facak"}]},{"@type":"WebSite","@id":"https:\/\/kuzeyinsesi.org\/#website","url":"https:\/\/kuzeyinsesi.org\/","name":"Kuzeyin Sesi","description":"Do\u011fru Haberin Adresi","potentialAction":[{"@type":"SearchAction","target":{"@type":"EntryPoint","urlTemplate":"https:\/\/kuzeyinsesi.org\/?s={search_term_string}"},"query-input":{"@type":"PropertyValueSpecification","valueRequired":true,"valueName":"search_term_string"}}],"inLanguage":"tr"},{"@type":"Person","@id":"https:\/\/kuzeyinsesi.org\/#\/schema\/person\/9f859689cdf01485597712386e37f5aa","name":"Kuzeyin Sesi","image":{"@type":"ImageObject","inLanguage":"tr","@id":"https:\/\/secure.gravatar.com\/avatar\/bab33852abfd8b282518d6ed81826833d77c3c882d9ab608add591ccace47a44?s=96&d=mm&r=g","url":"https:\/\/secure.gravatar.com\/avatar\/bab33852abfd8b282518d6ed81826833d77c3c882d9ab608add591ccace47a44?s=96&d=mm&r=g","contentUrl":"https:\/\/secure.gravatar.com\/avatar\/bab33852abfd8b282518d6ed81826833d77c3c882d9ab608add591ccace47a44?s=96&d=mm&r=g","caption":"Kuzeyin Sesi"},"sameAs":["https:\/\/kuzeyinsesi.org"],"url":"https:\/\/kuzeyinsesi.org\/index.php\/author\/guven\/"}]}},"_links":{"self":[{"href":"https:\/\/kuzeyinsesi.org\/index.php\/wp-json\/wp\/v2\/posts\/37784","targetHints":{"allow":["GET"]}}],"collection":[{"href":"https:\/\/kuzeyinsesi.org\/index.php\/wp-json\/wp\/v2\/posts"}],"about":[{"href":"https:\/\/kuzeyinsesi.org\/index.php\/wp-json\/wp\/v2\/types\/post"}],"author":[{"embeddable":true,"href":"https:\/\/kuzeyinsesi.org\/index.php\/wp-json\/wp\/v2\/users\/1"}],"replies":[{"embeddable":true,"href":"https:\/\/kuzeyinsesi.org\/index.php\/wp-json\/wp\/v2\/comments?post=37784"}],"version-history":[{"count":0,"href":"https:\/\/kuzeyinsesi.org\/index.php\/wp-json\/wp\/v2\/posts\/37784\/revisions"}],"wp:featuredmedia":[{"embeddable":true,"href":"https:\/\/kuzeyinsesi.org\/index.php\/wp-json\/wp\/v2\/media\/37099"}],"wp:attachment":[{"href":"https:\/\/kuzeyinsesi.org\/index.php\/wp-json\/wp\/v2\/media?parent=37784"}],"wp:term":[{"taxonomy":"category","embeddable":true,"href":"https:\/\/kuzeyinsesi.org\/index.php\/wp-json\/wp\/v2\/categories?post=37784"},{"taxonomy":"post_tag","embeddable":true,"href":"https:\/\/kuzeyinsesi.org\/index.php\/wp-json\/wp\/v2\/tags?post=37784"}],"curies":[{"name":"wp","href":"https:\/\/api.w.org\/{rel}","templated":true}]}}