{"id":37782,"date":"2026-05-01T07:19:33","date_gmt":"2026-05-01T04:19:33","guid":{"rendered":"https:\/\/kuzeyinsesi.org\/index.php\/2026\/05\/01\/unlu-yonetmenin-oscar-odulu-ucakta-kayboldu\/"},"modified":"2026-05-01T07:19:33","modified_gmt":"2026-05-01T04:19:33","slug":"unlu-yonetmenin-oscar-odulu-ucakta-kayboldu","status":"publish","type":"post","link":"https:\/\/kuzeyinsesi.org\/index.php\/2026\/05\/01\/unlu-yonetmenin-oscar-odulu-ucakta-kayboldu\/","title":{"rendered":"\u00dcnl\u00fc y\u00f6netmenin Oscar \u00f6d\u00fcl\u00fc u\u00e7akta kayboldu"},"content":{"rendered":"<p><\/p>\n<div>\n<p>&#13;<br \/>\n\t\u00c7ar\u015famba g\u00fcn\u00fc Almanya\u2019ya gitmek \u00fczere u\u00e7a\u011fa binmeye haz\u0131rlanan Talankin, el bagaj\u0131ndaki <a href=\"https:\/\/www.trthaber.com\/etiket\/oscar\/\" target=\"_blank\">Oscar<\/a> heykelci\u011finin &#8220;silah olarak kullan\u0131labilece\u011fi&#8221; gerek\u00e7esiyle kabine al\u0131nmas\u0131na izin verilmedi\u011fini belirtti.<\/p>\n<p>&#13;<br \/>\n\tKay\u0131tl\u0131 bagaj\u0131 bulunmayan y\u00f6netmene yard\u0131mc\u0131 olan Lufthansa personeli, \u00f6d\u00fcl\u00fc bir kutuya paketleyerek kargo b\u00f6l\u00fcm\u00fcne g\u00f6nderdi; ancak u\u00e7ak Almanya\u2019ya indi\u011finde heykelci\u011fin kayboldu\u011fu anla\u015f\u0131ld\u0131.<\/p>\n<h2>&#13;<br \/>\n\tLufthansa&#8217;dan kay\u0131p ilan\u0131<\/h2>\n<p>&#13;<br \/>\n\tHavayolu \u015firketi Lufthansa yapt\u0131\u011f\u0131 a\u00e7\u0131klamada, durumdan derin \u00fcz\u00fcnt\u00fc duyduklar\u0131n\u0131 ve \u00f6d\u00fcl\u00fcn bulunmas\u0131 i\u00e7in kapsaml\u0131 bir i\u00e7 soru\u015fturma ba\u015flat\u0131ld\u0131\u011f\u0131n\u0131 bildirdi.<\/p>\n<p>&#13;<br \/>\n\tBelgeselin y\u00f6netici yap\u0131mc\u0131s\u0131 Robin Hessman, Talankin\u2019in daha \u00f6nce hem Oscar hem de Bafta \u00f6d\u00fclleriyle defalarca seyahat etti\u011fini ve hi\u00e7bir sorun ya\u015famad\u0131\u011f\u0131n\u0131 vurgulayarak ya\u015fananlara tepki g\u00f6sterdi.<\/p>\n<p>&#13;<br \/>\n\tPavel Talankin, Rusya&#8217;n\u0131n Ukrayna&#8217;y\u0131 i\u015fgalinin ard\u0131ndan bir Rus okulunda artan <a href=\"https:\/\/www.trthaber.com\/etiket\/savas\/\" target=\"_blank\">sava\u015f<\/a> propagandas\u0131n\u0131 konu alan belgeseliyle bu y\u0131l &#8220;En \u0130yi Belgesel&#8221; dal\u0131nda Oscar kazand\u0131.<\/p>\n<p>&#13;<br \/>\n\tY\u00f6netmen, \u00f6d\u00fcl\u00fc New York&#8217;ta \u00fcniversite \u00f6\u011frencileriyle kat\u0131ld\u0131\u011f\u0131 bir g\u00f6sterim s\u0131ras\u0131nda sergilemek amac\u0131yla yan\u0131nda ta\u015f\u0131yordu.<\/p>\n<\/p><\/div>\n","protected":false},"excerpt":{"rendered":"<p>&#13; \u00c7ar\u015famba g\u00fcn\u00fc Almanya\u2019ya gitmek \u00fczere u\u00e7a\u011fa binmeye haz\u0131rlanan Talankin, el bagaj\u0131ndaki Oscar heykelci\u011finin &#8220;silah olarak kullan\u0131labilece\u011fi&#8221; gerek\u00e7esiyle kabine al\u0131nmas\u0131na izin verilmedi\u011fini belirtti. &#13; Kay\u0131tl\u0131 bagaj\u0131 bulunmayan y\u00f6netmene yard\u0131mc\u0131 olan Lufthansa personeli, \u00f6d\u00fcl\u00fc bir kutuya paketleyerek kargo b\u00f6l\u00fcm\u00fcne g\u00f6nderdi; ancak u\u00e7ak Almanya\u2019ya indi\u011finde heykelci\u011fin kayboldu\u011fu anla\u015f\u0131ld\u0131. &#13; Lufthansa&#8217;dan kay\u0131p ilan\u0131 &#13; Havayolu \u015firketi Lufthansa yapt\u0131\u011f\u0131 [&hellip;]<\/p>\n","protected":false},"author":1,"featured_media":37783,"comment_status":"open","ping_status":"open","sticky":false,"template":"","format":"standard","meta":{"jnews-multi-image_gallery":[],"jnews_single_post":[],"jnews_primary_category":[],"jnews_social_meta":[],"jnews_override_counter":[],"footnotes":""},"categories":[2],"tags":[],"class_list":["post-37782","post","type-post","status-publish","format-standard","has-post-thumbnail","hentry","category-dunya"],"yoast_head":"<!-- This site is optimized with the Yoast SEO plugin v27.5 - https:\/\/yoast.com\/product\/yoast-seo-wordpress\/ -->\n<title>\u00dcnl\u00fc y\u00f6netmenin Oscar \u00f6d\u00fcl\u00fc u\u00e7akta kayboldu - Kuzeyin Sesi<\/title>\n<meta name=\"robots\" content=\"index, follow, max-snippet:-1, max-image-preview:large, max-video-preview:-1\" \/>\n<link rel=\"canonical\" href=\"https:\/\/kuzeyinsesi.org\/index.php\/2026\/05\/01\/unlu-yonetmenin-oscar-odulu-ucakta-kayboldu\/\" \/>\n<meta property=\"og:locale\" content=\"tr_TR\" \/>\n<meta property=\"og:type\" content=\"article\" \/>\n<meta property=\"og:title\" content=\"\u00dcnl\u00fc y\u00f6netmenin Oscar \u00f6d\u00fcl\u00fc u\u00e7akta kayboldu - Kuzeyin Sesi\" \/>\n<meta property=\"og:description\" content=\"&#013; \u00c7ar\u015famba g\u00fcn\u00fc Almanya\u2019ya gitmek \u00fczere u\u00e7a\u011fa binmeye haz\u0131rlanan Talankin, el bagaj\u0131ndaki Oscar heykelci\u011finin &#8220;silah olarak kullan\u0131labilece\u011fi&#8221; gerek\u00e7esiyle kabine al\u0131nmas\u0131na izin verilmedi\u011fini belirtti. &#013; Kay\u0131tl\u0131 bagaj\u0131 bulunmayan y\u00f6netmene yard\u0131mc\u0131 olan Lufthansa personeli, \u00f6d\u00fcl\u00fc bir kutuya paketleyerek kargo b\u00f6l\u00fcm\u00fcne g\u00f6nderdi; ancak u\u00e7ak Almanya\u2019ya indi\u011finde heykelci\u011fin kayboldu\u011fu anla\u015f\u0131ld\u0131. &#013; Lufthansa&#8217;dan kay\u0131p ilan\u0131 &#013; Havayolu \u015firketi Lufthansa yapt\u0131\u011f\u0131 [&hellip;]\" \/>\n<meta property=\"og:url\" content=\"https:\/\/kuzeyinsesi.org\/index.php\/2026\/05\/01\/unlu-yonetmenin-oscar-odulu-ucakta-kayboldu\/\" \/>\n<meta property=\"og:site_name\" content=\"Kuzeyin Sesi\" \/>\n<meta property=\"article:publisher\" content=\"https:\/\/www.facebook.com\/kuzeyinsesii\" \/>\n<meta property=\"article:published_time\" content=\"2026-05-01T04:19:33+00:00\" \/>\n<meta property=\"og:image\" content=\"https:\/\/trthaberstatic.cdn.wp.trt.com.tr\/resimler\/1764000\/oscar-reu-1765760.jpg\" \/>\n<meta name=\"author\" content=\"Kuzeyin Sesi\" \/>\n<meta name=\"twitter:card\" content=\"summary_large_image\" \/>\n<meta name=\"twitter:creator\" content=\"@kuzeyinsesii\" \/>\n<meta name=\"twitter:site\" content=\"@kuzeyinsesii\" \/>\n<meta name=\"twitter:label1\" content=\"Yazan:\" \/>\n\t<meta name=\"twitter:data1\" content=\"Kuzeyin Sesi\" \/>\n\t<meta name=\"twitter:label2\" content=\"Tahmini okuma s\u00fcresi\" \/>\n\t<meta name=\"twitter:data2\" content=\"1 dakika\" \/>\n<script type=\"application\/ld+json\" class=\"yoast-schema-graph\">{\"@context\":\"https:\\\/\\\/schema.org\",\"@graph\":[{\"@type\":\"Article\",\"@id\":\"https:\\\/\\\/kuzeyinsesi.org\\\/index.php\\\/2026\\\/05\\\/01\\\/unlu-yonetmenin-oscar-odulu-ucakta-kayboldu\\\/#article\",\"isPartOf\":{\"@id\":\"https:\\\/\\\/kuzeyinsesi.org\\\/index.php\\\/2026\\\/05\\\/01\\\/unlu-yonetmenin-oscar-odulu-ucakta-kayboldu\\\/\"},\"author\":{\"name\":\"Kuzeyin Sesi\",\"@id\":\"https:\\\/\\\/kuzeyinsesi.org\\\/#\\\/schema\\\/person\\\/9f859689cdf01485597712386e37f5aa\"},\"headline\":\"\u00dcnl\u00fc y\u00f6netmenin Oscar \u00f6d\u00fcl\u00fc u\u00e7akta kayboldu\",\"datePublished\":\"2026-05-01T04:19:33+00:00\",\"mainEntityOfPage\":{\"@id\":\"https:\\\/\\\/kuzeyinsesi.org\\\/index.php\\\/2026\\\/05\\\/01\\\/unlu-yonetmenin-oscar-odulu-ucakta-kayboldu\\\/\"},\"wordCount\":206,\"commentCount\":0,\"image\":{\"@id\":\"https:\\\/\\\/kuzeyinsesi.org\\\/index.php\\\/2026\\\/05\\\/01\\\/unlu-yonetmenin-oscar-odulu-ucakta-kayboldu\\\/#primaryimage\"},\"thumbnailUrl\":\"https:\\\/\\\/kuzeyinsesi.org\\\/wp-content\\\/uploads\\\/2026\\\/05\\\/oscar-reu-1765760.jpg\",\"articleSection\":[\"D\u00fcnya\"],\"inLanguage\":\"tr\",\"potentialAction\":[{\"@type\":\"CommentAction\",\"name\":\"Comment\",\"target\":[\"https:\\\/\\\/kuzeyinsesi.org\\\/index.php\\\/2026\\\/05\\\/01\\\/unlu-yonetmenin-oscar-odulu-ucakta-kayboldu\\\/#respond\"]}]},{\"@type\":\"WebPage\",\"@id\":\"https:\\\/\\\/kuzeyinsesi.org\\\/index.php\\\/2026\\\/05\\\/01\\\/unlu-yonetmenin-oscar-odulu-ucakta-kayboldu\\\/\",\"url\":\"https:\\\/\\\/kuzeyinsesi.org\\\/index.php\\\/2026\\\/05\\\/01\\\/unlu-yonetmenin-oscar-odulu-ucakta-kayboldu\\\/\",\"name\":\"\u00dcnl\u00fc y\u00f6netmenin Oscar \u00f6d\u00fcl\u00fc u\u00e7akta kayboldu - Kuzeyin Sesi\",\"isPartOf\":{\"@id\":\"https:\\\/\\\/kuzeyinsesi.org\\\/#website\"},\"primaryImageOfPage\":{\"@id\":\"https:\\\/\\\/kuzeyinsesi.org\\\/index.php\\\/2026\\\/05\\\/01\\\/unlu-yonetmenin-oscar-odulu-ucakta-kayboldu\\\/#primaryimage\"},\"image\":{\"@id\":\"https:\\\/\\\/kuzeyinsesi.org\\\/index.php\\\/2026\\\/05\\\/01\\\/unlu-yonetmenin-oscar-odulu-ucakta-kayboldu\\\/#primaryimage\"},\"thumbnailUrl\":\"https:\\\/\\\/kuzeyinsesi.org\\\/wp-content\\\/uploads\\\/2026\\\/05\\\/oscar-reu-1765760.jpg\",\"datePublished\":\"2026-05-01T04:19:33+00:00\",\"author\":{\"@id\":\"https:\\\/\\\/kuzeyinsesi.org\\\/#\\\/schema\\\/person\\\/9f859689cdf01485597712386e37f5aa\"},\"breadcrumb\":{\"@id\":\"https:\\\/\\\/kuzeyinsesi.org\\\/index.php\\\/2026\\\/05\\\/01\\\/unlu-yonetmenin-oscar-odulu-ucakta-kayboldu\\\/#breadcrumb\"},\"inLanguage\":\"tr\",\"potentialAction\":[{\"@type\":\"ReadAction\",\"target\":[\"https:\\\/\\\/kuzeyinsesi.org\\\/index.php\\\/2026\\\/05\\\/01\\\/unlu-yonetmenin-oscar-odulu-ucakta-kayboldu\\\/\"]}]},{\"@type\":\"ImageObject\",\"inLanguage\":\"tr\",\"@id\":\"https:\\\/\\\/kuzeyinsesi.org\\\/index.php\\\/2026\\\/05\\\/01\\\/unlu-yonetmenin-oscar-odulu-ucakta-kayboldu\\\/#primaryimage\",\"url\":\"https:\\\/\\\/kuzeyinsesi.org\\\/wp-content\\\/uploads\\\/2026\\\/05\\\/oscar-reu-1765760.jpg\",\"contentUrl\":\"https:\\\/\\\/kuzeyinsesi.org\\\/wp-content\\\/uploads\\\/2026\\\/05\\\/oscar-reu-1765760.jpg\",\"width\":1280,\"height\":720},{\"@type\":\"BreadcrumbList\",\"@id\":\"https:\\\/\\\/kuzeyinsesi.org\\\/index.php\\\/2026\\\/05\\\/01\\\/unlu-yonetmenin-oscar-odulu-ucakta-kayboldu\\\/#breadcrumb\",\"itemListElement\":[{\"@type\":\"ListItem\",\"position\":1,\"name\":\"Anasayfa\",\"item\":\"https:\\\/\\\/kuzeyinsesi.org\\\/\"},{\"@type\":\"ListItem\",\"position\":2,\"name\":\"\u00dcnl\u00fc y\u00f6netmenin Oscar \u00f6d\u00fcl\u00fc u\u00e7akta kayboldu\"}]},{\"@type\":\"WebSite\",\"@id\":\"https:\\\/\\\/kuzeyinsesi.org\\\/#website\",\"url\":\"https:\\\/\\\/kuzeyinsesi.org\\\/\",\"name\":\"Kuzeyin Sesi\",\"description\":\"Do\u011fru Haberin Adresi\",\"potentialAction\":[{\"@type\":\"SearchAction\",\"target\":{\"@type\":\"EntryPoint\",\"urlTemplate\":\"https:\\\/\\\/kuzeyinsesi.org\\\/?s={search_term_string}\"},\"query-input\":{\"@type\":\"PropertyValueSpecification\",\"valueRequired\":true,\"valueName\":\"search_term_string\"}}],\"inLanguage\":\"tr\"},{\"@type\":\"Person\",\"@id\":\"https:\\\/\\\/kuzeyinsesi.org\\\/#\\\/schema\\\/person\\\/9f859689cdf01485597712386e37f5aa\",\"name\":\"Kuzeyin Sesi\",\"image\":{\"@type\":\"ImageObject\",\"inLanguage\":\"tr\",\"@id\":\"https:\\\/\\\/secure.gravatar.com\\\/avatar\\\/bab33852abfd8b282518d6ed81826833d77c3c882d9ab608add591ccace47a44?s=96&d=mm&r=g\",\"url\":\"https:\\\/\\\/secure.gravatar.com\\\/avatar\\\/bab33852abfd8b282518d6ed81826833d77c3c882d9ab608add591ccace47a44?s=96&d=mm&r=g\",\"contentUrl\":\"https:\\\/\\\/secure.gravatar.com\\\/avatar\\\/bab33852abfd8b282518d6ed81826833d77c3c882d9ab608add591ccace47a44?s=96&d=mm&r=g\",\"caption\":\"Kuzeyin Sesi\"},\"sameAs\":[\"https:\\\/\\\/kuzeyinsesi.org\"],\"url\":\"https:\\\/\\\/kuzeyinsesi.org\\\/index.php\\\/author\\\/guven\\\/\"}]}<\/script>\n<!-- \/ Yoast SEO plugin. -->","yoast_head_json":{"title":"\u00dcnl\u00fc y\u00f6netmenin Oscar \u00f6d\u00fcl\u00fc u\u00e7akta kayboldu - Kuzeyin Sesi","robots":{"index":"index","follow":"follow","max-snippet":"max-snippet:-1","max-image-preview":"max-image-preview:large","max-video-preview":"max-video-preview:-1"},"canonical":"https:\/\/kuzeyinsesi.org\/index.php\/2026\/05\/01\/unlu-yonetmenin-oscar-odulu-ucakta-kayboldu\/","og_locale":"tr_TR","og_type":"article","og_title":"\u00dcnl\u00fc y\u00f6netmenin Oscar \u00f6d\u00fcl\u00fc u\u00e7akta kayboldu - Kuzeyin Sesi","og_description":"&#13; \u00c7ar\u015famba g\u00fcn\u00fc Almanya\u2019ya gitmek \u00fczere u\u00e7a\u011fa binmeye haz\u0131rlanan Talankin, el bagaj\u0131ndaki Oscar heykelci\u011finin &#8220;silah olarak kullan\u0131labilece\u011fi&#8221; gerek\u00e7esiyle kabine al\u0131nmas\u0131na izin verilmedi\u011fini belirtti. &#13; Kay\u0131tl\u0131 bagaj\u0131 bulunmayan y\u00f6netmene yard\u0131mc\u0131 olan Lufthansa personeli, \u00f6d\u00fcl\u00fc bir kutuya paketleyerek kargo b\u00f6l\u00fcm\u00fcne g\u00f6nderdi; ancak u\u00e7ak Almanya\u2019ya indi\u011finde heykelci\u011fin kayboldu\u011fu anla\u015f\u0131ld\u0131. &#13; Lufthansa&#8217;dan kay\u0131p ilan\u0131 &#13; Havayolu \u015firketi Lufthansa yapt\u0131\u011f\u0131 [&hellip;]","og_url":"https:\/\/kuzeyinsesi.org\/index.php\/2026\/05\/01\/unlu-yonetmenin-oscar-odulu-ucakta-kayboldu\/","og_site_name":"Kuzeyin Sesi","article_publisher":"https:\/\/www.facebook.com\/kuzeyinsesii","article_published_time":"2026-05-01T04:19:33+00:00","og_image":[{"url":"https:\/\/trthaberstatic.cdn.wp.trt.com.tr\/resimler\/1764000\/oscar-reu-1765760.jpg","type":"","width":"","height":""}],"author":"Kuzeyin Sesi","twitter_card":"summary_large_image","twitter_creator":"@kuzeyinsesii","twitter_site":"@kuzeyinsesii","twitter_misc":{"Yazan:":"Kuzeyin Sesi","Tahmini okuma s\u00fcresi":"1 dakika"},"schema":{"@context":"https:\/\/schema.org","@graph":[{"@type":"Article","@id":"https:\/\/kuzeyinsesi.org\/index.php\/2026\/05\/01\/unlu-yonetmenin-oscar-odulu-ucakta-kayboldu\/#article","isPartOf":{"@id":"https:\/\/kuzeyinsesi.org\/index.php\/2026\/05\/01\/unlu-yonetmenin-oscar-odulu-ucakta-kayboldu\/"},"author":{"name":"Kuzeyin Sesi","@id":"https:\/\/kuzeyinsesi.org\/#\/schema\/person\/9f859689cdf01485597712386e37f5aa"},"headline":"\u00dcnl\u00fc y\u00f6netmenin Oscar \u00f6d\u00fcl\u00fc u\u00e7akta kayboldu","datePublished":"2026-05-01T04:19:33+00:00","mainEntityOfPage":{"@id":"https:\/\/kuzeyinsesi.org\/index.php\/2026\/05\/01\/unlu-yonetmenin-oscar-odulu-ucakta-kayboldu\/"},"wordCount":206,"commentCount":0,"image":{"@id":"https:\/\/kuzeyinsesi.org\/index.php\/2026\/05\/01\/unlu-yonetmenin-oscar-odulu-ucakta-kayboldu\/#primaryimage"},"thumbnailUrl":"https:\/\/kuzeyinsesi.org\/wp-content\/uploads\/2026\/05\/oscar-reu-1765760.jpg","articleSection":["D\u00fcnya"],"inLanguage":"tr","potentialAction":[{"@type":"CommentAction","name":"Comment","target":["https:\/\/kuzeyinsesi.org\/index.php\/2026\/05\/01\/unlu-yonetmenin-oscar-odulu-ucakta-kayboldu\/#respond"]}]},{"@type":"WebPage","@id":"https:\/\/kuzeyinsesi.org\/index.php\/2026\/05\/01\/unlu-yonetmenin-oscar-odulu-ucakta-kayboldu\/","url":"https:\/\/kuzeyinsesi.org\/index.php\/2026\/05\/01\/unlu-yonetmenin-oscar-odulu-ucakta-kayboldu\/","name":"\u00dcnl\u00fc y\u00f6netmenin Oscar \u00f6d\u00fcl\u00fc u\u00e7akta kayboldu - Kuzeyin Sesi","isPartOf":{"@id":"https:\/\/kuzeyinsesi.org\/#website"},"primaryImageOfPage":{"@id":"https:\/\/kuzeyinsesi.org\/index.php\/2026\/05\/01\/unlu-yonetmenin-oscar-odulu-ucakta-kayboldu\/#primaryimage"},"image":{"@id":"https:\/\/kuzeyinsesi.org\/index.php\/2026\/05\/01\/unlu-yonetmenin-oscar-odulu-ucakta-kayboldu\/#primaryimage"},"thumbnailUrl":"https:\/\/kuzeyinsesi.org\/wp-content\/uploads\/2026\/05\/oscar-reu-1765760.jpg","datePublished":"2026-05-01T04:19:33+00:00","author":{"@id":"https:\/\/kuzeyinsesi.org\/#\/schema\/person\/9f859689cdf01485597712386e37f5aa"},"breadcrumb":{"@id":"https:\/\/kuzeyinsesi.org\/index.php\/2026\/05\/01\/unlu-yonetmenin-oscar-odulu-ucakta-kayboldu\/#breadcrumb"},"inLanguage":"tr","potentialAction":[{"@type":"ReadAction","target":["https:\/\/kuzeyinsesi.org\/index.php\/2026\/05\/01\/unlu-yonetmenin-oscar-odulu-ucakta-kayboldu\/"]}]},{"@type":"ImageObject","inLanguage":"tr","@id":"https:\/\/kuzeyinsesi.org\/index.php\/2026\/05\/01\/unlu-yonetmenin-oscar-odulu-ucakta-kayboldu\/#primaryimage","url":"https:\/\/kuzeyinsesi.org\/wp-content\/uploads\/2026\/05\/oscar-reu-1765760.jpg","contentUrl":"https:\/\/kuzeyinsesi.org\/wp-content\/uploads\/2026\/05\/oscar-reu-1765760.jpg","width":1280,"height":720},{"@type":"BreadcrumbList","@id":"https:\/\/kuzeyinsesi.org\/index.php\/2026\/05\/01\/unlu-yonetmenin-oscar-odulu-ucakta-kayboldu\/#breadcrumb","itemListElement":[{"@type":"ListItem","position":1,"name":"Anasayfa","item":"https:\/\/kuzeyinsesi.org\/"},{"@type":"ListItem","position":2,"name":"\u00dcnl\u00fc y\u00f6netmenin Oscar \u00f6d\u00fcl\u00fc u\u00e7akta kayboldu"}]},{"@type":"WebSite","@id":"https:\/\/kuzeyinsesi.org\/#website","url":"https:\/\/kuzeyinsesi.org\/","name":"Kuzeyin Sesi","description":"Do\u011fru Haberin Adresi","potentialAction":[{"@type":"SearchAction","target":{"@type":"EntryPoint","urlTemplate":"https:\/\/kuzeyinsesi.org\/?s={search_term_string}"},"query-input":{"@type":"PropertyValueSpecification","valueRequired":true,"valueName":"search_term_string"}}],"inLanguage":"tr"},{"@type":"Person","@id":"https:\/\/kuzeyinsesi.org\/#\/schema\/person\/9f859689cdf01485597712386e37f5aa","name":"Kuzeyin Sesi","image":{"@type":"ImageObject","inLanguage":"tr","@id":"https:\/\/secure.gravatar.com\/avatar\/bab33852abfd8b282518d6ed81826833d77c3c882d9ab608add591ccace47a44?s=96&d=mm&r=g","url":"https:\/\/secure.gravatar.com\/avatar\/bab33852abfd8b282518d6ed81826833d77c3c882d9ab608add591ccace47a44?s=96&d=mm&r=g","contentUrl":"https:\/\/secure.gravatar.com\/avatar\/bab33852abfd8b282518d6ed81826833d77c3c882d9ab608add591ccace47a44?s=96&d=mm&r=g","caption":"Kuzeyin Sesi"},"sameAs":["https:\/\/kuzeyinsesi.org"],"url":"https:\/\/kuzeyinsesi.org\/index.php\/author\/guven\/"}]}},"_links":{"self":[{"href":"https:\/\/kuzeyinsesi.org\/index.php\/wp-json\/wp\/v2\/posts\/37782","targetHints":{"allow":["GET"]}}],"collection":[{"href":"https:\/\/kuzeyinsesi.org\/index.php\/wp-json\/wp\/v2\/posts"}],"about":[{"href":"https:\/\/kuzeyinsesi.org\/index.php\/wp-json\/wp\/v2\/types\/post"}],"author":[{"embeddable":true,"href":"https:\/\/kuzeyinsesi.org\/index.php\/wp-json\/wp\/v2\/users\/1"}],"replies":[{"embeddable":true,"href":"https:\/\/kuzeyinsesi.org\/index.php\/wp-json\/wp\/v2\/comments?post=37782"}],"version-history":[{"count":0,"href":"https:\/\/kuzeyinsesi.org\/index.php\/wp-json\/wp\/v2\/posts\/37782\/revisions"}],"wp:featuredmedia":[{"embeddable":true,"href":"https:\/\/kuzeyinsesi.org\/index.php\/wp-json\/wp\/v2\/media\/37783"}],"wp:attachment":[{"href":"https:\/\/kuzeyinsesi.org\/index.php\/wp-json\/wp\/v2\/media?parent=37782"}],"wp:term":[{"taxonomy":"category","embeddable":true,"href":"https:\/\/kuzeyinsesi.org\/index.php\/wp-json\/wp\/v2\/categories?post=37782"},{"taxonomy":"post_tag","embeddable":true,"href":"https:\/\/kuzeyinsesi.org\/index.php\/wp-json\/wp\/v2\/tags?post=37782"}],"curies":[{"name":"wp","href":"https:\/\/api.w.org\/{rel}","templated":true}]}}