{"id":37780,"date":"2026-05-01T06:48:30","date_gmt":"2026-05-01T03:48:30","guid":{"rendered":"https:\/\/kuzeyinsesi.org\/index.php\/2026\/05\/01\/abd-yonetimi-iran-savasinin-sona-erdigini-savundu\/"},"modified":"2026-05-01T06:48:30","modified_gmt":"2026-05-01T03:48:30","slug":"abd-yonetimi-iran-savasinin-sona-erdigini-savundu","status":"publish","type":"post","link":"https:\/\/kuzeyinsesi.org\/index.php\/2026\/05\/01\/abd-yonetimi-iran-savasinin-sona-erdigini-savundu\/","title":{"rendered":"ABD y\u00f6netimi \u0130ran sava\u015f\u0131n\u0131n sona erdi\u011fini savundu"},"content":{"rendered":"<p><\/p>\n<div>\n<p>&#13;<br \/>\n\t\u00dcst d\u00fczey bir y\u00f6netim yetkilisi, \u015fubat ay\u0131nda ba\u015flayan \u00e7at\u0131\u015fmalar\u0131n art\u0131k &#8220;sonland\u0131\u011f\u0131n\u0131&#8221; ifade etti.<\/p>\n<p>&#13;<br \/>\n\tYetkili, 7 Nisan&#8217;da var\u0131lan ve s\u00fcresi uzat\u0131lan ate\u015fkes hat\u0131rlat\u0131larak, o tarihten bu yana <a href=\"https:\/\/www.trthaber.com\/etiket\/abd\/\" target=\"_blank\">ABD<\/a> Silahl\u0131 Kuvvetleri ile <a href=\"https:\/\/www.trthaber.com\/etiket\/iran\/\" target=\"_blank\">\u0130ran<\/a> aras\u0131nda herhangi bir kar\u015f\u0131l\u0131kl\u0131 ate\u015f a\u00e7\u0131lmad\u0131\u011f\u0131n\u0131 belirtti.<\/p>\n<h2>&#13;<br \/>\n\t<a href=\"https:\/\/www.trthaber.com\/etiket\/savas\/\" target=\"_blank\">Sava\u015f<\/a> Yetkileri Yasas\u0131 tart\u0131\u015fmas\u0131<\/h2>\n<p>&#13;<br \/>\n\tY\u00f6netimin bu gerek\u00e7esi, 1973 tarihli Sava\u015f Yetkileri Yasas\u0131&#8217;n\u0131 baypas etme giri\u015fimi olarak de\u011ferlendiriliyor.<\/p>\n<p>&#13;<br \/>\n\tS\u00f6z konusu yasa, ba\u015fkan\u0131n 60 g\u00fcn\u00fc a\u015fan askeri eylemler i\u00e7in Kongre&#8217;den resmi onay almas\u0131n\u0131 zorunlu k\u0131l\u0131yor.<\/p>\n<p>&#13;<br \/>\n\tTrump y\u00f6netiminin, sava\u015f\u0131n 60. g\u00fcn\u00fcne denk gelen Cuma g\u00fcn\u00fcne kadar yetki almas\u0131 veya \u00e7at\u0131\u015fmalar\u0131 durdurmas\u0131 gerekiyordu.<\/p>\n<h2>&#13;<br \/>\n\tKongre&#8217;de tepkiler art\u0131yor<\/h2>\n<p>&#13;<br \/>\n\tDemokratlar, Trump&#8217;\u0131n \u0130ran operasyonlar\u0131 i\u00e7in resmi onay almas\u0131 konusunda bask\u0131lar\u0131n\u0131 s\u00fcrd\u00fcr\u00fcyor.<\/p>\n<p>&#13;<br \/>\n\t\u00d6te yandan, Tahran&#8217;a y\u00f6nelik ge\u00e7ici askeri m\u00fcdahaleyi destekleyen ancak s\u00fcrecin uzamas\u0131 halinde Kongre denetimi isteyen \u00e7ok say\u0131da Cumhuriyet\u00e7i milletvekili i\u00e7in de 60 g\u00fcnl\u00fck s\u00fcrenin dolmas\u0131 bir d\u00f6n\u00fcm noktas\u0131 olarak g\u00f6r\u00fcl\u00fcyor.<\/p>\n<p>&#13;<br \/>\n\t7 Nisan&#8217;da ilan edilen iki haftal\u0131k ate\u015fkesin uzat\u0131lmas\u0131yla sahada sessizlik hakim olsa da ABD y\u00f6netimi, \u00e7at\u0131\u015fmalar\u0131n hukuki stat\u00fcs\u00fcn\u00fc &#8220;sonlanm\u0131\u015f&#8221; olarak tan\u0131mlayarak Kongre denetiminden ka\u00e7\u0131nmaya \u00e7al\u0131\u015f\u0131yor.<\/p>\n<p>&#13;<br \/>\n\tMuhalefet ise ate\u015fkesin sava\u015f\u0131 hukuken bitirmedi\u011fini savunuyor.<\/p>\n<p>&#13;<br \/>\n\tBeyaz Saray&#8217;\u0131n bu yorumu kabul g\u00f6rmezse, y\u00f6netim ile Kongre aras\u0131nda ciddi bir anayasal kriz ya\u015fanmas\u0131 bekleniyor.<\/p>\n<p>&#13;<br \/>\n\tCumhuriyet\u00e7ilerin bir k\u0131sm\u0131n\u0131n da deste\u011fini \u00e7ekmesi halinde, Trump&#8217;\u0131n b\u00f6lgedeki askeri varl\u0131\u011f\u0131 s\u00fcrd\u00fcrmek i\u00e7in ihtiya\u00e7 duydu\u011fu <a href=\"https:\/\/www.trthaber.com\/etiket\/butce\/\" target=\"_blank\">b\u00fct\u00e7e<\/a> ve yetki taleplerinin reddedilme ihtimali bulunuyor.<\/p>\n<\/p><\/div>\n","protected":false},"excerpt":{"rendered":"<p>&#13; \u00dcst d\u00fczey bir y\u00f6netim yetkilisi, \u015fubat ay\u0131nda ba\u015flayan \u00e7at\u0131\u015fmalar\u0131n art\u0131k &#8220;sonland\u0131\u011f\u0131n\u0131&#8221; ifade etti. &#13; Yetkili, 7 Nisan&#8217;da var\u0131lan ve s\u00fcresi uzat\u0131lan ate\u015fkes hat\u0131rlat\u0131larak, o tarihten bu yana ABD Silahl\u0131 Kuvvetleri ile \u0130ran aras\u0131nda herhangi bir kar\u015f\u0131l\u0131kl\u0131 ate\u015f a\u00e7\u0131lmad\u0131\u011f\u0131n\u0131 belirtti. &#13; Sava\u015f Yetkileri Yasas\u0131 tart\u0131\u015fmas\u0131 &#13; Y\u00f6netimin bu gerek\u00e7esi, 1973 tarihli Sava\u015f Yetkileri Yasas\u0131&#8217;n\u0131 baypas [&hellip;]<\/p>\n","protected":false},"author":1,"featured_media":37781,"comment_status":"open","ping_status":"open","sticky":false,"template":"","format":"standard","meta":{"jnews-multi-image_gallery":[],"jnews_single_post":[],"jnews_primary_category":[],"jnews_social_meta":[],"jnews_override_counter":[],"footnotes":""},"categories":[2],"tags":[],"class_list":["post-37780","post","type-post","status-publish","format-standard","has-post-thumbnail","hentry","category-dunya"],"yoast_head":"<!-- This site is optimized with the Yoast SEO plugin v27.5 - https:\/\/yoast.com\/product\/yoast-seo-wordpress\/ -->\n<title>ABD y\u00f6netimi \u0130ran sava\u015f\u0131n\u0131n sona erdi\u011fini savundu - Kuzeyin Sesi<\/title>\n<meta name=\"robots\" content=\"index, follow, max-snippet:-1, max-image-preview:large, max-video-preview:-1\" \/>\n<link rel=\"canonical\" href=\"https:\/\/kuzeyinsesi.org\/index.php\/2026\/05\/01\/abd-yonetimi-iran-savasinin-sona-erdigini-savundu\/\" \/>\n<meta property=\"og:locale\" content=\"tr_TR\" \/>\n<meta property=\"og:type\" content=\"article\" \/>\n<meta property=\"og:title\" content=\"ABD y\u00f6netimi \u0130ran sava\u015f\u0131n\u0131n sona erdi\u011fini savundu - Kuzeyin Sesi\" \/>\n<meta property=\"og:description\" content=\"&#013; \u00dcst d\u00fczey bir y\u00f6netim yetkilisi, \u015fubat ay\u0131nda ba\u015flayan \u00e7at\u0131\u015fmalar\u0131n art\u0131k &#8220;sonland\u0131\u011f\u0131n\u0131&#8221; ifade etti. &#013; Yetkili, 7 Nisan&#8217;da var\u0131lan ve s\u00fcresi uzat\u0131lan ate\u015fkes hat\u0131rlat\u0131larak, o tarihten bu yana ABD Silahl\u0131 Kuvvetleri ile \u0130ran aras\u0131nda herhangi bir kar\u015f\u0131l\u0131kl\u0131 ate\u015f a\u00e7\u0131lmad\u0131\u011f\u0131n\u0131 belirtti. &#013; Sava\u015f Yetkileri Yasas\u0131 tart\u0131\u015fmas\u0131 &#013; Y\u00f6netimin bu gerek\u00e7esi, 1973 tarihli Sava\u015f Yetkileri Yasas\u0131&#8217;n\u0131 baypas [&hellip;]\" \/>\n<meta property=\"og:url\" content=\"https:\/\/kuzeyinsesi.org\/index.php\/2026\/05\/01\/abd-yonetimi-iran-savasinin-sona-erdigini-savundu\/\" \/>\n<meta property=\"og:site_name\" content=\"Kuzeyin Sesi\" \/>\n<meta property=\"article:publisher\" content=\"https:\/\/www.facebook.com\/kuzeyinsesii\" \/>\n<meta property=\"article:published_time\" content=\"2026-05-01T03:48:30+00:00\" \/>\n<meta property=\"og:image\" content=\"https:\/\/trthaberstatic.cdn.wp.trt.com.tr\/resimler\/2450000\/trump-abd-iran-israil-2451782.jpg\" \/>\n<meta name=\"author\" content=\"Kuzeyin Sesi\" \/>\n<meta name=\"twitter:card\" content=\"summary_large_image\" \/>\n<meta name=\"twitter:creator\" content=\"@kuzeyinsesii\" \/>\n<meta name=\"twitter:site\" content=\"@kuzeyinsesii\" \/>\n<meta name=\"twitter:label1\" content=\"Yazan:\" \/>\n\t<meta name=\"twitter:data1\" content=\"Kuzeyin Sesi\" \/>\n\t<meta name=\"twitter:label2\" content=\"Tahmini okuma s\u00fcresi\" \/>\n\t<meta name=\"twitter:data2\" content=\"1 dakika\" \/>\n<script type=\"application\/ld+json\" class=\"yoast-schema-graph\">{\"@context\":\"https:\\\/\\\/schema.org\",\"@graph\":[{\"@type\":\"Article\",\"@id\":\"https:\\\/\\\/kuzeyinsesi.org\\\/index.php\\\/2026\\\/05\\\/01\\\/abd-yonetimi-iran-savasinin-sona-erdigini-savundu\\\/#article\",\"isPartOf\":{\"@id\":\"https:\\\/\\\/kuzeyinsesi.org\\\/index.php\\\/2026\\\/05\\\/01\\\/abd-yonetimi-iran-savasinin-sona-erdigini-savundu\\\/\"},\"author\":{\"name\":\"Kuzeyin Sesi\",\"@id\":\"https:\\\/\\\/kuzeyinsesi.org\\\/#\\\/schema\\\/person\\\/9f859689cdf01485597712386e37f5aa\"},\"headline\":\"ABD y\u00f6netimi \u0130ran sava\u015f\u0131n\u0131n sona erdi\u011fini savundu\",\"datePublished\":\"2026-05-01T03:48:30+00:00\",\"mainEntityOfPage\":{\"@id\":\"https:\\\/\\\/kuzeyinsesi.org\\\/index.php\\\/2026\\\/05\\\/01\\\/abd-yonetimi-iran-savasinin-sona-erdigini-savundu\\\/\"},\"wordCount\":307,\"commentCount\":0,\"image\":{\"@id\":\"https:\\\/\\\/kuzeyinsesi.org\\\/index.php\\\/2026\\\/05\\\/01\\\/abd-yonetimi-iran-savasinin-sona-erdigini-savundu\\\/#primaryimage\"},\"thumbnailUrl\":\"https:\\\/\\\/kuzeyinsesi.org\\\/wp-content\\\/uploads\\\/2026\\\/05\\\/trump-abd-iran-israil-2451782.jpg\",\"articleSection\":[\"D\u00fcnya\"],\"inLanguage\":\"tr\",\"potentialAction\":[{\"@type\":\"CommentAction\",\"name\":\"Comment\",\"target\":[\"https:\\\/\\\/kuzeyinsesi.org\\\/index.php\\\/2026\\\/05\\\/01\\\/abd-yonetimi-iran-savasinin-sona-erdigini-savundu\\\/#respond\"]}]},{\"@type\":\"WebPage\",\"@id\":\"https:\\\/\\\/kuzeyinsesi.org\\\/index.php\\\/2026\\\/05\\\/01\\\/abd-yonetimi-iran-savasinin-sona-erdigini-savundu\\\/\",\"url\":\"https:\\\/\\\/kuzeyinsesi.org\\\/index.php\\\/2026\\\/05\\\/01\\\/abd-yonetimi-iran-savasinin-sona-erdigini-savundu\\\/\",\"name\":\"ABD y\u00f6netimi \u0130ran sava\u015f\u0131n\u0131n sona erdi\u011fini savundu - Kuzeyin Sesi\",\"isPartOf\":{\"@id\":\"https:\\\/\\\/kuzeyinsesi.org\\\/#website\"},\"primaryImageOfPage\":{\"@id\":\"https:\\\/\\\/kuzeyinsesi.org\\\/index.php\\\/2026\\\/05\\\/01\\\/abd-yonetimi-iran-savasinin-sona-erdigini-savundu\\\/#primaryimage\"},\"image\":{\"@id\":\"https:\\\/\\\/kuzeyinsesi.org\\\/index.php\\\/2026\\\/05\\\/01\\\/abd-yonetimi-iran-savasinin-sona-erdigini-savundu\\\/#primaryimage\"},\"thumbnailUrl\":\"https:\\\/\\\/kuzeyinsesi.org\\\/wp-content\\\/uploads\\\/2026\\\/05\\\/trump-abd-iran-israil-2451782.jpg\",\"datePublished\":\"2026-05-01T03:48:30+00:00\",\"author\":{\"@id\":\"https:\\\/\\\/kuzeyinsesi.org\\\/#\\\/schema\\\/person\\\/9f859689cdf01485597712386e37f5aa\"},\"breadcrumb\":{\"@id\":\"https:\\\/\\\/kuzeyinsesi.org\\\/index.php\\\/2026\\\/05\\\/01\\\/abd-yonetimi-iran-savasinin-sona-erdigini-savundu\\\/#breadcrumb\"},\"inLanguage\":\"tr\",\"potentialAction\":[{\"@type\":\"ReadAction\",\"target\":[\"https:\\\/\\\/kuzeyinsesi.org\\\/index.php\\\/2026\\\/05\\\/01\\\/abd-yonetimi-iran-savasinin-sona-erdigini-savundu\\\/\"]}]},{\"@type\":\"ImageObject\",\"inLanguage\":\"tr\",\"@id\":\"https:\\\/\\\/kuzeyinsesi.org\\\/index.php\\\/2026\\\/05\\\/01\\\/abd-yonetimi-iran-savasinin-sona-erdigini-savundu\\\/#primaryimage\",\"url\":\"https:\\\/\\\/kuzeyinsesi.org\\\/wp-content\\\/uploads\\\/2026\\\/05\\\/trump-abd-iran-israil-2451782.jpg\",\"contentUrl\":\"https:\\\/\\\/kuzeyinsesi.org\\\/wp-content\\\/uploads\\\/2026\\\/05\\\/trump-abd-iran-israil-2451782.jpg\",\"width\":1280,\"height\":720},{\"@type\":\"BreadcrumbList\",\"@id\":\"https:\\\/\\\/kuzeyinsesi.org\\\/index.php\\\/2026\\\/05\\\/01\\\/abd-yonetimi-iran-savasinin-sona-erdigini-savundu\\\/#breadcrumb\",\"itemListElement\":[{\"@type\":\"ListItem\",\"position\":1,\"name\":\"Anasayfa\",\"item\":\"https:\\\/\\\/kuzeyinsesi.org\\\/\"},{\"@type\":\"ListItem\",\"position\":2,\"name\":\"ABD y\u00f6netimi \u0130ran sava\u015f\u0131n\u0131n sona erdi\u011fini savundu\"}]},{\"@type\":\"WebSite\",\"@id\":\"https:\\\/\\\/kuzeyinsesi.org\\\/#website\",\"url\":\"https:\\\/\\\/kuzeyinsesi.org\\\/\",\"name\":\"Kuzeyin Sesi\",\"description\":\"Do\u011fru Haberin Adresi\",\"potentialAction\":[{\"@type\":\"SearchAction\",\"target\":{\"@type\":\"EntryPoint\",\"urlTemplate\":\"https:\\\/\\\/kuzeyinsesi.org\\\/?s={search_term_string}\"},\"query-input\":{\"@type\":\"PropertyValueSpecification\",\"valueRequired\":true,\"valueName\":\"search_term_string\"}}],\"inLanguage\":\"tr\"},{\"@type\":\"Person\",\"@id\":\"https:\\\/\\\/kuzeyinsesi.org\\\/#\\\/schema\\\/person\\\/9f859689cdf01485597712386e37f5aa\",\"name\":\"Kuzeyin Sesi\",\"image\":{\"@type\":\"ImageObject\",\"inLanguage\":\"tr\",\"@id\":\"https:\\\/\\\/secure.gravatar.com\\\/avatar\\\/bab33852abfd8b282518d6ed81826833d77c3c882d9ab608add591ccace47a44?s=96&d=mm&r=g\",\"url\":\"https:\\\/\\\/secure.gravatar.com\\\/avatar\\\/bab33852abfd8b282518d6ed81826833d77c3c882d9ab608add591ccace47a44?s=96&d=mm&r=g\",\"contentUrl\":\"https:\\\/\\\/secure.gravatar.com\\\/avatar\\\/bab33852abfd8b282518d6ed81826833d77c3c882d9ab608add591ccace47a44?s=96&d=mm&r=g\",\"caption\":\"Kuzeyin Sesi\"},\"sameAs\":[\"https:\\\/\\\/kuzeyinsesi.org\"],\"url\":\"https:\\\/\\\/kuzeyinsesi.org\\\/index.php\\\/author\\\/guven\\\/\"}]}<\/script>\n<!-- \/ Yoast SEO plugin. -->","yoast_head_json":{"title":"ABD y\u00f6netimi \u0130ran sava\u015f\u0131n\u0131n sona erdi\u011fini savundu - Kuzeyin Sesi","robots":{"index":"index","follow":"follow","max-snippet":"max-snippet:-1","max-image-preview":"max-image-preview:large","max-video-preview":"max-video-preview:-1"},"canonical":"https:\/\/kuzeyinsesi.org\/index.php\/2026\/05\/01\/abd-yonetimi-iran-savasinin-sona-erdigini-savundu\/","og_locale":"tr_TR","og_type":"article","og_title":"ABD y\u00f6netimi \u0130ran sava\u015f\u0131n\u0131n sona erdi\u011fini savundu - Kuzeyin Sesi","og_description":"&#13; \u00dcst d\u00fczey bir y\u00f6netim yetkilisi, \u015fubat ay\u0131nda ba\u015flayan \u00e7at\u0131\u015fmalar\u0131n art\u0131k &#8220;sonland\u0131\u011f\u0131n\u0131&#8221; ifade etti. &#13; Yetkili, 7 Nisan&#8217;da var\u0131lan ve s\u00fcresi uzat\u0131lan ate\u015fkes hat\u0131rlat\u0131larak, o tarihten bu yana ABD Silahl\u0131 Kuvvetleri ile \u0130ran aras\u0131nda herhangi bir kar\u015f\u0131l\u0131kl\u0131 ate\u015f a\u00e7\u0131lmad\u0131\u011f\u0131n\u0131 belirtti. &#13; Sava\u015f Yetkileri Yasas\u0131 tart\u0131\u015fmas\u0131 &#13; Y\u00f6netimin bu gerek\u00e7esi, 1973 tarihli Sava\u015f Yetkileri Yasas\u0131&#8217;n\u0131 baypas [&hellip;]","og_url":"https:\/\/kuzeyinsesi.org\/index.php\/2026\/05\/01\/abd-yonetimi-iran-savasinin-sona-erdigini-savundu\/","og_site_name":"Kuzeyin Sesi","article_publisher":"https:\/\/www.facebook.com\/kuzeyinsesii","article_published_time":"2026-05-01T03:48:30+00:00","og_image":[{"url":"https:\/\/trthaberstatic.cdn.wp.trt.com.tr\/resimler\/2450000\/trump-abd-iran-israil-2451782.jpg","type":"","width":"","height":""}],"author":"Kuzeyin Sesi","twitter_card":"summary_large_image","twitter_creator":"@kuzeyinsesii","twitter_site":"@kuzeyinsesii","twitter_misc":{"Yazan:":"Kuzeyin Sesi","Tahmini okuma s\u00fcresi":"1 dakika"},"schema":{"@context":"https:\/\/schema.org","@graph":[{"@type":"Article","@id":"https:\/\/kuzeyinsesi.org\/index.php\/2026\/05\/01\/abd-yonetimi-iran-savasinin-sona-erdigini-savundu\/#article","isPartOf":{"@id":"https:\/\/kuzeyinsesi.org\/index.php\/2026\/05\/01\/abd-yonetimi-iran-savasinin-sona-erdigini-savundu\/"},"author":{"name":"Kuzeyin Sesi","@id":"https:\/\/kuzeyinsesi.org\/#\/schema\/person\/9f859689cdf01485597712386e37f5aa"},"headline":"ABD y\u00f6netimi \u0130ran sava\u015f\u0131n\u0131n sona erdi\u011fini savundu","datePublished":"2026-05-01T03:48:30+00:00","mainEntityOfPage":{"@id":"https:\/\/kuzeyinsesi.org\/index.php\/2026\/05\/01\/abd-yonetimi-iran-savasinin-sona-erdigini-savundu\/"},"wordCount":307,"commentCount":0,"image":{"@id":"https:\/\/kuzeyinsesi.org\/index.php\/2026\/05\/01\/abd-yonetimi-iran-savasinin-sona-erdigini-savundu\/#primaryimage"},"thumbnailUrl":"https:\/\/kuzeyinsesi.org\/wp-content\/uploads\/2026\/05\/trump-abd-iran-israil-2451782.jpg","articleSection":["D\u00fcnya"],"inLanguage":"tr","potentialAction":[{"@type":"CommentAction","name":"Comment","target":["https:\/\/kuzeyinsesi.org\/index.php\/2026\/05\/01\/abd-yonetimi-iran-savasinin-sona-erdigini-savundu\/#respond"]}]},{"@type":"WebPage","@id":"https:\/\/kuzeyinsesi.org\/index.php\/2026\/05\/01\/abd-yonetimi-iran-savasinin-sona-erdigini-savundu\/","url":"https:\/\/kuzeyinsesi.org\/index.php\/2026\/05\/01\/abd-yonetimi-iran-savasinin-sona-erdigini-savundu\/","name":"ABD y\u00f6netimi \u0130ran sava\u015f\u0131n\u0131n sona erdi\u011fini savundu - Kuzeyin Sesi","isPartOf":{"@id":"https:\/\/kuzeyinsesi.org\/#website"},"primaryImageOfPage":{"@id":"https:\/\/kuzeyinsesi.org\/index.php\/2026\/05\/01\/abd-yonetimi-iran-savasinin-sona-erdigini-savundu\/#primaryimage"},"image":{"@id":"https:\/\/kuzeyinsesi.org\/index.php\/2026\/05\/01\/abd-yonetimi-iran-savasinin-sona-erdigini-savundu\/#primaryimage"},"thumbnailUrl":"https:\/\/kuzeyinsesi.org\/wp-content\/uploads\/2026\/05\/trump-abd-iran-israil-2451782.jpg","datePublished":"2026-05-01T03:48:30+00:00","author":{"@id":"https:\/\/kuzeyinsesi.org\/#\/schema\/person\/9f859689cdf01485597712386e37f5aa"},"breadcrumb":{"@id":"https:\/\/kuzeyinsesi.org\/index.php\/2026\/05\/01\/abd-yonetimi-iran-savasinin-sona-erdigini-savundu\/#breadcrumb"},"inLanguage":"tr","potentialAction":[{"@type":"ReadAction","target":["https:\/\/kuzeyinsesi.org\/index.php\/2026\/05\/01\/abd-yonetimi-iran-savasinin-sona-erdigini-savundu\/"]}]},{"@type":"ImageObject","inLanguage":"tr","@id":"https:\/\/kuzeyinsesi.org\/index.php\/2026\/05\/01\/abd-yonetimi-iran-savasinin-sona-erdigini-savundu\/#primaryimage","url":"https:\/\/kuzeyinsesi.org\/wp-content\/uploads\/2026\/05\/trump-abd-iran-israil-2451782.jpg","contentUrl":"https:\/\/kuzeyinsesi.org\/wp-content\/uploads\/2026\/05\/trump-abd-iran-israil-2451782.jpg","width":1280,"height":720},{"@type":"BreadcrumbList","@id":"https:\/\/kuzeyinsesi.org\/index.php\/2026\/05\/01\/abd-yonetimi-iran-savasinin-sona-erdigini-savundu\/#breadcrumb","itemListElement":[{"@type":"ListItem","position":1,"name":"Anasayfa","item":"https:\/\/kuzeyinsesi.org\/"},{"@type":"ListItem","position":2,"name":"ABD y\u00f6netimi \u0130ran sava\u015f\u0131n\u0131n sona erdi\u011fini savundu"}]},{"@type":"WebSite","@id":"https:\/\/kuzeyinsesi.org\/#website","url":"https:\/\/kuzeyinsesi.org\/","name":"Kuzeyin Sesi","description":"Do\u011fru Haberin Adresi","potentialAction":[{"@type":"SearchAction","target":{"@type":"EntryPoint","urlTemplate":"https:\/\/kuzeyinsesi.org\/?s={search_term_string}"},"query-input":{"@type":"PropertyValueSpecification","valueRequired":true,"valueName":"search_term_string"}}],"inLanguage":"tr"},{"@type":"Person","@id":"https:\/\/kuzeyinsesi.org\/#\/schema\/person\/9f859689cdf01485597712386e37f5aa","name":"Kuzeyin Sesi","image":{"@type":"ImageObject","inLanguage":"tr","@id":"https:\/\/secure.gravatar.com\/avatar\/bab33852abfd8b282518d6ed81826833d77c3c882d9ab608add591ccace47a44?s=96&d=mm&r=g","url":"https:\/\/secure.gravatar.com\/avatar\/bab33852abfd8b282518d6ed81826833d77c3c882d9ab608add591ccace47a44?s=96&d=mm&r=g","contentUrl":"https:\/\/secure.gravatar.com\/avatar\/bab33852abfd8b282518d6ed81826833d77c3c882d9ab608add591ccace47a44?s=96&d=mm&r=g","caption":"Kuzeyin Sesi"},"sameAs":["https:\/\/kuzeyinsesi.org"],"url":"https:\/\/kuzeyinsesi.org\/index.php\/author\/guven\/"}]}},"_links":{"self":[{"href":"https:\/\/kuzeyinsesi.org\/index.php\/wp-json\/wp\/v2\/posts\/37780","targetHints":{"allow":["GET"]}}],"collection":[{"href":"https:\/\/kuzeyinsesi.org\/index.php\/wp-json\/wp\/v2\/posts"}],"about":[{"href":"https:\/\/kuzeyinsesi.org\/index.php\/wp-json\/wp\/v2\/types\/post"}],"author":[{"embeddable":true,"href":"https:\/\/kuzeyinsesi.org\/index.php\/wp-json\/wp\/v2\/users\/1"}],"replies":[{"embeddable":true,"href":"https:\/\/kuzeyinsesi.org\/index.php\/wp-json\/wp\/v2\/comments?post=37780"}],"version-history":[{"count":0,"href":"https:\/\/kuzeyinsesi.org\/index.php\/wp-json\/wp\/v2\/posts\/37780\/revisions"}],"wp:featuredmedia":[{"embeddable":true,"href":"https:\/\/kuzeyinsesi.org\/index.php\/wp-json\/wp\/v2\/media\/37781"}],"wp:attachment":[{"href":"https:\/\/kuzeyinsesi.org\/index.php\/wp-json\/wp\/v2\/media?parent=37780"}],"wp:term":[{"taxonomy":"category","embeddable":true,"href":"https:\/\/kuzeyinsesi.org\/index.php\/wp-json\/wp\/v2\/categories?post=37780"},{"taxonomy":"post_tag","embeddable":true,"href":"https:\/\/kuzeyinsesi.org\/index.php\/wp-json\/wp\/v2\/tags?post=37780"}],"curies":[{"name":"wp","href":"https:\/\/api.w.org\/{rel}","templated":true}]}}