{"id":3778,"date":"2024-05-30T22:57:08","date_gmt":"2024-05-30T19:57:08","guid":{"rendered":"https:\/\/kuzeyinsesi.com\/index.php\/2024\/05\/30\/oksuz-atlar-ulkesinde-kitabinin-tanitim-ve-imza-etkinligi-yapildi\/"},"modified":"2024-05-30T22:57:08","modified_gmt":"2024-05-30T19:57:08","slug":"oksuz-atlar-ulkesinde-kitabinin-tanitim-ve-imza-etkinligi-yapildi","status":"publish","type":"post","link":"https:\/\/kuzeyinsesi.org\/index.php\/2024\/05\/30\/oksuz-atlar-ulkesinde-kitabinin-tanitim-ve-imza-etkinligi-yapildi\/","title":{"rendered":"\u201c\u00d6ks\u00fcz Atlar \u00dclkesinde\u201d kitab\u0131n\u0131n tan\u0131t\u0131m ve imza etkinli\u011fi yap\u0131ld\u0131"},"content":{"rendered":"<div>\n<div class=\"mariselle-image-container center\">\n                                            <\/div>\n<p>Gazeteci Ba\u015faran D\u00fczg\u00fcn, kitab\u0131 \u201c\u00d6ks\u00fcz Atlar \u00dclkesinde\u201d i\u00e7in tan\u0131t\u0131m ve imza g\u00fcn\u00fc etkinli\u011fi d\u00fczenledi.<\/p>\n<p>Girne Belediyesi\u2019nden yap\u0131lan a\u00e7\u0131klamaya g\u00f6re, Girne Belediyesi Yeni Hizmet Binas\u0131\u2019nda bug\u00fcn ger\u00e7ekle\u015ftirilen etkinli\u011fe, 2. Cumhurba\u015fkan\u0131 Mehmet Ali Talat, eski Ba\u015fbakan \u00d6mer Soyer Kalyoncu, CTP Girne milletvekilleri Ceyhun Birinci ve Fikri Toros, Girne Belediye Ba\u015fkan\u0131 Murat \u015eenkul, Girne Belediyesi eski Ba\u015fkan\u0131 Nidai G\u00fcng\u00f6rd\u00fc\u2019n\u00fcn yan\u0131 s\u0131ra \u00e7ok say\u0131da vatanda\u015f kat\u0131ld\u0131.<\/p>\n<\/p><\/div>\n<p><script async\n                    defer\n                    crossorigin=\"anonymous\"\n                    src=\"https:\/\/connect.facebook.net\/tr_TR\/sdk.js#xfbml=1&#038;version=v3.3\"\n            ><\/script><\/p>\n","protected":false},"excerpt":{"rendered":"<p>Gazeteci Ba\u015faran D\u00fczg\u00fcn, kitab\u0131 \u201c\u00d6ks\u00fcz Atlar \u00dclkesinde\u201d i\u00e7in tan\u0131t\u0131m ve imza g\u00fcn\u00fc etkinli\u011fi d\u00fczenledi. Girne Belediyesi\u2019nden yap\u0131lan a\u00e7\u0131klamaya g\u00f6re, Girne Belediyesi Yeni Hizmet Binas\u0131\u2019nda bug\u00fcn ger\u00e7ekle\u015ftirilen etkinli\u011fe, 2. Cumhurba\u015fkan\u0131 Mehmet Ali Talat, eski Ba\u015fbakan \u00d6mer Soyer Kalyoncu, CTP Girne milletvekilleri Ceyhun Birinci ve Fikri Toros, Girne Belediye Ba\u015fkan\u0131 Murat \u015eenkul, Girne Belediyesi eski Ba\u015fkan\u0131 Nidai [&hellip;]<\/p>\n","protected":false},"author":1,"featured_media":3779,"comment_status":"open","ping_status":"open","sticky":false,"template":"","format":"standard","meta":{"jnews-multi-image_gallery":[],"jnews_single_post":[],"jnews_primary_category":[],"jnews_social_meta":[],"jnews_override_counter":[],"footnotes":""},"categories":[6],"tags":[],"class_list":["post-3778","post","type-post","status-publish","format-standard","has-post-thumbnail","hentry","category-yasam"],"yoast_head":"<!-- This site is optimized with the Yoast SEO plugin v27.5 - https:\/\/yoast.com\/product\/yoast-seo-wordpress\/ -->\n<title>\u201c\u00d6ks\u00fcz Atlar \u00dclkesinde\u201d kitab\u0131n\u0131n tan\u0131t\u0131m ve imza etkinli\u011fi yap\u0131ld\u0131 - Kuzeyin Sesi<\/title>\n<meta name=\"robots\" content=\"index, follow, max-snippet:-1, max-image-preview:large, max-video-preview:-1\" \/>\n<link rel=\"canonical\" href=\"https:\/\/kuzeyinsesi.org\/index.php\/2024\/05\/30\/oksuz-atlar-ulkesinde-kitabinin-tanitim-ve-imza-etkinligi-yapildi\/\" \/>\n<meta property=\"og:locale\" content=\"tr_TR\" \/>\n<meta property=\"og:type\" content=\"article\" \/>\n<meta property=\"og:title\" content=\"\u201c\u00d6ks\u00fcz Atlar \u00dclkesinde\u201d kitab\u0131n\u0131n tan\u0131t\u0131m ve imza etkinli\u011fi yap\u0131ld\u0131 - Kuzeyin Sesi\" \/>\n<meta property=\"og:description\" content=\"Gazeteci Ba\u015faran D\u00fczg\u00fcn, kitab\u0131 \u201c\u00d6ks\u00fcz Atlar \u00dclkesinde\u201d i\u00e7in tan\u0131t\u0131m ve imza g\u00fcn\u00fc etkinli\u011fi d\u00fczenledi. Girne Belediyesi\u2019nden yap\u0131lan a\u00e7\u0131klamaya g\u00f6re, Girne Belediyesi Yeni Hizmet Binas\u0131\u2019nda bug\u00fcn ger\u00e7ekle\u015ftirilen etkinli\u011fe, 2. Cumhurba\u015fkan\u0131 Mehmet Ali Talat, eski Ba\u015fbakan \u00d6mer Soyer Kalyoncu, CTP Girne milletvekilleri Ceyhun Birinci ve Fikri Toros, Girne Belediye Ba\u015fkan\u0131 Murat \u015eenkul, Girne Belediyesi eski Ba\u015fkan\u0131 Nidai [&hellip;]\" \/>\n<meta property=\"og:url\" content=\"https:\/\/kuzeyinsesi.org\/index.php\/2024\/05\/30\/oksuz-atlar-ulkesinde-kitabinin-tanitim-ve-imza-etkinligi-yapildi\/\" \/>\n<meta property=\"og:site_name\" content=\"Kuzeyin Sesi\" \/>\n<meta property=\"article:publisher\" content=\"https:\/\/www.facebook.com\/kuzeyinsesii\" \/>\n<meta property=\"article:published_time\" content=\"2024-05-30T19:57:08+00:00\" \/>\n<meta property=\"og:image\" content=\"https:\/\/kuzeyinsesi.org\/wp-content\/uploads\/2024\/05\/basaran-duzgun-3-scaled.jpg\" \/>\n\t<meta property=\"og:image:width\" content=\"2560\" \/>\n\t<meta property=\"og:image:height\" content=\"1711\" \/>\n\t<meta property=\"og:image:type\" content=\"image\/jpeg\" \/>\n<meta name=\"author\" content=\"Kuzeyin Sesi\" \/>\n<meta name=\"twitter:card\" content=\"summary_large_image\" \/>\n<meta name=\"twitter:creator\" content=\"@kuzeyinsesii\" \/>\n<meta name=\"twitter:site\" content=\"@kuzeyinsesii\" \/>\n<meta name=\"twitter:label1\" content=\"Yazan:\" \/>\n\t<meta name=\"twitter:data1\" content=\"Kuzeyin Sesi\" \/>\n<script type=\"application\/ld+json\" class=\"yoast-schema-graph\">{\"@context\":\"https:\\\/\\\/schema.org\",\"@graph\":[{\"@type\":\"Article\",\"@id\":\"https:\\\/\\\/kuzeyinsesi.org\\\/index.php\\\/2024\\\/05\\\/30\\\/oksuz-atlar-ulkesinde-kitabinin-tanitim-ve-imza-etkinligi-yapildi\\\/#article\",\"isPartOf\":{\"@id\":\"https:\\\/\\\/kuzeyinsesi.org\\\/index.php\\\/2024\\\/05\\\/30\\\/oksuz-atlar-ulkesinde-kitabinin-tanitim-ve-imza-etkinligi-yapildi\\\/\"},\"author\":{\"name\":\"Kuzeyin Sesi\",\"@id\":\"https:\\\/\\\/kuzeyinsesi.org\\\/#\\\/schema\\\/person\\\/9f859689cdf01485597712386e37f5aa\"},\"headline\":\"\u201c\u00d6ks\u00fcz Atlar \u00dclkesinde\u201d kitab\u0131n\u0131n tan\u0131t\u0131m ve imza etkinli\u011fi yap\u0131ld\u0131\",\"datePublished\":\"2024-05-30T19:57:08+00:00\",\"mainEntityOfPage\":{\"@id\":\"https:\\\/\\\/kuzeyinsesi.org\\\/index.php\\\/2024\\\/05\\\/30\\\/oksuz-atlar-ulkesinde-kitabinin-tanitim-ve-imza-etkinligi-yapildi\\\/\"},\"wordCount\":107,\"commentCount\":0,\"image\":{\"@id\":\"https:\\\/\\\/kuzeyinsesi.org\\\/index.php\\\/2024\\\/05\\\/30\\\/oksuz-atlar-ulkesinde-kitabinin-tanitim-ve-imza-etkinligi-yapildi\\\/#primaryimage\"},\"thumbnailUrl\":\"https:\\\/\\\/kuzeyinsesi.org\\\/wp-content\\\/uploads\\\/2024\\\/05\\\/basaran-duzgun-3-scaled.jpg\",\"articleSection\":[\"Ya\u015fam\"],\"inLanguage\":\"tr\",\"potentialAction\":[{\"@type\":\"CommentAction\",\"name\":\"Comment\",\"target\":[\"https:\\\/\\\/kuzeyinsesi.org\\\/index.php\\\/2024\\\/05\\\/30\\\/oksuz-atlar-ulkesinde-kitabinin-tanitim-ve-imza-etkinligi-yapildi\\\/#respond\"]}]},{\"@type\":\"WebPage\",\"@id\":\"https:\\\/\\\/kuzeyinsesi.org\\\/index.php\\\/2024\\\/05\\\/30\\\/oksuz-atlar-ulkesinde-kitabinin-tanitim-ve-imza-etkinligi-yapildi\\\/\",\"url\":\"https:\\\/\\\/kuzeyinsesi.org\\\/index.php\\\/2024\\\/05\\\/30\\\/oksuz-atlar-ulkesinde-kitabinin-tanitim-ve-imza-etkinligi-yapildi\\\/\",\"name\":\"\u201c\u00d6ks\u00fcz Atlar \u00dclkesinde\u201d kitab\u0131n\u0131n tan\u0131t\u0131m ve imza etkinli\u011fi yap\u0131ld\u0131 - Kuzeyin Sesi\",\"isPartOf\":{\"@id\":\"https:\\\/\\\/kuzeyinsesi.org\\\/#website\"},\"primaryImageOfPage\":{\"@id\":\"https:\\\/\\\/kuzeyinsesi.org\\\/index.php\\\/2024\\\/05\\\/30\\\/oksuz-atlar-ulkesinde-kitabinin-tanitim-ve-imza-etkinligi-yapildi\\\/#primaryimage\"},\"image\":{\"@id\":\"https:\\\/\\\/kuzeyinsesi.org\\\/index.php\\\/2024\\\/05\\\/30\\\/oksuz-atlar-ulkesinde-kitabinin-tanitim-ve-imza-etkinligi-yapildi\\\/#primaryimage\"},\"thumbnailUrl\":\"https:\\\/\\\/kuzeyinsesi.org\\\/wp-content\\\/uploads\\\/2024\\\/05\\\/basaran-duzgun-3-scaled.jpg\",\"datePublished\":\"2024-05-30T19:57:08+00:00\",\"author\":{\"@id\":\"https:\\\/\\\/kuzeyinsesi.org\\\/#\\\/schema\\\/person\\\/9f859689cdf01485597712386e37f5aa\"},\"breadcrumb\":{\"@id\":\"https:\\\/\\\/kuzeyinsesi.org\\\/index.php\\\/2024\\\/05\\\/30\\\/oksuz-atlar-ulkesinde-kitabinin-tanitim-ve-imza-etkinligi-yapildi\\\/#breadcrumb\"},\"inLanguage\":\"tr\",\"potentialAction\":[{\"@type\":\"ReadAction\",\"target\":[\"https:\\\/\\\/kuzeyinsesi.org\\\/index.php\\\/2024\\\/05\\\/30\\\/oksuz-atlar-ulkesinde-kitabinin-tanitim-ve-imza-etkinligi-yapildi\\\/\"]}]},{\"@type\":\"ImageObject\",\"inLanguage\":\"tr\",\"@id\":\"https:\\\/\\\/kuzeyinsesi.org\\\/index.php\\\/2024\\\/05\\\/30\\\/oksuz-atlar-ulkesinde-kitabinin-tanitim-ve-imza-etkinligi-yapildi\\\/#primaryimage\",\"url\":\"https:\\\/\\\/kuzeyinsesi.org\\\/wp-content\\\/uploads\\\/2024\\\/05\\\/basaran-duzgun-3-scaled.jpg\",\"contentUrl\":\"https:\\\/\\\/kuzeyinsesi.org\\\/wp-content\\\/uploads\\\/2024\\\/05\\\/basaran-duzgun-3-scaled.jpg\",\"width\":2560,\"height\":1711},{\"@type\":\"BreadcrumbList\",\"@id\":\"https:\\\/\\\/kuzeyinsesi.org\\\/index.php\\\/2024\\\/05\\\/30\\\/oksuz-atlar-ulkesinde-kitabinin-tanitim-ve-imza-etkinligi-yapildi\\\/#breadcrumb\",\"itemListElement\":[{\"@type\":\"ListItem\",\"position\":1,\"name\":\"Anasayfa\",\"item\":\"https:\\\/\\\/kuzeyinsesi.org\\\/\"},{\"@type\":\"ListItem\",\"position\":2,\"name\":\"\u201c\u00d6ks\u00fcz Atlar \u00dclkesinde\u201d kitab\u0131n\u0131n tan\u0131t\u0131m ve imza etkinli\u011fi yap\u0131ld\u0131\"}]},{\"@type\":\"WebSite\",\"@id\":\"https:\\\/\\\/kuzeyinsesi.org\\\/#website\",\"url\":\"https:\\\/\\\/kuzeyinsesi.org\\\/\",\"name\":\"Kuzeyin Sesi\",\"description\":\"Do\u011fru Haberin Adresi\",\"potentialAction\":[{\"@type\":\"SearchAction\",\"target\":{\"@type\":\"EntryPoint\",\"urlTemplate\":\"https:\\\/\\\/kuzeyinsesi.org\\\/?s={search_term_string}\"},\"query-input\":{\"@type\":\"PropertyValueSpecification\",\"valueRequired\":true,\"valueName\":\"search_term_string\"}}],\"inLanguage\":\"tr\"},{\"@type\":\"Person\",\"@id\":\"https:\\\/\\\/kuzeyinsesi.org\\\/#\\\/schema\\\/person\\\/9f859689cdf01485597712386e37f5aa\",\"name\":\"Kuzeyin Sesi\",\"image\":{\"@type\":\"ImageObject\",\"inLanguage\":\"tr\",\"@id\":\"https:\\\/\\\/secure.gravatar.com\\\/avatar\\\/bab33852abfd8b282518d6ed81826833d77c3c882d9ab608add591ccace47a44?s=96&d=mm&r=g\",\"url\":\"https:\\\/\\\/secure.gravatar.com\\\/avatar\\\/bab33852abfd8b282518d6ed81826833d77c3c882d9ab608add591ccace47a44?s=96&d=mm&r=g\",\"contentUrl\":\"https:\\\/\\\/secure.gravatar.com\\\/avatar\\\/bab33852abfd8b282518d6ed81826833d77c3c882d9ab608add591ccace47a44?s=96&d=mm&r=g\",\"caption\":\"Kuzeyin Sesi\"},\"sameAs\":[\"https:\\\/\\\/kuzeyinsesi.org\"],\"url\":\"https:\\\/\\\/kuzeyinsesi.org\\\/index.php\\\/author\\\/guven\\\/\"}]}<\/script>\n<!-- \/ Yoast SEO plugin. -->","yoast_head_json":{"title":"\u201c\u00d6ks\u00fcz Atlar \u00dclkesinde\u201d kitab\u0131n\u0131n tan\u0131t\u0131m ve imza etkinli\u011fi yap\u0131ld\u0131 - Kuzeyin Sesi","robots":{"index":"index","follow":"follow","max-snippet":"max-snippet:-1","max-image-preview":"max-image-preview:large","max-video-preview":"max-video-preview:-1"},"canonical":"https:\/\/kuzeyinsesi.org\/index.php\/2024\/05\/30\/oksuz-atlar-ulkesinde-kitabinin-tanitim-ve-imza-etkinligi-yapildi\/","og_locale":"tr_TR","og_type":"article","og_title":"\u201c\u00d6ks\u00fcz Atlar \u00dclkesinde\u201d kitab\u0131n\u0131n tan\u0131t\u0131m ve imza etkinli\u011fi yap\u0131ld\u0131 - Kuzeyin Sesi","og_description":"Gazeteci Ba\u015faran D\u00fczg\u00fcn, kitab\u0131 \u201c\u00d6ks\u00fcz Atlar \u00dclkesinde\u201d i\u00e7in tan\u0131t\u0131m ve imza g\u00fcn\u00fc etkinli\u011fi d\u00fczenledi. Girne Belediyesi\u2019nden yap\u0131lan a\u00e7\u0131klamaya g\u00f6re, Girne Belediyesi Yeni Hizmet Binas\u0131\u2019nda bug\u00fcn ger\u00e7ekle\u015ftirilen etkinli\u011fe, 2. Cumhurba\u015fkan\u0131 Mehmet Ali Talat, eski Ba\u015fbakan \u00d6mer Soyer Kalyoncu, CTP Girne milletvekilleri Ceyhun Birinci ve Fikri Toros, Girne Belediye Ba\u015fkan\u0131 Murat \u015eenkul, Girne Belediyesi eski Ba\u015fkan\u0131 Nidai [&hellip;]","og_url":"https:\/\/kuzeyinsesi.org\/index.php\/2024\/05\/30\/oksuz-atlar-ulkesinde-kitabinin-tanitim-ve-imza-etkinligi-yapildi\/","og_site_name":"Kuzeyin Sesi","article_publisher":"https:\/\/www.facebook.com\/kuzeyinsesii","article_published_time":"2024-05-30T19:57:08+00:00","og_image":[{"width":2560,"height":1711,"url":"https:\/\/kuzeyinsesi.org\/wp-content\/uploads\/2024\/05\/basaran-duzgun-3-scaled.jpg","type":"image\/jpeg"}],"author":"Kuzeyin Sesi","twitter_card":"summary_large_image","twitter_creator":"@kuzeyinsesii","twitter_site":"@kuzeyinsesii","twitter_misc":{"Yazan:":"Kuzeyin Sesi"},"schema":{"@context":"https:\/\/schema.org","@graph":[{"@type":"Article","@id":"https:\/\/kuzeyinsesi.org\/index.php\/2024\/05\/30\/oksuz-atlar-ulkesinde-kitabinin-tanitim-ve-imza-etkinligi-yapildi\/#article","isPartOf":{"@id":"https:\/\/kuzeyinsesi.org\/index.php\/2024\/05\/30\/oksuz-atlar-ulkesinde-kitabinin-tanitim-ve-imza-etkinligi-yapildi\/"},"author":{"name":"Kuzeyin Sesi","@id":"https:\/\/kuzeyinsesi.org\/#\/schema\/person\/9f859689cdf01485597712386e37f5aa"},"headline":"\u201c\u00d6ks\u00fcz Atlar \u00dclkesinde\u201d kitab\u0131n\u0131n tan\u0131t\u0131m ve imza etkinli\u011fi yap\u0131ld\u0131","datePublished":"2024-05-30T19:57:08+00:00","mainEntityOfPage":{"@id":"https:\/\/kuzeyinsesi.org\/index.php\/2024\/05\/30\/oksuz-atlar-ulkesinde-kitabinin-tanitim-ve-imza-etkinligi-yapildi\/"},"wordCount":107,"commentCount":0,"image":{"@id":"https:\/\/kuzeyinsesi.org\/index.php\/2024\/05\/30\/oksuz-atlar-ulkesinde-kitabinin-tanitim-ve-imza-etkinligi-yapildi\/#primaryimage"},"thumbnailUrl":"https:\/\/kuzeyinsesi.org\/wp-content\/uploads\/2024\/05\/basaran-duzgun-3-scaled.jpg","articleSection":["Ya\u015fam"],"inLanguage":"tr","potentialAction":[{"@type":"CommentAction","name":"Comment","target":["https:\/\/kuzeyinsesi.org\/index.php\/2024\/05\/30\/oksuz-atlar-ulkesinde-kitabinin-tanitim-ve-imza-etkinligi-yapildi\/#respond"]}]},{"@type":"WebPage","@id":"https:\/\/kuzeyinsesi.org\/index.php\/2024\/05\/30\/oksuz-atlar-ulkesinde-kitabinin-tanitim-ve-imza-etkinligi-yapildi\/","url":"https:\/\/kuzeyinsesi.org\/index.php\/2024\/05\/30\/oksuz-atlar-ulkesinde-kitabinin-tanitim-ve-imza-etkinligi-yapildi\/","name":"\u201c\u00d6ks\u00fcz Atlar \u00dclkesinde\u201d kitab\u0131n\u0131n tan\u0131t\u0131m ve imza etkinli\u011fi yap\u0131ld\u0131 - Kuzeyin Sesi","isPartOf":{"@id":"https:\/\/kuzeyinsesi.org\/#website"},"primaryImageOfPage":{"@id":"https:\/\/kuzeyinsesi.org\/index.php\/2024\/05\/30\/oksuz-atlar-ulkesinde-kitabinin-tanitim-ve-imza-etkinligi-yapildi\/#primaryimage"},"image":{"@id":"https:\/\/kuzeyinsesi.org\/index.php\/2024\/05\/30\/oksuz-atlar-ulkesinde-kitabinin-tanitim-ve-imza-etkinligi-yapildi\/#primaryimage"},"thumbnailUrl":"https:\/\/kuzeyinsesi.org\/wp-content\/uploads\/2024\/05\/basaran-duzgun-3-scaled.jpg","datePublished":"2024-05-30T19:57:08+00:00","author":{"@id":"https:\/\/kuzeyinsesi.org\/#\/schema\/person\/9f859689cdf01485597712386e37f5aa"},"breadcrumb":{"@id":"https:\/\/kuzeyinsesi.org\/index.php\/2024\/05\/30\/oksuz-atlar-ulkesinde-kitabinin-tanitim-ve-imza-etkinligi-yapildi\/#breadcrumb"},"inLanguage":"tr","potentialAction":[{"@type":"ReadAction","target":["https:\/\/kuzeyinsesi.org\/index.php\/2024\/05\/30\/oksuz-atlar-ulkesinde-kitabinin-tanitim-ve-imza-etkinligi-yapildi\/"]}]},{"@type":"ImageObject","inLanguage":"tr","@id":"https:\/\/kuzeyinsesi.org\/index.php\/2024\/05\/30\/oksuz-atlar-ulkesinde-kitabinin-tanitim-ve-imza-etkinligi-yapildi\/#primaryimage","url":"https:\/\/kuzeyinsesi.org\/wp-content\/uploads\/2024\/05\/basaran-duzgun-3-scaled.jpg","contentUrl":"https:\/\/kuzeyinsesi.org\/wp-content\/uploads\/2024\/05\/basaran-duzgun-3-scaled.jpg","width":2560,"height":1711},{"@type":"BreadcrumbList","@id":"https:\/\/kuzeyinsesi.org\/index.php\/2024\/05\/30\/oksuz-atlar-ulkesinde-kitabinin-tanitim-ve-imza-etkinligi-yapildi\/#breadcrumb","itemListElement":[{"@type":"ListItem","position":1,"name":"Anasayfa","item":"https:\/\/kuzeyinsesi.org\/"},{"@type":"ListItem","position":2,"name":"\u201c\u00d6ks\u00fcz Atlar \u00dclkesinde\u201d kitab\u0131n\u0131n tan\u0131t\u0131m ve imza etkinli\u011fi yap\u0131ld\u0131"}]},{"@type":"WebSite","@id":"https:\/\/kuzeyinsesi.org\/#website","url":"https:\/\/kuzeyinsesi.org\/","name":"Kuzeyin Sesi","description":"Do\u011fru Haberin Adresi","potentialAction":[{"@type":"SearchAction","target":{"@type":"EntryPoint","urlTemplate":"https:\/\/kuzeyinsesi.org\/?s={search_term_string}"},"query-input":{"@type":"PropertyValueSpecification","valueRequired":true,"valueName":"search_term_string"}}],"inLanguage":"tr"},{"@type":"Person","@id":"https:\/\/kuzeyinsesi.org\/#\/schema\/person\/9f859689cdf01485597712386e37f5aa","name":"Kuzeyin Sesi","image":{"@type":"ImageObject","inLanguage":"tr","@id":"https:\/\/secure.gravatar.com\/avatar\/bab33852abfd8b282518d6ed81826833d77c3c882d9ab608add591ccace47a44?s=96&d=mm&r=g","url":"https:\/\/secure.gravatar.com\/avatar\/bab33852abfd8b282518d6ed81826833d77c3c882d9ab608add591ccace47a44?s=96&d=mm&r=g","contentUrl":"https:\/\/secure.gravatar.com\/avatar\/bab33852abfd8b282518d6ed81826833d77c3c882d9ab608add591ccace47a44?s=96&d=mm&r=g","caption":"Kuzeyin Sesi"},"sameAs":["https:\/\/kuzeyinsesi.org"],"url":"https:\/\/kuzeyinsesi.org\/index.php\/author\/guven\/"}]}},"_links":{"self":[{"href":"https:\/\/kuzeyinsesi.org\/index.php\/wp-json\/wp\/v2\/posts\/3778","targetHints":{"allow":["GET"]}}],"collection":[{"href":"https:\/\/kuzeyinsesi.org\/index.php\/wp-json\/wp\/v2\/posts"}],"about":[{"href":"https:\/\/kuzeyinsesi.org\/index.php\/wp-json\/wp\/v2\/types\/post"}],"author":[{"embeddable":true,"href":"https:\/\/kuzeyinsesi.org\/index.php\/wp-json\/wp\/v2\/users\/1"}],"replies":[{"embeddable":true,"href":"https:\/\/kuzeyinsesi.org\/index.php\/wp-json\/wp\/v2\/comments?post=3778"}],"version-history":[{"count":0,"href":"https:\/\/kuzeyinsesi.org\/index.php\/wp-json\/wp\/v2\/posts\/3778\/revisions"}],"wp:featuredmedia":[{"embeddable":true,"href":"https:\/\/kuzeyinsesi.org\/index.php\/wp-json\/wp\/v2\/media\/3779"}],"wp:attachment":[{"href":"https:\/\/kuzeyinsesi.org\/index.php\/wp-json\/wp\/v2\/media?parent=3778"}],"wp:term":[{"taxonomy":"category","embeddable":true,"href":"https:\/\/kuzeyinsesi.org\/index.php\/wp-json\/wp\/v2\/categories?post=3778"},{"taxonomy":"post_tag","embeddable":true,"href":"https:\/\/kuzeyinsesi.org\/index.php\/wp-json\/wp\/v2\/tags?post=3778"}],"curies":[{"name":"wp","href":"https:\/\/api.w.org\/{rel}","templated":true}]}}