{"id":37777,"date":"2026-05-01T00:33:27","date_gmt":"2026-04-30T21:33:27","guid":{"rendered":"https:\/\/kuzeyinsesi.org\/index.php\/2026\/05\/01\/trump-almanyanin-ardindan-ispanya-ve-italyadaki-abd-askerlerini-de-cekebilir\/"},"modified":"2026-05-01T00:33:27","modified_gmt":"2026-04-30T21:33:27","slug":"trump-almanyanin-ardindan-ispanya-ve-italyadaki-abd-askerlerini-de-cekebilir","status":"publish","type":"post","link":"https:\/\/kuzeyinsesi.org\/index.php\/2026\/05\/01\/trump-almanyanin-ardindan-ispanya-ve-italyadaki-abd-askerlerini-de-cekebilir\/","title":{"rendered":"Trump, Almanya&#039;n\u0131n ard\u0131ndan \u0130spanya ve \u0130talya&#039;daki ABD askerlerini de \u00e7ekebilir"},"content":{"rendered":"<p><\/p>\n<div>\n<p>&#13;<br \/>\n\tDonald Trump, Oval Ofis&#8217;te d\u00fczenledi\u011fi bir ba\u015fkanl\u0131k kararnamesi imza t\u00f6reninin ard\u0131ndan <a href=\"https:\/\/www.trthaber.com\/etiket\/iran\/\" target=\"_blank\">\u0130ran<\/a> g\u00fcndemine ili\u015fkin ba\u015fl\u0131klar\u0131 de\u011ferlendirdi.<\/p>\n<p>&#13;<br \/>\n\tTrump, Almanya&#8217;daki <a href=\"https:\/\/www.trthaber.com\/etiket\/abd\/\" target=\"_blank\">ABD<\/a> askerini \u00e7ekmeyi de\u011ferlendirmesine ili\u015fkin bir soruya yan\u0131t verirken, <a href=\"https:\/\/www.trthaber.com\/etiket\/ispanya\/\" target=\"_blank\">\u0130spanya<\/a> ve <a href=\"https:\/\/www.trthaber.com\/etiket\/italya\/\" target=\"_blank\">\u0130talya<\/a> i\u00e7in de benzer bir durumun olu\u015fabilece\u011fini belirtti.<\/p>\n<p>&#13;<br \/>\n\tNATO&#8217;nun \u0130ran konusunda ABD&#8217;ye hi\u00e7 destek olmad\u0131\u011f\u0131n\u0131 savunan ABD Ba\u015fkan\u0131, s\u00f6z konusu iki \u00fclkeden ABD askerlerini \u00e7ekme hususunda, &#8220;Muhtemelen; olabilir. Neden yapmayay\u0131m ki? \u0130talya bize hi\u00e7 yard\u0131mc\u0131 olmad\u0131 ve \u0130spanya ise berbat davrand\u0131.&#8221; yorumunu yapt\u0131.<\/p>\n<p>&#13;<br \/>\n\tABD&#8217;nin <a href=\"https:\/\/www.trthaber.com\/etiket\/ukrayna\/\" target=\"_blank\">Ukrayna<\/a> i\u00e7in Avrupa \u00fclkelerine ciddi destek verdi\u011fini, ancak benzer bir yard\u0131m\u0131 \u0130ran konusunda g\u00f6remediklerini savunan Trump, &#8220;Onlara ihtiyac\u0131m\u0131z oldu\u011funda orada de\u011fillerdi. Bunu unutmamal\u0131y\u0131z.&#8221; \u015feklinde konu\u015ftu.<\/p>\n<p>&#13;<br \/>\n\tEski ABD Ba\u015fkan\u0131 Joe Biden&#8217;\u0131n Ukrayna&#8217;ya 350 milyar <a href=\"https:\/\/www.trthaber.com\/etiket\/dolar\/\" target=\"_blank\">dolar<\/a> verdi\u011fini ve bunun &#8220;delilik&#8221; oldu\u011funu savunan Trump, &#8220;Sava\u015f\u0131n uzamas\u0131n\u0131n nedenlerinden biri de buydu.&#8221; dedi.<\/p>\n<p>&#13;<br \/>\n\t<a href=\"https:\/\/www.trthaber.com\/etiket\/almanya\/\" target=\"_blank\">Almanya<\/a> Ba\u015fbakan\u0131 Friedrich Merz&#8217;e y\u00f6nelik ele\u015ftirilerini tekrarlayan Trump, Merz&#8217;in &#8220;\u0130ran&#8217;\u0131n n\u00fckleer silaha sahip olma ihtimalinden rahats\u0131z olmad\u0131\u011f\u0131n\u0131&#8221; savundu.<\/p>\n<p>&#13;<br \/>\n\tMerz i\u00e7in, &#8220;Kendisi berbat bir i\u015f \u00e7\u0131kar\u0131yor. G\u00f6\u00e7menlik sorunlar\u0131 var, <a href=\"https:\/\/www.trthaber.com\/etiket\/enerji\/\" target=\"_blank\">enerji<\/a> sorunlar\u0131 var, her t\u00fcrl\u00fc sorunu var. Ukrayna konusunda b\u00fcy\u00fck bir sorunu var \u00e7\u00fcnk\u00fc o karma\u015fan\u0131n i\u00e7indeydiler.&#8221; de\u011ferlendirmesini yapan Trump, Almanya&#8217;n\u0131n \u0130ran yerine Rusya-Ukrayna sava\u015f\u0131n\u0131n sona erdirilmesine odaklanmas\u0131 gerekti\u011fini ifade etti.<\/p>\n<\/p><\/div>\n","protected":false},"excerpt":{"rendered":"<p>&#13; Donald Trump, Oval Ofis&#8217;te d\u00fczenledi\u011fi bir ba\u015fkanl\u0131k kararnamesi imza t\u00f6reninin ard\u0131ndan \u0130ran g\u00fcndemine ili\u015fkin ba\u015fl\u0131klar\u0131 de\u011ferlendirdi. &#13; Trump, Almanya&#8217;daki ABD askerini \u00e7ekmeyi de\u011ferlendirmesine ili\u015fkin bir soruya yan\u0131t verirken, \u0130spanya ve \u0130talya i\u00e7in de benzer bir durumun olu\u015fabilece\u011fini belirtti. &#13; NATO&#8217;nun \u0130ran konusunda ABD&#8217;ye hi\u00e7 destek olmad\u0131\u011f\u0131n\u0131 savunan ABD Ba\u015fkan\u0131, s\u00f6z konusu iki \u00fclkeden ABD [&hellip;]<\/p>\n","protected":false},"author":1,"featured_media":37778,"comment_status":"open","ping_status":"open","sticky":false,"template":"","format":"standard","meta":{"jnews-multi-image_gallery":[],"jnews_single_post":[],"jnews_primary_category":[],"jnews_social_meta":[],"jnews_override_counter":[],"footnotes":""},"categories":[2],"tags":[],"class_list":["post-37777","post","type-post","status-publish","format-standard","has-post-thumbnail","hentry","category-dunya"],"yoast_head":"<!-- This site is optimized with the Yoast SEO plugin v27.5 - https:\/\/yoast.com\/product\/yoast-seo-wordpress\/ -->\n<title>Trump, Almanya&#039;n\u0131n ard\u0131ndan \u0130spanya ve \u0130talya&#039;daki ABD askerlerini de \u00e7ekebilir - Kuzeyin Sesi<\/title>\n<meta name=\"robots\" content=\"index, follow, max-snippet:-1, max-image-preview:large, max-video-preview:-1\" \/>\n<link rel=\"canonical\" href=\"https:\/\/kuzeyinsesi.org\/index.php\/2026\/05\/01\/trump-almanyanin-ardindan-ispanya-ve-italyadaki-abd-askerlerini-de-cekebilir\/\" \/>\n<meta property=\"og:locale\" content=\"tr_TR\" \/>\n<meta property=\"og:type\" content=\"article\" \/>\n<meta property=\"og:title\" content=\"Trump, Almanya&#039;n\u0131n ard\u0131ndan \u0130spanya ve \u0130talya&#039;daki ABD askerlerini de \u00e7ekebilir - Kuzeyin Sesi\" \/>\n<meta property=\"og:description\" content=\"&#013; Donald Trump, Oval Ofis&#8217;te d\u00fczenledi\u011fi bir ba\u015fkanl\u0131k kararnamesi imza t\u00f6reninin ard\u0131ndan \u0130ran g\u00fcndemine ili\u015fkin ba\u015fl\u0131klar\u0131 de\u011ferlendirdi. &#013; Trump, Almanya&#8217;daki ABD askerini \u00e7ekmeyi de\u011ferlendirmesine ili\u015fkin bir soruya yan\u0131t verirken, \u0130spanya ve \u0130talya i\u00e7in de benzer bir durumun olu\u015fabilece\u011fini belirtti. &#013; NATO&#8217;nun \u0130ran konusunda ABD&#8217;ye hi\u00e7 destek olmad\u0131\u011f\u0131n\u0131 savunan ABD Ba\u015fkan\u0131, s\u00f6z konusu iki \u00fclkeden ABD [&hellip;]\" \/>\n<meta property=\"og:url\" content=\"https:\/\/kuzeyinsesi.org\/index.php\/2026\/05\/01\/trump-almanyanin-ardindan-ispanya-ve-italyadaki-abd-askerlerini-de-cekebilir\/\" \/>\n<meta property=\"og:site_name\" content=\"Kuzeyin Sesi\" \/>\n<meta property=\"article:publisher\" content=\"https:\/\/www.facebook.com\/kuzeyinsesii\" \/>\n<meta property=\"article:published_time\" content=\"2026-04-30T21:33:27+00:00\" \/>\n<meta property=\"og:image\" content=\"https:\/\/trthaberstatic.cdn.wp.trt.com.tr\/resimler\/2446000\/trump-reu-2446949.jpg\" \/>\n<meta name=\"author\" content=\"Kuzeyin Sesi\" \/>\n<meta name=\"twitter:card\" content=\"summary_large_image\" \/>\n<meta name=\"twitter:creator\" content=\"@kuzeyinsesii\" \/>\n<meta name=\"twitter:site\" content=\"@kuzeyinsesii\" \/>\n<meta name=\"twitter:label1\" content=\"Yazan:\" \/>\n\t<meta name=\"twitter:data1\" content=\"Kuzeyin Sesi\" \/>\n\t<meta name=\"twitter:label2\" content=\"Tahmini okuma s\u00fcresi\" \/>\n\t<meta name=\"twitter:data2\" content=\"1 dakika\" \/>\n<script type=\"application\/ld+json\" class=\"yoast-schema-graph\">{\"@context\":\"https:\\\/\\\/schema.org\",\"@graph\":[{\"@type\":\"Article\",\"@id\":\"https:\\\/\\\/kuzeyinsesi.org\\\/index.php\\\/2026\\\/05\\\/01\\\/trump-almanyanin-ardindan-ispanya-ve-italyadaki-abd-askerlerini-de-cekebilir\\\/#article\",\"isPartOf\":{\"@id\":\"https:\\\/\\\/kuzeyinsesi.org\\\/index.php\\\/2026\\\/05\\\/01\\\/trump-almanyanin-ardindan-ispanya-ve-italyadaki-abd-askerlerini-de-cekebilir\\\/\"},\"author\":{\"name\":\"Kuzeyin Sesi\",\"@id\":\"https:\\\/\\\/kuzeyinsesi.org\\\/#\\\/schema\\\/person\\\/9f859689cdf01485597712386e37f5aa\"},\"headline\":\"Trump, Almanya&#039;n\u0131n ard\u0131ndan \u0130spanya ve \u0130talya&#039;daki ABD askerlerini de \u00e7ekebilir\",\"datePublished\":\"2026-04-30T21:33:27+00:00\",\"mainEntityOfPage\":{\"@id\":\"https:\\\/\\\/kuzeyinsesi.org\\\/index.php\\\/2026\\\/05\\\/01\\\/trump-almanyanin-ardindan-ispanya-ve-italyadaki-abd-askerlerini-de-cekebilir\\\/\"},\"wordCount\":263,\"commentCount\":0,\"image\":{\"@id\":\"https:\\\/\\\/kuzeyinsesi.org\\\/index.php\\\/2026\\\/05\\\/01\\\/trump-almanyanin-ardindan-ispanya-ve-italyadaki-abd-askerlerini-de-cekebilir\\\/#primaryimage\"},\"thumbnailUrl\":\"https:\\\/\\\/kuzeyinsesi.org\\\/wp-content\\\/uploads\\\/2026\\\/05\\\/trump-reu-2446949.jpg\",\"articleSection\":[\"D\u00fcnya\"],\"inLanguage\":\"tr\",\"potentialAction\":[{\"@type\":\"CommentAction\",\"name\":\"Comment\",\"target\":[\"https:\\\/\\\/kuzeyinsesi.org\\\/index.php\\\/2026\\\/05\\\/01\\\/trump-almanyanin-ardindan-ispanya-ve-italyadaki-abd-askerlerini-de-cekebilir\\\/#respond\"]}]},{\"@type\":\"WebPage\",\"@id\":\"https:\\\/\\\/kuzeyinsesi.org\\\/index.php\\\/2026\\\/05\\\/01\\\/trump-almanyanin-ardindan-ispanya-ve-italyadaki-abd-askerlerini-de-cekebilir\\\/\",\"url\":\"https:\\\/\\\/kuzeyinsesi.org\\\/index.php\\\/2026\\\/05\\\/01\\\/trump-almanyanin-ardindan-ispanya-ve-italyadaki-abd-askerlerini-de-cekebilir\\\/\",\"name\":\"Trump, Almanya&#039;n\u0131n ard\u0131ndan \u0130spanya ve \u0130talya&#039;daki ABD askerlerini de \u00e7ekebilir - Kuzeyin Sesi\",\"isPartOf\":{\"@id\":\"https:\\\/\\\/kuzeyinsesi.org\\\/#website\"},\"primaryImageOfPage\":{\"@id\":\"https:\\\/\\\/kuzeyinsesi.org\\\/index.php\\\/2026\\\/05\\\/01\\\/trump-almanyanin-ardindan-ispanya-ve-italyadaki-abd-askerlerini-de-cekebilir\\\/#primaryimage\"},\"image\":{\"@id\":\"https:\\\/\\\/kuzeyinsesi.org\\\/index.php\\\/2026\\\/05\\\/01\\\/trump-almanyanin-ardindan-ispanya-ve-italyadaki-abd-askerlerini-de-cekebilir\\\/#primaryimage\"},\"thumbnailUrl\":\"https:\\\/\\\/kuzeyinsesi.org\\\/wp-content\\\/uploads\\\/2026\\\/05\\\/trump-reu-2446949.jpg\",\"datePublished\":\"2026-04-30T21:33:27+00:00\",\"author\":{\"@id\":\"https:\\\/\\\/kuzeyinsesi.org\\\/#\\\/schema\\\/person\\\/9f859689cdf01485597712386e37f5aa\"},\"breadcrumb\":{\"@id\":\"https:\\\/\\\/kuzeyinsesi.org\\\/index.php\\\/2026\\\/05\\\/01\\\/trump-almanyanin-ardindan-ispanya-ve-italyadaki-abd-askerlerini-de-cekebilir\\\/#breadcrumb\"},\"inLanguage\":\"tr\",\"potentialAction\":[{\"@type\":\"ReadAction\",\"target\":[\"https:\\\/\\\/kuzeyinsesi.org\\\/index.php\\\/2026\\\/05\\\/01\\\/trump-almanyanin-ardindan-ispanya-ve-italyadaki-abd-askerlerini-de-cekebilir\\\/\"]}]},{\"@type\":\"ImageObject\",\"inLanguage\":\"tr\",\"@id\":\"https:\\\/\\\/kuzeyinsesi.org\\\/index.php\\\/2026\\\/05\\\/01\\\/trump-almanyanin-ardindan-ispanya-ve-italyadaki-abd-askerlerini-de-cekebilir\\\/#primaryimage\",\"url\":\"https:\\\/\\\/kuzeyinsesi.org\\\/wp-content\\\/uploads\\\/2026\\\/05\\\/trump-reu-2446949.jpg\",\"contentUrl\":\"https:\\\/\\\/kuzeyinsesi.org\\\/wp-content\\\/uploads\\\/2026\\\/05\\\/trump-reu-2446949.jpg\",\"width\":1280,\"height\":720},{\"@type\":\"BreadcrumbList\",\"@id\":\"https:\\\/\\\/kuzeyinsesi.org\\\/index.php\\\/2026\\\/05\\\/01\\\/trump-almanyanin-ardindan-ispanya-ve-italyadaki-abd-askerlerini-de-cekebilir\\\/#breadcrumb\",\"itemListElement\":[{\"@type\":\"ListItem\",\"position\":1,\"name\":\"Anasayfa\",\"item\":\"https:\\\/\\\/kuzeyinsesi.org\\\/\"},{\"@type\":\"ListItem\",\"position\":2,\"name\":\"Trump, Almanya&#039;n\u0131n ard\u0131ndan \u0130spanya ve \u0130talya&#039;daki ABD askerlerini de \u00e7ekebilir\"}]},{\"@type\":\"WebSite\",\"@id\":\"https:\\\/\\\/kuzeyinsesi.org\\\/#website\",\"url\":\"https:\\\/\\\/kuzeyinsesi.org\\\/\",\"name\":\"Kuzeyin Sesi\",\"description\":\"Do\u011fru Haberin Adresi\",\"potentialAction\":[{\"@type\":\"SearchAction\",\"target\":{\"@type\":\"EntryPoint\",\"urlTemplate\":\"https:\\\/\\\/kuzeyinsesi.org\\\/?s={search_term_string}\"},\"query-input\":{\"@type\":\"PropertyValueSpecification\",\"valueRequired\":true,\"valueName\":\"search_term_string\"}}],\"inLanguage\":\"tr\"},{\"@type\":\"Person\",\"@id\":\"https:\\\/\\\/kuzeyinsesi.org\\\/#\\\/schema\\\/person\\\/9f859689cdf01485597712386e37f5aa\",\"name\":\"Kuzeyin Sesi\",\"image\":{\"@type\":\"ImageObject\",\"inLanguage\":\"tr\",\"@id\":\"https:\\\/\\\/secure.gravatar.com\\\/avatar\\\/bab33852abfd8b282518d6ed81826833d77c3c882d9ab608add591ccace47a44?s=96&d=mm&r=g\",\"url\":\"https:\\\/\\\/secure.gravatar.com\\\/avatar\\\/bab33852abfd8b282518d6ed81826833d77c3c882d9ab608add591ccace47a44?s=96&d=mm&r=g\",\"contentUrl\":\"https:\\\/\\\/secure.gravatar.com\\\/avatar\\\/bab33852abfd8b282518d6ed81826833d77c3c882d9ab608add591ccace47a44?s=96&d=mm&r=g\",\"caption\":\"Kuzeyin Sesi\"},\"sameAs\":[\"https:\\\/\\\/kuzeyinsesi.org\"],\"url\":\"https:\\\/\\\/kuzeyinsesi.org\\\/index.php\\\/author\\\/guven\\\/\"}]}<\/script>\n<!-- \/ Yoast SEO plugin. -->","yoast_head_json":{"title":"Trump, Almanya&#039;n\u0131n ard\u0131ndan \u0130spanya ve \u0130talya&#039;daki ABD askerlerini de \u00e7ekebilir - Kuzeyin Sesi","robots":{"index":"index","follow":"follow","max-snippet":"max-snippet:-1","max-image-preview":"max-image-preview:large","max-video-preview":"max-video-preview:-1"},"canonical":"https:\/\/kuzeyinsesi.org\/index.php\/2026\/05\/01\/trump-almanyanin-ardindan-ispanya-ve-italyadaki-abd-askerlerini-de-cekebilir\/","og_locale":"tr_TR","og_type":"article","og_title":"Trump, Almanya&#039;n\u0131n ard\u0131ndan \u0130spanya ve \u0130talya&#039;daki ABD askerlerini de \u00e7ekebilir - Kuzeyin Sesi","og_description":"&#13; Donald Trump, Oval Ofis&#8217;te d\u00fczenledi\u011fi bir ba\u015fkanl\u0131k kararnamesi imza t\u00f6reninin ard\u0131ndan \u0130ran g\u00fcndemine ili\u015fkin ba\u015fl\u0131klar\u0131 de\u011ferlendirdi. &#13; Trump, Almanya&#8217;daki ABD askerini \u00e7ekmeyi de\u011ferlendirmesine ili\u015fkin bir soruya yan\u0131t verirken, \u0130spanya ve \u0130talya i\u00e7in de benzer bir durumun olu\u015fabilece\u011fini belirtti. &#13; NATO&#8217;nun \u0130ran konusunda ABD&#8217;ye hi\u00e7 destek olmad\u0131\u011f\u0131n\u0131 savunan ABD Ba\u015fkan\u0131, s\u00f6z konusu iki \u00fclkeden ABD [&hellip;]","og_url":"https:\/\/kuzeyinsesi.org\/index.php\/2026\/05\/01\/trump-almanyanin-ardindan-ispanya-ve-italyadaki-abd-askerlerini-de-cekebilir\/","og_site_name":"Kuzeyin Sesi","article_publisher":"https:\/\/www.facebook.com\/kuzeyinsesii","article_published_time":"2026-04-30T21:33:27+00:00","og_image":[{"url":"https:\/\/trthaberstatic.cdn.wp.trt.com.tr\/resimler\/2446000\/trump-reu-2446949.jpg","type":"","width":"","height":""}],"author":"Kuzeyin Sesi","twitter_card":"summary_large_image","twitter_creator":"@kuzeyinsesii","twitter_site":"@kuzeyinsesii","twitter_misc":{"Yazan:":"Kuzeyin Sesi","Tahmini okuma s\u00fcresi":"1 dakika"},"schema":{"@context":"https:\/\/schema.org","@graph":[{"@type":"Article","@id":"https:\/\/kuzeyinsesi.org\/index.php\/2026\/05\/01\/trump-almanyanin-ardindan-ispanya-ve-italyadaki-abd-askerlerini-de-cekebilir\/#article","isPartOf":{"@id":"https:\/\/kuzeyinsesi.org\/index.php\/2026\/05\/01\/trump-almanyanin-ardindan-ispanya-ve-italyadaki-abd-askerlerini-de-cekebilir\/"},"author":{"name":"Kuzeyin Sesi","@id":"https:\/\/kuzeyinsesi.org\/#\/schema\/person\/9f859689cdf01485597712386e37f5aa"},"headline":"Trump, Almanya&#039;n\u0131n ard\u0131ndan \u0130spanya ve \u0130talya&#039;daki ABD askerlerini de \u00e7ekebilir","datePublished":"2026-04-30T21:33:27+00:00","mainEntityOfPage":{"@id":"https:\/\/kuzeyinsesi.org\/index.php\/2026\/05\/01\/trump-almanyanin-ardindan-ispanya-ve-italyadaki-abd-askerlerini-de-cekebilir\/"},"wordCount":263,"commentCount":0,"image":{"@id":"https:\/\/kuzeyinsesi.org\/index.php\/2026\/05\/01\/trump-almanyanin-ardindan-ispanya-ve-italyadaki-abd-askerlerini-de-cekebilir\/#primaryimage"},"thumbnailUrl":"https:\/\/kuzeyinsesi.org\/wp-content\/uploads\/2026\/05\/trump-reu-2446949.jpg","articleSection":["D\u00fcnya"],"inLanguage":"tr","potentialAction":[{"@type":"CommentAction","name":"Comment","target":["https:\/\/kuzeyinsesi.org\/index.php\/2026\/05\/01\/trump-almanyanin-ardindan-ispanya-ve-italyadaki-abd-askerlerini-de-cekebilir\/#respond"]}]},{"@type":"WebPage","@id":"https:\/\/kuzeyinsesi.org\/index.php\/2026\/05\/01\/trump-almanyanin-ardindan-ispanya-ve-italyadaki-abd-askerlerini-de-cekebilir\/","url":"https:\/\/kuzeyinsesi.org\/index.php\/2026\/05\/01\/trump-almanyanin-ardindan-ispanya-ve-italyadaki-abd-askerlerini-de-cekebilir\/","name":"Trump, Almanya&#039;n\u0131n ard\u0131ndan \u0130spanya ve \u0130talya&#039;daki ABD askerlerini de \u00e7ekebilir - Kuzeyin Sesi","isPartOf":{"@id":"https:\/\/kuzeyinsesi.org\/#website"},"primaryImageOfPage":{"@id":"https:\/\/kuzeyinsesi.org\/index.php\/2026\/05\/01\/trump-almanyanin-ardindan-ispanya-ve-italyadaki-abd-askerlerini-de-cekebilir\/#primaryimage"},"image":{"@id":"https:\/\/kuzeyinsesi.org\/index.php\/2026\/05\/01\/trump-almanyanin-ardindan-ispanya-ve-italyadaki-abd-askerlerini-de-cekebilir\/#primaryimage"},"thumbnailUrl":"https:\/\/kuzeyinsesi.org\/wp-content\/uploads\/2026\/05\/trump-reu-2446949.jpg","datePublished":"2026-04-30T21:33:27+00:00","author":{"@id":"https:\/\/kuzeyinsesi.org\/#\/schema\/person\/9f859689cdf01485597712386e37f5aa"},"breadcrumb":{"@id":"https:\/\/kuzeyinsesi.org\/index.php\/2026\/05\/01\/trump-almanyanin-ardindan-ispanya-ve-italyadaki-abd-askerlerini-de-cekebilir\/#breadcrumb"},"inLanguage":"tr","potentialAction":[{"@type":"ReadAction","target":["https:\/\/kuzeyinsesi.org\/index.php\/2026\/05\/01\/trump-almanyanin-ardindan-ispanya-ve-italyadaki-abd-askerlerini-de-cekebilir\/"]}]},{"@type":"ImageObject","inLanguage":"tr","@id":"https:\/\/kuzeyinsesi.org\/index.php\/2026\/05\/01\/trump-almanyanin-ardindan-ispanya-ve-italyadaki-abd-askerlerini-de-cekebilir\/#primaryimage","url":"https:\/\/kuzeyinsesi.org\/wp-content\/uploads\/2026\/05\/trump-reu-2446949.jpg","contentUrl":"https:\/\/kuzeyinsesi.org\/wp-content\/uploads\/2026\/05\/trump-reu-2446949.jpg","width":1280,"height":720},{"@type":"BreadcrumbList","@id":"https:\/\/kuzeyinsesi.org\/index.php\/2026\/05\/01\/trump-almanyanin-ardindan-ispanya-ve-italyadaki-abd-askerlerini-de-cekebilir\/#breadcrumb","itemListElement":[{"@type":"ListItem","position":1,"name":"Anasayfa","item":"https:\/\/kuzeyinsesi.org\/"},{"@type":"ListItem","position":2,"name":"Trump, Almanya&#039;n\u0131n ard\u0131ndan \u0130spanya ve \u0130talya&#039;daki ABD askerlerini de \u00e7ekebilir"}]},{"@type":"WebSite","@id":"https:\/\/kuzeyinsesi.org\/#website","url":"https:\/\/kuzeyinsesi.org\/","name":"Kuzeyin Sesi","description":"Do\u011fru Haberin Adresi","potentialAction":[{"@type":"SearchAction","target":{"@type":"EntryPoint","urlTemplate":"https:\/\/kuzeyinsesi.org\/?s={search_term_string}"},"query-input":{"@type":"PropertyValueSpecification","valueRequired":true,"valueName":"search_term_string"}}],"inLanguage":"tr"},{"@type":"Person","@id":"https:\/\/kuzeyinsesi.org\/#\/schema\/person\/9f859689cdf01485597712386e37f5aa","name":"Kuzeyin Sesi","image":{"@type":"ImageObject","inLanguage":"tr","@id":"https:\/\/secure.gravatar.com\/avatar\/bab33852abfd8b282518d6ed81826833d77c3c882d9ab608add591ccace47a44?s=96&d=mm&r=g","url":"https:\/\/secure.gravatar.com\/avatar\/bab33852abfd8b282518d6ed81826833d77c3c882d9ab608add591ccace47a44?s=96&d=mm&r=g","contentUrl":"https:\/\/secure.gravatar.com\/avatar\/bab33852abfd8b282518d6ed81826833d77c3c882d9ab608add591ccace47a44?s=96&d=mm&r=g","caption":"Kuzeyin Sesi"},"sameAs":["https:\/\/kuzeyinsesi.org"],"url":"https:\/\/kuzeyinsesi.org\/index.php\/author\/guven\/"}]}},"_links":{"self":[{"href":"https:\/\/kuzeyinsesi.org\/index.php\/wp-json\/wp\/v2\/posts\/37777","targetHints":{"allow":["GET"]}}],"collection":[{"href":"https:\/\/kuzeyinsesi.org\/index.php\/wp-json\/wp\/v2\/posts"}],"about":[{"href":"https:\/\/kuzeyinsesi.org\/index.php\/wp-json\/wp\/v2\/types\/post"}],"author":[{"embeddable":true,"href":"https:\/\/kuzeyinsesi.org\/index.php\/wp-json\/wp\/v2\/users\/1"}],"replies":[{"embeddable":true,"href":"https:\/\/kuzeyinsesi.org\/index.php\/wp-json\/wp\/v2\/comments?post=37777"}],"version-history":[{"count":0,"href":"https:\/\/kuzeyinsesi.org\/index.php\/wp-json\/wp\/v2\/posts\/37777\/revisions"}],"wp:featuredmedia":[{"embeddable":true,"href":"https:\/\/kuzeyinsesi.org\/index.php\/wp-json\/wp\/v2\/media\/37778"}],"wp:attachment":[{"href":"https:\/\/kuzeyinsesi.org\/index.php\/wp-json\/wp\/v2\/media?parent=37777"}],"wp:term":[{"taxonomy":"category","embeddable":true,"href":"https:\/\/kuzeyinsesi.org\/index.php\/wp-json\/wp\/v2\/categories?post=37777"},{"taxonomy":"post_tag","embeddable":true,"href":"https:\/\/kuzeyinsesi.org\/index.php\/wp-json\/wp\/v2\/tags?post=37777"}],"curies":[{"name":"wp","href":"https:\/\/api.w.org\/{rel}","templated":true}]}}