{"id":37771,"date":"2026-04-30T22:28:34","date_gmt":"2026-04-30T19:28:34","guid":{"rendered":"https:\/\/kuzeyinsesi.org\/index.php\/2026\/04\/30\/kalibaf-sinirlarimiz-uzun-abdnin-olasi-kara-ablukasi-mumkun-degil\/"},"modified":"2026-04-30T22:28:34","modified_gmt":"2026-04-30T19:28:34","slug":"kalibaf-sinirlarimiz-uzun-abdnin-olasi-kara-ablukasi-mumkun-degil","status":"publish","type":"post","link":"https:\/\/kuzeyinsesi.org\/index.php\/2026\/04\/30\/kalibaf-sinirlarimiz-uzun-abdnin-olasi-kara-ablukasi-mumkun-degil\/","title":{"rendered":"Kalibaf: S\u0131n\u0131rlar\u0131m\u0131z uzun, ABD&#039;nin olas\u0131 kara ablukas\u0131 m\u00fcmk\u00fcn de\u011fil"},"content":{"rendered":"<p><\/p>\n<div>\n<p>&#13;<br \/>\n\tKalibaf, <a href=\"https:\/\/www.trthaber.com\/etiket\/abd\/\" target=\"_blank\">ABD<\/a> merkezli X \u015firketinin sosyal <a href=\"https:\/\/www.trthaber.com\/etiket\/medya\/\" target=\"_blank\">medya<\/a> platformundan konuya ili\u015fkin a\u00e7\u0131klama yapt\u0131.<\/p>\n<p>&#13;<br \/>\n\t<a href=\"https:\/\/www.trthaber.com\/etiket\/iran\/\" target=\"_blank\">\u0130ran<\/a> Meclis Ba\u015fkan\u0131 Kalibaf, &#8220;E\u011fer biri New York&#8217;tan bat\u0131 k\u0131y\u0131s\u0131na, di\u011feri de Los Angeles&#8217;tan do\u011fu k\u0131y\u0131s\u0131na iki duvar in\u015fa ederseniz toplam uzunluk 7 bin 755 kilometre olur. Bu da \u0130ran&#8217;\u0131n toplam s\u0131n\u0131rlar\u0131ndan hala yakla\u015f\u0131k bin kilometre daha k\u0131sad\u0131r.&#8221; ifadelerini kulland\u0131.<\/p>\n<p>&#13;<br \/>\n\tKalibaf, b\u00f6yle s\u0131n\u0131rlara sahip bir \u00fclkeyi ablukaya almakta ABD&#8217;nin ba\u015far\u0131l\u0131 olamayaca\u011f\u0131n\u0131 kaydetti.<\/p>\n<\/p><\/div>\n","protected":false},"excerpt":{"rendered":"<p>&#13; Kalibaf, ABD merkezli X \u015firketinin sosyal medya platformundan konuya ili\u015fkin a\u00e7\u0131klama yapt\u0131. &#13; \u0130ran Meclis Ba\u015fkan\u0131 Kalibaf, &#8220;E\u011fer biri New York&#8217;tan bat\u0131 k\u0131y\u0131s\u0131na, di\u011feri de Los Angeles&#8217;tan do\u011fu k\u0131y\u0131s\u0131na iki duvar in\u015fa ederseniz toplam uzunluk 7 bin 755 kilometre olur. Bu da \u0130ran&#8217;\u0131n toplam s\u0131n\u0131rlar\u0131ndan hala yakla\u015f\u0131k bin kilometre daha k\u0131sad\u0131r.&#8221; ifadelerini kulland\u0131. &#13; [&hellip;]<\/p>\n","protected":false},"author":1,"featured_media":36799,"comment_status":"open","ping_status":"open","sticky":false,"template":"","format":"standard","meta":{"jnews-multi-image_gallery":[],"jnews_single_post":[],"jnews_primary_category":[],"jnews_social_meta":[],"jnews_override_counter":[],"footnotes":""},"categories":[2],"tags":[],"class_list":["post-37771","post","type-post","status-publish","format-standard","has-post-thumbnail","hentry","category-dunya"],"yoast_head":"<!-- This site is optimized with the Yoast SEO plugin v27.5 - https:\/\/yoast.com\/product\/yoast-seo-wordpress\/ -->\n<title>Kalibaf: S\u0131n\u0131rlar\u0131m\u0131z uzun, ABD&#039;nin olas\u0131 kara ablukas\u0131 m\u00fcmk\u00fcn de\u011fil - Kuzeyin Sesi<\/title>\n<meta name=\"robots\" content=\"index, follow, max-snippet:-1, max-image-preview:large, max-video-preview:-1\" \/>\n<link rel=\"canonical\" href=\"https:\/\/kuzeyinsesi.org\/index.php\/2026\/04\/30\/kalibaf-sinirlarimiz-uzun-abdnin-olasi-kara-ablukasi-mumkun-degil\/\" \/>\n<meta property=\"og:locale\" content=\"tr_TR\" \/>\n<meta property=\"og:type\" content=\"article\" \/>\n<meta property=\"og:title\" content=\"Kalibaf: S\u0131n\u0131rlar\u0131m\u0131z uzun, ABD&#039;nin olas\u0131 kara ablukas\u0131 m\u00fcmk\u00fcn de\u011fil - Kuzeyin Sesi\" \/>\n<meta property=\"og:description\" content=\"&#013; Kalibaf, ABD merkezli X \u015firketinin sosyal medya platformundan konuya ili\u015fkin a\u00e7\u0131klama yapt\u0131. &#013; \u0130ran Meclis Ba\u015fkan\u0131 Kalibaf, &#8220;E\u011fer biri New York&#8217;tan bat\u0131 k\u0131y\u0131s\u0131na, di\u011feri de Los Angeles&#8217;tan do\u011fu k\u0131y\u0131s\u0131na iki duvar in\u015fa ederseniz toplam uzunluk 7 bin 755 kilometre olur. Bu da \u0130ran&#8217;\u0131n toplam s\u0131n\u0131rlar\u0131ndan hala yakla\u015f\u0131k bin kilometre daha k\u0131sad\u0131r.&#8221; ifadelerini kulland\u0131. &#013; [&hellip;]\" \/>\n<meta property=\"og:url\" content=\"https:\/\/kuzeyinsesi.org\/index.php\/2026\/04\/30\/kalibaf-sinirlarimiz-uzun-abdnin-olasi-kara-ablukasi-mumkun-degil\/\" \/>\n<meta property=\"og:site_name\" content=\"Kuzeyin Sesi\" \/>\n<meta property=\"article:publisher\" content=\"https:\/\/www.facebook.com\/kuzeyinsesii\" \/>\n<meta property=\"article:published_time\" content=\"2026-04-30T19:28:34+00:00\" \/>\n<meta property=\"og:image\" content=\"https:\/\/trthaberstatic.cdn.wp.trt.com.tr\/resimler\/2454000\/abd-iran-2454861.jpg\" \/>\n<meta name=\"author\" content=\"Kuzeyin Sesi\" \/>\n<meta name=\"twitter:card\" content=\"summary_large_image\" \/>\n<meta name=\"twitter:creator\" content=\"@kuzeyinsesii\" \/>\n<meta name=\"twitter:site\" content=\"@kuzeyinsesii\" \/>\n<meta name=\"twitter:label1\" content=\"Yazan:\" \/>\n\t<meta name=\"twitter:data1\" content=\"Kuzeyin Sesi\" \/>\n<script type=\"application\/ld+json\" class=\"yoast-schema-graph\">{\"@context\":\"https:\\\/\\\/schema.org\",\"@graph\":[{\"@type\":\"Article\",\"@id\":\"https:\\\/\\\/kuzeyinsesi.org\\\/index.php\\\/2026\\\/04\\\/30\\\/kalibaf-sinirlarimiz-uzun-abdnin-olasi-kara-ablukasi-mumkun-degil\\\/#article\",\"isPartOf\":{\"@id\":\"https:\\\/\\\/kuzeyinsesi.org\\\/index.php\\\/2026\\\/04\\\/30\\\/kalibaf-sinirlarimiz-uzun-abdnin-olasi-kara-ablukasi-mumkun-degil\\\/\"},\"author\":{\"name\":\"Kuzeyin Sesi\",\"@id\":\"https:\\\/\\\/kuzeyinsesi.org\\\/#\\\/schema\\\/person\\\/9f859689cdf01485597712386e37f5aa\"},\"headline\":\"Kalibaf: S\u0131n\u0131rlar\u0131m\u0131z uzun, ABD&#039;nin olas\u0131 kara ablukas\u0131 m\u00fcmk\u00fcn de\u011fil\",\"datePublished\":\"2026-04-30T19:28:34+00:00\",\"mainEntityOfPage\":{\"@id\":\"https:\\\/\\\/kuzeyinsesi.org\\\/index.php\\\/2026\\\/04\\\/30\\\/kalibaf-sinirlarimiz-uzun-abdnin-olasi-kara-ablukasi-mumkun-degil\\\/\"},\"wordCount\":108,\"commentCount\":0,\"image\":{\"@id\":\"https:\\\/\\\/kuzeyinsesi.org\\\/index.php\\\/2026\\\/04\\\/30\\\/kalibaf-sinirlarimiz-uzun-abdnin-olasi-kara-ablukasi-mumkun-degil\\\/#primaryimage\"},\"thumbnailUrl\":\"https:\\\/\\\/kuzeyinsesi.org\\\/wp-content\\\/uploads\\\/2026\\\/04\\\/abd-iran-2454861.jpg\",\"articleSection\":[\"D\u00fcnya\"],\"inLanguage\":\"tr\",\"potentialAction\":[{\"@type\":\"CommentAction\",\"name\":\"Comment\",\"target\":[\"https:\\\/\\\/kuzeyinsesi.org\\\/index.php\\\/2026\\\/04\\\/30\\\/kalibaf-sinirlarimiz-uzun-abdnin-olasi-kara-ablukasi-mumkun-degil\\\/#respond\"]}]},{\"@type\":\"WebPage\",\"@id\":\"https:\\\/\\\/kuzeyinsesi.org\\\/index.php\\\/2026\\\/04\\\/30\\\/kalibaf-sinirlarimiz-uzun-abdnin-olasi-kara-ablukasi-mumkun-degil\\\/\",\"url\":\"https:\\\/\\\/kuzeyinsesi.org\\\/index.php\\\/2026\\\/04\\\/30\\\/kalibaf-sinirlarimiz-uzun-abdnin-olasi-kara-ablukasi-mumkun-degil\\\/\",\"name\":\"Kalibaf: S\u0131n\u0131rlar\u0131m\u0131z uzun, ABD&#039;nin olas\u0131 kara ablukas\u0131 m\u00fcmk\u00fcn de\u011fil - Kuzeyin Sesi\",\"isPartOf\":{\"@id\":\"https:\\\/\\\/kuzeyinsesi.org\\\/#website\"},\"primaryImageOfPage\":{\"@id\":\"https:\\\/\\\/kuzeyinsesi.org\\\/index.php\\\/2026\\\/04\\\/30\\\/kalibaf-sinirlarimiz-uzun-abdnin-olasi-kara-ablukasi-mumkun-degil\\\/#primaryimage\"},\"image\":{\"@id\":\"https:\\\/\\\/kuzeyinsesi.org\\\/index.php\\\/2026\\\/04\\\/30\\\/kalibaf-sinirlarimiz-uzun-abdnin-olasi-kara-ablukasi-mumkun-degil\\\/#primaryimage\"},\"thumbnailUrl\":\"https:\\\/\\\/kuzeyinsesi.org\\\/wp-content\\\/uploads\\\/2026\\\/04\\\/abd-iran-2454861.jpg\",\"datePublished\":\"2026-04-30T19:28:34+00:00\",\"author\":{\"@id\":\"https:\\\/\\\/kuzeyinsesi.org\\\/#\\\/schema\\\/person\\\/9f859689cdf01485597712386e37f5aa\"},\"breadcrumb\":{\"@id\":\"https:\\\/\\\/kuzeyinsesi.org\\\/index.php\\\/2026\\\/04\\\/30\\\/kalibaf-sinirlarimiz-uzun-abdnin-olasi-kara-ablukasi-mumkun-degil\\\/#breadcrumb\"},\"inLanguage\":\"tr\",\"potentialAction\":[{\"@type\":\"ReadAction\",\"target\":[\"https:\\\/\\\/kuzeyinsesi.org\\\/index.php\\\/2026\\\/04\\\/30\\\/kalibaf-sinirlarimiz-uzun-abdnin-olasi-kara-ablukasi-mumkun-degil\\\/\"]}]},{\"@type\":\"ImageObject\",\"inLanguage\":\"tr\",\"@id\":\"https:\\\/\\\/kuzeyinsesi.org\\\/index.php\\\/2026\\\/04\\\/30\\\/kalibaf-sinirlarimiz-uzun-abdnin-olasi-kara-ablukasi-mumkun-degil\\\/#primaryimage\",\"url\":\"https:\\\/\\\/kuzeyinsesi.org\\\/wp-content\\\/uploads\\\/2026\\\/04\\\/abd-iran-2454861.jpg\",\"contentUrl\":\"https:\\\/\\\/kuzeyinsesi.org\\\/wp-content\\\/uploads\\\/2026\\\/04\\\/abd-iran-2454861.jpg\",\"width\":1280,\"height\":720},{\"@type\":\"BreadcrumbList\",\"@id\":\"https:\\\/\\\/kuzeyinsesi.org\\\/index.php\\\/2026\\\/04\\\/30\\\/kalibaf-sinirlarimiz-uzun-abdnin-olasi-kara-ablukasi-mumkun-degil\\\/#breadcrumb\",\"itemListElement\":[{\"@type\":\"ListItem\",\"position\":1,\"name\":\"Anasayfa\",\"item\":\"https:\\\/\\\/kuzeyinsesi.org\\\/\"},{\"@type\":\"ListItem\",\"position\":2,\"name\":\"Kalibaf: S\u0131n\u0131rlar\u0131m\u0131z uzun, ABD&#039;nin olas\u0131 kara ablukas\u0131 m\u00fcmk\u00fcn de\u011fil\"}]},{\"@type\":\"WebSite\",\"@id\":\"https:\\\/\\\/kuzeyinsesi.org\\\/#website\",\"url\":\"https:\\\/\\\/kuzeyinsesi.org\\\/\",\"name\":\"Kuzeyin Sesi\",\"description\":\"Do\u011fru Haberin Adresi\",\"potentialAction\":[{\"@type\":\"SearchAction\",\"target\":{\"@type\":\"EntryPoint\",\"urlTemplate\":\"https:\\\/\\\/kuzeyinsesi.org\\\/?s={search_term_string}\"},\"query-input\":{\"@type\":\"PropertyValueSpecification\",\"valueRequired\":true,\"valueName\":\"search_term_string\"}}],\"inLanguage\":\"tr\"},{\"@type\":\"Person\",\"@id\":\"https:\\\/\\\/kuzeyinsesi.org\\\/#\\\/schema\\\/person\\\/9f859689cdf01485597712386e37f5aa\",\"name\":\"Kuzeyin Sesi\",\"image\":{\"@type\":\"ImageObject\",\"inLanguage\":\"tr\",\"@id\":\"https:\\\/\\\/secure.gravatar.com\\\/avatar\\\/bab33852abfd8b282518d6ed81826833d77c3c882d9ab608add591ccace47a44?s=96&d=mm&r=g\",\"url\":\"https:\\\/\\\/secure.gravatar.com\\\/avatar\\\/bab33852abfd8b282518d6ed81826833d77c3c882d9ab608add591ccace47a44?s=96&d=mm&r=g\",\"contentUrl\":\"https:\\\/\\\/secure.gravatar.com\\\/avatar\\\/bab33852abfd8b282518d6ed81826833d77c3c882d9ab608add591ccace47a44?s=96&d=mm&r=g\",\"caption\":\"Kuzeyin Sesi\"},\"sameAs\":[\"https:\\\/\\\/kuzeyinsesi.org\"],\"url\":\"https:\\\/\\\/kuzeyinsesi.org\\\/index.php\\\/author\\\/guven\\\/\"}]}<\/script>\n<!-- \/ Yoast SEO plugin. -->","yoast_head_json":{"title":"Kalibaf: S\u0131n\u0131rlar\u0131m\u0131z uzun, ABD&#039;nin olas\u0131 kara ablukas\u0131 m\u00fcmk\u00fcn de\u011fil - Kuzeyin Sesi","robots":{"index":"index","follow":"follow","max-snippet":"max-snippet:-1","max-image-preview":"max-image-preview:large","max-video-preview":"max-video-preview:-1"},"canonical":"https:\/\/kuzeyinsesi.org\/index.php\/2026\/04\/30\/kalibaf-sinirlarimiz-uzun-abdnin-olasi-kara-ablukasi-mumkun-degil\/","og_locale":"tr_TR","og_type":"article","og_title":"Kalibaf: S\u0131n\u0131rlar\u0131m\u0131z uzun, ABD&#039;nin olas\u0131 kara ablukas\u0131 m\u00fcmk\u00fcn de\u011fil - Kuzeyin Sesi","og_description":"&#13; Kalibaf, ABD merkezli X \u015firketinin sosyal medya platformundan konuya ili\u015fkin a\u00e7\u0131klama yapt\u0131. &#13; \u0130ran Meclis Ba\u015fkan\u0131 Kalibaf, &#8220;E\u011fer biri New York&#8217;tan bat\u0131 k\u0131y\u0131s\u0131na, di\u011feri de Los Angeles&#8217;tan do\u011fu k\u0131y\u0131s\u0131na iki duvar in\u015fa ederseniz toplam uzunluk 7 bin 755 kilometre olur. Bu da \u0130ran&#8217;\u0131n toplam s\u0131n\u0131rlar\u0131ndan hala yakla\u015f\u0131k bin kilometre daha k\u0131sad\u0131r.&#8221; ifadelerini kulland\u0131. &#13; [&hellip;]","og_url":"https:\/\/kuzeyinsesi.org\/index.php\/2026\/04\/30\/kalibaf-sinirlarimiz-uzun-abdnin-olasi-kara-ablukasi-mumkun-degil\/","og_site_name":"Kuzeyin Sesi","article_publisher":"https:\/\/www.facebook.com\/kuzeyinsesii","article_published_time":"2026-04-30T19:28:34+00:00","og_image":[{"url":"https:\/\/trthaberstatic.cdn.wp.trt.com.tr\/resimler\/2454000\/abd-iran-2454861.jpg","type":"","width":"","height":""}],"author":"Kuzeyin Sesi","twitter_card":"summary_large_image","twitter_creator":"@kuzeyinsesii","twitter_site":"@kuzeyinsesii","twitter_misc":{"Yazan:":"Kuzeyin Sesi"},"schema":{"@context":"https:\/\/schema.org","@graph":[{"@type":"Article","@id":"https:\/\/kuzeyinsesi.org\/index.php\/2026\/04\/30\/kalibaf-sinirlarimiz-uzun-abdnin-olasi-kara-ablukasi-mumkun-degil\/#article","isPartOf":{"@id":"https:\/\/kuzeyinsesi.org\/index.php\/2026\/04\/30\/kalibaf-sinirlarimiz-uzun-abdnin-olasi-kara-ablukasi-mumkun-degil\/"},"author":{"name":"Kuzeyin Sesi","@id":"https:\/\/kuzeyinsesi.org\/#\/schema\/person\/9f859689cdf01485597712386e37f5aa"},"headline":"Kalibaf: S\u0131n\u0131rlar\u0131m\u0131z uzun, ABD&#039;nin olas\u0131 kara ablukas\u0131 m\u00fcmk\u00fcn de\u011fil","datePublished":"2026-04-30T19:28:34+00:00","mainEntityOfPage":{"@id":"https:\/\/kuzeyinsesi.org\/index.php\/2026\/04\/30\/kalibaf-sinirlarimiz-uzun-abdnin-olasi-kara-ablukasi-mumkun-degil\/"},"wordCount":108,"commentCount":0,"image":{"@id":"https:\/\/kuzeyinsesi.org\/index.php\/2026\/04\/30\/kalibaf-sinirlarimiz-uzun-abdnin-olasi-kara-ablukasi-mumkun-degil\/#primaryimage"},"thumbnailUrl":"https:\/\/kuzeyinsesi.org\/wp-content\/uploads\/2026\/04\/abd-iran-2454861.jpg","articleSection":["D\u00fcnya"],"inLanguage":"tr","potentialAction":[{"@type":"CommentAction","name":"Comment","target":["https:\/\/kuzeyinsesi.org\/index.php\/2026\/04\/30\/kalibaf-sinirlarimiz-uzun-abdnin-olasi-kara-ablukasi-mumkun-degil\/#respond"]}]},{"@type":"WebPage","@id":"https:\/\/kuzeyinsesi.org\/index.php\/2026\/04\/30\/kalibaf-sinirlarimiz-uzun-abdnin-olasi-kara-ablukasi-mumkun-degil\/","url":"https:\/\/kuzeyinsesi.org\/index.php\/2026\/04\/30\/kalibaf-sinirlarimiz-uzun-abdnin-olasi-kara-ablukasi-mumkun-degil\/","name":"Kalibaf: S\u0131n\u0131rlar\u0131m\u0131z uzun, ABD&#039;nin olas\u0131 kara ablukas\u0131 m\u00fcmk\u00fcn de\u011fil - Kuzeyin Sesi","isPartOf":{"@id":"https:\/\/kuzeyinsesi.org\/#website"},"primaryImageOfPage":{"@id":"https:\/\/kuzeyinsesi.org\/index.php\/2026\/04\/30\/kalibaf-sinirlarimiz-uzun-abdnin-olasi-kara-ablukasi-mumkun-degil\/#primaryimage"},"image":{"@id":"https:\/\/kuzeyinsesi.org\/index.php\/2026\/04\/30\/kalibaf-sinirlarimiz-uzun-abdnin-olasi-kara-ablukasi-mumkun-degil\/#primaryimage"},"thumbnailUrl":"https:\/\/kuzeyinsesi.org\/wp-content\/uploads\/2026\/04\/abd-iran-2454861.jpg","datePublished":"2026-04-30T19:28:34+00:00","author":{"@id":"https:\/\/kuzeyinsesi.org\/#\/schema\/person\/9f859689cdf01485597712386e37f5aa"},"breadcrumb":{"@id":"https:\/\/kuzeyinsesi.org\/index.php\/2026\/04\/30\/kalibaf-sinirlarimiz-uzun-abdnin-olasi-kara-ablukasi-mumkun-degil\/#breadcrumb"},"inLanguage":"tr","potentialAction":[{"@type":"ReadAction","target":["https:\/\/kuzeyinsesi.org\/index.php\/2026\/04\/30\/kalibaf-sinirlarimiz-uzun-abdnin-olasi-kara-ablukasi-mumkun-degil\/"]}]},{"@type":"ImageObject","inLanguage":"tr","@id":"https:\/\/kuzeyinsesi.org\/index.php\/2026\/04\/30\/kalibaf-sinirlarimiz-uzun-abdnin-olasi-kara-ablukasi-mumkun-degil\/#primaryimage","url":"https:\/\/kuzeyinsesi.org\/wp-content\/uploads\/2026\/04\/abd-iran-2454861.jpg","contentUrl":"https:\/\/kuzeyinsesi.org\/wp-content\/uploads\/2026\/04\/abd-iran-2454861.jpg","width":1280,"height":720},{"@type":"BreadcrumbList","@id":"https:\/\/kuzeyinsesi.org\/index.php\/2026\/04\/30\/kalibaf-sinirlarimiz-uzun-abdnin-olasi-kara-ablukasi-mumkun-degil\/#breadcrumb","itemListElement":[{"@type":"ListItem","position":1,"name":"Anasayfa","item":"https:\/\/kuzeyinsesi.org\/"},{"@type":"ListItem","position":2,"name":"Kalibaf: S\u0131n\u0131rlar\u0131m\u0131z uzun, ABD&#039;nin olas\u0131 kara ablukas\u0131 m\u00fcmk\u00fcn de\u011fil"}]},{"@type":"WebSite","@id":"https:\/\/kuzeyinsesi.org\/#website","url":"https:\/\/kuzeyinsesi.org\/","name":"Kuzeyin Sesi","description":"Do\u011fru Haberin Adresi","potentialAction":[{"@type":"SearchAction","target":{"@type":"EntryPoint","urlTemplate":"https:\/\/kuzeyinsesi.org\/?s={search_term_string}"},"query-input":{"@type":"PropertyValueSpecification","valueRequired":true,"valueName":"search_term_string"}}],"inLanguage":"tr"},{"@type":"Person","@id":"https:\/\/kuzeyinsesi.org\/#\/schema\/person\/9f859689cdf01485597712386e37f5aa","name":"Kuzeyin Sesi","image":{"@type":"ImageObject","inLanguage":"tr","@id":"https:\/\/secure.gravatar.com\/avatar\/bab33852abfd8b282518d6ed81826833d77c3c882d9ab608add591ccace47a44?s=96&d=mm&r=g","url":"https:\/\/secure.gravatar.com\/avatar\/bab33852abfd8b282518d6ed81826833d77c3c882d9ab608add591ccace47a44?s=96&d=mm&r=g","contentUrl":"https:\/\/secure.gravatar.com\/avatar\/bab33852abfd8b282518d6ed81826833d77c3c882d9ab608add591ccace47a44?s=96&d=mm&r=g","caption":"Kuzeyin Sesi"},"sameAs":["https:\/\/kuzeyinsesi.org"],"url":"https:\/\/kuzeyinsesi.org\/index.php\/author\/guven\/"}]}},"_links":{"self":[{"href":"https:\/\/kuzeyinsesi.org\/index.php\/wp-json\/wp\/v2\/posts\/37771","targetHints":{"allow":["GET"]}}],"collection":[{"href":"https:\/\/kuzeyinsesi.org\/index.php\/wp-json\/wp\/v2\/posts"}],"about":[{"href":"https:\/\/kuzeyinsesi.org\/index.php\/wp-json\/wp\/v2\/types\/post"}],"author":[{"embeddable":true,"href":"https:\/\/kuzeyinsesi.org\/index.php\/wp-json\/wp\/v2\/users\/1"}],"replies":[{"embeddable":true,"href":"https:\/\/kuzeyinsesi.org\/index.php\/wp-json\/wp\/v2\/comments?post=37771"}],"version-history":[{"count":0,"href":"https:\/\/kuzeyinsesi.org\/index.php\/wp-json\/wp\/v2\/posts\/37771\/revisions"}],"wp:featuredmedia":[{"embeddable":true,"href":"https:\/\/kuzeyinsesi.org\/index.php\/wp-json\/wp\/v2\/media\/36799"}],"wp:attachment":[{"href":"https:\/\/kuzeyinsesi.org\/index.php\/wp-json\/wp\/v2\/media?parent=37771"}],"wp:term":[{"taxonomy":"category","embeddable":true,"href":"https:\/\/kuzeyinsesi.org\/index.php\/wp-json\/wp\/v2\/categories?post=37771"},{"taxonomy":"post_tag","embeddable":true,"href":"https:\/\/kuzeyinsesi.org\/index.php\/wp-json\/wp\/v2\/tags?post=37771"}],"curies":[{"name":"wp","href":"https:\/\/api.w.org\/{rel}","templated":true}]}}