{"id":37763,"date":"2026-04-30T19:48:55","date_gmt":"2026-04-30T16:48:55","guid":{"rendered":"https:\/\/kuzeyinsesi.org\/index.php\/2026\/04\/30\/disisleri-bakani-ertugruloglundan-emekli-olan-lakadamyaliya-tesekkur-plaketi\/"},"modified":"2026-04-30T19:48:55","modified_gmt":"2026-04-30T16:48:55","slug":"disisleri-bakani-ertugruloglundan-emekli-olan-lakadamyaliya-tesekkur-plaketi","status":"publish","type":"post","link":"https:\/\/kuzeyinsesi.org\/index.php\/2026\/04\/30\/disisleri-bakani-ertugruloglundan-emekli-olan-lakadamyaliya-tesekkur-plaketi\/","title":{"rendered":"D\u0131\u015fi\u015fleri Bakan\u0131 Ertu\u011frulo\u011flu\u2019ndan emekli olan Lakadamyal\u0131\u2019ya te\u015fekk\u00fcr plaketi"},"content":{"rendered":"<p>D\u0131\u015fi\u015fleri Bakan\u0131 Tahsin Ertu\u011frulo\u011flu, emekli olan Bakanl\u0131k M\u00fcste\u015far\u0131 Mustafa Lakadamyal\u0131\u2019ya hizmetlerinden dolay\u0131 te\u015fekk\u00fcr plaketi verdi.<\/p>\n<p>Mustafa Lakadamyal\u0131 i\u00e7in, son i\u015f g\u00fcn\u00fc olan bug\u00fcn personelin de kat\u0131l\u0131m\u0131yla D\u0131\u015fi\u015fleri Bakanl\u0131\u011f\u0131&#8217;nda t\u00f6ren d\u00fczenlendi.<\/p>\n<p>&nbsp;<\/p>\n<p>Ertu\u011frulo\u011flu<\/p>\n<p>D\u0131\u015fi\u015fleri Bakan\u0131 Tahsin Ertu\u011frulo\u011flu, Lakadamyal\u0131\u2019n\u0131n D\u0131\u015fi\u015fleri Bakanl\u0131\u011f\u0131 b\u00fcnyesinde 33 y\u0131ldan fazla farkl\u0131 kademlerde ba\u015far\u0131yla g\u00f6rev yapt\u0131\u011f\u0131n\u0131 belirtti.<\/p>\n<p>Lakadamyal\u0131\u2019n\u0131n KKTC ve K\u0131br\u0131s T\u00fcrk halk\u0131n\u0131n milli davas\u0131na fedakarl\u0131kla hizmet etti\u011fini, gen\u00e7 devletin kurumsal haf\u0131zas\u0131na de\u011ferli katk\u0131lar\u0131 oldu\u011funu belirten Ertu\u011frulo\u011flu, Lakadamyal\u0131&#8217;ya devlete yapt\u0131\u011f\u0131 hizmetlerinden dolay\u0131 te\u015fekk\u00fcr etti.<\/p>\n<p>Lakadamyal\u0131\u2019ya bundan sonraki ya\u015fam\u0131nda sa\u011fl\u0131k ve mutluluk dileyen Ertu\u011frulo\u011flu, \u201cEmekli olunca g\u00f6rev bitmiyor, milli davaya hizmet devam ediyor.\u201d dedi.<\/p>\n<p>&nbsp;<\/p>\n<p>Lakadamyal\u0131<\/p>\n<p>D\u0131\u015fi\u015fleri Bakanl\u0131\u011f\u0131 M\u00fcste\u015far\u0131 Mustafa Lakadamyal\u0131 da, D\u0131\u015fi\u015fleri Bakanl\u0131\u011f\u0131\u2019nda g\u00f6rev yapmaktan ve Bakan Ertu\u011frulo\u011flu ile \u00e7al\u0131\u015fmaktan onur duydu\u011funu belirtti.<\/p>\n","protected":false},"excerpt":{"rendered":"<p>D\u0131\u015fi\u015fleri Bakan\u0131 Tahsin Ertu\u011frulo\u011flu, emekli olan Bakanl\u0131k M\u00fcste\u015far\u0131 Mustafa Lakadamyal\u0131\u2019ya hizmetlerinden dolay\u0131 te\u015fekk\u00fcr plaketi verdi. Mustafa Lakadamyal\u0131 i\u00e7in, son i\u015f g\u00fcn\u00fc olan bug\u00fcn personelin de kat\u0131l\u0131m\u0131yla D\u0131\u015fi\u015fleri Bakanl\u0131\u011f\u0131&#8217;nda t\u00f6ren d\u00fczenlendi. &nbsp; Ertu\u011frulo\u011flu D\u0131\u015fi\u015fleri Bakan\u0131 Tahsin Ertu\u011frulo\u011flu, Lakadamyal\u0131\u2019n\u0131n D\u0131\u015fi\u015fleri Bakanl\u0131\u011f\u0131 b\u00fcnyesinde 33 y\u0131ldan fazla farkl\u0131 kademlerde ba\u015far\u0131yla g\u00f6rev yapt\u0131\u011f\u0131n\u0131 belirtti. Lakadamyal\u0131\u2019n\u0131n KKTC ve K\u0131br\u0131s T\u00fcrk halk\u0131n\u0131n [&hellip;]<\/p>\n","protected":false},"author":1,"featured_media":37764,"comment_status":"open","ping_status":"open","sticky":false,"template":"","format":"standard","meta":{"jnews-multi-image_gallery":[],"jnews_single_post":[],"jnews_primary_category":[],"jnews_social_meta":[],"jnews_override_counter":[],"footnotes":""},"categories":[1],"tags":[],"class_list":["post-37763","post","type-post","status-publish","format-standard","has-post-thumbnail","hentry","category-kibris"],"yoast_head":"<!-- This site is optimized with the Yoast SEO plugin v27.5 - https:\/\/yoast.com\/product\/yoast-seo-wordpress\/ -->\n<title>D\u0131\u015fi\u015fleri Bakan\u0131 Ertu\u011frulo\u011flu\u2019ndan emekli olan Lakadamyal\u0131\u2019ya te\u015fekk\u00fcr plaketi - Kuzeyin Sesi<\/title>\n<meta name=\"robots\" content=\"index, follow, max-snippet:-1, max-image-preview:large, max-video-preview:-1\" \/>\n<link rel=\"canonical\" href=\"https:\/\/kuzeyinsesi.org\/index.php\/2026\/04\/30\/disisleri-bakani-ertugruloglundan-emekli-olan-lakadamyaliya-tesekkur-plaketi\/\" \/>\n<meta property=\"og:locale\" content=\"tr_TR\" \/>\n<meta property=\"og:type\" content=\"article\" \/>\n<meta property=\"og:title\" content=\"D\u0131\u015fi\u015fleri Bakan\u0131 Ertu\u011frulo\u011flu\u2019ndan emekli olan Lakadamyal\u0131\u2019ya te\u015fekk\u00fcr plaketi - Kuzeyin Sesi\" \/>\n<meta property=\"og:description\" content=\"D\u0131\u015fi\u015fleri Bakan\u0131 Tahsin Ertu\u011frulo\u011flu, emekli olan Bakanl\u0131k M\u00fcste\u015far\u0131 Mustafa Lakadamyal\u0131\u2019ya hizmetlerinden dolay\u0131 te\u015fekk\u00fcr plaketi verdi. Mustafa Lakadamyal\u0131 i\u00e7in, son i\u015f g\u00fcn\u00fc olan bug\u00fcn personelin de kat\u0131l\u0131m\u0131yla D\u0131\u015fi\u015fleri Bakanl\u0131\u011f\u0131&#8217;nda t\u00f6ren d\u00fczenlendi. &nbsp; Ertu\u011frulo\u011flu D\u0131\u015fi\u015fleri Bakan\u0131 Tahsin Ertu\u011frulo\u011flu, Lakadamyal\u0131\u2019n\u0131n D\u0131\u015fi\u015fleri Bakanl\u0131\u011f\u0131 b\u00fcnyesinde 33 y\u0131ldan fazla farkl\u0131 kademlerde ba\u015far\u0131yla g\u00f6rev yapt\u0131\u011f\u0131n\u0131 belirtti. Lakadamyal\u0131\u2019n\u0131n KKTC ve K\u0131br\u0131s T\u00fcrk halk\u0131n\u0131n [&hellip;]\" \/>\n<meta property=\"og:url\" content=\"https:\/\/kuzeyinsesi.org\/index.php\/2026\/04\/30\/disisleri-bakani-ertugruloglundan-emekli-olan-lakadamyaliya-tesekkur-plaketi\/\" \/>\n<meta property=\"og:site_name\" content=\"Kuzeyin Sesi\" \/>\n<meta property=\"article:publisher\" content=\"https:\/\/www.facebook.com\/kuzeyinsesii\" \/>\n<meta property=\"article:published_time\" content=\"2026-04-30T16:48:55+00:00\" \/>\n<meta name=\"author\" content=\"Kuzeyin Sesi\" \/>\n<meta name=\"twitter:card\" content=\"summary_large_image\" \/>\n<meta name=\"twitter:creator\" content=\"@kuzeyinsesii\" \/>\n<meta name=\"twitter:site\" content=\"@kuzeyinsesii\" \/>\n<meta name=\"twitter:label1\" content=\"Yazan:\" \/>\n\t<meta name=\"twitter:data1\" content=\"Kuzeyin Sesi\" \/>\n\t<meta name=\"twitter:label2\" content=\"Tahmini okuma s\u00fcresi\" \/>\n\t<meta name=\"twitter:data2\" content=\"1 dakika\" \/>\n<script type=\"application\/ld+json\" class=\"yoast-schema-graph\">{\"@context\":\"https:\\\/\\\/schema.org\",\"@graph\":[{\"@type\":\"Article\",\"@id\":\"https:\\\/\\\/kuzeyinsesi.org\\\/index.php\\\/2026\\\/04\\\/30\\\/disisleri-bakani-ertugruloglundan-emekli-olan-lakadamyaliya-tesekkur-plaketi\\\/#article\",\"isPartOf\":{\"@id\":\"https:\\\/\\\/kuzeyinsesi.org\\\/index.php\\\/2026\\\/04\\\/30\\\/disisleri-bakani-ertugruloglundan-emekli-olan-lakadamyaliya-tesekkur-plaketi\\\/\"},\"author\":{\"name\":\"Kuzeyin Sesi\",\"@id\":\"https:\\\/\\\/kuzeyinsesi.org\\\/#\\\/schema\\\/person\\\/9f859689cdf01485597712386e37f5aa\"},\"headline\":\"D\u0131\u015fi\u015fleri Bakan\u0131 Ertu\u011frulo\u011flu\u2019ndan emekli olan Lakadamyal\u0131\u2019ya te\u015fekk\u00fcr plaketi\",\"datePublished\":\"2026-04-30T16:48:55+00:00\",\"mainEntityOfPage\":{\"@id\":\"https:\\\/\\\/kuzeyinsesi.org\\\/index.php\\\/2026\\\/04\\\/30\\\/disisleri-bakani-ertugruloglundan-emekli-olan-lakadamyaliya-tesekkur-plaketi\\\/\"},\"wordCount\":207,\"commentCount\":0,\"image\":{\"@id\":\"https:\\\/\\\/kuzeyinsesi.org\\\/index.php\\\/2026\\\/04\\\/30\\\/disisleri-bakani-ertugruloglundan-emekli-olan-lakadamyaliya-tesekkur-plaketi\\\/#primaryimage\"},\"thumbnailUrl\":\"https:\\\/\\\/kuzeyinsesi.org\\\/wp-content\\\/uploads\\\/2026\\\/04\\\/nrege-e1777567645291.jpeg\",\"articleSection\":[\"K\u0131br\u0131s\"],\"inLanguage\":\"tr\",\"potentialAction\":[{\"@type\":\"CommentAction\",\"name\":\"Comment\",\"target\":[\"https:\\\/\\\/kuzeyinsesi.org\\\/index.php\\\/2026\\\/04\\\/30\\\/disisleri-bakani-ertugruloglundan-emekli-olan-lakadamyaliya-tesekkur-plaketi\\\/#respond\"]}]},{\"@type\":\"WebPage\",\"@id\":\"https:\\\/\\\/kuzeyinsesi.org\\\/index.php\\\/2026\\\/04\\\/30\\\/disisleri-bakani-ertugruloglundan-emekli-olan-lakadamyaliya-tesekkur-plaketi\\\/\",\"url\":\"https:\\\/\\\/kuzeyinsesi.org\\\/index.php\\\/2026\\\/04\\\/30\\\/disisleri-bakani-ertugruloglundan-emekli-olan-lakadamyaliya-tesekkur-plaketi\\\/\",\"name\":\"D\u0131\u015fi\u015fleri Bakan\u0131 Ertu\u011frulo\u011flu\u2019ndan emekli olan Lakadamyal\u0131\u2019ya te\u015fekk\u00fcr plaketi - Kuzeyin Sesi\",\"isPartOf\":{\"@id\":\"https:\\\/\\\/kuzeyinsesi.org\\\/#website\"},\"primaryImageOfPage\":{\"@id\":\"https:\\\/\\\/kuzeyinsesi.org\\\/index.php\\\/2026\\\/04\\\/30\\\/disisleri-bakani-ertugruloglundan-emekli-olan-lakadamyaliya-tesekkur-plaketi\\\/#primaryimage\"},\"image\":{\"@id\":\"https:\\\/\\\/kuzeyinsesi.org\\\/index.php\\\/2026\\\/04\\\/30\\\/disisleri-bakani-ertugruloglundan-emekli-olan-lakadamyaliya-tesekkur-plaketi\\\/#primaryimage\"},\"thumbnailUrl\":\"https:\\\/\\\/kuzeyinsesi.org\\\/wp-content\\\/uploads\\\/2026\\\/04\\\/nrege-e1777567645291.jpeg\",\"datePublished\":\"2026-04-30T16:48:55+00:00\",\"author\":{\"@id\":\"https:\\\/\\\/kuzeyinsesi.org\\\/#\\\/schema\\\/person\\\/9f859689cdf01485597712386e37f5aa\"},\"breadcrumb\":{\"@id\":\"https:\\\/\\\/kuzeyinsesi.org\\\/index.php\\\/2026\\\/04\\\/30\\\/disisleri-bakani-ertugruloglundan-emekli-olan-lakadamyaliya-tesekkur-plaketi\\\/#breadcrumb\"},\"inLanguage\":\"tr\",\"potentialAction\":[{\"@type\":\"ReadAction\",\"target\":[\"https:\\\/\\\/kuzeyinsesi.org\\\/index.php\\\/2026\\\/04\\\/30\\\/disisleri-bakani-ertugruloglundan-emekli-olan-lakadamyaliya-tesekkur-plaketi\\\/\"]}]},{\"@type\":\"ImageObject\",\"inLanguage\":\"tr\",\"@id\":\"https:\\\/\\\/kuzeyinsesi.org\\\/index.php\\\/2026\\\/04\\\/30\\\/disisleri-bakani-ertugruloglundan-emekli-olan-lakadamyaliya-tesekkur-plaketi\\\/#primaryimage\",\"url\":\"https:\\\/\\\/kuzeyinsesi.org\\\/wp-content\\\/uploads\\\/2026\\\/04\\\/nrege-e1777567645291.jpeg\",\"contentUrl\":\"https:\\\/\\\/kuzeyinsesi.org\\\/wp-content\\\/uploads\\\/2026\\\/04\\\/nrege-e1777567645291.jpeg\",\"width\":1600,\"height\":925},{\"@type\":\"BreadcrumbList\",\"@id\":\"https:\\\/\\\/kuzeyinsesi.org\\\/index.php\\\/2026\\\/04\\\/30\\\/disisleri-bakani-ertugruloglundan-emekli-olan-lakadamyaliya-tesekkur-plaketi\\\/#breadcrumb\",\"itemListElement\":[{\"@type\":\"ListItem\",\"position\":1,\"name\":\"Anasayfa\",\"item\":\"https:\\\/\\\/kuzeyinsesi.org\\\/\"},{\"@type\":\"ListItem\",\"position\":2,\"name\":\"D\u0131\u015fi\u015fleri Bakan\u0131 Ertu\u011frulo\u011flu\u2019ndan emekli olan Lakadamyal\u0131\u2019ya te\u015fekk\u00fcr plaketi\"}]},{\"@type\":\"WebSite\",\"@id\":\"https:\\\/\\\/kuzeyinsesi.org\\\/#website\",\"url\":\"https:\\\/\\\/kuzeyinsesi.org\\\/\",\"name\":\"Kuzeyin Sesi\",\"description\":\"Do\u011fru Haberin Adresi\",\"potentialAction\":[{\"@type\":\"SearchAction\",\"target\":{\"@type\":\"EntryPoint\",\"urlTemplate\":\"https:\\\/\\\/kuzeyinsesi.org\\\/?s={search_term_string}\"},\"query-input\":{\"@type\":\"PropertyValueSpecification\",\"valueRequired\":true,\"valueName\":\"search_term_string\"}}],\"inLanguage\":\"tr\"},{\"@type\":\"Person\",\"@id\":\"https:\\\/\\\/kuzeyinsesi.org\\\/#\\\/schema\\\/person\\\/9f859689cdf01485597712386e37f5aa\",\"name\":\"Kuzeyin Sesi\",\"image\":{\"@type\":\"ImageObject\",\"inLanguage\":\"tr\",\"@id\":\"https:\\\/\\\/secure.gravatar.com\\\/avatar\\\/bab33852abfd8b282518d6ed81826833d77c3c882d9ab608add591ccace47a44?s=96&d=mm&r=g\",\"url\":\"https:\\\/\\\/secure.gravatar.com\\\/avatar\\\/bab33852abfd8b282518d6ed81826833d77c3c882d9ab608add591ccace47a44?s=96&d=mm&r=g\",\"contentUrl\":\"https:\\\/\\\/secure.gravatar.com\\\/avatar\\\/bab33852abfd8b282518d6ed81826833d77c3c882d9ab608add591ccace47a44?s=96&d=mm&r=g\",\"caption\":\"Kuzeyin Sesi\"},\"sameAs\":[\"https:\\\/\\\/kuzeyinsesi.org\"],\"url\":\"https:\\\/\\\/kuzeyinsesi.org\\\/index.php\\\/author\\\/guven\\\/\"}]}<\/script>\n<!-- \/ Yoast SEO plugin. -->","yoast_head_json":{"title":"D\u0131\u015fi\u015fleri Bakan\u0131 Ertu\u011frulo\u011flu\u2019ndan emekli olan Lakadamyal\u0131\u2019ya te\u015fekk\u00fcr plaketi - Kuzeyin Sesi","robots":{"index":"index","follow":"follow","max-snippet":"max-snippet:-1","max-image-preview":"max-image-preview:large","max-video-preview":"max-video-preview:-1"},"canonical":"https:\/\/kuzeyinsesi.org\/index.php\/2026\/04\/30\/disisleri-bakani-ertugruloglundan-emekli-olan-lakadamyaliya-tesekkur-plaketi\/","og_locale":"tr_TR","og_type":"article","og_title":"D\u0131\u015fi\u015fleri Bakan\u0131 Ertu\u011frulo\u011flu\u2019ndan emekli olan Lakadamyal\u0131\u2019ya te\u015fekk\u00fcr plaketi - Kuzeyin Sesi","og_description":"D\u0131\u015fi\u015fleri Bakan\u0131 Tahsin Ertu\u011frulo\u011flu, emekli olan Bakanl\u0131k M\u00fcste\u015far\u0131 Mustafa Lakadamyal\u0131\u2019ya hizmetlerinden dolay\u0131 te\u015fekk\u00fcr plaketi verdi. Mustafa Lakadamyal\u0131 i\u00e7in, son i\u015f g\u00fcn\u00fc olan bug\u00fcn personelin de kat\u0131l\u0131m\u0131yla D\u0131\u015fi\u015fleri Bakanl\u0131\u011f\u0131&#8217;nda t\u00f6ren d\u00fczenlendi. &nbsp; Ertu\u011frulo\u011flu D\u0131\u015fi\u015fleri Bakan\u0131 Tahsin Ertu\u011frulo\u011flu, Lakadamyal\u0131\u2019n\u0131n D\u0131\u015fi\u015fleri Bakanl\u0131\u011f\u0131 b\u00fcnyesinde 33 y\u0131ldan fazla farkl\u0131 kademlerde ba\u015far\u0131yla g\u00f6rev yapt\u0131\u011f\u0131n\u0131 belirtti. Lakadamyal\u0131\u2019n\u0131n KKTC ve K\u0131br\u0131s T\u00fcrk halk\u0131n\u0131n [&hellip;]","og_url":"https:\/\/kuzeyinsesi.org\/index.php\/2026\/04\/30\/disisleri-bakani-ertugruloglundan-emekli-olan-lakadamyaliya-tesekkur-plaketi\/","og_site_name":"Kuzeyin Sesi","article_publisher":"https:\/\/www.facebook.com\/kuzeyinsesii","article_published_time":"2026-04-30T16:48:55+00:00","author":"Kuzeyin Sesi","twitter_card":"summary_large_image","twitter_creator":"@kuzeyinsesii","twitter_site":"@kuzeyinsesii","twitter_misc":{"Yazan:":"Kuzeyin Sesi","Tahmini okuma s\u00fcresi":"1 dakika"},"schema":{"@context":"https:\/\/schema.org","@graph":[{"@type":"Article","@id":"https:\/\/kuzeyinsesi.org\/index.php\/2026\/04\/30\/disisleri-bakani-ertugruloglundan-emekli-olan-lakadamyaliya-tesekkur-plaketi\/#article","isPartOf":{"@id":"https:\/\/kuzeyinsesi.org\/index.php\/2026\/04\/30\/disisleri-bakani-ertugruloglundan-emekli-olan-lakadamyaliya-tesekkur-plaketi\/"},"author":{"name":"Kuzeyin Sesi","@id":"https:\/\/kuzeyinsesi.org\/#\/schema\/person\/9f859689cdf01485597712386e37f5aa"},"headline":"D\u0131\u015fi\u015fleri Bakan\u0131 Ertu\u011frulo\u011flu\u2019ndan emekli olan Lakadamyal\u0131\u2019ya te\u015fekk\u00fcr plaketi","datePublished":"2026-04-30T16:48:55+00:00","mainEntityOfPage":{"@id":"https:\/\/kuzeyinsesi.org\/index.php\/2026\/04\/30\/disisleri-bakani-ertugruloglundan-emekli-olan-lakadamyaliya-tesekkur-plaketi\/"},"wordCount":207,"commentCount":0,"image":{"@id":"https:\/\/kuzeyinsesi.org\/index.php\/2026\/04\/30\/disisleri-bakani-ertugruloglundan-emekli-olan-lakadamyaliya-tesekkur-plaketi\/#primaryimage"},"thumbnailUrl":"https:\/\/kuzeyinsesi.org\/wp-content\/uploads\/2026\/04\/nrege-e1777567645291.jpeg","articleSection":["K\u0131br\u0131s"],"inLanguage":"tr","potentialAction":[{"@type":"CommentAction","name":"Comment","target":["https:\/\/kuzeyinsesi.org\/index.php\/2026\/04\/30\/disisleri-bakani-ertugruloglundan-emekli-olan-lakadamyaliya-tesekkur-plaketi\/#respond"]}]},{"@type":"WebPage","@id":"https:\/\/kuzeyinsesi.org\/index.php\/2026\/04\/30\/disisleri-bakani-ertugruloglundan-emekli-olan-lakadamyaliya-tesekkur-plaketi\/","url":"https:\/\/kuzeyinsesi.org\/index.php\/2026\/04\/30\/disisleri-bakani-ertugruloglundan-emekli-olan-lakadamyaliya-tesekkur-plaketi\/","name":"D\u0131\u015fi\u015fleri Bakan\u0131 Ertu\u011frulo\u011flu\u2019ndan emekli olan Lakadamyal\u0131\u2019ya te\u015fekk\u00fcr plaketi - Kuzeyin Sesi","isPartOf":{"@id":"https:\/\/kuzeyinsesi.org\/#website"},"primaryImageOfPage":{"@id":"https:\/\/kuzeyinsesi.org\/index.php\/2026\/04\/30\/disisleri-bakani-ertugruloglundan-emekli-olan-lakadamyaliya-tesekkur-plaketi\/#primaryimage"},"image":{"@id":"https:\/\/kuzeyinsesi.org\/index.php\/2026\/04\/30\/disisleri-bakani-ertugruloglundan-emekli-olan-lakadamyaliya-tesekkur-plaketi\/#primaryimage"},"thumbnailUrl":"https:\/\/kuzeyinsesi.org\/wp-content\/uploads\/2026\/04\/nrege-e1777567645291.jpeg","datePublished":"2026-04-30T16:48:55+00:00","author":{"@id":"https:\/\/kuzeyinsesi.org\/#\/schema\/person\/9f859689cdf01485597712386e37f5aa"},"breadcrumb":{"@id":"https:\/\/kuzeyinsesi.org\/index.php\/2026\/04\/30\/disisleri-bakani-ertugruloglundan-emekli-olan-lakadamyaliya-tesekkur-plaketi\/#breadcrumb"},"inLanguage":"tr","potentialAction":[{"@type":"ReadAction","target":["https:\/\/kuzeyinsesi.org\/index.php\/2026\/04\/30\/disisleri-bakani-ertugruloglundan-emekli-olan-lakadamyaliya-tesekkur-plaketi\/"]}]},{"@type":"ImageObject","inLanguage":"tr","@id":"https:\/\/kuzeyinsesi.org\/index.php\/2026\/04\/30\/disisleri-bakani-ertugruloglundan-emekli-olan-lakadamyaliya-tesekkur-plaketi\/#primaryimage","url":"https:\/\/kuzeyinsesi.org\/wp-content\/uploads\/2026\/04\/nrege-e1777567645291.jpeg","contentUrl":"https:\/\/kuzeyinsesi.org\/wp-content\/uploads\/2026\/04\/nrege-e1777567645291.jpeg","width":1600,"height":925},{"@type":"BreadcrumbList","@id":"https:\/\/kuzeyinsesi.org\/index.php\/2026\/04\/30\/disisleri-bakani-ertugruloglundan-emekli-olan-lakadamyaliya-tesekkur-plaketi\/#breadcrumb","itemListElement":[{"@type":"ListItem","position":1,"name":"Anasayfa","item":"https:\/\/kuzeyinsesi.org\/"},{"@type":"ListItem","position":2,"name":"D\u0131\u015fi\u015fleri Bakan\u0131 Ertu\u011frulo\u011flu\u2019ndan emekli olan Lakadamyal\u0131\u2019ya te\u015fekk\u00fcr plaketi"}]},{"@type":"WebSite","@id":"https:\/\/kuzeyinsesi.org\/#website","url":"https:\/\/kuzeyinsesi.org\/","name":"Kuzeyin Sesi","description":"Do\u011fru Haberin Adresi","potentialAction":[{"@type":"SearchAction","target":{"@type":"EntryPoint","urlTemplate":"https:\/\/kuzeyinsesi.org\/?s={search_term_string}"},"query-input":{"@type":"PropertyValueSpecification","valueRequired":true,"valueName":"search_term_string"}}],"inLanguage":"tr"},{"@type":"Person","@id":"https:\/\/kuzeyinsesi.org\/#\/schema\/person\/9f859689cdf01485597712386e37f5aa","name":"Kuzeyin Sesi","image":{"@type":"ImageObject","inLanguage":"tr","@id":"https:\/\/secure.gravatar.com\/avatar\/bab33852abfd8b282518d6ed81826833d77c3c882d9ab608add591ccace47a44?s=96&d=mm&r=g","url":"https:\/\/secure.gravatar.com\/avatar\/bab33852abfd8b282518d6ed81826833d77c3c882d9ab608add591ccace47a44?s=96&d=mm&r=g","contentUrl":"https:\/\/secure.gravatar.com\/avatar\/bab33852abfd8b282518d6ed81826833d77c3c882d9ab608add591ccace47a44?s=96&d=mm&r=g","caption":"Kuzeyin Sesi"},"sameAs":["https:\/\/kuzeyinsesi.org"],"url":"https:\/\/kuzeyinsesi.org\/index.php\/author\/guven\/"}]}},"_links":{"self":[{"href":"https:\/\/kuzeyinsesi.org\/index.php\/wp-json\/wp\/v2\/posts\/37763","targetHints":{"allow":["GET"]}}],"collection":[{"href":"https:\/\/kuzeyinsesi.org\/index.php\/wp-json\/wp\/v2\/posts"}],"about":[{"href":"https:\/\/kuzeyinsesi.org\/index.php\/wp-json\/wp\/v2\/types\/post"}],"author":[{"embeddable":true,"href":"https:\/\/kuzeyinsesi.org\/index.php\/wp-json\/wp\/v2\/users\/1"}],"replies":[{"embeddable":true,"href":"https:\/\/kuzeyinsesi.org\/index.php\/wp-json\/wp\/v2\/comments?post=37763"}],"version-history":[{"count":0,"href":"https:\/\/kuzeyinsesi.org\/index.php\/wp-json\/wp\/v2\/posts\/37763\/revisions"}],"wp:featuredmedia":[{"embeddable":true,"href":"https:\/\/kuzeyinsesi.org\/index.php\/wp-json\/wp\/v2\/media\/37764"}],"wp:attachment":[{"href":"https:\/\/kuzeyinsesi.org\/index.php\/wp-json\/wp\/v2\/media?parent=37763"}],"wp:term":[{"taxonomy":"category","embeddable":true,"href":"https:\/\/kuzeyinsesi.org\/index.php\/wp-json\/wp\/v2\/categories?post=37763"},{"taxonomy":"post_tag","embeddable":true,"href":"https:\/\/kuzeyinsesi.org\/index.php\/wp-json\/wp\/v2\/tags?post=37763"}],"curies":[{"name":"wp","href":"https:\/\/api.w.org\/{rel}","templated":true}]}}