{"id":3776,"date":"2024-05-30T21:56:04","date_gmt":"2024-05-30T18:56:04","guid":{"rendered":"https:\/\/kuzeyinsesi.com\/index.php\/2024\/05\/30\/daunun-odullu-belgeseli-cmc-dau-iletisim-fakultesinde-gosterildi\/"},"modified":"2024-05-30T21:56:04","modified_gmt":"2024-05-30T18:56:04","slug":"daunun-odullu-belgeseli-cmc-dau-iletisim-fakultesinde-gosterildi","status":"publish","type":"post","link":"https:\/\/kuzeyinsesi.org\/index.php\/2024\/05\/30\/daunun-odullu-belgeseli-cmc-dau-iletisim-fakultesinde-gosterildi\/","title":{"rendered":"DA\u00dc\u2019n\u00fcn \u00f6d\u00fcll\u00fc belgeseli CMC, DA\u00dc \u0130leti\u015fim Fak\u00fcltesi\u2019nde g\u00f6sterildi"},"content":{"rendered":"<div>\n<div class=\"mariselle-image-container center\">\n                                            <\/div>\n<p>\nDo\u011fu Akdeniz \u00dcniversitesi (DA\u00dc) \u0130leti\u015fim Fak\u00fcltesi Yeni Medya ve Gazetecilik B\u00f6l\u00fcm\u00fc \u00f6nderli\u011finde haz\u0131rlanan ve ilk g\u00f6sterimi Lefke\u2019de yap\u0131lan \u00f6d\u00fcll\u00fc belgesel \u201cCMC Maden At\u0131klar\u0131\u201d, DA\u00dc \u0130leti\u015fim Fak\u00fcltesi Mor Salon\u2019da izleyiciyle bulu\u015ftu.<\/p>\n<p>DA\u00dc\u2019den yap\u0131lan a\u00e7\u0131klamaya g\u00f6re g\u00f6sterimin, belgeselde de yer alan ve ge\u00e7ti\u011fimiz aylarda hayat\u0131n\u0131 kaybeden CMC eski maden i\u015f\u00e7isi H\u00fcseyin Tireme\u015feli\u2019n\u0131n an\u0131s\u0131na atfedildi\u011fi kaydedildi.<\/p>\n<p>A\u00e7\u0131klamada, yap\u0131m\u0131n y\u00f6netmenli\u011fi DA\u00dc Sinema-TV B\u00f6l\u00fcm\u00fc mezunu Sad\u0131k Tevfik Kayrak\u00e7\u0131 ve edit\u00f6rl\u00fc\u011f\u00fc ise DA\u00dc Yeni Medya ve Gazetecilik B\u00f6l\u00fcm\u00fc \u00f6\u011frencisi Melisa Sant\u00fcrk taraf\u0131ndan yap\u0131ld\u0131\u011f\u0131 belirtildi.<\/p>\n<p>Organizasyonda DA\u00dc \u00d6\u011frenci \u0130\u015flerinden Sorumlu Rekt\u00f6r Yard\u0131mc\u0131s\u0131 Prof. Dr. Sonu\u00e7 Zorlu, \u0130leti\u015fim Fak\u00fcltesi Dekan\u0131 Prof. Dr. Metin Ersoy, Yeni Medya ve Gazetecilik B\u00f6l\u00fcm Ba\u015fkan\u0131 Prof. Dr. Hanife Aliefendio\u011flu ve merhum Tireme\u015feli\u2019nin k\u0131z\u0131 Jale Tireme\u015feli ile aile \u00fcyeleri de yer ald\u0131.<\/p>\n<\/p><\/div>\n<p><script async\n                    defer\n                    crossorigin=\"anonymous\"\n                    src=\"https:\/\/connect.facebook.net\/tr_TR\/sdk.js#xfbml=1&#038;version=v3.3\"\n            ><\/script><\/p>\n","protected":false},"excerpt":{"rendered":"<p>Do\u011fu Akdeniz \u00dcniversitesi (DA\u00dc) \u0130leti\u015fim Fak\u00fcltesi Yeni Medya ve Gazetecilik B\u00f6l\u00fcm\u00fc \u00f6nderli\u011finde haz\u0131rlanan ve ilk g\u00f6sterimi Lefke\u2019de yap\u0131lan \u00f6d\u00fcll\u00fc belgesel \u201cCMC Maden At\u0131klar\u0131\u201d, DA\u00dc \u0130leti\u015fim Fak\u00fcltesi Mor Salon\u2019da izleyiciyle bulu\u015ftu. DA\u00dc\u2019den yap\u0131lan a\u00e7\u0131klamaya g\u00f6re g\u00f6sterimin, belgeselde de yer alan ve ge\u00e7ti\u011fimiz aylarda hayat\u0131n\u0131 kaybeden CMC eski maden i\u015f\u00e7isi H\u00fcseyin Tireme\u015feli\u2019n\u0131n an\u0131s\u0131na atfedildi\u011fi kaydedildi. A\u00e7\u0131klamada, yap\u0131m\u0131n [&hellip;]<\/p>\n","protected":false},"author":1,"featured_media":3777,"comment_status":"open","ping_status":"open","sticky":false,"template":"","format":"standard","meta":{"jnews-multi-image_gallery":[],"jnews_single_post":[],"jnews_primary_category":[],"jnews_social_meta":[],"jnews_override_counter":[],"footnotes":""},"categories":[6],"tags":[],"class_list":["post-3776","post","type-post","status-publish","format-standard","has-post-thumbnail","hentry","category-yasam"],"yoast_head":"<!-- This site is optimized with the Yoast SEO plugin v27.5 - https:\/\/yoast.com\/product\/yoast-seo-wordpress\/ -->\n<title>DA\u00dc\u2019n\u00fcn \u00f6d\u00fcll\u00fc belgeseli CMC, DA\u00dc \u0130leti\u015fim Fak\u00fcltesi\u2019nde g\u00f6sterildi - Kuzeyin Sesi<\/title>\n<meta name=\"robots\" content=\"index, follow, max-snippet:-1, max-image-preview:large, max-video-preview:-1\" \/>\n<link rel=\"canonical\" href=\"https:\/\/kuzeyinsesi.org\/index.php\/2024\/05\/30\/daunun-odullu-belgeseli-cmc-dau-iletisim-fakultesinde-gosterildi\/\" \/>\n<meta property=\"og:locale\" content=\"tr_TR\" \/>\n<meta property=\"og:type\" content=\"article\" \/>\n<meta property=\"og:title\" content=\"DA\u00dc\u2019n\u00fcn \u00f6d\u00fcll\u00fc belgeseli CMC, DA\u00dc \u0130leti\u015fim Fak\u00fcltesi\u2019nde g\u00f6sterildi - Kuzeyin Sesi\" \/>\n<meta property=\"og:description\" content=\"Do\u011fu Akdeniz \u00dcniversitesi (DA\u00dc) \u0130leti\u015fim Fak\u00fcltesi Yeni Medya ve Gazetecilik B\u00f6l\u00fcm\u00fc \u00f6nderli\u011finde haz\u0131rlanan ve ilk g\u00f6sterimi Lefke\u2019de yap\u0131lan \u00f6d\u00fcll\u00fc belgesel \u201cCMC Maden At\u0131klar\u0131\u201d, DA\u00dc \u0130leti\u015fim Fak\u00fcltesi Mor Salon\u2019da izleyiciyle bulu\u015ftu. DA\u00dc\u2019den yap\u0131lan a\u00e7\u0131klamaya g\u00f6re g\u00f6sterimin, belgeselde de yer alan ve ge\u00e7ti\u011fimiz aylarda hayat\u0131n\u0131 kaybeden CMC eski maden i\u015f\u00e7isi H\u00fcseyin Tireme\u015feli\u2019n\u0131n an\u0131s\u0131na atfedildi\u011fi kaydedildi. A\u00e7\u0131klamada, yap\u0131m\u0131n [&hellip;]\" \/>\n<meta property=\"og:url\" content=\"https:\/\/kuzeyinsesi.org\/index.php\/2024\/05\/30\/daunun-odullu-belgeseli-cmc-dau-iletisim-fakultesinde-gosterildi\/\" \/>\n<meta property=\"og:site_name\" content=\"Kuzeyin Sesi\" \/>\n<meta property=\"article:publisher\" content=\"https:\/\/www.facebook.com\/kuzeyinsesii\" \/>\n<meta property=\"article:published_time\" content=\"2024-05-30T18:56:04+00:00\" \/>\n<meta property=\"og:image\" content=\"https:\/\/kuzeyinsesi.org\/wp-content\/uploads\/2024\/05\/daude-cmc-belgeseli-2-.jpg\" \/>\n\t<meta property=\"og:image:width\" content=\"1800\" \/>\n\t<meta property=\"og:image:height\" content=\"1200\" \/>\n\t<meta property=\"og:image:type\" content=\"image\/jpeg\" \/>\n<meta name=\"author\" content=\"Kuzeyin Sesi\" \/>\n<meta name=\"twitter:card\" content=\"summary_large_image\" \/>\n<meta name=\"twitter:creator\" content=\"@kuzeyinsesii\" \/>\n<meta name=\"twitter:site\" content=\"@kuzeyinsesii\" \/>\n<meta name=\"twitter:label1\" content=\"Yazan:\" \/>\n\t<meta name=\"twitter:data1\" content=\"Kuzeyin Sesi\" \/>\n\t<meta name=\"twitter:label2\" content=\"Tahmini okuma s\u00fcresi\" \/>\n\t<meta name=\"twitter:data2\" content=\"1 dakika\" \/>\n<script type=\"application\/ld+json\" class=\"yoast-schema-graph\">{\"@context\":\"https:\\\/\\\/schema.org\",\"@graph\":[{\"@type\":\"Article\",\"@id\":\"https:\\\/\\\/kuzeyinsesi.org\\\/index.php\\\/2024\\\/05\\\/30\\\/daunun-odullu-belgeseli-cmc-dau-iletisim-fakultesinde-gosterildi\\\/#article\",\"isPartOf\":{\"@id\":\"https:\\\/\\\/kuzeyinsesi.org\\\/index.php\\\/2024\\\/05\\\/30\\\/daunun-odullu-belgeseli-cmc-dau-iletisim-fakultesinde-gosterildi\\\/\"},\"author\":{\"name\":\"Kuzeyin Sesi\",\"@id\":\"https:\\\/\\\/kuzeyinsesi.org\\\/#\\\/schema\\\/person\\\/9f859689cdf01485597712386e37f5aa\"},\"headline\":\"DA\u00dc\u2019n\u00fcn \u00f6d\u00fcll\u00fc belgeseli CMC, DA\u00dc \u0130leti\u015fim Fak\u00fcltesi\u2019nde g\u00f6sterildi\",\"datePublished\":\"2024-05-30T18:56:04+00:00\",\"mainEntityOfPage\":{\"@id\":\"https:\\\/\\\/kuzeyinsesi.org\\\/index.php\\\/2024\\\/05\\\/30\\\/daunun-odullu-belgeseli-cmc-dau-iletisim-fakultesinde-gosterildi\\\/\"},\"wordCount\":192,\"commentCount\":0,\"image\":{\"@id\":\"https:\\\/\\\/kuzeyinsesi.org\\\/index.php\\\/2024\\\/05\\\/30\\\/daunun-odullu-belgeseli-cmc-dau-iletisim-fakultesinde-gosterildi\\\/#primaryimage\"},\"thumbnailUrl\":\"https:\\\/\\\/kuzeyinsesi.org\\\/wp-content\\\/uploads\\\/2024\\\/05\\\/daude-cmc-belgeseli-2-.jpg\",\"articleSection\":[\"Ya\u015fam\"],\"inLanguage\":\"tr\",\"potentialAction\":[{\"@type\":\"CommentAction\",\"name\":\"Comment\",\"target\":[\"https:\\\/\\\/kuzeyinsesi.org\\\/index.php\\\/2024\\\/05\\\/30\\\/daunun-odullu-belgeseli-cmc-dau-iletisim-fakultesinde-gosterildi\\\/#respond\"]}]},{\"@type\":\"WebPage\",\"@id\":\"https:\\\/\\\/kuzeyinsesi.org\\\/index.php\\\/2024\\\/05\\\/30\\\/daunun-odullu-belgeseli-cmc-dau-iletisim-fakultesinde-gosterildi\\\/\",\"url\":\"https:\\\/\\\/kuzeyinsesi.org\\\/index.php\\\/2024\\\/05\\\/30\\\/daunun-odullu-belgeseli-cmc-dau-iletisim-fakultesinde-gosterildi\\\/\",\"name\":\"DA\u00dc\u2019n\u00fcn \u00f6d\u00fcll\u00fc belgeseli CMC, DA\u00dc \u0130leti\u015fim Fak\u00fcltesi\u2019nde g\u00f6sterildi - Kuzeyin Sesi\",\"isPartOf\":{\"@id\":\"https:\\\/\\\/kuzeyinsesi.org\\\/#website\"},\"primaryImageOfPage\":{\"@id\":\"https:\\\/\\\/kuzeyinsesi.org\\\/index.php\\\/2024\\\/05\\\/30\\\/daunun-odullu-belgeseli-cmc-dau-iletisim-fakultesinde-gosterildi\\\/#primaryimage\"},\"image\":{\"@id\":\"https:\\\/\\\/kuzeyinsesi.org\\\/index.php\\\/2024\\\/05\\\/30\\\/daunun-odullu-belgeseli-cmc-dau-iletisim-fakultesinde-gosterildi\\\/#primaryimage\"},\"thumbnailUrl\":\"https:\\\/\\\/kuzeyinsesi.org\\\/wp-content\\\/uploads\\\/2024\\\/05\\\/daude-cmc-belgeseli-2-.jpg\",\"datePublished\":\"2024-05-30T18:56:04+00:00\",\"author\":{\"@id\":\"https:\\\/\\\/kuzeyinsesi.org\\\/#\\\/schema\\\/person\\\/9f859689cdf01485597712386e37f5aa\"},\"breadcrumb\":{\"@id\":\"https:\\\/\\\/kuzeyinsesi.org\\\/index.php\\\/2024\\\/05\\\/30\\\/daunun-odullu-belgeseli-cmc-dau-iletisim-fakultesinde-gosterildi\\\/#breadcrumb\"},\"inLanguage\":\"tr\",\"potentialAction\":[{\"@type\":\"ReadAction\",\"target\":[\"https:\\\/\\\/kuzeyinsesi.org\\\/index.php\\\/2024\\\/05\\\/30\\\/daunun-odullu-belgeseli-cmc-dau-iletisim-fakultesinde-gosterildi\\\/\"]}]},{\"@type\":\"ImageObject\",\"inLanguage\":\"tr\",\"@id\":\"https:\\\/\\\/kuzeyinsesi.org\\\/index.php\\\/2024\\\/05\\\/30\\\/daunun-odullu-belgeseli-cmc-dau-iletisim-fakultesinde-gosterildi\\\/#primaryimage\",\"url\":\"https:\\\/\\\/kuzeyinsesi.org\\\/wp-content\\\/uploads\\\/2024\\\/05\\\/daude-cmc-belgeseli-2-.jpg\",\"contentUrl\":\"https:\\\/\\\/kuzeyinsesi.org\\\/wp-content\\\/uploads\\\/2024\\\/05\\\/daude-cmc-belgeseli-2-.jpg\",\"width\":1800,\"height\":1200},{\"@type\":\"BreadcrumbList\",\"@id\":\"https:\\\/\\\/kuzeyinsesi.org\\\/index.php\\\/2024\\\/05\\\/30\\\/daunun-odullu-belgeseli-cmc-dau-iletisim-fakultesinde-gosterildi\\\/#breadcrumb\",\"itemListElement\":[{\"@type\":\"ListItem\",\"position\":1,\"name\":\"Anasayfa\",\"item\":\"https:\\\/\\\/kuzeyinsesi.org\\\/\"},{\"@type\":\"ListItem\",\"position\":2,\"name\":\"DA\u00dc\u2019n\u00fcn \u00f6d\u00fcll\u00fc belgeseli CMC, DA\u00dc \u0130leti\u015fim Fak\u00fcltesi\u2019nde g\u00f6sterildi\"}]},{\"@type\":\"WebSite\",\"@id\":\"https:\\\/\\\/kuzeyinsesi.org\\\/#website\",\"url\":\"https:\\\/\\\/kuzeyinsesi.org\\\/\",\"name\":\"Kuzeyin Sesi\",\"description\":\"Do\u011fru Haberin Adresi\",\"potentialAction\":[{\"@type\":\"SearchAction\",\"target\":{\"@type\":\"EntryPoint\",\"urlTemplate\":\"https:\\\/\\\/kuzeyinsesi.org\\\/?s={search_term_string}\"},\"query-input\":{\"@type\":\"PropertyValueSpecification\",\"valueRequired\":true,\"valueName\":\"search_term_string\"}}],\"inLanguage\":\"tr\"},{\"@type\":\"Person\",\"@id\":\"https:\\\/\\\/kuzeyinsesi.org\\\/#\\\/schema\\\/person\\\/9f859689cdf01485597712386e37f5aa\",\"name\":\"Kuzeyin Sesi\",\"image\":{\"@type\":\"ImageObject\",\"inLanguage\":\"tr\",\"@id\":\"https:\\\/\\\/secure.gravatar.com\\\/avatar\\\/bab33852abfd8b282518d6ed81826833d77c3c882d9ab608add591ccace47a44?s=96&d=mm&r=g\",\"url\":\"https:\\\/\\\/secure.gravatar.com\\\/avatar\\\/bab33852abfd8b282518d6ed81826833d77c3c882d9ab608add591ccace47a44?s=96&d=mm&r=g\",\"contentUrl\":\"https:\\\/\\\/secure.gravatar.com\\\/avatar\\\/bab33852abfd8b282518d6ed81826833d77c3c882d9ab608add591ccace47a44?s=96&d=mm&r=g\",\"caption\":\"Kuzeyin Sesi\"},\"sameAs\":[\"https:\\\/\\\/kuzeyinsesi.org\"],\"url\":\"https:\\\/\\\/kuzeyinsesi.org\\\/index.php\\\/author\\\/guven\\\/\"}]}<\/script>\n<!-- \/ Yoast SEO plugin. -->","yoast_head_json":{"title":"DA\u00dc\u2019n\u00fcn \u00f6d\u00fcll\u00fc belgeseli CMC, DA\u00dc \u0130leti\u015fim Fak\u00fcltesi\u2019nde g\u00f6sterildi - Kuzeyin Sesi","robots":{"index":"index","follow":"follow","max-snippet":"max-snippet:-1","max-image-preview":"max-image-preview:large","max-video-preview":"max-video-preview:-1"},"canonical":"https:\/\/kuzeyinsesi.org\/index.php\/2024\/05\/30\/daunun-odullu-belgeseli-cmc-dau-iletisim-fakultesinde-gosterildi\/","og_locale":"tr_TR","og_type":"article","og_title":"DA\u00dc\u2019n\u00fcn \u00f6d\u00fcll\u00fc belgeseli CMC, DA\u00dc \u0130leti\u015fim Fak\u00fcltesi\u2019nde g\u00f6sterildi - Kuzeyin Sesi","og_description":"Do\u011fu Akdeniz \u00dcniversitesi (DA\u00dc) \u0130leti\u015fim Fak\u00fcltesi Yeni Medya ve Gazetecilik B\u00f6l\u00fcm\u00fc \u00f6nderli\u011finde haz\u0131rlanan ve ilk g\u00f6sterimi Lefke\u2019de yap\u0131lan \u00f6d\u00fcll\u00fc belgesel \u201cCMC Maden At\u0131klar\u0131\u201d, DA\u00dc \u0130leti\u015fim Fak\u00fcltesi Mor Salon\u2019da izleyiciyle bulu\u015ftu. DA\u00dc\u2019den yap\u0131lan a\u00e7\u0131klamaya g\u00f6re g\u00f6sterimin, belgeselde de yer alan ve ge\u00e7ti\u011fimiz aylarda hayat\u0131n\u0131 kaybeden CMC eski maden i\u015f\u00e7isi H\u00fcseyin Tireme\u015feli\u2019n\u0131n an\u0131s\u0131na atfedildi\u011fi kaydedildi. A\u00e7\u0131klamada, yap\u0131m\u0131n [&hellip;]","og_url":"https:\/\/kuzeyinsesi.org\/index.php\/2024\/05\/30\/daunun-odullu-belgeseli-cmc-dau-iletisim-fakultesinde-gosterildi\/","og_site_name":"Kuzeyin Sesi","article_publisher":"https:\/\/www.facebook.com\/kuzeyinsesii","article_published_time":"2024-05-30T18:56:04+00:00","og_image":[{"width":1800,"height":1200,"url":"https:\/\/kuzeyinsesi.org\/wp-content\/uploads\/2024\/05\/daude-cmc-belgeseli-2-.jpg","type":"image\/jpeg"}],"author":"Kuzeyin Sesi","twitter_card":"summary_large_image","twitter_creator":"@kuzeyinsesii","twitter_site":"@kuzeyinsesii","twitter_misc":{"Yazan:":"Kuzeyin Sesi","Tahmini okuma s\u00fcresi":"1 dakika"},"schema":{"@context":"https:\/\/schema.org","@graph":[{"@type":"Article","@id":"https:\/\/kuzeyinsesi.org\/index.php\/2024\/05\/30\/daunun-odullu-belgeseli-cmc-dau-iletisim-fakultesinde-gosterildi\/#article","isPartOf":{"@id":"https:\/\/kuzeyinsesi.org\/index.php\/2024\/05\/30\/daunun-odullu-belgeseli-cmc-dau-iletisim-fakultesinde-gosterildi\/"},"author":{"name":"Kuzeyin Sesi","@id":"https:\/\/kuzeyinsesi.org\/#\/schema\/person\/9f859689cdf01485597712386e37f5aa"},"headline":"DA\u00dc\u2019n\u00fcn \u00f6d\u00fcll\u00fc belgeseli CMC, DA\u00dc \u0130leti\u015fim Fak\u00fcltesi\u2019nde g\u00f6sterildi","datePublished":"2024-05-30T18:56:04+00:00","mainEntityOfPage":{"@id":"https:\/\/kuzeyinsesi.org\/index.php\/2024\/05\/30\/daunun-odullu-belgeseli-cmc-dau-iletisim-fakultesinde-gosterildi\/"},"wordCount":192,"commentCount":0,"image":{"@id":"https:\/\/kuzeyinsesi.org\/index.php\/2024\/05\/30\/daunun-odullu-belgeseli-cmc-dau-iletisim-fakultesinde-gosterildi\/#primaryimage"},"thumbnailUrl":"https:\/\/kuzeyinsesi.org\/wp-content\/uploads\/2024\/05\/daude-cmc-belgeseli-2-.jpg","articleSection":["Ya\u015fam"],"inLanguage":"tr","potentialAction":[{"@type":"CommentAction","name":"Comment","target":["https:\/\/kuzeyinsesi.org\/index.php\/2024\/05\/30\/daunun-odullu-belgeseli-cmc-dau-iletisim-fakultesinde-gosterildi\/#respond"]}]},{"@type":"WebPage","@id":"https:\/\/kuzeyinsesi.org\/index.php\/2024\/05\/30\/daunun-odullu-belgeseli-cmc-dau-iletisim-fakultesinde-gosterildi\/","url":"https:\/\/kuzeyinsesi.org\/index.php\/2024\/05\/30\/daunun-odullu-belgeseli-cmc-dau-iletisim-fakultesinde-gosterildi\/","name":"DA\u00dc\u2019n\u00fcn \u00f6d\u00fcll\u00fc belgeseli CMC, DA\u00dc \u0130leti\u015fim Fak\u00fcltesi\u2019nde g\u00f6sterildi - Kuzeyin Sesi","isPartOf":{"@id":"https:\/\/kuzeyinsesi.org\/#website"},"primaryImageOfPage":{"@id":"https:\/\/kuzeyinsesi.org\/index.php\/2024\/05\/30\/daunun-odullu-belgeseli-cmc-dau-iletisim-fakultesinde-gosterildi\/#primaryimage"},"image":{"@id":"https:\/\/kuzeyinsesi.org\/index.php\/2024\/05\/30\/daunun-odullu-belgeseli-cmc-dau-iletisim-fakultesinde-gosterildi\/#primaryimage"},"thumbnailUrl":"https:\/\/kuzeyinsesi.org\/wp-content\/uploads\/2024\/05\/daude-cmc-belgeseli-2-.jpg","datePublished":"2024-05-30T18:56:04+00:00","author":{"@id":"https:\/\/kuzeyinsesi.org\/#\/schema\/person\/9f859689cdf01485597712386e37f5aa"},"breadcrumb":{"@id":"https:\/\/kuzeyinsesi.org\/index.php\/2024\/05\/30\/daunun-odullu-belgeseli-cmc-dau-iletisim-fakultesinde-gosterildi\/#breadcrumb"},"inLanguage":"tr","potentialAction":[{"@type":"ReadAction","target":["https:\/\/kuzeyinsesi.org\/index.php\/2024\/05\/30\/daunun-odullu-belgeseli-cmc-dau-iletisim-fakultesinde-gosterildi\/"]}]},{"@type":"ImageObject","inLanguage":"tr","@id":"https:\/\/kuzeyinsesi.org\/index.php\/2024\/05\/30\/daunun-odullu-belgeseli-cmc-dau-iletisim-fakultesinde-gosterildi\/#primaryimage","url":"https:\/\/kuzeyinsesi.org\/wp-content\/uploads\/2024\/05\/daude-cmc-belgeseli-2-.jpg","contentUrl":"https:\/\/kuzeyinsesi.org\/wp-content\/uploads\/2024\/05\/daude-cmc-belgeseli-2-.jpg","width":1800,"height":1200},{"@type":"BreadcrumbList","@id":"https:\/\/kuzeyinsesi.org\/index.php\/2024\/05\/30\/daunun-odullu-belgeseli-cmc-dau-iletisim-fakultesinde-gosterildi\/#breadcrumb","itemListElement":[{"@type":"ListItem","position":1,"name":"Anasayfa","item":"https:\/\/kuzeyinsesi.org\/"},{"@type":"ListItem","position":2,"name":"DA\u00dc\u2019n\u00fcn \u00f6d\u00fcll\u00fc belgeseli CMC, DA\u00dc \u0130leti\u015fim Fak\u00fcltesi\u2019nde g\u00f6sterildi"}]},{"@type":"WebSite","@id":"https:\/\/kuzeyinsesi.org\/#website","url":"https:\/\/kuzeyinsesi.org\/","name":"Kuzeyin Sesi","description":"Do\u011fru Haberin Adresi","potentialAction":[{"@type":"SearchAction","target":{"@type":"EntryPoint","urlTemplate":"https:\/\/kuzeyinsesi.org\/?s={search_term_string}"},"query-input":{"@type":"PropertyValueSpecification","valueRequired":true,"valueName":"search_term_string"}}],"inLanguage":"tr"},{"@type":"Person","@id":"https:\/\/kuzeyinsesi.org\/#\/schema\/person\/9f859689cdf01485597712386e37f5aa","name":"Kuzeyin Sesi","image":{"@type":"ImageObject","inLanguage":"tr","@id":"https:\/\/secure.gravatar.com\/avatar\/bab33852abfd8b282518d6ed81826833d77c3c882d9ab608add591ccace47a44?s=96&d=mm&r=g","url":"https:\/\/secure.gravatar.com\/avatar\/bab33852abfd8b282518d6ed81826833d77c3c882d9ab608add591ccace47a44?s=96&d=mm&r=g","contentUrl":"https:\/\/secure.gravatar.com\/avatar\/bab33852abfd8b282518d6ed81826833d77c3c882d9ab608add591ccace47a44?s=96&d=mm&r=g","caption":"Kuzeyin Sesi"},"sameAs":["https:\/\/kuzeyinsesi.org"],"url":"https:\/\/kuzeyinsesi.org\/index.php\/author\/guven\/"}]}},"_links":{"self":[{"href":"https:\/\/kuzeyinsesi.org\/index.php\/wp-json\/wp\/v2\/posts\/3776","targetHints":{"allow":["GET"]}}],"collection":[{"href":"https:\/\/kuzeyinsesi.org\/index.php\/wp-json\/wp\/v2\/posts"}],"about":[{"href":"https:\/\/kuzeyinsesi.org\/index.php\/wp-json\/wp\/v2\/types\/post"}],"author":[{"embeddable":true,"href":"https:\/\/kuzeyinsesi.org\/index.php\/wp-json\/wp\/v2\/users\/1"}],"replies":[{"embeddable":true,"href":"https:\/\/kuzeyinsesi.org\/index.php\/wp-json\/wp\/v2\/comments?post=3776"}],"version-history":[{"count":0,"href":"https:\/\/kuzeyinsesi.org\/index.php\/wp-json\/wp\/v2\/posts\/3776\/revisions"}],"wp:featuredmedia":[{"embeddable":true,"href":"https:\/\/kuzeyinsesi.org\/index.php\/wp-json\/wp\/v2\/media\/3777"}],"wp:attachment":[{"href":"https:\/\/kuzeyinsesi.org\/index.php\/wp-json\/wp\/v2\/media?parent=3776"}],"wp:term":[{"taxonomy":"category","embeddable":true,"href":"https:\/\/kuzeyinsesi.org\/index.php\/wp-json\/wp\/v2\/categories?post=3776"},{"taxonomy":"post_tag","embeddable":true,"href":"https:\/\/kuzeyinsesi.org\/index.php\/wp-json\/wp\/v2\/tags?post=3776"}],"curies":[{"name":"wp","href":"https:\/\/api.w.org\/{rel}","templated":true}]}}