{"id":37697,"date":"2026-04-30T11:04:33","date_gmt":"2026-04-30T08:04:33","guid":{"rendered":"https:\/\/kuzeyinsesi.org\/index.php\/2026\/04\/30\/pentagon-iran-savasinin-maliyeti-25-milyar-dolara-ulasti\/"},"modified":"2026-04-30T11:04:33","modified_gmt":"2026-04-30T08:04:33","slug":"pentagon-iran-savasinin-maliyeti-25-milyar-dolara-ulasti","status":"publish","type":"post","link":"https:\/\/kuzeyinsesi.org\/index.php\/2026\/04\/30\/pentagon-iran-savasinin-maliyeti-25-milyar-dolara-ulasti\/","title":{"rendered":"Pentagon: \u0130ran sava\u015f\u0131n\u0131n maliyeti 25 milyar dolara ula\u015ft\u0131"},"content":{"rendered":"<p><\/p>\n<div>\n<p>&#13;<br \/>\n\tABD\u2019nin \u0130ran\u2019a y\u00f6nelik askeri operasyonlar\u0131 ba\u015flad\u0131\u011f\u0131nda, maliyetin ilk alt\u0131 g\u00fcn i\u00e7inde 11,3 milyar dolara ula\u015ft\u0131\u011f\u0131 bildirilmi\u015fti.<\/p>\n<p>&#13;<br \/>\n\tSava\u015f\u0131n 60. g\u00fcn\u00fcne yakla\u015f\u0131lmas\u0131yla birlikte, 1973 <a href=\"https:\/\/www.trthaber.com\/etiket\/savas\/\" target=\"_blank\">Sava\u015f<\/a> Yetkileri Yasas\u0131 uyar\u0131nca Kongre&#8217;nin askeri g\u00fc\u00e7 kullan\u0131m\u0131 i\u00e7in onay verme veya reddetme s\u00fcreci g\u00fcndeme geldi.<\/p>\n<p>&#13;<br \/>\n\tPentagon, \u00e7at\u0131\u015fman\u0131n ba\u015f\u0131ndan bu yana Kongre\u2019ye resmi bir maliyet g\u00fcncellemesi sunmad\u0131\u011f\u0131 i\u00e7in ele\u015ftirilerin oda\u011f\u0131ndayd\u0131.<\/p>\n<p>&#13;<br \/>\n\t<a href=\"https:\/\/www.trthaber.com\/etiket\/pentagon\/\" target=\"_blank\">Pentagon<\/a> Denet\u00e7isi Jules Hurst, Temsilciler Meclisi Silahl\u0131 Hizmetler Komitesi&#8217;nde yapt\u0131\u011f\u0131 sunumda, 25 milyar dolarl\u0131k harcaman\u0131n b\u00fcy\u00fck k\u0131sm\u0131n\u0131n m\u00fchimmat giderlerinden olu\u015ftu\u011funu belirtti.<\/p>\n<p>&#13;<br \/>\n\tBu tutara operasyonel giderler, bak\u0131m \u00e7al\u0131\u015fmalar\u0131 ve ekipman de\u011fi\u015fimleri de dahil edildi. Hurst, harcamalar\u0131n mevcut <a href=\"https:\/\/www.trthaber.com\/etiket\/butce\/\" target=\"_blank\">b\u00fct\u00e7e<\/a> i\u00e7erisindeki &#8220;beklenmedik durum operasyonlar\u0131&#8221; fonlar\u0131ndan kar\u015f\u0131land\u0131\u011f\u0131n\u0131 ifade etti.<\/p>\n<p>&#13;<br \/>\n\tAncak baz\u0131 milletvekilleri, <a href=\"https:\/\/www.trthaber.com\/etiket\/vergi\/\" target=\"_blank\">vergi<\/a> m\u00fckelleflerinin paras\u0131n\u0131n tam olarak nerelere harcand\u0131\u011f\u0131na dair net bir d\u00f6k\u00fcm sunulmamas\u0131na tepki g\u00f6sterdi. Bu s\u0131rada H\u00fcrm\u00fcz Bo\u011faz\u0131&#8217;n\u0131n kapal\u0131 olmas\u0131 nedeniyle k\u00fcresel <a href=\"https:\/\/www.trthaber.com\/etiket\/petrol\/\" target=\"_blank\">petrol<\/a> fiyatlar\u0131ndaki y\u00fckseli\u015f ve ABD&#8217;deki <a href=\"https:\/\/www.trthaber.com\/etiket\/akaryakit\/\" target=\"_blank\">akaryak\u0131t<\/a> zamlar\u0131 da kamuoyu \u00fczerindeki bask\u0131y\u0131 art\u0131r\u0131yor.<\/p>\n<h2>&#13;<br \/>\n\tNe olacak?<\/h2>\n<p>&#13;<br \/>\n\tPentagon, sava\u015f\u0131n toplam maliyetine ili\u015fkin tam bir de\u011ferlendirme yap\u0131ld\u0131ktan sonra <a href=\"https:\/\/www.trthaber.com\/etiket\/beyaz-saray\/\" target=\"_blank\">Beyaz Saray<\/a> arac\u0131l\u0131\u011f\u0131yla Kongre\u2019den &#8220;ek finansman&#8221; (supplemental funding) talep etmeye haz\u0131rlan\u0131yor.<\/p>\n<p>&#13;<br \/>\n\tSava\u015f Yetkileri Yasas\u0131 gere\u011fi bu hafta dolacak olan 60 g\u00fcnl\u00fck s\u00fcrenin ard\u0131ndan, Ba\u015fkan Trump&#8217;\u0131n 30 g\u00fcnl\u00fck ek s\u00fcre istemesi veya Kongre&#8217;nin sava\u015f\u0131 resmen yetkilendirmek i\u00e7in oylama yapmas\u0131 gerekecek.<\/p>\n<p>&#13;<br \/>\n\tTemsilciler Meclisi&#8217;ndeki benzer bir giri\u015fim daha \u00f6nce tek bir oyla reddedilmi\u015fti; bu nedenle \u00f6n\u00fcm\u00fczdeki g\u00fcnlerde yap\u0131lacak oylamalar sava\u015f\u0131n hukuki ve <a href=\"https:\/\/www.trthaber.com\/etiket\/mali\/\" target=\"_blank\">mali<\/a> gelece\u011fini belirleyecek.<\/p>\n<\/p><\/div>\n","protected":false},"excerpt":{"rendered":"<p>&#13; ABD\u2019nin \u0130ran\u2019a y\u00f6nelik askeri operasyonlar\u0131 ba\u015flad\u0131\u011f\u0131nda, maliyetin ilk alt\u0131 g\u00fcn i\u00e7inde 11,3 milyar dolara ula\u015ft\u0131\u011f\u0131 bildirilmi\u015fti. &#13; Sava\u015f\u0131n 60. g\u00fcn\u00fcne yakla\u015f\u0131lmas\u0131yla birlikte, 1973 Sava\u015f Yetkileri Yasas\u0131 uyar\u0131nca Kongre&#8217;nin askeri g\u00fc\u00e7 kullan\u0131m\u0131 i\u00e7in onay verme veya reddetme s\u00fcreci g\u00fcndeme geldi. &#13; Pentagon, \u00e7at\u0131\u015fman\u0131n ba\u015f\u0131ndan bu yana Kongre\u2019ye resmi bir maliyet g\u00fcncellemesi sunmad\u0131\u011f\u0131 i\u00e7in ele\u015ftirilerin oda\u011f\u0131ndayd\u0131. [&hellip;]<\/p>\n","protected":false},"author":1,"featured_media":36803,"comment_status":"open","ping_status":"open","sticky":false,"template":"","format":"standard","meta":{"jnews-multi-image_gallery":[],"jnews_single_post":[],"jnews_primary_category":[],"jnews_social_meta":[],"jnews_override_counter":[],"footnotes":""},"categories":[2],"tags":[],"class_list":["post-37697","post","type-post","status-publish","format-standard","has-post-thumbnail","hentry","category-dunya"],"yoast_head":"<!-- This site is optimized with the Yoast SEO plugin v27.5 - https:\/\/yoast.com\/product\/yoast-seo-wordpress\/ -->\n<title>Pentagon: \u0130ran sava\u015f\u0131n\u0131n maliyeti 25 milyar dolara ula\u015ft\u0131 - Kuzeyin Sesi<\/title>\n<meta name=\"robots\" content=\"index, follow, max-snippet:-1, max-image-preview:large, max-video-preview:-1\" \/>\n<link rel=\"canonical\" href=\"https:\/\/kuzeyinsesi.org\/index.php\/2026\/04\/30\/pentagon-iran-savasinin-maliyeti-25-milyar-dolara-ulasti\/\" \/>\n<meta property=\"og:locale\" content=\"tr_TR\" \/>\n<meta property=\"og:type\" content=\"article\" \/>\n<meta property=\"og:title\" content=\"Pentagon: \u0130ran sava\u015f\u0131n\u0131n maliyeti 25 milyar dolara ula\u015ft\u0131 - Kuzeyin Sesi\" \/>\n<meta property=\"og:description\" content=\"&#013; ABD\u2019nin \u0130ran\u2019a y\u00f6nelik askeri operasyonlar\u0131 ba\u015flad\u0131\u011f\u0131nda, maliyetin ilk alt\u0131 g\u00fcn i\u00e7inde 11,3 milyar dolara ula\u015ft\u0131\u011f\u0131 bildirilmi\u015fti. &#013; Sava\u015f\u0131n 60. g\u00fcn\u00fcne yakla\u015f\u0131lmas\u0131yla birlikte, 1973 Sava\u015f Yetkileri Yasas\u0131 uyar\u0131nca Kongre&#8217;nin askeri g\u00fc\u00e7 kullan\u0131m\u0131 i\u00e7in onay verme veya reddetme s\u00fcreci g\u00fcndeme geldi. &#013; Pentagon, \u00e7at\u0131\u015fman\u0131n ba\u015f\u0131ndan bu yana Kongre\u2019ye resmi bir maliyet g\u00fcncellemesi sunmad\u0131\u011f\u0131 i\u00e7in ele\u015ftirilerin oda\u011f\u0131ndayd\u0131. [&hellip;]\" \/>\n<meta property=\"og:url\" content=\"https:\/\/kuzeyinsesi.org\/index.php\/2026\/04\/30\/pentagon-iran-savasinin-maliyeti-25-milyar-dolara-ulasti\/\" \/>\n<meta property=\"og:site_name\" content=\"Kuzeyin Sesi\" \/>\n<meta property=\"article:publisher\" content=\"https:\/\/www.facebook.com\/kuzeyinsesii\" \/>\n<meta property=\"article:published_time\" content=\"2026-04-30T08:04:33+00:00\" \/>\n<meta property=\"og:image\" content=\"https:\/\/trthaberstatic.cdn.wp.trt.com.tr\/resimler\/2454000\/abd-iran-2454862.jpg\" \/>\n<meta name=\"author\" content=\"Kuzeyin Sesi\" \/>\n<meta name=\"twitter:card\" content=\"summary_large_image\" \/>\n<meta name=\"twitter:creator\" content=\"@kuzeyinsesii\" \/>\n<meta name=\"twitter:site\" content=\"@kuzeyinsesii\" \/>\n<meta name=\"twitter:label1\" content=\"Yazan:\" \/>\n\t<meta name=\"twitter:data1\" content=\"Kuzeyin Sesi\" \/>\n\t<meta name=\"twitter:label2\" content=\"Tahmini okuma s\u00fcresi\" \/>\n\t<meta name=\"twitter:data2\" content=\"2 dakika\" \/>\n<script type=\"application\/ld+json\" class=\"yoast-schema-graph\">{\"@context\":\"https:\\\/\\\/schema.org\",\"@graph\":[{\"@type\":\"Article\",\"@id\":\"https:\\\/\\\/kuzeyinsesi.org\\\/index.php\\\/2026\\\/04\\\/30\\\/pentagon-iran-savasinin-maliyeti-25-milyar-dolara-ulasti\\\/#article\",\"isPartOf\":{\"@id\":\"https:\\\/\\\/kuzeyinsesi.org\\\/index.php\\\/2026\\\/04\\\/30\\\/pentagon-iran-savasinin-maliyeti-25-milyar-dolara-ulasti\\\/\"},\"author\":{\"name\":\"Kuzeyin Sesi\",\"@id\":\"https:\\\/\\\/kuzeyinsesi.org\\\/#\\\/schema\\\/person\\\/9f859689cdf01485597712386e37f5aa\"},\"headline\":\"Pentagon: \u0130ran sava\u015f\u0131n\u0131n maliyeti 25 milyar dolara ula\u015ft\u0131\",\"datePublished\":\"2026-04-30T08:04:33+00:00\",\"mainEntityOfPage\":{\"@id\":\"https:\\\/\\\/kuzeyinsesi.org\\\/index.php\\\/2026\\\/04\\\/30\\\/pentagon-iran-savasinin-maliyeti-25-milyar-dolara-ulasti\\\/\"},\"wordCount\":316,\"commentCount\":0,\"image\":{\"@id\":\"https:\\\/\\\/kuzeyinsesi.org\\\/index.php\\\/2026\\\/04\\\/30\\\/pentagon-iran-savasinin-maliyeti-25-milyar-dolara-ulasti\\\/#primaryimage\"},\"thumbnailUrl\":\"https:\\\/\\\/kuzeyinsesi.org\\\/wp-content\\\/uploads\\\/2026\\\/04\\\/abd-iran-2454862.jpg\",\"articleSection\":[\"D\u00fcnya\"],\"inLanguage\":\"tr\",\"potentialAction\":[{\"@type\":\"CommentAction\",\"name\":\"Comment\",\"target\":[\"https:\\\/\\\/kuzeyinsesi.org\\\/index.php\\\/2026\\\/04\\\/30\\\/pentagon-iran-savasinin-maliyeti-25-milyar-dolara-ulasti\\\/#respond\"]}]},{\"@type\":\"WebPage\",\"@id\":\"https:\\\/\\\/kuzeyinsesi.org\\\/index.php\\\/2026\\\/04\\\/30\\\/pentagon-iran-savasinin-maliyeti-25-milyar-dolara-ulasti\\\/\",\"url\":\"https:\\\/\\\/kuzeyinsesi.org\\\/index.php\\\/2026\\\/04\\\/30\\\/pentagon-iran-savasinin-maliyeti-25-milyar-dolara-ulasti\\\/\",\"name\":\"Pentagon: \u0130ran sava\u015f\u0131n\u0131n maliyeti 25 milyar dolara ula\u015ft\u0131 - Kuzeyin Sesi\",\"isPartOf\":{\"@id\":\"https:\\\/\\\/kuzeyinsesi.org\\\/#website\"},\"primaryImageOfPage\":{\"@id\":\"https:\\\/\\\/kuzeyinsesi.org\\\/index.php\\\/2026\\\/04\\\/30\\\/pentagon-iran-savasinin-maliyeti-25-milyar-dolara-ulasti\\\/#primaryimage\"},\"image\":{\"@id\":\"https:\\\/\\\/kuzeyinsesi.org\\\/index.php\\\/2026\\\/04\\\/30\\\/pentagon-iran-savasinin-maliyeti-25-milyar-dolara-ulasti\\\/#primaryimage\"},\"thumbnailUrl\":\"https:\\\/\\\/kuzeyinsesi.org\\\/wp-content\\\/uploads\\\/2026\\\/04\\\/abd-iran-2454862.jpg\",\"datePublished\":\"2026-04-30T08:04:33+00:00\",\"author\":{\"@id\":\"https:\\\/\\\/kuzeyinsesi.org\\\/#\\\/schema\\\/person\\\/9f859689cdf01485597712386e37f5aa\"},\"breadcrumb\":{\"@id\":\"https:\\\/\\\/kuzeyinsesi.org\\\/index.php\\\/2026\\\/04\\\/30\\\/pentagon-iran-savasinin-maliyeti-25-milyar-dolara-ulasti\\\/#breadcrumb\"},\"inLanguage\":\"tr\",\"potentialAction\":[{\"@type\":\"ReadAction\",\"target\":[\"https:\\\/\\\/kuzeyinsesi.org\\\/index.php\\\/2026\\\/04\\\/30\\\/pentagon-iran-savasinin-maliyeti-25-milyar-dolara-ulasti\\\/\"]}]},{\"@type\":\"ImageObject\",\"inLanguage\":\"tr\",\"@id\":\"https:\\\/\\\/kuzeyinsesi.org\\\/index.php\\\/2026\\\/04\\\/30\\\/pentagon-iran-savasinin-maliyeti-25-milyar-dolara-ulasti\\\/#primaryimage\",\"url\":\"https:\\\/\\\/kuzeyinsesi.org\\\/wp-content\\\/uploads\\\/2026\\\/04\\\/abd-iran-2454862.jpg\",\"contentUrl\":\"https:\\\/\\\/kuzeyinsesi.org\\\/wp-content\\\/uploads\\\/2026\\\/04\\\/abd-iran-2454862.jpg\",\"width\":1280,\"height\":720},{\"@type\":\"BreadcrumbList\",\"@id\":\"https:\\\/\\\/kuzeyinsesi.org\\\/index.php\\\/2026\\\/04\\\/30\\\/pentagon-iran-savasinin-maliyeti-25-milyar-dolara-ulasti\\\/#breadcrumb\",\"itemListElement\":[{\"@type\":\"ListItem\",\"position\":1,\"name\":\"Anasayfa\",\"item\":\"https:\\\/\\\/kuzeyinsesi.org\\\/\"},{\"@type\":\"ListItem\",\"position\":2,\"name\":\"Pentagon: \u0130ran sava\u015f\u0131n\u0131n maliyeti 25 milyar dolara ula\u015ft\u0131\"}]},{\"@type\":\"WebSite\",\"@id\":\"https:\\\/\\\/kuzeyinsesi.org\\\/#website\",\"url\":\"https:\\\/\\\/kuzeyinsesi.org\\\/\",\"name\":\"Kuzeyin Sesi\",\"description\":\"Do\u011fru Haberin Adresi\",\"potentialAction\":[{\"@type\":\"SearchAction\",\"target\":{\"@type\":\"EntryPoint\",\"urlTemplate\":\"https:\\\/\\\/kuzeyinsesi.org\\\/?s={search_term_string}\"},\"query-input\":{\"@type\":\"PropertyValueSpecification\",\"valueRequired\":true,\"valueName\":\"search_term_string\"}}],\"inLanguage\":\"tr\"},{\"@type\":\"Person\",\"@id\":\"https:\\\/\\\/kuzeyinsesi.org\\\/#\\\/schema\\\/person\\\/9f859689cdf01485597712386e37f5aa\",\"name\":\"Kuzeyin Sesi\",\"image\":{\"@type\":\"ImageObject\",\"inLanguage\":\"tr\",\"@id\":\"https:\\\/\\\/secure.gravatar.com\\\/avatar\\\/bab33852abfd8b282518d6ed81826833d77c3c882d9ab608add591ccace47a44?s=96&d=mm&r=g\",\"url\":\"https:\\\/\\\/secure.gravatar.com\\\/avatar\\\/bab33852abfd8b282518d6ed81826833d77c3c882d9ab608add591ccace47a44?s=96&d=mm&r=g\",\"contentUrl\":\"https:\\\/\\\/secure.gravatar.com\\\/avatar\\\/bab33852abfd8b282518d6ed81826833d77c3c882d9ab608add591ccace47a44?s=96&d=mm&r=g\",\"caption\":\"Kuzeyin Sesi\"},\"sameAs\":[\"https:\\\/\\\/kuzeyinsesi.org\"],\"url\":\"https:\\\/\\\/kuzeyinsesi.org\\\/index.php\\\/author\\\/guven\\\/\"}]}<\/script>\n<!-- \/ Yoast SEO plugin. -->","yoast_head_json":{"title":"Pentagon: \u0130ran sava\u015f\u0131n\u0131n maliyeti 25 milyar dolara ula\u015ft\u0131 - Kuzeyin Sesi","robots":{"index":"index","follow":"follow","max-snippet":"max-snippet:-1","max-image-preview":"max-image-preview:large","max-video-preview":"max-video-preview:-1"},"canonical":"https:\/\/kuzeyinsesi.org\/index.php\/2026\/04\/30\/pentagon-iran-savasinin-maliyeti-25-milyar-dolara-ulasti\/","og_locale":"tr_TR","og_type":"article","og_title":"Pentagon: \u0130ran sava\u015f\u0131n\u0131n maliyeti 25 milyar dolara ula\u015ft\u0131 - Kuzeyin Sesi","og_description":"&#13; ABD\u2019nin \u0130ran\u2019a y\u00f6nelik askeri operasyonlar\u0131 ba\u015flad\u0131\u011f\u0131nda, maliyetin ilk alt\u0131 g\u00fcn i\u00e7inde 11,3 milyar dolara ula\u015ft\u0131\u011f\u0131 bildirilmi\u015fti. &#13; Sava\u015f\u0131n 60. g\u00fcn\u00fcne yakla\u015f\u0131lmas\u0131yla birlikte, 1973 Sava\u015f Yetkileri Yasas\u0131 uyar\u0131nca Kongre&#8217;nin askeri g\u00fc\u00e7 kullan\u0131m\u0131 i\u00e7in onay verme veya reddetme s\u00fcreci g\u00fcndeme geldi. &#13; Pentagon, \u00e7at\u0131\u015fman\u0131n ba\u015f\u0131ndan bu yana Kongre\u2019ye resmi bir maliyet g\u00fcncellemesi sunmad\u0131\u011f\u0131 i\u00e7in ele\u015ftirilerin oda\u011f\u0131ndayd\u0131. [&hellip;]","og_url":"https:\/\/kuzeyinsesi.org\/index.php\/2026\/04\/30\/pentagon-iran-savasinin-maliyeti-25-milyar-dolara-ulasti\/","og_site_name":"Kuzeyin Sesi","article_publisher":"https:\/\/www.facebook.com\/kuzeyinsesii","article_published_time":"2026-04-30T08:04:33+00:00","og_image":[{"url":"https:\/\/trthaberstatic.cdn.wp.trt.com.tr\/resimler\/2454000\/abd-iran-2454862.jpg","type":"","width":"","height":""}],"author":"Kuzeyin Sesi","twitter_card":"summary_large_image","twitter_creator":"@kuzeyinsesii","twitter_site":"@kuzeyinsesii","twitter_misc":{"Yazan:":"Kuzeyin Sesi","Tahmini okuma s\u00fcresi":"2 dakika"},"schema":{"@context":"https:\/\/schema.org","@graph":[{"@type":"Article","@id":"https:\/\/kuzeyinsesi.org\/index.php\/2026\/04\/30\/pentagon-iran-savasinin-maliyeti-25-milyar-dolara-ulasti\/#article","isPartOf":{"@id":"https:\/\/kuzeyinsesi.org\/index.php\/2026\/04\/30\/pentagon-iran-savasinin-maliyeti-25-milyar-dolara-ulasti\/"},"author":{"name":"Kuzeyin Sesi","@id":"https:\/\/kuzeyinsesi.org\/#\/schema\/person\/9f859689cdf01485597712386e37f5aa"},"headline":"Pentagon: \u0130ran sava\u015f\u0131n\u0131n maliyeti 25 milyar dolara ula\u015ft\u0131","datePublished":"2026-04-30T08:04:33+00:00","mainEntityOfPage":{"@id":"https:\/\/kuzeyinsesi.org\/index.php\/2026\/04\/30\/pentagon-iran-savasinin-maliyeti-25-milyar-dolara-ulasti\/"},"wordCount":316,"commentCount":0,"image":{"@id":"https:\/\/kuzeyinsesi.org\/index.php\/2026\/04\/30\/pentagon-iran-savasinin-maliyeti-25-milyar-dolara-ulasti\/#primaryimage"},"thumbnailUrl":"https:\/\/kuzeyinsesi.org\/wp-content\/uploads\/2026\/04\/abd-iran-2454862.jpg","articleSection":["D\u00fcnya"],"inLanguage":"tr","potentialAction":[{"@type":"CommentAction","name":"Comment","target":["https:\/\/kuzeyinsesi.org\/index.php\/2026\/04\/30\/pentagon-iran-savasinin-maliyeti-25-milyar-dolara-ulasti\/#respond"]}]},{"@type":"WebPage","@id":"https:\/\/kuzeyinsesi.org\/index.php\/2026\/04\/30\/pentagon-iran-savasinin-maliyeti-25-milyar-dolara-ulasti\/","url":"https:\/\/kuzeyinsesi.org\/index.php\/2026\/04\/30\/pentagon-iran-savasinin-maliyeti-25-milyar-dolara-ulasti\/","name":"Pentagon: \u0130ran sava\u015f\u0131n\u0131n maliyeti 25 milyar dolara ula\u015ft\u0131 - Kuzeyin Sesi","isPartOf":{"@id":"https:\/\/kuzeyinsesi.org\/#website"},"primaryImageOfPage":{"@id":"https:\/\/kuzeyinsesi.org\/index.php\/2026\/04\/30\/pentagon-iran-savasinin-maliyeti-25-milyar-dolara-ulasti\/#primaryimage"},"image":{"@id":"https:\/\/kuzeyinsesi.org\/index.php\/2026\/04\/30\/pentagon-iran-savasinin-maliyeti-25-milyar-dolara-ulasti\/#primaryimage"},"thumbnailUrl":"https:\/\/kuzeyinsesi.org\/wp-content\/uploads\/2026\/04\/abd-iran-2454862.jpg","datePublished":"2026-04-30T08:04:33+00:00","author":{"@id":"https:\/\/kuzeyinsesi.org\/#\/schema\/person\/9f859689cdf01485597712386e37f5aa"},"breadcrumb":{"@id":"https:\/\/kuzeyinsesi.org\/index.php\/2026\/04\/30\/pentagon-iran-savasinin-maliyeti-25-milyar-dolara-ulasti\/#breadcrumb"},"inLanguage":"tr","potentialAction":[{"@type":"ReadAction","target":["https:\/\/kuzeyinsesi.org\/index.php\/2026\/04\/30\/pentagon-iran-savasinin-maliyeti-25-milyar-dolara-ulasti\/"]}]},{"@type":"ImageObject","inLanguage":"tr","@id":"https:\/\/kuzeyinsesi.org\/index.php\/2026\/04\/30\/pentagon-iran-savasinin-maliyeti-25-milyar-dolara-ulasti\/#primaryimage","url":"https:\/\/kuzeyinsesi.org\/wp-content\/uploads\/2026\/04\/abd-iran-2454862.jpg","contentUrl":"https:\/\/kuzeyinsesi.org\/wp-content\/uploads\/2026\/04\/abd-iran-2454862.jpg","width":1280,"height":720},{"@type":"BreadcrumbList","@id":"https:\/\/kuzeyinsesi.org\/index.php\/2026\/04\/30\/pentagon-iran-savasinin-maliyeti-25-milyar-dolara-ulasti\/#breadcrumb","itemListElement":[{"@type":"ListItem","position":1,"name":"Anasayfa","item":"https:\/\/kuzeyinsesi.org\/"},{"@type":"ListItem","position":2,"name":"Pentagon: \u0130ran sava\u015f\u0131n\u0131n maliyeti 25 milyar dolara ula\u015ft\u0131"}]},{"@type":"WebSite","@id":"https:\/\/kuzeyinsesi.org\/#website","url":"https:\/\/kuzeyinsesi.org\/","name":"Kuzeyin Sesi","description":"Do\u011fru Haberin Adresi","potentialAction":[{"@type":"SearchAction","target":{"@type":"EntryPoint","urlTemplate":"https:\/\/kuzeyinsesi.org\/?s={search_term_string}"},"query-input":{"@type":"PropertyValueSpecification","valueRequired":true,"valueName":"search_term_string"}}],"inLanguage":"tr"},{"@type":"Person","@id":"https:\/\/kuzeyinsesi.org\/#\/schema\/person\/9f859689cdf01485597712386e37f5aa","name":"Kuzeyin Sesi","image":{"@type":"ImageObject","inLanguage":"tr","@id":"https:\/\/secure.gravatar.com\/avatar\/bab33852abfd8b282518d6ed81826833d77c3c882d9ab608add591ccace47a44?s=96&d=mm&r=g","url":"https:\/\/secure.gravatar.com\/avatar\/bab33852abfd8b282518d6ed81826833d77c3c882d9ab608add591ccace47a44?s=96&d=mm&r=g","contentUrl":"https:\/\/secure.gravatar.com\/avatar\/bab33852abfd8b282518d6ed81826833d77c3c882d9ab608add591ccace47a44?s=96&d=mm&r=g","caption":"Kuzeyin Sesi"},"sameAs":["https:\/\/kuzeyinsesi.org"],"url":"https:\/\/kuzeyinsesi.org\/index.php\/author\/guven\/"}]}},"_links":{"self":[{"href":"https:\/\/kuzeyinsesi.org\/index.php\/wp-json\/wp\/v2\/posts\/37697","targetHints":{"allow":["GET"]}}],"collection":[{"href":"https:\/\/kuzeyinsesi.org\/index.php\/wp-json\/wp\/v2\/posts"}],"about":[{"href":"https:\/\/kuzeyinsesi.org\/index.php\/wp-json\/wp\/v2\/types\/post"}],"author":[{"embeddable":true,"href":"https:\/\/kuzeyinsesi.org\/index.php\/wp-json\/wp\/v2\/users\/1"}],"replies":[{"embeddable":true,"href":"https:\/\/kuzeyinsesi.org\/index.php\/wp-json\/wp\/v2\/comments?post=37697"}],"version-history":[{"count":0,"href":"https:\/\/kuzeyinsesi.org\/index.php\/wp-json\/wp\/v2\/posts\/37697\/revisions"}],"wp:featuredmedia":[{"embeddable":true,"href":"https:\/\/kuzeyinsesi.org\/index.php\/wp-json\/wp\/v2\/media\/36803"}],"wp:attachment":[{"href":"https:\/\/kuzeyinsesi.org\/index.php\/wp-json\/wp\/v2\/media?parent=37697"}],"wp:term":[{"taxonomy":"category","embeddable":true,"href":"https:\/\/kuzeyinsesi.org\/index.php\/wp-json\/wp\/v2\/categories?post=37697"},{"taxonomy":"post_tag","embeddable":true,"href":"https:\/\/kuzeyinsesi.org\/index.php\/wp-json\/wp\/v2\/tags?post=37697"}],"curies":[{"name":"wp","href":"https:\/\/api.w.org\/{rel}","templated":true}]}}