{"id":37695,"date":"2026-04-30T10:52:29","date_gmt":"2026-04-30T07:52:29","guid":{"rendered":"https:\/\/kuzeyinsesi.org\/index.php\/2026\/04\/30\/lefkosa-ilce-emniyet-kurulu-toplandi-2\/"},"modified":"2026-04-30T10:52:29","modified_gmt":"2026-04-30T07:52:29","slug":"lefkosa-ilce-emniyet-kurulu-toplandi-2","status":"publish","type":"post","link":"https:\/\/kuzeyinsesi.org\/index.php\/2026\/04\/30\/lefkosa-ilce-emniyet-kurulu-toplandi-2\/","title":{"rendered":"Lefko\u015fa \u0130l\u00e7e Emniyet Kurulu topland\u0131"},"content":{"rendered":"<p>Lefko\u015fa \u0130l\u00e7e Emniyet Kurulu, il\u00e7edeki genel g\u00fcvenlik, \u00e7evre d\u00fczeni ve kurumlar aras\u0131 koordinasyon konular\u0131n\u0131 de\u011ferlendirmek amac\u0131yla topland\u0131.<\/p>\n<p>Lefko\u015fa Kaymakaml\u0131\u011f\u0131\u2019ndan yap\u0131lan a\u00e7\u0131klamaya g\u00f6re, Sivil Savunma Te\u015fkilat\u0131 Ba\u015fkanl\u0131\u011f\u0131 Lefko\u015fa B\u00f6lge M\u00fcd\u00fcrl\u00fc\u011f\u00fc\u2019nde 28 Nisan\u2019da ger\u00e7ekle\u015ftirilen toplant\u0131, Lefko\u015fa Kaymakam\u0131 Cemal Kuyucu ba\u015fkanl\u0131\u011f\u0131nda yap\u0131ld\u0131. Toplant\u0131ya, G\u00fcvenlik Kuvvetleri Komutanl\u0131\u011f\u0131, Polis Genel M\u00fcd\u00fcrl\u00fc\u011f\u00fc ve Sivil Savunma Te\u015fkilat\u0131 ba\u015fta olmak \u00fczere, ilgili belediyeler ve kamu kurumlar\u0131n\u0131n temsilcileri kat\u0131ld\u0131.<\/p>\n<p>Toplant\u0131da, yang\u0131n riskine kar\u015f\u0131 al\u0131nacak \u00f6nlemler ele al\u0131n\u0131rken, bu kapsamda milli seferberlik ilan edilmesi, etkin bir ileti\u015fim a\u011f\u0131 kurulmas\u0131 ve yerel d\u00fczeyde koordinasyonun art\u0131r\u0131lmas\u0131n\u0131n \u00f6nemine dikkat \u00e7ekildi.<\/p>\n<p>\u0130l\u00e7ede risk ta\u015f\u0131yan b\u00f6lgelerin g\u00f6rseller e\u015fli\u011finde de\u011ferlendirildi\u011fi toplant\u0131da, ya\u011f\u0131\u015flar\u0131n etkisiyle otlar\u0131n yo\u011fun \u015fekilde artt\u0131\u011f\u0131 ve bunun risk olu\u015fturdu\u011fu belirtildi.<\/p>\n<p>Bu do\u011frultuda ba\u015flat\u0131lan temizlik \u00e7al\u0131\u015fmalar\u0131n\u0131n s\u00fcrd\u00fc\u011f\u00fc ancak hen\u00fcz tamamlanmad\u0131\u011f\u0131 kaydedilirken, G\u00fcng\u00f6r \u00e7\u00f6pl\u00fc\u011f\u00fcne giden yol \u00fczerindeki d\u00fczensiz \u00e7\u00f6p alanlar\u0131n\u0131n da \u00f6nemli bir tehlike olu\u015fturdu\u011fu ifade edildi.<\/p>\n<p><strong>Koordinasyon ve \u00f6nleyici tedbirler<\/strong><\/p>\n<p>Toplant\u0131da ayr\u0131ca, ormanl\u0131k alanlarda ralli gibi faaliyetlerin yap\u0131lmamas\u0131 ve bu alanlardaki \u00e7\u00f6plerin temizlenmesi gerekti\u011fi vurguland\u0131. Acil durumlarda h\u0131zl\u0131 m\u00fcdahale i\u00e7in \u201con-call\u201d ileti\u015fim sistemi kurulmas\u0131n\u0131n \u00f6nemine i\u015faret edilirken, \u00e7\u00f6p d\u00f6k\u00fclen alanlara ilgili t\u00fcm birimler taraf\u0131ndan \u00e7\u00f6z\u00fcm \u00fcretilmesi, g\u00f6rev alabilecek ki\u015filerin anl\u0131k mesajla\u015fma uygulamalar\u0131 \u00fczerinden bilgilendirilmesi ve muhtarlarla koordinasyonun g\u00fc\u00e7lendirilmesi \u00f6nerildi.<\/p>\n<p><strong>Olas\u0131 durumlarda ara\u00e7 ve personel deste\u011fi haz\u0131r<\/strong><\/p>\n<p>\u00c7evre kirlili\u011finin \u00f6nlenmesi amac\u0131yla cezai yapt\u0131r\u0131mlar\u0131n uygulanmas\u0131 ve kamera sistemleriyle denetimlerin art\u0131r\u0131lmas\u0131 gerekti\u011fi de belirtilen toplant\u0131da, t\u00fcm kurumlar\u0131n gerekli \u00e7al\u0131\u015fmalar\u0131 ba\u015flatt\u0131\u011f\u0131, olas\u0131 durumlarda kurumlar aras\u0131 i\u015f birli\u011fi \u00e7er\u00e7evesinde ara\u00e7 ve personel deste\u011fi sa\u011flanmas\u0131na haz\u0131r olundu\u011fu kaydedildi.<\/p>\n<p>Toplant\u0131da ayr\u0131ca, b\u00f6lgelerde su temin edilebilecek noktalar\u0131n belirlendi\u011fi ve bu say\u0131n\u0131n art\u0131r\u0131lmas\u0131na y\u00f6nelik \u00e7al\u0131\u015fmalar\u0131n s\u00fcrd\u00fc\u011f\u00fc ifade edildi.<\/p>\n","protected":false},"excerpt":{"rendered":"<p>Lefko\u015fa \u0130l\u00e7e Emniyet Kurulu, il\u00e7edeki genel g\u00fcvenlik, \u00e7evre d\u00fczeni ve kurumlar aras\u0131 koordinasyon konular\u0131n\u0131 de\u011ferlendirmek amac\u0131yla topland\u0131. Lefko\u015fa Kaymakaml\u0131\u011f\u0131\u2019ndan yap\u0131lan a\u00e7\u0131klamaya g\u00f6re, Sivil Savunma Te\u015fkilat\u0131 Ba\u015fkanl\u0131\u011f\u0131 Lefko\u015fa B\u00f6lge M\u00fcd\u00fcrl\u00fc\u011f\u00fc\u2019nde 28 Nisan\u2019da ger\u00e7ekle\u015ftirilen toplant\u0131, Lefko\u015fa Kaymakam\u0131 Cemal Kuyucu ba\u015fkanl\u0131\u011f\u0131nda yap\u0131ld\u0131. Toplant\u0131ya, G\u00fcvenlik Kuvvetleri Komutanl\u0131\u011f\u0131, Polis Genel M\u00fcd\u00fcrl\u00fc\u011f\u00fc ve Sivil Savunma Te\u015fkilat\u0131 ba\u015fta olmak \u00fczere, ilgili belediyeler [&hellip;]<\/p>\n","protected":false},"author":1,"featured_media":37696,"comment_status":"open","ping_status":"open","sticky":false,"template":"","format":"standard","meta":{"jnews-multi-image_gallery":[],"jnews_single_post":[],"jnews_primary_category":[],"jnews_social_meta":[],"jnews_override_counter":[],"footnotes":""},"categories":[1],"tags":[],"class_list":["post-37695","post","type-post","status-publish","format-standard","has-post-thumbnail","hentry","category-kibris"],"yoast_head":"<!-- This site is optimized with the Yoast SEO plugin v27.5 - https:\/\/yoast.com\/product\/yoast-seo-wordpress\/ -->\n<title>Lefko\u015fa \u0130l\u00e7e Emniyet Kurulu topland\u0131 - Kuzeyin Sesi<\/title>\n<meta name=\"robots\" content=\"index, follow, max-snippet:-1, max-image-preview:large, max-video-preview:-1\" \/>\n<link rel=\"canonical\" href=\"https:\/\/kuzeyinsesi.org\/index.php\/2026\/04\/30\/lefkosa-ilce-emniyet-kurulu-toplandi-2\/\" \/>\n<meta property=\"og:locale\" content=\"tr_TR\" \/>\n<meta property=\"og:type\" content=\"article\" \/>\n<meta property=\"og:title\" content=\"Lefko\u015fa \u0130l\u00e7e Emniyet Kurulu topland\u0131 - Kuzeyin Sesi\" \/>\n<meta property=\"og:description\" content=\"Lefko\u015fa \u0130l\u00e7e Emniyet Kurulu, il\u00e7edeki genel g\u00fcvenlik, \u00e7evre d\u00fczeni ve kurumlar aras\u0131 koordinasyon konular\u0131n\u0131 de\u011ferlendirmek amac\u0131yla topland\u0131. Lefko\u015fa Kaymakaml\u0131\u011f\u0131\u2019ndan yap\u0131lan a\u00e7\u0131klamaya g\u00f6re, Sivil Savunma Te\u015fkilat\u0131 Ba\u015fkanl\u0131\u011f\u0131 Lefko\u015fa B\u00f6lge M\u00fcd\u00fcrl\u00fc\u011f\u00fc\u2019nde 28 Nisan\u2019da ger\u00e7ekle\u015ftirilen toplant\u0131, Lefko\u015fa Kaymakam\u0131 Cemal Kuyucu ba\u015fkanl\u0131\u011f\u0131nda yap\u0131ld\u0131. Toplant\u0131ya, G\u00fcvenlik Kuvvetleri Komutanl\u0131\u011f\u0131, Polis Genel M\u00fcd\u00fcrl\u00fc\u011f\u00fc ve Sivil Savunma Te\u015fkilat\u0131 ba\u015fta olmak \u00fczere, ilgili belediyeler [&hellip;]\" \/>\n<meta property=\"og:url\" content=\"https:\/\/kuzeyinsesi.org\/index.php\/2026\/04\/30\/lefkosa-ilce-emniyet-kurulu-toplandi-2\/\" \/>\n<meta property=\"og:site_name\" content=\"Kuzeyin Sesi\" \/>\n<meta property=\"article:publisher\" content=\"https:\/\/www.facebook.com\/kuzeyinsesii\" \/>\n<meta property=\"article:published_time\" content=\"2026-04-30T07:52:29+00:00\" \/>\n<meta name=\"author\" content=\"Kuzeyin Sesi\" \/>\n<meta name=\"twitter:card\" content=\"summary_large_image\" \/>\n<meta name=\"twitter:creator\" content=\"@kuzeyinsesii\" \/>\n<meta name=\"twitter:site\" content=\"@kuzeyinsesii\" \/>\n<meta name=\"twitter:label1\" content=\"Yazan:\" \/>\n\t<meta name=\"twitter:data1\" content=\"Kuzeyin Sesi\" \/>\n\t<meta name=\"twitter:label2\" content=\"Tahmini okuma s\u00fcresi\" \/>\n\t<meta name=\"twitter:data2\" content=\"2 dakika\" \/>\n<script type=\"application\/ld+json\" class=\"yoast-schema-graph\">{\"@context\":\"https:\\\/\\\/schema.org\",\"@graph\":[{\"@type\":\"Article\",\"@id\":\"https:\\\/\\\/kuzeyinsesi.org\\\/index.php\\\/2026\\\/04\\\/30\\\/lefkosa-ilce-emniyet-kurulu-toplandi-2\\\/#article\",\"isPartOf\":{\"@id\":\"https:\\\/\\\/kuzeyinsesi.org\\\/index.php\\\/2026\\\/04\\\/30\\\/lefkosa-ilce-emniyet-kurulu-toplandi-2\\\/\"},\"author\":{\"name\":\"Kuzeyin Sesi\",\"@id\":\"https:\\\/\\\/kuzeyinsesi.org\\\/#\\\/schema\\\/person\\\/9f859689cdf01485597712386e37f5aa\"},\"headline\":\"Lefko\u015fa \u0130l\u00e7e Emniyet Kurulu topland\u0131\",\"datePublished\":\"2026-04-30T07:52:29+00:00\",\"mainEntityOfPage\":{\"@id\":\"https:\\\/\\\/kuzeyinsesi.org\\\/index.php\\\/2026\\\/04\\\/30\\\/lefkosa-ilce-emniyet-kurulu-toplandi-2\\\/\"},\"wordCount\":386,\"commentCount\":0,\"image\":{\"@id\":\"https:\\\/\\\/kuzeyinsesi.org\\\/index.php\\\/2026\\\/04\\\/30\\\/lefkosa-ilce-emniyet-kurulu-toplandi-2\\\/#primaryimage\"},\"thumbnailUrl\":\"https:\\\/\\\/kuzeyinsesi.org\\\/wp-content\\\/uploads\\\/2026\\\/04\\\/kaymakamlik-740x420-1.jpg\",\"articleSection\":[\"K\u0131br\u0131s\"],\"inLanguage\":\"tr\",\"potentialAction\":[{\"@type\":\"CommentAction\",\"name\":\"Comment\",\"target\":[\"https:\\\/\\\/kuzeyinsesi.org\\\/index.php\\\/2026\\\/04\\\/30\\\/lefkosa-ilce-emniyet-kurulu-toplandi-2\\\/#respond\"]}]},{\"@type\":\"WebPage\",\"@id\":\"https:\\\/\\\/kuzeyinsesi.org\\\/index.php\\\/2026\\\/04\\\/30\\\/lefkosa-ilce-emniyet-kurulu-toplandi-2\\\/\",\"url\":\"https:\\\/\\\/kuzeyinsesi.org\\\/index.php\\\/2026\\\/04\\\/30\\\/lefkosa-ilce-emniyet-kurulu-toplandi-2\\\/\",\"name\":\"Lefko\u015fa \u0130l\u00e7e Emniyet Kurulu topland\u0131 - Kuzeyin Sesi\",\"isPartOf\":{\"@id\":\"https:\\\/\\\/kuzeyinsesi.org\\\/#website\"},\"primaryImageOfPage\":{\"@id\":\"https:\\\/\\\/kuzeyinsesi.org\\\/index.php\\\/2026\\\/04\\\/30\\\/lefkosa-ilce-emniyet-kurulu-toplandi-2\\\/#primaryimage\"},\"image\":{\"@id\":\"https:\\\/\\\/kuzeyinsesi.org\\\/index.php\\\/2026\\\/04\\\/30\\\/lefkosa-ilce-emniyet-kurulu-toplandi-2\\\/#primaryimage\"},\"thumbnailUrl\":\"https:\\\/\\\/kuzeyinsesi.org\\\/wp-content\\\/uploads\\\/2026\\\/04\\\/kaymakamlik-740x420-1.jpg\",\"datePublished\":\"2026-04-30T07:52:29+00:00\",\"author\":{\"@id\":\"https:\\\/\\\/kuzeyinsesi.org\\\/#\\\/schema\\\/person\\\/9f859689cdf01485597712386e37f5aa\"},\"breadcrumb\":{\"@id\":\"https:\\\/\\\/kuzeyinsesi.org\\\/index.php\\\/2026\\\/04\\\/30\\\/lefkosa-ilce-emniyet-kurulu-toplandi-2\\\/#breadcrumb\"},\"inLanguage\":\"tr\",\"potentialAction\":[{\"@type\":\"ReadAction\",\"target\":[\"https:\\\/\\\/kuzeyinsesi.org\\\/index.php\\\/2026\\\/04\\\/30\\\/lefkosa-ilce-emniyet-kurulu-toplandi-2\\\/\"]}]},{\"@type\":\"ImageObject\",\"inLanguage\":\"tr\",\"@id\":\"https:\\\/\\\/kuzeyinsesi.org\\\/index.php\\\/2026\\\/04\\\/30\\\/lefkosa-ilce-emniyet-kurulu-toplandi-2\\\/#primaryimage\",\"url\":\"https:\\\/\\\/kuzeyinsesi.org\\\/wp-content\\\/uploads\\\/2026\\\/04\\\/kaymakamlik-740x420-1.jpg\",\"contentUrl\":\"https:\\\/\\\/kuzeyinsesi.org\\\/wp-content\\\/uploads\\\/2026\\\/04\\\/kaymakamlik-740x420-1.jpg\",\"width\":740,\"height\":420},{\"@type\":\"BreadcrumbList\",\"@id\":\"https:\\\/\\\/kuzeyinsesi.org\\\/index.php\\\/2026\\\/04\\\/30\\\/lefkosa-ilce-emniyet-kurulu-toplandi-2\\\/#breadcrumb\",\"itemListElement\":[{\"@type\":\"ListItem\",\"position\":1,\"name\":\"Anasayfa\",\"item\":\"https:\\\/\\\/kuzeyinsesi.org\\\/\"},{\"@type\":\"ListItem\",\"position\":2,\"name\":\"Lefko\u015fa \u0130l\u00e7e Emniyet Kurulu topland\u0131\"}]},{\"@type\":\"WebSite\",\"@id\":\"https:\\\/\\\/kuzeyinsesi.org\\\/#website\",\"url\":\"https:\\\/\\\/kuzeyinsesi.org\\\/\",\"name\":\"Kuzeyin Sesi\",\"description\":\"Do\u011fru Haberin Adresi\",\"potentialAction\":[{\"@type\":\"SearchAction\",\"target\":{\"@type\":\"EntryPoint\",\"urlTemplate\":\"https:\\\/\\\/kuzeyinsesi.org\\\/?s={search_term_string}\"},\"query-input\":{\"@type\":\"PropertyValueSpecification\",\"valueRequired\":true,\"valueName\":\"search_term_string\"}}],\"inLanguage\":\"tr\"},{\"@type\":\"Person\",\"@id\":\"https:\\\/\\\/kuzeyinsesi.org\\\/#\\\/schema\\\/person\\\/9f859689cdf01485597712386e37f5aa\",\"name\":\"Kuzeyin Sesi\",\"image\":{\"@type\":\"ImageObject\",\"inLanguage\":\"tr\",\"@id\":\"https:\\\/\\\/secure.gravatar.com\\\/avatar\\\/bab33852abfd8b282518d6ed81826833d77c3c882d9ab608add591ccace47a44?s=96&d=mm&r=g\",\"url\":\"https:\\\/\\\/secure.gravatar.com\\\/avatar\\\/bab33852abfd8b282518d6ed81826833d77c3c882d9ab608add591ccace47a44?s=96&d=mm&r=g\",\"contentUrl\":\"https:\\\/\\\/secure.gravatar.com\\\/avatar\\\/bab33852abfd8b282518d6ed81826833d77c3c882d9ab608add591ccace47a44?s=96&d=mm&r=g\",\"caption\":\"Kuzeyin Sesi\"},\"sameAs\":[\"https:\\\/\\\/kuzeyinsesi.org\"],\"url\":\"https:\\\/\\\/kuzeyinsesi.org\\\/index.php\\\/author\\\/guven\\\/\"}]}<\/script>\n<!-- \/ Yoast SEO plugin. -->","yoast_head_json":{"title":"Lefko\u015fa \u0130l\u00e7e Emniyet Kurulu topland\u0131 - Kuzeyin Sesi","robots":{"index":"index","follow":"follow","max-snippet":"max-snippet:-1","max-image-preview":"max-image-preview:large","max-video-preview":"max-video-preview:-1"},"canonical":"https:\/\/kuzeyinsesi.org\/index.php\/2026\/04\/30\/lefkosa-ilce-emniyet-kurulu-toplandi-2\/","og_locale":"tr_TR","og_type":"article","og_title":"Lefko\u015fa \u0130l\u00e7e Emniyet Kurulu topland\u0131 - Kuzeyin Sesi","og_description":"Lefko\u015fa \u0130l\u00e7e Emniyet Kurulu, il\u00e7edeki genel g\u00fcvenlik, \u00e7evre d\u00fczeni ve kurumlar aras\u0131 koordinasyon konular\u0131n\u0131 de\u011ferlendirmek amac\u0131yla topland\u0131. Lefko\u015fa Kaymakaml\u0131\u011f\u0131\u2019ndan yap\u0131lan a\u00e7\u0131klamaya g\u00f6re, Sivil Savunma Te\u015fkilat\u0131 Ba\u015fkanl\u0131\u011f\u0131 Lefko\u015fa B\u00f6lge M\u00fcd\u00fcrl\u00fc\u011f\u00fc\u2019nde 28 Nisan\u2019da ger\u00e7ekle\u015ftirilen toplant\u0131, Lefko\u015fa Kaymakam\u0131 Cemal Kuyucu ba\u015fkanl\u0131\u011f\u0131nda yap\u0131ld\u0131. Toplant\u0131ya, G\u00fcvenlik Kuvvetleri Komutanl\u0131\u011f\u0131, Polis Genel M\u00fcd\u00fcrl\u00fc\u011f\u00fc ve Sivil Savunma Te\u015fkilat\u0131 ba\u015fta olmak \u00fczere, ilgili belediyeler [&hellip;]","og_url":"https:\/\/kuzeyinsesi.org\/index.php\/2026\/04\/30\/lefkosa-ilce-emniyet-kurulu-toplandi-2\/","og_site_name":"Kuzeyin Sesi","article_publisher":"https:\/\/www.facebook.com\/kuzeyinsesii","article_published_time":"2026-04-30T07:52:29+00:00","author":"Kuzeyin Sesi","twitter_card":"summary_large_image","twitter_creator":"@kuzeyinsesii","twitter_site":"@kuzeyinsesii","twitter_misc":{"Yazan:":"Kuzeyin Sesi","Tahmini okuma s\u00fcresi":"2 dakika"},"schema":{"@context":"https:\/\/schema.org","@graph":[{"@type":"Article","@id":"https:\/\/kuzeyinsesi.org\/index.php\/2026\/04\/30\/lefkosa-ilce-emniyet-kurulu-toplandi-2\/#article","isPartOf":{"@id":"https:\/\/kuzeyinsesi.org\/index.php\/2026\/04\/30\/lefkosa-ilce-emniyet-kurulu-toplandi-2\/"},"author":{"name":"Kuzeyin Sesi","@id":"https:\/\/kuzeyinsesi.org\/#\/schema\/person\/9f859689cdf01485597712386e37f5aa"},"headline":"Lefko\u015fa \u0130l\u00e7e Emniyet Kurulu topland\u0131","datePublished":"2026-04-30T07:52:29+00:00","mainEntityOfPage":{"@id":"https:\/\/kuzeyinsesi.org\/index.php\/2026\/04\/30\/lefkosa-ilce-emniyet-kurulu-toplandi-2\/"},"wordCount":386,"commentCount":0,"image":{"@id":"https:\/\/kuzeyinsesi.org\/index.php\/2026\/04\/30\/lefkosa-ilce-emniyet-kurulu-toplandi-2\/#primaryimage"},"thumbnailUrl":"https:\/\/kuzeyinsesi.org\/wp-content\/uploads\/2026\/04\/kaymakamlik-740x420-1.jpg","articleSection":["K\u0131br\u0131s"],"inLanguage":"tr","potentialAction":[{"@type":"CommentAction","name":"Comment","target":["https:\/\/kuzeyinsesi.org\/index.php\/2026\/04\/30\/lefkosa-ilce-emniyet-kurulu-toplandi-2\/#respond"]}]},{"@type":"WebPage","@id":"https:\/\/kuzeyinsesi.org\/index.php\/2026\/04\/30\/lefkosa-ilce-emniyet-kurulu-toplandi-2\/","url":"https:\/\/kuzeyinsesi.org\/index.php\/2026\/04\/30\/lefkosa-ilce-emniyet-kurulu-toplandi-2\/","name":"Lefko\u015fa \u0130l\u00e7e Emniyet Kurulu topland\u0131 - Kuzeyin Sesi","isPartOf":{"@id":"https:\/\/kuzeyinsesi.org\/#website"},"primaryImageOfPage":{"@id":"https:\/\/kuzeyinsesi.org\/index.php\/2026\/04\/30\/lefkosa-ilce-emniyet-kurulu-toplandi-2\/#primaryimage"},"image":{"@id":"https:\/\/kuzeyinsesi.org\/index.php\/2026\/04\/30\/lefkosa-ilce-emniyet-kurulu-toplandi-2\/#primaryimage"},"thumbnailUrl":"https:\/\/kuzeyinsesi.org\/wp-content\/uploads\/2026\/04\/kaymakamlik-740x420-1.jpg","datePublished":"2026-04-30T07:52:29+00:00","author":{"@id":"https:\/\/kuzeyinsesi.org\/#\/schema\/person\/9f859689cdf01485597712386e37f5aa"},"breadcrumb":{"@id":"https:\/\/kuzeyinsesi.org\/index.php\/2026\/04\/30\/lefkosa-ilce-emniyet-kurulu-toplandi-2\/#breadcrumb"},"inLanguage":"tr","potentialAction":[{"@type":"ReadAction","target":["https:\/\/kuzeyinsesi.org\/index.php\/2026\/04\/30\/lefkosa-ilce-emniyet-kurulu-toplandi-2\/"]}]},{"@type":"ImageObject","inLanguage":"tr","@id":"https:\/\/kuzeyinsesi.org\/index.php\/2026\/04\/30\/lefkosa-ilce-emniyet-kurulu-toplandi-2\/#primaryimage","url":"https:\/\/kuzeyinsesi.org\/wp-content\/uploads\/2026\/04\/kaymakamlik-740x420-1.jpg","contentUrl":"https:\/\/kuzeyinsesi.org\/wp-content\/uploads\/2026\/04\/kaymakamlik-740x420-1.jpg","width":740,"height":420},{"@type":"BreadcrumbList","@id":"https:\/\/kuzeyinsesi.org\/index.php\/2026\/04\/30\/lefkosa-ilce-emniyet-kurulu-toplandi-2\/#breadcrumb","itemListElement":[{"@type":"ListItem","position":1,"name":"Anasayfa","item":"https:\/\/kuzeyinsesi.org\/"},{"@type":"ListItem","position":2,"name":"Lefko\u015fa \u0130l\u00e7e Emniyet Kurulu topland\u0131"}]},{"@type":"WebSite","@id":"https:\/\/kuzeyinsesi.org\/#website","url":"https:\/\/kuzeyinsesi.org\/","name":"Kuzeyin Sesi","description":"Do\u011fru Haberin Adresi","potentialAction":[{"@type":"SearchAction","target":{"@type":"EntryPoint","urlTemplate":"https:\/\/kuzeyinsesi.org\/?s={search_term_string}"},"query-input":{"@type":"PropertyValueSpecification","valueRequired":true,"valueName":"search_term_string"}}],"inLanguage":"tr"},{"@type":"Person","@id":"https:\/\/kuzeyinsesi.org\/#\/schema\/person\/9f859689cdf01485597712386e37f5aa","name":"Kuzeyin Sesi","image":{"@type":"ImageObject","inLanguage":"tr","@id":"https:\/\/secure.gravatar.com\/avatar\/bab33852abfd8b282518d6ed81826833d77c3c882d9ab608add591ccace47a44?s=96&d=mm&r=g","url":"https:\/\/secure.gravatar.com\/avatar\/bab33852abfd8b282518d6ed81826833d77c3c882d9ab608add591ccace47a44?s=96&d=mm&r=g","contentUrl":"https:\/\/secure.gravatar.com\/avatar\/bab33852abfd8b282518d6ed81826833d77c3c882d9ab608add591ccace47a44?s=96&d=mm&r=g","caption":"Kuzeyin Sesi"},"sameAs":["https:\/\/kuzeyinsesi.org"],"url":"https:\/\/kuzeyinsesi.org\/index.php\/author\/guven\/"}]}},"_links":{"self":[{"href":"https:\/\/kuzeyinsesi.org\/index.php\/wp-json\/wp\/v2\/posts\/37695","targetHints":{"allow":["GET"]}}],"collection":[{"href":"https:\/\/kuzeyinsesi.org\/index.php\/wp-json\/wp\/v2\/posts"}],"about":[{"href":"https:\/\/kuzeyinsesi.org\/index.php\/wp-json\/wp\/v2\/types\/post"}],"author":[{"embeddable":true,"href":"https:\/\/kuzeyinsesi.org\/index.php\/wp-json\/wp\/v2\/users\/1"}],"replies":[{"embeddable":true,"href":"https:\/\/kuzeyinsesi.org\/index.php\/wp-json\/wp\/v2\/comments?post=37695"}],"version-history":[{"count":0,"href":"https:\/\/kuzeyinsesi.org\/index.php\/wp-json\/wp\/v2\/posts\/37695\/revisions"}],"wp:featuredmedia":[{"embeddable":true,"href":"https:\/\/kuzeyinsesi.org\/index.php\/wp-json\/wp\/v2\/media\/37696"}],"wp:attachment":[{"href":"https:\/\/kuzeyinsesi.org\/index.php\/wp-json\/wp\/v2\/media?parent=37695"}],"wp:term":[{"taxonomy":"category","embeddable":true,"href":"https:\/\/kuzeyinsesi.org\/index.php\/wp-json\/wp\/v2\/categories?post=37695"},{"taxonomy":"post_tag","embeddable":true,"href":"https:\/\/kuzeyinsesi.org\/index.php\/wp-json\/wp\/v2\/tags?post=37695"}],"curies":[{"name":"wp","href":"https:\/\/api.w.org\/{rel}","templated":true}]}}