{"id":37681,"date":"2026-04-30T08:36:31","date_gmt":"2026-04-30T05:36:31","guid":{"rendered":"https:\/\/kuzeyinsesi.org\/index.php\/2026\/04\/30\/kasaplardan-cozum-modeli-kooperatif-modeli\/"},"modified":"2026-04-30T08:36:31","modified_gmt":"2026-04-30T05:36:31","slug":"kasaplardan-cozum-modeli-kooperatif-modeli","status":"publish","type":"post","link":"https:\/\/kuzeyinsesi.org\/index.php\/2026\/04\/30\/kasaplardan-cozum-modeli-kooperatif-modeli\/","title":{"rendered":"Kasaplardan \u00e7\u00f6z\u00fcm modeli: Kooperatif modeli"},"content":{"rendered":"<p>Kasaplar sorunlar\u0131n\u0131n \u00e7\u00f6z\u00fcm\u00fc i\u00e7in bir araya geldi, \u00e7\u00f6z\u00fcm \u00f6nerileri haz\u0131rlad\u0131. \u0130\u00e7 piyasadaki et ihtiyac\u0131n\u0131n ka\u00e7ak yollarla G\u00fcney K\u0131br\u0131s\u2019tan kar\u015f\u0131land\u0131\u011f\u0131n\u0131 tespit eden kasaplar, \u201cBu ihtiyac\u0131 neden biz kar\u015f\u0131lamayal\u0131m?\u201d diyerek \u00e7\u00f6z\u00fcme i\u015faret etti.<\/p>\n<p><strong>\u0130htiyac\u0131n sadece 3\u2019te 1\u2019i kar\u015f\u0131land\u0131&#8230;<\/strong> Kasaplar Birli\u011fi Ba\u015fkan\u0131 Ra\u015fit \u015eenkaya, 2025\u2019te mezbahalarda 137 bin k\u00fc\u00e7\u00fckba\u015f ve 18 bin 500 b\u00fcy\u00fckba\u015f hayvan kesildi\u011fini ve bunun yakla\u015f\u0131k 7,7 milyon kilogram et \u00fcretimine kar\u015f\u0131l\u0131k geldi\u011fini s\u00f6yleyerek bunun \u00fclke ihtiyac\u0131n\u0131n ancak \u00fc\u00e7te birini kar\u015f\u0131lad\u0131\u011f\u0131n\u0131 s\u00f6yledi.<\/p>\n<p><strong>Eksik kalan ithal edilsin&#8230;<\/strong> Kesime haz\u0131r hayvan say\u0131s\u0131n\u0131n bilinmemesi nedeniyle sa\u011fl\u0131kl\u0131 planlama yap\u0131lamad\u0131\u011f\u0131n\u0131 belirten \u015eenkaya, kooperatif modeliyle kesimlerin tek merkezden y\u00fcr\u00fct\u00fclmesini, t\u00fcm hayvanlar\u0131n kesim \u00f6ncesi bildirilmesini ve eksik kalan k\u0131sm\u0131n h\u0131zl\u0131 ithalatla tamamlanmas\u0131n\u0131 istedi<\/p>\n<p><strong>Fiyat y\u00fcksekli\u011fi arz yetersizli\u011finden&#8230;<\/strong> Fiyat art\u0131\u015flar\u0131n\u0131n arz yetersizli\u011finden kaynakland\u0131\u011f\u0131n\u0131 ifade eden Ba\u015fkan \u015eenkaya, Hayvanc\u0131lar Birli\u011fi\u2019nin de Esnaf ve Zanaatk\u00e2rlar Odas\u0131\u2019n\u0131n da aktif kooperatifleri var. Bu yap\u0131lar \u00fczerinden s\u00fcre\u00e7 y\u00fcr\u00fct\u00fclebilir. \u00d6nemli olan, kesime haz\u0131r hayvan say\u0131s\u0131n\u0131n acilen ortaya konmas\u0131d\u0131r\u201d dedi.<\/p>\n<p><strong>Cemre CEMAL\u0130<\/strong><\/p>\n<p>\u00dclkede hayvan arz\u0131n\u0131n yetersiz olmas\u0131, canl\u0131 hayvan fiyatlar\u0131n\u0131 y\u00fckseltirken bu art\u0131\u015f do\u011frudan kasap reyonlar\u0131ndaki et fiyatlar\u0131na yans\u0131yor.<\/p>\n<p>\u0130\u00e7 piyasadaki et ihtiyac\u0131n\u0131n yar\u0131s\u0131ndan fazlas\u0131n\u0131n \u2018ka\u00e7ak yollarla\u2019 G\u00fcney K\u0131br\u0131s\u2019tan kar\u015f\u0131land\u0131\u011f\u0131n\u0131 savunan sekt\u00f6r temsilcileri, \u201cekonominin g\u00fcneye kayd\u0131\u011f\u0131\u201d g\u00f6r\u00fc\u015f\u00fcn\u00fc dile getirirken, \u201cNeden bu ihtiyac\u0131 biz kar\u015f\u0131lamayal\u0131m?\u201d sorusuna yan\u0131t aramak \u00fczere \u00f6nceki g\u00fcn bir araya geldi.<\/p>\n<p>KIBRIS ekibi, hafta ba\u015f\u0131nda ba\u015fkentte kasap esnaf\u0131yla ger\u00e7ekle\u015ftirdi\u011fi r\u00f6portajlarda, sekt\u00f6r temsilcilerinin Kurban Bayram\u0131 \u00f6ncesinde ya\u015fanan sorunlar\u0131 masaya yat\u0131rmak i\u00e7in toplant\u0131 haz\u0131rl\u0131\u011f\u0131nda oldu\u011funu \u00f6\u011frenmi\u015fti.<\/p>\n<p>Kasaplar Birli\u011fi, \u00f6nceki ak\u015fam \u00fcyelerinin yan\u0131 s\u0131ra Esnaf ve Zanaatk\u00e2rlar Odas\u0131\u2019na ba\u011fl\u0131 bir\u00e7ok birli\u011fin kat\u0131l\u0131m\u0131yla geni\u015f kapsaml\u0131 bir toplant\u0131 ger\u00e7ekle\u015ftirdi.<\/p>\n<p>Toplant\u0131n\u0131n ard\u0131ndan KIBRIS muhabirinin sorular\u0131n\u0131 yan\u0131tlayan Kasaplar Birli\u011fi Ba\u015fkan\u0131 Ra\u015fit \u015eenkaya, s\u00fcrece ili\u015fkin de\u011ferlendirmelerde bulundu. \u00d6n\u00fcm\u00fczdeki g\u00fcnlerde bas\u0131n toplant\u0131s\u0131 d\u00fczenleyeceklerini s\u00f6yleyen \u015eenkaya, eylem s\u00fcreci ba\u015flatacaklar\u0131n\u0131 a\u00e7\u0131klad\u0131.<\/p>\n<p><strong>\u201cBu \u00fclkenin et ihtiyac\u0131n\u0131 kim kar\u015f\u0131l\u0131yor?\u201d<\/strong><\/p>\n<p>Kasaplar Birli\u011fi Ba\u015fkan\u0131 Ra\u015fit \u015eenkaya,\u00a0 kasaplar\u0131n kat\u0131l\u0131m\u0131yla ger\u00e7ekle\u015ftirdikleri toplant\u0131da \u00fclkedeki et arz\u0131na ili\u015fkin ciddi sorunlar\u0131n ele al\u0131nd\u0131\u011f\u0131n\u0131 belirterek, sorunun temelinde \u201c\u00fclkenin et ihtiyac\u0131n\u0131 kimin kar\u015f\u0131lad\u0131\u011f\u0131\u201d meselesinin yatt\u0131\u011f\u0131n\u0131 s\u00f6yledi.<\/p>\n<p>\u015eenkaya, Hayvan \u00dcreticileri ve Yeti\u015ftiricileri Birli\u011fi ile bu konuda mutab\u0131k olduklar\u0131n\u0131 vurgulayarak, \u201cS\u0131k\u0131nt\u0131n\u0131n temeli \u2018bu \u00fclkenin et ihtiyac\u0131n\u0131 kim kar\u015f\u0131l\u0131yor?\u2019 Esas bak\u0131lmas\u0131 gereken konu bu\u201d dedi.<\/p>\n<p>\u00dclkedeki et ihtiyac\u0131n\u0131n b\u00fcy\u00fck b\u00f6l\u00fcm\u00fcn\u00fcn G\u00fcney K\u0131br\u0131s\u2019tan kar\u015f\u0131land\u0131\u011f\u0131n\u0131 savunan \u015eenkaya, \u201c\u00dclkenin et ihtiyac\u0131n\u0131n y\u00fczde 60-65\u2019i G\u00fcney K\u0131br\u0131s\u2019tan, y\u00fczde 35-40\u2019\u0131 yerli \u00fcretimden kar\u015f\u0131lan\u0131yor. Bizim en b\u00fcy\u00fck s\u0131k\u0131nt\u0131m\u0131z bu. Biz niye bu ihtiyac\u0131 g\u00fcneyden kar\u015f\u0131l\u0131yoruz? Bu gayriyasal ve sa\u011fl\u0131ks\u0131z ko\u015fullarda ithalat yapmak de\u011fil midir?\u201d ifadelerini kulland\u0131.<\/p>\n<p>\u015eenkaya, Hayvan \u00dcreticileri ve Yeti\u015ftiricileri Birli\u011fi\u2019nin de benzer de\u011ferlendirmeler yapt\u0131\u011f\u0131n\u0131 dile getirerek, \u201cOnlar da ihtiyac\u0131n yar\u0131s\u0131n\u0131n g\u00fcneyden kar\u015f\u0131land\u0131\u011f\u0131n\u0131 s\u00f6yl\u00fcyor. Peki neden bu ihtiyac\u0131 biz kar\u015f\u0131lamayal\u0131m?\u201d diyerek \u00e7\u00f6z\u00fcm\u00fcn yerli \u00fcretim ve kontroll\u00fc ithalat oldu\u011funu belirtti.<\/p>\n<p>Birlik olarak ortak \u00f6nerilerinin \u201ckooperatif modeli\u201d oldu\u011funu aktaran \u015eenkaya, \u201cBu a\u00e7\u0131k varsa, gayriyasal \u015fekilde g\u00fcneyden de\u011fil, gerekirse yurtd\u0131\u015f\u0131ndan kooperatif \u00fczerinden ithal edelim. Bizim esas s\u0131k\u0131nt\u0131m\u0131z bu\u201d dedi.<\/p>\n<p><strong>\u201cEylem s\u00fcreci ba\u015flataca\u011f\u0131z\u201d<\/strong><\/p>\n<p>\u015eenkaya, bu konuyla ilgili eylem s\u00fcreci ba\u015flatacaklar\u0131n\u0131 ifade ederek, \u201cSal\u0131 g\u00fcn\u00fc bas\u0131n toplant\u0131s\u0131 d\u00fczenleyece\u011fiz ve toplant\u0131da bunlar\u0131 a\u00e7\u0131klayaca\u011f\u0131z. Sendikalar ve odalarla da g\u00f6r\u00fc\u015f\u00fcyoruz, farkl\u0131 birliklerden destek al\u0131yoruz.\u201d diye konu\u015ftu.<\/p>\n<p>Ba\u015fkan \u015eenkaya, fiyat istikrars\u0131zl\u0131\u011f\u0131na da dikkat \u00e7ekerek piyasada d\u00f6nemsel olarak ciddi dalgalanmalar ya\u015fand\u0131\u011f\u0131n\u0131 s\u00f6yledi.<\/p>\n<p>\u201cZaman zaman \u00e7ok anormal derecede fiyatlar y\u00fckseliyor. \u015eu an \u00f6yle bir d\u00f6nemdeyiz\u201d de\u011ferlendirmesinde bulunan \u015eenkaya, bunun i\u00e7in bir \u00e7\u00f6z\u00fcm \u00f6nerisi a\u00e7\u0131klad\u0131.<\/p>\n<p>\u015eenkaya, \u00e7\u00f6z\u00fcm olarak al\u0131m ve kesim s\u00fcre\u00e7lerinin tek merkezden, kooperatif yap\u0131s\u0131 alt\u0131nda y\u00fcr\u00fct\u00fclmesi gerekti\u011fini a\u00e7\u0131klayarak, bu sayede g\u00fcneyden ka\u00e7ak et al\u0131mlar\u0131n\u0131n da \u00f6nlenebilece\u011finin alt\u0131n\u0131 \u00e7izdi.<\/p>\n<p><strong>\u201cKesilen et, ihtiyac\u0131n 3\u2019te 2\u2019sini kar\u015f\u0131l\u0131yor\u201d<\/strong><\/p>\n<p>Veteriner Dairesi\u2019ni de ele\u015ftiren \u015eenkaya, \u201cSistem d\u00fczg\u00fcn olmad\u0131\u011f\u0131 i\u00e7in g\u00fcneyden gelen hayvanlar da kesiliyor. Bakanl\u0131k tamamen serbest b\u0131rakt\u0131\u011f\u0131 i\u00e7in \u00fclkeye giren ka\u00e7ak etin boyutu tahmin edilemeyecek noktada\u201d iddias\u0131nda bulundu.<\/p>\n<p>\u015eenkaya, Veteriner Dairesi\u2019nin verilerine g\u00f6re \u00fclkedeki \u00fcretimin ihtiyac\u0131 kar\u015f\u0131lamaktan uzak oldu\u011funu belirten \u015eenkaya, \u201cGe\u00e7ti\u011fimiz y\u0131l mezbahalarda 137 bin k\u00fc\u00e7\u00fckba\u015f, 18 bin 500 b\u00fcy\u00fckba\u015f kesildi. Bu yakla\u015f\u0131k 7 milyon 700 bin kilogram ete tekab\u00fcl ediyor. Bu da \u00fclke ihtiyac\u0131n\u0131n neredeyse \u00fc\u00e7te biri..\u201d ifadelerini kulland\u0131.<\/p>\n<p>Ki\u015fi ba\u015f\u0131 t\u00fcketim \u00fczerinden de de\u011ferlendirme yapan \u015eenkaya, s\u00f6zlerine \u015f\u00f6yle devam etti:<\/p>\n<p>\u201cN\u00fcfusumuz ne kadar? 700 bin oldu\u011funu varsayal\u0131m bu n\u00fcfusa g\u00f6re bu et varl\u0131\u011f\u0131 ile ki\u015fi ba\u015f\u0131na 11 kilogram et d\u00fc\u015f\u00fcyor. Bu rakam\u0131n en az 25-26 kilogram olmas\u0131 gerekir. Tavuk t\u00fcketimi de var onu da hesap etsek yine de k\u0131rm\u0131z\u0131 etin yar\u0131s\u0131ndan fazlas\u0131 g\u00fcneyden sa\u011flan\u0131yor.\u201d<\/p>\n<p>\u015eenkaya, bu tablonun \u201cekonominin g\u00fcneye kayd\u0131\u011f\u0131\u201d y\u00f6n\u00fcndeki s\u00f6ylemleri do\u011frulad\u0131\u011f\u0131n\u0131n alt\u0131n\u0131 \u00e7izerek, ele\u015ftiriler y\u00f6neltti:<\/p>\n<p>\u201c\u00dclkenin et ihtiyac\u0131 kar\u015f\u0131lanm\u0131yorsa ekonominin g\u00fcneye kaymas\u0131na g\u00f6z yumuluyor demektir. H\u00fck\u00fcmet ve tar\u0131m bakan\u0131, ka\u00e7ak\u00e7\u0131l\u0131\u011fa ve bu etin g\u00fcneyden gayriyasal \u015fekilde gelmesine bilerek m\u00fcsaade ediyor.\u201d<\/p>\n<p><strong>\u00d6nerilen model<\/strong><\/p>\n<p>Hayvanc\u0131lar Birli\u011fi ile daha \u00f6nceden de mutab\u0131k olduklar\u0131 konuya ili\u015fkin de bilgi veren Kasaplar Birli\u011fi Ba\u015fkan\u0131 Ra\u015fit \u015eenkaya, \u00f6nerdikleri modeli \u015fu s\u00f6zlerle anlatt\u0131:<\/p>\n<p>\u201cGelin, \u00fclkedeki mevcut hayvan say\u0131s\u0131na bakarak birlikte hareket edelim diyoruz. \u0130lk yap\u0131lmas\u0131 gereken i\u015f, kesime haz\u0131r hayvan say\u0131s\u0131n\u0131n acilen belirlenmesidir. Hayvanc\u0131lar kooperatif arac\u0131l\u0131\u011f\u0131yla kesilecek ya da hayvanc\u0131, kesime haz\u0131r hayvan\u0131n\u0131 kooperatife bildirecek. \u00d6ncelik i\u00e7 piyasaya verilecek, eksik kalan k\u0131s\u0131m ise yurtd\u0131\u015f\u0131ndan tamamlanacak ve derhal ithal edilecek. Gerekirse i\u00e7 piyasadan al\u0131nan hayvanlar s\u00fcbvanse edilerek halka daha uygun fiyatla sunulacak. Amac\u0131m\u0131z, hayvanc\u0131n\u0131n elinde hayvan varken ithalata y\u00f6nelmek de\u011fil; her \u015feyin sistemli ve kontroll\u00fc olmas\u0131d\u0131r.\u201d<\/p>\n<p>S\u00fcrecin gerekli g\u00f6r\u00fclmesi halinde kooperatif \u00fczerinden y\u00fcr\u00fct\u00fclebilece\u011fini ifade eden \u015eenkaya, mevcut yap\u0131lar \u00fczerinden de \u00e7\u00f6z\u00fcm \u00fcretilebilece\u011fini belirtti.<\/p>\n<p>\u201cYeni bir kooperatifin kurulmas\u0131n\u0131 beklemek bitti\u011fimizin anlam\u0131d\u0131r. Hayvanc\u0131lar Birli\u011fi\u2019nin de Esnaf ve Zanaatk\u00e2rlar Odas\u0131\u2019n\u0131n da aktif kooperatifleri var. Bu yap\u0131lar \u00fczerinden s\u00fcre\u00e7 y\u00fcr\u00fct\u00fclebilir. \u00d6nemli olan, kesime haz\u0131r hayvan say\u0131s\u0131n\u0131n acilen ortaya konmas\u0131d\u0131r\u201d dedi.<\/p>\n<p>Bu \u00f6nerilerin ancak h\u00fck\u00fcmetle ortak hareket edilmesi halinde hayata ge\u00e7irilebilece\u011fine dikkat \u00e7eken \u015eenkaya, buna kar\u015f\u0131n kendilerine bu f\u0131rsat\u0131n verilmedi\u011fini savundu.<\/p>\n<p>\u015eenkaya, \u201cSendikalar arac\u0131l\u0131\u011f\u0131yla Hayvanc\u0131lar Birli\u011fi ile ortak noktada oldu\u011fumuzu iletip \u00e7\u00f6z\u00fcm \u00fcretmek istedik ancak Tar\u0131m Bakanl\u0131\u011f\u0131\u2019ndan \u2018kesinlikle hay\u0131r\u2019 yan\u0131t\u0131n\u0131 ald\u0131k\u201d diyerek, kar\u015f\u0131 \u00e7\u0131k\u0131lmas\u0131 gereken temel meselenin \u201cg\u00fcneyden yap\u0131lan et ka\u00e7ak\u00e7\u0131l\u0131\u011f\u0131\u201d oldu\u011funu kaydetti.<\/p>\n<p><strong>\u00a0\u201cArz yetersizli\u011fi fiyatlar\u0131 y\u00fckseltiyor\u201d<\/strong><\/p>\n<p>Kasaplar Birli\u011fi Ba\u015fkan\u0131 Ra\u015fit \u015eenkaya, piyasadaki son duruma da de\u011finerek, fiyat art\u0131\u015flar\u0131n\u0131n arz yetersizli\u011finden kaynakland\u0131\u011f\u0131n\u0131 ifade etti.<\/p>\n<p>\u015eenkaya \u201cFiyatlar\u0131n y\u00fckseldi\u011fi zaman arz\u0131n azald\u0131\u011f\u0131 d\u00f6nemdir. Yakla\u015f\u0131k iki ayd\u0131r canl\u0131 kuzuda her hafta art\u0131\u015f var. Ocak ba\u015f\u0131nda y\u00fczde 33 art\u0131\u015f olmu\u015ftu, \u015fimdi de art\u0131\u015f s\u00fcr\u00fcyor. Bunun sebebi arz\u0131n talebi kar\u015f\u0131lamamas\u0131d\u0131r\u201d dedi.<\/p>\n<p>Yakla\u015fan 1 May\u0131s ve Kurban Bayram\u0131 \u00f6ncesinde beklentilerin d\u00fc\u015f\u00fck oldu\u011funu ifade eden \u015eenkaya, \u201cGe\u00e7mi\u015f y\u0131llarda bu d\u00f6nemlerde sat\u0131\u015flar artard\u0131 ancak biz bu y\u0131l ne 1 May\u0131s\u2019ta ne de bayramda bir hareketlilik beklemiyoruz. Ge\u00e7en bayramda da istedi\u011fimiz sat\u0131\u015flar\u0131 yakalayamam\u0131\u015ft\u0131k\u201d \u015feklinde konu\u015ftu.<\/p>\n","protected":false},"excerpt":{"rendered":"<p>Kasaplar sorunlar\u0131n\u0131n \u00e7\u00f6z\u00fcm\u00fc i\u00e7in bir araya geldi, \u00e7\u00f6z\u00fcm \u00f6nerileri haz\u0131rlad\u0131. \u0130\u00e7 piyasadaki et ihtiyac\u0131n\u0131n ka\u00e7ak yollarla G\u00fcney K\u0131br\u0131s\u2019tan kar\u015f\u0131land\u0131\u011f\u0131n\u0131 tespit eden kasaplar, \u201cBu ihtiyac\u0131 neden biz kar\u015f\u0131lamayal\u0131m?\u201d diyerek \u00e7\u00f6z\u00fcme i\u015faret etti. \u0130htiyac\u0131n sadece 3\u2019te 1\u2019i kar\u015f\u0131land\u0131&#8230; Kasaplar Birli\u011fi Ba\u015fkan\u0131 Ra\u015fit \u015eenkaya, 2025\u2019te mezbahalarda 137 bin k\u00fc\u00e7\u00fckba\u015f ve 18 bin 500 b\u00fcy\u00fckba\u015f hayvan kesildi\u011fini ve bunun [&hellip;]<\/p>\n","protected":false},"author":1,"featured_media":37682,"comment_status":"open","ping_status":"open","sticky":false,"template":"","format":"standard","meta":{"jnews-multi-image_gallery":[],"jnews_single_post":[],"jnews_primary_category":[],"jnews_social_meta":[],"jnews_override_counter":[],"footnotes":""},"categories":[1],"tags":[],"class_list":["post-37681","post","type-post","status-publish","format-standard","has-post-thumbnail","hentry","category-kibris"],"yoast_head":"<!-- This site is optimized with the Yoast SEO plugin v27.5 - https:\/\/yoast.com\/product\/yoast-seo-wordpress\/ -->\n<title>Kasaplardan \u00e7\u00f6z\u00fcm modeli: Kooperatif modeli - Kuzeyin Sesi<\/title>\n<meta name=\"robots\" content=\"index, follow, max-snippet:-1, max-image-preview:large, max-video-preview:-1\" \/>\n<link rel=\"canonical\" href=\"https:\/\/kuzeyinsesi.org\/index.php\/2026\/04\/30\/kasaplardan-cozum-modeli-kooperatif-modeli\/\" \/>\n<meta property=\"og:locale\" content=\"tr_TR\" \/>\n<meta property=\"og:type\" content=\"article\" \/>\n<meta property=\"og:title\" content=\"Kasaplardan \u00e7\u00f6z\u00fcm modeli: Kooperatif modeli - Kuzeyin Sesi\" \/>\n<meta property=\"og:description\" content=\"Kasaplar sorunlar\u0131n\u0131n \u00e7\u00f6z\u00fcm\u00fc i\u00e7in bir araya geldi, \u00e7\u00f6z\u00fcm \u00f6nerileri haz\u0131rlad\u0131. \u0130\u00e7 piyasadaki et ihtiyac\u0131n\u0131n ka\u00e7ak yollarla G\u00fcney K\u0131br\u0131s\u2019tan kar\u015f\u0131land\u0131\u011f\u0131n\u0131 tespit eden kasaplar, \u201cBu ihtiyac\u0131 neden biz kar\u015f\u0131lamayal\u0131m?\u201d diyerek \u00e7\u00f6z\u00fcme i\u015faret etti. \u0130htiyac\u0131n sadece 3\u2019te 1\u2019i kar\u015f\u0131land\u0131&#8230; Kasaplar Birli\u011fi Ba\u015fkan\u0131 Ra\u015fit \u015eenkaya, 2025\u2019te mezbahalarda 137 bin k\u00fc\u00e7\u00fckba\u015f ve 18 bin 500 b\u00fcy\u00fckba\u015f hayvan kesildi\u011fini ve bunun [&hellip;]\" \/>\n<meta property=\"og:url\" content=\"https:\/\/kuzeyinsesi.org\/index.php\/2026\/04\/30\/kasaplardan-cozum-modeli-kooperatif-modeli\/\" \/>\n<meta property=\"og:site_name\" content=\"Kuzeyin Sesi\" \/>\n<meta property=\"article:publisher\" content=\"https:\/\/www.facebook.com\/kuzeyinsesii\" \/>\n<meta property=\"article:published_time\" content=\"2026-04-30T05:36:31+00:00\" \/>\n<meta name=\"author\" content=\"Kuzeyin Sesi\" \/>\n<meta name=\"twitter:card\" content=\"summary_large_image\" \/>\n<meta name=\"twitter:creator\" content=\"@kuzeyinsesii\" \/>\n<meta name=\"twitter:site\" content=\"@kuzeyinsesii\" \/>\n<meta name=\"twitter:label1\" content=\"Yazan:\" \/>\n\t<meta name=\"twitter:data1\" content=\"Kuzeyin Sesi\" \/>\n\t<meta name=\"twitter:label2\" content=\"Tahmini okuma s\u00fcresi\" \/>\n\t<meta name=\"twitter:data2\" content=\"7 dakika\" \/>\n<script type=\"application\/ld+json\" class=\"yoast-schema-graph\">{\"@context\":\"https:\\\/\\\/schema.org\",\"@graph\":[{\"@type\":\"Article\",\"@id\":\"https:\\\/\\\/kuzeyinsesi.org\\\/index.php\\\/2026\\\/04\\\/30\\\/kasaplardan-cozum-modeli-kooperatif-modeli\\\/#article\",\"isPartOf\":{\"@id\":\"https:\\\/\\\/kuzeyinsesi.org\\\/index.php\\\/2026\\\/04\\\/30\\\/kasaplardan-cozum-modeli-kooperatif-modeli\\\/\"},\"author\":{\"name\":\"Kuzeyin Sesi\",\"@id\":\"https:\\\/\\\/kuzeyinsesi.org\\\/#\\\/schema\\\/person\\\/9f859689cdf01485597712386e37f5aa\"},\"headline\":\"Kasaplardan \u00e7\u00f6z\u00fcm modeli: Kooperatif modeli\",\"datePublished\":\"2026-04-30T05:36:31+00:00\",\"mainEntityOfPage\":{\"@id\":\"https:\\\/\\\/kuzeyinsesi.org\\\/index.php\\\/2026\\\/04\\\/30\\\/kasaplardan-cozum-modeli-kooperatif-modeli\\\/\"},\"wordCount\":1494,\"commentCount\":0,\"image\":{\"@id\":\"https:\\\/\\\/kuzeyinsesi.org\\\/index.php\\\/2026\\\/04\\\/30\\\/kasaplardan-cozum-modeli-kooperatif-modeli\\\/#primaryimage\"},\"thumbnailUrl\":\"https:\\\/\\\/kuzeyinsesi.org\\\/wp-content\\\/uploads\\\/2026\\\/04\\\/Adsiz-971-x-551-piksel-2.jpg\",\"articleSection\":[\"K\u0131br\u0131s\"],\"inLanguage\":\"tr\",\"potentialAction\":[{\"@type\":\"CommentAction\",\"name\":\"Comment\",\"target\":[\"https:\\\/\\\/kuzeyinsesi.org\\\/index.php\\\/2026\\\/04\\\/30\\\/kasaplardan-cozum-modeli-kooperatif-modeli\\\/#respond\"]}]},{\"@type\":\"WebPage\",\"@id\":\"https:\\\/\\\/kuzeyinsesi.org\\\/index.php\\\/2026\\\/04\\\/30\\\/kasaplardan-cozum-modeli-kooperatif-modeli\\\/\",\"url\":\"https:\\\/\\\/kuzeyinsesi.org\\\/index.php\\\/2026\\\/04\\\/30\\\/kasaplardan-cozum-modeli-kooperatif-modeli\\\/\",\"name\":\"Kasaplardan \u00e7\u00f6z\u00fcm modeli: Kooperatif modeli - Kuzeyin Sesi\",\"isPartOf\":{\"@id\":\"https:\\\/\\\/kuzeyinsesi.org\\\/#website\"},\"primaryImageOfPage\":{\"@id\":\"https:\\\/\\\/kuzeyinsesi.org\\\/index.php\\\/2026\\\/04\\\/30\\\/kasaplardan-cozum-modeli-kooperatif-modeli\\\/#primaryimage\"},\"image\":{\"@id\":\"https:\\\/\\\/kuzeyinsesi.org\\\/index.php\\\/2026\\\/04\\\/30\\\/kasaplardan-cozum-modeli-kooperatif-modeli\\\/#primaryimage\"},\"thumbnailUrl\":\"https:\\\/\\\/kuzeyinsesi.org\\\/wp-content\\\/uploads\\\/2026\\\/04\\\/Adsiz-971-x-551-piksel-2.jpg\",\"datePublished\":\"2026-04-30T05:36:31+00:00\",\"author\":{\"@id\":\"https:\\\/\\\/kuzeyinsesi.org\\\/#\\\/schema\\\/person\\\/9f859689cdf01485597712386e37f5aa\"},\"breadcrumb\":{\"@id\":\"https:\\\/\\\/kuzeyinsesi.org\\\/index.php\\\/2026\\\/04\\\/30\\\/kasaplardan-cozum-modeli-kooperatif-modeli\\\/#breadcrumb\"},\"inLanguage\":\"tr\",\"potentialAction\":[{\"@type\":\"ReadAction\",\"target\":[\"https:\\\/\\\/kuzeyinsesi.org\\\/index.php\\\/2026\\\/04\\\/30\\\/kasaplardan-cozum-modeli-kooperatif-modeli\\\/\"]}]},{\"@type\":\"ImageObject\",\"inLanguage\":\"tr\",\"@id\":\"https:\\\/\\\/kuzeyinsesi.org\\\/index.php\\\/2026\\\/04\\\/30\\\/kasaplardan-cozum-modeli-kooperatif-modeli\\\/#primaryimage\",\"url\":\"https:\\\/\\\/kuzeyinsesi.org\\\/wp-content\\\/uploads\\\/2026\\\/04\\\/Adsiz-971-x-551-piksel-2.jpg\",\"contentUrl\":\"https:\\\/\\\/kuzeyinsesi.org\\\/wp-content\\\/uploads\\\/2026\\\/04\\\/Adsiz-971-x-551-piksel-2.jpg\",\"width\":971,\"height\":551},{\"@type\":\"BreadcrumbList\",\"@id\":\"https:\\\/\\\/kuzeyinsesi.org\\\/index.php\\\/2026\\\/04\\\/30\\\/kasaplardan-cozum-modeli-kooperatif-modeli\\\/#breadcrumb\",\"itemListElement\":[{\"@type\":\"ListItem\",\"position\":1,\"name\":\"Anasayfa\",\"item\":\"https:\\\/\\\/kuzeyinsesi.org\\\/\"},{\"@type\":\"ListItem\",\"position\":2,\"name\":\"Kasaplardan \u00e7\u00f6z\u00fcm modeli: Kooperatif modeli\"}]},{\"@type\":\"WebSite\",\"@id\":\"https:\\\/\\\/kuzeyinsesi.org\\\/#website\",\"url\":\"https:\\\/\\\/kuzeyinsesi.org\\\/\",\"name\":\"Kuzeyin Sesi\",\"description\":\"Do\u011fru Haberin Adresi\",\"potentialAction\":[{\"@type\":\"SearchAction\",\"target\":{\"@type\":\"EntryPoint\",\"urlTemplate\":\"https:\\\/\\\/kuzeyinsesi.org\\\/?s={search_term_string}\"},\"query-input\":{\"@type\":\"PropertyValueSpecification\",\"valueRequired\":true,\"valueName\":\"search_term_string\"}}],\"inLanguage\":\"tr\"},{\"@type\":\"Person\",\"@id\":\"https:\\\/\\\/kuzeyinsesi.org\\\/#\\\/schema\\\/person\\\/9f859689cdf01485597712386e37f5aa\",\"name\":\"Kuzeyin Sesi\",\"image\":{\"@type\":\"ImageObject\",\"inLanguage\":\"tr\",\"@id\":\"https:\\\/\\\/secure.gravatar.com\\\/avatar\\\/bab33852abfd8b282518d6ed81826833d77c3c882d9ab608add591ccace47a44?s=96&d=mm&r=g\",\"url\":\"https:\\\/\\\/secure.gravatar.com\\\/avatar\\\/bab33852abfd8b282518d6ed81826833d77c3c882d9ab608add591ccace47a44?s=96&d=mm&r=g\",\"contentUrl\":\"https:\\\/\\\/secure.gravatar.com\\\/avatar\\\/bab33852abfd8b282518d6ed81826833d77c3c882d9ab608add591ccace47a44?s=96&d=mm&r=g\",\"caption\":\"Kuzeyin Sesi\"},\"sameAs\":[\"https:\\\/\\\/kuzeyinsesi.org\"],\"url\":\"https:\\\/\\\/kuzeyinsesi.org\\\/index.php\\\/author\\\/guven\\\/\"}]}<\/script>\n<!-- \/ Yoast SEO plugin. -->","yoast_head_json":{"title":"Kasaplardan \u00e7\u00f6z\u00fcm modeli: Kooperatif modeli - Kuzeyin Sesi","robots":{"index":"index","follow":"follow","max-snippet":"max-snippet:-1","max-image-preview":"max-image-preview:large","max-video-preview":"max-video-preview:-1"},"canonical":"https:\/\/kuzeyinsesi.org\/index.php\/2026\/04\/30\/kasaplardan-cozum-modeli-kooperatif-modeli\/","og_locale":"tr_TR","og_type":"article","og_title":"Kasaplardan \u00e7\u00f6z\u00fcm modeli: Kooperatif modeli - Kuzeyin Sesi","og_description":"Kasaplar sorunlar\u0131n\u0131n \u00e7\u00f6z\u00fcm\u00fc i\u00e7in bir araya geldi, \u00e7\u00f6z\u00fcm \u00f6nerileri haz\u0131rlad\u0131. \u0130\u00e7 piyasadaki et ihtiyac\u0131n\u0131n ka\u00e7ak yollarla G\u00fcney K\u0131br\u0131s\u2019tan kar\u015f\u0131land\u0131\u011f\u0131n\u0131 tespit eden kasaplar, \u201cBu ihtiyac\u0131 neden biz kar\u015f\u0131lamayal\u0131m?\u201d diyerek \u00e7\u00f6z\u00fcme i\u015faret etti. \u0130htiyac\u0131n sadece 3\u2019te 1\u2019i kar\u015f\u0131land\u0131&#8230; Kasaplar Birli\u011fi Ba\u015fkan\u0131 Ra\u015fit \u015eenkaya, 2025\u2019te mezbahalarda 137 bin k\u00fc\u00e7\u00fckba\u015f ve 18 bin 500 b\u00fcy\u00fckba\u015f hayvan kesildi\u011fini ve bunun [&hellip;]","og_url":"https:\/\/kuzeyinsesi.org\/index.php\/2026\/04\/30\/kasaplardan-cozum-modeli-kooperatif-modeli\/","og_site_name":"Kuzeyin Sesi","article_publisher":"https:\/\/www.facebook.com\/kuzeyinsesii","article_published_time":"2026-04-30T05:36:31+00:00","author":"Kuzeyin Sesi","twitter_card":"summary_large_image","twitter_creator":"@kuzeyinsesii","twitter_site":"@kuzeyinsesii","twitter_misc":{"Yazan:":"Kuzeyin Sesi","Tahmini okuma s\u00fcresi":"7 dakika"},"schema":{"@context":"https:\/\/schema.org","@graph":[{"@type":"Article","@id":"https:\/\/kuzeyinsesi.org\/index.php\/2026\/04\/30\/kasaplardan-cozum-modeli-kooperatif-modeli\/#article","isPartOf":{"@id":"https:\/\/kuzeyinsesi.org\/index.php\/2026\/04\/30\/kasaplardan-cozum-modeli-kooperatif-modeli\/"},"author":{"name":"Kuzeyin Sesi","@id":"https:\/\/kuzeyinsesi.org\/#\/schema\/person\/9f859689cdf01485597712386e37f5aa"},"headline":"Kasaplardan \u00e7\u00f6z\u00fcm modeli: Kooperatif modeli","datePublished":"2026-04-30T05:36:31+00:00","mainEntityOfPage":{"@id":"https:\/\/kuzeyinsesi.org\/index.php\/2026\/04\/30\/kasaplardan-cozum-modeli-kooperatif-modeli\/"},"wordCount":1494,"commentCount":0,"image":{"@id":"https:\/\/kuzeyinsesi.org\/index.php\/2026\/04\/30\/kasaplardan-cozum-modeli-kooperatif-modeli\/#primaryimage"},"thumbnailUrl":"https:\/\/kuzeyinsesi.org\/wp-content\/uploads\/2026\/04\/Adsiz-971-x-551-piksel-2.jpg","articleSection":["K\u0131br\u0131s"],"inLanguage":"tr","potentialAction":[{"@type":"CommentAction","name":"Comment","target":["https:\/\/kuzeyinsesi.org\/index.php\/2026\/04\/30\/kasaplardan-cozum-modeli-kooperatif-modeli\/#respond"]}]},{"@type":"WebPage","@id":"https:\/\/kuzeyinsesi.org\/index.php\/2026\/04\/30\/kasaplardan-cozum-modeli-kooperatif-modeli\/","url":"https:\/\/kuzeyinsesi.org\/index.php\/2026\/04\/30\/kasaplardan-cozum-modeli-kooperatif-modeli\/","name":"Kasaplardan \u00e7\u00f6z\u00fcm modeli: Kooperatif modeli - Kuzeyin Sesi","isPartOf":{"@id":"https:\/\/kuzeyinsesi.org\/#website"},"primaryImageOfPage":{"@id":"https:\/\/kuzeyinsesi.org\/index.php\/2026\/04\/30\/kasaplardan-cozum-modeli-kooperatif-modeli\/#primaryimage"},"image":{"@id":"https:\/\/kuzeyinsesi.org\/index.php\/2026\/04\/30\/kasaplardan-cozum-modeli-kooperatif-modeli\/#primaryimage"},"thumbnailUrl":"https:\/\/kuzeyinsesi.org\/wp-content\/uploads\/2026\/04\/Adsiz-971-x-551-piksel-2.jpg","datePublished":"2026-04-30T05:36:31+00:00","author":{"@id":"https:\/\/kuzeyinsesi.org\/#\/schema\/person\/9f859689cdf01485597712386e37f5aa"},"breadcrumb":{"@id":"https:\/\/kuzeyinsesi.org\/index.php\/2026\/04\/30\/kasaplardan-cozum-modeli-kooperatif-modeli\/#breadcrumb"},"inLanguage":"tr","potentialAction":[{"@type":"ReadAction","target":["https:\/\/kuzeyinsesi.org\/index.php\/2026\/04\/30\/kasaplardan-cozum-modeli-kooperatif-modeli\/"]}]},{"@type":"ImageObject","inLanguage":"tr","@id":"https:\/\/kuzeyinsesi.org\/index.php\/2026\/04\/30\/kasaplardan-cozum-modeli-kooperatif-modeli\/#primaryimage","url":"https:\/\/kuzeyinsesi.org\/wp-content\/uploads\/2026\/04\/Adsiz-971-x-551-piksel-2.jpg","contentUrl":"https:\/\/kuzeyinsesi.org\/wp-content\/uploads\/2026\/04\/Adsiz-971-x-551-piksel-2.jpg","width":971,"height":551},{"@type":"BreadcrumbList","@id":"https:\/\/kuzeyinsesi.org\/index.php\/2026\/04\/30\/kasaplardan-cozum-modeli-kooperatif-modeli\/#breadcrumb","itemListElement":[{"@type":"ListItem","position":1,"name":"Anasayfa","item":"https:\/\/kuzeyinsesi.org\/"},{"@type":"ListItem","position":2,"name":"Kasaplardan \u00e7\u00f6z\u00fcm modeli: Kooperatif modeli"}]},{"@type":"WebSite","@id":"https:\/\/kuzeyinsesi.org\/#website","url":"https:\/\/kuzeyinsesi.org\/","name":"Kuzeyin Sesi","description":"Do\u011fru Haberin Adresi","potentialAction":[{"@type":"SearchAction","target":{"@type":"EntryPoint","urlTemplate":"https:\/\/kuzeyinsesi.org\/?s={search_term_string}"},"query-input":{"@type":"PropertyValueSpecification","valueRequired":true,"valueName":"search_term_string"}}],"inLanguage":"tr"},{"@type":"Person","@id":"https:\/\/kuzeyinsesi.org\/#\/schema\/person\/9f859689cdf01485597712386e37f5aa","name":"Kuzeyin Sesi","image":{"@type":"ImageObject","inLanguage":"tr","@id":"https:\/\/secure.gravatar.com\/avatar\/bab33852abfd8b282518d6ed81826833d77c3c882d9ab608add591ccace47a44?s=96&d=mm&r=g","url":"https:\/\/secure.gravatar.com\/avatar\/bab33852abfd8b282518d6ed81826833d77c3c882d9ab608add591ccace47a44?s=96&d=mm&r=g","contentUrl":"https:\/\/secure.gravatar.com\/avatar\/bab33852abfd8b282518d6ed81826833d77c3c882d9ab608add591ccace47a44?s=96&d=mm&r=g","caption":"Kuzeyin Sesi"},"sameAs":["https:\/\/kuzeyinsesi.org"],"url":"https:\/\/kuzeyinsesi.org\/index.php\/author\/guven\/"}]}},"_links":{"self":[{"href":"https:\/\/kuzeyinsesi.org\/index.php\/wp-json\/wp\/v2\/posts\/37681","targetHints":{"allow":["GET"]}}],"collection":[{"href":"https:\/\/kuzeyinsesi.org\/index.php\/wp-json\/wp\/v2\/posts"}],"about":[{"href":"https:\/\/kuzeyinsesi.org\/index.php\/wp-json\/wp\/v2\/types\/post"}],"author":[{"embeddable":true,"href":"https:\/\/kuzeyinsesi.org\/index.php\/wp-json\/wp\/v2\/users\/1"}],"replies":[{"embeddable":true,"href":"https:\/\/kuzeyinsesi.org\/index.php\/wp-json\/wp\/v2\/comments?post=37681"}],"version-history":[{"count":0,"href":"https:\/\/kuzeyinsesi.org\/index.php\/wp-json\/wp\/v2\/posts\/37681\/revisions"}],"wp:featuredmedia":[{"embeddable":true,"href":"https:\/\/kuzeyinsesi.org\/index.php\/wp-json\/wp\/v2\/media\/37682"}],"wp:attachment":[{"href":"https:\/\/kuzeyinsesi.org\/index.php\/wp-json\/wp\/v2\/media?parent=37681"}],"wp:term":[{"taxonomy":"category","embeddable":true,"href":"https:\/\/kuzeyinsesi.org\/index.php\/wp-json\/wp\/v2\/categories?post=37681"},{"taxonomy":"post_tag","embeddable":true,"href":"https:\/\/kuzeyinsesi.org\/index.php\/wp-json\/wp\/v2\/tags?post=37681"}],"curies":[{"name":"wp","href":"https:\/\/api.w.org\/{rel}","templated":true}]}}