{"id":37672,"date":"2026-04-30T07:58:31","date_gmt":"2026-04-30T04:58:31","guid":{"rendered":"https:\/\/kuzeyinsesi.org\/index.php\/2026\/04\/30\/yapay-zeka-dunyasinda-gelecegi-sekillendirecek-tarihi-dava\/"},"modified":"2026-04-30T07:58:31","modified_gmt":"2026-04-30T04:58:31","slug":"yapay-zeka-dunyasinda-gelecegi-sekillendirecek-tarihi-dava","status":"publish","type":"post","link":"https:\/\/kuzeyinsesi.org\/index.php\/2026\/04\/30\/yapay-zeka-dunyasinda-gelecegi-sekillendirecek-tarihi-dava\/","title":{"rendered":"Yapay zeka d\u00fcnyas\u0131nda gelece\u011fi \u015fekillendirecek tarihi dava"},"content":{"rendered":"<p><\/p>\n<div>\n<p>&#13;<br \/>\n\t\u0130ki dev isim aras\u0131ndaki yol ayr\u0131m\u0131, 2015 y\u0131l\u0131na dayan\u0131yor.<\/p>\n<p>&#13;<br \/>\n\tOpenAI; Elon Musk,\u00a0<a href=\"https:\/\/www.trthaber.com\/etiket\/sam-altman\/\" target=\"_blank\">Sam Altman<\/a>\u00a0ve Greg Brockman taraf\u0131ndan &#8220;insanl\u0131\u011f\u0131n yarar\u0131na&#8221;, k\u00e2r amac\u0131 g\u00fctmeyen ve a\u00e7\u0131k kaynakl\u0131 bir\u00a0<a href=\"https:\/\/www.trthaber.com\/etiket\/arastirma\/\" target=\"_blank\">ara\u015ft\u0131rma<\/a>\u00a0laboratuvar\u0131 olarak kuruldu.<\/p>\n<p>&#13;<br \/>\n\tKurulu\u015f a\u015famas\u0131nda yakla\u015f\u0131k 38 milyon dolarl\u0131k finansman sa\u011flayan ve \u015firketin ismini bizzat belirleyen Musk, yapay zekan\u0131n tek bir merkezin kontrol\u00fcne girmemesi gerekti\u011fini savundu.<\/p>\n<p>&#13;<br \/>\n\tAncak 2018 y\u0131l\u0131nda Musk\u2019\u0131n y\u00f6netim kurulundan istifa etmesiyle dengeler de\u011fi\u015fti.<\/p>\n<p>&#13;<br \/>\n\tOpenAI\u2019\u0131n bir y\u0131l sonra k\u00e2r amac\u0131 g\u00fcden bir i\u015ftirak kurmas\u0131 ve\u00a0<a href=\"https:\/\/www.trthaber.com\/etiket\/microsoft\/\" target=\"_blank\">Microsoft<\/a>\u00a0ile milyarlarca dolarl\u0131k ortakl\u0131k anla\u015fmas\u0131 imzalamas\u0131, Musk taraf\u0131ndan &#8220;kurulu\u015f misyonuna ihanet&#8221; olarak nitelendirildi.<\/p>\n<p>&#13;<br \/>\n\tMusk, kamu yarar\u0131 g\u00f6zetilerek kurulan bir yap\u0131n\u0131n ticari bir m\u00fclke d\u00f6n\u00fc\u015ft\u00fcr\u00fcld\u00fc\u011f\u00fcn\u00fc iddia ederek yarg\u0131 s\u00fcrecini ba\u015flatt\u0131.<\/p>\n<h2>&#13;<br \/>\n\tDava nas\u0131l devam ediyor?<\/h2>\n<p>&#13;<br \/>\n\tKaliforniya\u2019da g\u00f6r\u00fclen davada taraflar aras\u0131ndaki gerilim her ge\u00e7en g\u00fcn t\u0131rman\u0131yor.<\/p>\n<p>&#13;<br \/>\n\tMusk, mahkemeye sundu\u011fu ifadelerde \u015firketin &#8220;ya\u011fmaland\u0131\u011f\u0131n\u0131&#8221; ve Microsoft\u2019un kapal\u0131 kaynakl\u0131 bir yan kurulu\u015fu haline geldi\u011fini \u00f6ne s\u00fcr\u00fcyor.<\/p>\n<p>&#13;<br \/>\n\t150 milyar dolarl\u0131k rekor bir tazminat talep eden Musk, bu tutar\u0131n OpenAI\u2019\u0131n hay\u0131r kurumu koluna aktar\u0131lmas\u0131n\u0131 istiyor.<\/p>\n<p>&#13;<br \/>\n\t<a href=\"https:\/\/www.trthaber.com\/etiket\/openai\/\" target=\"_blank\">OpenAI<\/a>\u00a0cephesi ise su\u00e7lamalar\u0131 &#8220;tutars\u0131z&#8221; olarak nitelendiriyor.<\/p>\n<p>&#13;<br \/>\n\t\u015eirket avukatlar\u0131, Musk\u2019\u0131n ge\u00e7mi\u015fte OpenAI\u2019\u0131\u00a0<a href=\"https:\/\/www.trthaber.com\/etiket\/tesla\/\" target=\"_blank\">Tesla<\/a>\u00a0ile birle\u015ftirmek veya k\u00e2r odakl\u0131 bir yap\u0131ya d\u00f6n\u00fc\u015ft\u00fcrerek ba\u015f\u0131na ge\u00e7mek istedi\u011fini kan\u0131tlayan e-postalar\u0131 mahkemeye delil olarak sundu.<\/p>\n<p>&#13;<br \/>\n\tSavunma taraf\u0131, davan\u0131n asl\u0131nda bir prensip m\u00fccadelesi de\u011fil, Musk\u2019\u0131n kendi\u00a0<a href=\"https:\/\/www.trthaber.com\/etiket\/yapay-zeka\/\" target=\"_blank\">yapay zeka<\/a>\u00a0\u015firketi xAI\u2019a avantaj sa\u011flama \u00e7abas\u0131 oldu\u011funu savunuyor.<\/p>\n<p>&#13;<br \/>\n\t<a href=\"https:\/\/www.trthaber.com\/etiket\/openai\/\" target=\"_blank\">OpenAI<\/a> davas\u0131n\u0131n ikinci g\u00fcn\u00fcnde <a href=\"https:\/\/www.trthaber.com\/etiket\/elon-musk\/\" target=\"_blank\">Elon Musk<\/a> tan\u0131k k\u00fcrs\u00fcs\u00fcne \u00e7\u0131kt\u0131.<\/p>\n<p>&#13;<br \/>\n\tOpenAI CEO&#8217;su Sam Altman&#8217;\u0131 kurduklar\u0131 vakf\u0131n k\u00e2r amac\u0131 g\u00fctmeyen yap\u0131s\u0131n\u0131 bozarak &#8220;kamuoyuna ihanet etmekle&#8221; su\u00e7layan Musk, \u00e7apraz sorgu s\u0131ras\u0131nda \u015firketin avukat\u0131yla sert tart\u0131\u015fmalar ya\u015fad\u0131.<\/p>\n<h2>&#13;<br \/>\n\t1 milyar dolarl\u0131k vaat ve &#8220;itibar&#8221; tart\u0131\u015fmas\u0131<\/h2>\n<p>&#13;<br \/>\n\tDuru\u015fmada \u00f6ne \u00e7\u0131kan ba\u015fl\u0131klardan biri, Musk&#8217;\u0131n ba\u015flang\u0131\u00e7ta vaat etti\u011fi 1 milyar dolarl\u0131k finansal destek oldu.<\/p>\n<p>&#13;<br \/>\n\tSam Altman\u2019\u0131n avukatlar\u0131, Musk&#8217;\u0131n bu vaadi hi\u00e7bir zaman yerine getirmedi\u011fini savunurken; Musk, ekibe g\u00fcvenini kaybetti\u011fi i\u00e7in vaadinden d\u00f6nd\u00fc\u011f\u00fcn\u00fc kabul etti.<\/p>\n<p>&#13;<br \/>\n\tToplamda 38 milyon <a href=\"https:\/\/www.trthaber.com\/etiket\/dolar\/\" target=\"_blank\">dolar<\/a> nakdi yard\u0131mda bulundu\u011funu belirten Musk, bunun yan\u0131 s\u0131ra markas\u0131n\u0131n g\u00fcc\u00fc, i\u015fe al\u0131m \u00e7abalar\u0131 ve ba\u011flant\u0131lar\u0131 gibi &#8220;itibari katk\u0131lar\u0131n\u0131n&#8221; de\u011ferine dikkat \u00e7ekti. Hakim, Musk\u2019\u0131n bu savunmalar\u0131 \u00fczerine birka\u00e7 kez do\u011frudan sorulara yan\u0131t vermesi konusunda uyar\u0131da bulunmak zorunda kald\u0131.<\/p>\n<h2>&#13;<br \/>\n\tBundan sonra ne olacak?<\/h2>\n<p>&#13;<br \/>\n\t<a href=\"https:\/\/www.trthaber.com\/etiket\/yapay-zeka\/\" target=\"_blank\">Yapay zeka<\/a> d\u00fcnyas\u0131n\u0131n sonucuna kilitlendi\u011fi davada karar\u0131n May\u0131s ay\u0131 ortas\u0131nda a\u00e7\u0131klanmas\u0131 bekleniyor.<\/p>\n<p>&#13;<br \/>\n\tMahkemeden \u00e7\u0131kacak karar, teknoloji d\u00fcnyas\u0131nda ta\u015flar\u0131 yerinden oynatacak nitelikte.<\/p>\n<p>&#13;<br \/>\n\tOlas\u0131 bir &#8220;kurulu\u015f senedi ihlali&#8221; karar\u0131, OpenAI\u2019\u0131n y\u00f6netim yap\u0131s\u0131n\u0131n tamamen de\u011fi\u015fmesine ve <a href=\"https:\/\/www.trthaber.com\/etiket\/sam-altman\/\" target=\"_blank\">Sam Altman<\/a> dahil mevcut y\u00f6neticilerin g\u00f6revden al\u0131nmas\u0131na yol a\u00e7abilir.<\/p>\n<p>&#13;<br \/>\n\tAyr\u0131ca, \u015firketin 2026 sonunda planlad\u0131\u011f\u0131 ve 1 trilyon dolarl\u0131k bir de\u011ferlemeye ula\u015fmas\u0131 beklenen\u00a0<a href=\"https:\/\/www.trthaber.com\/etiket\/halka-arz\/\" target=\"_blank\">halka arz<\/a>\u00a0s\u00fcreci de yarg\u0131 karar\u0131yla tehlikeye girebilir.<\/p>\n<p>&#13;<br \/>\n\tUzmanlar, davan\u0131n sonucunun yapay zeka teknolojisinin &#8220;kamu mal\u0131&#8221; m\u0131 yoksa &#8220;ticari bir \u00fcr\u00fcn&#8221; m\u00fc oldu\u011fu tart\u0131\u015fmas\u0131na son noktay\u0131 koyaca\u011f\u0131n\u0131 belirtiyor.<\/p>\n<\/p><\/div>\n","protected":false},"excerpt":{"rendered":"<p>&#13; \u0130ki dev isim aras\u0131ndaki yol ayr\u0131m\u0131, 2015 y\u0131l\u0131na dayan\u0131yor. &#13; OpenAI; Elon Musk,\u00a0Sam Altman\u00a0ve Greg Brockman taraf\u0131ndan &#8220;insanl\u0131\u011f\u0131n yarar\u0131na&#8221;, k\u00e2r amac\u0131 g\u00fctmeyen ve a\u00e7\u0131k kaynakl\u0131 bir\u00a0ara\u015ft\u0131rma\u00a0laboratuvar\u0131 olarak kuruldu. &#13; Kurulu\u015f a\u015famas\u0131nda yakla\u015f\u0131k 38 milyon dolarl\u0131k finansman sa\u011flayan ve \u015firketin ismini bizzat belirleyen Musk, yapay zekan\u0131n tek bir merkezin kontrol\u00fcne girmemesi gerekti\u011fini savundu. &#13; Ancak [&hellip;]<\/p>\n","protected":false},"author":1,"featured_media":31736,"comment_status":"open","ping_status":"open","sticky":false,"template":"","format":"standard","meta":{"jnews-multi-image_gallery":[],"jnews_single_post":[],"jnews_primary_category":[],"jnews_social_meta":[],"jnews_override_counter":[],"footnotes":""},"categories":[2],"tags":[],"class_list":["post-37672","post","type-post","status-publish","format-standard","has-post-thumbnail","hentry","category-dunya"],"yoast_head":"<!-- This site is optimized with the Yoast SEO plugin v27.5 - https:\/\/yoast.com\/product\/yoast-seo-wordpress\/ -->\n<title>Yapay zeka d\u00fcnyas\u0131nda gelece\u011fi \u015fekillendirecek tarihi dava - Kuzeyin Sesi<\/title>\n<meta name=\"robots\" content=\"index, follow, max-snippet:-1, max-image-preview:large, max-video-preview:-1\" \/>\n<link rel=\"canonical\" href=\"https:\/\/kuzeyinsesi.org\/index.php\/2026\/04\/30\/yapay-zeka-dunyasinda-gelecegi-sekillendirecek-tarihi-dava\/\" \/>\n<meta property=\"og:locale\" content=\"tr_TR\" \/>\n<meta property=\"og:type\" content=\"article\" \/>\n<meta property=\"og:title\" content=\"Yapay zeka d\u00fcnyas\u0131nda gelece\u011fi \u015fekillendirecek tarihi dava - Kuzeyin Sesi\" \/>\n<meta property=\"og:description\" content=\"&#013; \u0130ki dev isim aras\u0131ndaki yol ayr\u0131m\u0131, 2015 y\u0131l\u0131na dayan\u0131yor. &#013; OpenAI; Elon Musk,\u00a0Sam Altman\u00a0ve Greg Brockman taraf\u0131ndan &#8220;insanl\u0131\u011f\u0131n yarar\u0131na&#8221;, k\u00e2r amac\u0131 g\u00fctmeyen ve a\u00e7\u0131k kaynakl\u0131 bir\u00a0ara\u015ft\u0131rma\u00a0laboratuvar\u0131 olarak kuruldu. &#013; Kurulu\u015f a\u015famas\u0131nda yakla\u015f\u0131k 38 milyon dolarl\u0131k finansman sa\u011flayan ve \u015firketin ismini bizzat belirleyen Musk, yapay zekan\u0131n tek bir merkezin kontrol\u00fcne girmemesi gerekti\u011fini savundu. &#013; Ancak [&hellip;]\" \/>\n<meta property=\"og:url\" content=\"https:\/\/kuzeyinsesi.org\/index.php\/2026\/04\/30\/yapay-zeka-dunyasinda-gelecegi-sekillendirecek-tarihi-dava\/\" \/>\n<meta property=\"og:site_name\" content=\"Kuzeyin Sesi\" \/>\n<meta property=\"article:publisher\" content=\"https:\/\/www.facebook.com\/kuzeyinsesii\" \/>\n<meta property=\"article:published_time\" content=\"2026-04-30T04:58:31+00:00\" \/>\n<meta property=\"og:image\" content=\"https:\/\/trthaberstatic.cdn.wp.trt.com.tr\/resimler\/2356000\/abd-mahkeme-abd-avukat-abd-juri-abd-hakim-getty-2356890.jpg\" \/>\n<meta name=\"author\" content=\"Kuzeyin Sesi\" \/>\n<meta name=\"twitter:card\" content=\"summary_large_image\" \/>\n<meta name=\"twitter:creator\" content=\"@kuzeyinsesii\" \/>\n<meta name=\"twitter:site\" content=\"@kuzeyinsesii\" \/>\n<meta name=\"twitter:label1\" content=\"Yazan:\" \/>\n\t<meta name=\"twitter:data1\" content=\"Kuzeyin Sesi\" \/>\n\t<meta name=\"twitter:label2\" content=\"Tahmini okuma s\u00fcresi\" \/>\n\t<meta name=\"twitter:data2\" content=\"3 dakika\" \/>\n<script type=\"application\/ld+json\" class=\"yoast-schema-graph\">{\"@context\":\"https:\\\/\\\/schema.org\",\"@graph\":[{\"@type\":\"Article\",\"@id\":\"https:\\\/\\\/kuzeyinsesi.org\\\/index.php\\\/2026\\\/04\\\/30\\\/yapay-zeka-dunyasinda-gelecegi-sekillendirecek-tarihi-dava\\\/#article\",\"isPartOf\":{\"@id\":\"https:\\\/\\\/kuzeyinsesi.org\\\/index.php\\\/2026\\\/04\\\/30\\\/yapay-zeka-dunyasinda-gelecegi-sekillendirecek-tarihi-dava\\\/\"},\"author\":{\"name\":\"Kuzeyin Sesi\",\"@id\":\"https:\\\/\\\/kuzeyinsesi.org\\\/#\\\/schema\\\/person\\\/9f859689cdf01485597712386e37f5aa\"},\"headline\":\"Yapay zeka d\u00fcnyas\u0131nda gelece\u011fi \u015fekillendirecek tarihi dava\",\"datePublished\":\"2026-04-30T04:58:31+00:00\",\"mainEntityOfPage\":{\"@id\":\"https:\\\/\\\/kuzeyinsesi.org\\\/index.php\\\/2026\\\/04\\\/30\\\/yapay-zeka-dunyasinda-gelecegi-sekillendirecek-tarihi-dava\\\/\"},\"wordCount\":591,\"commentCount\":0,\"image\":{\"@id\":\"https:\\\/\\\/kuzeyinsesi.org\\\/index.php\\\/2026\\\/04\\\/30\\\/yapay-zeka-dunyasinda-gelecegi-sekillendirecek-tarihi-dava\\\/#primaryimage\"},\"thumbnailUrl\":\"https:\\\/\\\/kuzeyinsesi.org\\\/wp-content\\\/uploads\\\/2025\\\/09\\\/abd-mahkeme-abd-avukat-abd-juri-abd-hakim-getty-2356890.jpg\",\"articleSection\":[\"D\u00fcnya\"],\"inLanguage\":\"tr\",\"potentialAction\":[{\"@type\":\"CommentAction\",\"name\":\"Comment\",\"target\":[\"https:\\\/\\\/kuzeyinsesi.org\\\/index.php\\\/2026\\\/04\\\/30\\\/yapay-zeka-dunyasinda-gelecegi-sekillendirecek-tarihi-dava\\\/#respond\"]}]},{\"@type\":\"WebPage\",\"@id\":\"https:\\\/\\\/kuzeyinsesi.org\\\/index.php\\\/2026\\\/04\\\/30\\\/yapay-zeka-dunyasinda-gelecegi-sekillendirecek-tarihi-dava\\\/\",\"url\":\"https:\\\/\\\/kuzeyinsesi.org\\\/index.php\\\/2026\\\/04\\\/30\\\/yapay-zeka-dunyasinda-gelecegi-sekillendirecek-tarihi-dava\\\/\",\"name\":\"Yapay zeka d\u00fcnyas\u0131nda gelece\u011fi \u015fekillendirecek tarihi dava - Kuzeyin Sesi\",\"isPartOf\":{\"@id\":\"https:\\\/\\\/kuzeyinsesi.org\\\/#website\"},\"primaryImageOfPage\":{\"@id\":\"https:\\\/\\\/kuzeyinsesi.org\\\/index.php\\\/2026\\\/04\\\/30\\\/yapay-zeka-dunyasinda-gelecegi-sekillendirecek-tarihi-dava\\\/#primaryimage\"},\"image\":{\"@id\":\"https:\\\/\\\/kuzeyinsesi.org\\\/index.php\\\/2026\\\/04\\\/30\\\/yapay-zeka-dunyasinda-gelecegi-sekillendirecek-tarihi-dava\\\/#primaryimage\"},\"thumbnailUrl\":\"https:\\\/\\\/kuzeyinsesi.org\\\/wp-content\\\/uploads\\\/2025\\\/09\\\/abd-mahkeme-abd-avukat-abd-juri-abd-hakim-getty-2356890.jpg\",\"datePublished\":\"2026-04-30T04:58:31+00:00\",\"author\":{\"@id\":\"https:\\\/\\\/kuzeyinsesi.org\\\/#\\\/schema\\\/person\\\/9f859689cdf01485597712386e37f5aa\"},\"breadcrumb\":{\"@id\":\"https:\\\/\\\/kuzeyinsesi.org\\\/index.php\\\/2026\\\/04\\\/30\\\/yapay-zeka-dunyasinda-gelecegi-sekillendirecek-tarihi-dava\\\/#breadcrumb\"},\"inLanguage\":\"tr\",\"potentialAction\":[{\"@type\":\"ReadAction\",\"target\":[\"https:\\\/\\\/kuzeyinsesi.org\\\/index.php\\\/2026\\\/04\\\/30\\\/yapay-zeka-dunyasinda-gelecegi-sekillendirecek-tarihi-dava\\\/\"]}]},{\"@type\":\"ImageObject\",\"inLanguage\":\"tr\",\"@id\":\"https:\\\/\\\/kuzeyinsesi.org\\\/index.php\\\/2026\\\/04\\\/30\\\/yapay-zeka-dunyasinda-gelecegi-sekillendirecek-tarihi-dava\\\/#primaryimage\",\"url\":\"https:\\\/\\\/kuzeyinsesi.org\\\/wp-content\\\/uploads\\\/2025\\\/09\\\/abd-mahkeme-abd-avukat-abd-juri-abd-hakim-getty-2356890.jpg\",\"contentUrl\":\"https:\\\/\\\/kuzeyinsesi.org\\\/wp-content\\\/uploads\\\/2025\\\/09\\\/abd-mahkeme-abd-avukat-abd-juri-abd-hakim-getty-2356890.jpg\",\"width\":1280,\"height\":720},{\"@type\":\"BreadcrumbList\",\"@id\":\"https:\\\/\\\/kuzeyinsesi.org\\\/index.php\\\/2026\\\/04\\\/30\\\/yapay-zeka-dunyasinda-gelecegi-sekillendirecek-tarihi-dava\\\/#breadcrumb\",\"itemListElement\":[{\"@type\":\"ListItem\",\"position\":1,\"name\":\"Anasayfa\",\"item\":\"https:\\\/\\\/kuzeyinsesi.org\\\/\"},{\"@type\":\"ListItem\",\"position\":2,\"name\":\"Yapay zeka d\u00fcnyas\u0131nda gelece\u011fi \u015fekillendirecek tarihi dava\"}]},{\"@type\":\"WebSite\",\"@id\":\"https:\\\/\\\/kuzeyinsesi.org\\\/#website\",\"url\":\"https:\\\/\\\/kuzeyinsesi.org\\\/\",\"name\":\"Kuzeyin Sesi\",\"description\":\"Do\u011fru Haberin Adresi\",\"potentialAction\":[{\"@type\":\"SearchAction\",\"target\":{\"@type\":\"EntryPoint\",\"urlTemplate\":\"https:\\\/\\\/kuzeyinsesi.org\\\/?s={search_term_string}\"},\"query-input\":{\"@type\":\"PropertyValueSpecification\",\"valueRequired\":true,\"valueName\":\"search_term_string\"}}],\"inLanguage\":\"tr\"},{\"@type\":\"Person\",\"@id\":\"https:\\\/\\\/kuzeyinsesi.org\\\/#\\\/schema\\\/person\\\/9f859689cdf01485597712386e37f5aa\",\"name\":\"Kuzeyin Sesi\",\"image\":{\"@type\":\"ImageObject\",\"inLanguage\":\"tr\",\"@id\":\"https:\\\/\\\/secure.gravatar.com\\\/avatar\\\/bab33852abfd8b282518d6ed81826833d77c3c882d9ab608add591ccace47a44?s=96&d=mm&r=g\",\"url\":\"https:\\\/\\\/secure.gravatar.com\\\/avatar\\\/bab33852abfd8b282518d6ed81826833d77c3c882d9ab608add591ccace47a44?s=96&d=mm&r=g\",\"contentUrl\":\"https:\\\/\\\/secure.gravatar.com\\\/avatar\\\/bab33852abfd8b282518d6ed81826833d77c3c882d9ab608add591ccace47a44?s=96&d=mm&r=g\",\"caption\":\"Kuzeyin Sesi\"},\"sameAs\":[\"https:\\\/\\\/kuzeyinsesi.org\"],\"url\":\"https:\\\/\\\/kuzeyinsesi.org\\\/index.php\\\/author\\\/guven\\\/\"}]}<\/script>\n<!-- \/ Yoast SEO plugin. -->","yoast_head_json":{"title":"Yapay zeka d\u00fcnyas\u0131nda gelece\u011fi \u015fekillendirecek tarihi dava - Kuzeyin Sesi","robots":{"index":"index","follow":"follow","max-snippet":"max-snippet:-1","max-image-preview":"max-image-preview:large","max-video-preview":"max-video-preview:-1"},"canonical":"https:\/\/kuzeyinsesi.org\/index.php\/2026\/04\/30\/yapay-zeka-dunyasinda-gelecegi-sekillendirecek-tarihi-dava\/","og_locale":"tr_TR","og_type":"article","og_title":"Yapay zeka d\u00fcnyas\u0131nda gelece\u011fi \u015fekillendirecek tarihi dava - Kuzeyin Sesi","og_description":"&#13; \u0130ki dev isim aras\u0131ndaki yol ayr\u0131m\u0131, 2015 y\u0131l\u0131na dayan\u0131yor. &#13; OpenAI; Elon Musk,\u00a0Sam Altman\u00a0ve Greg Brockman taraf\u0131ndan &#8220;insanl\u0131\u011f\u0131n yarar\u0131na&#8221;, k\u00e2r amac\u0131 g\u00fctmeyen ve a\u00e7\u0131k kaynakl\u0131 bir\u00a0ara\u015ft\u0131rma\u00a0laboratuvar\u0131 olarak kuruldu. &#13; Kurulu\u015f a\u015famas\u0131nda yakla\u015f\u0131k 38 milyon dolarl\u0131k finansman sa\u011flayan ve \u015firketin ismini bizzat belirleyen Musk, yapay zekan\u0131n tek bir merkezin kontrol\u00fcne girmemesi gerekti\u011fini savundu. &#13; Ancak [&hellip;]","og_url":"https:\/\/kuzeyinsesi.org\/index.php\/2026\/04\/30\/yapay-zeka-dunyasinda-gelecegi-sekillendirecek-tarihi-dava\/","og_site_name":"Kuzeyin Sesi","article_publisher":"https:\/\/www.facebook.com\/kuzeyinsesii","article_published_time":"2026-04-30T04:58:31+00:00","og_image":[{"url":"https:\/\/trthaberstatic.cdn.wp.trt.com.tr\/resimler\/2356000\/abd-mahkeme-abd-avukat-abd-juri-abd-hakim-getty-2356890.jpg","type":"","width":"","height":""}],"author":"Kuzeyin Sesi","twitter_card":"summary_large_image","twitter_creator":"@kuzeyinsesii","twitter_site":"@kuzeyinsesii","twitter_misc":{"Yazan:":"Kuzeyin Sesi","Tahmini okuma s\u00fcresi":"3 dakika"},"schema":{"@context":"https:\/\/schema.org","@graph":[{"@type":"Article","@id":"https:\/\/kuzeyinsesi.org\/index.php\/2026\/04\/30\/yapay-zeka-dunyasinda-gelecegi-sekillendirecek-tarihi-dava\/#article","isPartOf":{"@id":"https:\/\/kuzeyinsesi.org\/index.php\/2026\/04\/30\/yapay-zeka-dunyasinda-gelecegi-sekillendirecek-tarihi-dava\/"},"author":{"name":"Kuzeyin Sesi","@id":"https:\/\/kuzeyinsesi.org\/#\/schema\/person\/9f859689cdf01485597712386e37f5aa"},"headline":"Yapay zeka d\u00fcnyas\u0131nda gelece\u011fi \u015fekillendirecek tarihi dava","datePublished":"2026-04-30T04:58:31+00:00","mainEntityOfPage":{"@id":"https:\/\/kuzeyinsesi.org\/index.php\/2026\/04\/30\/yapay-zeka-dunyasinda-gelecegi-sekillendirecek-tarihi-dava\/"},"wordCount":591,"commentCount":0,"image":{"@id":"https:\/\/kuzeyinsesi.org\/index.php\/2026\/04\/30\/yapay-zeka-dunyasinda-gelecegi-sekillendirecek-tarihi-dava\/#primaryimage"},"thumbnailUrl":"https:\/\/kuzeyinsesi.org\/wp-content\/uploads\/2025\/09\/abd-mahkeme-abd-avukat-abd-juri-abd-hakim-getty-2356890.jpg","articleSection":["D\u00fcnya"],"inLanguage":"tr","potentialAction":[{"@type":"CommentAction","name":"Comment","target":["https:\/\/kuzeyinsesi.org\/index.php\/2026\/04\/30\/yapay-zeka-dunyasinda-gelecegi-sekillendirecek-tarihi-dava\/#respond"]}]},{"@type":"WebPage","@id":"https:\/\/kuzeyinsesi.org\/index.php\/2026\/04\/30\/yapay-zeka-dunyasinda-gelecegi-sekillendirecek-tarihi-dava\/","url":"https:\/\/kuzeyinsesi.org\/index.php\/2026\/04\/30\/yapay-zeka-dunyasinda-gelecegi-sekillendirecek-tarihi-dava\/","name":"Yapay zeka d\u00fcnyas\u0131nda gelece\u011fi \u015fekillendirecek tarihi dava - Kuzeyin Sesi","isPartOf":{"@id":"https:\/\/kuzeyinsesi.org\/#website"},"primaryImageOfPage":{"@id":"https:\/\/kuzeyinsesi.org\/index.php\/2026\/04\/30\/yapay-zeka-dunyasinda-gelecegi-sekillendirecek-tarihi-dava\/#primaryimage"},"image":{"@id":"https:\/\/kuzeyinsesi.org\/index.php\/2026\/04\/30\/yapay-zeka-dunyasinda-gelecegi-sekillendirecek-tarihi-dava\/#primaryimage"},"thumbnailUrl":"https:\/\/kuzeyinsesi.org\/wp-content\/uploads\/2025\/09\/abd-mahkeme-abd-avukat-abd-juri-abd-hakim-getty-2356890.jpg","datePublished":"2026-04-30T04:58:31+00:00","author":{"@id":"https:\/\/kuzeyinsesi.org\/#\/schema\/person\/9f859689cdf01485597712386e37f5aa"},"breadcrumb":{"@id":"https:\/\/kuzeyinsesi.org\/index.php\/2026\/04\/30\/yapay-zeka-dunyasinda-gelecegi-sekillendirecek-tarihi-dava\/#breadcrumb"},"inLanguage":"tr","potentialAction":[{"@type":"ReadAction","target":["https:\/\/kuzeyinsesi.org\/index.php\/2026\/04\/30\/yapay-zeka-dunyasinda-gelecegi-sekillendirecek-tarihi-dava\/"]}]},{"@type":"ImageObject","inLanguage":"tr","@id":"https:\/\/kuzeyinsesi.org\/index.php\/2026\/04\/30\/yapay-zeka-dunyasinda-gelecegi-sekillendirecek-tarihi-dava\/#primaryimage","url":"https:\/\/kuzeyinsesi.org\/wp-content\/uploads\/2025\/09\/abd-mahkeme-abd-avukat-abd-juri-abd-hakim-getty-2356890.jpg","contentUrl":"https:\/\/kuzeyinsesi.org\/wp-content\/uploads\/2025\/09\/abd-mahkeme-abd-avukat-abd-juri-abd-hakim-getty-2356890.jpg","width":1280,"height":720},{"@type":"BreadcrumbList","@id":"https:\/\/kuzeyinsesi.org\/index.php\/2026\/04\/30\/yapay-zeka-dunyasinda-gelecegi-sekillendirecek-tarihi-dava\/#breadcrumb","itemListElement":[{"@type":"ListItem","position":1,"name":"Anasayfa","item":"https:\/\/kuzeyinsesi.org\/"},{"@type":"ListItem","position":2,"name":"Yapay zeka d\u00fcnyas\u0131nda gelece\u011fi \u015fekillendirecek tarihi dava"}]},{"@type":"WebSite","@id":"https:\/\/kuzeyinsesi.org\/#website","url":"https:\/\/kuzeyinsesi.org\/","name":"Kuzeyin Sesi","description":"Do\u011fru Haberin Adresi","potentialAction":[{"@type":"SearchAction","target":{"@type":"EntryPoint","urlTemplate":"https:\/\/kuzeyinsesi.org\/?s={search_term_string}"},"query-input":{"@type":"PropertyValueSpecification","valueRequired":true,"valueName":"search_term_string"}}],"inLanguage":"tr"},{"@type":"Person","@id":"https:\/\/kuzeyinsesi.org\/#\/schema\/person\/9f859689cdf01485597712386e37f5aa","name":"Kuzeyin Sesi","image":{"@type":"ImageObject","inLanguage":"tr","@id":"https:\/\/secure.gravatar.com\/avatar\/bab33852abfd8b282518d6ed81826833d77c3c882d9ab608add591ccace47a44?s=96&d=mm&r=g","url":"https:\/\/secure.gravatar.com\/avatar\/bab33852abfd8b282518d6ed81826833d77c3c882d9ab608add591ccace47a44?s=96&d=mm&r=g","contentUrl":"https:\/\/secure.gravatar.com\/avatar\/bab33852abfd8b282518d6ed81826833d77c3c882d9ab608add591ccace47a44?s=96&d=mm&r=g","caption":"Kuzeyin Sesi"},"sameAs":["https:\/\/kuzeyinsesi.org"],"url":"https:\/\/kuzeyinsesi.org\/index.php\/author\/guven\/"}]}},"_links":{"self":[{"href":"https:\/\/kuzeyinsesi.org\/index.php\/wp-json\/wp\/v2\/posts\/37672","targetHints":{"allow":["GET"]}}],"collection":[{"href":"https:\/\/kuzeyinsesi.org\/index.php\/wp-json\/wp\/v2\/posts"}],"about":[{"href":"https:\/\/kuzeyinsesi.org\/index.php\/wp-json\/wp\/v2\/types\/post"}],"author":[{"embeddable":true,"href":"https:\/\/kuzeyinsesi.org\/index.php\/wp-json\/wp\/v2\/users\/1"}],"replies":[{"embeddable":true,"href":"https:\/\/kuzeyinsesi.org\/index.php\/wp-json\/wp\/v2\/comments?post=37672"}],"version-history":[{"count":0,"href":"https:\/\/kuzeyinsesi.org\/index.php\/wp-json\/wp\/v2\/posts\/37672\/revisions"}],"wp:featuredmedia":[{"embeddable":true,"href":"https:\/\/kuzeyinsesi.org\/index.php\/wp-json\/wp\/v2\/media\/31736"}],"wp:attachment":[{"href":"https:\/\/kuzeyinsesi.org\/index.php\/wp-json\/wp\/v2\/media?parent=37672"}],"wp:term":[{"taxonomy":"category","embeddable":true,"href":"https:\/\/kuzeyinsesi.org\/index.php\/wp-json\/wp\/v2\/categories?post=37672"},{"taxonomy":"post_tag","embeddable":true,"href":"https:\/\/kuzeyinsesi.org\/index.php\/wp-json\/wp\/v2\/tags?post=37672"}],"curies":[{"name":"wp","href":"https:\/\/api.w.org\/{rel}","templated":true}]}}