{"id":37667,"date":"2026-04-30T02:15:48","date_gmt":"2026-04-29T23:15:48","guid":{"rendered":"https:\/\/kuzeyinsesi.org\/index.php\/2026\/04\/30\/iran-dusman-yeni-bir-asamaya-girdi-ulkeyi-iceriden-cokertmeyi-hedefliyor\/"},"modified":"2026-04-30T02:15:48","modified_gmt":"2026-04-29T23:15:48","slug":"iran-dusman-yeni-bir-asamaya-girdi-ulkeyi-iceriden-cokertmeyi-hedefliyor","status":"publish","type":"post","link":"https:\/\/kuzeyinsesi.org\/index.php\/2026\/04\/30\/iran-dusman-yeni-bir-asamaya-girdi-ulkeyi-iceriden-cokertmeyi-hedefliyor\/","title":{"rendered":"\u0130ran: D\u00fc\u015fman yeni bir a\u015famaya girdi, \u00fclkeyi i\u00e7eriden \u00e7\u00f6kertmeyi hedefliyor"},"content":{"rendered":"<p><\/p>\n<div>\n<p>&#13;<br \/>\n\t<a href=\"https:\/\/www.trthaber.com\/etiket\/iran\/\" target=\"_blank\">\u0130ran<\/a> resmi haber ajans\u0131 IRNA, Kalibaf&#8217;\u0131n konuya ili\u015fkin yapt\u0131\u011f\u0131 konu\u015fmay\u0131 yay\u0131mlad\u0131.<\/p>\n<p>&#13;<br \/>\n\t\u0130ran Meclis Ba\u015fkan\u0131, &#8220;D\u00fc\u015fman yeni bir a\u015famaya girmi\u015ftir. Deniz ablukas\u0131, <a href=\"https:\/\/www.trthaber.com\/etiket\/medya\/\" target=\"_blank\">medya<\/a> \u00fczerinden alg\u0131 olu\u015fturma, ekonomik bask\u0131 ve \u00fclke i\u00e7inde ayr\u0131l\u0131k \u00e7\u0131karmay\u0131 devreye sokarak bizi i\u00e7eriden zay\u0131flatmay\u0131 ve hatta \u00e7\u00f6kertmeyi hedefliyor.&#8221; dedi.<\/p>\n<p>&#13;<br \/>\n\t<a href=\"https:\/\/www.trthaber.com\/etiket\/abd\/\" target=\"_blank\">ABD<\/a> Ba\u015fkan\u0131 Donald Trump&#8217;\u0131n \u00fclkeyi &#8220;sertlik yanl\u0131lar\u0131 ve \u0131l\u0131ml\u0131lar&#8221; diye ikiye ay\u0131rarak ard\u0131ndan deniz ablukas\u0131, ekonomik bask\u0131 ve i\u00e7 ayr\u0131\u015fma yoluyla teslim almaya \u00e7al\u0131\u015ft\u0131\u011f\u0131na i\u015faret eden Kalibaf, \u015fu ifadeleri kulland\u0131:<\/p>\n<p>&#13;<br \/>\n\t&#8220;Bu yeni komploya kar\u015f\u0131 tek \u00e7\u00f6z\u00fcm birlik ve beraberli\u011fi korumakt\u0131r. Ba\u015f\u0131ndan beri t\u00fcm d\u00fc\u015fman planlar\u0131n\u0131 bo\u015fa \u00e7\u0131karan \u015fey toplumsal birliktir ve bug\u00fcn bu daha da \u00f6nemlidir. Ayr\u0131l\u0131k \u00e7\u0131karacak her hareket, d\u00fc\u015fman\u0131n plan\u0131n\u0131n bir par\u00e7as\u0131 olacakt\u0131r.&#8221;<\/p>\n<p>&#13;<br \/>\n\tBirli\u011fin \u00fclke lideri <a href=\"https:\/\/www.trthaber.com\/etiket\/mucteba-hamaney\/\" target=\"_blank\">M\u00fccteba Hamaney<\/a> merkezli oldu\u011funa i\u015faret eden Kalibaf, askeri ve siyasi yetkililer aras\u0131nda tam bir birlik i\u00e7inde \u00e7al\u0131\u015fmalar\u0131n y\u00fcr\u00fct\u00fcld\u00fc\u011f\u00fcn\u00fc kaydetti.<\/p>\n<\/p><\/div>\n","protected":false},"excerpt":{"rendered":"<p>&#13; \u0130ran resmi haber ajans\u0131 IRNA, Kalibaf&#8217;\u0131n konuya ili\u015fkin yapt\u0131\u011f\u0131 konu\u015fmay\u0131 yay\u0131mlad\u0131. &#13; \u0130ran Meclis Ba\u015fkan\u0131, &#8220;D\u00fc\u015fman yeni bir a\u015famaya girmi\u015ftir. Deniz ablukas\u0131, medya \u00fczerinden alg\u0131 olu\u015fturma, ekonomik bask\u0131 ve \u00fclke i\u00e7inde ayr\u0131l\u0131k \u00e7\u0131karmay\u0131 devreye sokarak bizi i\u00e7eriden zay\u0131flatmay\u0131 ve hatta \u00e7\u00f6kertmeyi hedefliyor.&#8221; dedi. &#13; ABD Ba\u015fkan\u0131 Donald Trump&#8217;\u0131n \u00fclkeyi &#8220;sertlik yanl\u0131lar\u0131 ve \u0131l\u0131ml\u0131lar&#8221; diye [&hellip;]<\/p>\n","protected":false},"author":1,"featured_media":36812,"comment_status":"open","ping_status":"open","sticky":false,"template":"","format":"standard","meta":{"jnews-multi-image_gallery":[],"jnews_single_post":[],"jnews_primary_category":[],"jnews_social_meta":[],"jnews_override_counter":[],"footnotes":""},"categories":[2],"tags":[],"class_list":["post-37667","post","type-post","status-publish","format-standard","has-post-thumbnail","hentry","category-dunya"],"yoast_head":"<!-- This site is optimized with the Yoast SEO plugin v27.5 - https:\/\/yoast.com\/product\/yoast-seo-wordpress\/ -->\n<title>\u0130ran: D\u00fc\u015fman yeni bir a\u015famaya girdi, \u00fclkeyi i\u00e7eriden \u00e7\u00f6kertmeyi hedefliyor - Kuzeyin Sesi<\/title>\n<meta name=\"robots\" content=\"index, follow, max-snippet:-1, max-image-preview:large, max-video-preview:-1\" \/>\n<link rel=\"canonical\" href=\"https:\/\/kuzeyinsesi.org\/index.php\/2026\/04\/30\/iran-dusman-yeni-bir-asamaya-girdi-ulkeyi-iceriden-cokertmeyi-hedefliyor\/\" \/>\n<meta property=\"og:locale\" content=\"tr_TR\" \/>\n<meta property=\"og:type\" content=\"article\" \/>\n<meta property=\"og:title\" content=\"\u0130ran: D\u00fc\u015fman yeni bir a\u015famaya girdi, \u00fclkeyi i\u00e7eriden \u00e7\u00f6kertmeyi hedefliyor - Kuzeyin Sesi\" \/>\n<meta property=\"og:description\" content=\"&#013; \u0130ran resmi haber ajans\u0131 IRNA, Kalibaf&#8217;\u0131n konuya ili\u015fkin yapt\u0131\u011f\u0131 konu\u015fmay\u0131 yay\u0131mlad\u0131. &#013; \u0130ran Meclis Ba\u015fkan\u0131, &#8220;D\u00fc\u015fman yeni bir a\u015famaya girmi\u015ftir. Deniz ablukas\u0131, medya \u00fczerinden alg\u0131 olu\u015fturma, ekonomik bask\u0131 ve \u00fclke i\u00e7inde ayr\u0131l\u0131k \u00e7\u0131karmay\u0131 devreye sokarak bizi i\u00e7eriden zay\u0131flatmay\u0131 ve hatta \u00e7\u00f6kertmeyi hedefliyor.&#8221; dedi. &#013; ABD Ba\u015fkan\u0131 Donald Trump&#8217;\u0131n \u00fclkeyi &#8220;sertlik yanl\u0131lar\u0131 ve \u0131l\u0131ml\u0131lar&#8221; diye [&hellip;]\" \/>\n<meta property=\"og:url\" content=\"https:\/\/kuzeyinsesi.org\/index.php\/2026\/04\/30\/iran-dusman-yeni-bir-asamaya-girdi-ulkeyi-iceriden-cokertmeyi-hedefliyor\/\" \/>\n<meta property=\"og:site_name\" content=\"Kuzeyin Sesi\" \/>\n<meta property=\"article:publisher\" content=\"https:\/\/www.facebook.com\/kuzeyinsesii\" \/>\n<meta property=\"article:published_time\" content=\"2026-04-29T23:15:48+00:00\" \/>\n<meta property=\"og:image\" content=\"https:\/\/trthaberstatic.cdn.wp.trt.com.tr\/resimler\/2442000\/iran-mozaik-savunma-stratejisi-2443678.jpg\" \/>\n<meta name=\"author\" content=\"Kuzeyin Sesi\" \/>\n<meta name=\"twitter:card\" content=\"summary_large_image\" \/>\n<meta name=\"twitter:creator\" content=\"@kuzeyinsesii\" \/>\n<meta name=\"twitter:site\" content=\"@kuzeyinsesii\" \/>\n<meta name=\"twitter:label1\" content=\"Yazan:\" \/>\n\t<meta name=\"twitter:data1\" content=\"Kuzeyin Sesi\" \/>\n\t<meta name=\"twitter:label2\" content=\"Tahmini okuma s\u00fcresi\" \/>\n\t<meta name=\"twitter:data2\" content=\"1 dakika\" \/>\n<script type=\"application\/ld+json\" class=\"yoast-schema-graph\">{\"@context\":\"https:\\\/\\\/schema.org\",\"@graph\":[{\"@type\":\"Article\",\"@id\":\"https:\\\/\\\/kuzeyinsesi.org\\\/index.php\\\/2026\\\/04\\\/30\\\/iran-dusman-yeni-bir-asamaya-girdi-ulkeyi-iceriden-cokertmeyi-hedefliyor\\\/#article\",\"isPartOf\":{\"@id\":\"https:\\\/\\\/kuzeyinsesi.org\\\/index.php\\\/2026\\\/04\\\/30\\\/iran-dusman-yeni-bir-asamaya-girdi-ulkeyi-iceriden-cokertmeyi-hedefliyor\\\/\"},\"author\":{\"name\":\"Kuzeyin Sesi\",\"@id\":\"https:\\\/\\\/kuzeyinsesi.org\\\/#\\\/schema\\\/person\\\/9f859689cdf01485597712386e37f5aa\"},\"headline\":\"\u0130ran: D\u00fc\u015fman yeni bir a\u015famaya girdi, \u00fclkeyi i\u00e7eriden \u00e7\u00f6kertmeyi hedefliyor\",\"datePublished\":\"2026-04-29T23:15:48+00:00\",\"mainEntityOfPage\":{\"@id\":\"https:\\\/\\\/kuzeyinsesi.org\\\/index.php\\\/2026\\\/04\\\/30\\\/iran-dusman-yeni-bir-asamaya-girdi-ulkeyi-iceriden-cokertmeyi-hedefliyor\\\/\"},\"wordCount\":196,\"commentCount\":0,\"image\":{\"@id\":\"https:\\\/\\\/kuzeyinsesi.org\\\/index.php\\\/2026\\\/04\\\/30\\\/iran-dusman-yeni-bir-asamaya-girdi-ulkeyi-iceriden-cokertmeyi-hedefliyor\\\/#primaryimage\"},\"thumbnailUrl\":\"https:\\\/\\\/kuzeyinsesi.org\\\/wp-content\\\/uploads\\\/2026\\\/04\\\/iran-mozaik-savunma-stratejisi-2443678.jpg\",\"articleSection\":[\"D\u00fcnya\"],\"inLanguage\":\"tr\",\"potentialAction\":[{\"@type\":\"CommentAction\",\"name\":\"Comment\",\"target\":[\"https:\\\/\\\/kuzeyinsesi.org\\\/index.php\\\/2026\\\/04\\\/30\\\/iran-dusman-yeni-bir-asamaya-girdi-ulkeyi-iceriden-cokertmeyi-hedefliyor\\\/#respond\"]}]},{\"@type\":\"WebPage\",\"@id\":\"https:\\\/\\\/kuzeyinsesi.org\\\/index.php\\\/2026\\\/04\\\/30\\\/iran-dusman-yeni-bir-asamaya-girdi-ulkeyi-iceriden-cokertmeyi-hedefliyor\\\/\",\"url\":\"https:\\\/\\\/kuzeyinsesi.org\\\/index.php\\\/2026\\\/04\\\/30\\\/iran-dusman-yeni-bir-asamaya-girdi-ulkeyi-iceriden-cokertmeyi-hedefliyor\\\/\",\"name\":\"\u0130ran: D\u00fc\u015fman yeni bir a\u015famaya girdi, \u00fclkeyi i\u00e7eriden \u00e7\u00f6kertmeyi hedefliyor - Kuzeyin Sesi\",\"isPartOf\":{\"@id\":\"https:\\\/\\\/kuzeyinsesi.org\\\/#website\"},\"primaryImageOfPage\":{\"@id\":\"https:\\\/\\\/kuzeyinsesi.org\\\/index.php\\\/2026\\\/04\\\/30\\\/iran-dusman-yeni-bir-asamaya-girdi-ulkeyi-iceriden-cokertmeyi-hedefliyor\\\/#primaryimage\"},\"image\":{\"@id\":\"https:\\\/\\\/kuzeyinsesi.org\\\/index.php\\\/2026\\\/04\\\/30\\\/iran-dusman-yeni-bir-asamaya-girdi-ulkeyi-iceriden-cokertmeyi-hedefliyor\\\/#primaryimage\"},\"thumbnailUrl\":\"https:\\\/\\\/kuzeyinsesi.org\\\/wp-content\\\/uploads\\\/2026\\\/04\\\/iran-mozaik-savunma-stratejisi-2443678.jpg\",\"datePublished\":\"2026-04-29T23:15:48+00:00\",\"author\":{\"@id\":\"https:\\\/\\\/kuzeyinsesi.org\\\/#\\\/schema\\\/person\\\/9f859689cdf01485597712386e37f5aa\"},\"breadcrumb\":{\"@id\":\"https:\\\/\\\/kuzeyinsesi.org\\\/index.php\\\/2026\\\/04\\\/30\\\/iran-dusman-yeni-bir-asamaya-girdi-ulkeyi-iceriden-cokertmeyi-hedefliyor\\\/#breadcrumb\"},\"inLanguage\":\"tr\",\"potentialAction\":[{\"@type\":\"ReadAction\",\"target\":[\"https:\\\/\\\/kuzeyinsesi.org\\\/index.php\\\/2026\\\/04\\\/30\\\/iran-dusman-yeni-bir-asamaya-girdi-ulkeyi-iceriden-cokertmeyi-hedefliyor\\\/\"]}]},{\"@type\":\"ImageObject\",\"inLanguage\":\"tr\",\"@id\":\"https:\\\/\\\/kuzeyinsesi.org\\\/index.php\\\/2026\\\/04\\\/30\\\/iran-dusman-yeni-bir-asamaya-girdi-ulkeyi-iceriden-cokertmeyi-hedefliyor\\\/#primaryimage\",\"url\":\"https:\\\/\\\/kuzeyinsesi.org\\\/wp-content\\\/uploads\\\/2026\\\/04\\\/iran-mozaik-savunma-stratejisi-2443678.jpg\",\"contentUrl\":\"https:\\\/\\\/kuzeyinsesi.org\\\/wp-content\\\/uploads\\\/2026\\\/04\\\/iran-mozaik-savunma-stratejisi-2443678.jpg\",\"width\":1280,\"height\":720},{\"@type\":\"BreadcrumbList\",\"@id\":\"https:\\\/\\\/kuzeyinsesi.org\\\/index.php\\\/2026\\\/04\\\/30\\\/iran-dusman-yeni-bir-asamaya-girdi-ulkeyi-iceriden-cokertmeyi-hedefliyor\\\/#breadcrumb\",\"itemListElement\":[{\"@type\":\"ListItem\",\"position\":1,\"name\":\"Anasayfa\",\"item\":\"https:\\\/\\\/kuzeyinsesi.org\\\/\"},{\"@type\":\"ListItem\",\"position\":2,\"name\":\"\u0130ran: D\u00fc\u015fman yeni bir a\u015famaya girdi, \u00fclkeyi i\u00e7eriden \u00e7\u00f6kertmeyi hedefliyor\"}]},{\"@type\":\"WebSite\",\"@id\":\"https:\\\/\\\/kuzeyinsesi.org\\\/#website\",\"url\":\"https:\\\/\\\/kuzeyinsesi.org\\\/\",\"name\":\"Kuzeyin Sesi\",\"description\":\"Do\u011fru Haberin Adresi\",\"potentialAction\":[{\"@type\":\"SearchAction\",\"target\":{\"@type\":\"EntryPoint\",\"urlTemplate\":\"https:\\\/\\\/kuzeyinsesi.org\\\/?s={search_term_string}\"},\"query-input\":{\"@type\":\"PropertyValueSpecification\",\"valueRequired\":true,\"valueName\":\"search_term_string\"}}],\"inLanguage\":\"tr\"},{\"@type\":\"Person\",\"@id\":\"https:\\\/\\\/kuzeyinsesi.org\\\/#\\\/schema\\\/person\\\/9f859689cdf01485597712386e37f5aa\",\"name\":\"Kuzeyin Sesi\",\"image\":{\"@type\":\"ImageObject\",\"inLanguage\":\"tr\",\"@id\":\"https:\\\/\\\/secure.gravatar.com\\\/avatar\\\/bab33852abfd8b282518d6ed81826833d77c3c882d9ab608add591ccace47a44?s=96&d=mm&r=g\",\"url\":\"https:\\\/\\\/secure.gravatar.com\\\/avatar\\\/bab33852abfd8b282518d6ed81826833d77c3c882d9ab608add591ccace47a44?s=96&d=mm&r=g\",\"contentUrl\":\"https:\\\/\\\/secure.gravatar.com\\\/avatar\\\/bab33852abfd8b282518d6ed81826833d77c3c882d9ab608add591ccace47a44?s=96&d=mm&r=g\",\"caption\":\"Kuzeyin Sesi\"},\"sameAs\":[\"https:\\\/\\\/kuzeyinsesi.org\"],\"url\":\"https:\\\/\\\/kuzeyinsesi.org\\\/index.php\\\/author\\\/guven\\\/\"}]}<\/script>\n<!-- \/ Yoast SEO plugin. -->","yoast_head_json":{"title":"\u0130ran: D\u00fc\u015fman yeni bir a\u015famaya girdi, \u00fclkeyi i\u00e7eriden \u00e7\u00f6kertmeyi hedefliyor - Kuzeyin Sesi","robots":{"index":"index","follow":"follow","max-snippet":"max-snippet:-1","max-image-preview":"max-image-preview:large","max-video-preview":"max-video-preview:-1"},"canonical":"https:\/\/kuzeyinsesi.org\/index.php\/2026\/04\/30\/iran-dusman-yeni-bir-asamaya-girdi-ulkeyi-iceriden-cokertmeyi-hedefliyor\/","og_locale":"tr_TR","og_type":"article","og_title":"\u0130ran: D\u00fc\u015fman yeni bir a\u015famaya girdi, \u00fclkeyi i\u00e7eriden \u00e7\u00f6kertmeyi hedefliyor - Kuzeyin Sesi","og_description":"&#13; \u0130ran resmi haber ajans\u0131 IRNA, Kalibaf&#8217;\u0131n konuya ili\u015fkin yapt\u0131\u011f\u0131 konu\u015fmay\u0131 yay\u0131mlad\u0131. &#13; \u0130ran Meclis Ba\u015fkan\u0131, &#8220;D\u00fc\u015fman yeni bir a\u015famaya girmi\u015ftir. Deniz ablukas\u0131, medya \u00fczerinden alg\u0131 olu\u015fturma, ekonomik bask\u0131 ve \u00fclke i\u00e7inde ayr\u0131l\u0131k \u00e7\u0131karmay\u0131 devreye sokarak bizi i\u00e7eriden zay\u0131flatmay\u0131 ve hatta \u00e7\u00f6kertmeyi hedefliyor.&#8221; dedi. &#13; ABD Ba\u015fkan\u0131 Donald Trump&#8217;\u0131n \u00fclkeyi &#8220;sertlik yanl\u0131lar\u0131 ve \u0131l\u0131ml\u0131lar&#8221; diye [&hellip;]","og_url":"https:\/\/kuzeyinsesi.org\/index.php\/2026\/04\/30\/iran-dusman-yeni-bir-asamaya-girdi-ulkeyi-iceriden-cokertmeyi-hedefliyor\/","og_site_name":"Kuzeyin Sesi","article_publisher":"https:\/\/www.facebook.com\/kuzeyinsesii","article_published_time":"2026-04-29T23:15:48+00:00","og_image":[{"url":"https:\/\/trthaberstatic.cdn.wp.trt.com.tr\/resimler\/2442000\/iran-mozaik-savunma-stratejisi-2443678.jpg","type":"","width":"","height":""}],"author":"Kuzeyin Sesi","twitter_card":"summary_large_image","twitter_creator":"@kuzeyinsesii","twitter_site":"@kuzeyinsesii","twitter_misc":{"Yazan:":"Kuzeyin Sesi","Tahmini okuma s\u00fcresi":"1 dakika"},"schema":{"@context":"https:\/\/schema.org","@graph":[{"@type":"Article","@id":"https:\/\/kuzeyinsesi.org\/index.php\/2026\/04\/30\/iran-dusman-yeni-bir-asamaya-girdi-ulkeyi-iceriden-cokertmeyi-hedefliyor\/#article","isPartOf":{"@id":"https:\/\/kuzeyinsesi.org\/index.php\/2026\/04\/30\/iran-dusman-yeni-bir-asamaya-girdi-ulkeyi-iceriden-cokertmeyi-hedefliyor\/"},"author":{"name":"Kuzeyin Sesi","@id":"https:\/\/kuzeyinsesi.org\/#\/schema\/person\/9f859689cdf01485597712386e37f5aa"},"headline":"\u0130ran: D\u00fc\u015fman yeni bir a\u015famaya girdi, \u00fclkeyi i\u00e7eriden \u00e7\u00f6kertmeyi hedefliyor","datePublished":"2026-04-29T23:15:48+00:00","mainEntityOfPage":{"@id":"https:\/\/kuzeyinsesi.org\/index.php\/2026\/04\/30\/iran-dusman-yeni-bir-asamaya-girdi-ulkeyi-iceriden-cokertmeyi-hedefliyor\/"},"wordCount":196,"commentCount":0,"image":{"@id":"https:\/\/kuzeyinsesi.org\/index.php\/2026\/04\/30\/iran-dusman-yeni-bir-asamaya-girdi-ulkeyi-iceriden-cokertmeyi-hedefliyor\/#primaryimage"},"thumbnailUrl":"https:\/\/kuzeyinsesi.org\/wp-content\/uploads\/2026\/04\/iran-mozaik-savunma-stratejisi-2443678.jpg","articleSection":["D\u00fcnya"],"inLanguage":"tr","potentialAction":[{"@type":"CommentAction","name":"Comment","target":["https:\/\/kuzeyinsesi.org\/index.php\/2026\/04\/30\/iran-dusman-yeni-bir-asamaya-girdi-ulkeyi-iceriden-cokertmeyi-hedefliyor\/#respond"]}]},{"@type":"WebPage","@id":"https:\/\/kuzeyinsesi.org\/index.php\/2026\/04\/30\/iran-dusman-yeni-bir-asamaya-girdi-ulkeyi-iceriden-cokertmeyi-hedefliyor\/","url":"https:\/\/kuzeyinsesi.org\/index.php\/2026\/04\/30\/iran-dusman-yeni-bir-asamaya-girdi-ulkeyi-iceriden-cokertmeyi-hedefliyor\/","name":"\u0130ran: D\u00fc\u015fman yeni bir a\u015famaya girdi, \u00fclkeyi i\u00e7eriden \u00e7\u00f6kertmeyi hedefliyor - Kuzeyin Sesi","isPartOf":{"@id":"https:\/\/kuzeyinsesi.org\/#website"},"primaryImageOfPage":{"@id":"https:\/\/kuzeyinsesi.org\/index.php\/2026\/04\/30\/iran-dusman-yeni-bir-asamaya-girdi-ulkeyi-iceriden-cokertmeyi-hedefliyor\/#primaryimage"},"image":{"@id":"https:\/\/kuzeyinsesi.org\/index.php\/2026\/04\/30\/iran-dusman-yeni-bir-asamaya-girdi-ulkeyi-iceriden-cokertmeyi-hedefliyor\/#primaryimage"},"thumbnailUrl":"https:\/\/kuzeyinsesi.org\/wp-content\/uploads\/2026\/04\/iran-mozaik-savunma-stratejisi-2443678.jpg","datePublished":"2026-04-29T23:15:48+00:00","author":{"@id":"https:\/\/kuzeyinsesi.org\/#\/schema\/person\/9f859689cdf01485597712386e37f5aa"},"breadcrumb":{"@id":"https:\/\/kuzeyinsesi.org\/index.php\/2026\/04\/30\/iran-dusman-yeni-bir-asamaya-girdi-ulkeyi-iceriden-cokertmeyi-hedefliyor\/#breadcrumb"},"inLanguage":"tr","potentialAction":[{"@type":"ReadAction","target":["https:\/\/kuzeyinsesi.org\/index.php\/2026\/04\/30\/iran-dusman-yeni-bir-asamaya-girdi-ulkeyi-iceriden-cokertmeyi-hedefliyor\/"]}]},{"@type":"ImageObject","inLanguage":"tr","@id":"https:\/\/kuzeyinsesi.org\/index.php\/2026\/04\/30\/iran-dusman-yeni-bir-asamaya-girdi-ulkeyi-iceriden-cokertmeyi-hedefliyor\/#primaryimage","url":"https:\/\/kuzeyinsesi.org\/wp-content\/uploads\/2026\/04\/iran-mozaik-savunma-stratejisi-2443678.jpg","contentUrl":"https:\/\/kuzeyinsesi.org\/wp-content\/uploads\/2026\/04\/iran-mozaik-savunma-stratejisi-2443678.jpg","width":1280,"height":720},{"@type":"BreadcrumbList","@id":"https:\/\/kuzeyinsesi.org\/index.php\/2026\/04\/30\/iran-dusman-yeni-bir-asamaya-girdi-ulkeyi-iceriden-cokertmeyi-hedefliyor\/#breadcrumb","itemListElement":[{"@type":"ListItem","position":1,"name":"Anasayfa","item":"https:\/\/kuzeyinsesi.org\/"},{"@type":"ListItem","position":2,"name":"\u0130ran: D\u00fc\u015fman yeni bir a\u015famaya girdi, \u00fclkeyi i\u00e7eriden \u00e7\u00f6kertmeyi hedefliyor"}]},{"@type":"WebSite","@id":"https:\/\/kuzeyinsesi.org\/#website","url":"https:\/\/kuzeyinsesi.org\/","name":"Kuzeyin Sesi","description":"Do\u011fru Haberin Adresi","potentialAction":[{"@type":"SearchAction","target":{"@type":"EntryPoint","urlTemplate":"https:\/\/kuzeyinsesi.org\/?s={search_term_string}"},"query-input":{"@type":"PropertyValueSpecification","valueRequired":true,"valueName":"search_term_string"}}],"inLanguage":"tr"},{"@type":"Person","@id":"https:\/\/kuzeyinsesi.org\/#\/schema\/person\/9f859689cdf01485597712386e37f5aa","name":"Kuzeyin Sesi","image":{"@type":"ImageObject","inLanguage":"tr","@id":"https:\/\/secure.gravatar.com\/avatar\/bab33852abfd8b282518d6ed81826833d77c3c882d9ab608add591ccace47a44?s=96&d=mm&r=g","url":"https:\/\/secure.gravatar.com\/avatar\/bab33852abfd8b282518d6ed81826833d77c3c882d9ab608add591ccace47a44?s=96&d=mm&r=g","contentUrl":"https:\/\/secure.gravatar.com\/avatar\/bab33852abfd8b282518d6ed81826833d77c3c882d9ab608add591ccace47a44?s=96&d=mm&r=g","caption":"Kuzeyin Sesi"},"sameAs":["https:\/\/kuzeyinsesi.org"],"url":"https:\/\/kuzeyinsesi.org\/index.php\/author\/guven\/"}]}},"_links":{"self":[{"href":"https:\/\/kuzeyinsesi.org\/index.php\/wp-json\/wp\/v2\/posts\/37667","targetHints":{"allow":["GET"]}}],"collection":[{"href":"https:\/\/kuzeyinsesi.org\/index.php\/wp-json\/wp\/v2\/posts"}],"about":[{"href":"https:\/\/kuzeyinsesi.org\/index.php\/wp-json\/wp\/v2\/types\/post"}],"author":[{"embeddable":true,"href":"https:\/\/kuzeyinsesi.org\/index.php\/wp-json\/wp\/v2\/users\/1"}],"replies":[{"embeddable":true,"href":"https:\/\/kuzeyinsesi.org\/index.php\/wp-json\/wp\/v2\/comments?post=37667"}],"version-history":[{"count":0,"href":"https:\/\/kuzeyinsesi.org\/index.php\/wp-json\/wp\/v2\/posts\/37667\/revisions"}],"wp:featuredmedia":[{"embeddable":true,"href":"https:\/\/kuzeyinsesi.org\/index.php\/wp-json\/wp\/v2\/media\/36812"}],"wp:attachment":[{"href":"https:\/\/kuzeyinsesi.org\/index.php\/wp-json\/wp\/v2\/media?parent=37667"}],"wp:term":[{"taxonomy":"category","embeddable":true,"href":"https:\/\/kuzeyinsesi.org\/index.php\/wp-json\/wp\/v2\/categories?post=37667"},{"taxonomy":"post_tag","embeddable":true,"href":"https:\/\/kuzeyinsesi.org\/index.php\/wp-json\/wp\/v2\/tags?post=37667"}],"curies":[{"name":"wp","href":"https:\/\/api.w.org\/{rel}","templated":true}]}}