{"id":37604,"date":"2026-04-29T13:12:41","date_gmt":"2026-04-29T10:12:41","guid":{"rendered":"https:\/\/kuzeyinsesi.org\/index.php\/2026\/04\/29\/arkhe-roots-heritage-spring-sessions-etkinligi-gerceklestiriyor\/"},"modified":"2026-04-29T13:12:41","modified_gmt":"2026-04-29T10:12:41","slug":"arkhe-roots-heritage-spring-sessions-etkinligi-gerceklestiriyor","status":"publish","type":"post","link":"https:\/\/kuzeyinsesi.org\/index.php\/2026\/04\/29\/arkhe-roots-heritage-spring-sessions-etkinligi-gerceklestiriyor\/","title":{"rendered":"Arkhe \u201cRoots &#038; Heritage Spring Sessions\u201d etkinli\u011fi ger\u00e7ekle\u015ftiriyor"},"content":{"rendered":"<p>Arkhe, \u201cRoots &amp; Heritage Spring Sessions\u201d etkinli\u011fi Lefko\u015fa T\u00fcrk Belediyesi (LTB) himayesinde cumartesi g\u00fcn\u00fc \u0130plik Pazar\u0131\u2019nda ger\u00e7ekle\u015ftirilecek.<\/p>\n<p>LTB\u2019den verilen bilgiye g\u00f6re, blues ve rock m\u00fczi\u011fin temsilcilerinin 15.00-21.30 saatleri aras\u0131nda\u00a0yer alaca\u011f\u0131 etkinlikte, rock m\u00fczik tarihinin temsilcilerinden Jimi Hendrix\u2019in karde\u015fi Leon Hendrix de abisinin m\u00fczikal miras\u0131n\u0131 ya\u015fatt\u0131\u011f\u0131 performans\u0131yla KKTC&#8217;de ilk kez sahne alacak.<\/p>\n<p>Blues sahnesinin kad\u0131n vokal ve gitaristlerinden Bex Marshall\u2019\u0131n yan\u0131 s\u0131ra K\u0131br\u0131s\u2019\u0131n m\u00fczik gruplar\u0131 Blue Tears, The Great Flood, Fireballs ve Alper Cengiz &amp; Friends&#8217;in de yer alaca\u011f\u0131 ekinlikte, Ahmet Ak\u0131nsel performans\u0131 ve festivale \u00f6zel DJ setleri ile Serdar Eren de g\u00fcn boyunca m\u00fczikseverlerle bulu\u015facak.<\/p>\n<p>Halka a\u00e7\u0131k ve \u00fccretsiz olan\u00a0etkinlikte,\u00a0Kuzey K\u0131br\u0131s Klasik ve Spor Otomobil Kurumu da klasik ara\u00e7lar\u0131 yan\u0131nda yiyecek-i\u00e7ecek sat\u0131\u015f alanlar\u0131yla \u0130plik Pazar\u0131\u2019nda olacak.<\/p>\n","protected":false},"excerpt":{"rendered":"<p>Arkhe, \u201cRoots &amp; Heritage Spring Sessions\u201d etkinli\u011fi Lefko\u015fa T\u00fcrk Belediyesi (LTB) himayesinde cumartesi g\u00fcn\u00fc \u0130plik Pazar\u0131\u2019nda ger\u00e7ekle\u015ftirilecek. LTB\u2019den verilen bilgiye g\u00f6re, blues ve rock m\u00fczi\u011fin temsilcilerinin 15.00-21.30 saatleri aras\u0131nda\u00a0yer alaca\u011f\u0131 etkinlikte, rock m\u00fczik tarihinin temsilcilerinden Jimi Hendrix\u2019in karde\u015fi Leon Hendrix de abisinin m\u00fczikal miras\u0131n\u0131 ya\u015fatt\u0131\u011f\u0131 performans\u0131yla KKTC&#8217;de ilk kez sahne alacak. Blues sahnesinin kad\u0131n vokal [&hellip;]<\/p>\n","protected":false},"author":1,"featured_media":37605,"comment_status":"open","ping_status":"open","sticky":false,"template":"","format":"standard","meta":{"jnews-multi-image_gallery":[],"jnews_single_post":[],"jnews_primary_category":[],"jnews_social_meta":[],"jnews_override_counter":[],"footnotes":""},"categories":[1],"tags":[],"class_list":["post-37604","post","type-post","status-publish","format-standard","has-post-thumbnail","hentry","category-kibris"],"yoast_head":"<!-- This site is optimized with the Yoast SEO plugin v27.5 - https:\/\/yoast.com\/product\/yoast-seo-wordpress\/ -->\n<title>Arkhe \u201cRoots &amp; Heritage Spring Sessions\u201d etkinli\u011fi ger\u00e7ekle\u015ftiriyor - Kuzeyin Sesi<\/title>\n<meta name=\"robots\" content=\"index, follow, max-snippet:-1, max-image-preview:large, max-video-preview:-1\" \/>\n<link rel=\"canonical\" href=\"https:\/\/kuzeyinsesi.org\/index.php\/2026\/04\/29\/arkhe-roots-heritage-spring-sessions-etkinligi-gerceklestiriyor\/\" \/>\n<meta property=\"og:locale\" content=\"tr_TR\" \/>\n<meta property=\"og:type\" content=\"article\" \/>\n<meta property=\"og:title\" content=\"Arkhe \u201cRoots &amp; Heritage Spring Sessions\u201d etkinli\u011fi ger\u00e7ekle\u015ftiriyor - Kuzeyin Sesi\" \/>\n<meta property=\"og:description\" content=\"Arkhe, \u201cRoots &amp; Heritage Spring Sessions\u201d etkinli\u011fi Lefko\u015fa T\u00fcrk Belediyesi (LTB) himayesinde cumartesi g\u00fcn\u00fc \u0130plik Pazar\u0131\u2019nda ger\u00e7ekle\u015ftirilecek. LTB\u2019den verilen bilgiye g\u00f6re, blues ve rock m\u00fczi\u011fin temsilcilerinin 15.00-21.30 saatleri aras\u0131nda\u00a0yer alaca\u011f\u0131 etkinlikte, rock m\u00fczik tarihinin temsilcilerinden Jimi Hendrix\u2019in karde\u015fi Leon Hendrix de abisinin m\u00fczikal miras\u0131n\u0131 ya\u015fatt\u0131\u011f\u0131 performans\u0131yla KKTC&#8217;de ilk kez sahne alacak. Blues sahnesinin kad\u0131n vokal [&hellip;]\" \/>\n<meta property=\"og:url\" content=\"https:\/\/kuzeyinsesi.org\/index.php\/2026\/04\/29\/arkhe-roots-heritage-spring-sessions-etkinligi-gerceklestiriyor\/\" \/>\n<meta property=\"og:site_name\" content=\"Kuzeyin Sesi\" \/>\n<meta property=\"article:publisher\" content=\"https:\/\/www.facebook.com\/kuzeyinsesii\" \/>\n<meta property=\"article:published_time\" content=\"2026-04-29T10:12:41+00:00\" \/>\n<meta name=\"author\" content=\"Kuzeyin Sesi\" \/>\n<meta name=\"twitter:card\" content=\"summary_large_image\" \/>\n<meta name=\"twitter:creator\" content=\"@kuzeyinsesii\" \/>\n<meta name=\"twitter:site\" content=\"@kuzeyinsesii\" \/>\n<meta name=\"twitter:label1\" content=\"Yazan:\" \/>\n\t<meta name=\"twitter:data1\" content=\"Kuzeyin Sesi\" \/>\n\t<meta name=\"twitter:label2\" content=\"Tahmini okuma s\u00fcresi\" \/>\n\t<meta name=\"twitter:data2\" content=\"1 dakika\" \/>\n<script type=\"application\/ld+json\" class=\"yoast-schema-graph\">{\"@context\":\"https:\\\/\\\/schema.org\",\"@graph\":[{\"@type\":\"Article\",\"@id\":\"https:\\\/\\\/kuzeyinsesi.org\\\/index.php\\\/2026\\\/04\\\/29\\\/arkhe-roots-heritage-spring-sessions-etkinligi-gerceklestiriyor\\\/#article\",\"isPartOf\":{\"@id\":\"https:\\\/\\\/kuzeyinsesi.org\\\/index.php\\\/2026\\\/04\\\/29\\\/arkhe-roots-heritage-spring-sessions-etkinligi-gerceklestiriyor\\\/\"},\"author\":{\"name\":\"Kuzeyin Sesi\",\"@id\":\"https:\\\/\\\/kuzeyinsesi.org\\\/#\\\/schema\\\/person\\\/9f859689cdf01485597712386e37f5aa\"},\"headline\":\"Arkhe \u201cRoots &#038; Heritage Spring Sessions\u201d etkinli\u011fi ger\u00e7ekle\u015ftiriyor\",\"datePublished\":\"2026-04-29T10:12:41+00:00\",\"mainEntityOfPage\":{\"@id\":\"https:\\\/\\\/kuzeyinsesi.org\\\/index.php\\\/2026\\\/04\\\/29\\\/arkhe-roots-heritage-spring-sessions-etkinligi-gerceklestiriyor\\\/\"},\"wordCount\":169,\"commentCount\":0,\"image\":{\"@id\":\"https:\\\/\\\/kuzeyinsesi.org\\\/index.php\\\/2026\\\/04\\\/29\\\/arkhe-roots-heritage-spring-sessions-etkinligi-gerceklestiriyor\\\/#primaryimage\"},\"thumbnailUrl\":\"https:\\\/\\\/kuzeyinsesi.org\\\/wp-content\\\/uploads\\\/2026\\\/04\\\/1777452089617LTB-ARKHE-1024x540.jpg\",\"articleSection\":[\"K\u0131br\u0131s\"],\"inLanguage\":\"tr\",\"potentialAction\":[{\"@type\":\"CommentAction\",\"name\":\"Comment\",\"target\":[\"https:\\\/\\\/kuzeyinsesi.org\\\/index.php\\\/2026\\\/04\\\/29\\\/arkhe-roots-heritage-spring-sessions-etkinligi-gerceklestiriyor\\\/#respond\"]}]},{\"@type\":\"WebPage\",\"@id\":\"https:\\\/\\\/kuzeyinsesi.org\\\/index.php\\\/2026\\\/04\\\/29\\\/arkhe-roots-heritage-spring-sessions-etkinligi-gerceklestiriyor\\\/\",\"url\":\"https:\\\/\\\/kuzeyinsesi.org\\\/index.php\\\/2026\\\/04\\\/29\\\/arkhe-roots-heritage-spring-sessions-etkinligi-gerceklestiriyor\\\/\",\"name\":\"Arkhe \u201cRoots & Heritage Spring Sessions\u201d etkinli\u011fi ger\u00e7ekle\u015ftiriyor - Kuzeyin Sesi\",\"isPartOf\":{\"@id\":\"https:\\\/\\\/kuzeyinsesi.org\\\/#website\"},\"primaryImageOfPage\":{\"@id\":\"https:\\\/\\\/kuzeyinsesi.org\\\/index.php\\\/2026\\\/04\\\/29\\\/arkhe-roots-heritage-spring-sessions-etkinligi-gerceklestiriyor\\\/#primaryimage\"},\"image\":{\"@id\":\"https:\\\/\\\/kuzeyinsesi.org\\\/index.php\\\/2026\\\/04\\\/29\\\/arkhe-roots-heritage-spring-sessions-etkinligi-gerceklestiriyor\\\/#primaryimage\"},\"thumbnailUrl\":\"https:\\\/\\\/kuzeyinsesi.org\\\/wp-content\\\/uploads\\\/2026\\\/04\\\/1777452089617LTB-ARKHE-1024x540.jpg\",\"datePublished\":\"2026-04-29T10:12:41+00:00\",\"author\":{\"@id\":\"https:\\\/\\\/kuzeyinsesi.org\\\/#\\\/schema\\\/person\\\/9f859689cdf01485597712386e37f5aa\"},\"breadcrumb\":{\"@id\":\"https:\\\/\\\/kuzeyinsesi.org\\\/index.php\\\/2026\\\/04\\\/29\\\/arkhe-roots-heritage-spring-sessions-etkinligi-gerceklestiriyor\\\/#breadcrumb\"},\"inLanguage\":\"tr\",\"potentialAction\":[{\"@type\":\"ReadAction\",\"target\":[\"https:\\\/\\\/kuzeyinsesi.org\\\/index.php\\\/2026\\\/04\\\/29\\\/arkhe-roots-heritage-spring-sessions-etkinligi-gerceklestiriyor\\\/\"]}]},{\"@type\":\"ImageObject\",\"inLanguage\":\"tr\",\"@id\":\"https:\\\/\\\/kuzeyinsesi.org\\\/index.php\\\/2026\\\/04\\\/29\\\/arkhe-roots-heritage-spring-sessions-etkinligi-gerceklestiriyor\\\/#primaryimage\",\"url\":\"https:\\\/\\\/kuzeyinsesi.org\\\/wp-content\\\/uploads\\\/2026\\\/04\\\/1777452089617LTB-ARKHE-1024x540.jpg\",\"contentUrl\":\"https:\\\/\\\/kuzeyinsesi.org\\\/wp-content\\\/uploads\\\/2026\\\/04\\\/1777452089617LTB-ARKHE-1024x540.jpg\",\"width\":1024,\"height\":540},{\"@type\":\"BreadcrumbList\",\"@id\":\"https:\\\/\\\/kuzeyinsesi.org\\\/index.php\\\/2026\\\/04\\\/29\\\/arkhe-roots-heritage-spring-sessions-etkinligi-gerceklestiriyor\\\/#breadcrumb\",\"itemListElement\":[{\"@type\":\"ListItem\",\"position\":1,\"name\":\"Anasayfa\",\"item\":\"https:\\\/\\\/kuzeyinsesi.org\\\/\"},{\"@type\":\"ListItem\",\"position\":2,\"name\":\"Arkhe \u201cRoots &#038; Heritage Spring Sessions\u201d etkinli\u011fi ger\u00e7ekle\u015ftiriyor\"}]},{\"@type\":\"WebSite\",\"@id\":\"https:\\\/\\\/kuzeyinsesi.org\\\/#website\",\"url\":\"https:\\\/\\\/kuzeyinsesi.org\\\/\",\"name\":\"Kuzeyin Sesi\",\"description\":\"Do\u011fru Haberin Adresi\",\"potentialAction\":[{\"@type\":\"SearchAction\",\"target\":{\"@type\":\"EntryPoint\",\"urlTemplate\":\"https:\\\/\\\/kuzeyinsesi.org\\\/?s={search_term_string}\"},\"query-input\":{\"@type\":\"PropertyValueSpecification\",\"valueRequired\":true,\"valueName\":\"search_term_string\"}}],\"inLanguage\":\"tr\"},{\"@type\":\"Person\",\"@id\":\"https:\\\/\\\/kuzeyinsesi.org\\\/#\\\/schema\\\/person\\\/9f859689cdf01485597712386e37f5aa\",\"name\":\"Kuzeyin Sesi\",\"image\":{\"@type\":\"ImageObject\",\"inLanguage\":\"tr\",\"@id\":\"https:\\\/\\\/secure.gravatar.com\\\/avatar\\\/bab33852abfd8b282518d6ed81826833d77c3c882d9ab608add591ccace47a44?s=96&d=mm&r=g\",\"url\":\"https:\\\/\\\/secure.gravatar.com\\\/avatar\\\/bab33852abfd8b282518d6ed81826833d77c3c882d9ab608add591ccace47a44?s=96&d=mm&r=g\",\"contentUrl\":\"https:\\\/\\\/secure.gravatar.com\\\/avatar\\\/bab33852abfd8b282518d6ed81826833d77c3c882d9ab608add591ccace47a44?s=96&d=mm&r=g\",\"caption\":\"Kuzeyin Sesi\"},\"sameAs\":[\"https:\\\/\\\/kuzeyinsesi.org\"],\"url\":\"https:\\\/\\\/kuzeyinsesi.org\\\/index.php\\\/author\\\/guven\\\/\"}]}<\/script>\n<!-- \/ Yoast SEO plugin. -->","yoast_head_json":{"title":"Arkhe \u201cRoots & Heritage Spring Sessions\u201d etkinli\u011fi ger\u00e7ekle\u015ftiriyor - Kuzeyin Sesi","robots":{"index":"index","follow":"follow","max-snippet":"max-snippet:-1","max-image-preview":"max-image-preview:large","max-video-preview":"max-video-preview:-1"},"canonical":"https:\/\/kuzeyinsesi.org\/index.php\/2026\/04\/29\/arkhe-roots-heritage-spring-sessions-etkinligi-gerceklestiriyor\/","og_locale":"tr_TR","og_type":"article","og_title":"Arkhe \u201cRoots & Heritage Spring Sessions\u201d etkinli\u011fi ger\u00e7ekle\u015ftiriyor - Kuzeyin Sesi","og_description":"Arkhe, \u201cRoots &amp; Heritage Spring Sessions\u201d etkinli\u011fi Lefko\u015fa T\u00fcrk Belediyesi (LTB) himayesinde cumartesi g\u00fcn\u00fc \u0130plik Pazar\u0131\u2019nda ger\u00e7ekle\u015ftirilecek. LTB\u2019den verilen bilgiye g\u00f6re, blues ve rock m\u00fczi\u011fin temsilcilerinin 15.00-21.30 saatleri aras\u0131nda\u00a0yer alaca\u011f\u0131 etkinlikte, rock m\u00fczik tarihinin temsilcilerinden Jimi Hendrix\u2019in karde\u015fi Leon Hendrix de abisinin m\u00fczikal miras\u0131n\u0131 ya\u015fatt\u0131\u011f\u0131 performans\u0131yla KKTC&#8217;de ilk kez sahne alacak. Blues sahnesinin kad\u0131n vokal [&hellip;]","og_url":"https:\/\/kuzeyinsesi.org\/index.php\/2026\/04\/29\/arkhe-roots-heritage-spring-sessions-etkinligi-gerceklestiriyor\/","og_site_name":"Kuzeyin Sesi","article_publisher":"https:\/\/www.facebook.com\/kuzeyinsesii","article_published_time":"2026-04-29T10:12:41+00:00","author":"Kuzeyin Sesi","twitter_card":"summary_large_image","twitter_creator":"@kuzeyinsesii","twitter_site":"@kuzeyinsesii","twitter_misc":{"Yazan:":"Kuzeyin Sesi","Tahmini okuma s\u00fcresi":"1 dakika"},"schema":{"@context":"https:\/\/schema.org","@graph":[{"@type":"Article","@id":"https:\/\/kuzeyinsesi.org\/index.php\/2026\/04\/29\/arkhe-roots-heritage-spring-sessions-etkinligi-gerceklestiriyor\/#article","isPartOf":{"@id":"https:\/\/kuzeyinsesi.org\/index.php\/2026\/04\/29\/arkhe-roots-heritage-spring-sessions-etkinligi-gerceklestiriyor\/"},"author":{"name":"Kuzeyin Sesi","@id":"https:\/\/kuzeyinsesi.org\/#\/schema\/person\/9f859689cdf01485597712386e37f5aa"},"headline":"Arkhe \u201cRoots &#038; Heritage Spring Sessions\u201d etkinli\u011fi ger\u00e7ekle\u015ftiriyor","datePublished":"2026-04-29T10:12:41+00:00","mainEntityOfPage":{"@id":"https:\/\/kuzeyinsesi.org\/index.php\/2026\/04\/29\/arkhe-roots-heritage-spring-sessions-etkinligi-gerceklestiriyor\/"},"wordCount":169,"commentCount":0,"image":{"@id":"https:\/\/kuzeyinsesi.org\/index.php\/2026\/04\/29\/arkhe-roots-heritage-spring-sessions-etkinligi-gerceklestiriyor\/#primaryimage"},"thumbnailUrl":"https:\/\/kuzeyinsesi.org\/wp-content\/uploads\/2026\/04\/1777452089617LTB-ARKHE-1024x540.jpg","articleSection":["K\u0131br\u0131s"],"inLanguage":"tr","potentialAction":[{"@type":"CommentAction","name":"Comment","target":["https:\/\/kuzeyinsesi.org\/index.php\/2026\/04\/29\/arkhe-roots-heritage-spring-sessions-etkinligi-gerceklestiriyor\/#respond"]}]},{"@type":"WebPage","@id":"https:\/\/kuzeyinsesi.org\/index.php\/2026\/04\/29\/arkhe-roots-heritage-spring-sessions-etkinligi-gerceklestiriyor\/","url":"https:\/\/kuzeyinsesi.org\/index.php\/2026\/04\/29\/arkhe-roots-heritage-spring-sessions-etkinligi-gerceklestiriyor\/","name":"Arkhe \u201cRoots & Heritage Spring Sessions\u201d etkinli\u011fi ger\u00e7ekle\u015ftiriyor - Kuzeyin Sesi","isPartOf":{"@id":"https:\/\/kuzeyinsesi.org\/#website"},"primaryImageOfPage":{"@id":"https:\/\/kuzeyinsesi.org\/index.php\/2026\/04\/29\/arkhe-roots-heritage-spring-sessions-etkinligi-gerceklestiriyor\/#primaryimage"},"image":{"@id":"https:\/\/kuzeyinsesi.org\/index.php\/2026\/04\/29\/arkhe-roots-heritage-spring-sessions-etkinligi-gerceklestiriyor\/#primaryimage"},"thumbnailUrl":"https:\/\/kuzeyinsesi.org\/wp-content\/uploads\/2026\/04\/1777452089617LTB-ARKHE-1024x540.jpg","datePublished":"2026-04-29T10:12:41+00:00","author":{"@id":"https:\/\/kuzeyinsesi.org\/#\/schema\/person\/9f859689cdf01485597712386e37f5aa"},"breadcrumb":{"@id":"https:\/\/kuzeyinsesi.org\/index.php\/2026\/04\/29\/arkhe-roots-heritage-spring-sessions-etkinligi-gerceklestiriyor\/#breadcrumb"},"inLanguage":"tr","potentialAction":[{"@type":"ReadAction","target":["https:\/\/kuzeyinsesi.org\/index.php\/2026\/04\/29\/arkhe-roots-heritage-spring-sessions-etkinligi-gerceklestiriyor\/"]}]},{"@type":"ImageObject","inLanguage":"tr","@id":"https:\/\/kuzeyinsesi.org\/index.php\/2026\/04\/29\/arkhe-roots-heritage-spring-sessions-etkinligi-gerceklestiriyor\/#primaryimage","url":"https:\/\/kuzeyinsesi.org\/wp-content\/uploads\/2026\/04\/1777452089617LTB-ARKHE-1024x540.jpg","contentUrl":"https:\/\/kuzeyinsesi.org\/wp-content\/uploads\/2026\/04\/1777452089617LTB-ARKHE-1024x540.jpg","width":1024,"height":540},{"@type":"BreadcrumbList","@id":"https:\/\/kuzeyinsesi.org\/index.php\/2026\/04\/29\/arkhe-roots-heritage-spring-sessions-etkinligi-gerceklestiriyor\/#breadcrumb","itemListElement":[{"@type":"ListItem","position":1,"name":"Anasayfa","item":"https:\/\/kuzeyinsesi.org\/"},{"@type":"ListItem","position":2,"name":"Arkhe \u201cRoots &#038; Heritage Spring Sessions\u201d etkinli\u011fi ger\u00e7ekle\u015ftiriyor"}]},{"@type":"WebSite","@id":"https:\/\/kuzeyinsesi.org\/#website","url":"https:\/\/kuzeyinsesi.org\/","name":"Kuzeyin Sesi","description":"Do\u011fru Haberin Adresi","potentialAction":[{"@type":"SearchAction","target":{"@type":"EntryPoint","urlTemplate":"https:\/\/kuzeyinsesi.org\/?s={search_term_string}"},"query-input":{"@type":"PropertyValueSpecification","valueRequired":true,"valueName":"search_term_string"}}],"inLanguage":"tr"},{"@type":"Person","@id":"https:\/\/kuzeyinsesi.org\/#\/schema\/person\/9f859689cdf01485597712386e37f5aa","name":"Kuzeyin Sesi","image":{"@type":"ImageObject","inLanguage":"tr","@id":"https:\/\/secure.gravatar.com\/avatar\/bab33852abfd8b282518d6ed81826833d77c3c882d9ab608add591ccace47a44?s=96&d=mm&r=g","url":"https:\/\/secure.gravatar.com\/avatar\/bab33852abfd8b282518d6ed81826833d77c3c882d9ab608add591ccace47a44?s=96&d=mm&r=g","contentUrl":"https:\/\/secure.gravatar.com\/avatar\/bab33852abfd8b282518d6ed81826833d77c3c882d9ab608add591ccace47a44?s=96&d=mm&r=g","caption":"Kuzeyin Sesi"},"sameAs":["https:\/\/kuzeyinsesi.org"],"url":"https:\/\/kuzeyinsesi.org\/index.php\/author\/guven\/"}]}},"_links":{"self":[{"href":"https:\/\/kuzeyinsesi.org\/index.php\/wp-json\/wp\/v2\/posts\/37604","targetHints":{"allow":["GET"]}}],"collection":[{"href":"https:\/\/kuzeyinsesi.org\/index.php\/wp-json\/wp\/v2\/posts"}],"about":[{"href":"https:\/\/kuzeyinsesi.org\/index.php\/wp-json\/wp\/v2\/types\/post"}],"author":[{"embeddable":true,"href":"https:\/\/kuzeyinsesi.org\/index.php\/wp-json\/wp\/v2\/users\/1"}],"replies":[{"embeddable":true,"href":"https:\/\/kuzeyinsesi.org\/index.php\/wp-json\/wp\/v2\/comments?post=37604"}],"version-history":[{"count":0,"href":"https:\/\/kuzeyinsesi.org\/index.php\/wp-json\/wp\/v2\/posts\/37604\/revisions"}],"wp:featuredmedia":[{"embeddable":true,"href":"https:\/\/kuzeyinsesi.org\/index.php\/wp-json\/wp\/v2\/media\/37605"}],"wp:attachment":[{"href":"https:\/\/kuzeyinsesi.org\/index.php\/wp-json\/wp\/v2\/media?parent=37604"}],"wp:term":[{"taxonomy":"category","embeddable":true,"href":"https:\/\/kuzeyinsesi.org\/index.php\/wp-json\/wp\/v2\/categories?post=37604"},{"taxonomy":"post_tag","embeddable":true,"href":"https:\/\/kuzeyinsesi.org\/index.php\/wp-json\/wp\/v2\/tags?post=37604"}],"curies":[{"name":"wp","href":"https:\/\/api.w.org\/{rel}","templated":true}]}}