{"id":37596,"date":"2026-04-29T12:47:30","date_gmt":"2026-04-29T09:47:30","guid":{"rendered":"https:\/\/kuzeyinsesi.org\/index.php\/2026\/04\/29\/abden-metaya-cocuk-koruma-suclamasi-facebook-ve-instagram-mercek-altinda\/"},"modified":"2026-04-29T12:47:30","modified_gmt":"2026-04-29T09:47:30","slug":"abden-metaya-cocuk-koruma-suclamasi-facebook-ve-instagram-mercek-altinda","status":"publish","type":"post","link":"https:\/\/kuzeyinsesi.org\/index.php\/2026\/04\/29\/abden-metaya-cocuk-koruma-suclamasi-facebook-ve-instagram-mercek-altinda\/","title":{"rendered":"AB&#039;den Meta&#039;ya \u00e7ocuk koruma su\u00e7lamas\u0131: Facebook ve Instagram mercek alt\u0131nda"},"content":{"rendered":"<p><\/p>\n<div>\n<p>&#13;<br \/>\n\t<a href=\"https:\/\/www.trthaber.com\/etiket\/avrupa-komisyonu\/\" target=\"_blank\">Avrupa Komisyonu<\/a> taraf\u0131ndan y\u00fcr\u00fct\u00fclen iki y\u0131ll\u0131k soru\u015fturman\u0131n ard\u0131ndan gelen su\u00e7lama, Dijital Hizmetler Yasas\u0131 (DSA) kapsam\u0131nda yap\u0131ld\u0131.<\/p>\n<p>&#13;<br \/>\n\tS\u00f6z konusu yasa, b\u00fcy\u00fck teknoloji \u015firketlerinin platformlar\u0131ndaki yasa d\u0131\u015f\u0131 ve zararl\u0131 i\u00e7eriklerle m\u00fccadelede daha aktif rol almas\u0131n\u0131 \u015fart ko\u015fuyor.<\/p>\n<h2>&#13;<br \/>\n\tK\u00fc\u00e7\u00fck ya\u015fta kullan\u0131m oran\u0131 dikkat \u00e7ekiyor<\/h2>\n<p>&#13;<br \/>\n\t<a href=\"https:\/\/www.trthaber.com\/etiket\/ab\/\" target=\"_blank\">AB<\/a> teknoloji denet\u00e7ilerinin verilerine g\u00f6re, Avrupa&#8217;daki 13 ya\u015f alt\u0131 \u00e7ocuklar\u0131n yakla\u015f\u0131k y\u00fczde 10&#8217;u <a href=\"https:\/\/www.trthaber.com\/etiket\/facebook\/\" target=\"_blank\">Facebook<\/a> ve <a href=\"https:\/\/www.trthaber.com\/etiket\/instagram\/\" target=\"_blank\">Instagram<\/a> kullan\u0131yor.<\/p>\n<p>&#13;<br \/>\n\tAvrupa Komisyonu, her iki platformun da risk de\u011ferlendirme y\u00f6ntemlerini g\u00fcncellemesi gerekti\u011fini vurgulad\u0131.<\/p>\n<p>&#13;<br \/>\n\tKomisyon, k\u00fc\u00e7\u00fck ya\u015ftaki \u00e7ocuklar\u0131n tespit edilmesi ve platforma giri\u015flerinin \u00f6nlenmesi i\u00e7in teknik altyap\u0131n\u0131n g\u00fc\u00e7lendirilmesini bekliyor.<\/p>\n<h2>&#13;<br \/>\n\tA\u011f\u0131r para cezas\u0131 kap\u0131da<\/h2>\n<p>&#13;<br \/>\n\tMeta, su\u00e7lamalara yan\u0131t vererek Komisyon&#8217;un nihai karar\u0131 \u00f6ncesinde gerekli d\u00fczenlemeleri hayata ge\u00e7irebilir. Dijital Hizmetler Yasas\u0131&#8217;n\u0131n ihlal edilmesi durumunda \u015firketlere, k\u00fcresel cirolar\u0131n\u0131n y\u00fczde 6&#8217;s\u0131na kadar a\u011f\u0131r para cezalar\u0131 uygulanabiliyor.<\/p>\n<\/p><\/div>\n","protected":false},"excerpt":{"rendered":"<p>&#13; Avrupa Komisyonu taraf\u0131ndan y\u00fcr\u00fct\u00fclen iki y\u0131ll\u0131k soru\u015fturman\u0131n ard\u0131ndan gelen su\u00e7lama, Dijital Hizmetler Yasas\u0131 (DSA) kapsam\u0131nda yap\u0131ld\u0131. &#13; S\u00f6z konusu yasa, b\u00fcy\u00fck teknoloji \u015firketlerinin platformlar\u0131ndaki yasa d\u0131\u015f\u0131 ve zararl\u0131 i\u00e7eriklerle m\u00fccadelede daha aktif rol almas\u0131n\u0131 \u015fart ko\u015fuyor. &#13; K\u00fc\u00e7\u00fck ya\u015fta kullan\u0131m oran\u0131 dikkat \u00e7ekiyor &#13; AB teknoloji denet\u00e7ilerinin verilerine g\u00f6re, Avrupa&#8217;daki 13 ya\u015f alt\u0131 \u00e7ocuklar\u0131n [&hellip;]<\/p>\n","protected":false},"author":1,"featured_media":33900,"comment_status":"open","ping_status":"open","sticky":false,"template":"","format":"standard","meta":{"jnews-multi-image_gallery":[],"jnews_single_post":[],"jnews_primary_category":[],"jnews_social_meta":[],"jnews_override_counter":[],"footnotes":""},"categories":[2],"tags":[],"class_list":["post-37596","post","type-post","status-publish","format-standard","has-post-thumbnail","hentry","category-dunya"],"yoast_head":"<!-- This site is optimized with the Yoast SEO plugin v27.5 - https:\/\/yoast.com\/product\/yoast-seo-wordpress\/ -->\n<title>AB&#039;den Meta&#039;ya \u00e7ocuk koruma su\u00e7lamas\u0131: Facebook ve Instagram mercek alt\u0131nda - Kuzeyin Sesi<\/title>\n<meta name=\"robots\" content=\"index, follow, max-snippet:-1, max-image-preview:large, max-video-preview:-1\" \/>\n<link rel=\"canonical\" href=\"https:\/\/kuzeyinsesi.org\/index.php\/2026\/04\/29\/abden-metaya-cocuk-koruma-suclamasi-facebook-ve-instagram-mercek-altinda\/\" \/>\n<meta property=\"og:locale\" content=\"tr_TR\" \/>\n<meta property=\"og:type\" content=\"article\" \/>\n<meta property=\"og:title\" content=\"AB&#039;den Meta&#039;ya \u00e7ocuk koruma su\u00e7lamas\u0131: Facebook ve Instagram mercek alt\u0131nda - Kuzeyin Sesi\" \/>\n<meta property=\"og:description\" content=\"&#013; Avrupa Komisyonu taraf\u0131ndan y\u00fcr\u00fct\u00fclen iki y\u0131ll\u0131k soru\u015fturman\u0131n ard\u0131ndan gelen su\u00e7lama, Dijital Hizmetler Yasas\u0131 (DSA) kapsam\u0131nda yap\u0131ld\u0131. &#013; S\u00f6z konusu yasa, b\u00fcy\u00fck teknoloji \u015firketlerinin platformlar\u0131ndaki yasa d\u0131\u015f\u0131 ve zararl\u0131 i\u00e7eriklerle m\u00fccadelede daha aktif rol almas\u0131n\u0131 \u015fart ko\u015fuyor. &#013; K\u00fc\u00e7\u00fck ya\u015fta kullan\u0131m oran\u0131 dikkat \u00e7ekiyor &#013; AB teknoloji denet\u00e7ilerinin verilerine g\u00f6re, Avrupa&#8217;daki 13 ya\u015f alt\u0131 \u00e7ocuklar\u0131n [&hellip;]\" \/>\n<meta property=\"og:url\" content=\"https:\/\/kuzeyinsesi.org\/index.php\/2026\/04\/29\/abden-metaya-cocuk-koruma-suclamasi-facebook-ve-instagram-mercek-altinda\/\" \/>\n<meta property=\"og:site_name\" content=\"Kuzeyin Sesi\" \/>\n<meta property=\"article:publisher\" content=\"https:\/\/www.facebook.com\/kuzeyinsesii\" \/>\n<meta property=\"article:published_time\" content=\"2026-04-29T09:47:30+00:00\" \/>\n<meta property=\"og:image\" content=\"https:\/\/trthaberstatic.cdn.wp.trt.com.tr\/resimler\/2168000\/meta-reu-2168000.jpg\" \/>\n<meta name=\"author\" content=\"Kuzeyin Sesi\" \/>\n<meta name=\"twitter:card\" content=\"summary_large_image\" \/>\n<meta name=\"twitter:creator\" content=\"@kuzeyinsesii\" \/>\n<meta name=\"twitter:site\" content=\"@kuzeyinsesii\" \/>\n<meta name=\"twitter:label1\" content=\"Yazan:\" \/>\n\t<meta name=\"twitter:data1\" content=\"Kuzeyin Sesi\" \/>\n\t<meta name=\"twitter:label2\" content=\"Tahmini okuma s\u00fcresi\" \/>\n\t<meta name=\"twitter:data2\" content=\"1 dakika\" \/>\n<script type=\"application\/ld+json\" class=\"yoast-schema-graph\">{\"@context\":\"https:\\\/\\\/schema.org\",\"@graph\":[{\"@type\":\"Article\",\"@id\":\"https:\\\/\\\/kuzeyinsesi.org\\\/index.php\\\/2026\\\/04\\\/29\\\/abden-metaya-cocuk-koruma-suclamasi-facebook-ve-instagram-mercek-altinda\\\/#article\",\"isPartOf\":{\"@id\":\"https:\\\/\\\/kuzeyinsesi.org\\\/index.php\\\/2026\\\/04\\\/29\\\/abden-metaya-cocuk-koruma-suclamasi-facebook-ve-instagram-mercek-altinda\\\/\"},\"author\":{\"name\":\"Kuzeyin Sesi\",\"@id\":\"https:\\\/\\\/kuzeyinsesi.org\\\/#\\\/schema\\\/person\\\/9f859689cdf01485597712386e37f5aa\"},\"headline\":\"AB&#039;den Meta&#039;ya \u00e7ocuk koruma su\u00e7lamas\u0131: Facebook ve Instagram mercek alt\u0131nda\",\"datePublished\":\"2026-04-29T09:47:30+00:00\",\"mainEntityOfPage\":{\"@id\":\"https:\\\/\\\/kuzeyinsesi.org\\\/index.php\\\/2026\\\/04\\\/29\\\/abden-metaya-cocuk-koruma-suclamasi-facebook-ve-instagram-mercek-altinda\\\/\"},\"wordCount\":187,\"commentCount\":0,\"image\":{\"@id\":\"https:\\\/\\\/kuzeyinsesi.org\\\/index.php\\\/2026\\\/04\\\/29\\\/abden-metaya-cocuk-koruma-suclamasi-facebook-ve-instagram-mercek-altinda\\\/#primaryimage\"},\"thumbnailUrl\":\"https:\\\/\\\/kuzeyinsesi.org\\\/wp-content\\\/uploads\\\/2025\\\/10\\\/meta-reu-2168000.jpg\",\"articleSection\":[\"D\u00fcnya\"],\"inLanguage\":\"tr\",\"potentialAction\":[{\"@type\":\"CommentAction\",\"name\":\"Comment\",\"target\":[\"https:\\\/\\\/kuzeyinsesi.org\\\/index.php\\\/2026\\\/04\\\/29\\\/abden-metaya-cocuk-koruma-suclamasi-facebook-ve-instagram-mercek-altinda\\\/#respond\"]}]},{\"@type\":\"WebPage\",\"@id\":\"https:\\\/\\\/kuzeyinsesi.org\\\/index.php\\\/2026\\\/04\\\/29\\\/abden-metaya-cocuk-koruma-suclamasi-facebook-ve-instagram-mercek-altinda\\\/\",\"url\":\"https:\\\/\\\/kuzeyinsesi.org\\\/index.php\\\/2026\\\/04\\\/29\\\/abden-metaya-cocuk-koruma-suclamasi-facebook-ve-instagram-mercek-altinda\\\/\",\"name\":\"AB&#039;den Meta&#039;ya \u00e7ocuk koruma su\u00e7lamas\u0131: Facebook ve Instagram mercek alt\u0131nda - Kuzeyin Sesi\",\"isPartOf\":{\"@id\":\"https:\\\/\\\/kuzeyinsesi.org\\\/#website\"},\"primaryImageOfPage\":{\"@id\":\"https:\\\/\\\/kuzeyinsesi.org\\\/index.php\\\/2026\\\/04\\\/29\\\/abden-metaya-cocuk-koruma-suclamasi-facebook-ve-instagram-mercek-altinda\\\/#primaryimage\"},\"image\":{\"@id\":\"https:\\\/\\\/kuzeyinsesi.org\\\/index.php\\\/2026\\\/04\\\/29\\\/abden-metaya-cocuk-koruma-suclamasi-facebook-ve-instagram-mercek-altinda\\\/#primaryimage\"},\"thumbnailUrl\":\"https:\\\/\\\/kuzeyinsesi.org\\\/wp-content\\\/uploads\\\/2025\\\/10\\\/meta-reu-2168000.jpg\",\"datePublished\":\"2026-04-29T09:47:30+00:00\",\"author\":{\"@id\":\"https:\\\/\\\/kuzeyinsesi.org\\\/#\\\/schema\\\/person\\\/9f859689cdf01485597712386e37f5aa\"},\"breadcrumb\":{\"@id\":\"https:\\\/\\\/kuzeyinsesi.org\\\/index.php\\\/2026\\\/04\\\/29\\\/abden-metaya-cocuk-koruma-suclamasi-facebook-ve-instagram-mercek-altinda\\\/#breadcrumb\"},\"inLanguage\":\"tr\",\"potentialAction\":[{\"@type\":\"ReadAction\",\"target\":[\"https:\\\/\\\/kuzeyinsesi.org\\\/index.php\\\/2026\\\/04\\\/29\\\/abden-metaya-cocuk-koruma-suclamasi-facebook-ve-instagram-mercek-altinda\\\/\"]}]},{\"@type\":\"ImageObject\",\"inLanguage\":\"tr\",\"@id\":\"https:\\\/\\\/kuzeyinsesi.org\\\/index.php\\\/2026\\\/04\\\/29\\\/abden-metaya-cocuk-koruma-suclamasi-facebook-ve-instagram-mercek-altinda\\\/#primaryimage\",\"url\":\"https:\\\/\\\/kuzeyinsesi.org\\\/wp-content\\\/uploads\\\/2025\\\/10\\\/meta-reu-2168000.jpg\",\"contentUrl\":\"https:\\\/\\\/kuzeyinsesi.org\\\/wp-content\\\/uploads\\\/2025\\\/10\\\/meta-reu-2168000.jpg\",\"width\":1280,\"height\":720},{\"@type\":\"BreadcrumbList\",\"@id\":\"https:\\\/\\\/kuzeyinsesi.org\\\/index.php\\\/2026\\\/04\\\/29\\\/abden-metaya-cocuk-koruma-suclamasi-facebook-ve-instagram-mercek-altinda\\\/#breadcrumb\",\"itemListElement\":[{\"@type\":\"ListItem\",\"position\":1,\"name\":\"Anasayfa\",\"item\":\"https:\\\/\\\/kuzeyinsesi.org\\\/\"},{\"@type\":\"ListItem\",\"position\":2,\"name\":\"AB&#039;den Meta&#039;ya \u00e7ocuk koruma su\u00e7lamas\u0131: Facebook ve Instagram mercek alt\u0131nda\"}]},{\"@type\":\"WebSite\",\"@id\":\"https:\\\/\\\/kuzeyinsesi.org\\\/#website\",\"url\":\"https:\\\/\\\/kuzeyinsesi.org\\\/\",\"name\":\"Kuzeyin Sesi\",\"description\":\"Do\u011fru Haberin Adresi\",\"potentialAction\":[{\"@type\":\"SearchAction\",\"target\":{\"@type\":\"EntryPoint\",\"urlTemplate\":\"https:\\\/\\\/kuzeyinsesi.org\\\/?s={search_term_string}\"},\"query-input\":{\"@type\":\"PropertyValueSpecification\",\"valueRequired\":true,\"valueName\":\"search_term_string\"}}],\"inLanguage\":\"tr\"},{\"@type\":\"Person\",\"@id\":\"https:\\\/\\\/kuzeyinsesi.org\\\/#\\\/schema\\\/person\\\/9f859689cdf01485597712386e37f5aa\",\"name\":\"Kuzeyin Sesi\",\"image\":{\"@type\":\"ImageObject\",\"inLanguage\":\"tr\",\"@id\":\"https:\\\/\\\/secure.gravatar.com\\\/avatar\\\/bab33852abfd8b282518d6ed81826833d77c3c882d9ab608add591ccace47a44?s=96&d=mm&r=g\",\"url\":\"https:\\\/\\\/secure.gravatar.com\\\/avatar\\\/bab33852abfd8b282518d6ed81826833d77c3c882d9ab608add591ccace47a44?s=96&d=mm&r=g\",\"contentUrl\":\"https:\\\/\\\/secure.gravatar.com\\\/avatar\\\/bab33852abfd8b282518d6ed81826833d77c3c882d9ab608add591ccace47a44?s=96&d=mm&r=g\",\"caption\":\"Kuzeyin Sesi\"},\"sameAs\":[\"https:\\\/\\\/kuzeyinsesi.org\"],\"url\":\"https:\\\/\\\/kuzeyinsesi.org\\\/index.php\\\/author\\\/guven\\\/\"}]}<\/script>\n<!-- \/ Yoast SEO plugin. -->","yoast_head_json":{"title":"AB&#039;den Meta&#039;ya \u00e7ocuk koruma su\u00e7lamas\u0131: Facebook ve Instagram mercek alt\u0131nda - Kuzeyin Sesi","robots":{"index":"index","follow":"follow","max-snippet":"max-snippet:-1","max-image-preview":"max-image-preview:large","max-video-preview":"max-video-preview:-1"},"canonical":"https:\/\/kuzeyinsesi.org\/index.php\/2026\/04\/29\/abden-metaya-cocuk-koruma-suclamasi-facebook-ve-instagram-mercek-altinda\/","og_locale":"tr_TR","og_type":"article","og_title":"AB&#039;den Meta&#039;ya \u00e7ocuk koruma su\u00e7lamas\u0131: Facebook ve Instagram mercek alt\u0131nda - Kuzeyin Sesi","og_description":"&#13; Avrupa Komisyonu taraf\u0131ndan y\u00fcr\u00fct\u00fclen iki y\u0131ll\u0131k soru\u015fturman\u0131n ard\u0131ndan gelen su\u00e7lama, Dijital Hizmetler Yasas\u0131 (DSA) kapsam\u0131nda yap\u0131ld\u0131. &#13; S\u00f6z konusu yasa, b\u00fcy\u00fck teknoloji \u015firketlerinin platformlar\u0131ndaki yasa d\u0131\u015f\u0131 ve zararl\u0131 i\u00e7eriklerle m\u00fccadelede daha aktif rol almas\u0131n\u0131 \u015fart ko\u015fuyor. &#13; K\u00fc\u00e7\u00fck ya\u015fta kullan\u0131m oran\u0131 dikkat \u00e7ekiyor &#13; AB teknoloji denet\u00e7ilerinin verilerine g\u00f6re, Avrupa&#8217;daki 13 ya\u015f alt\u0131 \u00e7ocuklar\u0131n [&hellip;]","og_url":"https:\/\/kuzeyinsesi.org\/index.php\/2026\/04\/29\/abden-metaya-cocuk-koruma-suclamasi-facebook-ve-instagram-mercek-altinda\/","og_site_name":"Kuzeyin Sesi","article_publisher":"https:\/\/www.facebook.com\/kuzeyinsesii","article_published_time":"2026-04-29T09:47:30+00:00","og_image":[{"url":"https:\/\/trthaberstatic.cdn.wp.trt.com.tr\/resimler\/2168000\/meta-reu-2168000.jpg","type":"","width":"","height":""}],"author":"Kuzeyin Sesi","twitter_card":"summary_large_image","twitter_creator":"@kuzeyinsesii","twitter_site":"@kuzeyinsesii","twitter_misc":{"Yazan:":"Kuzeyin Sesi","Tahmini okuma s\u00fcresi":"1 dakika"},"schema":{"@context":"https:\/\/schema.org","@graph":[{"@type":"Article","@id":"https:\/\/kuzeyinsesi.org\/index.php\/2026\/04\/29\/abden-metaya-cocuk-koruma-suclamasi-facebook-ve-instagram-mercek-altinda\/#article","isPartOf":{"@id":"https:\/\/kuzeyinsesi.org\/index.php\/2026\/04\/29\/abden-metaya-cocuk-koruma-suclamasi-facebook-ve-instagram-mercek-altinda\/"},"author":{"name":"Kuzeyin Sesi","@id":"https:\/\/kuzeyinsesi.org\/#\/schema\/person\/9f859689cdf01485597712386e37f5aa"},"headline":"AB&#039;den Meta&#039;ya \u00e7ocuk koruma su\u00e7lamas\u0131: Facebook ve Instagram mercek alt\u0131nda","datePublished":"2026-04-29T09:47:30+00:00","mainEntityOfPage":{"@id":"https:\/\/kuzeyinsesi.org\/index.php\/2026\/04\/29\/abden-metaya-cocuk-koruma-suclamasi-facebook-ve-instagram-mercek-altinda\/"},"wordCount":187,"commentCount":0,"image":{"@id":"https:\/\/kuzeyinsesi.org\/index.php\/2026\/04\/29\/abden-metaya-cocuk-koruma-suclamasi-facebook-ve-instagram-mercek-altinda\/#primaryimage"},"thumbnailUrl":"https:\/\/kuzeyinsesi.org\/wp-content\/uploads\/2025\/10\/meta-reu-2168000.jpg","articleSection":["D\u00fcnya"],"inLanguage":"tr","potentialAction":[{"@type":"CommentAction","name":"Comment","target":["https:\/\/kuzeyinsesi.org\/index.php\/2026\/04\/29\/abden-metaya-cocuk-koruma-suclamasi-facebook-ve-instagram-mercek-altinda\/#respond"]}]},{"@type":"WebPage","@id":"https:\/\/kuzeyinsesi.org\/index.php\/2026\/04\/29\/abden-metaya-cocuk-koruma-suclamasi-facebook-ve-instagram-mercek-altinda\/","url":"https:\/\/kuzeyinsesi.org\/index.php\/2026\/04\/29\/abden-metaya-cocuk-koruma-suclamasi-facebook-ve-instagram-mercek-altinda\/","name":"AB&#039;den Meta&#039;ya \u00e7ocuk koruma su\u00e7lamas\u0131: Facebook ve Instagram mercek alt\u0131nda - Kuzeyin Sesi","isPartOf":{"@id":"https:\/\/kuzeyinsesi.org\/#website"},"primaryImageOfPage":{"@id":"https:\/\/kuzeyinsesi.org\/index.php\/2026\/04\/29\/abden-metaya-cocuk-koruma-suclamasi-facebook-ve-instagram-mercek-altinda\/#primaryimage"},"image":{"@id":"https:\/\/kuzeyinsesi.org\/index.php\/2026\/04\/29\/abden-metaya-cocuk-koruma-suclamasi-facebook-ve-instagram-mercek-altinda\/#primaryimage"},"thumbnailUrl":"https:\/\/kuzeyinsesi.org\/wp-content\/uploads\/2025\/10\/meta-reu-2168000.jpg","datePublished":"2026-04-29T09:47:30+00:00","author":{"@id":"https:\/\/kuzeyinsesi.org\/#\/schema\/person\/9f859689cdf01485597712386e37f5aa"},"breadcrumb":{"@id":"https:\/\/kuzeyinsesi.org\/index.php\/2026\/04\/29\/abden-metaya-cocuk-koruma-suclamasi-facebook-ve-instagram-mercek-altinda\/#breadcrumb"},"inLanguage":"tr","potentialAction":[{"@type":"ReadAction","target":["https:\/\/kuzeyinsesi.org\/index.php\/2026\/04\/29\/abden-metaya-cocuk-koruma-suclamasi-facebook-ve-instagram-mercek-altinda\/"]}]},{"@type":"ImageObject","inLanguage":"tr","@id":"https:\/\/kuzeyinsesi.org\/index.php\/2026\/04\/29\/abden-metaya-cocuk-koruma-suclamasi-facebook-ve-instagram-mercek-altinda\/#primaryimage","url":"https:\/\/kuzeyinsesi.org\/wp-content\/uploads\/2025\/10\/meta-reu-2168000.jpg","contentUrl":"https:\/\/kuzeyinsesi.org\/wp-content\/uploads\/2025\/10\/meta-reu-2168000.jpg","width":1280,"height":720},{"@type":"BreadcrumbList","@id":"https:\/\/kuzeyinsesi.org\/index.php\/2026\/04\/29\/abden-metaya-cocuk-koruma-suclamasi-facebook-ve-instagram-mercek-altinda\/#breadcrumb","itemListElement":[{"@type":"ListItem","position":1,"name":"Anasayfa","item":"https:\/\/kuzeyinsesi.org\/"},{"@type":"ListItem","position":2,"name":"AB&#039;den Meta&#039;ya \u00e7ocuk koruma su\u00e7lamas\u0131: Facebook ve Instagram mercek alt\u0131nda"}]},{"@type":"WebSite","@id":"https:\/\/kuzeyinsesi.org\/#website","url":"https:\/\/kuzeyinsesi.org\/","name":"Kuzeyin Sesi","description":"Do\u011fru Haberin Adresi","potentialAction":[{"@type":"SearchAction","target":{"@type":"EntryPoint","urlTemplate":"https:\/\/kuzeyinsesi.org\/?s={search_term_string}"},"query-input":{"@type":"PropertyValueSpecification","valueRequired":true,"valueName":"search_term_string"}}],"inLanguage":"tr"},{"@type":"Person","@id":"https:\/\/kuzeyinsesi.org\/#\/schema\/person\/9f859689cdf01485597712386e37f5aa","name":"Kuzeyin Sesi","image":{"@type":"ImageObject","inLanguage":"tr","@id":"https:\/\/secure.gravatar.com\/avatar\/bab33852abfd8b282518d6ed81826833d77c3c882d9ab608add591ccace47a44?s=96&d=mm&r=g","url":"https:\/\/secure.gravatar.com\/avatar\/bab33852abfd8b282518d6ed81826833d77c3c882d9ab608add591ccace47a44?s=96&d=mm&r=g","contentUrl":"https:\/\/secure.gravatar.com\/avatar\/bab33852abfd8b282518d6ed81826833d77c3c882d9ab608add591ccace47a44?s=96&d=mm&r=g","caption":"Kuzeyin Sesi"},"sameAs":["https:\/\/kuzeyinsesi.org"],"url":"https:\/\/kuzeyinsesi.org\/index.php\/author\/guven\/"}]}},"_links":{"self":[{"href":"https:\/\/kuzeyinsesi.org\/index.php\/wp-json\/wp\/v2\/posts\/37596","targetHints":{"allow":["GET"]}}],"collection":[{"href":"https:\/\/kuzeyinsesi.org\/index.php\/wp-json\/wp\/v2\/posts"}],"about":[{"href":"https:\/\/kuzeyinsesi.org\/index.php\/wp-json\/wp\/v2\/types\/post"}],"author":[{"embeddable":true,"href":"https:\/\/kuzeyinsesi.org\/index.php\/wp-json\/wp\/v2\/users\/1"}],"replies":[{"embeddable":true,"href":"https:\/\/kuzeyinsesi.org\/index.php\/wp-json\/wp\/v2\/comments?post=37596"}],"version-history":[{"count":0,"href":"https:\/\/kuzeyinsesi.org\/index.php\/wp-json\/wp\/v2\/posts\/37596\/revisions"}],"wp:featuredmedia":[{"embeddable":true,"href":"https:\/\/kuzeyinsesi.org\/index.php\/wp-json\/wp\/v2\/media\/33900"}],"wp:attachment":[{"href":"https:\/\/kuzeyinsesi.org\/index.php\/wp-json\/wp\/v2\/media?parent=37596"}],"wp:term":[{"taxonomy":"category","embeddable":true,"href":"https:\/\/kuzeyinsesi.org\/index.php\/wp-json\/wp\/v2\/categories?post=37596"},{"taxonomy":"post_tag","embeddable":true,"href":"https:\/\/kuzeyinsesi.org\/index.php\/wp-json\/wp\/v2\/tags?post=37596"}],"curies":[{"name":"wp","href":"https:\/\/api.w.org\/{rel}","templated":true}]}}